{"id":263375,"date":"2024-11-25T05:35:46","date_gmt":"2024-11-25T09:35:46","guid":{"rendered":"https:\/\/www.eldiario.net\/portal\/?p=263375"},"modified":"2024-11-25T05:35:46","modified_gmt":"2024-11-25T09:35:46","slug":"matador-mamani-tiene-fecha-de-su-vuelta-al-ring-el-20-de-diciembre","status":"publish","type":"post","link":"https:\/\/www.eldiario.net\/portal\/2024\/11\/25\/matador-mamani-tiene-fecha-de-su-vuelta-al-ring-el-20-de-diciembre\/","title":{"rendered":"&#8216;Matador&#8217; Mamani tiene fecha de su vuelta al ring: el 20 de diciembre"},"content":{"rendered":"<p>Est\u00e1 confirmada la vuelta de una gloria del boxeo nacional, Franklin \u201cMatador\u201d Mamani quien entrar\u00e1 de nuevo a un cuadril\u00e1tero; ser\u00e1 el 20 de diciembre y en el m\u00edtico Coliseo Cerrado \u201cJulio Borelli Viteritto\u201d que de nuevo abrir\u00e1 sus puertas al viril deporte de los pu\u00f1os.<br \/>\nMamani, el \u00fanico peleador boliviano que ha peleado por el t\u00edtulo mundial WBC, se presentar\u00e1 de nuevo ante sus seguidores en una velada box\u00edstica internacional ante un rival de kilates del exterior que ser\u00e1 confirmado y en un lugar que es considerado como el templo del deporte como es el Coliseo Cerrado Julio Borelli Viteritto.<br \/>\nSu promotor y manager es el reconocido estadounidense Pedro Valerio, quien tiene prestigio internacional porque promovi\u00f3 a varios ex campeones mundiales y tambi\u00e9n retadores al cetro mundial, adem\u00e1s fue gestor de Mamani en su pelea por el t\u00edtulo mundial ante Dejan Zlaticanin.<br \/>\nEl regreso del \u201cMatador\u201d ser\u00e1 particular porque lo har\u00e1 en otra categor\u00eda, en semipesado (79.379 kg), para lo cual se alista dentro las restricciones que le impuso la justicia ordinaria por un delito que no cometi\u00f3, seg\u00fan la Asociaci\u00f3n Deportiva Departamental de Boxeo La Paz que confirm\u00f3 la noticia en un comunicado oficial.<br \/>\nA diario se alista Mamani bajo la conducci\u00f3n de su entrenador, Freddy Mamani, en el gimnasio del Coliseo Cerrado, adem\u00e1s que lleva adelante todo de manera disciplinada, tomando en cuenta de que su mayor ambici\u00f3n es volver a pelear por el t\u00edtulo mundial.<br \/>\n(EL DIARIO)<\/p>\n<p><img loading=\"lazy\" decoding=\"async\" class=\"aligncenter size-full wp-image-263378\" src=\"https:\/\/www.eldiario.net\/portal\/wp-content\/uploads\/2024\/11\/FOTO-72-6.jpg\" alt=\"\" width=\"1200\" height=\"1260\" srcset=\"https:\/\/www.eldiario.net\/portal\/wp-content\/uploads\/2024\/11\/FOTO-72-6.jpg 1200w, https:\/\/www.eldiario.net\/portal\/wp-content\/uploads\/2024\/11\/FOTO-72-6-286x300.jpg 286w, https:\/\/www.eldiario.net\/portal\/wp-content\/uploads\/2024\/11\/FOTO-72-6-975x1024.jpg 975w, https:\/\/www.eldiario.net\/portal\/wp-content\/uploads\/2024\/11\/FOTO-72-6-768x806.jpg 768w, https:\/\/www.eldiario.net\/portal\/wp-content\/uploads\/2024\/11\/FOTO-72-6-400x420.jpg 400w, https:\/\/www.eldiario.net\/portal\/wp-content\/uploads\/2024\/11\/FOTO-72-6-696x731.jpg 696w, https:\/\/www.eldiario.net\/portal\/wp-content\/uploads\/2024\/11\/FOTO-72-6-1068x1121.jpg 1068w\" sizes=\"auto, (max-width: 1200px) 100vw, 1200px\" \/><\/p>\n","protected":false},"excerpt":{"rendered":"<p>Est\u00e1 confirmada la vuelta de una gloria del boxeo nacional, Franklin \u201cMatador\u201d Mamani quien entrar\u00e1 de nuevo a un cuadril\u00e1tero; ser\u00e1 el 20 de diciembre y en el m\u00edtico Coliseo Cerrado \u201cJulio Borelli Viteritto\u201d que de nuevo abrir\u00e1 sus puertas al viril deporte de los pu\u00f1os. Mamani, el \u00fanico peleador boliviano que ha peleado por [&hellip;]<\/p>\n","protected":false},"author":1,"featured_media":263376,"comment_status":"closed","ping_status":"open","sticky":false,"template":"","format":"standard","meta":{"_acf_changed":false,"footnotes":""},"categories":[6],"tags":[],"class_list":["post-263375","post","type-post","status-publish","format-standard","has-post-thumbnail","category-deportes"],"acf":{"antetitulo":""},"yoast_head":"<!-- This site is optimized with the Yoast SEO plugin v28.3 - https:\/\/yoast.com\/product\/yoast-seo-wordpress\/ -->\n<title>&#039;Matador&#039; Mamani tiene fecha de su vuelta al ring: el 20 de diciembre - El Diario - Bolivia<\/title>\n<meta name=\"robots\" content=\"index, follow, max-snippet:-1, max-image-preview:large, max-video-preview:-1\" \/>\n<link rel=\"canonical\" href=\"https:\/\/www.eldiario.net\/portal\/2024\/11\/25\/matador-mamani-tiene-fecha-de-su-vuelta-al-ring-el-20-de-diciembre\/\" \/>\n<meta property=\"og:locale\" content=\"es_ES\" \/>\n<meta property=\"og:type\" content=\"article\" \/>\n<meta property=\"og:title\" content=\"&#039;Matador&#039; Mamani tiene fecha de su vuelta al ring: el 20 de diciembre - El Diario - Bolivia\" \/>\n<meta property=\"og:description\" content=\"Est\u00e1 confirmada la vuelta de una gloria del boxeo nacional, Franklin \u201cMatador\u201d Mamani quien entrar\u00e1 de nuevo a un cuadril\u00e1tero; ser\u00e1 el 20 de diciembre y en el m\u00edtico Coliseo Cerrado \u201cJulio Borelli Viteritto\u201d que de nuevo abrir\u00e1 sus puertas al viril deporte de los pu\u00f1os. Mamani, el \u00fanico peleador boliviano que ha peleado por [&hellip;]\" \/>\n<meta property=\"og:url\" content=\"https:\/\/www.eldiario.net\/portal\/2024\/11\/25\/matador-mamani-tiene-fecha-de-su-vuelta-al-ring-el-20-de-diciembre\/\" \/>\n<meta property=\"og:site_name\" content=\"El Diario - Bolivia\" \/>\n<meta property=\"article:publisher\" content=\"https:\/\/www.facebook.com\/eldiario.bolivia\/\" \/>\n<meta property=\"article:published_time\" content=\"2024-11-25T09:35:46+00:00\" \/>\n<meta property=\"og:image\" content=\"https:\/\/www.eldiario.net\/portal\/wp-content\/uploads\/2024\/11\/FOTO-21-2.jpg\" \/>\n\t<meta property=\"og:image:width\" content=\"316\" \/>\n\t<meta property=\"og:image:height\" content=\"395\" \/>\n\t<meta property=\"og:image:type\" content=\"image\/jpeg\" \/>\n<meta name=\"author\" content=\"Jeanette\" \/>\n<meta name=\"twitter:card\" content=\"summary_large_image\" \/>\n<meta name=\"twitter:creator\" content=\"@eldiario_net\" \/>\n<meta name=\"twitter:site\" content=\"@eldiario_net\" \/>\n<meta name=\"twitter:label1\" content=\"Escrito por\" \/>\n\t<meta name=\"twitter:data1\" content=\"Jeanette\" \/>\n\t<meta name=\"twitter:label2\" content=\"Tiempo de lectura\" \/>\n\t<meta name=\"twitter:data2\" content=\"2 minutos\" \/>\n<script type=\"application\/ld+json\" class=\"yoast-schema-graph\">{\"@context\":\"https:\\\/\\\/schema.org\",\"@graph\":[{\"@type\":\"Article\",\"@id\":\"https:\\\/\\\/www.eldiario.net\\\/portal\\\/2024\\\/11\\\/25\\\/matador-mamani-tiene-fecha-de-su-vuelta-al-ring-el-20-de-diciembre\\\/#article\",\"isPartOf\":{\"@id\":\"https:\\\/\\\/www.eldiario.net\\\/portal\\\/2024\\\/11\\\/25\\\/matador-mamani-tiene-fecha-de-su-vuelta-al-ring-el-20-de-diciembre\\\/\"},\"author\":{\"name\":\"Jeanette\",\"@id\":\"https:\\\/\\\/www.eldiario.net\\\/portal\\\/#\\\/schema\\\/person\\\/f46445640444750d7d753ccd04ae01b7\"},\"headline\":\"&#8216;Matador&#8217; Mamani tiene fecha de su vuelta al ring: el 20 de diciembre\",\"datePublished\":\"2024-11-25T09:35:46+00:00\",\"mainEntityOfPage\":{\"@id\":\"https:\\\/\\\/www.eldiario.net\\\/portal\\\/2024\\\/11\\\/25\\\/matador-mamani-tiene-fecha-de-su-vuelta-al-ring-el-20-de-diciembre\\\/\"},\"wordCount\":266,\"publisher\":{\"@id\":\"https:\\\/\\\/www.eldiario.net\\\/portal\\\/#organization\"},\"image\":{\"@id\":\"https:\\\/\\\/www.eldiario.net\\\/portal\\\/2024\\\/11\\\/25\\\/matador-mamani-tiene-fecha-de-su-vuelta-al-ring-el-20-de-diciembre\\\/#primaryimage\"},\"thumbnailUrl\":\"https:\\\/\\\/www.eldiario.net\\\/portal\\\/wp-content\\\/uploads\\\/2024\\\/11\\\/FOTO-21-2.jpg\",\"articleSection\":[\"Deportes\"],\"inLanguage\":\"es\"},{\"@type\":\"WebPage\",\"@id\":\"https:\\\/\\\/www.eldiario.net\\\/portal\\\/2024\\\/11\\\/25\\\/matador-mamani-tiene-fecha-de-su-vuelta-al-ring-el-20-de-diciembre\\\/\",\"url\":\"https:\\\/\\\/www.eldiario.net\\\/portal\\\/2024\\\/11\\\/25\\\/matador-mamani-tiene-fecha-de-su-vuelta-al-ring-el-20-de-diciembre\\\/\",\"name\":\"'Matador' Mamani tiene fecha de su vuelta al ring: el 20 de diciembre - El Diario - Bolivia\",\"isPartOf\":{\"@id\":\"https:\\\/\\\/www.eldiario.net\\\/portal\\\/#website\"},\"primaryImageOfPage\":{\"@id\":\"https:\\\/\\\/www.eldiario.net\\\/portal\\\/2024\\\/11\\\/25\\\/matador-mamani-tiene-fecha-de-su-vuelta-al-ring-el-20-de-diciembre\\\/#primaryimage\"},\"image\":{\"@id\":\"https:\\\/\\\/www.eldiario.net\\\/portal\\\/2024\\\/11\\\/25\\\/matador-mamani-tiene-fecha-de-su-vuelta-al-ring-el-20-de-diciembre\\\/#primaryimage\"},\"thumbnailUrl\":\"https:\\\/\\\/www.eldiario.net\\\/portal\\\/wp-content\\\/uploads\\\/2024\\\/11\\\/FOTO-21-2.jpg\",\"datePublished\":\"2024-11-25T09:35:46+00:00\",\"breadcrumb\":{\"@id\":\"https:\\\/\\\/www.eldiario.net\\\/portal\\\/2024\\\/11\\\/25\\\/matador-mamani-tiene-fecha-de-su-vuelta-al-ring-el-20-de-diciembre\\\/#breadcrumb\"},\"inLanguage\":\"es\",\"potentialAction\":[{\"@type\":\"ReadAction\",\"target\":[\"https:\\\/\\\/www.eldiario.net\\\/portal\\\/2024\\\/11\\\/25\\\/matador-mamani-tiene-fecha-de-su-vuelta-al-ring-el-20-de-diciembre\\\/\"]}]},{\"@type\":\"ImageObject\",\"inLanguage\":\"es\",\"@id\":\"https:\\\/\\\/www.eldiario.net\\\/portal\\\/2024\\\/11\\\/25\\\/matador-mamani-tiene-fecha-de-su-vuelta-al-ring-el-20-de-diciembre\\\/#primaryimage\",\"url\":\"https:\\\/\\\/www.eldiario.net\\\/portal\\\/wp-content\\\/uploads\\\/2024\\\/11\\\/FOTO-21-2.jpg\",\"contentUrl\":\"https:\\\/\\\/www.eldiario.net\\\/portal\\\/wp-content\\\/uploads\\\/2024\\\/11\\\/FOTO-21-2.jpg\",\"width\":316,\"height\":395},{\"@type\":\"BreadcrumbList\",\"@id\":\"https:\\\/\\\/www.eldiario.net\\\/portal\\\/2024\\\/11\\\/25\\\/matador-mamani-tiene-fecha-de-su-vuelta-al-ring-el-20-de-diciembre\\\/#breadcrumb\",\"itemListElement\":[{\"@type\":\"ListItem\",\"position\":1,\"name\":\"Portada\",\"item\":\"https:\\\/\\\/www.eldiario.net\\\/portal\\\/\"},{\"@type\":\"ListItem\",\"position\":2,\"name\":\"&#8216;Matador&#8217; Mamani tiene fecha de su vuelta al ring: el 20 de diciembre\"}]},{\"@type\":\"WebSite\",\"@id\":\"https:\\\/\\\/www.eldiario.net\\\/portal\\\/#website\",\"url\":\"https:\\\/\\\/www.eldiario.net\\\/portal\\\/\",\"name\":\"El Diario - Decano de la prensa nacional\",\"description\":\"El Diario - Decano de la prensa nacional\",\"publisher\":{\"@id\":\"https:\\\/\\\/www.eldiario.net\\\/portal\\\/#organization\"},\"potentialAction\":[{\"@type\":\"SearchAction\",\"target\":{\"@type\":\"EntryPoint\",\"urlTemplate\":\"https:\\\/\\\/www.eldiario.net\\\/portal\\\/?s={search_term_string}\"},\"query-input\":{\"@type\":\"PropertyValueSpecification\",\"valueRequired\":true,\"valueName\":\"search_term_string\"}}],\"inLanguage\":\"es\"},{\"@type\":\"Organization\",\"@id\":\"https:\\\/\\\/www.eldiario.net\\\/portal\\\/#organization\",\"name\":\"El Diario - Decano de la prensa nacional\",\"url\":\"https:\\\/\\\/www.eldiario.net\\\/portal\\\/\",\"logo\":{\"@type\":\"ImageObject\",\"inLanguage\":\"es\",\"@id\":\"https:\\\/\\\/www.eldiario.net\\\/portal\\\/#\\\/schema\\\/logo\\\/image\\\/\",\"url\":\"https:\\\/\\\/www.eldiario.net\\\/portal\\\/wp-content\\\/uploads\\\/2023\\\/07\\\/logo_ED.jpg\",\"contentUrl\":\"https:\\\/\\\/www.eldiario.net\\\/portal\\\/wp-content\\\/uploads\\\/2023\\\/07\\\/logo_ED.jpg\",\"width\":272,\"height\":52,\"caption\":\"El Diario - Decano de la prensa nacional\"},\"image\":{\"@id\":\"https:\\\/\\\/www.eldiario.net\\\/portal\\\/#\\\/schema\\\/logo\\\/image\\\/\"},\"sameAs\":[\"https:\\\/\\\/www.facebook.com\\\/eldiario.bolivia\\\/\",\"https:\\\/\\\/x.com\\\/eldiario_net\"]},{\"@type\":\"Person\",\"@id\":\"https:\\\/\\\/www.eldiario.net\\\/portal\\\/#\\\/schema\\\/person\\\/f46445640444750d7d753ccd04ae01b7\",\"name\":\"Jeanette\",\"image\":{\"@type\":\"ImageObject\",\"inLanguage\":\"es\",\"@id\":\"https:\\\/\\\/secure.gravatar.com\\\/avatar\\\/3ea2118a5f7dad2b7138b1187a6b7ee55f160b9968b66013c3a3ef39dd7e5798?s=96&d=mm&r=g\",\"url\":\"https:\\\/\\\/secure.gravatar.com\\\/avatar\\\/3ea2118a5f7dad2b7138b1187a6b7ee55f160b9968b66013c3a3ef39dd7e5798?s=96&d=mm&r=g\",\"contentUrl\":\"https:\\\/\\\/secure.gravatar.com\\\/avatar\\\/3ea2118a5f7dad2b7138b1187a6b7ee55f160b9968b66013c3a3ef39dd7e5798?s=96&d=mm&r=g\",\"caption\":\"Jeanette\"},\"sameAs\":[\"https:\\\/\\\/www.eldiario.net\\\/portal\"],\"url\":\"https:\\\/\\\/www.eldiario.net\\\/portal\\\/author\\\/jeanette\\\/\"}]}<\/script>\n<!-- \/ Yoast SEO plugin. -->","yoast_head_json":{"title":"'Matador' Mamani tiene fecha de su vuelta al ring: el 20 de diciembre - El Diario - Bolivia","robots":{"index":"index","follow":"follow","max-snippet":"max-snippet:-1","max-image-preview":"max-image-preview:large","max-video-preview":"max-video-preview:-1"},"canonical":"https:\/\/www.eldiario.net\/portal\/2024\/11\/25\/matador-mamani-tiene-fecha-de-su-vuelta-al-ring-el-20-de-diciembre\/","og_locale":"es_ES","og_type":"article","og_title":"'Matador' Mamani tiene fecha de su vuelta al ring: el 20 de diciembre - El Diario - Bolivia","og_description":"Est\u00e1 confirmada la vuelta de una gloria del boxeo nacional, Franklin \u201cMatador\u201d Mamani quien entrar\u00e1 de nuevo a un cuadril\u00e1tero; ser\u00e1 el 20 de diciembre y en el m\u00edtico Coliseo Cerrado \u201cJulio Borelli Viteritto\u201d que de nuevo abrir\u00e1 sus puertas al viril deporte de los pu\u00f1os. Mamani, el \u00fanico peleador boliviano que ha peleado por [&hellip;]","og_url":"https:\/\/www.eldiario.net\/portal\/2024\/11\/25\/matador-mamani-tiene-fecha-de-su-vuelta-al-ring-el-20-de-diciembre\/","og_site_name":"El Diario - Bolivia","article_publisher":"https:\/\/www.facebook.com\/eldiario.bolivia\/","article_published_time":"2024-11-25T09:35:46+00:00","og_image":[{"width":316,"height":395,"url":"https:\/\/www.eldiario.net\/portal\/wp-content\/uploads\/2024\/11\/FOTO-21-2.jpg","type":"image\/jpeg"}],"author":"Jeanette","twitter_card":"summary_large_image","twitter_creator":"@eldiario_net","twitter_site":"@eldiario_net","twitter_misc":{"Escrito por":"Jeanette","Tiempo de lectura":"2 minutos"},"schema":{"@context":"https:\/\/schema.org","@graph":[{"@type":"Article","@id":"https:\/\/www.eldiario.net\/portal\/2024\/11\/25\/matador-mamani-tiene-fecha-de-su-vuelta-al-ring-el-20-de-diciembre\/#article","isPartOf":{"@id":"https:\/\/www.eldiario.net\/portal\/2024\/11\/25\/matador-mamani-tiene-fecha-de-su-vuelta-al-ring-el-20-de-diciembre\/"},"author":{"name":"Jeanette","@id":"https:\/\/www.eldiario.net\/portal\/#\/schema\/person\/f46445640444750d7d753ccd04ae01b7"},"headline":"&#8216;Matador&#8217; Mamani tiene fecha de su vuelta al ring: el 20 de diciembre","datePublished":"2024-11-25T09:35:46+00:00","mainEntityOfPage":{"@id":"https:\/\/www.eldiario.net\/portal\/2024\/11\/25\/matador-mamani-tiene-fecha-de-su-vuelta-al-ring-el-20-de-diciembre\/"},"wordCount":266,"publisher":{"@id":"https:\/\/www.eldiario.net\/portal\/#organization"},"image":{"@id":"https:\/\/www.eldiario.net\/portal\/2024\/11\/25\/matador-mamani-tiene-fecha-de-su-vuelta-al-ring-el-20-de-diciembre\/#primaryimage"},"thumbnailUrl":"https:\/\/www.eldiario.net\/portal\/wp-content\/uploads\/2024\/11\/FOTO-21-2.jpg","articleSection":["Deportes"],"inLanguage":"es"},{"@type":"WebPage","@id":"https:\/\/www.eldiario.net\/portal\/2024\/11\/25\/matador-mamani-tiene-fecha-de-su-vuelta-al-ring-el-20-de-diciembre\/","url":"https:\/\/www.eldiario.net\/portal\/2024\/11\/25\/matador-mamani-tiene-fecha-de-su-vuelta-al-ring-el-20-de-diciembre\/","name":"'Matador' Mamani tiene fecha de su vuelta al ring: el 20 de diciembre - El Diario - Bolivia","isPartOf":{"@id":"https:\/\/www.eldiario.net\/portal\/#website"},"primaryImageOfPage":{"@id":"https:\/\/www.eldiario.net\/portal\/2024\/11\/25\/matador-mamani-tiene-fecha-de-su-vuelta-al-ring-el-20-de-diciembre\/#primaryimage"},"image":{"@id":"https:\/\/www.eldiario.net\/portal\/2024\/11\/25\/matador-mamani-tiene-fecha-de-su-vuelta-al-ring-el-20-de-diciembre\/#primaryimage"},"thumbnailUrl":"https:\/\/www.eldiario.net\/portal\/wp-content\/uploads\/2024\/11\/FOTO-21-2.jpg","datePublished":"2024-11-25T09:35:46+00:00","breadcrumb":{"@id":"https:\/\/www.eldiario.net\/portal\/2024\/11\/25\/matador-mamani-tiene-fecha-de-su-vuelta-al-ring-el-20-de-diciembre\/#breadcrumb"},"inLanguage":"es","potentialAction":[{"@type":"ReadAction","target":["https:\/\/www.eldiario.net\/portal\/2024\/11\/25\/matador-mamani-tiene-fecha-de-su-vuelta-al-ring-el-20-de-diciembre\/"]}]},{"@type":"ImageObject","inLanguage":"es","@id":"https:\/\/www.eldiario.net\/portal\/2024\/11\/25\/matador-mamani-tiene-fecha-de-su-vuelta-al-ring-el-20-de-diciembre\/#primaryimage","url":"https:\/\/www.eldiario.net\/portal\/wp-content\/uploads\/2024\/11\/FOTO-21-2.jpg","contentUrl":"https:\/\/www.eldiario.net\/portal\/wp-content\/uploads\/2024\/11\/FOTO-21-2.jpg","width":316,"height":395},{"@type":"BreadcrumbList","@id":"https:\/\/www.eldiario.net\/portal\/2024\/11\/25\/matador-mamani-tiene-fecha-de-su-vuelta-al-ring-el-20-de-diciembre\/#breadcrumb","itemListElement":[{"@type":"ListItem","position":1,"name":"Portada","item":"https:\/\/www.eldiario.net\/portal\/"},{"@type":"ListItem","position":2,"name":"&#8216;Matador&#8217; Mamani tiene fecha de su vuelta al ring: el 20 de diciembre"}]},{"@type":"WebSite","@id":"https:\/\/www.eldiario.net\/portal\/#website","url":"https:\/\/www.eldiario.net\/portal\/","name":"El Diario - Decano de la prensa nacional","description":"El Diario - Decano de la prensa nacional","publisher":{"@id":"https:\/\/www.eldiario.net\/portal\/#organization"},"potentialAction":[{"@type":"SearchAction","target":{"@type":"EntryPoint","urlTemplate":"https:\/\/www.eldiario.net\/portal\/?s={search_term_string}"},"query-input":{"@type":"PropertyValueSpecification","valueRequired":true,"valueName":"search_term_string"}}],"inLanguage":"es"},{"@type":"Organization","@id":"https:\/\/www.eldiario.net\/portal\/#organization","name":"El Diario - Decano de la prensa nacional","url":"https:\/\/www.eldiario.net\/portal\/","logo":{"@type":"ImageObject","inLanguage":"es","@id":"https:\/\/www.eldiario.net\/portal\/#\/schema\/logo\/image\/","url":"https:\/\/www.eldiario.net\/portal\/wp-content\/uploads\/2023\/07\/logo_ED.jpg","contentUrl":"https:\/\/www.eldiario.net\/portal\/wp-content\/uploads\/2023\/07\/logo_ED.jpg","width":272,"height":52,"caption":"El Diario - Decano de la prensa nacional"},"image":{"@id":"https:\/\/www.eldiario.net\/portal\/#\/schema\/logo\/image\/"},"sameAs":["https:\/\/www.facebook.com\/eldiario.bolivia\/","https:\/\/x.com\/eldiario_net"]},{"@type":"Person","@id":"https:\/\/www.eldiario.net\/portal\/#\/schema\/person\/f46445640444750d7d753ccd04ae01b7","name":"Jeanette","image":{"@type":"ImageObject","inLanguage":"es","@id":"https:\/\/secure.gravatar.com\/avatar\/3ea2118a5f7dad2b7138b1187a6b7ee55f160b9968b66013c3a3ef39dd7e5798?s=96&d=mm&r=g","url":"https:\/\/secure.gravatar.com\/avatar\/3ea2118a5f7dad2b7138b1187a6b7ee55f160b9968b66013c3a3ef39dd7e5798?s=96&d=mm&r=g","contentUrl":"https:\/\/secure.gravatar.com\/avatar\/3ea2118a5f7dad2b7138b1187a6b7ee55f160b9968b66013c3a3ef39dd7e5798?s=96&d=mm&r=g","caption":"Jeanette"},"sameAs":["https:\/\/www.eldiario.net\/portal"],"url":"https:\/\/www.eldiario.net\/portal\/author\/jeanette\/"}]}},"_links":{"self":[{"href":"https:\/\/www.eldiario.net\/portal\/wp-json\/wp\/v2\/posts\/263375","targetHints":{"allow":["GET"]}}],"collection":[{"href":"https:\/\/www.eldiario.net\/portal\/wp-json\/wp\/v2\/posts"}],"about":[{"href":"https:\/\/www.eldiario.net\/portal\/wp-json\/wp\/v2\/types\/post"}],"author":[{"embeddable":true,"href":"https:\/\/www.eldiario.net\/portal\/wp-json\/wp\/v2\/users\/1"}],"replies":[{"embeddable":true,"href":"https:\/\/www.eldiario.net\/portal\/wp-json\/wp\/v2\/comments?post=263375"}],"version-history":[{"count":1,"href":"https:\/\/www.eldiario.net\/portal\/wp-json\/wp\/v2\/posts\/263375\/revisions"}],"predecessor-version":[{"id":263379,"href":"https:\/\/www.eldiario.net\/portal\/wp-json\/wp\/v2\/posts\/263375\/revisions\/263379"}],"wp:featuredmedia":[{"embeddable":true,"href":"https:\/\/www.eldiario.net\/portal\/wp-json\/wp\/v2\/media\/263376"}],"wp:attachment":[{"href":"https:\/\/www.eldiario.net\/portal\/wp-json\/wp\/v2\/media?parent=263375"}],"wp:term":[{"taxonomy":"category","embeddable":true,"href":"https:\/\/www.eldiario.net\/portal\/wp-json\/wp\/v2\/categories?post=263375"},{"taxonomy":"post_tag","embeddable":true,"href":"https:\/\/www.eldiario.net\/portal\/wp-json\/wp\/v2\/tags?post=263375"}],"curies":[{"name":"wp","href":"https:\/\/api.w.org\/{rel}","templated":true}]}}