{"id":263344,"date":"2024-11-24T07:50:36","date_gmt":"2024-11-24T11:50:36","guid":{"rendered":"https:\/\/www.eldiario.net\/portal\/?p=263344"},"modified":"2024-11-24T07:50:36","modified_gmt":"2024-11-24T11:50:36","slug":"el-apocalipsis-de-san-juan-llega-a-los-cines-de-bolivia-el-28-de-noviembre","status":"publish","type":"post","link":"https:\/\/www.eldiario.net\/portal\/2024\/11\/24\/el-apocalipsis-de-san-juan-llega-a-los-cines-de-bolivia-el-28-de-noviembre\/","title":{"rendered":"\u201cEl apocalipsis de San Juan\u201d, llega a los cines de Bolivia el 28 de noviembre"},"content":{"rendered":"<p>El apocalipsis de San Juan, un docudrama cargado de efectos visuales impactantes y escenas \u00e9picas con una narrativa apocal\u00edptica<br \/>\nEl Apocalipsis de San Juan se estrena el 28 de noviembre en los cines de Bolivia. Dirigida por Sim\u00f3n Delacre, quien tambi\u00e9n escribi\u00f3 el guion con Patricio Dondo, esta pel\u00edcula argentina ofrece una gu\u00eda a trav\u00e9s de las misteriosas visiones del libro m\u00e1s enigm\u00e1tico de la Biblia, demostrando que el Apocalipsis es una profec\u00eda pronta a cumplirse.<br \/>\nEn el reparto tenemos a los actores Ricardo Castro, Miguel Angel Marchessi, H\u00e9ctor Hugo Larriera, Ricky Alan\u00eds y Carlos Secilio.<br \/>\nEmb\u00e1rcate en un viaje \u00e9pico a trav\u00e9s del tiempo y la fe con \u2018El Apocalipsis de san Juan\u2019<\/p>\n<p>\u00danete al ap\u00f3stol Juan en un asombroso relato visual que desentra\u00f1a las visiones del Fin de los Tiempos. Experimenta cada visi\u00f3n como nunca antes, con efectos visuales impactantes y escenas \u00e9picas que te sumergir\u00e1n en la narrativa apocal\u00edptica.<\/p>\n<p>El Apocalipsis de san Juan te guiar\u00e1 a trav\u00e9s de las misteriosas visiones del libro m\u00e1s enigm\u00e1tico de la Biblia demostrando que el Apocalipsis es una profec\u00eda pronta a cumplirse.<br \/>\nPrep\u00e1rate para una experiencia cinematogr\u00e1fica \u00fanica que te llevar\u00e1 al coraz\u00f3n mismo de la profec\u00eda, ofreci\u00e9ndote una visi\u00f3n inigualable del verdadero Apocalipsis. \u00bfEst\u00e1s listo para descubrir lo que el futuro te tiene reservado? \u00a1No te pierdas esta experiencia apasionante que desentra\u00f1a los secretos m\u00e1s profundos de la profec\u00eda!<\/p>\n","protected":false},"excerpt":{"rendered":"<p>El apocalipsis de San Juan, un docudrama cargado de efectos visuales impactantes y escenas \u00e9picas con una narrativa apocal\u00edptica El Apocalipsis de San Juan se estrena el 28 de noviembre en los cines de Bolivia. Dirigida por Sim\u00f3n Delacre, quien tambi\u00e9n escribi\u00f3 el guion con Patricio Dondo, esta pel\u00edcula argentina ofrece una gu\u00eda a trav\u00e9s [&hellip;]<\/p>\n","protected":false},"author":1,"featured_media":263345,"comment_status":"closed","ping_status":"open","sticky":false,"template":"","format":"standard","meta":{"_acf_changed":false,"footnotes":""},"categories":[45],"tags":[],"class_list":["post-263344","post","type-post","status-publish","format-standard","has-post-thumbnail","category-cine-mundo"],"acf":{"antetitulo":""},"yoast_head":"<!-- This site is optimized with the Yoast SEO plugin v28.4 - https:\/\/yoast.com\/product\/yoast-seo-wordpress\/ -->\n<title>\u201cEl apocalipsis de San Juan\u201d, llega a los cines de Bolivia el 28 de noviembre - El Diario - Bolivia<\/title>\n<meta name=\"robots\" content=\"index, follow, max-snippet:-1, max-image-preview:large, max-video-preview:-1\" \/>\n<link rel=\"canonical\" href=\"https:\/\/www.eldiario.net\/portal\/2024\/11\/24\/el-apocalipsis-de-san-juan-llega-a-los-cines-de-bolivia-el-28-de-noviembre\/\" \/>\n<meta property=\"og:locale\" content=\"es_ES\" \/>\n<meta property=\"og:type\" content=\"article\" \/>\n<meta property=\"og:title\" content=\"\u201cEl apocalipsis de San Juan\u201d, llega a los cines de Bolivia el 28 de noviembre - El Diario - Bolivia\" \/>\n<meta property=\"og:description\" content=\"El apocalipsis de San Juan, un docudrama cargado de efectos visuales impactantes y escenas \u00e9picas con una narrativa apocal\u00edptica El Apocalipsis de San Juan se estrena el 28 de noviembre en los cines de Bolivia. Dirigida por Sim\u00f3n Delacre, quien tambi\u00e9n escribi\u00f3 el guion con Patricio Dondo, esta pel\u00edcula argentina ofrece una gu\u00eda a trav\u00e9s [&hellip;]\" \/>\n<meta property=\"og:url\" content=\"https:\/\/www.eldiario.net\/portal\/2024\/11\/24\/el-apocalipsis-de-san-juan-llega-a-los-cines-de-bolivia-el-28-de-noviembre\/\" \/>\n<meta property=\"og:site_name\" content=\"El Diario - Bolivia\" \/>\n<meta property=\"article:publisher\" content=\"https:\/\/www.facebook.com\/eldiario.bolivia\/\" \/>\n<meta property=\"article:published_time\" content=\"2024-11-24T11:50:36+00:00\" \/>\n<meta property=\"og:image\" content=\"https:\/\/www.eldiario.net\/portal\/wp-content\/uploads\/2024\/11\/El-apocalipsis-de-San-Juan-llega-a-los-cines-de-Bolivia-el-28-de-noviembre.jpg\" \/>\n\t<meta property=\"og:image:width\" content=\"761\" \/>\n\t<meta property=\"og:image:height\" content=\"1076\" \/>\n\t<meta property=\"og:image:type\" content=\"image\/jpeg\" \/>\n<meta name=\"author\" content=\"Jeanette\" \/>\n<meta name=\"twitter:card\" content=\"summary_large_image\" \/>\n<meta name=\"twitter:creator\" content=\"@eldiario_net\" \/>\n<meta name=\"twitter:site\" content=\"@eldiario_net\" \/>\n<meta name=\"twitter:label1\" content=\"Escrito por\" \/>\n\t<meta name=\"twitter:data1\" content=\"Jeanette\" \/>\n\t<meta name=\"twitter:label2\" content=\"Tiempo de lectura\" \/>\n\t<meta name=\"twitter:data2\" content=\"1 minuto\" \/>\n<script type=\"application\/ld+json\" class=\"yoast-schema-graph\">{\"@context\":\"https:\\\/\\\/schema.org\",\"@graph\":[{\"@type\":\"Article\",\"@id\":\"https:\\\/\\\/www.eldiario.net\\\/portal\\\/2024\\\/11\\\/24\\\/el-apocalipsis-de-san-juan-llega-a-los-cines-de-bolivia-el-28-de-noviembre\\\/#article\",\"isPartOf\":{\"@id\":\"https:\\\/\\\/www.eldiario.net\\\/portal\\\/2024\\\/11\\\/24\\\/el-apocalipsis-de-san-juan-llega-a-los-cines-de-bolivia-el-28-de-noviembre\\\/\"},\"author\":{\"name\":\"Jeanette\",\"@id\":\"https:\\\/\\\/www.eldiario.net\\\/portal\\\/#\\\/schema\\\/person\\\/f46445640444750d7d753ccd04ae01b7\"},\"headline\":\"\u201cEl apocalipsis de San Juan\u201d, llega a los cines de Bolivia el 28 de noviembre\",\"datePublished\":\"2024-11-24T11:50:36+00:00\",\"mainEntityOfPage\":{\"@id\":\"https:\\\/\\\/www.eldiario.net\\\/portal\\\/2024\\\/11\\\/24\\\/el-apocalipsis-de-san-juan-llega-a-los-cines-de-bolivia-el-28-de-noviembre\\\/\"},\"wordCount\":275,\"publisher\":{\"@id\":\"https:\\\/\\\/www.eldiario.net\\\/portal\\\/#organization\"},\"image\":{\"@id\":\"https:\\\/\\\/www.eldiario.net\\\/portal\\\/2024\\\/11\\\/24\\\/el-apocalipsis-de-san-juan-llega-a-los-cines-de-bolivia-el-28-de-noviembre\\\/#primaryimage\"},\"thumbnailUrl\":\"https:\\\/\\\/www.eldiario.net\\\/portal\\\/wp-content\\\/uploads\\\/2024\\\/11\\\/El-apocalipsis-de-San-Juan-llega-a-los-cines-de-Bolivia-el-28-de-noviembre.jpg\",\"articleSection\":[\"Cine Mundo\"],\"inLanguage\":\"es\"},{\"@type\":\"WebPage\",\"@id\":\"https:\\\/\\\/www.eldiario.net\\\/portal\\\/2024\\\/11\\\/24\\\/el-apocalipsis-de-san-juan-llega-a-los-cines-de-bolivia-el-28-de-noviembre\\\/\",\"url\":\"https:\\\/\\\/www.eldiario.net\\\/portal\\\/2024\\\/11\\\/24\\\/el-apocalipsis-de-san-juan-llega-a-los-cines-de-bolivia-el-28-de-noviembre\\\/\",\"name\":\"\u201cEl apocalipsis de San Juan\u201d, llega a los cines de Bolivia el 28 de noviembre - El Diario - Bolivia\",\"isPartOf\":{\"@id\":\"https:\\\/\\\/www.eldiario.net\\\/portal\\\/#website\"},\"primaryImageOfPage\":{\"@id\":\"https:\\\/\\\/www.eldiario.net\\\/portal\\\/2024\\\/11\\\/24\\\/el-apocalipsis-de-san-juan-llega-a-los-cines-de-bolivia-el-28-de-noviembre\\\/#primaryimage\"},\"image\":{\"@id\":\"https:\\\/\\\/www.eldiario.net\\\/portal\\\/2024\\\/11\\\/24\\\/el-apocalipsis-de-san-juan-llega-a-los-cines-de-bolivia-el-28-de-noviembre\\\/#primaryimage\"},\"thumbnailUrl\":\"https:\\\/\\\/www.eldiario.net\\\/portal\\\/wp-content\\\/uploads\\\/2024\\\/11\\\/El-apocalipsis-de-San-Juan-llega-a-los-cines-de-Bolivia-el-28-de-noviembre.jpg\",\"datePublished\":\"2024-11-24T11:50:36+00:00\",\"breadcrumb\":{\"@id\":\"https:\\\/\\\/www.eldiario.net\\\/portal\\\/2024\\\/11\\\/24\\\/el-apocalipsis-de-san-juan-llega-a-los-cines-de-bolivia-el-28-de-noviembre\\\/#breadcrumb\"},\"inLanguage\":\"es\",\"potentialAction\":[{\"@type\":\"ReadAction\",\"target\":[\"https:\\\/\\\/www.eldiario.net\\\/portal\\\/2024\\\/11\\\/24\\\/el-apocalipsis-de-san-juan-llega-a-los-cines-de-bolivia-el-28-de-noviembre\\\/\"]}]},{\"@type\":\"ImageObject\",\"inLanguage\":\"es\",\"@id\":\"https:\\\/\\\/www.eldiario.net\\\/portal\\\/2024\\\/11\\\/24\\\/el-apocalipsis-de-san-juan-llega-a-los-cines-de-bolivia-el-28-de-noviembre\\\/#primaryimage\",\"url\":\"https:\\\/\\\/www.eldiario.net\\\/portal\\\/wp-content\\\/uploads\\\/2024\\\/11\\\/El-apocalipsis-de-San-Juan-llega-a-los-cines-de-Bolivia-el-28-de-noviembre.jpg\",\"contentUrl\":\"https:\\\/\\\/www.eldiario.net\\\/portal\\\/wp-content\\\/uploads\\\/2024\\\/11\\\/El-apocalipsis-de-San-Juan-llega-a-los-cines-de-Bolivia-el-28-de-noviembre.jpg\",\"width\":761,\"height\":1076},{\"@type\":\"BreadcrumbList\",\"@id\":\"https:\\\/\\\/www.eldiario.net\\\/portal\\\/2024\\\/11\\\/24\\\/el-apocalipsis-de-san-juan-llega-a-los-cines-de-bolivia-el-28-de-noviembre\\\/#breadcrumb\",\"itemListElement\":[{\"@type\":\"ListItem\",\"position\":1,\"name\":\"Portada\",\"item\":\"https:\\\/\\\/www.eldiario.net\\\/portal\\\/\"},{\"@type\":\"ListItem\",\"position\":2,\"name\":\"\u201cEl apocalipsis de San Juan\u201d, llega a los cines de Bolivia el 28 de noviembre\"}]},{\"@type\":\"WebSite\",\"@id\":\"https:\\\/\\\/www.eldiario.net\\\/portal\\\/#website\",\"url\":\"https:\\\/\\\/www.eldiario.net\\\/portal\\\/\",\"name\":\"El Diario - Decano de la prensa nacional\",\"description\":\"El Diario - Decano de la prensa nacional\",\"publisher\":{\"@id\":\"https:\\\/\\\/www.eldiario.net\\\/portal\\\/#organization\"},\"potentialAction\":[{\"@type\":\"SearchAction\",\"target\":{\"@type\":\"EntryPoint\",\"urlTemplate\":\"https:\\\/\\\/www.eldiario.net\\\/portal\\\/?s={search_term_string}\"},\"query-input\":{\"@type\":\"PropertyValueSpecification\",\"valueRequired\":true,\"valueName\":\"search_term_string\"}}],\"inLanguage\":\"es\"},{\"@type\":\"Organization\",\"@id\":\"https:\\\/\\\/www.eldiario.net\\\/portal\\\/#organization\",\"name\":\"El Diario - Decano de la prensa nacional\",\"url\":\"https:\\\/\\\/www.eldiario.net\\\/portal\\\/\",\"logo\":{\"@type\":\"ImageObject\",\"inLanguage\":\"es\",\"@id\":\"https:\\\/\\\/www.eldiario.net\\\/portal\\\/#\\\/schema\\\/logo\\\/image\\\/\",\"url\":\"https:\\\/\\\/www.eldiario.net\\\/portal\\\/wp-content\\\/uploads\\\/2023\\\/07\\\/logo_ED.jpg\",\"contentUrl\":\"https:\\\/\\\/www.eldiario.net\\\/portal\\\/wp-content\\\/uploads\\\/2023\\\/07\\\/logo_ED.jpg\",\"width\":272,\"height\":52,\"caption\":\"El Diario - Decano de la prensa nacional\"},\"image\":{\"@id\":\"https:\\\/\\\/www.eldiario.net\\\/portal\\\/#\\\/schema\\\/logo\\\/image\\\/\"},\"sameAs\":[\"https:\\\/\\\/www.facebook.com\\\/eldiario.bolivia\\\/\",\"https:\\\/\\\/x.com\\\/eldiario_net\"]},{\"@type\":\"Person\",\"@id\":\"https:\\\/\\\/www.eldiario.net\\\/portal\\\/#\\\/schema\\\/person\\\/f46445640444750d7d753ccd04ae01b7\",\"name\":\"Jeanette\",\"image\":{\"@type\":\"ImageObject\",\"inLanguage\":\"es\",\"@id\":\"https:\\\/\\\/secure.gravatar.com\\\/avatar\\\/3ea2118a5f7dad2b7138b1187a6b7ee55f160b9968b66013c3a3ef39dd7e5798?s=96&d=mm&r=g\",\"url\":\"https:\\\/\\\/secure.gravatar.com\\\/avatar\\\/3ea2118a5f7dad2b7138b1187a6b7ee55f160b9968b66013c3a3ef39dd7e5798?s=96&d=mm&r=g\",\"contentUrl\":\"https:\\\/\\\/secure.gravatar.com\\\/avatar\\\/3ea2118a5f7dad2b7138b1187a6b7ee55f160b9968b66013c3a3ef39dd7e5798?s=96&d=mm&r=g\",\"caption\":\"Jeanette\"},\"sameAs\":[\"https:\\\/\\\/www.eldiario.net\\\/portal\"],\"url\":\"https:\\\/\\\/www.eldiario.net\\\/portal\\\/author\\\/jeanette\\\/\"}]}<\/script>\n<!-- \/ Yoast SEO plugin. -->","yoast_head_json":{"title":"\u201cEl apocalipsis de San Juan\u201d, llega a los cines de Bolivia el 28 de noviembre - El Diario - Bolivia","robots":{"index":"index","follow":"follow","max-snippet":"max-snippet:-1","max-image-preview":"max-image-preview:large","max-video-preview":"max-video-preview:-1"},"canonical":"https:\/\/www.eldiario.net\/portal\/2024\/11\/24\/el-apocalipsis-de-san-juan-llega-a-los-cines-de-bolivia-el-28-de-noviembre\/","og_locale":"es_ES","og_type":"article","og_title":"\u201cEl apocalipsis de San Juan\u201d, llega a los cines de Bolivia el 28 de noviembre - El Diario - Bolivia","og_description":"El apocalipsis de San Juan, un docudrama cargado de efectos visuales impactantes y escenas \u00e9picas con una narrativa apocal\u00edptica El Apocalipsis de San Juan se estrena el 28 de noviembre en los cines de Bolivia. Dirigida por Sim\u00f3n Delacre, quien tambi\u00e9n escribi\u00f3 el guion con Patricio Dondo, esta pel\u00edcula argentina ofrece una gu\u00eda a trav\u00e9s [&hellip;]","og_url":"https:\/\/www.eldiario.net\/portal\/2024\/11\/24\/el-apocalipsis-de-san-juan-llega-a-los-cines-de-bolivia-el-28-de-noviembre\/","og_site_name":"El Diario - Bolivia","article_publisher":"https:\/\/www.facebook.com\/eldiario.bolivia\/","article_published_time":"2024-11-24T11:50:36+00:00","og_image":[{"width":761,"height":1076,"url":"https:\/\/www.eldiario.net\/portal\/wp-content\/uploads\/2024\/11\/El-apocalipsis-de-San-Juan-llega-a-los-cines-de-Bolivia-el-28-de-noviembre.jpg","type":"image\/jpeg"}],"author":"Jeanette","twitter_card":"summary_large_image","twitter_creator":"@eldiario_net","twitter_site":"@eldiario_net","twitter_misc":{"Escrito por":"Jeanette","Tiempo de lectura":"1 minuto"},"schema":{"@context":"https:\/\/schema.org","@graph":[{"@type":"Article","@id":"https:\/\/www.eldiario.net\/portal\/2024\/11\/24\/el-apocalipsis-de-san-juan-llega-a-los-cines-de-bolivia-el-28-de-noviembre\/#article","isPartOf":{"@id":"https:\/\/www.eldiario.net\/portal\/2024\/11\/24\/el-apocalipsis-de-san-juan-llega-a-los-cines-de-bolivia-el-28-de-noviembre\/"},"author":{"name":"Jeanette","@id":"https:\/\/www.eldiario.net\/portal\/#\/schema\/person\/f46445640444750d7d753ccd04ae01b7"},"headline":"\u201cEl apocalipsis de San Juan\u201d, llega a los cines de Bolivia el 28 de noviembre","datePublished":"2024-11-24T11:50:36+00:00","mainEntityOfPage":{"@id":"https:\/\/www.eldiario.net\/portal\/2024\/11\/24\/el-apocalipsis-de-san-juan-llega-a-los-cines-de-bolivia-el-28-de-noviembre\/"},"wordCount":275,"publisher":{"@id":"https:\/\/www.eldiario.net\/portal\/#organization"},"image":{"@id":"https:\/\/www.eldiario.net\/portal\/2024\/11\/24\/el-apocalipsis-de-san-juan-llega-a-los-cines-de-bolivia-el-28-de-noviembre\/#primaryimage"},"thumbnailUrl":"https:\/\/www.eldiario.net\/portal\/wp-content\/uploads\/2024\/11\/El-apocalipsis-de-San-Juan-llega-a-los-cines-de-Bolivia-el-28-de-noviembre.jpg","articleSection":["Cine Mundo"],"inLanguage":"es"},{"@type":"WebPage","@id":"https:\/\/www.eldiario.net\/portal\/2024\/11\/24\/el-apocalipsis-de-san-juan-llega-a-los-cines-de-bolivia-el-28-de-noviembre\/","url":"https:\/\/www.eldiario.net\/portal\/2024\/11\/24\/el-apocalipsis-de-san-juan-llega-a-los-cines-de-bolivia-el-28-de-noviembre\/","name":"\u201cEl apocalipsis de San Juan\u201d, llega a los cines de Bolivia el 28 de noviembre - El Diario - Bolivia","isPartOf":{"@id":"https:\/\/www.eldiario.net\/portal\/#website"},"primaryImageOfPage":{"@id":"https:\/\/www.eldiario.net\/portal\/2024\/11\/24\/el-apocalipsis-de-san-juan-llega-a-los-cines-de-bolivia-el-28-de-noviembre\/#primaryimage"},"image":{"@id":"https:\/\/www.eldiario.net\/portal\/2024\/11\/24\/el-apocalipsis-de-san-juan-llega-a-los-cines-de-bolivia-el-28-de-noviembre\/#primaryimage"},"thumbnailUrl":"https:\/\/www.eldiario.net\/portal\/wp-content\/uploads\/2024\/11\/El-apocalipsis-de-San-Juan-llega-a-los-cines-de-Bolivia-el-28-de-noviembre.jpg","datePublished":"2024-11-24T11:50:36+00:00","breadcrumb":{"@id":"https:\/\/www.eldiario.net\/portal\/2024\/11\/24\/el-apocalipsis-de-san-juan-llega-a-los-cines-de-bolivia-el-28-de-noviembre\/#breadcrumb"},"inLanguage":"es","potentialAction":[{"@type":"ReadAction","target":["https:\/\/www.eldiario.net\/portal\/2024\/11\/24\/el-apocalipsis-de-san-juan-llega-a-los-cines-de-bolivia-el-28-de-noviembre\/"]}]},{"@type":"ImageObject","inLanguage":"es","@id":"https:\/\/www.eldiario.net\/portal\/2024\/11\/24\/el-apocalipsis-de-san-juan-llega-a-los-cines-de-bolivia-el-28-de-noviembre\/#primaryimage","url":"https:\/\/www.eldiario.net\/portal\/wp-content\/uploads\/2024\/11\/El-apocalipsis-de-San-Juan-llega-a-los-cines-de-Bolivia-el-28-de-noviembre.jpg","contentUrl":"https:\/\/www.eldiario.net\/portal\/wp-content\/uploads\/2024\/11\/El-apocalipsis-de-San-Juan-llega-a-los-cines-de-Bolivia-el-28-de-noviembre.jpg","width":761,"height":1076},{"@type":"BreadcrumbList","@id":"https:\/\/www.eldiario.net\/portal\/2024\/11\/24\/el-apocalipsis-de-san-juan-llega-a-los-cines-de-bolivia-el-28-de-noviembre\/#breadcrumb","itemListElement":[{"@type":"ListItem","position":1,"name":"Portada","item":"https:\/\/www.eldiario.net\/portal\/"},{"@type":"ListItem","position":2,"name":"\u201cEl apocalipsis de San Juan\u201d, llega a los cines de Bolivia el 28 de noviembre"}]},{"@type":"WebSite","@id":"https:\/\/www.eldiario.net\/portal\/#website","url":"https:\/\/www.eldiario.net\/portal\/","name":"El Diario - Decano de la prensa nacional","description":"El Diario - Decano de la prensa nacional","publisher":{"@id":"https:\/\/www.eldiario.net\/portal\/#organization"},"potentialAction":[{"@type":"SearchAction","target":{"@type":"EntryPoint","urlTemplate":"https:\/\/www.eldiario.net\/portal\/?s={search_term_string}"},"query-input":{"@type":"PropertyValueSpecification","valueRequired":true,"valueName":"search_term_string"}}],"inLanguage":"es"},{"@type":"Organization","@id":"https:\/\/www.eldiario.net\/portal\/#organization","name":"El Diario - Decano de la prensa nacional","url":"https:\/\/www.eldiario.net\/portal\/","logo":{"@type":"ImageObject","inLanguage":"es","@id":"https:\/\/www.eldiario.net\/portal\/#\/schema\/logo\/image\/","url":"https:\/\/www.eldiario.net\/portal\/wp-content\/uploads\/2023\/07\/logo_ED.jpg","contentUrl":"https:\/\/www.eldiario.net\/portal\/wp-content\/uploads\/2023\/07\/logo_ED.jpg","width":272,"height":52,"caption":"El Diario - Decano de la prensa nacional"},"image":{"@id":"https:\/\/www.eldiario.net\/portal\/#\/schema\/logo\/image\/"},"sameAs":["https:\/\/www.facebook.com\/eldiario.bolivia\/","https:\/\/x.com\/eldiario_net"]},{"@type":"Person","@id":"https:\/\/www.eldiario.net\/portal\/#\/schema\/person\/f46445640444750d7d753ccd04ae01b7","name":"Jeanette","image":{"@type":"ImageObject","inLanguage":"es","@id":"https:\/\/secure.gravatar.com\/avatar\/3ea2118a5f7dad2b7138b1187a6b7ee55f160b9968b66013c3a3ef39dd7e5798?s=96&d=mm&r=g","url":"https:\/\/secure.gravatar.com\/avatar\/3ea2118a5f7dad2b7138b1187a6b7ee55f160b9968b66013c3a3ef39dd7e5798?s=96&d=mm&r=g","contentUrl":"https:\/\/secure.gravatar.com\/avatar\/3ea2118a5f7dad2b7138b1187a6b7ee55f160b9968b66013c3a3ef39dd7e5798?s=96&d=mm&r=g","caption":"Jeanette"},"sameAs":["https:\/\/www.eldiario.net\/portal"],"url":"https:\/\/www.eldiario.net\/portal\/author\/jeanette\/"}]}},"_links":{"self":[{"href":"https:\/\/www.eldiario.net\/portal\/wp-json\/wp\/v2\/posts\/263344","targetHints":{"allow":["GET"]}}],"collection":[{"href":"https:\/\/www.eldiario.net\/portal\/wp-json\/wp\/v2\/posts"}],"about":[{"href":"https:\/\/www.eldiario.net\/portal\/wp-json\/wp\/v2\/types\/post"}],"author":[{"embeddable":true,"href":"https:\/\/www.eldiario.net\/portal\/wp-json\/wp\/v2\/users\/1"}],"replies":[{"embeddable":true,"href":"https:\/\/www.eldiario.net\/portal\/wp-json\/wp\/v2\/comments?post=263344"}],"version-history":[{"count":1,"href":"https:\/\/www.eldiario.net\/portal\/wp-json\/wp\/v2\/posts\/263344\/revisions"}],"predecessor-version":[{"id":263346,"href":"https:\/\/www.eldiario.net\/portal\/wp-json\/wp\/v2\/posts\/263344\/revisions\/263346"}],"wp:featuredmedia":[{"embeddable":true,"href":"https:\/\/www.eldiario.net\/portal\/wp-json\/wp\/v2\/media\/263345"}],"wp:attachment":[{"href":"https:\/\/www.eldiario.net\/portal\/wp-json\/wp\/v2\/media?parent=263344"}],"wp:term":[{"taxonomy":"category","embeddable":true,"href":"https:\/\/www.eldiario.net\/portal\/wp-json\/wp\/v2\/categories?post=263344"},{"taxonomy":"post_tag","embeddable":true,"href":"https:\/\/www.eldiario.net\/portal\/wp-json\/wp\/v2\/tags?post=263344"}],"curies":[{"name":"wp","href":"https:\/\/api.w.org\/{rel}","templated":true}]}}