{"id":263339,"date":"2024-11-24T07:49:04","date_gmt":"2024-11-24T11:49:04","guid":{"rendered":"https:\/\/www.eldiario.net\/portal\/?p=263339"},"modified":"2024-11-24T07:49:04","modified_gmt":"2024-11-24T11:49:04","slug":"moana-2-la-fecha-de-estreno-la-historia-y-el-reparto","status":"publish","type":"post","link":"https:\/\/www.eldiario.net\/portal\/2024\/11\/24\/moana-2-la-fecha-de-estreno-la-historia-y-el-reparto\/","title":{"rendered":"\u201cMoana 2\u201d, la fecha de estreno, la historia y el reparto"},"content":{"rendered":"<p>Moana 2, pel\u00edcula animada de fantas\u00eda, acci\u00f3n y aventuras producida por Walt Disney Animation Studios y distribuida por Walt Disney Pictures. secuela de la exitosa pel\u00edcula de 2016. La pel\u00edcula est\u00e1 dirigida por David G. Derrick Jr. en su debut como director.<br \/>\nMoana 2 se estrena el 28 de noviembre en los cines de Bolivia.<br \/>\nLa primera pel\u00edcula de Moana recaud\u00f3 m\u00e1s de 687 millones de d\u00f3lares de taquilla a nivel global, ganando un \u00d3scar como Mejor pel\u00edcula animada.<br \/>\nLa historia<br \/>\nDespu\u00e9s de recibir una llamada inesperada de sus ancestros exploradores, Moana debe viajar con sus nuevos tripulantes a los mares m\u00e1s peligrosos de Ocean\u00eda para tener una aventura como jam\u00e1s hab\u00eda vivido.<br \/>\nReparto<br \/>\n\u2022\tAuli&#8217;i Cravalho como Moana, la curiosa hija del jefe de la aldea Tui y su esposa Sina; ella es elegida por el oc\u00e9ano para romper la maldici\u00f3n del dios de las tormentas Nalo y salvar el mundo.<br \/>\n\u2022\tDwayne Johnson como Maui, un fuerte semidi\u00f3s cambiante de formas que acompa\u00f1a a Moana en su viaje.<br \/>\n\u2022\tTemuera Morrison como Tui, el padre de Moana y jefe de la isla Motunui.<br \/>\n\u2022\tNicole Scherzinger como Sina, la madre de Moana y jefa de Motunui.<br \/>\n\u2022\tKhaleesi Lambert-Tsuda como Simea, la hermana peque\u00f1a de Moana.<br \/>\n\u2022\tRose Matafeo como Loto, un miembro \u00abinteligente pero peculiar\u00bb del equipo de orientaci\u00f3n de Moana.<br \/>\n\u2022\tDavid Fane como Kele, un \u00abgranjero gru\u00f1\u00f3n\u00bb y miembro del equipo de orientaci\u00f3n de Moana.<br \/>\n\u2022\tHual\u0101lai Chung como Moni, un miembro del equipo de orientaci\u00f3n de Moana y fan\u00e1tico de Maui.<br \/>\n\u2022\tAlan Tudyk como Heihei, el gallo mascota de Moana.<br \/>\n\u2022\tAwhimai Fraser como Matangi, una diosa del inframundo que amenaza la calma de la isla y obligar\u00e1 a Moana a dejar su hogar para adentrarse una vez m\u00e1s en el oc\u00e9ano. Ser\u00e1 la villana principal de la historia.<br \/>\n\r\n                <style type=\"text\/css\">\r\n                    \r\n                    #tdi_1  .td-doubleSlider-2 .td-item1 {\r\n                        background: url(https:\/\/www.eldiario.net\/portal\/wp-content\/uploads\/2024\/11\/Moana-2-la-fecha-de-estreno-la-historia-y-el-reparto-2-80x60.jpg) 0 0 no-repeat;\r\n                    }\r\n                    #tdi_1  .td-doubleSlider-2 .td-item2 {\r\n                        background: url(https:\/\/www.eldiario.net\/portal\/wp-content\/uploads\/2024\/11\/Moana-2-la-fecha-de-estreno-la-historia-y-el-reparto-2-1-80x60.jpg) 0 0 no-repeat;\r\n                    }\r\n                    #tdi_1  .td-doubleSlider-2 .td-item3 {\r\n                        background: url(https:\/\/www.eldiario.net\/portal\/wp-content\/uploads\/2024\/11\/Moana-2-la-fecha-de-estreno-la-historia-y-el-reparto-80x60.jpg) 0 0 no-repeat;\r\n                    }\r\n                <\/style>\r\n\r\n                <div id=\"tdi_1\" class=\"td-gallery td-slide-on-2-columns\">\r\n                    <div class=\"post_td_gallery\">\r\n                        <div class=\"td-gallery-slide-top\">\r\n                           <div class=\"td-gallery-title\"><\/div>\r\n\r\n                            <div class=\"td-gallery-controls-wrapper\">\r\n                                <div class=\"td-gallery-slide-count\"><span class=\"td-gallery-slide-item-focus\">1<\/span> de 3<\/div>\r\n                                <div class=\"td-gallery-slide-prev-next-but\">\r\n                                    <i class = \"td-icon-left doubleSliderPrevButton\"><\/i>\r\n                                    <i class = \"td-icon-right doubleSliderNextButton\"><\/i>\r\n                                <\/div>\r\n                            <\/div>\r\n                        <\/div>\r\n\r\n                        <div class = \"td-doubleSlider-1 \">\r\n                            <div class = \"td-slider\">\r\n                                \r\n                    <div class = \"td-slide-item td-item1\">\r\n                        <figure class=\"td-slide-galery-figure td-slide-popup-gallery\">\r\n                            <a class=\"slide-gallery-image-link\" href=\"https:\/\/www.eldiario.net\/portal\/wp-content\/uploads\/2024\/11\/Moana-2-la-fecha-de-estreno-la-historia-y-el-reparto-2.jpg\" title=\"\u201cMoana-2\u201d,-la-fecha-de-estreno,-la-historia-y-el-reparto-2\"  data-caption=\"\"  data-description=\"\">\r\n                                <img decoding=\"async\" src=\"https:\/\/www.eldiario.net\/portal\/wp-content\/uploads\/2024\/11\/Moana-2-la-fecha-de-estreno-la-historia-y-el-reparto-2-840x420.jpg\" srcset=\"https:\/\/www.eldiario.net\/portal\/wp-content\/uploads\/2024\/11\/Moana-2-la-fecha-de-estreno-la-historia-y-el-reparto-2-840x420.jpg 840w, https:\/\/www.eldiario.net\/portal\/wp-content\/uploads\/2024\/11\/Moana-2-la-fecha-de-estreno-la-historia-y-el-reparto-2-300x150.jpg 300w, https:\/\/www.eldiario.net\/portal\/wp-content\/uploads\/2024\/11\/Moana-2-la-fecha-de-estreno-la-historia-y-el-reparto-2-1024x512.jpg 1024w, https:\/\/www.eldiario.net\/portal\/wp-content\/uploads\/2024\/11\/Moana-2-la-fecha-de-estreno-la-historia-y-el-reparto-2-768x384.jpg 768w, https:\/\/www.eldiario.net\/portal\/wp-content\/uploads\/2024\/11\/Moana-2-la-fecha-de-estreno-la-historia-y-el-reparto-2-696x348.jpg 696w, https:\/\/www.eldiario.net\/portal\/wp-content\/uploads\/2024\/11\/Moana-2-la-fecha-de-estreno-la-historia-y-el-reparto-2-1068x534.jpg 1068w, https:\/\/www.eldiario.net\/portal\/wp-content\/uploads\/2024\/11\/Moana-2-la-fecha-de-estreno-la-historia-y-el-reparto-2.jpg 1200w\" sizes=\"(max-width: 840px) 100vw, 840px\" alt=\"\">\r\n                            <\/a>\r\n                            \r\n                        <\/figure>\r\n                    <\/div>\r\n                    <div class = \"td-slide-item td-item2\">\r\n                        <figure class=\"td-slide-galery-figure td-slide-popup-gallery\">\r\n                            <a class=\"slide-gallery-image-link\" href=\"https:\/\/www.eldiario.net\/portal\/wp-content\/uploads\/2024\/11\/Moana-2-la-fecha-de-estreno-la-historia-y-el-reparto-2-1.jpg\" title=\"\u201cMoana-2\u201d,-la-fecha-de-estreno,-la-historia-y-el-reparto-(2)\"  data-caption=\"\"  data-description=\"\">\r\n                                <img decoding=\"async\" src=\"https:\/\/www.eldiario.net\/portal\/wp-content\/uploads\/2024\/11\/Moana-2-la-fecha-de-estreno-la-historia-y-el-reparto-2-1-840x420.jpg\" srcset=\"https:\/\/www.eldiario.net\/portal\/wp-content\/uploads\/2024\/11\/Moana-2-la-fecha-de-estreno-la-historia-y-el-reparto-2-1-840x420.jpg 840w, https:\/\/www.eldiario.net\/portal\/wp-content\/uploads\/2024\/11\/Moana-2-la-fecha-de-estreno-la-historia-y-el-reparto-2-1-300x150.jpg 300w, https:\/\/www.eldiario.net\/portal\/wp-content\/uploads\/2024\/11\/Moana-2-la-fecha-de-estreno-la-historia-y-el-reparto-2-1-1024x512.jpg 1024w, https:\/\/www.eldiario.net\/portal\/wp-content\/uploads\/2024\/11\/Moana-2-la-fecha-de-estreno-la-historia-y-el-reparto-2-1-768x384.jpg 768w, https:\/\/www.eldiario.net\/portal\/wp-content\/uploads\/2024\/11\/Moana-2-la-fecha-de-estreno-la-historia-y-el-reparto-2-1-1536x768.jpg 1536w, https:\/\/www.eldiario.net\/portal\/wp-content\/uploads\/2024\/11\/Moana-2-la-fecha-de-estreno-la-historia-y-el-reparto-2-1-696x348.jpg 696w, https:\/\/www.eldiario.net\/portal\/wp-content\/uploads\/2024\/11\/Moana-2-la-fecha-de-estreno-la-historia-y-el-reparto-2-1-1068x534.jpg 1068w, https:\/\/www.eldiario.net\/portal\/wp-content\/uploads\/2024\/11\/Moana-2-la-fecha-de-estreno-la-historia-y-el-reparto-2-1.jpg 1920w\" sizes=\"(max-width: 840px) 100vw, 840px\" alt=\"\">\r\n                            <\/a>\r\n                            \r\n                        <\/figure>\r\n                    <\/div>\r\n                    <div class = \"td-slide-item td-item3\">\r\n                        <figure class=\"td-slide-galery-figure td-slide-popup-gallery\">\r\n                            <a class=\"slide-gallery-image-link\" href=\"https:\/\/www.eldiario.net\/portal\/wp-content\/uploads\/2024\/11\/Moana-2-la-fecha-de-estreno-la-historia-y-el-reparto.jpg\" title=\"\u201cMoana-2\u201d,-la-fecha-de-estreno,-la-historia-y-el-reparto\"  data-caption=\"\"  data-description=\"\">\r\n                                <img decoding=\"async\" src=\"https:\/\/www.eldiario.net\/portal\/wp-content\/uploads\/2024\/11\/Moana-2-la-fecha-de-estreno-la-historia-y-el-reparto-840x420.jpg\" srcset=\"https:\/\/www.eldiario.net\/portal\/wp-content\/uploads\/2024\/11\/Moana-2-la-fecha-de-estreno-la-historia-y-el-reparto-840x420.jpg 840w, https:\/\/www.eldiario.net\/portal\/wp-content\/uploads\/2024\/11\/Moana-2-la-fecha-de-estreno-la-historia-y-el-reparto-300x150.jpg 300w, https:\/\/www.eldiario.net\/portal\/wp-content\/uploads\/2024\/11\/Moana-2-la-fecha-de-estreno-la-historia-y-el-reparto-1024x512.jpg 1024w, https:\/\/www.eldiario.net\/portal\/wp-content\/uploads\/2024\/11\/Moana-2-la-fecha-de-estreno-la-historia-y-el-reparto-768x384.jpg 768w, https:\/\/www.eldiario.net\/portal\/wp-content\/uploads\/2024\/11\/Moana-2-la-fecha-de-estreno-la-historia-y-el-reparto-1536x768.jpg 1536w, https:\/\/www.eldiario.net\/portal\/wp-content\/uploads\/2024\/11\/Moana-2-la-fecha-de-estreno-la-historia-y-el-reparto-696x348.jpg 696w, https:\/\/www.eldiario.net\/portal\/wp-content\/uploads\/2024\/11\/Moana-2-la-fecha-de-estreno-la-historia-y-el-reparto-1068x534.jpg 1068w, https:\/\/www.eldiario.net\/portal\/wp-content\/uploads\/2024\/11\/Moana-2-la-fecha-de-estreno-la-historia-y-el-reparto.jpg 1920w\" sizes=\"(max-width: 840px) 100vw, 840px\" alt=\"\">\r\n                            <\/a>\r\n                            \r\n                        <\/figure>\r\n                    <\/div>\r\n                            <\/div>\r\n                        <\/div>\r\n\r\n                        <div class = \"td-doubleSlider-2\">\r\n                            <div class = \"td-slider\">\r\n                                \r\n                    <div class = \"td-button td-item1\">\r\n                        <div class = \"td-border\"><\/div>\r\n                    <\/div>\r\n                    <div class = \"td-button td-item2\">\r\n                        <div class = \"td-border\"><\/div>\r\n                    <\/div>\r\n                    <div class = \"td-button td-item3\">\r\n                        <div class = \"td-border\"><\/div>\r\n                    <\/div>\r\n                            <\/div>\r\n                        <\/div>\r\n\r\n                    <\/div>\r\n\r\n                <\/div>\r\n                <\/p>\n","protected":false},"excerpt":{"rendered":"<p>Moana 2, pel\u00edcula animada de fantas\u00eda, acci\u00f3n y aventuras producida por Walt Disney Animation Studios y distribuida por Walt Disney Pictures. secuela de la exitosa pel\u00edcula de 2016. La pel\u00edcula est\u00e1 dirigida por David G. Derrick Jr. en su debut como director. Moana 2 se estrena el 28 de noviembre en los cines de Bolivia. [&hellip;]<\/p>\n","protected":false},"author":1,"featured_media":263341,"comment_status":"closed","ping_status":"open","sticky":false,"template":"","format":"standard","meta":{"_acf_changed":false,"footnotes":""},"categories":[45],"tags":[],"class_list":["post-263339","post","type-post","status-publish","format-standard","has-post-thumbnail","category-cine-mundo"],"acf":{"antetitulo":""},"yoast_head":"<!-- This site is optimized with the Yoast SEO plugin v28.4 - https:\/\/yoast.com\/product\/yoast-seo-wordpress\/ -->\n<title>\u201cMoana 2\u201d, la fecha de estreno, la historia y el reparto - El Diario - Bolivia<\/title>\n<meta name=\"robots\" content=\"index, follow, max-snippet:-1, max-image-preview:large, max-video-preview:-1\" \/>\n<link rel=\"canonical\" href=\"https:\/\/www.eldiario.net\/portal\/2024\/11\/24\/moana-2-la-fecha-de-estreno-la-historia-y-el-reparto\/\" \/>\n<meta property=\"og:locale\" content=\"es_ES\" \/>\n<meta property=\"og:type\" content=\"article\" \/>\n<meta property=\"og:title\" content=\"\u201cMoana 2\u201d, la fecha de estreno, la historia y el reparto - El Diario - Bolivia\" \/>\n<meta property=\"og:description\" content=\"Moana 2, pel\u00edcula animada de fantas\u00eda, acci\u00f3n y aventuras producida por Walt Disney Animation Studios y distribuida por Walt Disney Pictures. secuela de la exitosa pel\u00edcula de 2016. La pel\u00edcula est\u00e1 dirigida por David G. Derrick Jr. en su debut como director. Moana 2 se estrena el 28 de noviembre en los cines de Bolivia. [&hellip;]\" \/>\n<meta property=\"og:url\" content=\"https:\/\/www.eldiario.net\/portal\/2024\/11\/24\/moana-2-la-fecha-de-estreno-la-historia-y-el-reparto\/\" \/>\n<meta property=\"og:site_name\" content=\"El Diario - Bolivia\" \/>\n<meta property=\"article:publisher\" content=\"https:\/\/www.facebook.com\/eldiario.bolivia\/\" \/>\n<meta property=\"article:published_time\" content=\"2024-11-24T11:49:04+00:00\" \/>\n<meta property=\"og:image\" content=\"https:\/\/www.eldiario.net\/portal\/wp-content\/uploads\/2024\/11\/Moana-2-la-fecha-de-estreno-la-historia-y-el-reparto-2-1.jpg\" \/>\n\t<meta property=\"og:image:width\" content=\"1920\" \/>\n\t<meta property=\"og:image:height\" content=\"960\" \/>\n\t<meta property=\"og:image:type\" content=\"image\/jpeg\" \/>\n<meta name=\"author\" content=\"Jeanette\" \/>\n<meta name=\"twitter:card\" content=\"summary_large_image\" \/>\n<meta name=\"twitter:creator\" content=\"@eldiario_net\" \/>\n<meta name=\"twitter:site\" content=\"@eldiario_net\" \/>\n<meta name=\"twitter:label1\" content=\"Escrito por\" \/>\n\t<meta name=\"twitter:data1\" content=\"Jeanette\" \/>\n\t<meta name=\"twitter:label2\" content=\"Tiempo de lectura\" \/>\n\t<meta name=\"twitter:data2\" content=\"1 minuto\" \/>\n<script type=\"application\/ld+json\" class=\"yoast-schema-graph\">{\"@context\":\"https:\\\/\\\/schema.org\",\"@graph\":[{\"@type\":\"Article\",\"@id\":\"https:\\\/\\\/www.eldiario.net\\\/portal\\\/2024\\\/11\\\/24\\\/moana-2-la-fecha-de-estreno-la-historia-y-el-reparto\\\/#article\",\"isPartOf\":{\"@id\":\"https:\\\/\\\/www.eldiario.net\\\/portal\\\/2024\\\/11\\\/24\\\/moana-2-la-fecha-de-estreno-la-historia-y-el-reparto\\\/\"},\"author\":{\"name\":\"Jeanette\",\"@id\":\"https:\\\/\\\/www.eldiario.net\\\/portal\\\/#\\\/schema\\\/person\\\/f46445640444750d7d753ccd04ae01b7\"},\"headline\":\"\u201cMoana 2\u201d, la fecha de estreno, la historia y el reparto\",\"datePublished\":\"2024-11-24T11:49:04+00:00\",\"mainEntityOfPage\":{\"@id\":\"https:\\\/\\\/www.eldiario.net\\\/portal\\\/2024\\\/11\\\/24\\\/moana-2-la-fecha-de-estreno-la-historia-y-el-reparto\\\/\"},\"wordCount\":338,\"publisher\":{\"@id\":\"https:\\\/\\\/www.eldiario.net\\\/portal\\\/#organization\"},\"image\":{\"@id\":\"https:\\\/\\\/www.eldiario.net\\\/portal\\\/2024\\\/11\\\/24\\\/moana-2-la-fecha-de-estreno-la-historia-y-el-reparto\\\/#primaryimage\"},\"thumbnailUrl\":\"https:\\\/\\\/www.eldiario.net\\\/portal\\\/wp-content\\\/uploads\\\/2024\\\/11\\\/Moana-2-la-fecha-de-estreno-la-historia-y-el-reparto-2-1.jpg\",\"articleSection\":[\"Cine Mundo\"],\"inLanguage\":\"es\"},{\"@type\":\"WebPage\",\"@id\":\"https:\\\/\\\/www.eldiario.net\\\/portal\\\/2024\\\/11\\\/24\\\/moana-2-la-fecha-de-estreno-la-historia-y-el-reparto\\\/\",\"url\":\"https:\\\/\\\/www.eldiario.net\\\/portal\\\/2024\\\/11\\\/24\\\/moana-2-la-fecha-de-estreno-la-historia-y-el-reparto\\\/\",\"name\":\"\u201cMoana 2\u201d, la fecha de estreno, la historia y el reparto - El Diario - Bolivia\",\"isPartOf\":{\"@id\":\"https:\\\/\\\/www.eldiario.net\\\/portal\\\/#website\"},\"primaryImageOfPage\":{\"@id\":\"https:\\\/\\\/www.eldiario.net\\\/portal\\\/2024\\\/11\\\/24\\\/moana-2-la-fecha-de-estreno-la-historia-y-el-reparto\\\/#primaryimage\"},\"image\":{\"@id\":\"https:\\\/\\\/www.eldiario.net\\\/portal\\\/2024\\\/11\\\/24\\\/moana-2-la-fecha-de-estreno-la-historia-y-el-reparto\\\/#primaryimage\"},\"thumbnailUrl\":\"https:\\\/\\\/www.eldiario.net\\\/portal\\\/wp-content\\\/uploads\\\/2024\\\/11\\\/Moana-2-la-fecha-de-estreno-la-historia-y-el-reparto-2-1.jpg\",\"datePublished\":\"2024-11-24T11:49:04+00:00\",\"breadcrumb\":{\"@id\":\"https:\\\/\\\/www.eldiario.net\\\/portal\\\/2024\\\/11\\\/24\\\/moana-2-la-fecha-de-estreno-la-historia-y-el-reparto\\\/#breadcrumb\"},\"inLanguage\":\"es\",\"potentialAction\":[{\"@type\":\"ReadAction\",\"target\":[\"https:\\\/\\\/www.eldiario.net\\\/portal\\\/2024\\\/11\\\/24\\\/moana-2-la-fecha-de-estreno-la-historia-y-el-reparto\\\/\"]}]},{\"@type\":\"ImageObject\",\"inLanguage\":\"es\",\"@id\":\"https:\\\/\\\/www.eldiario.net\\\/portal\\\/2024\\\/11\\\/24\\\/moana-2-la-fecha-de-estreno-la-historia-y-el-reparto\\\/#primaryimage\",\"url\":\"https:\\\/\\\/www.eldiario.net\\\/portal\\\/wp-content\\\/uploads\\\/2024\\\/11\\\/Moana-2-la-fecha-de-estreno-la-historia-y-el-reparto-2-1.jpg\",\"contentUrl\":\"https:\\\/\\\/www.eldiario.net\\\/portal\\\/wp-content\\\/uploads\\\/2024\\\/11\\\/Moana-2-la-fecha-de-estreno-la-historia-y-el-reparto-2-1.jpg\",\"width\":1920,\"height\":960},{\"@type\":\"BreadcrumbList\",\"@id\":\"https:\\\/\\\/www.eldiario.net\\\/portal\\\/2024\\\/11\\\/24\\\/moana-2-la-fecha-de-estreno-la-historia-y-el-reparto\\\/#breadcrumb\",\"itemListElement\":[{\"@type\":\"ListItem\",\"position\":1,\"name\":\"Portada\",\"item\":\"https:\\\/\\\/www.eldiario.net\\\/portal\\\/\"},{\"@type\":\"ListItem\",\"position\":2,\"name\":\"\u201cMoana 2\u201d, la fecha de estreno, la historia y el reparto\"}]},{\"@type\":\"WebSite\",\"@id\":\"https:\\\/\\\/www.eldiario.net\\\/portal\\\/#website\",\"url\":\"https:\\\/\\\/www.eldiario.net\\\/portal\\\/\",\"name\":\"El Diario - Decano de la prensa nacional\",\"description\":\"El Diario - Decano de la prensa nacional\",\"publisher\":{\"@id\":\"https:\\\/\\\/www.eldiario.net\\\/portal\\\/#organization\"},\"potentialAction\":[{\"@type\":\"SearchAction\",\"target\":{\"@type\":\"EntryPoint\",\"urlTemplate\":\"https:\\\/\\\/www.eldiario.net\\\/portal\\\/?s={search_term_string}\"},\"query-input\":{\"@type\":\"PropertyValueSpecification\",\"valueRequired\":true,\"valueName\":\"search_term_string\"}}],\"inLanguage\":\"es\"},{\"@type\":\"Organization\",\"@id\":\"https:\\\/\\\/www.eldiario.net\\\/portal\\\/#organization\",\"name\":\"El Diario - Decano de la prensa nacional\",\"url\":\"https:\\\/\\\/www.eldiario.net\\\/portal\\\/\",\"logo\":{\"@type\":\"ImageObject\",\"inLanguage\":\"es\",\"@id\":\"https:\\\/\\\/www.eldiario.net\\\/portal\\\/#\\\/schema\\\/logo\\\/image\\\/\",\"url\":\"https:\\\/\\\/www.eldiario.net\\\/portal\\\/wp-content\\\/uploads\\\/2023\\\/07\\\/logo_ED.jpg\",\"contentUrl\":\"https:\\\/\\\/www.eldiario.net\\\/portal\\\/wp-content\\\/uploads\\\/2023\\\/07\\\/logo_ED.jpg\",\"width\":272,\"height\":52,\"caption\":\"El Diario - Decano de la prensa nacional\"},\"image\":{\"@id\":\"https:\\\/\\\/www.eldiario.net\\\/portal\\\/#\\\/schema\\\/logo\\\/image\\\/\"},\"sameAs\":[\"https:\\\/\\\/www.facebook.com\\\/eldiario.bolivia\\\/\",\"https:\\\/\\\/x.com\\\/eldiario_net\"]},{\"@type\":\"Person\",\"@id\":\"https:\\\/\\\/www.eldiario.net\\\/portal\\\/#\\\/schema\\\/person\\\/f46445640444750d7d753ccd04ae01b7\",\"name\":\"Jeanette\",\"image\":{\"@type\":\"ImageObject\",\"inLanguage\":\"es\",\"@id\":\"https:\\\/\\\/secure.gravatar.com\\\/avatar\\\/3ea2118a5f7dad2b7138b1187a6b7ee55f160b9968b66013c3a3ef39dd7e5798?s=96&d=mm&r=g\",\"url\":\"https:\\\/\\\/secure.gravatar.com\\\/avatar\\\/3ea2118a5f7dad2b7138b1187a6b7ee55f160b9968b66013c3a3ef39dd7e5798?s=96&d=mm&r=g\",\"contentUrl\":\"https:\\\/\\\/secure.gravatar.com\\\/avatar\\\/3ea2118a5f7dad2b7138b1187a6b7ee55f160b9968b66013c3a3ef39dd7e5798?s=96&d=mm&r=g\",\"caption\":\"Jeanette\"},\"sameAs\":[\"https:\\\/\\\/www.eldiario.net\\\/portal\"],\"url\":\"https:\\\/\\\/www.eldiario.net\\\/portal\\\/author\\\/jeanette\\\/\"}]}<\/script>\n<!-- \/ Yoast SEO plugin. -->","yoast_head_json":{"title":"\u201cMoana 2\u201d, la fecha de estreno, la historia y el reparto - El Diario - Bolivia","robots":{"index":"index","follow":"follow","max-snippet":"max-snippet:-1","max-image-preview":"max-image-preview:large","max-video-preview":"max-video-preview:-1"},"canonical":"https:\/\/www.eldiario.net\/portal\/2024\/11\/24\/moana-2-la-fecha-de-estreno-la-historia-y-el-reparto\/","og_locale":"es_ES","og_type":"article","og_title":"\u201cMoana 2\u201d, la fecha de estreno, la historia y el reparto - El Diario - Bolivia","og_description":"Moana 2, pel\u00edcula animada de fantas\u00eda, acci\u00f3n y aventuras producida por Walt Disney Animation Studios y distribuida por Walt Disney Pictures. secuela de la exitosa pel\u00edcula de 2016. La pel\u00edcula est\u00e1 dirigida por David G. Derrick Jr. en su debut como director. Moana 2 se estrena el 28 de noviembre en los cines de Bolivia. [&hellip;]","og_url":"https:\/\/www.eldiario.net\/portal\/2024\/11\/24\/moana-2-la-fecha-de-estreno-la-historia-y-el-reparto\/","og_site_name":"El Diario - Bolivia","article_publisher":"https:\/\/www.facebook.com\/eldiario.bolivia\/","article_published_time":"2024-11-24T11:49:04+00:00","og_image":[{"width":1920,"height":960,"url":"https:\/\/www.eldiario.net\/portal\/wp-content\/uploads\/2024\/11\/Moana-2-la-fecha-de-estreno-la-historia-y-el-reparto-2-1.jpg","type":"image\/jpeg"}],"author":"Jeanette","twitter_card":"summary_large_image","twitter_creator":"@eldiario_net","twitter_site":"@eldiario_net","twitter_misc":{"Escrito por":"Jeanette","Tiempo de lectura":"1 minuto"},"schema":{"@context":"https:\/\/schema.org","@graph":[{"@type":"Article","@id":"https:\/\/www.eldiario.net\/portal\/2024\/11\/24\/moana-2-la-fecha-de-estreno-la-historia-y-el-reparto\/#article","isPartOf":{"@id":"https:\/\/www.eldiario.net\/portal\/2024\/11\/24\/moana-2-la-fecha-de-estreno-la-historia-y-el-reparto\/"},"author":{"name":"Jeanette","@id":"https:\/\/www.eldiario.net\/portal\/#\/schema\/person\/f46445640444750d7d753ccd04ae01b7"},"headline":"\u201cMoana 2\u201d, la fecha de estreno, la historia y el reparto","datePublished":"2024-11-24T11:49:04+00:00","mainEntityOfPage":{"@id":"https:\/\/www.eldiario.net\/portal\/2024\/11\/24\/moana-2-la-fecha-de-estreno-la-historia-y-el-reparto\/"},"wordCount":338,"publisher":{"@id":"https:\/\/www.eldiario.net\/portal\/#organization"},"image":{"@id":"https:\/\/www.eldiario.net\/portal\/2024\/11\/24\/moana-2-la-fecha-de-estreno-la-historia-y-el-reparto\/#primaryimage"},"thumbnailUrl":"https:\/\/www.eldiario.net\/portal\/wp-content\/uploads\/2024\/11\/Moana-2-la-fecha-de-estreno-la-historia-y-el-reparto-2-1.jpg","articleSection":["Cine Mundo"],"inLanguage":"es"},{"@type":"WebPage","@id":"https:\/\/www.eldiario.net\/portal\/2024\/11\/24\/moana-2-la-fecha-de-estreno-la-historia-y-el-reparto\/","url":"https:\/\/www.eldiario.net\/portal\/2024\/11\/24\/moana-2-la-fecha-de-estreno-la-historia-y-el-reparto\/","name":"\u201cMoana 2\u201d, la fecha de estreno, la historia y el reparto - El Diario - Bolivia","isPartOf":{"@id":"https:\/\/www.eldiario.net\/portal\/#website"},"primaryImageOfPage":{"@id":"https:\/\/www.eldiario.net\/portal\/2024\/11\/24\/moana-2-la-fecha-de-estreno-la-historia-y-el-reparto\/#primaryimage"},"image":{"@id":"https:\/\/www.eldiario.net\/portal\/2024\/11\/24\/moana-2-la-fecha-de-estreno-la-historia-y-el-reparto\/#primaryimage"},"thumbnailUrl":"https:\/\/www.eldiario.net\/portal\/wp-content\/uploads\/2024\/11\/Moana-2-la-fecha-de-estreno-la-historia-y-el-reparto-2-1.jpg","datePublished":"2024-11-24T11:49:04+00:00","breadcrumb":{"@id":"https:\/\/www.eldiario.net\/portal\/2024\/11\/24\/moana-2-la-fecha-de-estreno-la-historia-y-el-reparto\/#breadcrumb"},"inLanguage":"es","potentialAction":[{"@type":"ReadAction","target":["https:\/\/www.eldiario.net\/portal\/2024\/11\/24\/moana-2-la-fecha-de-estreno-la-historia-y-el-reparto\/"]}]},{"@type":"ImageObject","inLanguage":"es","@id":"https:\/\/www.eldiario.net\/portal\/2024\/11\/24\/moana-2-la-fecha-de-estreno-la-historia-y-el-reparto\/#primaryimage","url":"https:\/\/www.eldiario.net\/portal\/wp-content\/uploads\/2024\/11\/Moana-2-la-fecha-de-estreno-la-historia-y-el-reparto-2-1.jpg","contentUrl":"https:\/\/www.eldiario.net\/portal\/wp-content\/uploads\/2024\/11\/Moana-2-la-fecha-de-estreno-la-historia-y-el-reparto-2-1.jpg","width":1920,"height":960},{"@type":"BreadcrumbList","@id":"https:\/\/www.eldiario.net\/portal\/2024\/11\/24\/moana-2-la-fecha-de-estreno-la-historia-y-el-reparto\/#breadcrumb","itemListElement":[{"@type":"ListItem","position":1,"name":"Portada","item":"https:\/\/www.eldiario.net\/portal\/"},{"@type":"ListItem","position":2,"name":"\u201cMoana 2\u201d, la fecha de estreno, la historia y el reparto"}]},{"@type":"WebSite","@id":"https:\/\/www.eldiario.net\/portal\/#website","url":"https:\/\/www.eldiario.net\/portal\/","name":"El Diario - Decano de la prensa nacional","description":"El Diario - Decano de la prensa nacional","publisher":{"@id":"https:\/\/www.eldiario.net\/portal\/#organization"},"potentialAction":[{"@type":"SearchAction","target":{"@type":"EntryPoint","urlTemplate":"https:\/\/www.eldiario.net\/portal\/?s={search_term_string}"},"query-input":{"@type":"PropertyValueSpecification","valueRequired":true,"valueName":"search_term_string"}}],"inLanguage":"es"},{"@type":"Organization","@id":"https:\/\/www.eldiario.net\/portal\/#organization","name":"El Diario - Decano de la prensa nacional","url":"https:\/\/www.eldiario.net\/portal\/","logo":{"@type":"ImageObject","inLanguage":"es","@id":"https:\/\/www.eldiario.net\/portal\/#\/schema\/logo\/image\/","url":"https:\/\/www.eldiario.net\/portal\/wp-content\/uploads\/2023\/07\/logo_ED.jpg","contentUrl":"https:\/\/www.eldiario.net\/portal\/wp-content\/uploads\/2023\/07\/logo_ED.jpg","width":272,"height":52,"caption":"El Diario - Decano de la prensa nacional"},"image":{"@id":"https:\/\/www.eldiario.net\/portal\/#\/schema\/logo\/image\/"},"sameAs":["https:\/\/www.facebook.com\/eldiario.bolivia\/","https:\/\/x.com\/eldiario_net"]},{"@type":"Person","@id":"https:\/\/www.eldiario.net\/portal\/#\/schema\/person\/f46445640444750d7d753ccd04ae01b7","name":"Jeanette","image":{"@type":"ImageObject","inLanguage":"es","@id":"https:\/\/secure.gravatar.com\/avatar\/3ea2118a5f7dad2b7138b1187a6b7ee55f160b9968b66013c3a3ef39dd7e5798?s=96&d=mm&r=g","url":"https:\/\/secure.gravatar.com\/avatar\/3ea2118a5f7dad2b7138b1187a6b7ee55f160b9968b66013c3a3ef39dd7e5798?s=96&d=mm&r=g","contentUrl":"https:\/\/secure.gravatar.com\/avatar\/3ea2118a5f7dad2b7138b1187a6b7ee55f160b9968b66013c3a3ef39dd7e5798?s=96&d=mm&r=g","caption":"Jeanette"},"sameAs":["https:\/\/www.eldiario.net\/portal"],"url":"https:\/\/www.eldiario.net\/portal\/author\/jeanette\/"}]}},"_links":{"self":[{"href":"https:\/\/www.eldiario.net\/portal\/wp-json\/wp\/v2\/posts\/263339","targetHints":{"allow":["GET"]}}],"collection":[{"href":"https:\/\/www.eldiario.net\/portal\/wp-json\/wp\/v2\/posts"}],"about":[{"href":"https:\/\/www.eldiario.net\/portal\/wp-json\/wp\/v2\/types\/post"}],"author":[{"embeddable":true,"href":"https:\/\/www.eldiario.net\/portal\/wp-json\/wp\/v2\/users\/1"}],"replies":[{"embeddable":true,"href":"https:\/\/www.eldiario.net\/portal\/wp-json\/wp\/v2\/comments?post=263339"}],"version-history":[{"count":1,"href":"https:\/\/www.eldiario.net\/portal\/wp-json\/wp\/v2\/posts\/263339\/revisions"}],"predecessor-version":[{"id":263343,"href":"https:\/\/www.eldiario.net\/portal\/wp-json\/wp\/v2\/posts\/263339\/revisions\/263343"}],"wp:featuredmedia":[{"embeddable":true,"href":"https:\/\/www.eldiario.net\/portal\/wp-json\/wp\/v2\/media\/263341"}],"wp:attachment":[{"href":"https:\/\/www.eldiario.net\/portal\/wp-json\/wp\/v2\/media?parent=263339"}],"wp:term":[{"taxonomy":"category","embeddable":true,"href":"https:\/\/www.eldiario.net\/portal\/wp-json\/wp\/v2\/categories?post=263339"},{"taxonomy":"post_tag","embeddable":true,"href":"https:\/\/www.eldiario.net\/portal\/wp-json\/wp\/v2\/tags?post=263339"}],"curies":[{"name":"wp","href":"https:\/\/api.w.org\/{rel}","templated":true}]}}