{"id":263336,"date":"2024-11-24T07:42:38","date_gmt":"2024-11-24T11:42:38","guid":{"rendered":"https:\/\/www.eldiario.net\/portal\/?p=263336"},"modified":"2024-11-24T07:42:38","modified_gmt":"2024-11-24T11:42:38","slug":"ariana-grande-interpreta-a-galinda-glinda-en-wicked","status":"publish","type":"post","link":"https:\/\/www.eldiario.net\/portal\/2024\/11\/24\/ariana-grande-interpreta-a-galinda-glinda-en-wicked\/","title":{"rendered":"Ariana Grande interpreta a Galinda Glinda en Wicked"},"content":{"rendered":"<p>Glinda la Buena, originalmente llamada Galinda de las Tierras Altas es un irreprimible e irresistible paquete de exceso de confianza. Galinda, \u00e1vida coleccionista de seguidores y calzado, procede de una vida de privilegios, pero lo que anhela poseer desesperadamente es algo que el dinero no puede comprar: un poder m\u00e1gico.<br \/>\n\tA simple vista, Glinda parece una persona superficial y egoc\u00e9ntrica, pero su exterior color rosado y di\u00e1fano enmascara su capacidad de sentir empat\u00eda y la profundidad de su lealtad y amor hacia aquellos que m\u00e1s le importan. \u201cCuando alguien parece superficial, a menudo hay mucho m\u00e1s en \u00e9l\u201d, dice la guionista Winnie Holzman. \u201cUno de los temas de Wicked es que hay mucho m\u00e1s de lo que vemos en la superficie. Glinda se ve obligada a profundizar como persona, a enfrentarse a la complejidad del mundo y a s\u00ed misma\u201d.<br \/>\n\tEl papel requer\u00eda de una actriz que pudiera comunicar de manera cre\u00edble esa dualidad que hay en Glinda, y el director Jon M. Chu qued\u00f3 fascinado por los peque\u00f1os detalles que la exitosa artista Ariana Grande aport\u00f3 al personaje durante sus audiciones. \u201cCada vez que Ariana entraba, era la Glinda m\u00e1s interesante de la sala\u201d, puntualiza Chu. \u201cY cuando regresaba, se volv\u00eda a\u00fan m\u00e1s interesante, hasta el punto en que dijimos: \u2018Esa es Glinda\u2019\u201d.<br \/>\n\tLa actriz hab\u00eda estado prepar\u00e1ndose para el papel, en cierto modo, durante una d\u00e9cada. \u201cLlevaba unos diez a\u00f1os siguiendo al productor Marc Platt, pregunt\u00e1ndome cu\u00e1ndo se har\u00eda esta pel\u00edcula y cu\u00e1ndo tendr\u00eda la oportunidad de hacer una audici\u00f3n\u201d, dice Grande. Cuando finalmente supe de la audici\u00f3n, empec\u00e9 a practicar todos los d\u00edas con mi profesor de canto ERIC VETRO, y mi maestra de actuaci\u00f3n NANCY BANKS. Tuve que reconvertir mi voz para cantar de forma m\u00e1s cl\u00e1sica y oper\u00edstica, que es mi registro, pero con un estilo que no hab\u00eda realizado desde que era mucho m\u00e1s joven. Las cuerdas vocales tardan un tiempo en reaclimatarse, como cualquier otro m\u00fasculo, lo que requiere mucho entrenamiento\u201d.<br \/>\n\tEl compromiso de Grande hacia el papel se extendi\u00f3 hasta los detalles m\u00e1s peque\u00f1os, mucho antes de llegar al set. \u201cEstaba tan emocionada\u201d, comenta Grande. \u201cTen\u00eda una peque\u00f1a parte de mi cl\u00f3set llena de prendas de color rosa por si las necesitaba para un llamado. Hasta de la ropa interior, me preguntaba: \u2018\u00bfQu\u00e9 ropa interior se pondr\u00eda Glinda hoy?\u2019. Fui tres veces diferentes y recuerdo que inmediatamente me qued\u00e9 fascinada con nuestro director Jon M. Chu, y su bondad\u201d.<br \/>\n\tLa reacci\u00f3n de Grande cuando consigui\u00f3 el papel fue, como m\u00ednimo, euf\u00f3rica. \u201cDaba vueltas por mi casa esperando la noticia, y cuando por fin recib\u00ed la llamada y Jon me dijo que yo era su elecci\u00f3n para Glinda, fue el mejor momento de mi vida, sin lugar a dudas\u201d, se\u00f1ala Grande.<br \/>\n\tPara interpretar a Glinda, Grande se bas\u00f3 en su propia experiencia como una estrella de la m\u00fasica mundialmente famosa para revelar c\u00f3mo es para Glinda navegar ante el desaf\u00edo de los cuestionamientos de su base de fans y la popularidad. \u201cVemos a la verdadera Ariana, que muestra un lado que nadie hab\u00eda visto antes\u201d, expresa Chu.<br \/>\n\tPara Grande, la conexi\u00f3n con Glinda y con Wicked fue muy profunda. \u201cMientras crec\u00eda, me gustaba mucho el teatro infantil y las producciones familiares locales\u201d, relata Grande.<br \/>\n\tDurante las audiciones, Grande le escribi\u00f3 una carta a Jon M. Chu. \u201cEra importante expresar aquellas cosas que no cre\u00eda apropiado decir en la sala de audiciones\u201d, dice Grande. \u201cQuer\u00eda que la raz\u00f3n por la que consiguiera este papel estuviera basada en la actuaci\u00f3n; quer\u00eda gan\u00e1rmelo. Wicked significa tanto para m\u00ed que no lo quer\u00eda si eso significaba que yo no era la adecuada. Es m\u00e1s grande que yo, que nosotros, que cualquier cosa. Ten\u00eda la profunda sensaci\u00f3n de que si no era la actriz adecuada para esto, no pasaba nada, pero trabaj\u00e9 muy duro para conseguirlo y a lo largo del proceso, me di cuenta de que ciertas partes de m\u00ed se alineaban con Glinda de maneras que no me hab\u00eda dado cuenta antes. As\u00ed que quise expresarle esas cosas y compartir mis sentimientos con \u00e9l\u201d.<br \/>\n\tGrande dice que interpretar a Glinda ha tenido un impacto colosal en ella. \u201cPasar este tiempo con Glinda ha sido para m\u00ed un profundo viaje de autodescubrimiento y sanaci\u00f3n. Es extraordinario c\u00f3mo representar su personaje y abrazar la confianza en m\u00ed misma ha generado tanto crecimiento personal y sanaci\u00f3n interior\u201d.<br \/>\nY la experiencia de trabajar con Jon M. Chu fue todo lo que hab\u00eda so\u00f1ado, y m\u00e1s. \u201cJon es un director brillante y detallista\u201d, comenta Grande. \u201cSe asegur\u00f3 de que profundiz\u00e1ramos en las verdades de estas mujeres. La pel\u00edcula nos permite ver y sentir m\u00e1s que la producci\u00f3n teatral, que requer\u00eda un enfoque diferente de las actuaciones. Jon cuid\u00f3 mucho a los personajes y se asegur\u00f3 de que aprendi\u00e9ramos y sinti\u00e9ramos toda la verdad que fuera posible. El ambiente que cre\u00f3 fue cari\u00f1oso, seguro y cuidadoso. Todas las personas implicadas fueron conscientes de la narraci\u00f3n y de los dem\u00e1s, y todo eso empez\u00f3 con Jon y el tono que estableci\u00f3. Me siento privilegiada por haber trabajado con personas tan hermosas\u201d.<\/p>\n","protected":false},"excerpt":{"rendered":"<p>Glinda la Buena, originalmente llamada Galinda de las Tierras Altas es un irreprimible e irresistible paquete de exceso de confianza. Galinda, \u00e1vida coleccionista de seguidores y calzado, procede de una vida de privilegios, pero lo que anhela poseer desesperadamente es algo que el dinero no puede comprar: un poder m\u00e1gico. A simple vista, Glinda parece [&hellip;]<\/p>\n","protected":false},"author":1,"featured_media":263337,"comment_status":"closed","ping_status":"open","sticky":false,"template":"","format":"standard","meta":{"_acf_changed":false,"footnotes":""},"categories":[45],"tags":[],"class_list":["post-263336","post","type-post","status-publish","format-standard","has-post-thumbnail","category-cine-mundo"],"acf":{"antetitulo":""},"yoast_head":"<!-- This site is optimized with the Yoast SEO plugin v28.4 - https:\/\/yoast.com\/product\/yoast-seo-wordpress\/ -->\n<title>Ariana Grande interpreta a Galinda Glinda en Wicked - El Diario - Bolivia<\/title>\n<meta name=\"robots\" content=\"index, follow, max-snippet:-1, max-image-preview:large, max-video-preview:-1\" \/>\n<link rel=\"canonical\" href=\"https:\/\/www.eldiario.net\/portal\/2024\/11\/24\/ariana-grande-interpreta-a-galinda-glinda-en-wicked\/\" \/>\n<meta property=\"og:locale\" content=\"es_ES\" \/>\n<meta property=\"og:type\" content=\"article\" \/>\n<meta property=\"og:title\" content=\"Ariana Grande interpreta a Galinda Glinda en Wicked - El Diario - Bolivia\" \/>\n<meta property=\"og:description\" content=\"Glinda la Buena, originalmente llamada Galinda de las Tierras Altas es un irreprimible e irresistible paquete de exceso de confianza. Galinda, \u00e1vida coleccionista de seguidores y calzado, procede de una vida de privilegios, pero lo que anhela poseer desesperadamente es algo que el dinero no puede comprar: un poder m\u00e1gico. A simple vista, Glinda parece [&hellip;]\" \/>\n<meta property=\"og:url\" content=\"https:\/\/www.eldiario.net\/portal\/2024\/11\/24\/ariana-grande-interpreta-a-galinda-glinda-en-wicked\/\" \/>\n<meta property=\"og:site_name\" content=\"El Diario - Bolivia\" \/>\n<meta property=\"article:publisher\" content=\"https:\/\/www.facebook.com\/eldiario.bolivia\/\" \/>\n<meta property=\"article:published_time\" content=\"2024-11-24T11:42:38+00:00\" \/>\n<meta property=\"og:image\" content=\"https:\/\/www.eldiario.net\/portal\/wp-content\/uploads\/2024\/11\/Ariana-Grande-interpreta-a-Galinda-Glinda-en-Wicked.jpg\" \/>\n\t<meta property=\"og:image:width\" content=\"1280\" \/>\n\t<meta property=\"og:image:height\" content=\"720\" \/>\n\t<meta property=\"og:image:type\" content=\"image\/jpeg\" \/>\n<meta name=\"author\" content=\"Jeanette\" \/>\n<meta name=\"twitter:card\" content=\"summary_large_image\" \/>\n<meta name=\"twitter:creator\" content=\"@eldiario_net\" \/>\n<meta name=\"twitter:site\" content=\"@eldiario_net\" \/>\n<meta name=\"twitter:label1\" content=\"Escrito por\" \/>\n\t<meta name=\"twitter:data1\" content=\"Jeanette\" \/>\n\t<meta name=\"twitter:label2\" content=\"Tiempo de lectura\" \/>\n\t<meta name=\"twitter:data2\" content=\"1 minuto\" \/>\n<script type=\"application\/ld+json\" class=\"yoast-schema-graph\">{\"@context\":\"https:\\\/\\\/schema.org\",\"@graph\":[{\"@type\":\"Article\",\"@id\":\"https:\\\/\\\/www.eldiario.net\\\/portal\\\/2024\\\/11\\\/24\\\/ariana-grande-interpreta-a-galinda-glinda-en-wicked\\\/#article\",\"isPartOf\":{\"@id\":\"https:\\\/\\\/www.eldiario.net\\\/portal\\\/2024\\\/11\\\/24\\\/ariana-grande-interpreta-a-galinda-glinda-en-wicked\\\/\"},\"author\":{\"name\":\"Jeanette\",\"@id\":\"https:\\\/\\\/www.eldiario.net\\\/portal\\\/#\\\/schema\\\/person\\\/f46445640444750d7d753ccd04ae01b7\"},\"headline\":\"Ariana Grande interpreta a Galinda Glinda en Wicked\",\"datePublished\":\"2024-11-24T11:42:38+00:00\",\"mainEntityOfPage\":{\"@id\":\"https:\\\/\\\/www.eldiario.net\\\/portal\\\/2024\\\/11\\\/24\\\/ariana-grande-interpreta-a-galinda-glinda-en-wicked\\\/\"},\"wordCount\":934,\"publisher\":{\"@id\":\"https:\\\/\\\/www.eldiario.net\\\/portal\\\/#organization\"},\"image\":{\"@id\":\"https:\\\/\\\/www.eldiario.net\\\/portal\\\/2024\\\/11\\\/24\\\/ariana-grande-interpreta-a-galinda-glinda-en-wicked\\\/#primaryimage\"},\"thumbnailUrl\":\"https:\\\/\\\/www.eldiario.net\\\/portal\\\/wp-content\\\/uploads\\\/2024\\\/11\\\/Ariana-Grande-interpreta-a-Galinda-Glinda-en-Wicked.jpg\",\"articleSection\":[\"Cine Mundo\"],\"inLanguage\":\"es\"},{\"@type\":\"WebPage\",\"@id\":\"https:\\\/\\\/www.eldiario.net\\\/portal\\\/2024\\\/11\\\/24\\\/ariana-grande-interpreta-a-galinda-glinda-en-wicked\\\/\",\"url\":\"https:\\\/\\\/www.eldiario.net\\\/portal\\\/2024\\\/11\\\/24\\\/ariana-grande-interpreta-a-galinda-glinda-en-wicked\\\/\",\"name\":\"Ariana Grande interpreta a Galinda Glinda en Wicked - El Diario - Bolivia\",\"isPartOf\":{\"@id\":\"https:\\\/\\\/www.eldiario.net\\\/portal\\\/#website\"},\"primaryImageOfPage\":{\"@id\":\"https:\\\/\\\/www.eldiario.net\\\/portal\\\/2024\\\/11\\\/24\\\/ariana-grande-interpreta-a-galinda-glinda-en-wicked\\\/#primaryimage\"},\"image\":{\"@id\":\"https:\\\/\\\/www.eldiario.net\\\/portal\\\/2024\\\/11\\\/24\\\/ariana-grande-interpreta-a-galinda-glinda-en-wicked\\\/#primaryimage\"},\"thumbnailUrl\":\"https:\\\/\\\/www.eldiario.net\\\/portal\\\/wp-content\\\/uploads\\\/2024\\\/11\\\/Ariana-Grande-interpreta-a-Galinda-Glinda-en-Wicked.jpg\",\"datePublished\":\"2024-11-24T11:42:38+00:00\",\"breadcrumb\":{\"@id\":\"https:\\\/\\\/www.eldiario.net\\\/portal\\\/2024\\\/11\\\/24\\\/ariana-grande-interpreta-a-galinda-glinda-en-wicked\\\/#breadcrumb\"},\"inLanguage\":\"es\",\"potentialAction\":[{\"@type\":\"ReadAction\",\"target\":[\"https:\\\/\\\/www.eldiario.net\\\/portal\\\/2024\\\/11\\\/24\\\/ariana-grande-interpreta-a-galinda-glinda-en-wicked\\\/\"]}]},{\"@type\":\"ImageObject\",\"inLanguage\":\"es\",\"@id\":\"https:\\\/\\\/www.eldiario.net\\\/portal\\\/2024\\\/11\\\/24\\\/ariana-grande-interpreta-a-galinda-glinda-en-wicked\\\/#primaryimage\",\"url\":\"https:\\\/\\\/www.eldiario.net\\\/portal\\\/wp-content\\\/uploads\\\/2024\\\/11\\\/Ariana-Grande-interpreta-a-Galinda-Glinda-en-Wicked.jpg\",\"contentUrl\":\"https:\\\/\\\/www.eldiario.net\\\/portal\\\/wp-content\\\/uploads\\\/2024\\\/11\\\/Ariana-Grande-interpreta-a-Galinda-Glinda-en-Wicked.jpg\",\"width\":1280,\"height\":720},{\"@type\":\"BreadcrumbList\",\"@id\":\"https:\\\/\\\/www.eldiario.net\\\/portal\\\/2024\\\/11\\\/24\\\/ariana-grande-interpreta-a-galinda-glinda-en-wicked\\\/#breadcrumb\",\"itemListElement\":[{\"@type\":\"ListItem\",\"position\":1,\"name\":\"Portada\",\"item\":\"https:\\\/\\\/www.eldiario.net\\\/portal\\\/\"},{\"@type\":\"ListItem\",\"position\":2,\"name\":\"Ariana Grande interpreta a Galinda Glinda en Wicked\"}]},{\"@type\":\"WebSite\",\"@id\":\"https:\\\/\\\/www.eldiario.net\\\/portal\\\/#website\",\"url\":\"https:\\\/\\\/www.eldiario.net\\\/portal\\\/\",\"name\":\"El Diario - Decano de la prensa nacional\",\"description\":\"El Diario - Decano de la prensa nacional\",\"publisher\":{\"@id\":\"https:\\\/\\\/www.eldiario.net\\\/portal\\\/#organization\"},\"potentialAction\":[{\"@type\":\"SearchAction\",\"target\":{\"@type\":\"EntryPoint\",\"urlTemplate\":\"https:\\\/\\\/www.eldiario.net\\\/portal\\\/?s={search_term_string}\"},\"query-input\":{\"@type\":\"PropertyValueSpecification\",\"valueRequired\":true,\"valueName\":\"search_term_string\"}}],\"inLanguage\":\"es\"},{\"@type\":\"Organization\",\"@id\":\"https:\\\/\\\/www.eldiario.net\\\/portal\\\/#organization\",\"name\":\"El Diario - Decano de la prensa nacional\",\"url\":\"https:\\\/\\\/www.eldiario.net\\\/portal\\\/\",\"logo\":{\"@type\":\"ImageObject\",\"inLanguage\":\"es\",\"@id\":\"https:\\\/\\\/www.eldiario.net\\\/portal\\\/#\\\/schema\\\/logo\\\/image\\\/\",\"url\":\"https:\\\/\\\/www.eldiario.net\\\/portal\\\/wp-content\\\/uploads\\\/2023\\\/07\\\/logo_ED.jpg\",\"contentUrl\":\"https:\\\/\\\/www.eldiario.net\\\/portal\\\/wp-content\\\/uploads\\\/2023\\\/07\\\/logo_ED.jpg\",\"width\":272,\"height\":52,\"caption\":\"El Diario - Decano de la prensa nacional\"},\"image\":{\"@id\":\"https:\\\/\\\/www.eldiario.net\\\/portal\\\/#\\\/schema\\\/logo\\\/image\\\/\"},\"sameAs\":[\"https:\\\/\\\/www.facebook.com\\\/eldiario.bolivia\\\/\",\"https:\\\/\\\/x.com\\\/eldiario_net\"]},{\"@type\":\"Person\",\"@id\":\"https:\\\/\\\/www.eldiario.net\\\/portal\\\/#\\\/schema\\\/person\\\/f46445640444750d7d753ccd04ae01b7\",\"name\":\"Jeanette\",\"image\":{\"@type\":\"ImageObject\",\"inLanguage\":\"es\",\"@id\":\"https:\\\/\\\/secure.gravatar.com\\\/avatar\\\/3ea2118a5f7dad2b7138b1187a6b7ee55f160b9968b66013c3a3ef39dd7e5798?s=96&d=mm&r=g\",\"url\":\"https:\\\/\\\/secure.gravatar.com\\\/avatar\\\/3ea2118a5f7dad2b7138b1187a6b7ee55f160b9968b66013c3a3ef39dd7e5798?s=96&d=mm&r=g\",\"contentUrl\":\"https:\\\/\\\/secure.gravatar.com\\\/avatar\\\/3ea2118a5f7dad2b7138b1187a6b7ee55f160b9968b66013c3a3ef39dd7e5798?s=96&d=mm&r=g\",\"caption\":\"Jeanette\"},\"sameAs\":[\"https:\\\/\\\/www.eldiario.net\\\/portal\"],\"url\":\"https:\\\/\\\/www.eldiario.net\\\/portal\\\/author\\\/jeanette\\\/\"}]}<\/script>\n<!-- \/ Yoast SEO plugin. -->","yoast_head_json":{"title":"Ariana Grande interpreta a Galinda Glinda en Wicked - El Diario - Bolivia","robots":{"index":"index","follow":"follow","max-snippet":"max-snippet:-1","max-image-preview":"max-image-preview:large","max-video-preview":"max-video-preview:-1"},"canonical":"https:\/\/www.eldiario.net\/portal\/2024\/11\/24\/ariana-grande-interpreta-a-galinda-glinda-en-wicked\/","og_locale":"es_ES","og_type":"article","og_title":"Ariana Grande interpreta a Galinda Glinda en Wicked - El Diario - Bolivia","og_description":"Glinda la Buena, originalmente llamada Galinda de las Tierras Altas es un irreprimible e irresistible paquete de exceso de confianza. Galinda, \u00e1vida coleccionista de seguidores y calzado, procede de una vida de privilegios, pero lo que anhela poseer desesperadamente es algo que el dinero no puede comprar: un poder m\u00e1gico. A simple vista, Glinda parece [&hellip;]","og_url":"https:\/\/www.eldiario.net\/portal\/2024\/11\/24\/ariana-grande-interpreta-a-galinda-glinda-en-wicked\/","og_site_name":"El Diario - Bolivia","article_publisher":"https:\/\/www.facebook.com\/eldiario.bolivia\/","article_published_time":"2024-11-24T11:42:38+00:00","og_image":[{"width":1280,"height":720,"url":"https:\/\/www.eldiario.net\/portal\/wp-content\/uploads\/2024\/11\/Ariana-Grande-interpreta-a-Galinda-Glinda-en-Wicked.jpg","type":"image\/jpeg"}],"author":"Jeanette","twitter_card":"summary_large_image","twitter_creator":"@eldiario_net","twitter_site":"@eldiario_net","twitter_misc":{"Escrito por":"Jeanette","Tiempo de lectura":"1 minuto"},"schema":{"@context":"https:\/\/schema.org","@graph":[{"@type":"Article","@id":"https:\/\/www.eldiario.net\/portal\/2024\/11\/24\/ariana-grande-interpreta-a-galinda-glinda-en-wicked\/#article","isPartOf":{"@id":"https:\/\/www.eldiario.net\/portal\/2024\/11\/24\/ariana-grande-interpreta-a-galinda-glinda-en-wicked\/"},"author":{"name":"Jeanette","@id":"https:\/\/www.eldiario.net\/portal\/#\/schema\/person\/f46445640444750d7d753ccd04ae01b7"},"headline":"Ariana Grande interpreta a Galinda Glinda en Wicked","datePublished":"2024-11-24T11:42:38+00:00","mainEntityOfPage":{"@id":"https:\/\/www.eldiario.net\/portal\/2024\/11\/24\/ariana-grande-interpreta-a-galinda-glinda-en-wicked\/"},"wordCount":934,"publisher":{"@id":"https:\/\/www.eldiario.net\/portal\/#organization"},"image":{"@id":"https:\/\/www.eldiario.net\/portal\/2024\/11\/24\/ariana-grande-interpreta-a-galinda-glinda-en-wicked\/#primaryimage"},"thumbnailUrl":"https:\/\/www.eldiario.net\/portal\/wp-content\/uploads\/2024\/11\/Ariana-Grande-interpreta-a-Galinda-Glinda-en-Wicked.jpg","articleSection":["Cine Mundo"],"inLanguage":"es"},{"@type":"WebPage","@id":"https:\/\/www.eldiario.net\/portal\/2024\/11\/24\/ariana-grande-interpreta-a-galinda-glinda-en-wicked\/","url":"https:\/\/www.eldiario.net\/portal\/2024\/11\/24\/ariana-grande-interpreta-a-galinda-glinda-en-wicked\/","name":"Ariana Grande interpreta a Galinda Glinda en Wicked - El Diario - Bolivia","isPartOf":{"@id":"https:\/\/www.eldiario.net\/portal\/#website"},"primaryImageOfPage":{"@id":"https:\/\/www.eldiario.net\/portal\/2024\/11\/24\/ariana-grande-interpreta-a-galinda-glinda-en-wicked\/#primaryimage"},"image":{"@id":"https:\/\/www.eldiario.net\/portal\/2024\/11\/24\/ariana-grande-interpreta-a-galinda-glinda-en-wicked\/#primaryimage"},"thumbnailUrl":"https:\/\/www.eldiario.net\/portal\/wp-content\/uploads\/2024\/11\/Ariana-Grande-interpreta-a-Galinda-Glinda-en-Wicked.jpg","datePublished":"2024-11-24T11:42:38+00:00","breadcrumb":{"@id":"https:\/\/www.eldiario.net\/portal\/2024\/11\/24\/ariana-grande-interpreta-a-galinda-glinda-en-wicked\/#breadcrumb"},"inLanguage":"es","potentialAction":[{"@type":"ReadAction","target":["https:\/\/www.eldiario.net\/portal\/2024\/11\/24\/ariana-grande-interpreta-a-galinda-glinda-en-wicked\/"]}]},{"@type":"ImageObject","inLanguage":"es","@id":"https:\/\/www.eldiario.net\/portal\/2024\/11\/24\/ariana-grande-interpreta-a-galinda-glinda-en-wicked\/#primaryimage","url":"https:\/\/www.eldiario.net\/portal\/wp-content\/uploads\/2024\/11\/Ariana-Grande-interpreta-a-Galinda-Glinda-en-Wicked.jpg","contentUrl":"https:\/\/www.eldiario.net\/portal\/wp-content\/uploads\/2024\/11\/Ariana-Grande-interpreta-a-Galinda-Glinda-en-Wicked.jpg","width":1280,"height":720},{"@type":"BreadcrumbList","@id":"https:\/\/www.eldiario.net\/portal\/2024\/11\/24\/ariana-grande-interpreta-a-galinda-glinda-en-wicked\/#breadcrumb","itemListElement":[{"@type":"ListItem","position":1,"name":"Portada","item":"https:\/\/www.eldiario.net\/portal\/"},{"@type":"ListItem","position":2,"name":"Ariana Grande interpreta a Galinda Glinda en Wicked"}]},{"@type":"WebSite","@id":"https:\/\/www.eldiario.net\/portal\/#website","url":"https:\/\/www.eldiario.net\/portal\/","name":"El Diario - Decano de la prensa nacional","description":"El Diario - Decano de la prensa nacional","publisher":{"@id":"https:\/\/www.eldiario.net\/portal\/#organization"},"potentialAction":[{"@type":"SearchAction","target":{"@type":"EntryPoint","urlTemplate":"https:\/\/www.eldiario.net\/portal\/?s={search_term_string}"},"query-input":{"@type":"PropertyValueSpecification","valueRequired":true,"valueName":"search_term_string"}}],"inLanguage":"es"},{"@type":"Organization","@id":"https:\/\/www.eldiario.net\/portal\/#organization","name":"El Diario - Decano de la prensa nacional","url":"https:\/\/www.eldiario.net\/portal\/","logo":{"@type":"ImageObject","inLanguage":"es","@id":"https:\/\/www.eldiario.net\/portal\/#\/schema\/logo\/image\/","url":"https:\/\/www.eldiario.net\/portal\/wp-content\/uploads\/2023\/07\/logo_ED.jpg","contentUrl":"https:\/\/www.eldiario.net\/portal\/wp-content\/uploads\/2023\/07\/logo_ED.jpg","width":272,"height":52,"caption":"El Diario - Decano de la prensa nacional"},"image":{"@id":"https:\/\/www.eldiario.net\/portal\/#\/schema\/logo\/image\/"},"sameAs":["https:\/\/www.facebook.com\/eldiario.bolivia\/","https:\/\/x.com\/eldiario_net"]},{"@type":"Person","@id":"https:\/\/www.eldiario.net\/portal\/#\/schema\/person\/f46445640444750d7d753ccd04ae01b7","name":"Jeanette","image":{"@type":"ImageObject","inLanguage":"es","@id":"https:\/\/secure.gravatar.com\/avatar\/3ea2118a5f7dad2b7138b1187a6b7ee55f160b9968b66013c3a3ef39dd7e5798?s=96&d=mm&r=g","url":"https:\/\/secure.gravatar.com\/avatar\/3ea2118a5f7dad2b7138b1187a6b7ee55f160b9968b66013c3a3ef39dd7e5798?s=96&d=mm&r=g","contentUrl":"https:\/\/secure.gravatar.com\/avatar\/3ea2118a5f7dad2b7138b1187a6b7ee55f160b9968b66013c3a3ef39dd7e5798?s=96&d=mm&r=g","caption":"Jeanette"},"sameAs":["https:\/\/www.eldiario.net\/portal"],"url":"https:\/\/www.eldiario.net\/portal\/author\/jeanette\/"}]}},"_links":{"self":[{"href":"https:\/\/www.eldiario.net\/portal\/wp-json\/wp\/v2\/posts\/263336","targetHints":{"allow":["GET"]}}],"collection":[{"href":"https:\/\/www.eldiario.net\/portal\/wp-json\/wp\/v2\/posts"}],"about":[{"href":"https:\/\/www.eldiario.net\/portal\/wp-json\/wp\/v2\/types\/post"}],"author":[{"embeddable":true,"href":"https:\/\/www.eldiario.net\/portal\/wp-json\/wp\/v2\/users\/1"}],"replies":[{"embeddable":true,"href":"https:\/\/www.eldiario.net\/portal\/wp-json\/wp\/v2\/comments?post=263336"}],"version-history":[{"count":1,"href":"https:\/\/www.eldiario.net\/portal\/wp-json\/wp\/v2\/posts\/263336\/revisions"}],"predecessor-version":[{"id":263338,"href":"https:\/\/www.eldiario.net\/portal\/wp-json\/wp\/v2\/posts\/263336\/revisions\/263338"}],"wp:featuredmedia":[{"embeddable":true,"href":"https:\/\/www.eldiario.net\/portal\/wp-json\/wp\/v2\/media\/263337"}],"wp:attachment":[{"href":"https:\/\/www.eldiario.net\/portal\/wp-json\/wp\/v2\/media?parent=263336"}],"wp:term":[{"taxonomy":"category","embeddable":true,"href":"https:\/\/www.eldiario.net\/portal\/wp-json\/wp\/v2\/categories?post=263336"},{"taxonomy":"post_tag","embeddable":true,"href":"https:\/\/www.eldiario.net\/portal\/wp-json\/wp\/v2\/tags?post=263336"}],"curies":[{"name":"wp","href":"https:\/\/api.w.org\/{rel}","templated":true}]}}