{"id":263318,"date":"2024-11-24T07:38:14","date_gmt":"2024-11-24T11:38:14","guid":{"rendered":"https:\/\/www.eldiario.net\/portal\/?p=263318"},"modified":"2024-11-24T07:38:14","modified_gmt":"2024-11-24T11:38:14","slug":"la-coreografia-y-los-dobles-de-riesgo-de-wicked","status":"publish","type":"post","link":"https:\/\/www.eldiario.net\/portal\/2024\/11\/24\/la-coreografia-y-los-dobles-de-riesgo-de-wicked\/","title":{"rendered":"La coreograf\u00eda y los dobles de riesgo de Wicked"},"content":{"rendered":"<p>Para crear la coreograf\u00eda de Wicked, el director Jon M. Chu recurri\u00f3 a su viejo colaborador, el aclamado core\u00f3grafo de la pel\u00edcula In the Heights, y tres veces nominado al Emmy Christopher Scott (So You Think You Can Dance). Para Scott, que vio Wicked en el teatro siete veces, lo sinti\u00f3 como un sue\u00f1o hecho realidad. \u201cEl ni\u00f1o teatral que hay en m\u00ed se sinti\u00f3 abrumado\u201d, dice Scott.<br \/>\nSeis meses antes de que iniciara la producci\u00f3n, Scott y su equipo empezaron a ensayar la coreograf\u00eda y el dise\u00f1o de movimiento para la pel\u00edcula. Chu quer\u00eda que el movimiento de la pel\u00edcula fuera espec\u00edfico y distintivo de Oz. \u201cNo es el movimiento que conocemos en nuestra vida diaria\u201d, dice Chu. \u201cTengo un gran colaborador en Christopher. No se trata s\u00f3lo del movimiento de lo que est\u00e1 delante de la c\u00e1mara; es el movimiento de la propia c\u00e1mara\u201d. El resultado es un estilo de movimiento y baile como nunca antes se hab\u00eda visto en un musical cinematogr\u00e1fico. \u201cJon crea magia con Chris\u201d, expresa el productor Marc Platt. \u201cJon conoci\u00f3 a Chris en el rodaje de Step Up 2. Chris desarroll\u00f3 una gram\u00e1tica y un lenguaje coreogr\u00e1ficos que combinan una multitud de estilos de baile conocidos con un lenguaje oziano. Aqu\u00ed, el movimiento del cuerpo es familiar y a la vez rinde homenaje a los musicales, pero tambi\u00e9n te lleva a lugares que nunca has visto\u201d.<br \/>\nEl primer gran n\u00famero musical que se rod\u00f3 en Wicked fue \u201cWhat is this Feeling?\u201d, en el dormitorio de Glinda y Elphaba, en la Universidad de Shiz. Cynthia Erivo y Ariana Grande cantaron en vivo, mientras todo el equipo de producci\u00f3n las vitoreaba. \u201cFue el espect\u00e1culo teatral m\u00e1s grandioso que jam\u00e1s hayas visto\u201d, se\u00f1ala Chu. \u201cFue bueno abrir con esta canci\u00f3n\u201d.<br \/>\n\tBajo la atenta mirada de la coordinadora de dobles de riesgo JO McLAREN (The Marvels) y su equipo, los monos vuelan y las brujas se elevan en Wicked. Para Cynthia Erivo, participar en sus propias escenas de riesgo \u2014en la medida en que se pod\u00edan hacer sin peligro no s\u00f3lo la presion\u00f3 a nivel f\u00edsico, sino que tambi\u00e9n aprend\u00eda m\u00e1s sobre su personaje. \u201cYo quer\u00eda hacer todas las secuencias de acci\u00f3n y las peleas\u201d, dice Erivo, \u201cno s\u00f3lo porque me sent\u00eda bien, sino tambi\u00e9n porque aprend\u00eda m\u00e1s de por lo que ha pasado este personaje y de lo que soporta f\u00edsicamente. Pod\u00eda trasladar lo que Elphaba sent\u00eda f\u00edsicamente a cualquier otra cosa yo estuviera haciendo\u201d.<br \/>\n\tA lo largo de ese proceso, Erivo, que se describe a s\u00ed misma como una \u201cbuscadora de emociones\u201d, pudo explorar su equilibrio y c\u00f3mo se mov\u00eda su cuerpo bajo estr\u00e9s. \u201cEsto me permiti\u00f3 descubrir todas esas peque\u00f1as cosas que normalmente no sabes a menos que est\u00e9s a 12 metros de altura colgada de cables\u201d, dice Erivo. \u201cHasta que no tuve que hacerlo, no supe que mi cuerpo tiende a inclinarse hacia delante y que tengo que compensarlo movi\u00e9ndome hacia atr\u00e1s\u201d.<br \/>\nEn la rueda de tornado de la Universidad de Shiz \u2014las tres ruedas giratorias de la biblioteca de Shiz\u2014 el core\u00f3grafo Scott y la coordinadora de dobles de riesgo McLaren emplearon a un grupo de bailarines, B-boys y B-girls, expertos en parkour, gimnastas y dobles de riesgo&#8230; todos movi\u00e9ndose en distintas direcciones y al mismo tiempo. \u201cTienen una gran fluidez de movimientos, agilidad y fuerza\u201d, explica McLaren. Saltaron por encima de obst\u00e1culos, aterrizaron en cornisas peque\u00f1as y estrechas, manteniendo la fluidez\u201d.<\/p>\n\r\n                <style type=\"text\/css\">\r\n                    \r\n                    #tdi_1  .td-doubleSlider-2 .td-item1 {\r\n                        background: url(https:\/\/www.eldiario.net\/portal\/wp-content\/uploads\/2024\/11\/La-coreografia-y-los-dobles-de-riesgo-de-Wicked-2-80x60.jpg) 0 0 no-repeat;\r\n                    }\r\n                    #tdi_1  .td-doubleSlider-2 .td-item2 {\r\n                        background: url(https:\/\/www.eldiario.net\/portal\/wp-content\/uploads\/2024\/11\/La-coreografia-y-los-dobles-de-riesgo-de-Wicked-80x60.jpg) 0 0 no-repeat;\r\n                    }\r\n                <\/style>\r\n\r\n                <div id=\"tdi_1\" class=\"td-gallery td-slide-on-2-columns\">\r\n                    <div class=\"post_td_gallery\">\r\n                        <div class=\"td-gallery-slide-top\">\r\n                           <div class=\"td-gallery-title\"><\/div>\r\n\r\n                            <div class=\"td-gallery-controls-wrapper\">\r\n                                <div class=\"td-gallery-slide-count\"><span class=\"td-gallery-slide-item-focus\">1<\/span> de 2<\/div>\r\n                                <div class=\"td-gallery-slide-prev-next-but\">\r\n                                    <i class = \"td-icon-left doubleSliderPrevButton\"><\/i>\r\n                                    <i class = \"td-icon-right doubleSliderNextButton\"><\/i>\r\n                                <\/div>\r\n                            <\/div>\r\n                        <\/div>\r\n\r\n                        <div class = \"td-doubleSlider-1 \">\r\n                            <div class = \"td-slider\">\r\n                                \r\n                    <div class = \"td-slide-item td-item1\">\r\n                        <figure class=\"td-slide-galery-figure td-slide-popup-gallery\">\r\n                            <a class=\"slide-gallery-image-link\" href=\"https:\/\/www.eldiario.net\/portal\/wp-content\/uploads\/2024\/11\/La-coreografia-y-los-dobles-de-riesgo-de-Wicked-2.jpg\" title=\"La coreograf\u00eda y los dobles de riesgo de Wicked (2)\"  data-caption=\"\"  data-description=\"\">\r\n                                <img decoding=\"async\" src=\"https:\/\/www.eldiario.net\/portal\/wp-content\/uploads\/2024\/11\/La-coreografia-y-los-dobles-de-riesgo-de-Wicked-2-747x420.jpg\" srcset=\"https:\/\/www.eldiario.net\/portal\/wp-content\/uploads\/2024\/11\/La-coreografia-y-los-dobles-de-riesgo-de-Wicked-2-747x420.jpg 747w, https:\/\/www.eldiario.net\/portal\/wp-content\/uploads\/2024\/11\/La-coreografia-y-los-dobles-de-riesgo-de-Wicked-2-300x169.jpg 300w, https:\/\/www.eldiario.net\/portal\/wp-content\/uploads\/2024\/11\/La-coreografia-y-los-dobles-de-riesgo-de-Wicked-2-1024x576.jpg 1024w, https:\/\/www.eldiario.net\/portal\/wp-content\/uploads\/2024\/11\/La-coreografia-y-los-dobles-de-riesgo-de-Wicked-2-768x432.jpg 768w, https:\/\/www.eldiario.net\/portal\/wp-content\/uploads\/2024\/11\/La-coreografia-y-los-dobles-de-riesgo-de-Wicked-2-696x392.jpg 696w, https:\/\/www.eldiario.net\/portal\/wp-content\/uploads\/2024\/11\/La-coreografia-y-los-dobles-de-riesgo-de-Wicked-2-1068x601.jpg 1068w, https:\/\/www.eldiario.net\/portal\/wp-content\/uploads\/2024\/11\/La-coreografia-y-los-dobles-de-riesgo-de-Wicked-2.jpg 1280w\" sizes=\"(max-width: 747px) 100vw, 747px\" alt=\"\">\r\n                            <\/a>\r\n                            \r\n                        <\/figure>\r\n                    <\/div>\r\n                    <div class = \"td-slide-item td-item2\">\r\n                        <figure class=\"td-slide-galery-figure td-slide-popup-gallery\">\r\n                            <a class=\"slide-gallery-image-link\" href=\"https:\/\/www.eldiario.net\/portal\/wp-content\/uploads\/2024\/11\/La-coreografia-y-los-dobles-de-riesgo-de-Wicked.jpg\" title=\"La coreograf\u00eda y los dobles de riesgo de Wicked\"  data-caption=\"\"  data-description=\"\">\r\n                                <img decoding=\"async\" src=\"https:\/\/www.eldiario.net\/portal\/wp-content\/uploads\/2024\/11\/La-coreografia-y-los-dobles-de-riesgo-de-Wicked-747x420.jpg\" srcset=\"https:\/\/www.eldiario.net\/portal\/wp-content\/uploads\/2024\/11\/La-coreografia-y-los-dobles-de-riesgo-de-Wicked-747x420.jpg 747w, https:\/\/www.eldiario.net\/portal\/wp-content\/uploads\/2024\/11\/La-coreografia-y-los-dobles-de-riesgo-de-Wicked-300x169.jpg 300w, https:\/\/www.eldiario.net\/portal\/wp-content\/uploads\/2024\/11\/La-coreografia-y-los-dobles-de-riesgo-de-Wicked-1024x576.jpg 1024w, https:\/\/www.eldiario.net\/portal\/wp-content\/uploads\/2024\/11\/La-coreografia-y-los-dobles-de-riesgo-de-Wicked-768x432.jpg 768w, https:\/\/www.eldiario.net\/portal\/wp-content\/uploads\/2024\/11\/La-coreografia-y-los-dobles-de-riesgo-de-Wicked-696x392.jpg 696w, https:\/\/www.eldiario.net\/portal\/wp-content\/uploads\/2024\/11\/La-coreografia-y-los-dobles-de-riesgo-de-Wicked-1068x601.jpg 1068w, https:\/\/www.eldiario.net\/portal\/wp-content\/uploads\/2024\/11\/La-coreografia-y-los-dobles-de-riesgo-de-Wicked.jpg 1280w\" sizes=\"(max-width: 747px) 100vw, 747px\" alt=\"\">\r\n                            <\/a>\r\n                            \r\n                        <\/figure>\r\n                    <\/div>\r\n                            <\/div>\r\n                        <\/div>\r\n\r\n                        <div class = \"td-doubleSlider-2\">\r\n                            <div class = \"td-slider\">\r\n                                \r\n                    <div class = \"td-button td-item1\">\r\n                        <div class = \"td-border\"><\/div>\r\n                    <\/div>\r\n                    <div class = \"td-button td-item2\">\r\n                        <div class = \"td-border\"><\/div>\r\n                    <\/div>\r\n                            <\/div>\r\n                        <\/div>\r\n\r\n                    <\/div>\r\n\r\n                <\/div>\r\n                \n","protected":false},"excerpt":{"rendered":"<p>Para crear la coreograf\u00eda de Wicked, el director Jon M. Chu recurri\u00f3 a su viejo colaborador, el aclamado core\u00f3grafo de la pel\u00edcula In the Heights, y tres veces nominado al Emmy Christopher Scott (So You Think You Can Dance). Para Scott, que vio Wicked en el teatro siete veces, lo sinti\u00f3 como un sue\u00f1o hecho [&hellip;]<\/p>\n","protected":false},"author":1,"featured_media":263319,"comment_status":"closed","ping_status":"open","sticky":false,"template":"","format":"standard","meta":{"_acf_changed":false,"footnotes":""},"categories":[45],"tags":[],"class_list":["post-263318","post","type-post","status-publish","format-standard","has-post-thumbnail","category-cine-mundo"],"acf":{"antetitulo":""},"yoast_head":"<!-- This site is optimized with the Yoast SEO plugin v28.4 - https:\/\/yoast.com\/product\/yoast-seo-wordpress\/ -->\n<title>La coreograf\u00eda y los dobles de riesgo de Wicked - El Diario - Bolivia<\/title>\n<meta name=\"robots\" content=\"index, follow, max-snippet:-1, max-image-preview:large, max-video-preview:-1\" \/>\n<link rel=\"canonical\" href=\"https:\/\/www.eldiario.net\/portal\/2024\/11\/24\/la-coreografia-y-los-dobles-de-riesgo-de-wicked\/\" \/>\n<meta property=\"og:locale\" content=\"es_ES\" \/>\n<meta property=\"og:type\" content=\"article\" \/>\n<meta property=\"og:title\" content=\"La coreograf\u00eda y los dobles de riesgo de Wicked - El Diario - Bolivia\" \/>\n<meta property=\"og:description\" content=\"Para crear la coreograf\u00eda de Wicked, el director Jon M. Chu recurri\u00f3 a su viejo colaborador, el aclamado core\u00f3grafo de la pel\u00edcula In the Heights, y tres veces nominado al Emmy Christopher Scott (So You Think You Can Dance). Para Scott, que vio Wicked en el teatro siete veces, lo sinti\u00f3 como un sue\u00f1o hecho [&hellip;]\" \/>\n<meta property=\"og:url\" content=\"https:\/\/www.eldiario.net\/portal\/2024\/11\/24\/la-coreografia-y-los-dobles-de-riesgo-de-wicked\/\" \/>\n<meta property=\"og:site_name\" content=\"El Diario - Bolivia\" \/>\n<meta property=\"article:publisher\" content=\"https:\/\/www.facebook.com\/eldiario.bolivia\/\" \/>\n<meta property=\"article:published_time\" content=\"2024-11-24T11:38:14+00:00\" \/>\n<meta property=\"og:image\" content=\"https:\/\/www.eldiario.net\/portal\/wp-content\/uploads\/2024\/11\/La-coreografia-y-los-dobles-de-riesgo-de-Wicked-2.jpg\" \/>\n\t<meta property=\"og:image:width\" content=\"1280\" \/>\n\t<meta property=\"og:image:height\" content=\"720\" \/>\n\t<meta property=\"og:image:type\" content=\"image\/jpeg\" \/>\n<meta name=\"author\" content=\"Jeanette\" \/>\n<meta name=\"twitter:card\" content=\"summary_large_image\" \/>\n<meta name=\"twitter:creator\" content=\"@eldiario_net\" \/>\n<meta name=\"twitter:site\" content=\"@eldiario_net\" \/>\n<meta name=\"twitter:label1\" content=\"Escrito por\" \/>\n\t<meta name=\"twitter:data1\" content=\"Jeanette\" \/>\n\t<meta name=\"twitter:label2\" content=\"Tiempo de lectura\" \/>\n\t<meta name=\"twitter:data2\" content=\"1 minuto\" \/>\n<script type=\"application\/ld+json\" class=\"yoast-schema-graph\">{\"@context\":\"https:\\\/\\\/schema.org\",\"@graph\":[{\"@type\":\"Article\",\"@id\":\"https:\\\/\\\/www.eldiario.net\\\/portal\\\/2024\\\/11\\\/24\\\/la-coreografia-y-los-dobles-de-riesgo-de-wicked\\\/#article\",\"isPartOf\":{\"@id\":\"https:\\\/\\\/www.eldiario.net\\\/portal\\\/2024\\\/11\\\/24\\\/la-coreografia-y-los-dobles-de-riesgo-de-wicked\\\/\"},\"author\":{\"name\":\"Jeanette\",\"@id\":\"https:\\\/\\\/www.eldiario.net\\\/portal\\\/#\\\/schema\\\/person\\\/f46445640444750d7d753ccd04ae01b7\"},\"headline\":\"La coreograf\u00eda y los dobles de riesgo de Wicked\",\"datePublished\":\"2024-11-24T11:38:14+00:00\",\"mainEntityOfPage\":{\"@id\":\"https:\\\/\\\/www.eldiario.net\\\/portal\\\/2024\\\/11\\\/24\\\/la-coreografia-y-los-dobles-de-riesgo-de-wicked\\\/\"},\"wordCount\":642,\"publisher\":{\"@id\":\"https:\\\/\\\/www.eldiario.net\\\/portal\\\/#organization\"},\"image\":{\"@id\":\"https:\\\/\\\/www.eldiario.net\\\/portal\\\/2024\\\/11\\\/24\\\/la-coreografia-y-los-dobles-de-riesgo-de-wicked\\\/#primaryimage\"},\"thumbnailUrl\":\"https:\\\/\\\/www.eldiario.net\\\/portal\\\/wp-content\\\/uploads\\\/2024\\\/11\\\/La-coreografia-y-los-dobles-de-riesgo-de-Wicked-2.jpg\",\"articleSection\":[\"Cine Mundo\"],\"inLanguage\":\"es\"},{\"@type\":\"WebPage\",\"@id\":\"https:\\\/\\\/www.eldiario.net\\\/portal\\\/2024\\\/11\\\/24\\\/la-coreografia-y-los-dobles-de-riesgo-de-wicked\\\/\",\"url\":\"https:\\\/\\\/www.eldiario.net\\\/portal\\\/2024\\\/11\\\/24\\\/la-coreografia-y-los-dobles-de-riesgo-de-wicked\\\/\",\"name\":\"La coreograf\u00eda y los dobles de riesgo de Wicked - El Diario - Bolivia\",\"isPartOf\":{\"@id\":\"https:\\\/\\\/www.eldiario.net\\\/portal\\\/#website\"},\"primaryImageOfPage\":{\"@id\":\"https:\\\/\\\/www.eldiario.net\\\/portal\\\/2024\\\/11\\\/24\\\/la-coreografia-y-los-dobles-de-riesgo-de-wicked\\\/#primaryimage\"},\"image\":{\"@id\":\"https:\\\/\\\/www.eldiario.net\\\/portal\\\/2024\\\/11\\\/24\\\/la-coreografia-y-los-dobles-de-riesgo-de-wicked\\\/#primaryimage\"},\"thumbnailUrl\":\"https:\\\/\\\/www.eldiario.net\\\/portal\\\/wp-content\\\/uploads\\\/2024\\\/11\\\/La-coreografia-y-los-dobles-de-riesgo-de-Wicked-2.jpg\",\"datePublished\":\"2024-11-24T11:38:14+00:00\",\"breadcrumb\":{\"@id\":\"https:\\\/\\\/www.eldiario.net\\\/portal\\\/2024\\\/11\\\/24\\\/la-coreografia-y-los-dobles-de-riesgo-de-wicked\\\/#breadcrumb\"},\"inLanguage\":\"es\",\"potentialAction\":[{\"@type\":\"ReadAction\",\"target\":[\"https:\\\/\\\/www.eldiario.net\\\/portal\\\/2024\\\/11\\\/24\\\/la-coreografia-y-los-dobles-de-riesgo-de-wicked\\\/\"]}]},{\"@type\":\"ImageObject\",\"inLanguage\":\"es\",\"@id\":\"https:\\\/\\\/www.eldiario.net\\\/portal\\\/2024\\\/11\\\/24\\\/la-coreografia-y-los-dobles-de-riesgo-de-wicked\\\/#primaryimage\",\"url\":\"https:\\\/\\\/www.eldiario.net\\\/portal\\\/wp-content\\\/uploads\\\/2024\\\/11\\\/La-coreografia-y-los-dobles-de-riesgo-de-Wicked-2.jpg\",\"contentUrl\":\"https:\\\/\\\/www.eldiario.net\\\/portal\\\/wp-content\\\/uploads\\\/2024\\\/11\\\/La-coreografia-y-los-dobles-de-riesgo-de-Wicked-2.jpg\",\"width\":1280,\"height\":720},{\"@type\":\"BreadcrumbList\",\"@id\":\"https:\\\/\\\/www.eldiario.net\\\/portal\\\/2024\\\/11\\\/24\\\/la-coreografia-y-los-dobles-de-riesgo-de-wicked\\\/#breadcrumb\",\"itemListElement\":[{\"@type\":\"ListItem\",\"position\":1,\"name\":\"Portada\",\"item\":\"https:\\\/\\\/www.eldiario.net\\\/portal\\\/\"},{\"@type\":\"ListItem\",\"position\":2,\"name\":\"La coreograf\u00eda y los dobles de riesgo de Wicked\"}]},{\"@type\":\"WebSite\",\"@id\":\"https:\\\/\\\/www.eldiario.net\\\/portal\\\/#website\",\"url\":\"https:\\\/\\\/www.eldiario.net\\\/portal\\\/\",\"name\":\"El Diario - Decano de la prensa nacional\",\"description\":\"El Diario - Decano de la prensa nacional\",\"publisher\":{\"@id\":\"https:\\\/\\\/www.eldiario.net\\\/portal\\\/#organization\"},\"potentialAction\":[{\"@type\":\"SearchAction\",\"target\":{\"@type\":\"EntryPoint\",\"urlTemplate\":\"https:\\\/\\\/www.eldiario.net\\\/portal\\\/?s={search_term_string}\"},\"query-input\":{\"@type\":\"PropertyValueSpecification\",\"valueRequired\":true,\"valueName\":\"search_term_string\"}}],\"inLanguage\":\"es\"},{\"@type\":\"Organization\",\"@id\":\"https:\\\/\\\/www.eldiario.net\\\/portal\\\/#organization\",\"name\":\"El Diario - Decano de la prensa nacional\",\"url\":\"https:\\\/\\\/www.eldiario.net\\\/portal\\\/\",\"logo\":{\"@type\":\"ImageObject\",\"inLanguage\":\"es\",\"@id\":\"https:\\\/\\\/www.eldiario.net\\\/portal\\\/#\\\/schema\\\/logo\\\/image\\\/\",\"url\":\"https:\\\/\\\/www.eldiario.net\\\/portal\\\/wp-content\\\/uploads\\\/2023\\\/07\\\/logo_ED.jpg\",\"contentUrl\":\"https:\\\/\\\/www.eldiario.net\\\/portal\\\/wp-content\\\/uploads\\\/2023\\\/07\\\/logo_ED.jpg\",\"width\":272,\"height\":52,\"caption\":\"El Diario - Decano de la prensa nacional\"},\"image\":{\"@id\":\"https:\\\/\\\/www.eldiario.net\\\/portal\\\/#\\\/schema\\\/logo\\\/image\\\/\"},\"sameAs\":[\"https:\\\/\\\/www.facebook.com\\\/eldiario.bolivia\\\/\",\"https:\\\/\\\/x.com\\\/eldiario_net\"]},{\"@type\":\"Person\",\"@id\":\"https:\\\/\\\/www.eldiario.net\\\/portal\\\/#\\\/schema\\\/person\\\/f46445640444750d7d753ccd04ae01b7\",\"name\":\"Jeanette\",\"image\":{\"@type\":\"ImageObject\",\"inLanguage\":\"es\",\"@id\":\"https:\\\/\\\/secure.gravatar.com\\\/avatar\\\/3ea2118a5f7dad2b7138b1187a6b7ee55f160b9968b66013c3a3ef39dd7e5798?s=96&d=mm&r=g\",\"url\":\"https:\\\/\\\/secure.gravatar.com\\\/avatar\\\/3ea2118a5f7dad2b7138b1187a6b7ee55f160b9968b66013c3a3ef39dd7e5798?s=96&d=mm&r=g\",\"contentUrl\":\"https:\\\/\\\/secure.gravatar.com\\\/avatar\\\/3ea2118a5f7dad2b7138b1187a6b7ee55f160b9968b66013c3a3ef39dd7e5798?s=96&d=mm&r=g\",\"caption\":\"Jeanette\"},\"sameAs\":[\"https:\\\/\\\/www.eldiario.net\\\/portal\"],\"url\":\"https:\\\/\\\/www.eldiario.net\\\/portal\\\/author\\\/jeanette\\\/\"}]}<\/script>\n<!-- \/ Yoast SEO plugin. -->","yoast_head_json":{"title":"La coreograf\u00eda y los dobles de riesgo de Wicked - El Diario - Bolivia","robots":{"index":"index","follow":"follow","max-snippet":"max-snippet:-1","max-image-preview":"max-image-preview:large","max-video-preview":"max-video-preview:-1"},"canonical":"https:\/\/www.eldiario.net\/portal\/2024\/11\/24\/la-coreografia-y-los-dobles-de-riesgo-de-wicked\/","og_locale":"es_ES","og_type":"article","og_title":"La coreograf\u00eda y los dobles de riesgo de Wicked - El Diario - Bolivia","og_description":"Para crear la coreograf\u00eda de Wicked, el director Jon M. Chu recurri\u00f3 a su viejo colaborador, el aclamado core\u00f3grafo de la pel\u00edcula In the Heights, y tres veces nominado al Emmy Christopher Scott (So You Think You Can Dance). Para Scott, que vio Wicked en el teatro siete veces, lo sinti\u00f3 como un sue\u00f1o hecho [&hellip;]","og_url":"https:\/\/www.eldiario.net\/portal\/2024\/11\/24\/la-coreografia-y-los-dobles-de-riesgo-de-wicked\/","og_site_name":"El Diario - Bolivia","article_publisher":"https:\/\/www.facebook.com\/eldiario.bolivia\/","article_published_time":"2024-11-24T11:38:14+00:00","og_image":[{"width":1280,"height":720,"url":"https:\/\/www.eldiario.net\/portal\/wp-content\/uploads\/2024\/11\/La-coreografia-y-los-dobles-de-riesgo-de-Wicked-2.jpg","type":"image\/jpeg"}],"author":"Jeanette","twitter_card":"summary_large_image","twitter_creator":"@eldiario_net","twitter_site":"@eldiario_net","twitter_misc":{"Escrito por":"Jeanette","Tiempo de lectura":"1 minuto"},"schema":{"@context":"https:\/\/schema.org","@graph":[{"@type":"Article","@id":"https:\/\/www.eldiario.net\/portal\/2024\/11\/24\/la-coreografia-y-los-dobles-de-riesgo-de-wicked\/#article","isPartOf":{"@id":"https:\/\/www.eldiario.net\/portal\/2024\/11\/24\/la-coreografia-y-los-dobles-de-riesgo-de-wicked\/"},"author":{"name":"Jeanette","@id":"https:\/\/www.eldiario.net\/portal\/#\/schema\/person\/f46445640444750d7d753ccd04ae01b7"},"headline":"La coreograf\u00eda y los dobles de riesgo de Wicked","datePublished":"2024-11-24T11:38:14+00:00","mainEntityOfPage":{"@id":"https:\/\/www.eldiario.net\/portal\/2024\/11\/24\/la-coreografia-y-los-dobles-de-riesgo-de-wicked\/"},"wordCount":642,"publisher":{"@id":"https:\/\/www.eldiario.net\/portal\/#organization"},"image":{"@id":"https:\/\/www.eldiario.net\/portal\/2024\/11\/24\/la-coreografia-y-los-dobles-de-riesgo-de-wicked\/#primaryimage"},"thumbnailUrl":"https:\/\/www.eldiario.net\/portal\/wp-content\/uploads\/2024\/11\/La-coreografia-y-los-dobles-de-riesgo-de-Wicked-2.jpg","articleSection":["Cine Mundo"],"inLanguage":"es"},{"@type":"WebPage","@id":"https:\/\/www.eldiario.net\/portal\/2024\/11\/24\/la-coreografia-y-los-dobles-de-riesgo-de-wicked\/","url":"https:\/\/www.eldiario.net\/portal\/2024\/11\/24\/la-coreografia-y-los-dobles-de-riesgo-de-wicked\/","name":"La coreograf\u00eda y los dobles de riesgo de Wicked - El Diario - Bolivia","isPartOf":{"@id":"https:\/\/www.eldiario.net\/portal\/#website"},"primaryImageOfPage":{"@id":"https:\/\/www.eldiario.net\/portal\/2024\/11\/24\/la-coreografia-y-los-dobles-de-riesgo-de-wicked\/#primaryimage"},"image":{"@id":"https:\/\/www.eldiario.net\/portal\/2024\/11\/24\/la-coreografia-y-los-dobles-de-riesgo-de-wicked\/#primaryimage"},"thumbnailUrl":"https:\/\/www.eldiario.net\/portal\/wp-content\/uploads\/2024\/11\/La-coreografia-y-los-dobles-de-riesgo-de-Wicked-2.jpg","datePublished":"2024-11-24T11:38:14+00:00","breadcrumb":{"@id":"https:\/\/www.eldiario.net\/portal\/2024\/11\/24\/la-coreografia-y-los-dobles-de-riesgo-de-wicked\/#breadcrumb"},"inLanguage":"es","potentialAction":[{"@type":"ReadAction","target":["https:\/\/www.eldiario.net\/portal\/2024\/11\/24\/la-coreografia-y-los-dobles-de-riesgo-de-wicked\/"]}]},{"@type":"ImageObject","inLanguage":"es","@id":"https:\/\/www.eldiario.net\/portal\/2024\/11\/24\/la-coreografia-y-los-dobles-de-riesgo-de-wicked\/#primaryimage","url":"https:\/\/www.eldiario.net\/portal\/wp-content\/uploads\/2024\/11\/La-coreografia-y-los-dobles-de-riesgo-de-Wicked-2.jpg","contentUrl":"https:\/\/www.eldiario.net\/portal\/wp-content\/uploads\/2024\/11\/La-coreografia-y-los-dobles-de-riesgo-de-Wicked-2.jpg","width":1280,"height":720},{"@type":"BreadcrumbList","@id":"https:\/\/www.eldiario.net\/portal\/2024\/11\/24\/la-coreografia-y-los-dobles-de-riesgo-de-wicked\/#breadcrumb","itemListElement":[{"@type":"ListItem","position":1,"name":"Portada","item":"https:\/\/www.eldiario.net\/portal\/"},{"@type":"ListItem","position":2,"name":"La coreograf\u00eda y los dobles de riesgo de Wicked"}]},{"@type":"WebSite","@id":"https:\/\/www.eldiario.net\/portal\/#website","url":"https:\/\/www.eldiario.net\/portal\/","name":"El Diario - Decano de la prensa nacional","description":"El Diario - Decano de la prensa nacional","publisher":{"@id":"https:\/\/www.eldiario.net\/portal\/#organization"},"potentialAction":[{"@type":"SearchAction","target":{"@type":"EntryPoint","urlTemplate":"https:\/\/www.eldiario.net\/portal\/?s={search_term_string}"},"query-input":{"@type":"PropertyValueSpecification","valueRequired":true,"valueName":"search_term_string"}}],"inLanguage":"es"},{"@type":"Organization","@id":"https:\/\/www.eldiario.net\/portal\/#organization","name":"El Diario - Decano de la prensa nacional","url":"https:\/\/www.eldiario.net\/portal\/","logo":{"@type":"ImageObject","inLanguage":"es","@id":"https:\/\/www.eldiario.net\/portal\/#\/schema\/logo\/image\/","url":"https:\/\/www.eldiario.net\/portal\/wp-content\/uploads\/2023\/07\/logo_ED.jpg","contentUrl":"https:\/\/www.eldiario.net\/portal\/wp-content\/uploads\/2023\/07\/logo_ED.jpg","width":272,"height":52,"caption":"El Diario - Decano de la prensa nacional"},"image":{"@id":"https:\/\/www.eldiario.net\/portal\/#\/schema\/logo\/image\/"},"sameAs":["https:\/\/www.facebook.com\/eldiario.bolivia\/","https:\/\/x.com\/eldiario_net"]},{"@type":"Person","@id":"https:\/\/www.eldiario.net\/portal\/#\/schema\/person\/f46445640444750d7d753ccd04ae01b7","name":"Jeanette","image":{"@type":"ImageObject","inLanguage":"es","@id":"https:\/\/secure.gravatar.com\/avatar\/3ea2118a5f7dad2b7138b1187a6b7ee55f160b9968b66013c3a3ef39dd7e5798?s=96&d=mm&r=g","url":"https:\/\/secure.gravatar.com\/avatar\/3ea2118a5f7dad2b7138b1187a6b7ee55f160b9968b66013c3a3ef39dd7e5798?s=96&d=mm&r=g","contentUrl":"https:\/\/secure.gravatar.com\/avatar\/3ea2118a5f7dad2b7138b1187a6b7ee55f160b9968b66013c3a3ef39dd7e5798?s=96&d=mm&r=g","caption":"Jeanette"},"sameAs":["https:\/\/www.eldiario.net\/portal"],"url":"https:\/\/www.eldiario.net\/portal\/author\/jeanette\/"}]}},"_links":{"self":[{"href":"https:\/\/www.eldiario.net\/portal\/wp-json\/wp\/v2\/posts\/263318","targetHints":{"allow":["GET"]}}],"collection":[{"href":"https:\/\/www.eldiario.net\/portal\/wp-json\/wp\/v2\/posts"}],"about":[{"href":"https:\/\/www.eldiario.net\/portal\/wp-json\/wp\/v2\/types\/post"}],"author":[{"embeddable":true,"href":"https:\/\/www.eldiario.net\/portal\/wp-json\/wp\/v2\/users\/1"}],"replies":[{"embeddable":true,"href":"https:\/\/www.eldiario.net\/portal\/wp-json\/wp\/v2\/comments?post=263318"}],"version-history":[{"count":1,"href":"https:\/\/www.eldiario.net\/portal\/wp-json\/wp\/v2\/posts\/263318\/revisions"}],"predecessor-version":[{"id":263321,"href":"https:\/\/www.eldiario.net\/portal\/wp-json\/wp\/v2\/posts\/263318\/revisions\/263321"}],"wp:featuredmedia":[{"embeddable":true,"href":"https:\/\/www.eldiario.net\/portal\/wp-json\/wp\/v2\/media\/263319"}],"wp:attachment":[{"href":"https:\/\/www.eldiario.net\/portal\/wp-json\/wp\/v2\/media?parent=263318"}],"wp:term":[{"taxonomy":"category","embeddable":true,"href":"https:\/\/www.eldiario.net\/portal\/wp-json\/wp\/v2\/categories?post=263318"},{"taxonomy":"post_tag","embeddable":true,"href":"https:\/\/www.eldiario.net\/portal\/wp-json\/wp\/v2\/tags?post=263318"}],"curies":[{"name":"wp","href":"https:\/\/api.w.org\/{rel}","templated":true}]}}