{"id":263314,"date":"2024-11-24T07:36:43","date_gmt":"2024-11-24T11:36:43","guid":{"rendered":"https:\/\/www.eldiario.net\/portal\/?p=263314"},"modified":"2024-11-24T07:36:43","modified_gmt":"2024-11-24T11:36:43","slug":"la-musica-de-wicked","status":"publish","type":"post","link":"https:\/\/www.eldiario.net\/portal\/2024\/11\/24\/la-musica-de-wicked\/","title":{"rendered":"La m\u00fasica de Wicked"},"content":{"rendered":"<p>La pel\u00edcula Wicked incluye adoradas canciones del musical de teatro del compositor y letrista ganador del Premio Grammy y de \u00d3scar\u00ae Stephen Schwartz, y la m\u00fasica original es del compositor nominado al Grammy y al \u00d3scar\u00ae John Powell, quien trabaj\u00f3 en equipo con Schwartz.<br \/>\nPara crear el sonido y capturar las interpretaciones musicales en la pel\u00edcula, al mezclador de sonido de la producci\u00f3n ganador del \u00d3scar\u00ae SIMON HAYES (Les Mis\u00e9rables) y a su equipo les asignaron la tarea de asegurarse de que el set de Wicked ofreciera a los int\u00e9rpretes el espacio y el tiempo necesarios para cantar desde lo m\u00e1s hondo de sus corazones \u2014como si estuvieran en un escenario de Broadway. Las canciones fueron interpretadas en vivo en el set siempre que fue posible. \u201cLa decisi\u00f3n de cantar en vivo fue una decisi\u00f3n f\u00e1cil de tomar para Cynthia (Erivo) y para m\u00ed\u201d, comenta Ariana Grande. \u201cFue un privilegio trabajar con gente tan incre\u00edblemente talentosa del teatro musical en esta pel\u00edcula. Me sent\u00ed fascinada por las dotes para el canto de todos y por nuestro incre\u00edble departamento de sonido. Se aseguraron de que todo lo que hici\u00e9ramos estuviera perfectamente grabado. Fuimos muy afortunadas de tener con nosotras lo mejor de cada departamento de la producci\u00f3n, con todas las personas entregadas, manos a la obra. Cantar en vivo fue crucial, no s\u00f3lo porque todos somos gente que proviene del teatro, sino tambi\u00e9n por el elemento emocional. Algunas canciones necesitan ser interpretadas en vivo, especialmente en este entorno\u201d.<br \/>\nLa pel\u00edcula incluye algunas de las canciones m\u00e1s queridas del musical teatral. A continuaci\u00f3n, se muestran ejemplos de c\u00f3mo se adaptaron ciertas canciones en espec\u00edfico para la pel\u00edcula.<br \/>\n\u201cPopular\u201d<br \/>\n \tInterpretada por Glinda mientras intenta con toda confianza darle a Elphaba un cambio de imagen que ella nunca pidi\u00f3, es quiz\u00e1 la canci\u00f3n m\u00e1s alegre y efervescente de Wicked, que captura la confianza de Glinda y su brillante imagen de s\u00ed misma, del mundo y de su lugar en \u00e9l. Ariana Grande trabaj\u00f3 con el director Jon M. Chu para encontrar el tono y la interpretaci\u00f3n perfectos de la canci\u00f3n para la pel\u00edcula. \u201cEl tema \u2018Popular\u2019 fue incre\u00edblemente divertido\u201d, relata Grande. \u201cLa parte m\u00e1s divertida y estresante fue que Jon me animara a hacer peque\u00f1os cambios espont\u00e1neos. La canci\u00f3n muestra a Glinda tal como ella cree que representa a \u2018Glinda la Buena\u2019, antes de comprender realmente lo que significa ser buena. Sus intenciones eran sinceras, pero a\u00fan no ha comprendido lo que significa ser buena. En ese momento, Glinda piensa que le est\u00e1 haciendo un gran regalo a Elphaba al ense\u00f1arle las costumbres y el estilo de vida de \u2018Glinda la Buena\u2019. Ella ve genuinamente la belleza en Elphaba, y la escena es crucial porque es cuando Elphaba se vuelve vulnerable, probablemente por primera vez; y Glinda experimenta una amistad genuina por primera vez\u201d.<br \/>\n\u201cSomething Bad\u201d<br \/>\n\tEl doctor Dillamond (Peter Dinklage) interpreta esta canci\u00f3n con Elphaba (Cynthia Erivo) como una advertencia sobre las fuerzas oscuras e invisibles que act\u00faan en Oz. Es la primera incursi\u00f3n de Dinklage en la interpretaci\u00f3n musical. \u201cStephen Schwartz y Stephen Oremus fueron instrumentales \u2014no era mi intenci\u00f3n crear este juego de palabras\u2014 para ayudarme a encontrar la voz de Dillamond\u201d, dice Dinklage. \u201cMi formaci\u00f3n no es en teatro musical, pero ellos hicieron que se sintiera menos intimidante\u201d.<br \/>\nDe hecho, descubri\u00f3 que realmente lo disfrutaba. \u201cEs divertido porque, para m\u00ed, no se trata de tener una voz perfecta, sino de alinear la interpretaci\u00f3n en el personaje\u201d, se\u00f1ala Dinklage. \u201cEso es m\u00e1s importante para m\u00ed que cantar cada nota a la perfecci\u00f3n. Me gusta cuando la voz es fiel al personaje y, afortunadamente, ese fue tambi\u00e9n el enfoque en Wicked\u201d.<br \/>\n\u201cOne Short Day\u201d<br \/>\n\u201cLa canci\u00f3n \u2018One Short Day\u2019 es un recorrido por la Ciudad Esmeralda en un momento donde Elphaba y Glinda van a ver un espect\u00e1culo llamado Wizoman\u00eda. En la pel\u00edcula esta escena ha sido ampliada, contando la historia de c\u00f3mo El Mago lleg\u00f3 para ser el gobernante de Oz con mayor detalle, y presentando El Grimmerie, el antiguo libro oziano de hechizos.<br \/>\n\u201cA Sentimental Man\u201d<br \/>\nPara la canci\u00f3n emblem\u00e1tica de El Mago de Oz en la pel\u00edcula, Jeff Goldblum se alegr\u00f3 al reencontrarse con el compositor del Prince of Egypt, Stephen Schwartz. \u201cCuando grab\u00e9 la canci\u00f3n Stephen me dirigi\u00f3\u201d, dice Goldblum. \u201cHab\u00edamos encontrado tonos que nos gustaban a los dos, y \u00e9l mejor\u00f3 y clarific\u00f3 mucho de lo que yo estaba pensando. Sab\u00eda exactamente lo que \u00e9l quer\u00eda, pero fue muy generoso y colaborador con lo que yo aportaba\u201d.<br \/>\n\u201cDefying Gravity\u201d<br \/>\n\t\u201cDefying Gravity\u201d es el himno que define a Wicked, interpretado por Elphaba en el momento en que asume su propio poder y desaf\u00eda a El Mago de Oz. Cynthia Erivo se dej\u00f3 llevar tanto por la presi\u00f3n, como por la emoci\u00f3n de interpretarlo. \u201cEra muy consciente del momento en que estaba cantando esta ic\u00f3nica canci\u00f3n que la gente conoce y ama\u201d, expresa Erivo. \u201cEstoy muy agradecida de poder darle mi toque y sumergirme en ella. Tiene todo lo que podr\u00eda haber deseado en esta canci\u00f3n en particular. No hay l\u00edmites \u2014todo es posible y nada es imposible. Es una canci\u00f3n que nos recuerda que esos sue\u00f1os tuyos que temes que est\u00e9n demasiado lejos pueden hacerse realidad, si tan s\u00f3lo crees en ti misma\u201d.\t<\/p>\n\r\n                <style type=\"text\/css\">\r\n                    \r\n                    #tdi_1  .td-doubleSlider-2 .td-item1 {\r\n                        background: url(https:\/\/www.eldiario.net\/portal\/wp-content\/uploads\/2024\/11\/La-musica-de-Wicked-2-80x60.jpg) 0 0 no-repeat;\r\n                    }\r\n                    #tdi_1  .td-doubleSlider-2 .td-item2 {\r\n                        background: url(https:\/\/www.eldiario.net\/portal\/wp-content\/uploads\/2024\/11\/La-musica-de-Wicked-80x60.jpg) 0 0 no-repeat;\r\n                    }\r\n                <\/style>\r\n\r\n                <div id=\"tdi_1\" class=\"td-gallery td-slide-on-2-columns\">\r\n                    <div class=\"post_td_gallery\">\r\n                        <div class=\"td-gallery-slide-top\">\r\n                           <div class=\"td-gallery-title\"><\/div>\r\n\r\n                            <div class=\"td-gallery-controls-wrapper\">\r\n                                <div class=\"td-gallery-slide-count\"><span class=\"td-gallery-slide-item-focus\">1<\/span> de 2<\/div>\r\n                                <div class=\"td-gallery-slide-prev-next-but\">\r\n                                    <i class = \"td-icon-left doubleSliderPrevButton\"><\/i>\r\n                                    <i class = \"td-icon-right doubleSliderNextButton\"><\/i>\r\n                                <\/div>\r\n                            <\/div>\r\n                        <\/div>\r\n\r\n                        <div class = \"td-doubleSlider-1 \">\r\n                            <div class = \"td-slider\">\r\n                                \r\n                    <div class = \"td-slide-item td-item1\">\r\n                        <figure class=\"td-slide-galery-figure td-slide-popup-gallery\">\r\n                            <a class=\"slide-gallery-image-link\" href=\"https:\/\/www.eldiario.net\/portal\/wp-content\/uploads\/2024\/11\/La-musica-de-Wicked-2.jpg\" title=\"La m\u00fasica de Wicked (2)\"  data-caption=\"\"  data-description=\"\">\r\n                                <img decoding=\"async\" src=\"https:\/\/www.eldiario.net\/portal\/wp-content\/uploads\/2024\/11\/La-musica-de-Wicked-2-747x420.jpg\" srcset=\"https:\/\/www.eldiario.net\/portal\/wp-content\/uploads\/2024\/11\/La-musica-de-Wicked-2-747x420.jpg 747w, https:\/\/www.eldiario.net\/portal\/wp-content\/uploads\/2024\/11\/La-musica-de-Wicked-2-300x169.jpg 300w, https:\/\/www.eldiario.net\/portal\/wp-content\/uploads\/2024\/11\/La-musica-de-Wicked-2-1024x576.jpg 1024w, https:\/\/www.eldiario.net\/portal\/wp-content\/uploads\/2024\/11\/La-musica-de-Wicked-2-768x432.jpg 768w, https:\/\/www.eldiario.net\/portal\/wp-content\/uploads\/2024\/11\/La-musica-de-Wicked-2-696x392.jpg 696w, https:\/\/www.eldiario.net\/portal\/wp-content\/uploads\/2024\/11\/La-musica-de-Wicked-2-1068x601.jpg 1068w, https:\/\/www.eldiario.net\/portal\/wp-content\/uploads\/2024\/11\/La-musica-de-Wicked-2.jpg 1280w\" sizes=\"(max-width: 747px) 100vw, 747px\" alt=\"\">\r\n                            <\/a>\r\n                            \r\n                        <\/figure>\r\n                    <\/div>\r\n                    <div class = \"td-slide-item td-item2\">\r\n                        <figure class=\"td-slide-galery-figure td-slide-popup-gallery\">\r\n                            <a class=\"slide-gallery-image-link\" href=\"https:\/\/www.eldiario.net\/portal\/wp-content\/uploads\/2024\/11\/La-musica-de-Wicked.jpg\" title=\"La m\u00fasica de Wicked\"  data-caption=\"\"  data-description=\"\">\r\n                                <img decoding=\"async\" src=\"https:\/\/www.eldiario.net\/portal\/wp-content\/uploads\/2024\/11\/La-musica-de-Wicked-747x420.jpg\" srcset=\"https:\/\/www.eldiario.net\/portal\/wp-content\/uploads\/2024\/11\/La-musica-de-Wicked-747x420.jpg 747w, https:\/\/www.eldiario.net\/portal\/wp-content\/uploads\/2024\/11\/La-musica-de-Wicked-300x169.jpg 300w, https:\/\/www.eldiario.net\/portal\/wp-content\/uploads\/2024\/11\/La-musica-de-Wicked-1024x576.jpg 1024w, https:\/\/www.eldiario.net\/portal\/wp-content\/uploads\/2024\/11\/La-musica-de-Wicked-768x432.jpg 768w, https:\/\/www.eldiario.net\/portal\/wp-content\/uploads\/2024\/11\/La-musica-de-Wicked-696x392.jpg 696w, https:\/\/www.eldiario.net\/portal\/wp-content\/uploads\/2024\/11\/La-musica-de-Wicked-1068x601.jpg 1068w, https:\/\/www.eldiario.net\/portal\/wp-content\/uploads\/2024\/11\/La-musica-de-Wicked.jpg 1280w\" sizes=\"(max-width: 747px) 100vw, 747px\" alt=\"\">\r\n                            <\/a>\r\n                            \r\n                        <\/figure>\r\n                    <\/div>\r\n                            <\/div>\r\n                        <\/div>\r\n\r\n                        <div class = \"td-doubleSlider-2\">\r\n                            <div class = \"td-slider\">\r\n                                \r\n                    <div class = \"td-button td-item1\">\r\n                        <div class = \"td-border\"><\/div>\r\n                    <\/div>\r\n                    <div class = \"td-button td-item2\">\r\n                        <div class = \"td-border\"><\/div>\r\n                    <\/div>\r\n                            <\/div>\r\n                        <\/div>\r\n\r\n                    <\/div>\r\n\r\n                <\/div>\r\n                \n","protected":false},"excerpt":{"rendered":"<p>La pel\u00edcula Wicked incluye adoradas canciones del musical de teatro del compositor y letrista ganador del Premio Grammy y de \u00d3scar\u00ae Stephen Schwartz, y la m\u00fasica original es del compositor nominado al Grammy y al \u00d3scar\u00ae John Powell, quien trabaj\u00f3 en equipo con Schwartz. Para crear el sonido y capturar las interpretaciones musicales en la [&hellip;]<\/p>\n","protected":false},"author":1,"featured_media":263315,"comment_status":"closed","ping_status":"open","sticky":false,"template":"","format":"standard","meta":{"_acf_changed":false,"footnotes":""},"categories":[45],"tags":[],"class_list":["post-263314","post","type-post","status-publish","format-standard","has-post-thumbnail","category-cine-mundo"],"acf":{"antetitulo":""},"yoast_head":"<!-- This site is optimized with the Yoast SEO plugin v28.4 - https:\/\/yoast.com\/product\/yoast-seo-wordpress\/ -->\n<title>La m\u00fasica de Wicked - El Diario - Bolivia<\/title>\n<meta name=\"robots\" content=\"index, follow, max-snippet:-1, max-image-preview:large, max-video-preview:-1\" \/>\n<link rel=\"canonical\" href=\"https:\/\/www.eldiario.net\/portal\/2024\/11\/24\/la-musica-de-wicked\/\" \/>\n<meta property=\"og:locale\" content=\"es_ES\" \/>\n<meta property=\"og:type\" content=\"article\" \/>\n<meta property=\"og:title\" content=\"La m\u00fasica de Wicked - El Diario - Bolivia\" \/>\n<meta property=\"og:description\" content=\"La pel\u00edcula Wicked incluye adoradas canciones del musical de teatro del compositor y letrista ganador del Premio Grammy y de \u00d3scar\u00ae Stephen Schwartz, y la m\u00fasica original es del compositor nominado al Grammy y al \u00d3scar\u00ae John Powell, quien trabaj\u00f3 en equipo con Schwartz. Para crear el sonido y capturar las interpretaciones musicales en la [&hellip;]\" \/>\n<meta property=\"og:url\" content=\"https:\/\/www.eldiario.net\/portal\/2024\/11\/24\/la-musica-de-wicked\/\" \/>\n<meta property=\"og:site_name\" content=\"El Diario - Bolivia\" \/>\n<meta property=\"article:publisher\" content=\"https:\/\/www.facebook.com\/eldiario.bolivia\/\" \/>\n<meta property=\"article:published_time\" content=\"2024-11-24T11:36:43+00:00\" \/>\n<meta property=\"og:image\" content=\"https:\/\/www.eldiario.net\/portal\/wp-content\/uploads\/2024\/11\/La-musica-de-Wicked-2.jpg\" \/>\n\t<meta property=\"og:image:width\" content=\"1280\" \/>\n\t<meta property=\"og:image:height\" content=\"720\" \/>\n\t<meta property=\"og:image:type\" content=\"image\/jpeg\" \/>\n<meta name=\"author\" content=\"Jeanette\" \/>\n<meta name=\"twitter:card\" content=\"summary_large_image\" \/>\n<meta name=\"twitter:creator\" content=\"@eldiario_net\" \/>\n<meta name=\"twitter:site\" content=\"@eldiario_net\" \/>\n<meta name=\"twitter:label1\" content=\"Escrito por\" \/>\n\t<meta name=\"twitter:data1\" content=\"Jeanette\" \/>\n\t<meta name=\"twitter:label2\" content=\"Tiempo de lectura\" \/>\n\t<meta name=\"twitter:data2\" content=\"1 minuto\" \/>\n<script type=\"application\/ld+json\" class=\"yoast-schema-graph\">{\"@context\":\"https:\\\/\\\/schema.org\",\"@graph\":[{\"@type\":\"Article\",\"@id\":\"https:\\\/\\\/www.eldiario.net\\\/portal\\\/2024\\\/11\\\/24\\\/la-musica-de-wicked\\\/#article\",\"isPartOf\":{\"@id\":\"https:\\\/\\\/www.eldiario.net\\\/portal\\\/2024\\\/11\\\/24\\\/la-musica-de-wicked\\\/\"},\"author\":{\"name\":\"Jeanette\",\"@id\":\"https:\\\/\\\/www.eldiario.net\\\/portal\\\/#\\\/schema\\\/person\\\/f46445640444750d7d753ccd04ae01b7\"},\"headline\":\"La m\u00fasica de Wicked\",\"datePublished\":\"2024-11-24T11:36:43+00:00\",\"mainEntityOfPage\":{\"@id\":\"https:\\\/\\\/www.eldiario.net\\\/portal\\\/2024\\\/11\\\/24\\\/la-musica-de-wicked\\\/\"},\"wordCount\":959,\"publisher\":{\"@id\":\"https:\\\/\\\/www.eldiario.net\\\/portal\\\/#organization\"},\"image\":{\"@id\":\"https:\\\/\\\/www.eldiario.net\\\/portal\\\/2024\\\/11\\\/24\\\/la-musica-de-wicked\\\/#primaryimage\"},\"thumbnailUrl\":\"https:\\\/\\\/www.eldiario.net\\\/portal\\\/wp-content\\\/uploads\\\/2024\\\/11\\\/La-musica-de-Wicked-2.jpg\",\"articleSection\":[\"Cine Mundo\"],\"inLanguage\":\"es\"},{\"@type\":\"WebPage\",\"@id\":\"https:\\\/\\\/www.eldiario.net\\\/portal\\\/2024\\\/11\\\/24\\\/la-musica-de-wicked\\\/\",\"url\":\"https:\\\/\\\/www.eldiario.net\\\/portal\\\/2024\\\/11\\\/24\\\/la-musica-de-wicked\\\/\",\"name\":\"La m\u00fasica de Wicked - El Diario - Bolivia\",\"isPartOf\":{\"@id\":\"https:\\\/\\\/www.eldiario.net\\\/portal\\\/#website\"},\"primaryImageOfPage\":{\"@id\":\"https:\\\/\\\/www.eldiario.net\\\/portal\\\/2024\\\/11\\\/24\\\/la-musica-de-wicked\\\/#primaryimage\"},\"image\":{\"@id\":\"https:\\\/\\\/www.eldiario.net\\\/portal\\\/2024\\\/11\\\/24\\\/la-musica-de-wicked\\\/#primaryimage\"},\"thumbnailUrl\":\"https:\\\/\\\/www.eldiario.net\\\/portal\\\/wp-content\\\/uploads\\\/2024\\\/11\\\/La-musica-de-Wicked-2.jpg\",\"datePublished\":\"2024-11-24T11:36:43+00:00\",\"breadcrumb\":{\"@id\":\"https:\\\/\\\/www.eldiario.net\\\/portal\\\/2024\\\/11\\\/24\\\/la-musica-de-wicked\\\/#breadcrumb\"},\"inLanguage\":\"es\",\"potentialAction\":[{\"@type\":\"ReadAction\",\"target\":[\"https:\\\/\\\/www.eldiario.net\\\/portal\\\/2024\\\/11\\\/24\\\/la-musica-de-wicked\\\/\"]}]},{\"@type\":\"ImageObject\",\"inLanguage\":\"es\",\"@id\":\"https:\\\/\\\/www.eldiario.net\\\/portal\\\/2024\\\/11\\\/24\\\/la-musica-de-wicked\\\/#primaryimage\",\"url\":\"https:\\\/\\\/www.eldiario.net\\\/portal\\\/wp-content\\\/uploads\\\/2024\\\/11\\\/La-musica-de-Wicked-2.jpg\",\"contentUrl\":\"https:\\\/\\\/www.eldiario.net\\\/portal\\\/wp-content\\\/uploads\\\/2024\\\/11\\\/La-musica-de-Wicked-2.jpg\",\"width\":1280,\"height\":720},{\"@type\":\"BreadcrumbList\",\"@id\":\"https:\\\/\\\/www.eldiario.net\\\/portal\\\/2024\\\/11\\\/24\\\/la-musica-de-wicked\\\/#breadcrumb\",\"itemListElement\":[{\"@type\":\"ListItem\",\"position\":1,\"name\":\"Portada\",\"item\":\"https:\\\/\\\/www.eldiario.net\\\/portal\\\/\"},{\"@type\":\"ListItem\",\"position\":2,\"name\":\"La m\u00fasica de Wicked\"}]},{\"@type\":\"WebSite\",\"@id\":\"https:\\\/\\\/www.eldiario.net\\\/portal\\\/#website\",\"url\":\"https:\\\/\\\/www.eldiario.net\\\/portal\\\/\",\"name\":\"El Diario - Decano de la prensa nacional\",\"description\":\"El Diario - Decano de la prensa nacional\",\"publisher\":{\"@id\":\"https:\\\/\\\/www.eldiario.net\\\/portal\\\/#organization\"},\"potentialAction\":[{\"@type\":\"SearchAction\",\"target\":{\"@type\":\"EntryPoint\",\"urlTemplate\":\"https:\\\/\\\/www.eldiario.net\\\/portal\\\/?s={search_term_string}\"},\"query-input\":{\"@type\":\"PropertyValueSpecification\",\"valueRequired\":true,\"valueName\":\"search_term_string\"}}],\"inLanguage\":\"es\"},{\"@type\":\"Organization\",\"@id\":\"https:\\\/\\\/www.eldiario.net\\\/portal\\\/#organization\",\"name\":\"El Diario - Decano de la prensa nacional\",\"url\":\"https:\\\/\\\/www.eldiario.net\\\/portal\\\/\",\"logo\":{\"@type\":\"ImageObject\",\"inLanguage\":\"es\",\"@id\":\"https:\\\/\\\/www.eldiario.net\\\/portal\\\/#\\\/schema\\\/logo\\\/image\\\/\",\"url\":\"https:\\\/\\\/www.eldiario.net\\\/portal\\\/wp-content\\\/uploads\\\/2023\\\/07\\\/logo_ED.jpg\",\"contentUrl\":\"https:\\\/\\\/www.eldiario.net\\\/portal\\\/wp-content\\\/uploads\\\/2023\\\/07\\\/logo_ED.jpg\",\"width\":272,\"height\":52,\"caption\":\"El Diario - Decano de la prensa nacional\"},\"image\":{\"@id\":\"https:\\\/\\\/www.eldiario.net\\\/portal\\\/#\\\/schema\\\/logo\\\/image\\\/\"},\"sameAs\":[\"https:\\\/\\\/www.facebook.com\\\/eldiario.bolivia\\\/\",\"https:\\\/\\\/x.com\\\/eldiario_net\"]},{\"@type\":\"Person\",\"@id\":\"https:\\\/\\\/www.eldiario.net\\\/portal\\\/#\\\/schema\\\/person\\\/f46445640444750d7d753ccd04ae01b7\",\"name\":\"Jeanette\",\"image\":{\"@type\":\"ImageObject\",\"inLanguage\":\"es\",\"@id\":\"https:\\\/\\\/secure.gravatar.com\\\/avatar\\\/3ea2118a5f7dad2b7138b1187a6b7ee55f160b9968b66013c3a3ef39dd7e5798?s=96&d=mm&r=g\",\"url\":\"https:\\\/\\\/secure.gravatar.com\\\/avatar\\\/3ea2118a5f7dad2b7138b1187a6b7ee55f160b9968b66013c3a3ef39dd7e5798?s=96&d=mm&r=g\",\"contentUrl\":\"https:\\\/\\\/secure.gravatar.com\\\/avatar\\\/3ea2118a5f7dad2b7138b1187a6b7ee55f160b9968b66013c3a3ef39dd7e5798?s=96&d=mm&r=g\",\"caption\":\"Jeanette\"},\"sameAs\":[\"https:\\\/\\\/www.eldiario.net\\\/portal\"],\"url\":\"https:\\\/\\\/www.eldiario.net\\\/portal\\\/author\\\/jeanette\\\/\"}]}<\/script>\n<!-- \/ Yoast SEO plugin. -->","yoast_head_json":{"title":"La m\u00fasica de Wicked - El Diario - Bolivia","robots":{"index":"index","follow":"follow","max-snippet":"max-snippet:-1","max-image-preview":"max-image-preview:large","max-video-preview":"max-video-preview:-1"},"canonical":"https:\/\/www.eldiario.net\/portal\/2024\/11\/24\/la-musica-de-wicked\/","og_locale":"es_ES","og_type":"article","og_title":"La m\u00fasica de Wicked - El Diario - Bolivia","og_description":"La pel\u00edcula Wicked incluye adoradas canciones del musical de teatro del compositor y letrista ganador del Premio Grammy y de \u00d3scar\u00ae Stephen Schwartz, y la m\u00fasica original es del compositor nominado al Grammy y al \u00d3scar\u00ae John Powell, quien trabaj\u00f3 en equipo con Schwartz. Para crear el sonido y capturar las interpretaciones musicales en la [&hellip;]","og_url":"https:\/\/www.eldiario.net\/portal\/2024\/11\/24\/la-musica-de-wicked\/","og_site_name":"El Diario - Bolivia","article_publisher":"https:\/\/www.facebook.com\/eldiario.bolivia\/","article_published_time":"2024-11-24T11:36:43+00:00","og_image":[{"width":1280,"height":720,"url":"https:\/\/www.eldiario.net\/portal\/wp-content\/uploads\/2024\/11\/La-musica-de-Wicked-2.jpg","type":"image\/jpeg"}],"author":"Jeanette","twitter_card":"summary_large_image","twitter_creator":"@eldiario_net","twitter_site":"@eldiario_net","twitter_misc":{"Escrito por":"Jeanette","Tiempo de lectura":"1 minuto"},"schema":{"@context":"https:\/\/schema.org","@graph":[{"@type":"Article","@id":"https:\/\/www.eldiario.net\/portal\/2024\/11\/24\/la-musica-de-wicked\/#article","isPartOf":{"@id":"https:\/\/www.eldiario.net\/portal\/2024\/11\/24\/la-musica-de-wicked\/"},"author":{"name":"Jeanette","@id":"https:\/\/www.eldiario.net\/portal\/#\/schema\/person\/f46445640444750d7d753ccd04ae01b7"},"headline":"La m\u00fasica de Wicked","datePublished":"2024-11-24T11:36:43+00:00","mainEntityOfPage":{"@id":"https:\/\/www.eldiario.net\/portal\/2024\/11\/24\/la-musica-de-wicked\/"},"wordCount":959,"publisher":{"@id":"https:\/\/www.eldiario.net\/portal\/#organization"},"image":{"@id":"https:\/\/www.eldiario.net\/portal\/2024\/11\/24\/la-musica-de-wicked\/#primaryimage"},"thumbnailUrl":"https:\/\/www.eldiario.net\/portal\/wp-content\/uploads\/2024\/11\/La-musica-de-Wicked-2.jpg","articleSection":["Cine Mundo"],"inLanguage":"es"},{"@type":"WebPage","@id":"https:\/\/www.eldiario.net\/portal\/2024\/11\/24\/la-musica-de-wicked\/","url":"https:\/\/www.eldiario.net\/portal\/2024\/11\/24\/la-musica-de-wicked\/","name":"La m\u00fasica de Wicked - El Diario - Bolivia","isPartOf":{"@id":"https:\/\/www.eldiario.net\/portal\/#website"},"primaryImageOfPage":{"@id":"https:\/\/www.eldiario.net\/portal\/2024\/11\/24\/la-musica-de-wicked\/#primaryimage"},"image":{"@id":"https:\/\/www.eldiario.net\/portal\/2024\/11\/24\/la-musica-de-wicked\/#primaryimage"},"thumbnailUrl":"https:\/\/www.eldiario.net\/portal\/wp-content\/uploads\/2024\/11\/La-musica-de-Wicked-2.jpg","datePublished":"2024-11-24T11:36:43+00:00","breadcrumb":{"@id":"https:\/\/www.eldiario.net\/portal\/2024\/11\/24\/la-musica-de-wicked\/#breadcrumb"},"inLanguage":"es","potentialAction":[{"@type":"ReadAction","target":["https:\/\/www.eldiario.net\/portal\/2024\/11\/24\/la-musica-de-wicked\/"]}]},{"@type":"ImageObject","inLanguage":"es","@id":"https:\/\/www.eldiario.net\/portal\/2024\/11\/24\/la-musica-de-wicked\/#primaryimage","url":"https:\/\/www.eldiario.net\/portal\/wp-content\/uploads\/2024\/11\/La-musica-de-Wicked-2.jpg","contentUrl":"https:\/\/www.eldiario.net\/portal\/wp-content\/uploads\/2024\/11\/La-musica-de-Wicked-2.jpg","width":1280,"height":720},{"@type":"BreadcrumbList","@id":"https:\/\/www.eldiario.net\/portal\/2024\/11\/24\/la-musica-de-wicked\/#breadcrumb","itemListElement":[{"@type":"ListItem","position":1,"name":"Portada","item":"https:\/\/www.eldiario.net\/portal\/"},{"@type":"ListItem","position":2,"name":"La m\u00fasica de Wicked"}]},{"@type":"WebSite","@id":"https:\/\/www.eldiario.net\/portal\/#website","url":"https:\/\/www.eldiario.net\/portal\/","name":"El Diario - Decano de la prensa nacional","description":"El Diario - Decano de la prensa nacional","publisher":{"@id":"https:\/\/www.eldiario.net\/portal\/#organization"},"potentialAction":[{"@type":"SearchAction","target":{"@type":"EntryPoint","urlTemplate":"https:\/\/www.eldiario.net\/portal\/?s={search_term_string}"},"query-input":{"@type":"PropertyValueSpecification","valueRequired":true,"valueName":"search_term_string"}}],"inLanguage":"es"},{"@type":"Organization","@id":"https:\/\/www.eldiario.net\/portal\/#organization","name":"El Diario - Decano de la prensa nacional","url":"https:\/\/www.eldiario.net\/portal\/","logo":{"@type":"ImageObject","inLanguage":"es","@id":"https:\/\/www.eldiario.net\/portal\/#\/schema\/logo\/image\/","url":"https:\/\/www.eldiario.net\/portal\/wp-content\/uploads\/2023\/07\/logo_ED.jpg","contentUrl":"https:\/\/www.eldiario.net\/portal\/wp-content\/uploads\/2023\/07\/logo_ED.jpg","width":272,"height":52,"caption":"El Diario - Decano de la prensa nacional"},"image":{"@id":"https:\/\/www.eldiario.net\/portal\/#\/schema\/logo\/image\/"},"sameAs":["https:\/\/www.facebook.com\/eldiario.bolivia\/","https:\/\/x.com\/eldiario_net"]},{"@type":"Person","@id":"https:\/\/www.eldiario.net\/portal\/#\/schema\/person\/f46445640444750d7d753ccd04ae01b7","name":"Jeanette","image":{"@type":"ImageObject","inLanguage":"es","@id":"https:\/\/secure.gravatar.com\/avatar\/3ea2118a5f7dad2b7138b1187a6b7ee55f160b9968b66013c3a3ef39dd7e5798?s=96&d=mm&r=g","url":"https:\/\/secure.gravatar.com\/avatar\/3ea2118a5f7dad2b7138b1187a6b7ee55f160b9968b66013c3a3ef39dd7e5798?s=96&d=mm&r=g","contentUrl":"https:\/\/secure.gravatar.com\/avatar\/3ea2118a5f7dad2b7138b1187a6b7ee55f160b9968b66013c3a3ef39dd7e5798?s=96&d=mm&r=g","caption":"Jeanette"},"sameAs":["https:\/\/www.eldiario.net\/portal"],"url":"https:\/\/www.eldiario.net\/portal\/author\/jeanette\/"}]}},"_links":{"self":[{"href":"https:\/\/www.eldiario.net\/portal\/wp-json\/wp\/v2\/posts\/263314","targetHints":{"allow":["GET"]}}],"collection":[{"href":"https:\/\/www.eldiario.net\/portal\/wp-json\/wp\/v2\/posts"}],"about":[{"href":"https:\/\/www.eldiario.net\/portal\/wp-json\/wp\/v2\/types\/post"}],"author":[{"embeddable":true,"href":"https:\/\/www.eldiario.net\/portal\/wp-json\/wp\/v2\/users\/1"}],"replies":[{"embeddable":true,"href":"https:\/\/www.eldiario.net\/portal\/wp-json\/wp\/v2\/comments?post=263314"}],"version-history":[{"count":1,"href":"https:\/\/www.eldiario.net\/portal\/wp-json\/wp\/v2\/posts\/263314\/revisions"}],"predecessor-version":[{"id":263317,"href":"https:\/\/www.eldiario.net\/portal\/wp-json\/wp\/v2\/posts\/263314\/revisions\/263317"}],"wp:featuredmedia":[{"embeddable":true,"href":"https:\/\/www.eldiario.net\/portal\/wp-json\/wp\/v2\/media\/263315"}],"wp:attachment":[{"href":"https:\/\/www.eldiario.net\/portal\/wp-json\/wp\/v2\/media?parent=263314"}],"wp:term":[{"taxonomy":"category","embeddable":true,"href":"https:\/\/www.eldiario.net\/portal\/wp-json\/wp\/v2\/categories?post=263314"},{"taxonomy":"post_tag","embeddable":true,"href":"https:\/\/www.eldiario.net\/portal\/wp-json\/wp\/v2\/tags?post=263314"}],"curies":[{"name":"wp","href":"https:\/\/api.w.org\/{rel}","templated":true}]}}