{"id":263288,"date":"2024-11-24T07:30:49","date_gmt":"2024-11-24T11:30:49","guid":{"rendered":"https:\/\/www.eldiario.net\/portal\/?p=263288"},"modified":"2024-11-24T07:30:49","modified_gmt":"2024-11-24T11:30:49","slug":"fascitis-plantar","status":"publish","type":"post","link":"https:\/\/www.eldiario.net\/portal\/2024\/11\/24\/fascitis-plantar\/","title":{"rendered":"FASCITIS PLANTAR"},"content":{"rendered":"<p>Lic. Jaime Julio Ticona Pardo &#8211; Fisioterapeuta Kinesi\u00f3logo U.M.S.A. &#8211; Ref. 72556224<\/p>\n<p>La fascitis plantar a menudo sino en la mayor\u00eda de los casos est\u00e1 asociada con el espol\u00f3n calc\u00e1neo en el tal\u00f3n, sin embargo, muchos pacientes asintom\u00e1ticos tienen espolones \u00f3seos del tal\u00f3n, mientras que muchos pacientes con fascitis plantar no presentan un espol\u00f3n.<\/p>\n<p>La fascia plantar se compone de 3 partes diferenciadas:<\/p>\n<ul>\n<li>Las bandas mediales, centrales y laterales.<\/li>\n<li>La fascia plantar central es la secci\u00f3n m\u00e1s gruesa y m\u00e1s fuerte.<\/li>\n<li>Funciona como un puente de tensi\u00f3n en el pie, proporcionando soporte est\u00e1tico y din\u00e1mico.<\/li>\n<\/ul>\n<p><strong>CAUSAS DE LA FASCITIS PLANTAR<\/strong><\/p>\n<ul>\n<li>Estar de pie durante largos periodos, caminar o correr especialmente en superficies duras.<\/li>\n<li>Sobre esfuerzo y exigencia en algunos deportes y entrenamiento. (maratonistas, etc).<\/li>\n<li>En el caso de los atletas que realizan ejercicios de velocidad, ejercicios de monta\u00f1a que son particularmente factor de riesgo.<\/li>\n<li>Ciertos empleos donde el paciente debe permanecer parado por mucho tiempo, (agente de tr\u00e1nsito, constructores, profesores, etc.<\/li>\n<\/ul>\n<p>&nbsp;<\/p>\n<p><strong>SINTOMAS<\/strong><\/p>\n<p>Dolor y rigidez en la parte inferior del tal\u00f3n, el dolor se acent\u00faa:<\/p>\n<ul>\n<li>Al levantarse de la cama, por la ma\u00f1ana al dar el primer paso.<\/li>\n<li>Despu\u00e9s de estar en reposo durante un periodo de tiempo largo.<\/li>\n<li>Al Subir escaleras, o con carga de peso.<\/li>\n<li>Tras una intensa actividad, entrenamiento o exigencia laboral.<\/li>\n<li>Por Sobrepeso.<\/li>\n<\/ul>\n<p>La sensaci\u00f3n de dolor se experimentar\u00e1 principalmente en la superficie plantar del pie en la parte inferior del calc\u00e1neo, pero que puede irradiarse proximalmente en casos m\u00e1s severos. Puede haber cojera (marcha antil\u00f3gica), y por tanto los pacientes optan por caminar en puntillas.<\/p>\n<p>Inicialmente el dolor disminuye con la deambulaci\u00f3n o calentamiento, pero luego aumenta a lo largo del d\u00eda a medida que aumenta la actividad. En casos m\u00e1s graves los pacientes se quejan de dolor en el tal\u00f3n despu\u00e9s de periodos de permanencia prolongada en bip estaci\u00f3n.<\/p>\n<p>Se puede sentir un dolor en el tal\u00f3n al final del d\u00eda, especialmente despu\u00e9s de una extensa caminata adem\u00e1s del dolor los pacientes tambi\u00e9n pueden quejarse de rigidez en el pie e hinchaz\u00f3n localizada en el tal\u00f3n.<\/p>\n<p>As\u00ed mismo el paciente tambi\u00e9n puede referir dolor en el grupo muscular de los gemelos.<\/p>\n<p><strong>FACTORES DE RIESGO<\/strong><\/p>\n<p>Por lo general afecta a personas entre 40 a 80 a\u00f1os entre estos con m\u00e1s frecuencia en mujeres, pero cuya incidencia \u00faltimamente est\u00e1 cambiando dado el alto porcentaje de varones que presentan obesidad.<\/p>\n<p>Posibles factores de riesgo para su desarrollo:<\/p>\n<ul>\n<li><\/li>\n<li><\/li>\n<li>Bailarinas ballet.<\/li>\n<li>Pie plano.<\/li>\n<li>Espol\u00f3n calc\u00e1neo.<\/li>\n<\/ul>\n<p><strong>ESTUDIOS COMPLEMENTARIOS \u201cRADIOGRAFIA\u201d<\/strong><\/p>\n<p>Unas radiograf\u00edas simples pueden mostrar un espol\u00f3n en el tal\u00f3n plantar, que delimita la presencia de tensiones anormales a trav\u00e9s de la fascia plantar durante al menos 6 meses. El espol\u00f3n no es la causa de los s\u00edntomas, sino m\u00e1s bien una secuela del proceso, por lo tanto, no requiere tratamiento o eliminaci\u00f3n especifica. Alrededor del 50% de los pacientes sintom\u00e1ticos y el 20% de pacientes asintom\u00e1ticos tienen espolones del tal\u00f3n; no obstante, muchos pacientes con fascitis plantar tienen espol\u00f3n en el tal\u00f3n.<\/p>\n<p>DIFERENCIA ENTRE LOS SINTOMAS DE UN ESPOLON Y UNA FASCITIS<\/p>\n<table>\n<tbody>\n<tr>\n<td width=\"341\">ESPOLON CALCANEO<\/td>\n<td width=\"341\">FASCITIS PLANTAR<\/td>\n<\/tr>\n<tr>\n<td width=\"341\">Dolor aparece justo en un punto espec\u00edfico del tal\u00f3n al tocar sobre \u00e9l.<\/td>\n<td width=\"341\">Dolor se distribuye por toda la cara plantar del pie y el tal\u00f3n.<\/td>\n<\/tr>\n<tr>\n<td width=\"341\">Dolor es m\u00e1s intenso al levantarse de la cama por la ma\u00f1ana y dar los primeros pasos.<\/td>\n<td width=\"341\">Dolor muy intenso, que obliga a cojear desaparece con el descanso prolongado y vuelve a aparecer tras periodos de actividad.<\/td>\n<\/tr>\n<tr>\n<td width=\"341\">La mayor\u00eda de las veces no cursa con dolor, solo si va asociado a fascitis plantar.<\/td>\n<td width=\"341\">Con tacones suele disminuir el dolor pues la tensi\u00f3n de la fascia plantar y los gemelos disminuye al acortarse.<\/td>\n<\/tr>\n<\/tbody>\n<\/table>\n<p>&nbsp;<\/p>\n<p>PREVENCI\u00d3N<\/p>\n<p>La aparici\u00f3n de un espol\u00f3n calc\u00e1neo se puede prevenir de la siguiente manera:<\/p>\n<ul>\n<li>Cuidando los tejidos aponeur\u00f3ticos de la planta del pie<\/li>\n<li>Utilizar zapatos adecuados.<\/li>\n<li>Evitar estar mucho tiempo de pie.<\/li>\n<li>Evitar el sobrepeso.<\/li>\n<\/ul>\n<p>TRATAMIENTO<\/p>\n<p><strong>Reposo:<\/strong> Parte del tratamiento habitual en esta patolog\u00eda prima en el \u201cdescanso\u201d, evitar esfuerzos y sobre exigencias a\u00fan si el paciente fuese un deportista de competici\u00f3n.<\/p>\n<p><strong>Analg\u00e9sicos y antiinflamatorios:<\/strong> Hasta lograr que remita la inflamaci\u00f3n, m\u00e1s si esta se encuentra en su fase aguda.<\/p>\n<p><strong>Cambio de Rutina y h\u00e1bitos:<\/strong> Durante este tiempo, podemos hacer otro tipo de ejercicio, que no requiera impacto con el suelo, nataci\u00f3n, etc\u2026<\/p>\n<p><strong>Crioterapia:<\/strong> La segunda ser\u00eda la aplicaci\u00f3n de hielo. Compresas fr\u00edas, geles o botellas de agua congeladas aplicadas a la planta de los pies siempre envueltos en una toalla para evitar el contacto directo. (Durante 5-10 minutos).<\/p>\n<p><strong>Atomasaje:<\/strong> Tambi\u00e9n podemos hacernos un automasaje de la zona y estirar concienzudamente toda la musculatura posterior de la pierna (isquiotibiales, gemelos), y de la planta del pie.<\/p>\n<p><strong>Estiramientos:<\/strong> Para el estiramiento de la fascia plantar, hacer una extensi\u00f3n forzada del pie hacia arriba, se puede hacer uso de una cinta o toalla, en el antepi\u00e9 para tirar de \u00e9l. Con unos 5 minutos al d\u00eda (o despu\u00e9s de hacer ejercicio), ser\u00e1 suficiente.<\/p>\n<p>\u201cEL MOVIENTO ES PARTE ESENCIAL PARA MANTENER UNA VIDA ACTIVA\u201d<\/p>\n\r\n                <style type=\"text\/css\">\r\n                    \r\n                    #tdi_1  .td-doubleSlider-2 .td-item1 {\r\n                        background: url(https:\/\/www.eldiario.net\/portal\/wp-content\/uploads\/2024\/11\/FASCITIS-PLANTAR-2_2-80x60.jpg) 0 0 no-repeat;\r\n                    }\r\n                    #tdi_1  .td-doubleSlider-2 .td-item2 {\r\n                        background: url(https:\/\/www.eldiario.net\/portal\/wp-content\/uploads\/2024\/11\/FASCITIS-PLANTAR-2-80x60.jpg) 0 0 no-repeat;\r\n                    }\r\n                    #tdi_1  .td-doubleSlider-2 .td-item3 {\r\n                        background: url(https:\/\/www.eldiario.net\/portal\/wp-content\/uploads\/2024\/11\/FASCITIS-PLANTAR-3-80x60.jpg) 0 0 no-repeat;\r\n                    }\r\n                    #tdi_1  .td-doubleSlider-2 .td-item4 {\r\n                        background: url(https:\/\/www.eldiario.net\/portal\/wp-content\/uploads\/2024\/11\/FASCITIS-PLANTAR-4-80x60.jpg) 0 0 no-repeat;\r\n                    }\r\n                    #tdi_1  .td-doubleSlider-2 .td-item5 {\r\n                        background: url(https:\/\/www.eldiario.net\/portal\/wp-content\/uploads\/2024\/11\/FASCITIS-PLANTAR-5-80x60.jpg) 0 0 no-repeat;\r\n                    }\r\n                    #tdi_1  .td-doubleSlider-2 .td-item6 {\r\n                        background: url(https:\/\/www.eldiario.net\/portal\/wp-content\/uploads\/2024\/11\/FASCITIS-PLANTAR-80x60.jpg) 0 0 no-repeat;\r\n                    }\r\n                <\/style>\r\n\r\n                <div id=\"tdi_1\" class=\"td-gallery td-slide-on-2-columns\">\r\n                    <div class=\"post_td_gallery\">\r\n                        <div class=\"td-gallery-slide-top\">\r\n                           <div class=\"td-gallery-title\"><\/div>\r\n\r\n                            <div class=\"td-gallery-controls-wrapper\">\r\n                                <div class=\"td-gallery-slide-count\"><span class=\"td-gallery-slide-item-focus\">1<\/span> de 6<\/div>\r\n                                <div class=\"td-gallery-slide-prev-next-but\">\r\n                                    <i class = \"td-icon-left doubleSliderPrevButton\"><\/i>\r\n                                    <i class = \"td-icon-right doubleSliderNextButton\"><\/i>\r\n                                <\/div>\r\n                            <\/div>\r\n                        <\/div>\r\n\r\n                        <div class = \"td-doubleSlider-1 \">\r\n                            <div class = \"td-slider\">\r\n                                \r\n                    <div class = \"td-slide-item td-item1\">\r\n                        <figure class=\"td-slide-galery-figure td-slide-popup-gallery\">\r\n                            <a class=\"slide-gallery-image-link\" href=\"https:\/\/www.eldiario.net\/portal\/wp-content\/uploads\/2024\/11\/FASCITIS-PLANTAR-2_2.jpg\" title=\"FASCITIS-PLANTAR-(2)_2\"  data-caption=\"\"  data-description=\"\">\r\n                                <img decoding=\"async\" src=\"https:\/\/www.eldiario.net\/portal\/wp-content\/uploads\/2024\/11\/FASCITIS-PLANTAR-2_2.jpg\" alt=\"\">\r\n                            <\/a>\r\n                            \r\n                        <\/figure>\r\n                    <\/div>\r\n                    <div class = \"td-slide-item td-item2\">\r\n                        <figure class=\"td-slide-galery-figure td-slide-popup-gallery\">\r\n                            <a class=\"slide-gallery-image-link\" href=\"https:\/\/www.eldiario.net\/portal\/wp-content\/uploads\/2024\/11\/FASCITIS-PLANTAR-2.jpg\" title=\"FASCITIS-PLANTAR-(2)\"  data-caption=\"\"  data-description=\"\">\r\n                                <img decoding=\"async\" src=\"https:\/\/www.eldiario.net\/portal\/wp-content\/uploads\/2024\/11\/FASCITIS-PLANTAR-2.jpg\" srcset=\"https:\/\/www.eldiario.net\/portal\/wp-content\/uploads\/2024\/11\/FASCITIS-PLANTAR-2.jpg 384w, https:\/\/www.eldiario.net\/portal\/wp-content\/uploads\/2024\/11\/FASCITIS-PLANTAR-2-280x300.jpg 280w\" sizes=\"(max-width: 384px) 100vw, 384px\" alt=\"\">\r\n                            <\/a>\r\n                            \r\n                        <\/figure>\r\n                    <\/div>\r\n                    <div class = \"td-slide-item td-item3\">\r\n                        <figure class=\"td-slide-galery-figure td-slide-popup-gallery\">\r\n                            <a class=\"slide-gallery-image-link\" href=\"https:\/\/www.eldiario.net\/portal\/wp-content\/uploads\/2024\/11\/FASCITIS-PLANTAR-3.jpg\" title=\"FASCITIS-PLANTAR-(3)\"  data-caption=\"\"  data-description=\"\">\r\n                                <img decoding=\"async\" src=\"https:\/\/www.eldiario.net\/portal\/wp-content\/uploads\/2024\/11\/FASCITIS-PLANTAR-3-704x420.jpg\" srcset=\"https:\/\/www.eldiario.net\/portal\/wp-content\/uploads\/2024\/11\/FASCITIS-PLANTAR-3-704x420.jpg 704w, https:\/\/www.eldiario.net\/portal\/wp-content\/uploads\/2024\/11\/FASCITIS-PLANTAR-3-300x179.jpg 300w, https:\/\/www.eldiario.net\/portal\/wp-content\/uploads\/2024\/11\/FASCITIS-PLANTAR-3-768x458.jpg 768w, https:\/\/www.eldiario.net\/portal\/wp-content\/uploads\/2024\/11\/FASCITIS-PLANTAR-3-696x415.jpg 696w, https:\/\/www.eldiario.net\/portal\/wp-content\/uploads\/2024\/11\/FASCITIS-PLANTAR-3.jpg 856w\" sizes=\"(max-width: 704px) 100vw, 704px\" alt=\"\">\r\n                            <\/a>\r\n                            \r\n                        <\/figure>\r\n                    <\/div>\r\n                    <div class = \"td-slide-item td-item4\">\r\n                        <figure class=\"td-slide-galery-figure td-slide-popup-gallery\">\r\n                            <a class=\"slide-gallery-image-link\" href=\"https:\/\/www.eldiario.net\/portal\/wp-content\/uploads\/2024\/11\/FASCITIS-PLANTAR-4.jpg\" title=\"FASCITIS-PLANTAR-(4)\"  data-caption=\"\"  data-description=\"\">\r\n                                <img decoding=\"async\" src=\"https:\/\/www.eldiario.net\/portal\/wp-content\/uploads\/2024\/11\/FASCITIS-PLANTAR-4-280x420.jpg\" srcset=\"https:\/\/www.eldiario.net\/portal\/wp-content\/uploads\/2024\/11\/FASCITIS-PLANTAR-4-280x420.jpg 280w, https:\/\/www.eldiario.net\/portal\/wp-content\/uploads\/2024\/11\/FASCITIS-PLANTAR-4-200x300.jpg 200w, https:\/\/www.eldiario.net\/portal\/wp-content\/uploads\/2024\/11\/FASCITIS-PLANTAR-4.jpg 588w\" sizes=\"(max-width: 280px) 100vw, 280px\" alt=\"\">\r\n                            <\/a>\r\n                            \r\n                        <\/figure>\r\n                    <\/div>\r\n                    <div class = \"td-slide-item td-item5\">\r\n                        <figure class=\"td-slide-galery-figure td-slide-popup-gallery\">\r\n                            <a class=\"slide-gallery-image-link\" href=\"https:\/\/www.eldiario.net\/portal\/wp-content\/uploads\/2024\/11\/FASCITIS-PLANTAR-5.jpg\" title=\"FASCITIS-PLANTAR-(5)\"  data-caption=\"\"  data-description=\"\">\r\n                                <img decoding=\"async\" src=\"https:\/\/www.eldiario.net\/portal\/wp-content\/uploads\/2024\/11\/FASCITIS-PLANTAR-5-468x420.jpg\" srcset=\"https:\/\/www.eldiario.net\/portal\/wp-content\/uploads\/2024\/11\/FASCITIS-PLANTAR-5-468x420.jpg 468w, https:\/\/www.eldiario.net\/portal\/wp-content\/uploads\/2024\/11\/FASCITIS-PLANTAR-5-300x269.jpg 300w, https:\/\/www.eldiario.net\/portal\/wp-content\/uploads\/2024\/11\/FASCITIS-PLANTAR-5-1024x920.jpg 1024w, https:\/\/www.eldiario.net\/portal\/wp-content\/uploads\/2024\/11\/FASCITIS-PLANTAR-5-768x690.jpg 768w, https:\/\/www.eldiario.net\/portal\/wp-content\/uploads\/2024\/11\/FASCITIS-PLANTAR-5-696x625.jpg 696w, https:\/\/www.eldiario.net\/portal\/wp-content\/uploads\/2024\/11\/FASCITIS-PLANTAR-5-1068x959.jpg 1068w, https:\/\/www.eldiario.net\/portal\/wp-content\/uploads\/2024\/11\/FASCITIS-PLANTAR-5.jpg 1168w\" sizes=\"(max-width: 468px) 100vw, 468px\" alt=\"\">\r\n                            <\/a>\r\n                            \r\n                        <\/figure>\r\n                    <\/div>\r\n                    <div class = \"td-slide-item td-item6\">\r\n                        <figure class=\"td-slide-galery-figure td-slide-popup-gallery\">\r\n                            <a class=\"slide-gallery-image-link\" href=\"https:\/\/www.eldiario.net\/portal\/wp-content\/uploads\/2024\/11\/FASCITIS-PLANTAR.jpg\" title=\"FASCITIS-PLANTAR\"  data-caption=\"\"  data-description=\"\">\r\n                                <img decoding=\"async\" src=\"https:\/\/www.eldiario.net\/portal\/wp-content\/uploads\/2024\/11\/FASCITIS-PLANTAR.jpg\" srcset=\"https:\/\/www.eldiario.net\/portal\/wp-content\/uploads\/2024\/11\/FASCITIS-PLANTAR.jpg 376w, https:\/\/www.eldiario.net\/portal\/wp-content\/uploads\/2024\/11\/FASCITIS-PLANTAR-271x300.jpg 271w\" sizes=\"(max-width: 376px) 100vw, 376px\" alt=\"\">\r\n                            <\/a>\r\n                            \r\n                        <\/figure>\r\n                    <\/div>\r\n                            <\/div>\r\n                        <\/div>\r\n\r\n                        <div class = \"td-doubleSlider-2\">\r\n                            <div class = \"td-slider\">\r\n                                \r\n                    <div class = \"td-button td-item1\">\r\n                        <div class = \"td-border\"><\/div>\r\n                    <\/div>\r\n                    <div class = \"td-button td-item2\">\r\n                        <div class = \"td-border\"><\/div>\r\n                    <\/div>\r\n                    <div class = \"td-button td-item3\">\r\n                        <div class = \"td-border\"><\/div>\r\n                    <\/div>\r\n                    <div class = \"td-button td-item4\">\r\n                        <div class = \"td-border\"><\/div>\r\n                    <\/div>\r\n                    <div class = \"td-button td-item5\">\r\n                        <div class = \"td-border\"><\/div>\r\n                    <\/div>\r\n                    <div class = \"td-button td-item6\">\r\n                        <div class = \"td-border\"><\/div>\r\n                    <\/div>\r\n                            <\/div>\r\n                        <\/div>\r\n\r\n                    <\/div>\r\n\r\n                <\/div>\r\n                \n","protected":false},"excerpt":{"rendered":"<p>Lic. Jaime Julio Ticona Pardo &#8211; Fisioterapeuta Kinesi\u00f3logo U.M.S.A. &#8211; Ref. 72556224 La fascitis plantar a menudo sino en la mayor\u00eda de los casos est\u00e1 asociada con el espol\u00f3n calc\u00e1neo en el tal\u00f3n, sin embargo, muchos pacientes asintom\u00e1ticos tienen espolones \u00f3seos del tal\u00f3n, mientras que muchos pacientes con fascitis plantar no presentan un espol\u00f3n. La [&hellip;]<\/p>\n","protected":false},"author":1,"featured_media":263289,"comment_status":"closed","ping_status":"open","sticky":false,"template":"","format":"standard","meta":{"_acf_changed":false,"footnotes":""},"categories":[52],"tags":[],"class_list":["post-263288","post","type-post","status-publish","format-standard","has-post-thumbnail","category-de-salud-mas-vida"],"acf":{"antetitulo":""},"yoast_head":"<!-- This site is optimized with the Yoast SEO plugin v28.4 - https:\/\/yoast.com\/product\/yoast-seo-wordpress\/ -->\n<title>FASCITIS PLANTAR - El Diario - Bolivia<\/title>\n<meta name=\"robots\" content=\"index, follow, max-snippet:-1, max-image-preview:large, max-video-preview:-1\" \/>\n<link rel=\"canonical\" href=\"https:\/\/www.eldiario.net\/portal\/2024\/11\/24\/fascitis-plantar\/\" \/>\n<meta property=\"og:locale\" content=\"es_ES\" \/>\n<meta property=\"og:type\" content=\"article\" \/>\n<meta property=\"og:title\" content=\"FASCITIS PLANTAR - El Diario - Bolivia\" \/>\n<meta property=\"og:description\" content=\"Lic. Jaime Julio Ticona Pardo &#8211; Fisioterapeuta Kinesi\u00f3logo U.M.S.A. &#8211; Ref. 72556224 La fascitis plantar a menudo sino en la mayor\u00eda de los casos est\u00e1 asociada con el espol\u00f3n calc\u00e1neo en el tal\u00f3n, sin embargo, muchos pacientes asintom\u00e1ticos tienen espolones \u00f3seos del tal\u00f3n, mientras que muchos pacientes con fascitis plantar no presentan un espol\u00f3n. La [&hellip;]\" \/>\n<meta property=\"og:url\" content=\"https:\/\/www.eldiario.net\/portal\/2024\/11\/24\/fascitis-plantar\/\" \/>\n<meta property=\"og:site_name\" content=\"El Diario - Bolivia\" \/>\n<meta property=\"article:publisher\" content=\"https:\/\/www.facebook.com\/eldiario.bolivia\/\" \/>\n<meta property=\"article:published_time\" content=\"2024-11-24T11:30:49+00:00\" \/>\n<meta property=\"og:image\" content=\"https:\/\/www.eldiario.net\/portal\/wp-content\/uploads\/2024\/11\/FASCITIS-PLANTAR-2_2.jpg\" \/>\n\t<meta property=\"og:image:width\" content=\"276\" \/>\n\t<meta property=\"og:image:height\" content=\"183\" \/>\n\t<meta property=\"og:image:type\" content=\"image\/jpeg\" \/>\n<meta name=\"author\" content=\"Jeanette\" \/>\n<meta name=\"twitter:card\" content=\"summary_large_image\" \/>\n<meta name=\"twitter:creator\" content=\"@eldiario_net\" \/>\n<meta name=\"twitter:site\" content=\"@eldiario_net\" \/>\n<meta name=\"twitter:label1\" content=\"Escrito por\" \/>\n\t<meta name=\"twitter:data1\" content=\"Jeanette\" \/>\n\t<meta name=\"twitter:label2\" content=\"Tiempo de lectura\" \/>\n\t<meta name=\"twitter:data2\" content=\"4 minutos\" \/>\n<script type=\"application\/ld+json\" class=\"yoast-schema-graph\">{\"@context\":\"https:\\\/\\\/schema.org\",\"@graph\":[{\"@type\":\"Article\",\"@id\":\"https:\\\/\\\/www.eldiario.net\\\/portal\\\/2024\\\/11\\\/24\\\/fascitis-plantar\\\/#article\",\"isPartOf\":{\"@id\":\"https:\\\/\\\/www.eldiario.net\\\/portal\\\/2024\\\/11\\\/24\\\/fascitis-plantar\\\/\"},\"author\":{\"name\":\"Jeanette\",\"@id\":\"https:\\\/\\\/www.eldiario.net\\\/portal\\\/#\\\/schema\\\/person\\\/f46445640444750d7d753ccd04ae01b7\"},\"headline\":\"FASCITIS PLANTAR\",\"datePublished\":\"2024-11-24T11:30:49+00:00\",\"mainEntityOfPage\":{\"@id\":\"https:\\\/\\\/www.eldiario.net\\\/portal\\\/2024\\\/11\\\/24\\\/fascitis-plantar\\\/\"},\"wordCount\":915,\"publisher\":{\"@id\":\"https:\\\/\\\/www.eldiario.net\\\/portal\\\/#organization\"},\"image\":{\"@id\":\"https:\\\/\\\/www.eldiario.net\\\/portal\\\/2024\\\/11\\\/24\\\/fascitis-plantar\\\/#primaryimage\"},\"thumbnailUrl\":\"https:\\\/\\\/www.eldiario.net\\\/portal\\\/wp-content\\\/uploads\\\/2024\\\/11\\\/FASCITIS-PLANTAR-2_2.jpg\",\"articleSection\":[\"De Salud + vida\"],\"inLanguage\":\"es\"},{\"@type\":\"WebPage\",\"@id\":\"https:\\\/\\\/www.eldiario.net\\\/portal\\\/2024\\\/11\\\/24\\\/fascitis-plantar\\\/\",\"url\":\"https:\\\/\\\/www.eldiario.net\\\/portal\\\/2024\\\/11\\\/24\\\/fascitis-plantar\\\/\",\"name\":\"FASCITIS PLANTAR - El Diario - Bolivia\",\"isPartOf\":{\"@id\":\"https:\\\/\\\/www.eldiario.net\\\/portal\\\/#website\"},\"primaryImageOfPage\":{\"@id\":\"https:\\\/\\\/www.eldiario.net\\\/portal\\\/2024\\\/11\\\/24\\\/fascitis-plantar\\\/#primaryimage\"},\"image\":{\"@id\":\"https:\\\/\\\/www.eldiario.net\\\/portal\\\/2024\\\/11\\\/24\\\/fascitis-plantar\\\/#primaryimage\"},\"thumbnailUrl\":\"https:\\\/\\\/www.eldiario.net\\\/portal\\\/wp-content\\\/uploads\\\/2024\\\/11\\\/FASCITIS-PLANTAR-2_2.jpg\",\"datePublished\":\"2024-11-24T11:30:49+00:00\",\"breadcrumb\":{\"@id\":\"https:\\\/\\\/www.eldiario.net\\\/portal\\\/2024\\\/11\\\/24\\\/fascitis-plantar\\\/#breadcrumb\"},\"inLanguage\":\"es\",\"potentialAction\":[{\"@type\":\"ReadAction\",\"target\":[\"https:\\\/\\\/www.eldiario.net\\\/portal\\\/2024\\\/11\\\/24\\\/fascitis-plantar\\\/\"]}]},{\"@type\":\"ImageObject\",\"inLanguage\":\"es\",\"@id\":\"https:\\\/\\\/www.eldiario.net\\\/portal\\\/2024\\\/11\\\/24\\\/fascitis-plantar\\\/#primaryimage\",\"url\":\"https:\\\/\\\/www.eldiario.net\\\/portal\\\/wp-content\\\/uploads\\\/2024\\\/11\\\/FASCITIS-PLANTAR-2_2.jpg\",\"contentUrl\":\"https:\\\/\\\/www.eldiario.net\\\/portal\\\/wp-content\\\/uploads\\\/2024\\\/11\\\/FASCITIS-PLANTAR-2_2.jpg\",\"width\":276,\"height\":183},{\"@type\":\"BreadcrumbList\",\"@id\":\"https:\\\/\\\/www.eldiario.net\\\/portal\\\/2024\\\/11\\\/24\\\/fascitis-plantar\\\/#breadcrumb\",\"itemListElement\":[{\"@type\":\"ListItem\",\"position\":1,\"name\":\"Portada\",\"item\":\"https:\\\/\\\/www.eldiario.net\\\/portal\\\/\"},{\"@type\":\"ListItem\",\"position\":2,\"name\":\"FASCITIS PLANTAR\"}]},{\"@type\":\"WebSite\",\"@id\":\"https:\\\/\\\/www.eldiario.net\\\/portal\\\/#website\",\"url\":\"https:\\\/\\\/www.eldiario.net\\\/portal\\\/\",\"name\":\"El Diario - Decano de la prensa nacional\",\"description\":\"El Diario - Decano de la prensa nacional\",\"publisher\":{\"@id\":\"https:\\\/\\\/www.eldiario.net\\\/portal\\\/#organization\"},\"potentialAction\":[{\"@type\":\"SearchAction\",\"target\":{\"@type\":\"EntryPoint\",\"urlTemplate\":\"https:\\\/\\\/www.eldiario.net\\\/portal\\\/?s={search_term_string}\"},\"query-input\":{\"@type\":\"PropertyValueSpecification\",\"valueRequired\":true,\"valueName\":\"search_term_string\"}}],\"inLanguage\":\"es\"},{\"@type\":\"Organization\",\"@id\":\"https:\\\/\\\/www.eldiario.net\\\/portal\\\/#organization\",\"name\":\"El Diario - Decano de la prensa nacional\",\"url\":\"https:\\\/\\\/www.eldiario.net\\\/portal\\\/\",\"logo\":{\"@type\":\"ImageObject\",\"inLanguage\":\"es\",\"@id\":\"https:\\\/\\\/www.eldiario.net\\\/portal\\\/#\\\/schema\\\/logo\\\/image\\\/\",\"url\":\"https:\\\/\\\/www.eldiario.net\\\/portal\\\/wp-content\\\/uploads\\\/2023\\\/07\\\/logo_ED.jpg\",\"contentUrl\":\"https:\\\/\\\/www.eldiario.net\\\/portal\\\/wp-content\\\/uploads\\\/2023\\\/07\\\/logo_ED.jpg\",\"width\":272,\"height\":52,\"caption\":\"El Diario - Decano de la prensa nacional\"},\"image\":{\"@id\":\"https:\\\/\\\/www.eldiario.net\\\/portal\\\/#\\\/schema\\\/logo\\\/image\\\/\"},\"sameAs\":[\"https:\\\/\\\/www.facebook.com\\\/eldiario.bolivia\\\/\",\"https:\\\/\\\/x.com\\\/eldiario_net\"]},{\"@type\":\"Person\",\"@id\":\"https:\\\/\\\/www.eldiario.net\\\/portal\\\/#\\\/schema\\\/person\\\/f46445640444750d7d753ccd04ae01b7\",\"name\":\"Jeanette\",\"image\":{\"@type\":\"ImageObject\",\"inLanguage\":\"es\",\"@id\":\"https:\\\/\\\/secure.gravatar.com\\\/avatar\\\/3ea2118a5f7dad2b7138b1187a6b7ee55f160b9968b66013c3a3ef39dd7e5798?s=96&d=mm&r=g\",\"url\":\"https:\\\/\\\/secure.gravatar.com\\\/avatar\\\/3ea2118a5f7dad2b7138b1187a6b7ee55f160b9968b66013c3a3ef39dd7e5798?s=96&d=mm&r=g\",\"contentUrl\":\"https:\\\/\\\/secure.gravatar.com\\\/avatar\\\/3ea2118a5f7dad2b7138b1187a6b7ee55f160b9968b66013c3a3ef39dd7e5798?s=96&d=mm&r=g\",\"caption\":\"Jeanette\"},\"sameAs\":[\"https:\\\/\\\/www.eldiario.net\\\/portal\"],\"url\":\"https:\\\/\\\/www.eldiario.net\\\/portal\\\/author\\\/jeanette\\\/\"}]}<\/script>\n<!-- \/ Yoast SEO plugin. -->","yoast_head_json":{"title":"FASCITIS PLANTAR - El Diario - Bolivia","robots":{"index":"index","follow":"follow","max-snippet":"max-snippet:-1","max-image-preview":"max-image-preview:large","max-video-preview":"max-video-preview:-1"},"canonical":"https:\/\/www.eldiario.net\/portal\/2024\/11\/24\/fascitis-plantar\/","og_locale":"es_ES","og_type":"article","og_title":"FASCITIS PLANTAR - El Diario - Bolivia","og_description":"Lic. Jaime Julio Ticona Pardo &#8211; Fisioterapeuta Kinesi\u00f3logo U.M.S.A. &#8211; Ref. 72556224 La fascitis plantar a menudo sino en la mayor\u00eda de los casos est\u00e1 asociada con el espol\u00f3n calc\u00e1neo en el tal\u00f3n, sin embargo, muchos pacientes asintom\u00e1ticos tienen espolones \u00f3seos del tal\u00f3n, mientras que muchos pacientes con fascitis plantar no presentan un espol\u00f3n. La [&hellip;]","og_url":"https:\/\/www.eldiario.net\/portal\/2024\/11\/24\/fascitis-plantar\/","og_site_name":"El Diario - Bolivia","article_publisher":"https:\/\/www.facebook.com\/eldiario.bolivia\/","article_published_time":"2024-11-24T11:30:49+00:00","og_image":[{"width":276,"height":183,"url":"https:\/\/www.eldiario.net\/portal\/wp-content\/uploads\/2024\/11\/FASCITIS-PLANTAR-2_2.jpg","type":"image\/jpeg"}],"author":"Jeanette","twitter_card":"summary_large_image","twitter_creator":"@eldiario_net","twitter_site":"@eldiario_net","twitter_misc":{"Escrito por":"Jeanette","Tiempo de lectura":"4 minutos"},"schema":{"@context":"https:\/\/schema.org","@graph":[{"@type":"Article","@id":"https:\/\/www.eldiario.net\/portal\/2024\/11\/24\/fascitis-plantar\/#article","isPartOf":{"@id":"https:\/\/www.eldiario.net\/portal\/2024\/11\/24\/fascitis-plantar\/"},"author":{"name":"Jeanette","@id":"https:\/\/www.eldiario.net\/portal\/#\/schema\/person\/f46445640444750d7d753ccd04ae01b7"},"headline":"FASCITIS PLANTAR","datePublished":"2024-11-24T11:30:49+00:00","mainEntityOfPage":{"@id":"https:\/\/www.eldiario.net\/portal\/2024\/11\/24\/fascitis-plantar\/"},"wordCount":915,"publisher":{"@id":"https:\/\/www.eldiario.net\/portal\/#organization"},"image":{"@id":"https:\/\/www.eldiario.net\/portal\/2024\/11\/24\/fascitis-plantar\/#primaryimage"},"thumbnailUrl":"https:\/\/www.eldiario.net\/portal\/wp-content\/uploads\/2024\/11\/FASCITIS-PLANTAR-2_2.jpg","articleSection":["De Salud + vida"],"inLanguage":"es"},{"@type":"WebPage","@id":"https:\/\/www.eldiario.net\/portal\/2024\/11\/24\/fascitis-plantar\/","url":"https:\/\/www.eldiario.net\/portal\/2024\/11\/24\/fascitis-plantar\/","name":"FASCITIS PLANTAR - El Diario - Bolivia","isPartOf":{"@id":"https:\/\/www.eldiario.net\/portal\/#website"},"primaryImageOfPage":{"@id":"https:\/\/www.eldiario.net\/portal\/2024\/11\/24\/fascitis-plantar\/#primaryimage"},"image":{"@id":"https:\/\/www.eldiario.net\/portal\/2024\/11\/24\/fascitis-plantar\/#primaryimage"},"thumbnailUrl":"https:\/\/www.eldiario.net\/portal\/wp-content\/uploads\/2024\/11\/FASCITIS-PLANTAR-2_2.jpg","datePublished":"2024-11-24T11:30:49+00:00","breadcrumb":{"@id":"https:\/\/www.eldiario.net\/portal\/2024\/11\/24\/fascitis-plantar\/#breadcrumb"},"inLanguage":"es","potentialAction":[{"@type":"ReadAction","target":["https:\/\/www.eldiario.net\/portal\/2024\/11\/24\/fascitis-plantar\/"]}]},{"@type":"ImageObject","inLanguage":"es","@id":"https:\/\/www.eldiario.net\/portal\/2024\/11\/24\/fascitis-plantar\/#primaryimage","url":"https:\/\/www.eldiario.net\/portal\/wp-content\/uploads\/2024\/11\/FASCITIS-PLANTAR-2_2.jpg","contentUrl":"https:\/\/www.eldiario.net\/portal\/wp-content\/uploads\/2024\/11\/FASCITIS-PLANTAR-2_2.jpg","width":276,"height":183},{"@type":"BreadcrumbList","@id":"https:\/\/www.eldiario.net\/portal\/2024\/11\/24\/fascitis-plantar\/#breadcrumb","itemListElement":[{"@type":"ListItem","position":1,"name":"Portada","item":"https:\/\/www.eldiario.net\/portal\/"},{"@type":"ListItem","position":2,"name":"FASCITIS PLANTAR"}]},{"@type":"WebSite","@id":"https:\/\/www.eldiario.net\/portal\/#website","url":"https:\/\/www.eldiario.net\/portal\/","name":"El Diario - Decano de la prensa nacional","description":"El Diario - Decano de la prensa nacional","publisher":{"@id":"https:\/\/www.eldiario.net\/portal\/#organization"},"potentialAction":[{"@type":"SearchAction","target":{"@type":"EntryPoint","urlTemplate":"https:\/\/www.eldiario.net\/portal\/?s={search_term_string}"},"query-input":{"@type":"PropertyValueSpecification","valueRequired":true,"valueName":"search_term_string"}}],"inLanguage":"es"},{"@type":"Organization","@id":"https:\/\/www.eldiario.net\/portal\/#organization","name":"El Diario - Decano de la prensa nacional","url":"https:\/\/www.eldiario.net\/portal\/","logo":{"@type":"ImageObject","inLanguage":"es","@id":"https:\/\/www.eldiario.net\/portal\/#\/schema\/logo\/image\/","url":"https:\/\/www.eldiario.net\/portal\/wp-content\/uploads\/2023\/07\/logo_ED.jpg","contentUrl":"https:\/\/www.eldiario.net\/portal\/wp-content\/uploads\/2023\/07\/logo_ED.jpg","width":272,"height":52,"caption":"El Diario - Decano de la prensa nacional"},"image":{"@id":"https:\/\/www.eldiario.net\/portal\/#\/schema\/logo\/image\/"},"sameAs":["https:\/\/www.facebook.com\/eldiario.bolivia\/","https:\/\/x.com\/eldiario_net"]},{"@type":"Person","@id":"https:\/\/www.eldiario.net\/portal\/#\/schema\/person\/f46445640444750d7d753ccd04ae01b7","name":"Jeanette","image":{"@type":"ImageObject","inLanguage":"es","@id":"https:\/\/secure.gravatar.com\/avatar\/3ea2118a5f7dad2b7138b1187a6b7ee55f160b9968b66013c3a3ef39dd7e5798?s=96&d=mm&r=g","url":"https:\/\/secure.gravatar.com\/avatar\/3ea2118a5f7dad2b7138b1187a6b7ee55f160b9968b66013c3a3ef39dd7e5798?s=96&d=mm&r=g","contentUrl":"https:\/\/secure.gravatar.com\/avatar\/3ea2118a5f7dad2b7138b1187a6b7ee55f160b9968b66013c3a3ef39dd7e5798?s=96&d=mm&r=g","caption":"Jeanette"},"sameAs":["https:\/\/www.eldiario.net\/portal"],"url":"https:\/\/www.eldiario.net\/portal\/author\/jeanette\/"}]}},"_links":{"self":[{"href":"https:\/\/www.eldiario.net\/portal\/wp-json\/wp\/v2\/posts\/263288","targetHints":{"allow":["GET"]}}],"collection":[{"href":"https:\/\/www.eldiario.net\/portal\/wp-json\/wp\/v2\/posts"}],"about":[{"href":"https:\/\/www.eldiario.net\/portal\/wp-json\/wp\/v2\/types\/post"}],"author":[{"embeddable":true,"href":"https:\/\/www.eldiario.net\/portal\/wp-json\/wp\/v2\/users\/1"}],"replies":[{"embeddable":true,"href":"https:\/\/www.eldiario.net\/portal\/wp-json\/wp\/v2\/comments?post=263288"}],"version-history":[{"count":1,"href":"https:\/\/www.eldiario.net\/portal\/wp-json\/wp\/v2\/posts\/263288\/revisions"}],"predecessor-version":[{"id":263295,"href":"https:\/\/www.eldiario.net\/portal\/wp-json\/wp\/v2\/posts\/263288\/revisions\/263295"}],"wp:featuredmedia":[{"embeddable":true,"href":"https:\/\/www.eldiario.net\/portal\/wp-json\/wp\/v2\/media\/263289"}],"wp:attachment":[{"href":"https:\/\/www.eldiario.net\/portal\/wp-json\/wp\/v2\/media?parent=263288"}],"wp:term":[{"taxonomy":"category","embeddable":true,"href":"https:\/\/www.eldiario.net\/portal\/wp-json\/wp\/v2\/categories?post=263288"},{"taxonomy":"post_tag","embeddable":true,"href":"https:\/\/www.eldiario.net\/portal\/wp-json\/wp\/v2\/tags?post=263288"}],"curies":[{"name":"wp","href":"https:\/\/api.w.org\/{rel}","templated":true}]}}