{"id":263282,"date":"2024-11-24T07:29:09","date_gmt":"2024-11-24T11:29:09","guid":{"rendered":"https:\/\/www.eldiario.net\/portal\/?p=263282"},"modified":"2024-11-24T07:29:09","modified_gmt":"2024-11-24T11:29:09","slug":"que-es-el-lipedema","status":"publish","type":"post","link":"https:\/\/www.eldiario.net\/portal\/2024\/11\/24\/que-es-el-lipedema\/","title":{"rendered":"\u00bfQU\u00c9 ES EL LIPEDEMA?"},"content":{"rendered":"<p>Lic.Lupe Fern\u00e1ndez Calix Enfermera U.M.S.A.<\/p>\n<p>&nbsp;<\/p>\n<p>El lipedema es una enfermedad desconocida qu\u00e9 afecta especialmente a las mujeres se caracteriza por el aumento de acumulo de grasa en brazos y piernas m\u00e1s el 14 % de mujeres se ven afectadas en el mundo suele confundirse con obesidad.<\/p>\n<p>Es una enfermedad cr\u00f3nica y degenerativa las c\u00e9lulas adiposas (Lipedema) en brazos y piernas van aumento de tama\u00f1o observ\u00e1ndose una desproporci\u00f3n en muslos y piernas por el acumul\u00f3 de grasa provocando presi\u00f3n en los tejidos logrando un intenso dolor en brazos y piernas en la actualidad sugieren por el dolor que provoca esta enfermedad deber\u00eda cambiar el nombre de Lipedema a \u201cS\u00edndrome de Lipalgia\u201d (acumulaci\u00f3n de grasa dolorosa) no existe diferencia entre el muslo ,rodilla y tobillo(aumento de volumen ) con una tendencia a formar moretones en la regi\u00f3n (equimosis )provoca tambi\u00e9n otras enfermedades como la alteraci\u00f3n del sistema venoso o arterial , linf\u00e1tico, artritis en rodilla, fibrosis de la grasa subcut\u00e1nea .<\/p>\n<p>Los cambios hormonales en la pubertad, embarazo, menopausia, uso de anticonceptivos orales, antecedente familiar coincide con la aparici\u00f3n de esta enfermedad.<\/p>\n<p>El Lipedema puede presentarse en tres estadios.<\/p>\n<p><strong>Primer estadio: <\/strong>los s\u00edntomas son leves a la palpaci\u00f3n se nota en este estadio la acumulaci\u00f3n de grasa en forma de bolitas bajo la piel.<\/p>\n<p>&nbsp;<\/p>\n<p><strong>Segundo estadio: <\/strong>se presenta como una sensaci\u00f3n dolorosa en regi\u00f3n y la aparici\u00f3n de hematomas al palpar de siente acumulo de grasa m\u00e1s grande en regi\u00f3n de observa la piel de coloraci\u00f3n naranja en regi\u00f3n.<\/p>\n<p><strong>Tercer estadio: <\/strong>Dificultad al caminar, aparici\u00f3n de hematomas, los m\u00f3dulos son m\u00e1s grandes a la palpaci\u00f3n puede ocasionar p\u00e9rdida de la elasticidad cut\u00e1nea, muy dolorosa al caminar o en reposo etc.<\/p>\n<p>&nbsp;<\/p>\n<h1>\u00bfSIGNOS Y S\u00cdNTOMAS DEL LIPEDEMA?<\/h1>\n<p>Dolor intenso.<\/p>\n<p>Tendencia a la aparici\u00f3n de moretones o hematomas. Aparici\u00f3n de venas varicosas<\/p>\n<p>Temperatura m\u00e1s baja (en la zona afectada) Hormigueo<\/p>\n<p>Dificultad para caminar<\/p>\n<p>Presenta la piel como \u201cPiel de naranja\u201d<\/p>\n<h1>\u00bfC\u00d3MO PREVENIR LA APARICION DEL LIPEDEMA?<\/h1>\n<p>Fomentar al ejercicio<\/p>\n<p>Higiene (regiones afectadas)<\/p>\n<p>Utilizar vendas el\u00e1sticas (durante el d\u00eda)<\/p>\n<p>Recibir fisioterapia (lograr el drenaje linf\u00e1tico) Alimentaci\u00f3n Saludable<\/p>\n<p>Acudir a centros hospitalarios Recibir tratamiento Psicol\u00f3gico<\/p>\n<p>Por el aumento de casos con esta enfermedad y los s problemas psicol\u00f3gicos que presenta la mujer es necesario acudir a centros hospitalarios para su tratamiento puede ser quir\u00fargico o tratamiento para evitar el dolor intenso en personas que sufren de Lipedema.<\/p>\n<p><strong>\u201cVALORA Y APRECIA TU SALUD TODOS LOS D\u00cdAS\u201d<\/strong><\/p>\n<p>&nbsp;<\/p>\n","protected":false},"excerpt":{"rendered":"<p>Lic.Lupe Fern\u00e1ndez Calix Enfermera U.M.S.A. &nbsp; El lipedema es una enfermedad desconocida qu\u00e9 afecta especialmente a las mujeres se caracteriza por el aumento de acumulo de grasa en brazos y piernas m\u00e1s el 14 % de mujeres se ven afectadas en el mundo suele confundirse con obesidad. Es una enfermedad cr\u00f3nica y degenerativa las c\u00e9lulas [&hellip;]<\/p>\n","protected":false},"author":1,"featured_media":263283,"comment_status":"closed","ping_status":"open","sticky":false,"template":"","format":"standard","meta":{"_acf_changed":false,"footnotes":""},"categories":[52],"tags":[],"class_list":["post-263282","post","type-post","status-publish","format-standard","has-post-thumbnail","category-de-salud-mas-vida"],"acf":{"antetitulo":""},"yoast_head":"<!-- This site is optimized with the Yoast SEO plugin v28.4 - https:\/\/yoast.com\/product\/yoast-seo-wordpress\/ -->\n<title>\u00bfQU\u00c9 ES EL LIPEDEMA? - El Diario - Bolivia<\/title>\n<meta name=\"robots\" content=\"index, follow, max-snippet:-1, max-image-preview:large, max-video-preview:-1\" \/>\n<link rel=\"canonical\" href=\"https:\/\/www.eldiario.net\/portal\/2024\/11\/24\/que-es-el-lipedema\/\" \/>\n<meta property=\"og:locale\" content=\"es_ES\" \/>\n<meta property=\"og:type\" content=\"article\" \/>\n<meta property=\"og:title\" content=\"\u00bfQU\u00c9 ES EL LIPEDEMA? - El Diario - Bolivia\" \/>\n<meta property=\"og:description\" content=\"Lic.Lupe Fern\u00e1ndez Calix Enfermera U.M.S.A. &nbsp; El lipedema es una enfermedad desconocida qu\u00e9 afecta especialmente a las mujeres se caracteriza por el aumento de acumulo de grasa en brazos y piernas m\u00e1s el 14 % de mujeres se ven afectadas en el mundo suele confundirse con obesidad. Es una enfermedad cr\u00f3nica y degenerativa las c\u00e9lulas [&hellip;]\" \/>\n<meta property=\"og:url\" content=\"https:\/\/www.eldiario.net\/portal\/2024\/11\/24\/que-es-el-lipedema\/\" \/>\n<meta property=\"og:site_name\" content=\"El Diario - Bolivia\" \/>\n<meta property=\"article:publisher\" content=\"https:\/\/www.facebook.com\/eldiario.bolivia\/\" \/>\n<meta property=\"article:published_time\" content=\"2024-11-24T11:29:09+00:00\" \/>\n<meta property=\"og:image\" content=\"https:\/\/www.eldiario.net\/portal\/wp-content\/uploads\/2024\/11\/QUE-ES-EL-LIPEDEMA.jpg\" \/>\n\t<meta property=\"og:image:width\" content=\"1067\" \/>\n\t<meta property=\"og:image:height\" content=\"865\" \/>\n\t<meta property=\"og:image:type\" content=\"image\/jpeg\" \/>\n<meta name=\"author\" content=\"Jeanette\" \/>\n<meta name=\"twitter:card\" content=\"summary_large_image\" \/>\n<meta name=\"twitter:creator\" content=\"@eldiario_net\" \/>\n<meta name=\"twitter:site\" content=\"@eldiario_net\" \/>\n<meta name=\"twitter:label1\" content=\"Escrito por\" \/>\n\t<meta name=\"twitter:data1\" content=\"Jeanette\" \/>\n\t<meta name=\"twitter:label2\" content=\"Tiempo de lectura\" \/>\n\t<meta name=\"twitter:data2\" content=\"3 minutos\" \/>\n<script type=\"application\/ld+json\" class=\"yoast-schema-graph\">{\"@context\":\"https:\\\/\\\/schema.org\",\"@graph\":[{\"@type\":\"Article\",\"@id\":\"https:\\\/\\\/www.eldiario.net\\\/portal\\\/2024\\\/11\\\/24\\\/que-es-el-lipedema\\\/#article\",\"isPartOf\":{\"@id\":\"https:\\\/\\\/www.eldiario.net\\\/portal\\\/2024\\\/11\\\/24\\\/que-es-el-lipedema\\\/\"},\"author\":{\"name\":\"Jeanette\",\"@id\":\"https:\\\/\\\/www.eldiario.net\\\/portal\\\/#\\\/schema\\\/person\\\/f46445640444750d7d753ccd04ae01b7\"},\"headline\":\"\u00bfQU\u00c9 ES EL LIPEDEMA?\",\"datePublished\":\"2024-11-24T11:29:09+00:00\",\"mainEntityOfPage\":{\"@id\":\"https:\\\/\\\/www.eldiario.net\\\/portal\\\/2024\\\/11\\\/24\\\/que-es-el-lipedema\\\/\"},\"wordCount\":452,\"publisher\":{\"@id\":\"https:\\\/\\\/www.eldiario.net\\\/portal\\\/#organization\"},\"image\":{\"@id\":\"https:\\\/\\\/www.eldiario.net\\\/portal\\\/2024\\\/11\\\/24\\\/que-es-el-lipedema\\\/#primaryimage\"},\"thumbnailUrl\":\"https:\\\/\\\/www.eldiario.net\\\/portal\\\/wp-content\\\/uploads\\\/2024\\\/11\\\/QUE-ES-EL-LIPEDEMA.jpg\",\"articleSection\":[\"De Salud + vida\"],\"inLanguage\":\"es\"},{\"@type\":\"WebPage\",\"@id\":\"https:\\\/\\\/www.eldiario.net\\\/portal\\\/2024\\\/11\\\/24\\\/que-es-el-lipedema\\\/\",\"url\":\"https:\\\/\\\/www.eldiario.net\\\/portal\\\/2024\\\/11\\\/24\\\/que-es-el-lipedema\\\/\",\"name\":\"\u00bfQU\u00c9 ES EL LIPEDEMA? - El Diario - Bolivia\",\"isPartOf\":{\"@id\":\"https:\\\/\\\/www.eldiario.net\\\/portal\\\/#website\"},\"primaryImageOfPage\":{\"@id\":\"https:\\\/\\\/www.eldiario.net\\\/portal\\\/2024\\\/11\\\/24\\\/que-es-el-lipedema\\\/#primaryimage\"},\"image\":{\"@id\":\"https:\\\/\\\/www.eldiario.net\\\/portal\\\/2024\\\/11\\\/24\\\/que-es-el-lipedema\\\/#primaryimage\"},\"thumbnailUrl\":\"https:\\\/\\\/www.eldiario.net\\\/portal\\\/wp-content\\\/uploads\\\/2024\\\/11\\\/QUE-ES-EL-LIPEDEMA.jpg\",\"datePublished\":\"2024-11-24T11:29:09+00:00\",\"breadcrumb\":{\"@id\":\"https:\\\/\\\/www.eldiario.net\\\/portal\\\/2024\\\/11\\\/24\\\/que-es-el-lipedema\\\/#breadcrumb\"},\"inLanguage\":\"es\",\"potentialAction\":[{\"@type\":\"ReadAction\",\"target\":[\"https:\\\/\\\/www.eldiario.net\\\/portal\\\/2024\\\/11\\\/24\\\/que-es-el-lipedema\\\/\"]}]},{\"@type\":\"ImageObject\",\"inLanguage\":\"es\",\"@id\":\"https:\\\/\\\/www.eldiario.net\\\/portal\\\/2024\\\/11\\\/24\\\/que-es-el-lipedema\\\/#primaryimage\",\"url\":\"https:\\\/\\\/www.eldiario.net\\\/portal\\\/wp-content\\\/uploads\\\/2024\\\/11\\\/QUE-ES-EL-LIPEDEMA.jpg\",\"contentUrl\":\"https:\\\/\\\/www.eldiario.net\\\/portal\\\/wp-content\\\/uploads\\\/2024\\\/11\\\/QUE-ES-EL-LIPEDEMA.jpg\",\"width\":1067,\"height\":865},{\"@type\":\"BreadcrumbList\",\"@id\":\"https:\\\/\\\/www.eldiario.net\\\/portal\\\/2024\\\/11\\\/24\\\/que-es-el-lipedema\\\/#breadcrumb\",\"itemListElement\":[{\"@type\":\"ListItem\",\"position\":1,\"name\":\"Portada\",\"item\":\"https:\\\/\\\/www.eldiario.net\\\/portal\\\/\"},{\"@type\":\"ListItem\",\"position\":2,\"name\":\"\u00bfQU\u00c9 ES EL LIPEDEMA?\"}]},{\"@type\":\"WebSite\",\"@id\":\"https:\\\/\\\/www.eldiario.net\\\/portal\\\/#website\",\"url\":\"https:\\\/\\\/www.eldiario.net\\\/portal\\\/\",\"name\":\"El Diario - Decano de la prensa nacional\",\"description\":\"El Diario - Decano de la prensa nacional\",\"publisher\":{\"@id\":\"https:\\\/\\\/www.eldiario.net\\\/portal\\\/#organization\"},\"potentialAction\":[{\"@type\":\"SearchAction\",\"target\":{\"@type\":\"EntryPoint\",\"urlTemplate\":\"https:\\\/\\\/www.eldiario.net\\\/portal\\\/?s={search_term_string}\"},\"query-input\":{\"@type\":\"PropertyValueSpecification\",\"valueRequired\":true,\"valueName\":\"search_term_string\"}}],\"inLanguage\":\"es\"},{\"@type\":\"Organization\",\"@id\":\"https:\\\/\\\/www.eldiario.net\\\/portal\\\/#organization\",\"name\":\"El Diario - Decano de la prensa nacional\",\"url\":\"https:\\\/\\\/www.eldiario.net\\\/portal\\\/\",\"logo\":{\"@type\":\"ImageObject\",\"inLanguage\":\"es\",\"@id\":\"https:\\\/\\\/www.eldiario.net\\\/portal\\\/#\\\/schema\\\/logo\\\/image\\\/\",\"url\":\"https:\\\/\\\/www.eldiario.net\\\/portal\\\/wp-content\\\/uploads\\\/2023\\\/07\\\/logo_ED.jpg\",\"contentUrl\":\"https:\\\/\\\/www.eldiario.net\\\/portal\\\/wp-content\\\/uploads\\\/2023\\\/07\\\/logo_ED.jpg\",\"width\":272,\"height\":52,\"caption\":\"El Diario - Decano de la prensa nacional\"},\"image\":{\"@id\":\"https:\\\/\\\/www.eldiario.net\\\/portal\\\/#\\\/schema\\\/logo\\\/image\\\/\"},\"sameAs\":[\"https:\\\/\\\/www.facebook.com\\\/eldiario.bolivia\\\/\",\"https:\\\/\\\/x.com\\\/eldiario_net\"]},{\"@type\":\"Person\",\"@id\":\"https:\\\/\\\/www.eldiario.net\\\/portal\\\/#\\\/schema\\\/person\\\/f46445640444750d7d753ccd04ae01b7\",\"name\":\"Jeanette\",\"image\":{\"@type\":\"ImageObject\",\"inLanguage\":\"es\",\"@id\":\"https:\\\/\\\/secure.gravatar.com\\\/avatar\\\/3ea2118a5f7dad2b7138b1187a6b7ee55f160b9968b66013c3a3ef39dd7e5798?s=96&d=mm&r=g\",\"url\":\"https:\\\/\\\/secure.gravatar.com\\\/avatar\\\/3ea2118a5f7dad2b7138b1187a6b7ee55f160b9968b66013c3a3ef39dd7e5798?s=96&d=mm&r=g\",\"contentUrl\":\"https:\\\/\\\/secure.gravatar.com\\\/avatar\\\/3ea2118a5f7dad2b7138b1187a6b7ee55f160b9968b66013c3a3ef39dd7e5798?s=96&d=mm&r=g\",\"caption\":\"Jeanette\"},\"sameAs\":[\"https:\\\/\\\/www.eldiario.net\\\/portal\"],\"url\":\"https:\\\/\\\/www.eldiario.net\\\/portal\\\/author\\\/jeanette\\\/\"}]}<\/script>\n<!-- \/ Yoast SEO plugin. -->","yoast_head_json":{"title":"\u00bfQU\u00c9 ES EL LIPEDEMA? - El Diario - Bolivia","robots":{"index":"index","follow":"follow","max-snippet":"max-snippet:-1","max-image-preview":"max-image-preview:large","max-video-preview":"max-video-preview:-1"},"canonical":"https:\/\/www.eldiario.net\/portal\/2024\/11\/24\/que-es-el-lipedema\/","og_locale":"es_ES","og_type":"article","og_title":"\u00bfQU\u00c9 ES EL LIPEDEMA? - El Diario - Bolivia","og_description":"Lic.Lupe Fern\u00e1ndez Calix Enfermera U.M.S.A. &nbsp; El lipedema es una enfermedad desconocida qu\u00e9 afecta especialmente a las mujeres se caracteriza por el aumento de acumulo de grasa en brazos y piernas m\u00e1s el 14 % de mujeres se ven afectadas en el mundo suele confundirse con obesidad. Es una enfermedad cr\u00f3nica y degenerativa las c\u00e9lulas [&hellip;]","og_url":"https:\/\/www.eldiario.net\/portal\/2024\/11\/24\/que-es-el-lipedema\/","og_site_name":"El Diario - Bolivia","article_publisher":"https:\/\/www.facebook.com\/eldiario.bolivia\/","article_published_time":"2024-11-24T11:29:09+00:00","og_image":[{"width":1067,"height":865,"url":"https:\/\/www.eldiario.net\/portal\/wp-content\/uploads\/2024\/11\/QUE-ES-EL-LIPEDEMA.jpg","type":"image\/jpeg"}],"author":"Jeanette","twitter_card":"summary_large_image","twitter_creator":"@eldiario_net","twitter_site":"@eldiario_net","twitter_misc":{"Escrito por":"Jeanette","Tiempo de lectura":"3 minutos"},"schema":{"@context":"https:\/\/schema.org","@graph":[{"@type":"Article","@id":"https:\/\/www.eldiario.net\/portal\/2024\/11\/24\/que-es-el-lipedema\/#article","isPartOf":{"@id":"https:\/\/www.eldiario.net\/portal\/2024\/11\/24\/que-es-el-lipedema\/"},"author":{"name":"Jeanette","@id":"https:\/\/www.eldiario.net\/portal\/#\/schema\/person\/f46445640444750d7d753ccd04ae01b7"},"headline":"\u00bfQU\u00c9 ES EL LIPEDEMA?","datePublished":"2024-11-24T11:29:09+00:00","mainEntityOfPage":{"@id":"https:\/\/www.eldiario.net\/portal\/2024\/11\/24\/que-es-el-lipedema\/"},"wordCount":452,"publisher":{"@id":"https:\/\/www.eldiario.net\/portal\/#organization"},"image":{"@id":"https:\/\/www.eldiario.net\/portal\/2024\/11\/24\/que-es-el-lipedema\/#primaryimage"},"thumbnailUrl":"https:\/\/www.eldiario.net\/portal\/wp-content\/uploads\/2024\/11\/QUE-ES-EL-LIPEDEMA.jpg","articleSection":["De Salud + vida"],"inLanguage":"es"},{"@type":"WebPage","@id":"https:\/\/www.eldiario.net\/portal\/2024\/11\/24\/que-es-el-lipedema\/","url":"https:\/\/www.eldiario.net\/portal\/2024\/11\/24\/que-es-el-lipedema\/","name":"\u00bfQU\u00c9 ES EL LIPEDEMA? - El Diario - Bolivia","isPartOf":{"@id":"https:\/\/www.eldiario.net\/portal\/#website"},"primaryImageOfPage":{"@id":"https:\/\/www.eldiario.net\/portal\/2024\/11\/24\/que-es-el-lipedema\/#primaryimage"},"image":{"@id":"https:\/\/www.eldiario.net\/portal\/2024\/11\/24\/que-es-el-lipedema\/#primaryimage"},"thumbnailUrl":"https:\/\/www.eldiario.net\/portal\/wp-content\/uploads\/2024\/11\/QUE-ES-EL-LIPEDEMA.jpg","datePublished":"2024-11-24T11:29:09+00:00","breadcrumb":{"@id":"https:\/\/www.eldiario.net\/portal\/2024\/11\/24\/que-es-el-lipedema\/#breadcrumb"},"inLanguage":"es","potentialAction":[{"@type":"ReadAction","target":["https:\/\/www.eldiario.net\/portal\/2024\/11\/24\/que-es-el-lipedema\/"]}]},{"@type":"ImageObject","inLanguage":"es","@id":"https:\/\/www.eldiario.net\/portal\/2024\/11\/24\/que-es-el-lipedema\/#primaryimage","url":"https:\/\/www.eldiario.net\/portal\/wp-content\/uploads\/2024\/11\/QUE-ES-EL-LIPEDEMA.jpg","contentUrl":"https:\/\/www.eldiario.net\/portal\/wp-content\/uploads\/2024\/11\/QUE-ES-EL-LIPEDEMA.jpg","width":1067,"height":865},{"@type":"BreadcrumbList","@id":"https:\/\/www.eldiario.net\/portal\/2024\/11\/24\/que-es-el-lipedema\/#breadcrumb","itemListElement":[{"@type":"ListItem","position":1,"name":"Portada","item":"https:\/\/www.eldiario.net\/portal\/"},{"@type":"ListItem","position":2,"name":"\u00bfQU\u00c9 ES EL LIPEDEMA?"}]},{"@type":"WebSite","@id":"https:\/\/www.eldiario.net\/portal\/#website","url":"https:\/\/www.eldiario.net\/portal\/","name":"El Diario - Decano de la prensa nacional","description":"El Diario - Decano de la prensa nacional","publisher":{"@id":"https:\/\/www.eldiario.net\/portal\/#organization"},"potentialAction":[{"@type":"SearchAction","target":{"@type":"EntryPoint","urlTemplate":"https:\/\/www.eldiario.net\/portal\/?s={search_term_string}"},"query-input":{"@type":"PropertyValueSpecification","valueRequired":true,"valueName":"search_term_string"}}],"inLanguage":"es"},{"@type":"Organization","@id":"https:\/\/www.eldiario.net\/portal\/#organization","name":"El Diario - Decano de la prensa nacional","url":"https:\/\/www.eldiario.net\/portal\/","logo":{"@type":"ImageObject","inLanguage":"es","@id":"https:\/\/www.eldiario.net\/portal\/#\/schema\/logo\/image\/","url":"https:\/\/www.eldiario.net\/portal\/wp-content\/uploads\/2023\/07\/logo_ED.jpg","contentUrl":"https:\/\/www.eldiario.net\/portal\/wp-content\/uploads\/2023\/07\/logo_ED.jpg","width":272,"height":52,"caption":"El Diario - Decano de la prensa nacional"},"image":{"@id":"https:\/\/www.eldiario.net\/portal\/#\/schema\/logo\/image\/"},"sameAs":["https:\/\/www.facebook.com\/eldiario.bolivia\/","https:\/\/x.com\/eldiario_net"]},{"@type":"Person","@id":"https:\/\/www.eldiario.net\/portal\/#\/schema\/person\/f46445640444750d7d753ccd04ae01b7","name":"Jeanette","image":{"@type":"ImageObject","inLanguage":"es","@id":"https:\/\/secure.gravatar.com\/avatar\/3ea2118a5f7dad2b7138b1187a6b7ee55f160b9968b66013c3a3ef39dd7e5798?s=96&d=mm&r=g","url":"https:\/\/secure.gravatar.com\/avatar\/3ea2118a5f7dad2b7138b1187a6b7ee55f160b9968b66013c3a3ef39dd7e5798?s=96&d=mm&r=g","contentUrl":"https:\/\/secure.gravatar.com\/avatar\/3ea2118a5f7dad2b7138b1187a6b7ee55f160b9968b66013c3a3ef39dd7e5798?s=96&d=mm&r=g","caption":"Jeanette"},"sameAs":["https:\/\/www.eldiario.net\/portal"],"url":"https:\/\/www.eldiario.net\/portal\/author\/jeanette\/"}]}},"_links":{"self":[{"href":"https:\/\/www.eldiario.net\/portal\/wp-json\/wp\/v2\/posts\/263282","targetHints":{"allow":["GET"]}}],"collection":[{"href":"https:\/\/www.eldiario.net\/portal\/wp-json\/wp\/v2\/posts"}],"about":[{"href":"https:\/\/www.eldiario.net\/portal\/wp-json\/wp\/v2\/types\/post"}],"author":[{"embeddable":true,"href":"https:\/\/www.eldiario.net\/portal\/wp-json\/wp\/v2\/users\/1"}],"replies":[{"embeddable":true,"href":"https:\/\/www.eldiario.net\/portal\/wp-json\/wp\/v2\/comments?post=263282"}],"version-history":[{"count":1,"href":"https:\/\/www.eldiario.net\/portal\/wp-json\/wp\/v2\/posts\/263282\/revisions"}],"predecessor-version":[{"id":263284,"href":"https:\/\/www.eldiario.net\/portal\/wp-json\/wp\/v2\/posts\/263282\/revisions\/263284"}],"wp:featuredmedia":[{"embeddable":true,"href":"https:\/\/www.eldiario.net\/portal\/wp-json\/wp\/v2\/media\/263283"}],"wp:attachment":[{"href":"https:\/\/www.eldiario.net\/portal\/wp-json\/wp\/v2\/media?parent=263282"}],"wp:term":[{"taxonomy":"category","embeddable":true,"href":"https:\/\/www.eldiario.net\/portal\/wp-json\/wp\/v2\/categories?post=263282"},{"taxonomy":"post_tag","embeddable":true,"href":"https:\/\/www.eldiario.net\/portal\/wp-json\/wp\/v2\/tags?post=263282"}],"curies":[{"name":"wp","href":"https:\/\/api.w.org\/{rel}","templated":true}]}}