{"id":263279,"date":"2024-11-24T07:28:34","date_gmt":"2024-11-24T11:28:34","guid":{"rendered":"https:\/\/www.eldiario.net\/portal\/?p=263279"},"modified":"2024-11-24T07:28:34","modified_gmt":"2024-11-24T11:28:34","slug":"tecnologias-para-proteger-la-vision-ojo-con-sus-ojos-2","status":"publish","type":"post","link":"https:\/\/www.eldiario.net\/portal\/2024\/11\/24\/tecnologias-para-proteger-la-vision-ojo-con-sus-ojos-2\/","title":{"rendered":"TECNOLOG\u00cdAS PARA PROTEGER LA VISI\u00d3N, OJO CON SUS OJOS"},"content":{"rendered":"<p><strong>Dra. Guadalupe Concepci\u00f3n Canul Estrella<\/strong><strong> &#8211; <\/strong><strong>Cirujano Oftalm\u00f3logo, Oculopl\u00e1stica<\/strong><\/p>\n<p>Se estima que en el mundo hay alrededor de 216 millones de personas que viven con discapacidades visuales de moderadas a severas. Aunque la Organizaci\u00f3n Mundial de la Salud se\u00f1ala que hasta el 80% de la discapacidad visual alrededor del mundo se puede evitar con un mejor acceso a tratamientos, el n\u00famero de personas ciegas o con visi\u00f3n baja se incrementa a medida que la poblaci\u00f3n mundial envejece.<\/p>\n<p>La asistencia para las personas con problemas de visi\u00f3n ha llegado muy lejos. Las herramientas modernas incluyen no solo dispositivos de mayor magnificaci\u00f3n, sino tambi\u00e9n aplicaciones y otros productos que usan est\u00edmulos auditivos o t\u00e1ctiles, en vez de visuales.<\/p>\n<p>Recuerda que cuidar nuestros ojos es fundamental para mantener una buena calidad de vida. Utilizar lentes adecuados puede ayudarnos a prevenir problemas visuales a largo plazo, mantener una visi\u00f3n clara y saludable:<\/p>\n<p>Lentes antirreflejo. Estas lentes est\u00e1n dise\u00f1adas para reducir los reflejos y el cansancio visual causado por luces artificiales o naturales. Son ideales para personas que pasan mucho tiempo frente a una pantalla de computadora o que conducen de noche.<\/p>\n<p>Lentes con luz azul. Son gafas que contienen lentes dise\u00f1adas espec\u00edficamente para reducir la cantidad de luz azul que llega al ojo. Estos lentes filtran los rayos de luz azul para ayudar a evitar que entren en el ojo y causen da\u00f1os potenciales. Por lo general, las lentes de luz azul tienen un ligero tinte amarillo (para contrarrestar la luz azul), pero normalmente no se nota.<\/p>\n<p>Lentes transitions convencionales. Estas son micas inteligentes que, entre sus principales caracter\u00edsticas, resaltan la posibilidad de adaptarse a cualquier condici\u00f3n de luz, as\u00ed que podr\u00e1n pasar de un tono oscuro mientras est\u00e9n en exteriores, a un tono totalmente transparente en interiores o lugares de poca luz.<\/p>\n<p>Las lentes con protecci\u00f3n UV son aquellas que tienen la capacidad de filtrar la radiaci\u00f3n ultravioleta (UV) del sol, protegiendo as\u00ed los ojos de posibles da\u00f1os. Esta protecci\u00f3n es importante, ya que la exposici\u00f3n prolongada a la radiaci\u00f3n UV puede causar problemas oculares a largo plazo, como cataratas o degeneraci\u00f3n macular.<\/p>\n<p>El modo lectura en los dispositivos celulares puede reducir de manera efectiva la luz azul y ajustar la pantalla para mostrar colores m\u00e1s c\u00e1lidos, lo cual alivia la fatiga visual y protege la vista.<\/p>\n<p>Este tipo de instrumentos permiten que las personas que piensan que han tenido que dejar de realizar ciertas actividades puedan volver a disfrutar de su vida normal.<\/p>\n","protected":false},"excerpt":{"rendered":"<p>Dra. Guadalupe Concepci\u00f3n Canul Estrella &#8211; Cirujano Oftalm\u00f3logo, Oculopl\u00e1stica Se estima que en el mundo hay alrededor de 216 millones de personas que viven con discapacidades visuales de moderadas a severas. Aunque la Organizaci\u00f3n Mundial de la Salud se\u00f1ala que hasta el 80% de la discapacidad visual alrededor del mundo se puede evitar con un [&hellip;]<\/p>\n","protected":false},"author":1,"featured_media":263280,"comment_status":"closed","ping_status":"open","sticky":false,"template":"","format":"standard","meta":{"_acf_changed":false,"footnotes":""},"categories":[52],"tags":[],"class_list":["post-263279","post","type-post","status-publish","format-standard","has-post-thumbnail","category-de-salud-mas-vida"],"acf":{"antetitulo":""},"yoast_head":"<!-- This site is optimized with the Yoast SEO plugin v28.4 - https:\/\/yoast.com\/product\/yoast-seo-wordpress\/ -->\n<title>TECNOLOG\u00cdAS PARA PROTEGER LA VISI\u00d3N, OJO CON SUS OJOS - El Diario - Bolivia<\/title>\n<meta name=\"robots\" content=\"index, follow, max-snippet:-1, max-image-preview:large, max-video-preview:-1\" \/>\n<link rel=\"canonical\" href=\"https:\/\/www.eldiario.net\/portal\/2024\/11\/24\/tecnologias-para-proteger-la-vision-ojo-con-sus-ojos-2\/\" \/>\n<meta property=\"og:locale\" content=\"es_ES\" \/>\n<meta property=\"og:type\" content=\"article\" \/>\n<meta property=\"og:title\" content=\"TECNOLOG\u00cdAS PARA PROTEGER LA VISI\u00d3N, OJO CON SUS OJOS - El Diario - Bolivia\" \/>\n<meta property=\"og:description\" content=\"Dra. Guadalupe Concepci\u00f3n Canul Estrella &#8211; Cirujano Oftalm\u00f3logo, Oculopl\u00e1stica Se estima que en el mundo hay alrededor de 216 millones de personas que viven con discapacidades visuales de moderadas a severas. Aunque la Organizaci\u00f3n Mundial de la Salud se\u00f1ala que hasta el 80% de la discapacidad visual alrededor del mundo se puede evitar con un [&hellip;]\" \/>\n<meta property=\"og:url\" content=\"https:\/\/www.eldiario.net\/portal\/2024\/11\/24\/tecnologias-para-proteger-la-vision-ojo-con-sus-ojos-2\/\" \/>\n<meta property=\"og:site_name\" content=\"El Diario - Bolivia\" \/>\n<meta property=\"article:publisher\" content=\"https:\/\/www.facebook.com\/eldiario.bolivia\/\" \/>\n<meta property=\"article:published_time\" content=\"2024-11-24T11:28:34+00:00\" \/>\n<meta property=\"og:image\" content=\"https:\/\/www.eldiario.net\/portal\/wp-content\/uploads\/2024\/11\/Tecnologias-para-proteger-la-vision-ojo-con-sus-ojos.jpg\" \/>\n\t<meta property=\"og:image:width\" content=\"1239\" \/>\n\t<meta property=\"og:image:height\" content=\"1452\" \/>\n\t<meta property=\"og:image:type\" content=\"image\/jpeg\" \/>\n<meta name=\"author\" content=\"Jeanette\" \/>\n<meta name=\"twitter:card\" content=\"summary_large_image\" \/>\n<meta name=\"twitter:creator\" content=\"@eldiario_net\" \/>\n<meta name=\"twitter:site\" content=\"@eldiario_net\" \/>\n<meta name=\"twitter:label1\" content=\"Escrito por\" \/>\n\t<meta name=\"twitter:data1\" content=\"Jeanette\" \/>\n\t<meta name=\"twitter:label2\" content=\"Tiempo de lectura\" \/>\n\t<meta name=\"twitter:data2\" content=\"3 minutos\" \/>\n<script type=\"application\/ld+json\" class=\"yoast-schema-graph\">{\"@context\":\"https:\\\/\\\/schema.org\",\"@graph\":[{\"@type\":\"Article\",\"@id\":\"https:\\\/\\\/www.eldiario.net\\\/portal\\\/2024\\\/11\\\/24\\\/tecnologias-para-proteger-la-vision-ojo-con-sus-ojos-2\\\/#article\",\"isPartOf\":{\"@id\":\"https:\\\/\\\/www.eldiario.net\\\/portal\\\/2024\\\/11\\\/24\\\/tecnologias-para-proteger-la-vision-ojo-con-sus-ojos-2\\\/\"},\"author\":{\"name\":\"Jeanette\",\"@id\":\"https:\\\/\\\/www.eldiario.net\\\/portal\\\/#\\\/schema\\\/person\\\/f46445640444750d7d753ccd04ae01b7\"},\"headline\":\"TECNOLOG\u00cdAS PARA PROTEGER LA VISI\u00d3N, OJO CON SUS OJOS\",\"datePublished\":\"2024-11-24T11:28:34+00:00\",\"mainEntityOfPage\":{\"@id\":\"https:\\\/\\\/www.eldiario.net\\\/portal\\\/2024\\\/11\\\/24\\\/tecnologias-para-proteger-la-vision-ojo-con-sus-ojos-2\\\/\"},\"wordCount\":452,\"publisher\":{\"@id\":\"https:\\\/\\\/www.eldiario.net\\\/portal\\\/#organization\"},\"image\":{\"@id\":\"https:\\\/\\\/www.eldiario.net\\\/portal\\\/2024\\\/11\\\/24\\\/tecnologias-para-proteger-la-vision-ojo-con-sus-ojos-2\\\/#primaryimage\"},\"thumbnailUrl\":\"https:\\\/\\\/www.eldiario.net\\\/portal\\\/wp-content\\\/uploads\\\/2024\\\/11\\\/Tecnologias-para-proteger-la-vision-ojo-con-sus-ojos.jpg\",\"articleSection\":[\"De Salud + vida\"],\"inLanguage\":\"es\"},{\"@type\":\"WebPage\",\"@id\":\"https:\\\/\\\/www.eldiario.net\\\/portal\\\/2024\\\/11\\\/24\\\/tecnologias-para-proteger-la-vision-ojo-con-sus-ojos-2\\\/\",\"url\":\"https:\\\/\\\/www.eldiario.net\\\/portal\\\/2024\\\/11\\\/24\\\/tecnologias-para-proteger-la-vision-ojo-con-sus-ojos-2\\\/\",\"name\":\"TECNOLOG\u00cdAS PARA PROTEGER LA VISI\u00d3N, OJO CON SUS OJOS - El Diario - Bolivia\",\"isPartOf\":{\"@id\":\"https:\\\/\\\/www.eldiario.net\\\/portal\\\/#website\"},\"primaryImageOfPage\":{\"@id\":\"https:\\\/\\\/www.eldiario.net\\\/portal\\\/2024\\\/11\\\/24\\\/tecnologias-para-proteger-la-vision-ojo-con-sus-ojos-2\\\/#primaryimage\"},\"image\":{\"@id\":\"https:\\\/\\\/www.eldiario.net\\\/portal\\\/2024\\\/11\\\/24\\\/tecnologias-para-proteger-la-vision-ojo-con-sus-ojos-2\\\/#primaryimage\"},\"thumbnailUrl\":\"https:\\\/\\\/www.eldiario.net\\\/portal\\\/wp-content\\\/uploads\\\/2024\\\/11\\\/Tecnologias-para-proteger-la-vision-ojo-con-sus-ojos.jpg\",\"datePublished\":\"2024-11-24T11:28:34+00:00\",\"breadcrumb\":{\"@id\":\"https:\\\/\\\/www.eldiario.net\\\/portal\\\/2024\\\/11\\\/24\\\/tecnologias-para-proteger-la-vision-ojo-con-sus-ojos-2\\\/#breadcrumb\"},\"inLanguage\":\"es\",\"potentialAction\":[{\"@type\":\"ReadAction\",\"target\":[\"https:\\\/\\\/www.eldiario.net\\\/portal\\\/2024\\\/11\\\/24\\\/tecnologias-para-proteger-la-vision-ojo-con-sus-ojos-2\\\/\"]}]},{\"@type\":\"ImageObject\",\"inLanguage\":\"es\",\"@id\":\"https:\\\/\\\/www.eldiario.net\\\/portal\\\/2024\\\/11\\\/24\\\/tecnologias-para-proteger-la-vision-ojo-con-sus-ojos-2\\\/#primaryimage\",\"url\":\"https:\\\/\\\/www.eldiario.net\\\/portal\\\/wp-content\\\/uploads\\\/2024\\\/11\\\/Tecnologias-para-proteger-la-vision-ojo-con-sus-ojos.jpg\",\"contentUrl\":\"https:\\\/\\\/www.eldiario.net\\\/portal\\\/wp-content\\\/uploads\\\/2024\\\/11\\\/Tecnologias-para-proteger-la-vision-ojo-con-sus-ojos.jpg\",\"width\":1239,\"height\":1452},{\"@type\":\"BreadcrumbList\",\"@id\":\"https:\\\/\\\/www.eldiario.net\\\/portal\\\/2024\\\/11\\\/24\\\/tecnologias-para-proteger-la-vision-ojo-con-sus-ojos-2\\\/#breadcrumb\",\"itemListElement\":[{\"@type\":\"ListItem\",\"position\":1,\"name\":\"Portada\",\"item\":\"https:\\\/\\\/www.eldiario.net\\\/portal\\\/\"},{\"@type\":\"ListItem\",\"position\":2,\"name\":\"TECNOLOG\u00cdAS PARA PROTEGER LA VISI\u00d3N, OJO CON SUS OJOS\"}]},{\"@type\":\"WebSite\",\"@id\":\"https:\\\/\\\/www.eldiario.net\\\/portal\\\/#website\",\"url\":\"https:\\\/\\\/www.eldiario.net\\\/portal\\\/\",\"name\":\"El Diario - Decano de la prensa nacional\",\"description\":\"El Diario - Decano de la prensa nacional\",\"publisher\":{\"@id\":\"https:\\\/\\\/www.eldiario.net\\\/portal\\\/#organization\"},\"potentialAction\":[{\"@type\":\"SearchAction\",\"target\":{\"@type\":\"EntryPoint\",\"urlTemplate\":\"https:\\\/\\\/www.eldiario.net\\\/portal\\\/?s={search_term_string}\"},\"query-input\":{\"@type\":\"PropertyValueSpecification\",\"valueRequired\":true,\"valueName\":\"search_term_string\"}}],\"inLanguage\":\"es\"},{\"@type\":\"Organization\",\"@id\":\"https:\\\/\\\/www.eldiario.net\\\/portal\\\/#organization\",\"name\":\"El Diario - Decano de la prensa nacional\",\"url\":\"https:\\\/\\\/www.eldiario.net\\\/portal\\\/\",\"logo\":{\"@type\":\"ImageObject\",\"inLanguage\":\"es\",\"@id\":\"https:\\\/\\\/www.eldiario.net\\\/portal\\\/#\\\/schema\\\/logo\\\/image\\\/\",\"url\":\"https:\\\/\\\/www.eldiario.net\\\/portal\\\/wp-content\\\/uploads\\\/2023\\\/07\\\/logo_ED.jpg\",\"contentUrl\":\"https:\\\/\\\/www.eldiario.net\\\/portal\\\/wp-content\\\/uploads\\\/2023\\\/07\\\/logo_ED.jpg\",\"width\":272,\"height\":52,\"caption\":\"El Diario - Decano de la prensa nacional\"},\"image\":{\"@id\":\"https:\\\/\\\/www.eldiario.net\\\/portal\\\/#\\\/schema\\\/logo\\\/image\\\/\"},\"sameAs\":[\"https:\\\/\\\/www.facebook.com\\\/eldiario.bolivia\\\/\",\"https:\\\/\\\/x.com\\\/eldiario_net\"]},{\"@type\":\"Person\",\"@id\":\"https:\\\/\\\/www.eldiario.net\\\/portal\\\/#\\\/schema\\\/person\\\/f46445640444750d7d753ccd04ae01b7\",\"name\":\"Jeanette\",\"image\":{\"@type\":\"ImageObject\",\"inLanguage\":\"es\",\"@id\":\"https:\\\/\\\/secure.gravatar.com\\\/avatar\\\/3ea2118a5f7dad2b7138b1187a6b7ee55f160b9968b66013c3a3ef39dd7e5798?s=96&d=mm&r=g\",\"url\":\"https:\\\/\\\/secure.gravatar.com\\\/avatar\\\/3ea2118a5f7dad2b7138b1187a6b7ee55f160b9968b66013c3a3ef39dd7e5798?s=96&d=mm&r=g\",\"contentUrl\":\"https:\\\/\\\/secure.gravatar.com\\\/avatar\\\/3ea2118a5f7dad2b7138b1187a6b7ee55f160b9968b66013c3a3ef39dd7e5798?s=96&d=mm&r=g\",\"caption\":\"Jeanette\"},\"sameAs\":[\"https:\\\/\\\/www.eldiario.net\\\/portal\"],\"url\":\"https:\\\/\\\/www.eldiario.net\\\/portal\\\/author\\\/jeanette\\\/\"}]}<\/script>\n<!-- \/ Yoast SEO plugin. -->","yoast_head_json":{"title":"TECNOLOG\u00cdAS PARA PROTEGER LA VISI\u00d3N, OJO CON SUS OJOS - El Diario - Bolivia","robots":{"index":"index","follow":"follow","max-snippet":"max-snippet:-1","max-image-preview":"max-image-preview:large","max-video-preview":"max-video-preview:-1"},"canonical":"https:\/\/www.eldiario.net\/portal\/2024\/11\/24\/tecnologias-para-proteger-la-vision-ojo-con-sus-ojos-2\/","og_locale":"es_ES","og_type":"article","og_title":"TECNOLOG\u00cdAS PARA PROTEGER LA VISI\u00d3N, OJO CON SUS OJOS - El Diario - Bolivia","og_description":"Dra. Guadalupe Concepci\u00f3n Canul Estrella &#8211; Cirujano Oftalm\u00f3logo, Oculopl\u00e1stica Se estima que en el mundo hay alrededor de 216 millones de personas que viven con discapacidades visuales de moderadas a severas. Aunque la Organizaci\u00f3n Mundial de la Salud se\u00f1ala que hasta el 80% de la discapacidad visual alrededor del mundo se puede evitar con un [&hellip;]","og_url":"https:\/\/www.eldiario.net\/portal\/2024\/11\/24\/tecnologias-para-proteger-la-vision-ojo-con-sus-ojos-2\/","og_site_name":"El Diario - Bolivia","article_publisher":"https:\/\/www.facebook.com\/eldiario.bolivia\/","article_published_time":"2024-11-24T11:28:34+00:00","og_image":[{"width":1239,"height":1452,"url":"https:\/\/www.eldiario.net\/portal\/wp-content\/uploads\/2024\/11\/Tecnologias-para-proteger-la-vision-ojo-con-sus-ojos.jpg","type":"image\/jpeg"}],"author":"Jeanette","twitter_card":"summary_large_image","twitter_creator":"@eldiario_net","twitter_site":"@eldiario_net","twitter_misc":{"Escrito por":"Jeanette","Tiempo de lectura":"3 minutos"},"schema":{"@context":"https:\/\/schema.org","@graph":[{"@type":"Article","@id":"https:\/\/www.eldiario.net\/portal\/2024\/11\/24\/tecnologias-para-proteger-la-vision-ojo-con-sus-ojos-2\/#article","isPartOf":{"@id":"https:\/\/www.eldiario.net\/portal\/2024\/11\/24\/tecnologias-para-proteger-la-vision-ojo-con-sus-ojos-2\/"},"author":{"name":"Jeanette","@id":"https:\/\/www.eldiario.net\/portal\/#\/schema\/person\/f46445640444750d7d753ccd04ae01b7"},"headline":"TECNOLOG\u00cdAS PARA PROTEGER LA VISI\u00d3N, OJO CON SUS OJOS","datePublished":"2024-11-24T11:28:34+00:00","mainEntityOfPage":{"@id":"https:\/\/www.eldiario.net\/portal\/2024\/11\/24\/tecnologias-para-proteger-la-vision-ojo-con-sus-ojos-2\/"},"wordCount":452,"publisher":{"@id":"https:\/\/www.eldiario.net\/portal\/#organization"},"image":{"@id":"https:\/\/www.eldiario.net\/portal\/2024\/11\/24\/tecnologias-para-proteger-la-vision-ojo-con-sus-ojos-2\/#primaryimage"},"thumbnailUrl":"https:\/\/www.eldiario.net\/portal\/wp-content\/uploads\/2024\/11\/Tecnologias-para-proteger-la-vision-ojo-con-sus-ojos.jpg","articleSection":["De Salud + vida"],"inLanguage":"es"},{"@type":"WebPage","@id":"https:\/\/www.eldiario.net\/portal\/2024\/11\/24\/tecnologias-para-proteger-la-vision-ojo-con-sus-ojos-2\/","url":"https:\/\/www.eldiario.net\/portal\/2024\/11\/24\/tecnologias-para-proteger-la-vision-ojo-con-sus-ojos-2\/","name":"TECNOLOG\u00cdAS PARA PROTEGER LA VISI\u00d3N, OJO CON SUS OJOS - El Diario - Bolivia","isPartOf":{"@id":"https:\/\/www.eldiario.net\/portal\/#website"},"primaryImageOfPage":{"@id":"https:\/\/www.eldiario.net\/portal\/2024\/11\/24\/tecnologias-para-proteger-la-vision-ojo-con-sus-ojos-2\/#primaryimage"},"image":{"@id":"https:\/\/www.eldiario.net\/portal\/2024\/11\/24\/tecnologias-para-proteger-la-vision-ojo-con-sus-ojos-2\/#primaryimage"},"thumbnailUrl":"https:\/\/www.eldiario.net\/portal\/wp-content\/uploads\/2024\/11\/Tecnologias-para-proteger-la-vision-ojo-con-sus-ojos.jpg","datePublished":"2024-11-24T11:28:34+00:00","breadcrumb":{"@id":"https:\/\/www.eldiario.net\/portal\/2024\/11\/24\/tecnologias-para-proteger-la-vision-ojo-con-sus-ojos-2\/#breadcrumb"},"inLanguage":"es","potentialAction":[{"@type":"ReadAction","target":["https:\/\/www.eldiario.net\/portal\/2024\/11\/24\/tecnologias-para-proteger-la-vision-ojo-con-sus-ojos-2\/"]}]},{"@type":"ImageObject","inLanguage":"es","@id":"https:\/\/www.eldiario.net\/portal\/2024\/11\/24\/tecnologias-para-proteger-la-vision-ojo-con-sus-ojos-2\/#primaryimage","url":"https:\/\/www.eldiario.net\/portal\/wp-content\/uploads\/2024\/11\/Tecnologias-para-proteger-la-vision-ojo-con-sus-ojos.jpg","contentUrl":"https:\/\/www.eldiario.net\/portal\/wp-content\/uploads\/2024\/11\/Tecnologias-para-proteger-la-vision-ojo-con-sus-ojos.jpg","width":1239,"height":1452},{"@type":"BreadcrumbList","@id":"https:\/\/www.eldiario.net\/portal\/2024\/11\/24\/tecnologias-para-proteger-la-vision-ojo-con-sus-ojos-2\/#breadcrumb","itemListElement":[{"@type":"ListItem","position":1,"name":"Portada","item":"https:\/\/www.eldiario.net\/portal\/"},{"@type":"ListItem","position":2,"name":"TECNOLOG\u00cdAS PARA PROTEGER LA VISI\u00d3N, OJO CON SUS OJOS"}]},{"@type":"WebSite","@id":"https:\/\/www.eldiario.net\/portal\/#website","url":"https:\/\/www.eldiario.net\/portal\/","name":"El Diario - Decano de la prensa nacional","description":"El Diario - Decano de la prensa nacional","publisher":{"@id":"https:\/\/www.eldiario.net\/portal\/#organization"},"potentialAction":[{"@type":"SearchAction","target":{"@type":"EntryPoint","urlTemplate":"https:\/\/www.eldiario.net\/portal\/?s={search_term_string}"},"query-input":{"@type":"PropertyValueSpecification","valueRequired":true,"valueName":"search_term_string"}}],"inLanguage":"es"},{"@type":"Organization","@id":"https:\/\/www.eldiario.net\/portal\/#organization","name":"El Diario - Decano de la prensa nacional","url":"https:\/\/www.eldiario.net\/portal\/","logo":{"@type":"ImageObject","inLanguage":"es","@id":"https:\/\/www.eldiario.net\/portal\/#\/schema\/logo\/image\/","url":"https:\/\/www.eldiario.net\/portal\/wp-content\/uploads\/2023\/07\/logo_ED.jpg","contentUrl":"https:\/\/www.eldiario.net\/portal\/wp-content\/uploads\/2023\/07\/logo_ED.jpg","width":272,"height":52,"caption":"El Diario - Decano de la prensa nacional"},"image":{"@id":"https:\/\/www.eldiario.net\/portal\/#\/schema\/logo\/image\/"},"sameAs":["https:\/\/www.facebook.com\/eldiario.bolivia\/","https:\/\/x.com\/eldiario_net"]},{"@type":"Person","@id":"https:\/\/www.eldiario.net\/portal\/#\/schema\/person\/f46445640444750d7d753ccd04ae01b7","name":"Jeanette","image":{"@type":"ImageObject","inLanguage":"es","@id":"https:\/\/secure.gravatar.com\/avatar\/3ea2118a5f7dad2b7138b1187a6b7ee55f160b9968b66013c3a3ef39dd7e5798?s=96&d=mm&r=g","url":"https:\/\/secure.gravatar.com\/avatar\/3ea2118a5f7dad2b7138b1187a6b7ee55f160b9968b66013c3a3ef39dd7e5798?s=96&d=mm&r=g","contentUrl":"https:\/\/secure.gravatar.com\/avatar\/3ea2118a5f7dad2b7138b1187a6b7ee55f160b9968b66013c3a3ef39dd7e5798?s=96&d=mm&r=g","caption":"Jeanette"},"sameAs":["https:\/\/www.eldiario.net\/portal"],"url":"https:\/\/www.eldiario.net\/portal\/author\/jeanette\/"}]}},"_links":{"self":[{"href":"https:\/\/www.eldiario.net\/portal\/wp-json\/wp\/v2\/posts\/263279","targetHints":{"allow":["GET"]}}],"collection":[{"href":"https:\/\/www.eldiario.net\/portal\/wp-json\/wp\/v2\/posts"}],"about":[{"href":"https:\/\/www.eldiario.net\/portal\/wp-json\/wp\/v2\/types\/post"}],"author":[{"embeddable":true,"href":"https:\/\/www.eldiario.net\/portal\/wp-json\/wp\/v2\/users\/1"}],"replies":[{"embeddable":true,"href":"https:\/\/www.eldiario.net\/portal\/wp-json\/wp\/v2\/comments?post=263279"}],"version-history":[{"count":1,"href":"https:\/\/www.eldiario.net\/portal\/wp-json\/wp\/v2\/posts\/263279\/revisions"}],"predecessor-version":[{"id":263281,"href":"https:\/\/www.eldiario.net\/portal\/wp-json\/wp\/v2\/posts\/263279\/revisions\/263281"}],"wp:featuredmedia":[{"embeddable":true,"href":"https:\/\/www.eldiario.net\/portal\/wp-json\/wp\/v2\/media\/263280"}],"wp:attachment":[{"href":"https:\/\/www.eldiario.net\/portal\/wp-json\/wp\/v2\/media?parent=263279"}],"wp:term":[{"taxonomy":"category","embeddable":true,"href":"https:\/\/www.eldiario.net\/portal\/wp-json\/wp\/v2\/categories?post=263279"},{"taxonomy":"post_tag","embeddable":true,"href":"https:\/\/www.eldiario.net\/portal\/wp-json\/wp\/v2\/tags?post=263279"}],"curies":[{"name":"wp","href":"https:\/\/api.w.org\/{rel}","templated":true}]}}