{"id":263274,"date":"2024-11-24T07:28:00","date_gmt":"2024-11-24T11:28:00","guid":{"rendered":"https:\/\/www.eldiario.net\/portal\/?p=263274"},"modified":"2024-11-24T07:28:00","modified_gmt":"2024-11-24T11:28:00","slug":"aplicacion-del-microimplante-en-la-practica-de-ortodoncia-2","status":"publish","type":"post","link":"https:\/\/www.eldiario.net\/portal\/2024\/11\/24\/aplicacion-del-microimplante-en-la-practica-de-ortodoncia-2\/","title":{"rendered":"APLICACI\u00d3N DEL MICROIMPLANTE EN LA PR\u00c1CTICA DE ORTODONCIA"},"content":{"rendered":"<p>Los microimplantes son peque\u00f1os tornillos de titanio, han ido evolucionando desde su aparici\u00f3n hasta la actualidad, con el fin de convertirse en un m\u00e9todo apropiado para conseguir un anclaje absoluto en la ortodoncia. Son conocidos como micro tornillos, mini-implantes, dispositivos de anclaje temporal, sistema de anclaje esquel\u00e9tico y aparato temporal de anclaje que se insertan en zonas espec\u00edficas del hueso de la mand\u00edbula o el maxilar para proporcionar anclaje y apoyo adicional durante el tratamiento de ortodoncia.<\/p>\n<p>&nbsp;<\/p>\n<p>La tasa de \u00e9xito general es de 93% seg\u00fan varios autores, lo que hace de esta t\u00e9cnica una buena opci\u00f3n para garantizar el anclaje m\u00e1ximo en los tratamientos ortod\u00f3ncicos<\/p>\n<p>&nbsp;<\/p>\n<p>Estos dispositivos permiten mover los dientes de manera eficaz y r\u00e1pida especialmente en casos de mal oclusiones severas o complicadas.<\/p>\n<p>&nbsp;<\/p>\n<p>\u00bfCu\u00e1les son las ventajas de los microimplantes en ortodoncia?<\/p>\n<p>Mayor precisi\u00f3n en el movimiento de los dientes.<\/p>\n<p>Menor tiempo de tratamiento, as\u00ed como una reducci\u00f3n del uso de aparatos en boca o extraorales que pueden llegar a incomodar al paciente.<\/p>\n<p>Menos molestias para el paciente.<\/p>\n<p>Posibilidad de tratar casos m\u00e1s complejos.<\/p>\n<p>Mejor estabilidad y resultados a largo plazo.<\/p>\n<p>&nbsp;<\/p>\n<p>\u00bfEn qu\u00e9 casos puede utilizarse microimplantes en ortodoncia?<\/p>\n<p>Son especialmente \u00fatiles en casos de mordidas abiertas, mordidas cruzadas, api\u00f1amientos severos, extracciones dentales, correcciones de rotaciones dentales entre otros, cualquier paciente que requiera un anclaje adicional durante su tratamiento de ortodoncia podr\u00eda ser candidato para la colocaci\u00f3n.<\/p>\n<p>&nbsp;<\/p>\n<p>\u00bfC\u00f3mo se colocan los microimplantes?<\/p>\n<p>La colocaci\u00f3n del microimplante es un procedimiento sencillo y relativamente indoloro se administra anestesia local para adormecer la zona y posteriormente se inserta el microimplante en el hueso, donde quedara fijado de forma segura una vez colocado el microimplante se conecta al sistema de ortodoncia para proporcionar el anclaje necesario.<\/p>\n<p>&nbsp;<\/p>\n<p>\u00bfCu\u00e1les son los cuidados y mantenimiento de los microimplantes?<\/p>\n<p>Es importante seguir las indicaciones del ortodoncista en cuanto a la higiene bucal y cuidado de los microimplantes.<\/p>\n<p>&nbsp;<\/p>\n<p>Se recomienda cepillarlos con cuidado despu\u00e9s de cada comida y utilizar enjuague bucal para mantener la zona limpia y libre de bacterias. Adem\u00e1s, es fundamental asistir a las revisiones peri\u00f3dicas para realizar ajustes y seguimiento del tratamiento.<\/p>\n<p>&nbsp;<\/p>\n<p>Son una herramienta invaluable para obtener resultados \u00f3ptimos en tratamientos especialmente en casos complejos.<\/p>\n<p>&nbsp;<\/p>\n<p>Si estas considerando someterte a un tratamiento de ortodoncia no dudes en consultar con tu ortodoncista acerca de la posibilidad de utilizar microimplantes para mejorar el proceso de alineaci\u00f3n dental.<\/p>\n<p>&nbsp;<\/p>\n<p>Consultorio: Edificio Jonh Wesley, El Prado piso 2 oficina 244.<\/p>\n\r\n                <style type=\"text\/css\">\r\n                    \r\n                    #tdi_1  .td-doubleSlider-2 .td-item1 {\r\n                        background: url(https:\/\/www.eldiario.net\/portal\/wp-content\/uploads\/2024\/11\/TRATAMIENTO-CON-MICROIMPLANTES-EN-ORTODONCIA-2-80x60.jpg) 0 0 no-repeat;\r\n                    }\r\n                    #tdi_1  .td-doubleSlider-2 .td-item2 {\r\n                        background: url(https:\/\/www.eldiario.net\/portal\/wp-content\/uploads\/2024\/11\/TRATAMIENTO-CON-MICROIMPLANTES-EN-ORTODONCIA-3-80x60.jpg) 0 0 no-repeat;\r\n                    }\r\n                <\/style>\r\n\r\n                <div id=\"tdi_1\" class=\"td-gallery td-slide-on-2-columns\">\r\n                    <div class=\"post_td_gallery\">\r\n                        <div class=\"td-gallery-slide-top\">\r\n                           <div class=\"td-gallery-title\"><\/div>\r\n\r\n                            <div class=\"td-gallery-controls-wrapper\">\r\n                                <div class=\"td-gallery-slide-count\"><span class=\"td-gallery-slide-item-focus\">1<\/span> de 2<\/div>\r\n                                <div class=\"td-gallery-slide-prev-next-but\">\r\n                                    <i class = \"td-icon-left doubleSliderPrevButton\"><\/i>\r\n                                    <i class = \"td-icon-right doubleSliderNextButton\"><\/i>\r\n                                <\/div>\r\n                            <\/div>\r\n                        <\/div>\r\n\r\n                        <div class = \"td-doubleSlider-1 \">\r\n                            <div class = \"td-slider\">\r\n                                \r\n                    <div class = \"td-slide-item td-item1\">\r\n                        <figure class=\"td-slide-galery-figure td-slide-popup-gallery\">\r\n                            <a class=\"slide-gallery-image-link\" href=\"https:\/\/www.eldiario.net\/portal\/wp-content\/uploads\/2024\/11\/TRATAMIENTO-CON-MICROIMPLANTES-EN-ORTODONCIA-2.jpg\" title=\"TRATAMIENTO-CON-MICROIMPLANTES-EN-ORTODONCIA-(2)\"  data-caption=\"\"  data-description=\"\">\r\n                                <img decoding=\"async\" src=\"https:\/\/www.eldiario.net\/portal\/wp-content\/uploads\/2024\/11\/TRATAMIENTO-CON-MICROIMPLANTES-EN-ORTODONCIA-2.jpg\" srcset=\"https:\/\/www.eldiario.net\/portal\/wp-content\/uploads\/2024\/11\/TRATAMIENTO-CON-MICROIMPLANTES-EN-ORTODONCIA-2.jpg 434w, https:\/\/www.eldiario.net\/portal\/wp-content\/uploads\/2024\/11\/TRATAMIENTO-CON-MICROIMPLANTES-EN-ORTODONCIA-2-300x166.jpg 300w\" sizes=\"(max-width: 434px) 100vw, 434px\" alt=\"\">\r\n                            <\/a>\r\n                            \r\n                        <\/figure>\r\n                    <\/div>\r\n                    <div class = \"td-slide-item td-item2\">\r\n                        <figure class=\"td-slide-galery-figure td-slide-popup-gallery\">\r\n                            <a class=\"slide-gallery-image-link\" href=\"https:\/\/www.eldiario.net\/portal\/wp-content\/uploads\/2024\/11\/TRATAMIENTO-CON-MICROIMPLANTES-EN-ORTODONCIA-3.jpg\" title=\"TRATAMIENTO-CON-MICROIMPLANTES-EN-ORTODONCIA-(3)\"  data-caption=\"\"  data-description=\"\">\r\n                                <img decoding=\"async\" src=\"https:\/\/www.eldiario.net\/portal\/wp-content\/uploads\/2024\/11\/TRATAMIENTO-CON-MICROIMPLANTES-EN-ORTODONCIA-3.jpg\" srcset=\"https:\/\/www.eldiario.net\/portal\/wp-content\/uploads\/2024\/11\/TRATAMIENTO-CON-MICROIMPLANTES-EN-ORTODONCIA-3.jpg 431w, https:\/\/www.eldiario.net\/portal\/wp-content\/uploads\/2024\/11\/TRATAMIENTO-CON-MICROIMPLANTES-EN-ORTODONCIA-3-300x168.jpg 300w\" sizes=\"(max-width: 431px) 100vw, 431px\" alt=\"\">\r\n                            <\/a>\r\n                            \r\n                        <\/figure>\r\n                    <\/div>\r\n                            <\/div>\r\n                        <\/div>\r\n\r\n                        <div class = \"td-doubleSlider-2\">\r\n                            <div class = \"td-slider\">\r\n                                \r\n                    <div class = \"td-button td-item1\">\r\n                        <div class = \"td-border\"><\/div>\r\n                    <\/div>\r\n                    <div class = \"td-button td-item2\">\r\n                        <div class = \"td-border\"><\/div>\r\n                    <\/div>\r\n                            <\/div>\r\n                        <\/div>\r\n\r\n                    <\/div>\r\n\r\n                <\/div>\r\n                \n","protected":false},"excerpt":{"rendered":"<p>Los microimplantes son peque\u00f1os tornillos de titanio, han ido evolucionando desde su aparici\u00f3n hasta la actualidad, con el fin de convertirse en un m\u00e9todo apropiado para conseguir un anclaje absoluto en la ortodoncia. Son conocidos como micro tornillos, mini-implantes, dispositivos de anclaje temporal, sistema de anclaje esquel\u00e9tico y aparato temporal de anclaje que se insertan [&hellip;]<\/p>\n","protected":false},"author":1,"featured_media":263275,"comment_status":"closed","ping_status":"open","sticky":false,"template":"","format":"standard","meta":{"_acf_changed":false,"footnotes":""},"categories":[52],"tags":[],"class_list":["post-263274","post","type-post","status-publish","format-standard","has-post-thumbnail","category-de-salud-mas-vida"],"acf":{"antetitulo":""},"yoast_head":"<!-- This site is optimized with the Yoast SEO plugin v28.4 - https:\/\/yoast.com\/product\/yoast-seo-wordpress\/ -->\n<title>APLICACI\u00d3N DEL MICROIMPLANTE EN LA PR\u00c1CTICA DE ORTODONCIA - El Diario - Bolivia<\/title>\n<meta name=\"robots\" content=\"index, follow, max-snippet:-1, max-image-preview:large, max-video-preview:-1\" \/>\n<link rel=\"canonical\" href=\"https:\/\/www.eldiario.net\/portal\/2024\/11\/24\/aplicacion-del-microimplante-en-la-practica-de-ortodoncia-2\/\" \/>\n<meta property=\"og:locale\" content=\"es_ES\" \/>\n<meta property=\"og:type\" content=\"article\" \/>\n<meta property=\"og:title\" content=\"APLICACI\u00d3N DEL MICROIMPLANTE EN LA PR\u00c1CTICA DE ORTODONCIA - El Diario - Bolivia\" \/>\n<meta property=\"og:description\" content=\"Los microimplantes son peque\u00f1os tornillos de titanio, han ido evolucionando desde su aparici\u00f3n hasta la actualidad, con el fin de convertirse en un m\u00e9todo apropiado para conseguir un anclaje absoluto en la ortodoncia. Son conocidos como micro tornillos, mini-implantes, dispositivos de anclaje temporal, sistema de anclaje esquel\u00e9tico y aparato temporal de anclaje que se insertan [&hellip;]\" \/>\n<meta property=\"og:url\" content=\"https:\/\/www.eldiario.net\/portal\/2024\/11\/24\/aplicacion-del-microimplante-en-la-practica-de-ortodoncia-2\/\" \/>\n<meta property=\"og:site_name\" content=\"El Diario - Bolivia\" \/>\n<meta property=\"article:publisher\" content=\"https:\/\/www.facebook.com\/eldiario.bolivia\/\" \/>\n<meta property=\"article:published_time\" content=\"2024-11-24T11:28:00+00:00\" \/>\n<meta property=\"og:image\" content=\"https:\/\/www.eldiario.net\/portal\/wp-content\/uploads\/2024\/11\/TRATAMIENTO-CON-MICROIMPLANTES-EN-ORTODONCIA.jpg\" \/>\n\t<meta property=\"og:image:width\" content=\"387\" \/>\n\t<meta property=\"og:image:height\" content=\"277\" \/>\n\t<meta property=\"og:image:type\" content=\"image\/jpeg\" \/>\n<meta name=\"author\" content=\"Jeanette\" \/>\n<meta name=\"twitter:card\" content=\"summary_large_image\" \/>\n<meta name=\"twitter:creator\" content=\"@eldiario_net\" \/>\n<meta name=\"twitter:site\" content=\"@eldiario_net\" \/>\n<meta name=\"twitter:label1\" content=\"Escrito por\" \/>\n\t<meta name=\"twitter:data1\" content=\"Jeanette\" \/>\n\t<meta name=\"twitter:label2\" content=\"Tiempo de lectura\" \/>\n\t<meta name=\"twitter:data2\" content=\"3 minutos\" \/>\n<script type=\"application\/ld+json\" class=\"yoast-schema-graph\">{\"@context\":\"https:\\\/\\\/schema.org\",\"@graph\":[{\"@type\":\"Article\",\"@id\":\"https:\\\/\\\/www.eldiario.net\\\/portal\\\/2024\\\/11\\\/24\\\/aplicacion-del-microimplante-en-la-practica-de-ortodoncia-2\\\/#article\",\"isPartOf\":{\"@id\":\"https:\\\/\\\/www.eldiario.net\\\/portal\\\/2024\\\/11\\\/24\\\/aplicacion-del-microimplante-en-la-practica-de-ortodoncia-2\\\/\"},\"author\":{\"name\":\"Jeanette\",\"@id\":\"https:\\\/\\\/www.eldiario.net\\\/portal\\\/#\\\/schema\\\/person\\\/f46445640444750d7d753ccd04ae01b7\"},\"headline\":\"APLICACI\u00d3N DEL MICROIMPLANTE EN LA PR\u00c1CTICA DE ORTODONCIA\",\"datePublished\":\"2024-11-24T11:28:00+00:00\",\"mainEntityOfPage\":{\"@id\":\"https:\\\/\\\/www.eldiario.net\\\/portal\\\/2024\\\/11\\\/24\\\/aplicacion-del-microimplante-en-la-practica-de-ortodoncia-2\\\/\"},\"wordCount\":455,\"publisher\":{\"@id\":\"https:\\\/\\\/www.eldiario.net\\\/portal\\\/#organization\"},\"image\":{\"@id\":\"https:\\\/\\\/www.eldiario.net\\\/portal\\\/2024\\\/11\\\/24\\\/aplicacion-del-microimplante-en-la-practica-de-ortodoncia-2\\\/#primaryimage\"},\"thumbnailUrl\":\"https:\\\/\\\/www.eldiario.net\\\/portal\\\/wp-content\\\/uploads\\\/2024\\\/11\\\/TRATAMIENTO-CON-MICROIMPLANTES-EN-ORTODONCIA.jpg\",\"articleSection\":[\"De Salud + vida\"],\"inLanguage\":\"es\"},{\"@type\":\"WebPage\",\"@id\":\"https:\\\/\\\/www.eldiario.net\\\/portal\\\/2024\\\/11\\\/24\\\/aplicacion-del-microimplante-en-la-practica-de-ortodoncia-2\\\/\",\"url\":\"https:\\\/\\\/www.eldiario.net\\\/portal\\\/2024\\\/11\\\/24\\\/aplicacion-del-microimplante-en-la-practica-de-ortodoncia-2\\\/\",\"name\":\"APLICACI\u00d3N DEL MICROIMPLANTE EN LA PR\u00c1CTICA DE ORTODONCIA - El Diario - Bolivia\",\"isPartOf\":{\"@id\":\"https:\\\/\\\/www.eldiario.net\\\/portal\\\/#website\"},\"primaryImageOfPage\":{\"@id\":\"https:\\\/\\\/www.eldiario.net\\\/portal\\\/2024\\\/11\\\/24\\\/aplicacion-del-microimplante-en-la-practica-de-ortodoncia-2\\\/#primaryimage\"},\"image\":{\"@id\":\"https:\\\/\\\/www.eldiario.net\\\/portal\\\/2024\\\/11\\\/24\\\/aplicacion-del-microimplante-en-la-practica-de-ortodoncia-2\\\/#primaryimage\"},\"thumbnailUrl\":\"https:\\\/\\\/www.eldiario.net\\\/portal\\\/wp-content\\\/uploads\\\/2024\\\/11\\\/TRATAMIENTO-CON-MICROIMPLANTES-EN-ORTODONCIA.jpg\",\"datePublished\":\"2024-11-24T11:28:00+00:00\",\"breadcrumb\":{\"@id\":\"https:\\\/\\\/www.eldiario.net\\\/portal\\\/2024\\\/11\\\/24\\\/aplicacion-del-microimplante-en-la-practica-de-ortodoncia-2\\\/#breadcrumb\"},\"inLanguage\":\"es\",\"potentialAction\":[{\"@type\":\"ReadAction\",\"target\":[\"https:\\\/\\\/www.eldiario.net\\\/portal\\\/2024\\\/11\\\/24\\\/aplicacion-del-microimplante-en-la-practica-de-ortodoncia-2\\\/\"]}]},{\"@type\":\"ImageObject\",\"inLanguage\":\"es\",\"@id\":\"https:\\\/\\\/www.eldiario.net\\\/portal\\\/2024\\\/11\\\/24\\\/aplicacion-del-microimplante-en-la-practica-de-ortodoncia-2\\\/#primaryimage\",\"url\":\"https:\\\/\\\/www.eldiario.net\\\/portal\\\/wp-content\\\/uploads\\\/2024\\\/11\\\/TRATAMIENTO-CON-MICROIMPLANTES-EN-ORTODONCIA.jpg\",\"contentUrl\":\"https:\\\/\\\/www.eldiario.net\\\/portal\\\/wp-content\\\/uploads\\\/2024\\\/11\\\/TRATAMIENTO-CON-MICROIMPLANTES-EN-ORTODONCIA.jpg\",\"width\":387,\"height\":277},{\"@type\":\"BreadcrumbList\",\"@id\":\"https:\\\/\\\/www.eldiario.net\\\/portal\\\/2024\\\/11\\\/24\\\/aplicacion-del-microimplante-en-la-practica-de-ortodoncia-2\\\/#breadcrumb\",\"itemListElement\":[{\"@type\":\"ListItem\",\"position\":1,\"name\":\"Portada\",\"item\":\"https:\\\/\\\/www.eldiario.net\\\/portal\\\/\"},{\"@type\":\"ListItem\",\"position\":2,\"name\":\"APLICACI\u00d3N DEL MICROIMPLANTE EN LA PR\u00c1CTICA DE ORTODONCIA\"}]},{\"@type\":\"WebSite\",\"@id\":\"https:\\\/\\\/www.eldiario.net\\\/portal\\\/#website\",\"url\":\"https:\\\/\\\/www.eldiario.net\\\/portal\\\/\",\"name\":\"El Diario - Decano de la prensa nacional\",\"description\":\"El Diario - Decano de la prensa nacional\",\"publisher\":{\"@id\":\"https:\\\/\\\/www.eldiario.net\\\/portal\\\/#organization\"},\"potentialAction\":[{\"@type\":\"SearchAction\",\"target\":{\"@type\":\"EntryPoint\",\"urlTemplate\":\"https:\\\/\\\/www.eldiario.net\\\/portal\\\/?s={search_term_string}\"},\"query-input\":{\"@type\":\"PropertyValueSpecification\",\"valueRequired\":true,\"valueName\":\"search_term_string\"}}],\"inLanguage\":\"es\"},{\"@type\":\"Organization\",\"@id\":\"https:\\\/\\\/www.eldiario.net\\\/portal\\\/#organization\",\"name\":\"El Diario - Decano de la prensa nacional\",\"url\":\"https:\\\/\\\/www.eldiario.net\\\/portal\\\/\",\"logo\":{\"@type\":\"ImageObject\",\"inLanguage\":\"es\",\"@id\":\"https:\\\/\\\/www.eldiario.net\\\/portal\\\/#\\\/schema\\\/logo\\\/image\\\/\",\"url\":\"https:\\\/\\\/www.eldiario.net\\\/portal\\\/wp-content\\\/uploads\\\/2023\\\/07\\\/logo_ED.jpg\",\"contentUrl\":\"https:\\\/\\\/www.eldiario.net\\\/portal\\\/wp-content\\\/uploads\\\/2023\\\/07\\\/logo_ED.jpg\",\"width\":272,\"height\":52,\"caption\":\"El Diario - Decano de la prensa nacional\"},\"image\":{\"@id\":\"https:\\\/\\\/www.eldiario.net\\\/portal\\\/#\\\/schema\\\/logo\\\/image\\\/\"},\"sameAs\":[\"https:\\\/\\\/www.facebook.com\\\/eldiario.bolivia\\\/\",\"https:\\\/\\\/x.com\\\/eldiario_net\"]},{\"@type\":\"Person\",\"@id\":\"https:\\\/\\\/www.eldiario.net\\\/portal\\\/#\\\/schema\\\/person\\\/f46445640444750d7d753ccd04ae01b7\",\"name\":\"Jeanette\",\"image\":{\"@type\":\"ImageObject\",\"inLanguage\":\"es\",\"@id\":\"https:\\\/\\\/secure.gravatar.com\\\/avatar\\\/3ea2118a5f7dad2b7138b1187a6b7ee55f160b9968b66013c3a3ef39dd7e5798?s=96&d=mm&r=g\",\"url\":\"https:\\\/\\\/secure.gravatar.com\\\/avatar\\\/3ea2118a5f7dad2b7138b1187a6b7ee55f160b9968b66013c3a3ef39dd7e5798?s=96&d=mm&r=g\",\"contentUrl\":\"https:\\\/\\\/secure.gravatar.com\\\/avatar\\\/3ea2118a5f7dad2b7138b1187a6b7ee55f160b9968b66013c3a3ef39dd7e5798?s=96&d=mm&r=g\",\"caption\":\"Jeanette\"},\"sameAs\":[\"https:\\\/\\\/www.eldiario.net\\\/portal\"],\"url\":\"https:\\\/\\\/www.eldiario.net\\\/portal\\\/author\\\/jeanette\\\/\"}]}<\/script>\n<!-- \/ Yoast SEO plugin. -->","yoast_head_json":{"title":"APLICACI\u00d3N DEL MICROIMPLANTE EN LA PR\u00c1CTICA DE ORTODONCIA - El Diario - Bolivia","robots":{"index":"index","follow":"follow","max-snippet":"max-snippet:-1","max-image-preview":"max-image-preview:large","max-video-preview":"max-video-preview:-1"},"canonical":"https:\/\/www.eldiario.net\/portal\/2024\/11\/24\/aplicacion-del-microimplante-en-la-practica-de-ortodoncia-2\/","og_locale":"es_ES","og_type":"article","og_title":"APLICACI\u00d3N DEL MICROIMPLANTE EN LA PR\u00c1CTICA DE ORTODONCIA - El Diario - Bolivia","og_description":"Los microimplantes son peque\u00f1os tornillos de titanio, han ido evolucionando desde su aparici\u00f3n hasta la actualidad, con el fin de convertirse en un m\u00e9todo apropiado para conseguir un anclaje absoluto en la ortodoncia. Son conocidos como micro tornillos, mini-implantes, dispositivos de anclaje temporal, sistema de anclaje esquel\u00e9tico y aparato temporal de anclaje que se insertan [&hellip;]","og_url":"https:\/\/www.eldiario.net\/portal\/2024\/11\/24\/aplicacion-del-microimplante-en-la-practica-de-ortodoncia-2\/","og_site_name":"El Diario - Bolivia","article_publisher":"https:\/\/www.facebook.com\/eldiario.bolivia\/","article_published_time":"2024-11-24T11:28:00+00:00","og_image":[{"width":387,"height":277,"url":"https:\/\/www.eldiario.net\/portal\/wp-content\/uploads\/2024\/11\/TRATAMIENTO-CON-MICROIMPLANTES-EN-ORTODONCIA.jpg","type":"image\/jpeg"}],"author":"Jeanette","twitter_card":"summary_large_image","twitter_creator":"@eldiario_net","twitter_site":"@eldiario_net","twitter_misc":{"Escrito por":"Jeanette","Tiempo de lectura":"3 minutos"},"schema":{"@context":"https:\/\/schema.org","@graph":[{"@type":"Article","@id":"https:\/\/www.eldiario.net\/portal\/2024\/11\/24\/aplicacion-del-microimplante-en-la-practica-de-ortodoncia-2\/#article","isPartOf":{"@id":"https:\/\/www.eldiario.net\/portal\/2024\/11\/24\/aplicacion-del-microimplante-en-la-practica-de-ortodoncia-2\/"},"author":{"name":"Jeanette","@id":"https:\/\/www.eldiario.net\/portal\/#\/schema\/person\/f46445640444750d7d753ccd04ae01b7"},"headline":"APLICACI\u00d3N DEL MICROIMPLANTE EN LA PR\u00c1CTICA DE ORTODONCIA","datePublished":"2024-11-24T11:28:00+00:00","mainEntityOfPage":{"@id":"https:\/\/www.eldiario.net\/portal\/2024\/11\/24\/aplicacion-del-microimplante-en-la-practica-de-ortodoncia-2\/"},"wordCount":455,"publisher":{"@id":"https:\/\/www.eldiario.net\/portal\/#organization"},"image":{"@id":"https:\/\/www.eldiario.net\/portal\/2024\/11\/24\/aplicacion-del-microimplante-en-la-practica-de-ortodoncia-2\/#primaryimage"},"thumbnailUrl":"https:\/\/www.eldiario.net\/portal\/wp-content\/uploads\/2024\/11\/TRATAMIENTO-CON-MICROIMPLANTES-EN-ORTODONCIA.jpg","articleSection":["De Salud + vida"],"inLanguage":"es"},{"@type":"WebPage","@id":"https:\/\/www.eldiario.net\/portal\/2024\/11\/24\/aplicacion-del-microimplante-en-la-practica-de-ortodoncia-2\/","url":"https:\/\/www.eldiario.net\/portal\/2024\/11\/24\/aplicacion-del-microimplante-en-la-practica-de-ortodoncia-2\/","name":"APLICACI\u00d3N DEL MICROIMPLANTE EN LA PR\u00c1CTICA DE ORTODONCIA - El Diario - Bolivia","isPartOf":{"@id":"https:\/\/www.eldiario.net\/portal\/#website"},"primaryImageOfPage":{"@id":"https:\/\/www.eldiario.net\/portal\/2024\/11\/24\/aplicacion-del-microimplante-en-la-practica-de-ortodoncia-2\/#primaryimage"},"image":{"@id":"https:\/\/www.eldiario.net\/portal\/2024\/11\/24\/aplicacion-del-microimplante-en-la-practica-de-ortodoncia-2\/#primaryimage"},"thumbnailUrl":"https:\/\/www.eldiario.net\/portal\/wp-content\/uploads\/2024\/11\/TRATAMIENTO-CON-MICROIMPLANTES-EN-ORTODONCIA.jpg","datePublished":"2024-11-24T11:28:00+00:00","breadcrumb":{"@id":"https:\/\/www.eldiario.net\/portal\/2024\/11\/24\/aplicacion-del-microimplante-en-la-practica-de-ortodoncia-2\/#breadcrumb"},"inLanguage":"es","potentialAction":[{"@type":"ReadAction","target":["https:\/\/www.eldiario.net\/portal\/2024\/11\/24\/aplicacion-del-microimplante-en-la-practica-de-ortodoncia-2\/"]}]},{"@type":"ImageObject","inLanguage":"es","@id":"https:\/\/www.eldiario.net\/portal\/2024\/11\/24\/aplicacion-del-microimplante-en-la-practica-de-ortodoncia-2\/#primaryimage","url":"https:\/\/www.eldiario.net\/portal\/wp-content\/uploads\/2024\/11\/TRATAMIENTO-CON-MICROIMPLANTES-EN-ORTODONCIA.jpg","contentUrl":"https:\/\/www.eldiario.net\/portal\/wp-content\/uploads\/2024\/11\/TRATAMIENTO-CON-MICROIMPLANTES-EN-ORTODONCIA.jpg","width":387,"height":277},{"@type":"BreadcrumbList","@id":"https:\/\/www.eldiario.net\/portal\/2024\/11\/24\/aplicacion-del-microimplante-en-la-practica-de-ortodoncia-2\/#breadcrumb","itemListElement":[{"@type":"ListItem","position":1,"name":"Portada","item":"https:\/\/www.eldiario.net\/portal\/"},{"@type":"ListItem","position":2,"name":"APLICACI\u00d3N DEL MICROIMPLANTE EN LA PR\u00c1CTICA DE ORTODONCIA"}]},{"@type":"WebSite","@id":"https:\/\/www.eldiario.net\/portal\/#website","url":"https:\/\/www.eldiario.net\/portal\/","name":"El Diario - Decano de la prensa nacional","description":"El Diario - Decano de la prensa nacional","publisher":{"@id":"https:\/\/www.eldiario.net\/portal\/#organization"},"potentialAction":[{"@type":"SearchAction","target":{"@type":"EntryPoint","urlTemplate":"https:\/\/www.eldiario.net\/portal\/?s={search_term_string}"},"query-input":{"@type":"PropertyValueSpecification","valueRequired":true,"valueName":"search_term_string"}}],"inLanguage":"es"},{"@type":"Organization","@id":"https:\/\/www.eldiario.net\/portal\/#organization","name":"El Diario - Decano de la prensa nacional","url":"https:\/\/www.eldiario.net\/portal\/","logo":{"@type":"ImageObject","inLanguage":"es","@id":"https:\/\/www.eldiario.net\/portal\/#\/schema\/logo\/image\/","url":"https:\/\/www.eldiario.net\/portal\/wp-content\/uploads\/2023\/07\/logo_ED.jpg","contentUrl":"https:\/\/www.eldiario.net\/portal\/wp-content\/uploads\/2023\/07\/logo_ED.jpg","width":272,"height":52,"caption":"El Diario - Decano de la prensa nacional"},"image":{"@id":"https:\/\/www.eldiario.net\/portal\/#\/schema\/logo\/image\/"},"sameAs":["https:\/\/www.facebook.com\/eldiario.bolivia\/","https:\/\/x.com\/eldiario_net"]},{"@type":"Person","@id":"https:\/\/www.eldiario.net\/portal\/#\/schema\/person\/f46445640444750d7d753ccd04ae01b7","name":"Jeanette","image":{"@type":"ImageObject","inLanguage":"es","@id":"https:\/\/secure.gravatar.com\/avatar\/3ea2118a5f7dad2b7138b1187a6b7ee55f160b9968b66013c3a3ef39dd7e5798?s=96&d=mm&r=g","url":"https:\/\/secure.gravatar.com\/avatar\/3ea2118a5f7dad2b7138b1187a6b7ee55f160b9968b66013c3a3ef39dd7e5798?s=96&d=mm&r=g","contentUrl":"https:\/\/secure.gravatar.com\/avatar\/3ea2118a5f7dad2b7138b1187a6b7ee55f160b9968b66013c3a3ef39dd7e5798?s=96&d=mm&r=g","caption":"Jeanette"},"sameAs":["https:\/\/www.eldiario.net\/portal"],"url":"https:\/\/www.eldiario.net\/portal\/author\/jeanette\/"}]}},"_links":{"self":[{"href":"https:\/\/www.eldiario.net\/portal\/wp-json\/wp\/v2\/posts\/263274","targetHints":{"allow":["GET"]}}],"collection":[{"href":"https:\/\/www.eldiario.net\/portal\/wp-json\/wp\/v2\/posts"}],"about":[{"href":"https:\/\/www.eldiario.net\/portal\/wp-json\/wp\/v2\/types\/post"}],"author":[{"embeddable":true,"href":"https:\/\/www.eldiario.net\/portal\/wp-json\/wp\/v2\/users\/1"}],"replies":[{"embeddable":true,"href":"https:\/\/www.eldiario.net\/portal\/wp-json\/wp\/v2\/comments?post=263274"}],"version-history":[{"count":1,"href":"https:\/\/www.eldiario.net\/portal\/wp-json\/wp\/v2\/posts\/263274\/revisions"}],"predecessor-version":[{"id":263278,"href":"https:\/\/www.eldiario.net\/portal\/wp-json\/wp\/v2\/posts\/263274\/revisions\/263278"}],"wp:featuredmedia":[{"embeddable":true,"href":"https:\/\/www.eldiario.net\/portal\/wp-json\/wp\/v2\/media\/263275"}],"wp:attachment":[{"href":"https:\/\/www.eldiario.net\/portal\/wp-json\/wp\/v2\/media?parent=263274"}],"wp:term":[{"taxonomy":"category","embeddable":true,"href":"https:\/\/www.eldiario.net\/portal\/wp-json\/wp\/v2\/categories?post=263274"},{"taxonomy":"post_tag","embeddable":true,"href":"https:\/\/www.eldiario.net\/portal\/wp-json\/wp\/v2\/tags?post=263274"}],"curies":[{"name":"wp","href":"https:\/\/api.w.org\/{rel}","templated":true}]}}