{"id":263262,"date":"2024-11-24T07:00:04","date_gmt":"2024-11-24T11:00:04","guid":{"rendered":"https:\/\/www.eldiario.net\/portal\/?p=263262"},"modified":"2024-11-24T07:00:04","modified_gmt":"2024-11-24T11:00:04","slug":"potosi-tras-214-anos-de-su-gesta-libertaria","status":"publish","type":"post","link":"https:\/\/www.eldiario.net\/portal\/2024\/11\/24\/potosi-tras-214-anos-de-su-gesta-libertaria\/","title":{"rendered":"Potos\u00ed, tras 214 a\u00f1os de su gesta libertaria"},"content":{"rendered":"<p>Hace poco celebr\u00f3 los 214 a\u00f1os de su gesta libertaria la ciudad de Potos\u00ed, la m\u00e1s poblada del mundo en la \u00e9poca colonial. Su poblaci\u00f3n se calculaba en 160.000 habitantes. Entonces, Potos\u00ed ten\u00eda una poblaci\u00f3n superior a la de ciudades como Londres, Par\u00eds o Madrid. Potos\u00ed adquiri\u00f3 fama mundial por el descubrimiento de su Cerro Rico, con grandes vetas de plata, que financiaron las guerras de Espa\u00f1a, la armada contra Inglaterra, as\u00ed como apoyo log\u00edstico al R\u00edo de la Plata y Per\u00fa.<br \/>\nLa ciudad de Potos\u00ed fue fundada el 1 de abril de 1545 por Juan de Villarroel, Diego de Centeno, Luis de Santand\u00eda y Pedro de Catanieto. Y en 1987 la Unesco reconoci\u00f3 a la Villa Imperial de Potos\u00ed y al Cerro Rico como Patrimonio Cultural de la Humanidad (PCH), abriendo la posibilidad de conservar el legado barroco mestizo y las din\u00e1micas socioterritoriales que fusionan ritos cat\u00f3licos con ritos originarios. Es importante preservar el conjunto patrimonial, considerando que en 2014 la UNESCO pas\u00f3 este PCH a la lista de aquellos que est\u00e1n en peligro de perder su t\u00edtulo.<br \/>\nComo dice la BBC Mundo, en una nota publicada en enero de este a\u00f1o, si bien las minas de Cerro Rico produc\u00edan la materia prima que enriqueci\u00f3 a Espa\u00f1a, fue la Casa de la Moneda de Potos\u00ed, la que fabric\u00f3 los Reales de a Ocho que sentaron las bases de una moneda global. De hecho, casi no hubo lugar del mundo al que no llegaran esas omnipresentes monedas.<br \/>\n\u00abMuy r\u00e1pidamente se acu\u00f1aron cientos de millones, tal vez incluso miles de millones, de estas monedas y se convirtieron en el sistema monetario global\u00bb, le dijo a la BBC el historiador financiero William Bernstein.<br \/>\nOtra nota de la BBC, recuerda que, pese a que la riqueza que enriqueci\u00f3 a Espa\u00f1a ya se agot\u00f3, la regi\u00f3n sigue teniendo a la miner\u00eda como la generadora de sus ingresos. En 2014, cuando la mayor generadora de recursos del pa\u00eds era el petr\u00f3leo, la miner\u00eda fue la segunda actividad productiva boliviana, y Potos\u00ed fue la gran estrella, generando ese a\u00f1o el 59% de las regal\u00edas por explotaci\u00f3n minera.<br \/>\nPese a esta realidad, Potos\u00ed es considerado el departamento m\u00e1s pobre del pa\u00eds. La mitad de sus casi 800.000 habitantes viven en la pobreza extrema, seg\u00fan la estatal Unidad de An\u00e1lisis de Pol\u00edticas Sociales y Econ\u00f3micas (Udape). Esta es la gran paradoja que debe superar el pa\u00eds. El departamento m\u00e1s rico que tuvo Bolivia tiene los habitantes m\u00e1s pobres.<br \/>\nGary Rodr\u00edguez, gerente del Instituto Boliviano de Comercio Exterior, se\u00f1al\u00f3 que uno de los motivos de esta paradoja es que \u00abla explotaci\u00f3n minera no tuvo un efecto multiplicador en la regi\u00f3n\u00bb. Esto se debe en parte a que la miner\u00eda es una actividad muy concentrada, que utiliza mucha maquinaria y demanda poca mano de obra.<br \/>\nCon datos del INE de hace un par de a\u00f1os se puede afirmas que la pobreza moderada en Potos\u00ed llega al 57,8% y la pobreza extrema a 22,4%, mucho mayores que el promedio nacional.<br \/>\nPara Sebasti\u00e1n Careaga, presidente de la Federaci\u00f3n de Empresarios Privados de Potos\u00ed (FEPP), esta regi\u00f3n es la que m\u00e1s aporta al Tesoro General de la Naci\u00f3n y tambi\u00e9n el departamento que m\u00e1s exporta a nivel nacional por la miner\u00eda. No olvidemos la riqueza del litio, con 23 millones de toneladas cuantificadas, nuestro pa\u00eds se consolida como el mayor reservorio del mundo de este recurso estrat\u00e9gico.<br \/>\nComo empresarios debemos insistir en que no solo Potos\u00ed, sino el pa\u00eds entero puede tener mejores d\u00edas, si se dejara de manejar el bloqueo como medida de protesta, por cualquier motivo, y se atendieran requerimientos m\u00ednimos, para elevar su producci\u00f3n agr\u00edcola.<br \/>\nPrecisamente por los m\u00e1s recientes bloqueos de caminos registrados en el pa\u00eds, Careaga lament\u00f3 que \u201cen Potos\u00ed ya se siente el tema de la recesi\u00f3n que vive el pa\u00eds\u201d, porque el sector minero, principal actividad del departamento, no logra explorar, explotar y procesar los minerales para cumplir con sus compromisos de exportaci\u00f3n.<br \/>\nComo vemos los empresarios, esta regi\u00f3n del pa\u00eds tiene otras aptitudes econ\u00f3micas, fuera de la miner\u00eda.<br \/>\nAh\u00ed est\u00e1 la agricultura. Es cierto que los niveles de producci\u00f3n media por productor y rendimientos son bajos, debido a factores como el clima, la mala infraestructura caminera, el minifundio, la deficiente infraestructura para el riego y la falta de asistencia t\u00e9cnica. Una visi\u00f3n optimista nos permite afirmar que esta situaci\u00f3n puede revertirse con una adecuada y oportuna asistencia de los tres niveles del gobierno.<br \/>\nTambi\u00e9n est\u00e1 el turismo, con muy buenas posibilidades de convertir a Potos\u00ed en destino preferido del turista, con solo promocionar a escala internacional el Salar de Uyuni, las huellas de dinosaurios en Toro Toro y otros sitios paradisiacos.<br \/>\nCon voluntad pol\u00edtica de las autoridades, Potos\u00ed puede tener mejores d\u00edas y dar un mayor aporte a la econom\u00eda nacional.<\/p>\n<p>El autor es Licenciado en econom\u00eda de la UMSA, doctorado Ph.D. en Relaciones Internacionales de la Universidad del Salvador de Argentina, Acad\u00e9mico de N\u00famero de la ABCE y Presidente de la Federaci\u00f3n de Empresarios Privados de La Paz (FEPLP).<\/p>\n","protected":false},"excerpt":{"rendered":"<p>Hace poco celebr\u00f3 los 214 a\u00f1os de su gesta libertaria la ciudad de Potos\u00ed, la m\u00e1s poblada del mundo en la \u00e9poca colonial. Su poblaci\u00f3n se calculaba en 160.000 habitantes. Entonces, Potos\u00ed ten\u00eda una poblaci\u00f3n superior a la de ciudades como Londres, Par\u00eds o Madrid. Potos\u00ed adquiri\u00f3 fama mundial por el descubrimiento de su Cerro [&hellip;]<\/p>\n","protected":false},"author":1,"featured_media":5751,"comment_status":"closed","ping_status":"open","sticky":false,"template":"","format":"standard","meta":{"_acf_changed":false,"footnotes":""},"categories":[9],"tags":[],"class_list":["post-263262","post","type-post","status-publish","format-standard","has-post-thumbnail","category-opinion"],"acf":{"antetitulo":""},"yoast_head":"<!-- This site is optimized with the Yoast SEO plugin v28.4 - https:\/\/yoast.com\/product\/yoast-seo-wordpress\/ -->\n<title>Potos\u00ed, tras 214 a\u00f1os de su gesta libertaria - El Diario - Bolivia<\/title>\n<meta name=\"robots\" content=\"index, follow, max-snippet:-1, max-image-preview:large, max-video-preview:-1\" \/>\n<link rel=\"canonical\" href=\"https:\/\/www.eldiario.net\/portal\/2024\/11\/24\/potosi-tras-214-anos-de-su-gesta-libertaria\/\" \/>\n<meta property=\"og:locale\" content=\"es_ES\" \/>\n<meta property=\"og:type\" content=\"article\" \/>\n<meta property=\"og:title\" content=\"Potos\u00ed, tras 214 a\u00f1os de su gesta libertaria - El Diario - Bolivia\" \/>\n<meta property=\"og:description\" content=\"Hace poco celebr\u00f3 los 214 a\u00f1os de su gesta libertaria la ciudad de Potos\u00ed, la m\u00e1s poblada del mundo en la \u00e9poca colonial. Su poblaci\u00f3n se calculaba en 160.000 habitantes. Entonces, Potos\u00ed ten\u00eda una poblaci\u00f3n superior a la de ciudades como Londres, Par\u00eds o Madrid. Potos\u00ed adquiri\u00f3 fama mundial por el descubrimiento de su Cerro [&hellip;]\" \/>\n<meta property=\"og:url\" content=\"https:\/\/www.eldiario.net\/portal\/2024\/11\/24\/potosi-tras-214-anos-de-su-gesta-libertaria\/\" \/>\n<meta property=\"og:site_name\" content=\"El Diario - Bolivia\" \/>\n<meta property=\"article:publisher\" content=\"https:\/\/www.facebook.com\/eldiario.bolivia\/\" \/>\n<meta property=\"article:published_time\" content=\"2024-11-24T11:00:04+00:00\" \/>\n<meta property=\"og:image\" content=\"https:\/\/www.eldiario.net\/portal\/wp-content\/uploads\/2021\/05\/Rolando-Kempff-Bacigalupo.jpg\" \/>\n\t<meta property=\"og:image:width\" content=\"1200\" \/>\n\t<meta property=\"og:image:height\" content=\"628\" \/>\n\t<meta property=\"og:image:type\" content=\"image\/jpeg\" \/>\n<meta name=\"author\" content=\"Jeanette\" \/>\n<meta name=\"twitter:card\" content=\"summary_large_image\" \/>\n<meta name=\"twitter:creator\" content=\"@eldiario_net\" \/>\n<meta name=\"twitter:site\" content=\"@eldiario_net\" \/>\n<meta name=\"twitter:label1\" content=\"Escrito por\" \/>\n\t<meta name=\"twitter:data1\" content=\"Jeanette\" \/>\n\t<meta name=\"twitter:label2\" content=\"Tiempo de lectura\" \/>\n\t<meta name=\"twitter:data2\" content=\"5 minutos\" \/>\n<script type=\"application\/ld+json\" class=\"yoast-schema-graph\">{\"@context\":\"https:\\\/\\\/schema.org\",\"@graph\":[{\"@type\":\"Article\",\"@id\":\"https:\\\/\\\/www.eldiario.net\\\/portal\\\/2024\\\/11\\\/24\\\/potosi-tras-214-anos-de-su-gesta-libertaria\\\/#article\",\"isPartOf\":{\"@id\":\"https:\\\/\\\/www.eldiario.net\\\/portal\\\/2024\\\/11\\\/24\\\/potosi-tras-214-anos-de-su-gesta-libertaria\\\/\"},\"author\":{\"name\":\"Jeanette\",\"@id\":\"https:\\\/\\\/www.eldiario.net\\\/portal\\\/#\\\/schema\\\/person\\\/2c57cf2b7a7ae032e449e4c9b1019eac\"},\"headline\":\"Potos\u00ed, tras 214 a\u00f1os de su gesta libertaria\",\"datePublished\":\"2024-11-24T11:00:04+00:00\",\"mainEntityOfPage\":{\"@id\":\"https:\\\/\\\/www.eldiario.net\\\/portal\\\/2024\\\/11\\\/24\\\/potosi-tras-214-anos-de-su-gesta-libertaria\\\/\"},\"wordCount\":911,\"publisher\":{\"@id\":\"https:\\\/\\\/www.eldiario.net\\\/portal\\\/#organization\"},\"image\":{\"@id\":\"https:\\\/\\\/www.eldiario.net\\\/portal\\\/2024\\\/11\\\/24\\\/potosi-tras-214-anos-de-su-gesta-libertaria\\\/#primaryimage\"},\"thumbnailUrl\":\"https:\\\/\\\/www.eldiario.net\\\/portal\\\/wp-content\\\/uploads\\\/2021\\\/05\\\/Rolando-Kempff-Bacigalupo.jpg\",\"articleSection\":[\"Opini\u00f3n\"],\"inLanguage\":\"es\"},{\"@type\":\"WebPage\",\"@id\":\"https:\\\/\\\/www.eldiario.net\\\/portal\\\/2024\\\/11\\\/24\\\/potosi-tras-214-anos-de-su-gesta-libertaria\\\/\",\"url\":\"https:\\\/\\\/www.eldiario.net\\\/portal\\\/2024\\\/11\\\/24\\\/potosi-tras-214-anos-de-su-gesta-libertaria\\\/\",\"name\":\"Potos\u00ed, tras 214 a\u00f1os de su gesta libertaria - El Diario - Bolivia\",\"isPartOf\":{\"@id\":\"https:\\\/\\\/www.eldiario.net\\\/portal\\\/#website\"},\"primaryImageOfPage\":{\"@id\":\"https:\\\/\\\/www.eldiario.net\\\/portal\\\/2024\\\/11\\\/24\\\/potosi-tras-214-anos-de-su-gesta-libertaria\\\/#primaryimage\"},\"image\":{\"@id\":\"https:\\\/\\\/www.eldiario.net\\\/portal\\\/2024\\\/11\\\/24\\\/potosi-tras-214-anos-de-su-gesta-libertaria\\\/#primaryimage\"},\"thumbnailUrl\":\"https:\\\/\\\/www.eldiario.net\\\/portal\\\/wp-content\\\/uploads\\\/2021\\\/05\\\/Rolando-Kempff-Bacigalupo.jpg\",\"datePublished\":\"2024-11-24T11:00:04+00:00\",\"breadcrumb\":{\"@id\":\"https:\\\/\\\/www.eldiario.net\\\/portal\\\/2024\\\/11\\\/24\\\/potosi-tras-214-anos-de-su-gesta-libertaria\\\/#breadcrumb\"},\"inLanguage\":\"es\",\"potentialAction\":[{\"@type\":\"ReadAction\",\"target\":[\"https:\\\/\\\/www.eldiario.net\\\/portal\\\/2024\\\/11\\\/24\\\/potosi-tras-214-anos-de-su-gesta-libertaria\\\/\"]}]},{\"@type\":\"ImageObject\",\"inLanguage\":\"es\",\"@id\":\"https:\\\/\\\/www.eldiario.net\\\/portal\\\/2024\\\/11\\\/24\\\/potosi-tras-214-anos-de-su-gesta-libertaria\\\/#primaryimage\",\"url\":\"https:\\\/\\\/www.eldiario.net\\\/portal\\\/wp-content\\\/uploads\\\/2021\\\/05\\\/Rolando-Kempff-Bacigalupo.jpg\",\"contentUrl\":\"https:\\\/\\\/www.eldiario.net\\\/portal\\\/wp-content\\\/uploads\\\/2021\\\/05\\\/Rolando-Kempff-Bacigalupo.jpg\",\"width\":1200,\"height\":628},{\"@type\":\"BreadcrumbList\",\"@id\":\"https:\\\/\\\/www.eldiario.net\\\/portal\\\/2024\\\/11\\\/24\\\/potosi-tras-214-anos-de-su-gesta-libertaria\\\/#breadcrumb\",\"itemListElement\":[{\"@type\":\"ListItem\",\"position\":1,\"name\":\"Portada\",\"item\":\"https:\\\/\\\/www.eldiario.net\\\/portal\\\/\"},{\"@type\":\"ListItem\",\"position\":2,\"name\":\"Potos\u00ed, tras 214 a\u00f1os de su gesta libertaria\"}]},{\"@type\":\"WebSite\",\"@id\":\"https:\\\/\\\/www.eldiario.net\\\/portal\\\/#website\",\"url\":\"https:\\\/\\\/www.eldiario.net\\\/portal\\\/\",\"name\":\"El Diario - Decano de la prensa nacional\",\"description\":\"El Diario - Decano de la prensa nacional\",\"publisher\":{\"@id\":\"https:\\\/\\\/www.eldiario.net\\\/portal\\\/#organization\"},\"potentialAction\":[{\"@type\":\"SearchAction\",\"target\":{\"@type\":\"EntryPoint\",\"urlTemplate\":\"https:\\\/\\\/www.eldiario.net\\\/portal\\\/?s={search_term_string}\"},\"query-input\":{\"@type\":\"PropertyValueSpecification\",\"valueRequired\":true,\"valueName\":\"search_term_string\"}}],\"inLanguage\":\"es\"},{\"@type\":\"Organization\",\"@id\":\"https:\\\/\\\/www.eldiario.net\\\/portal\\\/#organization\",\"name\":\"El Diario - Decano de la prensa nacional\",\"url\":\"https:\\\/\\\/www.eldiario.net\\\/portal\\\/\",\"logo\":{\"@type\":\"ImageObject\",\"inLanguage\":\"es\",\"@id\":\"https:\\\/\\\/www.eldiario.net\\\/portal\\\/#\\\/schema\\\/logo\\\/image\\\/\",\"url\":\"https:\\\/\\\/www.eldiario.net\\\/portal\\\/wp-content\\\/uploads\\\/2023\\\/07\\\/logo_ED.jpg\",\"contentUrl\":\"https:\\\/\\\/www.eldiario.net\\\/portal\\\/wp-content\\\/uploads\\\/2023\\\/07\\\/logo_ED.jpg\",\"width\":272,\"height\":52,\"caption\":\"El Diario - Decano de la prensa nacional\"},\"image\":{\"@id\":\"https:\\\/\\\/www.eldiario.net\\\/portal\\\/#\\\/schema\\\/logo\\\/image\\\/\"},\"sameAs\":[\"https:\\\/\\\/www.facebook.com\\\/eldiario.bolivia\\\/\",\"https:\\\/\\\/x.com\\\/eldiario_net\"]},{\"@type\":\"Person\",\"@id\":\"https:\\\/\\\/www.eldiario.net\\\/portal\\\/#\\\/schema\\\/person\\\/2c57cf2b7a7ae032e449e4c9b1019eac\",\"name\":\"Jeanette\",\"image\":{\"@type\":\"ImageObject\",\"inLanguage\":\"es\",\"@id\":\"https:\\\/\\\/secure.gravatar.com\\\/avatar\\\/3ea2118a5f7dad2b7138b1187a6b7ee55f160b9968b66013c3a3ef39dd7e5798?s=96&d=mm&r=g\",\"url\":\"https:\\\/\\\/secure.gravatar.com\\\/avatar\\\/3ea2118a5f7dad2b7138b1187a6b7ee55f160b9968b66013c3a3ef39dd7e5798?s=96&d=mm&r=g\",\"contentUrl\":\"https:\\\/\\\/secure.gravatar.com\\\/avatar\\\/3ea2118a5f7dad2b7138b1187a6b7ee55f160b9968b66013c3a3ef39dd7e5798?s=96&d=mm&r=g\",\"caption\":\"Jeanette\"},\"sameAs\":[\"https:\\\/\\\/www.eldiario.net\\\/portal\"],\"url\":\"https:\\\/\\\/www.eldiario.net\\\/portal\\\/author\\\/jeanette\\\/\"}]}<\/script>\n<!-- \/ Yoast SEO plugin. -->","yoast_head_json":{"title":"Potos\u00ed, tras 214 a\u00f1os de su gesta libertaria - El Diario - Bolivia","robots":{"index":"index","follow":"follow","max-snippet":"max-snippet:-1","max-image-preview":"max-image-preview:large","max-video-preview":"max-video-preview:-1"},"canonical":"https:\/\/www.eldiario.net\/portal\/2024\/11\/24\/potosi-tras-214-anos-de-su-gesta-libertaria\/","og_locale":"es_ES","og_type":"article","og_title":"Potos\u00ed, tras 214 a\u00f1os de su gesta libertaria - El Diario - Bolivia","og_description":"Hace poco celebr\u00f3 los 214 a\u00f1os de su gesta libertaria la ciudad de Potos\u00ed, la m\u00e1s poblada del mundo en la \u00e9poca colonial. Su poblaci\u00f3n se calculaba en 160.000 habitantes. Entonces, Potos\u00ed ten\u00eda una poblaci\u00f3n superior a la de ciudades como Londres, Par\u00eds o Madrid. Potos\u00ed adquiri\u00f3 fama mundial por el descubrimiento de su Cerro [&hellip;]","og_url":"https:\/\/www.eldiario.net\/portal\/2024\/11\/24\/potosi-tras-214-anos-de-su-gesta-libertaria\/","og_site_name":"El Diario - Bolivia","article_publisher":"https:\/\/www.facebook.com\/eldiario.bolivia\/","article_published_time":"2024-11-24T11:00:04+00:00","og_image":[{"width":1200,"height":628,"url":"https:\/\/www.eldiario.net\/portal\/wp-content\/uploads\/2021\/05\/Rolando-Kempff-Bacigalupo.jpg","type":"image\/jpeg"}],"author":"Jeanette","twitter_card":"summary_large_image","twitter_creator":"@eldiario_net","twitter_site":"@eldiario_net","twitter_misc":{"Escrito por":"Jeanette","Tiempo de lectura":"5 minutos"},"schema":{"@context":"https:\/\/schema.org","@graph":[{"@type":"Article","@id":"https:\/\/www.eldiario.net\/portal\/2024\/11\/24\/potosi-tras-214-anos-de-su-gesta-libertaria\/#article","isPartOf":{"@id":"https:\/\/www.eldiario.net\/portal\/2024\/11\/24\/potosi-tras-214-anos-de-su-gesta-libertaria\/"},"author":{"name":"Jeanette","@id":"https:\/\/www.eldiario.net\/portal\/#\/schema\/person\/2c57cf2b7a7ae032e449e4c9b1019eac"},"headline":"Potos\u00ed, tras 214 a\u00f1os de su gesta libertaria","datePublished":"2024-11-24T11:00:04+00:00","mainEntityOfPage":{"@id":"https:\/\/www.eldiario.net\/portal\/2024\/11\/24\/potosi-tras-214-anos-de-su-gesta-libertaria\/"},"wordCount":911,"publisher":{"@id":"https:\/\/www.eldiario.net\/portal\/#organization"},"image":{"@id":"https:\/\/www.eldiario.net\/portal\/2024\/11\/24\/potosi-tras-214-anos-de-su-gesta-libertaria\/#primaryimage"},"thumbnailUrl":"https:\/\/www.eldiario.net\/portal\/wp-content\/uploads\/2021\/05\/Rolando-Kempff-Bacigalupo.jpg","articleSection":["Opini\u00f3n"],"inLanguage":"es"},{"@type":"WebPage","@id":"https:\/\/www.eldiario.net\/portal\/2024\/11\/24\/potosi-tras-214-anos-de-su-gesta-libertaria\/","url":"https:\/\/www.eldiario.net\/portal\/2024\/11\/24\/potosi-tras-214-anos-de-su-gesta-libertaria\/","name":"Potos\u00ed, tras 214 a\u00f1os de su gesta libertaria - El Diario - Bolivia","isPartOf":{"@id":"https:\/\/www.eldiario.net\/portal\/#website"},"primaryImageOfPage":{"@id":"https:\/\/www.eldiario.net\/portal\/2024\/11\/24\/potosi-tras-214-anos-de-su-gesta-libertaria\/#primaryimage"},"image":{"@id":"https:\/\/www.eldiario.net\/portal\/2024\/11\/24\/potosi-tras-214-anos-de-su-gesta-libertaria\/#primaryimage"},"thumbnailUrl":"https:\/\/www.eldiario.net\/portal\/wp-content\/uploads\/2021\/05\/Rolando-Kempff-Bacigalupo.jpg","datePublished":"2024-11-24T11:00:04+00:00","breadcrumb":{"@id":"https:\/\/www.eldiario.net\/portal\/2024\/11\/24\/potosi-tras-214-anos-de-su-gesta-libertaria\/#breadcrumb"},"inLanguage":"es","potentialAction":[{"@type":"ReadAction","target":["https:\/\/www.eldiario.net\/portal\/2024\/11\/24\/potosi-tras-214-anos-de-su-gesta-libertaria\/"]}]},{"@type":"ImageObject","inLanguage":"es","@id":"https:\/\/www.eldiario.net\/portal\/2024\/11\/24\/potosi-tras-214-anos-de-su-gesta-libertaria\/#primaryimage","url":"https:\/\/www.eldiario.net\/portal\/wp-content\/uploads\/2021\/05\/Rolando-Kempff-Bacigalupo.jpg","contentUrl":"https:\/\/www.eldiario.net\/portal\/wp-content\/uploads\/2021\/05\/Rolando-Kempff-Bacigalupo.jpg","width":1200,"height":628},{"@type":"BreadcrumbList","@id":"https:\/\/www.eldiario.net\/portal\/2024\/11\/24\/potosi-tras-214-anos-de-su-gesta-libertaria\/#breadcrumb","itemListElement":[{"@type":"ListItem","position":1,"name":"Portada","item":"https:\/\/www.eldiario.net\/portal\/"},{"@type":"ListItem","position":2,"name":"Potos\u00ed, tras 214 a\u00f1os de su gesta libertaria"}]},{"@type":"WebSite","@id":"https:\/\/www.eldiario.net\/portal\/#website","url":"https:\/\/www.eldiario.net\/portal\/","name":"El Diario - Decano de la prensa nacional","description":"El Diario - Decano de la prensa nacional","publisher":{"@id":"https:\/\/www.eldiario.net\/portal\/#organization"},"potentialAction":[{"@type":"SearchAction","target":{"@type":"EntryPoint","urlTemplate":"https:\/\/www.eldiario.net\/portal\/?s={search_term_string}"},"query-input":{"@type":"PropertyValueSpecification","valueRequired":true,"valueName":"search_term_string"}}],"inLanguage":"es"},{"@type":"Organization","@id":"https:\/\/www.eldiario.net\/portal\/#organization","name":"El Diario - Decano de la prensa nacional","url":"https:\/\/www.eldiario.net\/portal\/","logo":{"@type":"ImageObject","inLanguage":"es","@id":"https:\/\/www.eldiario.net\/portal\/#\/schema\/logo\/image\/","url":"https:\/\/www.eldiario.net\/portal\/wp-content\/uploads\/2023\/07\/logo_ED.jpg","contentUrl":"https:\/\/www.eldiario.net\/portal\/wp-content\/uploads\/2023\/07\/logo_ED.jpg","width":272,"height":52,"caption":"El Diario - Decano de la prensa nacional"},"image":{"@id":"https:\/\/www.eldiario.net\/portal\/#\/schema\/logo\/image\/"},"sameAs":["https:\/\/www.facebook.com\/eldiario.bolivia\/","https:\/\/x.com\/eldiario_net"]},{"@type":"Person","@id":"https:\/\/www.eldiario.net\/portal\/#\/schema\/person\/2c57cf2b7a7ae032e449e4c9b1019eac","name":"Jeanette","image":{"@type":"ImageObject","inLanguage":"es","@id":"https:\/\/secure.gravatar.com\/avatar\/3ea2118a5f7dad2b7138b1187a6b7ee55f160b9968b66013c3a3ef39dd7e5798?s=96&d=mm&r=g","url":"https:\/\/secure.gravatar.com\/avatar\/3ea2118a5f7dad2b7138b1187a6b7ee55f160b9968b66013c3a3ef39dd7e5798?s=96&d=mm&r=g","contentUrl":"https:\/\/secure.gravatar.com\/avatar\/3ea2118a5f7dad2b7138b1187a6b7ee55f160b9968b66013c3a3ef39dd7e5798?s=96&d=mm&r=g","caption":"Jeanette"},"sameAs":["https:\/\/www.eldiario.net\/portal"],"url":"https:\/\/www.eldiario.net\/portal\/author\/jeanette\/"}]}},"_links":{"self":[{"href":"https:\/\/www.eldiario.net\/portal\/wp-json\/wp\/v2\/posts\/263262","targetHints":{"allow":["GET"]}}],"collection":[{"href":"https:\/\/www.eldiario.net\/portal\/wp-json\/wp\/v2\/posts"}],"about":[{"href":"https:\/\/www.eldiario.net\/portal\/wp-json\/wp\/v2\/types\/post"}],"author":[{"embeddable":true,"href":"https:\/\/www.eldiario.net\/portal\/wp-json\/wp\/v2\/users\/1"}],"replies":[{"embeddable":true,"href":"https:\/\/www.eldiario.net\/portal\/wp-json\/wp\/v2\/comments?post=263262"}],"version-history":[{"count":1,"href":"https:\/\/www.eldiario.net\/portal\/wp-json\/wp\/v2\/posts\/263262\/revisions"}],"predecessor-version":[{"id":263263,"href":"https:\/\/www.eldiario.net\/portal\/wp-json\/wp\/v2\/posts\/263262\/revisions\/263263"}],"wp:featuredmedia":[{"embeddable":true,"href":"https:\/\/www.eldiario.net\/portal\/wp-json\/wp\/v2\/media\/5751"}],"wp:attachment":[{"href":"https:\/\/www.eldiario.net\/portal\/wp-json\/wp\/v2\/media?parent=263262"}],"wp:term":[{"taxonomy":"category","embeddable":true,"href":"https:\/\/www.eldiario.net\/portal\/wp-json\/wp\/v2\/categories?post=263262"},{"taxonomy":"post_tag","embeddable":true,"href":"https:\/\/www.eldiario.net\/portal\/wp-json\/wp\/v2\/tags?post=263262"}],"curies":[{"name":"wp","href":"https:\/\/api.w.org\/{rel}","templated":true}]}}