{"id":263258,"date":"2024-11-24T06:59:06","date_gmt":"2024-11-24T10:59:06","guid":{"rendered":"https:\/\/www.eldiario.net\/portal\/?p=263258"},"modified":"2024-11-24T06:59:06","modified_gmt":"2024-11-24T10:59:06","slug":"marcelo-claure-es-hora-de-liderar-el-proceso-de-transformacion-en-bolivia","status":"publish","type":"post","link":"https:\/\/www.eldiario.net\/portal\/2024\/11\/24\/marcelo-claure-es-hora-de-liderar-el-proceso-de-transformacion-en-bolivia\/","title":{"rendered":"Marcelo Claure: Es hora de liderar el  proceso de transformaci\u00f3n en Bolivia"},"content":{"rendered":"<p>Marcelo Claure, es un empresario boliviano con una trayectoria impresionante en el \u00e1mbito internacional, conocido por su innovaci\u00f3n y liderazgo. Aunque ha dejado claro en varias ocasiones que no le interesa la presidencia de Bolivia, est\u00e1 dispuesto a ayudar a resolver la crisis que enfrenta el pa\u00eds, mostrando su deseo de colaborar en la reconstrucci\u00f3n del Estado. Por ello, ante la magnitud de los problemas que tenemos, surge una pregunta importante: \u00bfPuede Bolivia darse el lujo de no contar con un liderazgo tan necesario en este momento?<br \/>\nNuestro pa\u00eds est\u00e1 viviendo una crisis econ\u00f3mica y pol\u00edtica muy profunda que pone en riesgo su desarrollo. Bolivia necesita de manera urgente l\u00edderes con visi\u00f3n que est\u00e9n dispuestos a tomar decisiones audaces y a crear alianzas estrat\u00e9gicas para sacar al pa\u00eds del estancamiento. La figura de Claure se vuelve fundamental; su habilidad para detectar oportunidades y generar cambios significativos lo convierte en un actor clave. La posibilidad de posicionar a Bolivia como l\u00edder en la transici\u00f3n hacia energ\u00edas limpias y otros desaf\u00edos, es una oportunidad hist\u00f3rica que no podemos dejar pasar, la disposici\u00f3n para colaborar no es suficiente en un momento tan cr\u00edtico. Bolivia necesita a este l\u00edder valiente y decidido que, con determinaci\u00f3n, impulse la transformaci\u00f3n sostenible.<br \/>\nLas elecciones del 2025 est\u00e1n a la vuelta de la esquina, pero el futuro de Bolivia no puede esperar hasta entonces; la crisis requiere respuestas inmediatas y valientes. Marcelo Claure posee la experiencia, el conocimiento y las conexiones necesarias para guiar al pa\u00eds hacia un futuro pr\u00f3spero.<br \/>\nMarcelo, Bolivia te necesita. Da el paso al frente y lidera este nuevo proceso de transformaci\u00f3n y progreso para nuestro pa\u00eds. \u00a1La uni\u00f3n es la fuerza!<\/p>\n<p>El autor es Abogado y Magister de Altos Estudios Nacionales en Seguridad, Defensa y Desarrollo.<\/p>\n","protected":false},"excerpt":{"rendered":"<p>Marcelo Claure, es un empresario boliviano con una trayectoria impresionante en el \u00e1mbito internacional, conocido por su innovaci\u00f3n y liderazgo. Aunque ha dejado claro en varias ocasiones que no le interesa la presidencia de Bolivia, est\u00e1 dispuesto a ayudar a resolver la crisis que enfrenta el pa\u00eds, mostrando su deseo de colaborar en la reconstrucci\u00f3n [&hellip;]<\/p>\n","protected":false},"author":1,"featured_media":169888,"comment_status":"closed","ping_status":"open","sticky":false,"template":"","format":"standard","meta":{"_acf_changed":false,"footnotes":""},"categories":[9],"tags":[],"class_list":["post-263258","post","type-post","status-publish","format-standard","has-post-thumbnail","category-opinion"],"acf":{"antetitulo":""},"yoast_head":"<!-- This site is optimized with the Yoast SEO plugin v28.4 - https:\/\/yoast.com\/product\/yoast-seo-wordpress\/ -->\n<title>Marcelo Claure: Es hora de liderar el proceso de transformaci\u00f3n en Bolivia - El Diario - Bolivia<\/title>\n<meta name=\"robots\" content=\"index, follow, max-snippet:-1, max-image-preview:large, max-video-preview:-1\" \/>\n<link rel=\"canonical\" href=\"https:\/\/www.eldiario.net\/portal\/2024\/11\/24\/marcelo-claure-es-hora-de-liderar-el-proceso-de-transformacion-en-bolivia\/\" \/>\n<meta property=\"og:locale\" content=\"es_ES\" \/>\n<meta property=\"og:type\" content=\"article\" \/>\n<meta property=\"og:title\" content=\"Marcelo Claure: Es hora de liderar el proceso de transformaci\u00f3n en Bolivia - El Diario - Bolivia\" \/>\n<meta property=\"og:description\" content=\"Marcelo Claure, es un empresario boliviano con una trayectoria impresionante en el \u00e1mbito internacional, conocido por su innovaci\u00f3n y liderazgo. Aunque ha dejado claro en varias ocasiones que no le interesa la presidencia de Bolivia, est\u00e1 dispuesto a ayudar a resolver la crisis que enfrenta el pa\u00eds, mostrando su deseo de colaborar en la reconstrucci\u00f3n [&hellip;]\" \/>\n<meta property=\"og:url\" content=\"https:\/\/www.eldiario.net\/portal\/2024\/11\/24\/marcelo-claure-es-hora-de-liderar-el-proceso-de-transformacion-en-bolivia\/\" \/>\n<meta property=\"og:site_name\" content=\"El Diario - Bolivia\" \/>\n<meta property=\"article:publisher\" content=\"https:\/\/www.facebook.com\/eldiario.bolivia\/\" \/>\n<meta property=\"article:published_time\" content=\"2024-11-24T10:59:06+00:00\" \/>\n<meta property=\"og:image\" content=\"https:\/\/www.eldiario.net\/portal\/wp-content\/uploads\/2023\/08\/Raul-Ruiz-Roca.jpg\" \/>\n\t<meta property=\"og:image:width\" content=\"1200\" \/>\n\t<meta property=\"og:image:height\" content=\"628\" \/>\n\t<meta property=\"og:image:type\" content=\"image\/jpeg\" \/>\n<meta name=\"author\" content=\"Jeanette\" \/>\n<meta name=\"twitter:card\" content=\"summary_large_image\" \/>\n<meta name=\"twitter:creator\" content=\"@eldiario_net\" \/>\n<meta name=\"twitter:site\" content=\"@eldiario_net\" \/>\n<meta name=\"twitter:label1\" content=\"Escrito por\" \/>\n\t<meta name=\"twitter:data1\" content=\"Jeanette\" \/>\n\t<meta name=\"twitter:label2\" content=\"Tiempo de lectura\" \/>\n\t<meta name=\"twitter:data2\" content=\"2 minutos\" \/>\n<script type=\"application\/ld+json\" class=\"yoast-schema-graph\">{\"@context\":\"https:\\\/\\\/schema.org\",\"@graph\":[{\"@type\":\"Article\",\"@id\":\"https:\\\/\\\/www.eldiario.net\\\/portal\\\/2024\\\/11\\\/24\\\/marcelo-claure-es-hora-de-liderar-el-proceso-de-transformacion-en-bolivia\\\/#article\",\"isPartOf\":{\"@id\":\"https:\\\/\\\/www.eldiario.net\\\/portal\\\/2024\\\/11\\\/24\\\/marcelo-claure-es-hora-de-liderar-el-proceso-de-transformacion-en-bolivia\\\/\"},\"author\":{\"name\":\"Jeanette\",\"@id\":\"https:\\\/\\\/www.eldiario.net\\\/portal\\\/#\\\/schema\\\/person\\\/2c57cf2b7a7ae032e449e4c9b1019eac\"},\"headline\":\"Marcelo Claure: Es hora de liderar el proceso de transformaci\u00f3n en Bolivia\",\"datePublished\":\"2024-11-24T10:59:06+00:00\",\"mainEntityOfPage\":{\"@id\":\"https:\\\/\\\/www.eldiario.net\\\/portal\\\/2024\\\/11\\\/24\\\/marcelo-claure-es-hora-de-liderar-el-proceso-de-transformacion-en-bolivia\\\/\"},\"wordCount\":332,\"publisher\":{\"@id\":\"https:\\\/\\\/www.eldiario.net\\\/portal\\\/#organization\"},\"image\":{\"@id\":\"https:\\\/\\\/www.eldiario.net\\\/portal\\\/2024\\\/11\\\/24\\\/marcelo-claure-es-hora-de-liderar-el-proceso-de-transformacion-en-bolivia\\\/#primaryimage\"},\"thumbnailUrl\":\"https:\\\/\\\/www.eldiario.net\\\/portal\\\/wp-content\\\/uploads\\\/2023\\\/08\\\/Raul-Ruiz-Roca.jpg\",\"articleSection\":[\"Opini\u00f3n\"],\"inLanguage\":\"es\"},{\"@type\":\"WebPage\",\"@id\":\"https:\\\/\\\/www.eldiario.net\\\/portal\\\/2024\\\/11\\\/24\\\/marcelo-claure-es-hora-de-liderar-el-proceso-de-transformacion-en-bolivia\\\/\",\"url\":\"https:\\\/\\\/www.eldiario.net\\\/portal\\\/2024\\\/11\\\/24\\\/marcelo-claure-es-hora-de-liderar-el-proceso-de-transformacion-en-bolivia\\\/\",\"name\":\"Marcelo Claure: Es hora de liderar el proceso de transformaci\u00f3n en Bolivia - El Diario - Bolivia\",\"isPartOf\":{\"@id\":\"https:\\\/\\\/www.eldiario.net\\\/portal\\\/#website\"},\"primaryImageOfPage\":{\"@id\":\"https:\\\/\\\/www.eldiario.net\\\/portal\\\/2024\\\/11\\\/24\\\/marcelo-claure-es-hora-de-liderar-el-proceso-de-transformacion-en-bolivia\\\/#primaryimage\"},\"image\":{\"@id\":\"https:\\\/\\\/www.eldiario.net\\\/portal\\\/2024\\\/11\\\/24\\\/marcelo-claure-es-hora-de-liderar-el-proceso-de-transformacion-en-bolivia\\\/#primaryimage\"},\"thumbnailUrl\":\"https:\\\/\\\/www.eldiario.net\\\/portal\\\/wp-content\\\/uploads\\\/2023\\\/08\\\/Raul-Ruiz-Roca.jpg\",\"datePublished\":\"2024-11-24T10:59:06+00:00\",\"breadcrumb\":{\"@id\":\"https:\\\/\\\/www.eldiario.net\\\/portal\\\/2024\\\/11\\\/24\\\/marcelo-claure-es-hora-de-liderar-el-proceso-de-transformacion-en-bolivia\\\/#breadcrumb\"},\"inLanguage\":\"es\",\"potentialAction\":[{\"@type\":\"ReadAction\",\"target\":[\"https:\\\/\\\/www.eldiario.net\\\/portal\\\/2024\\\/11\\\/24\\\/marcelo-claure-es-hora-de-liderar-el-proceso-de-transformacion-en-bolivia\\\/\"]}]},{\"@type\":\"ImageObject\",\"inLanguage\":\"es\",\"@id\":\"https:\\\/\\\/www.eldiario.net\\\/portal\\\/2024\\\/11\\\/24\\\/marcelo-claure-es-hora-de-liderar-el-proceso-de-transformacion-en-bolivia\\\/#primaryimage\",\"url\":\"https:\\\/\\\/www.eldiario.net\\\/portal\\\/wp-content\\\/uploads\\\/2023\\\/08\\\/Raul-Ruiz-Roca.jpg\",\"contentUrl\":\"https:\\\/\\\/www.eldiario.net\\\/portal\\\/wp-content\\\/uploads\\\/2023\\\/08\\\/Raul-Ruiz-Roca.jpg\",\"width\":1200,\"height\":628},{\"@type\":\"BreadcrumbList\",\"@id\":\"https:\\\/\\\/www.eldiario.net\\\/portal\\\/2024\\\/11\\\/24\\\/marcelo-claure-es-hora-de-liderar-el-proceso-de-transformacion-en-bolivia\\\/#breadcrumb\",\"itemListElement\":[{\"@type\":\"ListItem\",\"position\":1,\"name\":\"Portada\",\"item\":\"https:\\\/\\\/www.eldiario.net\\\/portal\\\/\"},{\"@type\":\"ListItem\",\"position\":2,\"name\":\"Marcelo Claure: Es hora de liderar el proceso de transformaci\u00f3n en Bolivia\"}]},{\"@type\":\"WebSite\",\"@id\":\"https:\\\/\\\/www.eldiario.net\\\/portal\\\/#website\",\"url\":\"https:\\\/\\\/www.eldiario.net\\\/portal\\\/\",\"name\":\"El Diario - Decano de la prensa nacional\",\"description\":\"El Diario - Decano de la prensa nacional\",\"publisher\":{\"@id\":\"https:\\\/\\\/www.eldiario.net\\\/portal\\\/#organization\"},\"potentialAction\":[{\"@type\":\"SearchAction\",\"target\":{\"@type\":\"EntryPoint\",\"urlTemplate\":\"https:\\\/\\\/www.eldiario.net\\\/portal\\\/?s={search_term_string}\"},\"query-input\":{\"@type\":\"PropertyValueSpecification\",\"valueRequired\":true,\"valueName\":\"search_term_string\"}}],\"inLanguage\":\"es\"},{\"@type\":\"Organization\",\"@id\":\"https:\\\/\\\/www.eldiario.net\\\/portal\\\/#organization\",\"name\":\"El Diario - Decano de la prensa nacional\",\"url\":\"https:\\\/\\\/www.eldiario.net\\\/portal\\\/\",\"logo\":{\"@type\":\"ImageObject\",\"inLanguage\":\"es\",\"@id\":\"https:\\\/\\\/www.eldiario.net\\\/portal\\\/#\\\/schema\\\/logo\\\/image\\\/\",\"url\":\"https:\\\/\\\/www.eldiario.net\\\/portal\\\/wp-content\\\/uploads\\\/2023\\\/07\\\/logo_ED.jpg\",\"contentUrl\":\"https:\\\/\\\/www.eldiario.net\\\/portal\\\/wp-content\\\/uploads\\\/2023\\\/07\\\/logo_ED.jpg\",\"width\":272,\"height\":52,\"caption\":\"El Diario - Decano de la prensa nacional\"},\"image\":{\"@id\":\"https:\\\/\\\/www.eldiario.net\\\/portal\\\/#\\\/schema\\\/logo\\\/image\\\/\"},\"sameAs\":[\"https:\\\/\\\/www.facebook.com\\\/eldiario.bolivia\\\/\",\"https:\\\/\\\/x.com\\\/eldiario_net\"]},{\"@type\":\"Person\",\"@id\":\"https:\\\/\\\/www.eldiario.net\\\/portal\\\/#\\\/schema\\\/person\\\/2c57cf2b7a7ae032e449e4c9b1019eac\",\"name\":\"Jeanette\",\"image\":{\"@type\":\"ImageObject\",\"inLanguage\":\"es\",\"@id\":\"https:\\\/\\\/secure.gravatar.com\\\/avatar\\\/3ea2118a5f7dad2b7138b1187a6b7ee55f160b9968b66013c3a3ef39dd7e5798?s=96&d=mm&r=g\",\"url\":\"https:\\\/\\\/secure.gravatar.com\\\/avatar\\\/3ea2118a5f7dad2b7138b1187a6b7ee55f160b9968b66013c3a3ef39dd7e5798?s=96&d=mm&r=g\",\"contentUrl\":\"https:\\\/\\\/secure.gravatar.com\\\/avatar\\\/3ea2118a5f7dad2b7138b1187a6b7ee55f160b9968b66013c3a3ef39dd7e5798?s=96&d=mm&r=g\",\"caption\":\"Jeanette\"},\"sameAs\":[\"https:\\\/\\\/www.eldiario.net\\\/portal\"],\"url\":\"https:\\\/\\\/www.eldiario.net\\\/portal\\\/author\\\/jeanette\\\/\"}]}<\/script>\n<!-- \/ Yoast SEO plugin. -->","yoast_head_json":{"title":"Marcelo Claure: Es hora de liderar el proceso de transformaci\u00f3n en Bolivia - El Diario - Bolivia","robots":{"index":"index","follow":"follow","max-snippet":"max-snippet:-1","max-image-preview":"max-image-preview:large","max-video-preview":"max-video-preview:-1"},"canonical":"https:\/\/www.eldiario.net\/portal\/2024\/11\/24\/marcelo-claure-es-hora-de-liderar-el-proceso-de-transformacion-en-bolivia\/","og_locale":"es_ES","og_type":"article","og_title":"Marcelo Claure: Es hora de liderar el proceso de transformaci\u00f3n en Bolivia - El Diario - Bolivia","og_description":"Marcelo Claure, es un empresario boliviano con una trayectoria impresionante en el \u00e1mbito internacional, conocido por su innovaci\u00f3n y liderazgo. Aunque ha dejado claro en varias ocasiones que no le interesa la presidencia de Bolivia, est\u00e1 dispuesto a ayudar a resolver la crisis que enfrenta el pa\u00eds, mostrando su deseo de colaborar en la reconstrucci\u00f3n [&hellip;]","og_url":"https:\/\/www.eldiario.net\/portal\/2024\/11\/24\/marcelo-claure-es-hora-de-liderar-el-proceso-de-transformacion-en-bolivia\/","og_site_name":"El Diario - Bolivia","article_publisher":"https:\/\/www.facebook.com\/eldiario.bolivia\/","article_published_time":"2024-11-24T10:59:06+00:00","og_image":[{"width":1200,"height":628,"url":"https:\/\/www.eldiario.net\/portal\/wp-content\/uploads\/2023\/08\/Raul-Ruiz-Roca.jpg","type":"image\/jpeg"}],"author":"Jeanette","twitter_card":"summary_large_image","twitter_creator":"@eldiario_net","twitter_site":"@eldiario_net","twitter_misc":{"Escrito por":"Jeanette","Tiempo de lectura":"2 minutos"},"schema":{"@context":"https:\/\/schema.org","@graph":[{"@type":"Article","@id":"https:\/\/www.eldiario.net\/portal\/2024\/11\/24\/marcelo-claure-es-hora-de-liderar-el-proceso-de-transformacion-en-bolivia\/#article","isPartOf":{"@id":"https:\/\/www.eldiario.net\/portal\/2024\/11\/24\/marcelo-claure-es-hora-de-liderar-el-proceso-de-transformacion-en-bolivia\/"},"author":{"name":"Jeanette","@id":"https:\/\/www.eldiario.net\/portal\/#\/schema\/person\/2c57cf2b7a7ae032e449e4c9b1019eac"},"headline":"Marcelo Claure: Es hora de liderar el proceso de transformaci\u00f3n en Bolivia","datePublished":"2024-11-24T10:59:06+00:00","mainEntityOfPage":{"@id":"https:\/\/www.eldiario.net\/portal\/2024\/11\/24\/marcelo-claure-es-hora-de-liderar-el-proceso-de-transformacion-en-bolivia\/"},"wordCount":332,"publisher":{"@id":"https:\/\/www.eldiario.net\/portal\/#organization"},"image":{"@id":"https:\/\/www.eldiario.net\/portal\/2024\/11\/24\/marcelo-claure-es-hora-de-liderar-el-proceso-de-transformacion-en-bolivia\/#primaryimage"},"thumbnailUrl":"https:\/\/www.eldiario.net\/portal\/wp-content\/uploads\/2023\/08\/Raul-Ruiz-Roca.jpg","articleSection":["Opini\u00f3n"],"inLanguage":"es"},{"@type":"WebPage","@id":"https:\/\/www.eldiario.net\/portal\/2024\/11\/24\/marcelo-claure-es-hora-de-liderar-el-proceso-de-transformacion-en-bolivia\/","url":"https:\/\/www.eldiario.net\/portal\/2024\/11\/24\/marcelo-claure-es-hora-de-liderar-el-proceso-de-transformacion-en-bolivia\/","name":"Marcelo Claure: Es hora de liderar el proceso de transformaci\u00f3n en Bolivia - El Diario - Bolivia","isPartOf":{"@id":"https:\/\/www.eldiario.net\/portal\/#website"},"primaryImageOfPage":{"@id":"https:\/\/www.eldiario.net\/portal\/2024\/11\/24\/marcelo-claure-es-hora-de-liderar-el-proceso-de-transformacion-en-bolivia\/#primaryimage"},"image":{"@id":"https:\/\/www.eldiario.net\/portal\/2024\/11\/24\/marcelo-claure-es-hora-de-liderar-el-proceso-de-transformacion-en-bolivia\/#primaryimage"},"thumbnailUrl":"https:\/\/www.eldiario.net\/portal\/wp-content\/uploads\/2023\/08\/Raul-Ruiz-Roca.jpg","datePublished":"2024-11-24T10:59:06+00:00","breadcrumb":{"@id":"https:\/\/www.eldiario.net\/portal\/2024\/11\/24\/marcelo-claure-es-hora-de-liderar-el-proceso-de-transformacion-en-bolivia\/#breadcrumb"},"inLanguage":"es","potentialAction":[{"@type":"ReadAction","target":["https:\/\/www.eldiario.net\/portal\/2024\/11\/24\/marcelo-claure-es-hora-de-liderar-el-proceso-de-transformacion-en-bolivia\/"]}]},{"@type":"ImageObject","inLanguage":"es","@id":"https:\/\/www.eldiario.net\/portal\/2024\/11\/24\/marcelo-claure-es-hora-de-liderar-el-proceso-de-transformacion-en-bolivia\/#primaryimage","url":"https:\/\/www.eldiario.net\/portal\/wp-content\/uploads\/2023\/08\/Raul-Ruiz-Roca.jpg","contentUrl":"https:\/\/www.eldiario.net\/portal\/wp-content\/uploads\/2023\/08\/Raul-Ruiz-Roca.jpg","width":1200,"height":628},{"@type":"BreadcrumbList","@id":"https:\/\/www.eldiario.net\/portal\/2024\/11\/24\/marcelo-claure-es-hora-de-liderar-el-proceso-de-transformacion-en-bolivia\/#breadcrumb","itemListElement":[{"@type":"ListItem","position":1,"name":"Portada","item":"https:\/\/www.eldiario.net\/portal\/"},{"@type":"ListItem","position":2,"name":"Marcelo Claure: Es hora de liderar el proceso de transformaci\u00f3n en Bolivia"}]},{"@type":"WebSite","@id":"https:\/\/www.eldiario.net\/portal\/#website","url":"https:\/\/www.eldiario.net\/portal\/","name":"El Diario - Decano de la prensa nacional","description":"El Diario - Decano de la prensa nacional","publisher":{"@id":"https:\/\/www.eldiario.net\/portal\/#organization"},"potentialAction":[{"@type":"SearchAction","target":{"@type":"EntryPoint","urlTemplate":"https:\/\/www.eldiario.net\/portal\/?s={search_term_string}"},"query-input":{"@type":"PropertyValueSpecification","valueRequired":true,"valueName":"search_term_string"}}],"inLanguage":"es"},{"@type":"Organization","@id":"https:\/\/www.eldiario.net\/portal\/#organization","name":"El Diario - Decano de la prensa nacional","url":"https:\/\/www.eldiario.net\/portal\/","logo":{"@type":"ImageObject","inLanguage":"es","@id":"https:\/\/www.eldiario.net\/portal\/#\/schema\/logo\/image\/","url":"https:\/\/www.eldiario.net\/portal\/wp-content\/uploads\/2023\/07\/logo_ED.jpg","contentUrl":"https:\/\/www.eldiario.net\/portal\/wp-content\/uploads\/2023\/07\/logo_ED.jpg","width":272,"height":52,"caption":"El Diario - Decano de la prensa nacional"},"image":{"@id":"https:\/\/www.eldiario.net\/portal\/#\/schema\/logo\/image\/"},"sameAs":["https:\/\/www.facebook.com\/eldiario.bolivia\/","https:\/\/x.com\/eldiario_net"]},{"@type":"Person","@id":"https:\/\/www.eldiario.net\/portal\/#\/schema\/person\/2c57cf2b7a7ae032e449e4c9b1019eac","name":"Jeanette","image":{"@type":"ImageObject","inLanguage":"es","@id":"https:\/\/secure.gravatar.com\/avatar\/3ea2118a5f7dad2b7138b1187a6b7ee55f160b9968b66013c3a3ef39dd7e5798?s=96&d=mm&r=g","url":"https:\/\/secure.gravatar.com\/avatar\/3ea2118a5f7dad2b7138b1187a6b7ee55f160b9968b66013c3a3ef39dd7e5798?s=96&d=mm&r=g","contentUrl":"https:\/\/secure.gravatar.com\/avatar\/3ea2118a5f7dad2b7138b1187a6b7ee55f160b9968b66013c3a3ef39dd7e5798?s=96&d=mm&r=g","caption":"Jeanette"},"sameAs":["https:\/\/www.eldiario.net\/portal"],"url":"https:\/\/www.eldiario.net\/portal\/author\/jeanette\/"}]}},"_links":{"self":[{"href":"https:\/\/www.eldiario.net\/portal\/wp-json\/wp\/v2\/posts\/263258","targetHints":{"allow":["GET"]}}],"collection":[{"href":"https:\/\/www.eldiario.net\/portal\/wp-json\/wp\/v2\/posts"}],"about":[{"href":"https:\/\/www.eldiario.net\/portal\/wp-json\/wp\/v2\/types\/post"}],"author":[{"embeddable":true,"href":"https:\/\/www.eldiario.net\/portal\/wp-json\/wp\/v2\/users\/1"}],"replies":[{"embeddable":true,"href":"https:\/\/www.eldiario.net\/portal\/wp-json\/wp\/v2\/comments?post=263258"}],"version-history":[{"count":1,"href":"https:\/\/www.eldiario.net\/portal\/wp-json\/wp\/v2\/posts\/263258\/revisions"}],"predecessor-version":[{"id":263259,"href":"https:\/\/www.eldiario.net\/portal\/wp-json\/wp\/v2\/posts\/263258\/revisions\/263259"}],"wp:featuredmedia":[{"embeddable":true,"href":"https:\/\/www.eldiario.net\/portal\/wp-json\/wp\/v2\/media\/169888"}],"wp:attachment":[{"href":"https:\/\/www.eldiario.net\/portal\/wp-json\/wp\/v2\/media?parent=263258"}],"wp:term":[{"taxonomy":"category","embeddable":true,"href":"https:\/\/www.eldiario.net\/portal\/wp-json\/wp\/v2\/categories?post=263258"},{"taxonomy":"post_tag","embeddable":true,"href":"https:\/\/www.eldiario.net\/portal\/wp-json\/wp\/v2\/tags?post=263258"}],"curies":[{"name":"wp","href":"https:\/\/api.w.org\/{rel}","templated":true}]}}