{"id":263250,"date":"2024-11-24T06:56:55","date_gmt":"2024-11-24T10:56:55","guid":{"rendered":"https:\/\/www.eldiario.net\/portal\/?p=263250"},"modified":"2024-11-24T06:56:55","modified_gmt":"2024-11-24T10:56:55","slug":"buscan-modernizar-la-produccion-de-cafe-para-aumentar-la-oferta-al-mundo","status":"publish","type":"post","link":"https:\/\/www.eldiario.net\/portal\/2024\/11\/24\/buscan-modernizar-la-produccion-de-cafe-para-aumentar-la-oferta-al-mundo\/","title":{"rendered":"Buscan modernizar la producci\u00f3n de  caf\u00e9 para aumentar la oferta al mundo"},"content":{"rendered":"<p>El potencial productivo de caf\u00e9 en Bolivia es alto, por ello buscan modernizar y tecnificar la producci\u00f3n del grano, en especial, en la zona de los Yungas del departamento de La Paz, espec\u00edficamente en Caranavi, y el torneo de Caf\u00e9 de Excelencia Boliviano es un evento que promueve la calidad y mejorar el precio del producto en el mercado exterior, de acuerdo con el presidente de la C\u00e1mara Nacional de Exportadores de Bolivia (Caneb), Danilo Velasco.<br \/>\nCaneb siempre trata de promocionar productos, en especial, todo lo referido a los s\u00faper alimentos, se trabaja con la Canciller\u00eda para potenciar la producci\u00f3n y la exportaci\u00f3n del caf\u00e9 a diferentes mercados.<br \/>\n\u201cEs un trabajo conjunto entre el Gobierno, sector productivo y sector privado\u201d, apunt\u00f3 a tiempo de indicar que lo que se busca es darle valor al caf\u00e9 boliviano, as\u00ed como premiar la calidad y a sus productores a trav\u00e9s del \u201c2do Torneo de Caf\u00e9 de Excelencia del Caf\u00e9 Boliviano &#8211; Caranavi 2024\u201d.<br \/>\nAdem\u00e1s apuntan a participar en la feria de alimentos de Jap\u00f3n, el pr\u00f3ximo a\u00f1o, para abrir mercados para el caf\u00e9 boliviano a precios internacionales.<br \/>\nLa exportaci\u00f3n de caf\u00e9 alcanza a 17 millones de d\u00f3lares, pero existe el potencial para incrementar el valor y el volumen, mediante el mejoramiento de la productividad.<br \/>\nCaranavi busca nuevas tecnolog\u00edas que sean eficientes y reducir los costos de producci\u00f3n, pero subir los vol\u00famenes de exportaci\u00f3n, y la regi\u00f3n est\u00e1 en este proceso con sus productores para subir la oferta en el mercado internacional.<\/p>\n<p>Resultados<br \/>\nLa C\u00e1mara Nacional de Exportadores de Bolivia, en colaboraci\u00f3n con Hierro Brothers, Agencia de Cooperaci\u00f3n Internacional del Jap\u00f3n (JICA) y el Instituto Nacional de Innovaci\u00f3n Agropecuaria y Forestal (Iniaf), anunciaron los resultados del 2do Torneo de Caf\u00e9 de Excelencia del Caf\u00e9 Boliviano \u2013 Caranavi 2024.<br \/>\nEn esa nueva edici\u00f3n, el primer lugar fue otorgado a Albano Calle Duran, seguido por Francisco Calle Balverde en el segundo lugar y Joel Mendo Pacsi en el tercer lugar. Adem\u00e1s, se reconoci\u00f3 a las diez mejores muestras de caf\u00e9 boliviano, consolidando la reputaci\u00f3n de Bolivia como un productor de caf\u00e9 de excelencia.<br \/>\nEl resultado de la subasta electr\u00f3nica tuvo como precio final para el primer lugar de $us 86,00\/lb, habi\u00e9ndose ofrecido un lote de 54,79 lb.<br \/>\nEse evento, ha ganado relevancia en las redes sociales y en la comunidad cafetalera porque destaca la calidad y el potencial del caf\u00e9 boliviano en el mercado internacional.<br \/>\nEl Torneo de Caf\u00e9 de Excelencia es una plataforma crucial para promover la excelencia en la producci\u00f3n de caf\u00e9 boliviano. Estos torneos no solo reconocen la calidad del caf\u00e9, sino que tambi\u00e9n fomentan el intercambio de conocimientos y experiencias entre productores y catadores, fortaleciendo as\u00ed la industria cafetalera del pa\u00eds.<br \/>\nEse tipo de eventos tienen un impacto significativo tanto a nivel nacional como internacional, posicionando a Bolivia como un productor destacado de caf\u00e9 de alta calidad.<br \/>\nEl torneo cont\u00f3 con la participaci\u00f3n de catadores internacionales provenientes de Corea, Jap\u00f3n, Italia, Estados Unidos y Per\u00fa, as\u00ed como catadores nacionales de La Paz, Cochabamba y Caranavi. Esta diversidad de expertos subraya la importancia y el reconocimiento global del caf\u00e9 boliviano.<\/p>\n","protected":false},"excerpt":{"rendered":"<p>El potencial productivo de caf\u00e9 en Bolivia es alto, por ello buscan modernizar y tecnificar la producci\u00f3n del grano, en especial, en la zona de los Yungas del departamento de La Paz, espec\u00edficamente en Caranavi, y el torneo de Caf\u00e9 de Excelencia Boliviano es un evento que promueve la calidad y mejorar el precio del [&hellip;]<\/p>\n","protected":false},"author":1,"featured_media":263252,"comment_status":"closed","ping_status":"open","sticky":false,"template":"","format":"standard","meta":{"_acf_changed":false,"footnotes":""},"categories":[7],"tags":[],"class_list":["post-263250","post","type-post","status-publish","format-standard","has-post-thumbnail","category-economia"],"acf":{"antetitulo":""},"yoast_head":"<!-- This site is optimized with the Yoast SEO plugin v28.4 - https:\/\/yoast.com\/product\/yoast-seo-wordpress\/ -->\n<title>Buscan modernizar la producci\u00f3n de caf\u00e9 para aumentar la oferta al mundo - El Diario - Bolivia<\/title>\n<meta name=\"robots\" content=\"index, follow, max-snippet:-1, max-image-preview:large, max-video-preview:-1\" \/>\n<link rel=\"canonical\" href=\"https:\/\/www.eldiario.net\/portal\/2024\/11\/24\/buscan-modernizar-la-produccion-de-cafe-para-aumentar-la-oferta-al-mundo\/\" \/>\n<meta property=\"og:locale\" content=\"es_ES\" \/>\n<meta property=\"og:type\" content=\"article\" \/>\n<meta property=\"og:title\" content=\"Buscan modernizar la producci\u00f3n de caf\u00e9 para aumentar la oferta al mundo - El Diario - Bolivia\" \/>\n<meta property=\"og:description\" content=\"El potencial productivo de caf\u00e9 en Bolivia es alto, por ello buscan modernizar y tecnificar la producci\u00f3n del grano, en especial, en la zona de los Yungas del departamento de La Paz, espec\u00edficamente en Caranavi, y el torneo de Caf\u00e9 de Excelencia Boliviano es un evento que promueve la calidad y mejorar el precio del [&hellip;]\" \/>\n<meta property=\"og:url\" content=\"https:\/\/www.eldiario.net\/portal\/2024\/11\/24\/buscan-modernizar-la-produccion-de-cafe-para-aumentar-la-oferta-al-mundo\/\" \/>\n<meta property=\"og:site_name\" content=\"El Diario - Bolivia\" \/>\n<meta property=\"article:publisher\" content=\"https:\/\/www.facebook.com\/eldiario.bolivia\/\" \/>\n<meta property=\"article:published_time\" content=\"2024-11-24T10:56:55+00:00\" \/>\n<meta property=\"og:image\" content=\"https:\/\/www.eldiario.net\/portal\/wp-content\/uploads\/2024\/11\/cafe.jpg\" \/>\n\t<meta property=\"og:image:width\" content=\"1200\" \/>\n\t<meta property=\"og:image:height\" content=\"800\" \/>\n\t<meta property=\"og:image:type\" content=\"image\/jpeg\" \/>\n<meta name=\"author\" content=\"Jeanette\" \/>\n<meta name=\"twitter:card\" content=\"summary_large_image\" \/>\n<meta name=\"twitter:creator\" content=\"@eldiario_net\" \/>\n<meta name=\"twitter:site\" content=\"@eldiario_net\" \/>\n<meta name=\"twitter:label1\" content=\"Escrito por\" \/>\n\t<meta name=\"twitter:data1\" content=\"Jeanette\" \/>\n\t<meta name=\"twitter:label2\" content=\"Tiempo de lectura\" \/>\n\t<meta name=\"twitter:data2\" content=\"3 minutos\" \/>\n<script type=\"application\/ld+json\" class=\"yoast-schema-graph\">{\"@context\":\"https:\\\/\\\/schema.org\",\"@graph\":[{\"@type\":\"Article\",\"@id\":\"https:\\\/\\\/www.eldiario.net\\\/portal\\\/2024\\\/11\\\/24\\\/buscan-modernizar-la-produccion-de-cafe-para-aumentar-la-oferta-al-mundo\\\/#article\",\"isPartOf\":{\"@id\":\"https:\\\/\\\/www.eldiario.net\\\/portal\\\/2024\\\/11\\\/24\\\/buscan-modernizar-la-produccion-de-cafe-para-aumentar-la-oferta-al-mundo\\\/\"},\"author\":{\"name\":\"Jeanette\",\"@id\":\"https:\\\/\\\/www.eldiario.net\\\/portal\\\/#\\\/schema\\\/person\\\/2c57cf2b7a7ae032e449e4c9b1019eac\"},\"headline\":\"Buscan modernizar la producci\u00f3n de caf\u00e9 para aumentar la oferta al mundo\",\"datePublished\":\"2024-11-24T10:56:55+00:00\",\"mainEntityOfPage\":{\"@id\":\"https:\\\/\\\/www.eldiario.net\\\/portal\\\/2024\\\/11\\\/24\\\/buscan-modernizar-la-produccion-de-cafe-para-aumentar-la-oferta-al-mundo\\\/\"},\"wordCount\":559,\"publisher\":{\"@id\":\"https:\\\/\\\/www.eldiario.net\\\/portal\\\/#organization\"},\"image\":{\"@id\":\"https:\\\/\\\/www.eldiario.net\\\/portal\\\/2024\\\/11\\\/24\\\/buscan-modernizar-la-produccion-de-cafe-para-aumentar-la-oferta-al-mundo\\\/#primaryimage\"},\"thumbnailUrl\":\"https:\\\/\\\/www.eldiario.net\\\/portal\\\/wp-content\\\/uploads\\\/2024\\\/11\\\/cafe.jpg\",\"articleSection\":[\"Econom\u00eda\"],\"inLanguage\":\"es\"},{\"@type\":\"WebPage\",\"@id\":\"https:\\\/\\\/www.eldiario.net\\\/portal\\\/2024\\\/11\\\/24\\\/buscan-modernizar-la-produccion-de-cafe-para-aumentar-la-oferta-al-mundo\\\/\",\"url\":\"https:\\\/\\\/www.eldiario.net\\\/portal\\\/2024\\\/11\\\/24\\\/buscan-modernizar-la-produccion-de-cafe-para-aumentar-la-oferta-al-mundo\\\/\",\"name\":\"Buscan modernizar la producci\u00f3n de caf\u00e9 para aumentar la oferta al mundo - El Diario - Bolivia\",\"isPartOf\":{\"@id\":\"https:\\\/\\\/www.eldiario.net\\\/portal\\\/#website\"},\"primaryImageOfPage\":{\"@id\":\"https:\\\/\\\/www.eldiario.net\\\/portal\\\/2024\\\/11\\\/24\\\/buscan-modernizar-la-produccion-de-cafe-para-aumentar-la-oferta-al-mundo\\\/#primaryimage\"},\"image\":{\"@id\":\"https:\\\/\\\/www.eldiario.net\\\/portal\\\/2024\\\/11\\\/24\\\/buscan-modernizar-la-produccion-de-cafe-para-aumentar-la-oferta-al-mundo\\\/#primaryimage\"},\"thumbnailUrl\":\"https:\\\/\\\/www.eldiario.net\\\/portal\\\/wp-content\\\/uploads\\\/2024\\\/11\\\/cafe.jpg\",\"datePublished\":\"2024-11-24T10:56:55+00:00\",\"breadcrumb\":{\"@id\":\"https:\\\/\\\/www.eldiario.net\\\/portal\\\/2024\\\/11\\\/24\\\/buscan-modernizar-la-produccion-de-cafe-para-aumentar-la-oferta-al-mundo\\\/#breadcrumb\"},\"inLanguage\":\"es\",\"potentialAction\":[{\"@type\":\"ReadAction\",\"target\":[\"https:\\\/\\\/www.eldiario.net\\\/portal\\\/2024\\\/11\\\/24\\\/buscan-modernizar-la-produccion-de-cafe-para-aumentar-la-oferta-al-mundo\\\/\"]}]},{\"@type\":\"ImageObject\",\"inLanguage\":\"es\",\"@id\":\"https:\\\/\\\/www.eldiario.net\\\/portal\\\/2024\\\/11\\\/24\\\/buscan-modernizar-la-produccion-de-cafe-para-aumentar-la-oferta-al-mundo\\\/#primaryimage\",\"url\":\"https:\\\/\\\/www.eldiario.net\\\/portal\\\/wp-content\\\/uploads\\\/2024\\\/11\\\/cafe.jpg\",\"contentUrl\":\"https:\\\/\\\/www.eldiario.net\\\/portal\\\/wp-content\\\/uploads\\\/2024\\\/11\\\/cafe.jpg\",\"width\":1200,\"height\":800,\"caption\":\"Presidente de Caneb, Danilo Velasco.\"},{\"@type\":\"BreadcrumbList\",\"@id\":\"https:\\\/\\\/www.eldiario.net\\\/portal\\\/2024\\\/11\\\/24\\\/buscan-modernizar-la-produccion-de-cafe-para-aumentar-la-oferta-al-mundo\\\/#breadcrumb\",\"itemListElement\":[{\"@type\":\"ListItem\",\"position\":1,\"name\":\"Portada\",\"item\":\"https:\\\/\\\/www.eldiario.net\\\/portal\\\/\"},{\"@type\":\"ListItem\",\"position\":2,\"name\":\"Buscan modernizar la producci\u00f3n de caf\u00e9 para aumentar la oferta al mundo\"}]},{\"@type\":\"WebSite\",\"@id\":\"https:\\\/\\\/www.eldiario.net\\\/portal\\\/#website\",\"url\":\"https:\\\/\\\/www.eldiario.net\\\/portal\\\/\",\"name\":\"El Diario - Decano de la prensa nacional\",\"description\":\"El Diario - Decano de la prensa nacional\",\"publisher\":{\"@id\":\"https:\\\/\\\/www.eldiario.net\\\/portal\\\/#organization\"},\"potentialAction\":[{\"@type\":\"SearchAction\",\"target\":{\"@type\":\"EntryPoint\",\"urlTemplate\":\"https:\\\/\\\/www.eldiario.net\\\/portal\\\/?s={search_term_string}\"},\"query-input\":{\"@type\":\"PropertyValueSpecification\",\"valueRequired\":true,\"valueName\":\"search_term_string\"}}],\"inLanguage\":\"es\"},{\"@type\":\"Organization\",\"@id\":\"https:\\\/\\\/www.eldiario.net\\\/portal\\\/#organization\",\"name\":\"El Diario - Decano de la prensa nacional\",\"url\":\"https:\\\/\\\/www.eldiario.net\\\/portal\\\/\",\"logo\":{\"@type\":\"ImageObject\",\"inLanguage\":\"es\",\"@id\":\"https:\\\/\\\/www.eldiario.net\\\/portal\\\/#\\\/schema\\\/logo\\\/image\\\/\",\"url\":\"https:\\\/\\\/www.eldiario.net\\\/portal\\\/wp-content\\\/uploads\\\/2023\\\/07\\\/logo_ED.jpg\",\"contentUrl\":\"https:\\\/\\\/www.eldiario.net\\\/portal\\\/wp-content\\\/uploads\\\/2023\\\/07\\\/logo_ED.jpg\",\"width\":272,\"height\":52,\"caption\":\"El Diario - Decano de la prensa nacional\"},\"image\":{\"@id\":\"https:\\\/\\\/www.eldiario.net\\\/portal\\\/#\\\/schema\\\/logo\\\/image\\\/\"},\"sameAs\":[\"https:\\\/\\\/www.facebook.com\\\/eldiario.bolivia\\\/\",\"https:\\\/\\\/x.com\\\/eldiario_net\"]},{\"@type\":\"Person\",\"@id\":\"https:\\\/\\\/www.eldiario.net\\\/portal\\\/#\\\/schema\\\/person\\\/2c57cf2b7a7ae032e449e4c9b1019eac\",\"name\":\"Jeanette\",\"image\":{\"@type\":\"ImageObject\",\"inLanguage\":\"es\",\"@id\":\"https:\\\/\\\/secure.gravatar.com\\\/avatar\\\/3ea2118a5f7dad2b7138b1187a6b7ee55f160b9968b66013c3a3ef39dd7e5798?s=96&d=mm&r=g\",\"url\":\"https:\\\/\\\/secure.gravatar.com\\\/avatar\\\/3ea2118a5f7dad2b7138b1187a6b7ee55f160b9968b66013c3a3ef39dd7e5798?s=96&d=mm&r=g\",\"contentUrl\":\"https:\\\/\\\/secure.gravatar.com\\\/avatar\\\/3ea2118a5f7dad2b7138b1187a6b7ee55f160b9968b66013c3a3ef39dd7e5798?s=96&d=mm&r=g\",\"caption\":\"Jeanette\"},\"sameAs\":[\"https:\\\/\\\/www.eldiario.net\\\/portal\"],\"url\":\"https:\\\/\\\/www.eldiario.net\\\/portal\\\/author\\\/jeanette\\\/\"}]}<\/script>\n<!-- \/ Yoast SEO plugin. -->","yoast_head_json":{"title":"Buscan modernizar la producci\u00f3n de caf\u00e9 para aumentar la oferta al mundo - El Diario - Bolivia","robots":{"index":"index","follow":"follow","max-snippet":"max-snippet:-1","max-image-preview":"max-image-preview:large","max-video-preview":"max-video-preview:-1"},"canonical":"https:\/\/www.eldiario.net\/portal\/2024\/11\/24\/buscan-modernizar-la-produccion-de-cafe-para-aumentar-la-oferta-al-mundo\/","og_locale":"es_ES","og_type":"article","og_title":"Buscan modernizar la producci\u00f3n de caf\u00e9 para aumentar la oferta al mundo - El Diario - Bolivia","og_description":"El potencial productivo de caf\u00e9 en Bolivia es alto, por ello buscan modernizar y tecnificar la producci\u00f3n del grano, en especial, en la zona de los Yungas del departamento de La Paz, espec\u00edficamente en Caranavi, y el torneo de Caf\u00e9 de Excelencia Boliviano es un evento que promueve la calidad y mejorar el precio del [&hellip;]","og_url":"https:\/\/www.eldiario.net\/portal\/2024\/11\/24\/buscan-modernizar-la-produccion-de-cafe-para-aumentar-la-oferta-al-mundo\/","og_site_name":"El Diario - Bolivia","article_publisher":"https:\/\/www.facebook.com\/eldiario.bolivia\/","article_published_time":"2024-11-24T10:56:55+00:00","og_image":[{"width":1200,"height":800,"url":"https:\/\/www.eldiario.net\/portal\/wp-content\/uploads\/2024\/11\/cafe.jpg","type":"image\/jpeg"}],"author":"Jeanette","twitter_card":"summary_large_image","twitter_creator":"@eldiario_net","twitter_site":"@eldiario_net","twitter_misc":{"Escrito por":"Jeanette","Tiempo de lectura":"3 minutos"},"schema":{"@context":"https:\/\/schema.org","@graph":[{"@type":"Article","@id":"https:\/\/www.eldiario.net\/portal\/2024\/11\/24\/buscan-modernizar-la-produccion-de-cafe-para-aumentar-la-oferta-al-mundo\/#article","isPartOf":{"@id":"https:\/\/www.eldiario.net\/portal\/2024\/11\/24\/buscan-modernizar-la-produccion-de-cafe-para-aumentar-la-oferta-al-mundo\/"},"author":{"name":"Jeanette","@id":"https:\/\/www.eldiario.net\/portal\/#\/schema\/person\/2c57cf2b7a7ae032e449e4c9b1019eac"},"headline":"Buscan modernizar la producci\u00f3n de caf\u00e9 para aumentar la oferta al mundo","datePublished":"2024-11-24T10:56:55+00:00","mainEntityOfPage":{"@id":"https:\/\/www.eldiario.net\/portal\/2024\/11\/24\/buscan-modernizar-la-produccion-de-cafe-para-aumentar-la-oferta-al-mundo\/"},"wordCount":559,"publisher":{"@id":"https:\/\/www.eldiario.net\/portal\/#organization"},"image":{"@id":"https:\/\/www.eldiario.net\/portal\/2024\/11\/24\/buscan-modernizar-la-produccion-de-cafe-para-aumentar-la-oferta-al-mundo\/#primaryimage"},"thumbnailUrl":"https:\/\/www.eldiario.net\/portal\/wp-content\/uploads\/2024\/11\/cafe.jpg","articleSection":["Econom\u00eda"],"inLanguage":"es"},{"@type":"WebPage","@id":"https:\/\/www.eldiario.net\/portal\/2024\/11\/24\/buscan-modernizar-la-produccion-de-cafe-para-aumentar-la-oferta-al-mundo\/","url":"https:\/\/www.eldiario.net\/portal\/2024\/11\/24\/buscan-modernizar-la-produccion-de-cafe-para-aumentar-la-oferta-al-mundo\/","name":"Buscan modernizar la producci\u00f3n de caf\u00e9 para aumentar la oferta al mundo - El Diario - Bolivia","isPartOf":{"@id":"https:\/\/www.eldiario.net\/portal\/#website"},"primaryImageOfPage":{"@id":"https:\/\/www.eldiario.net\/portal\/2024\/11\/24\/buscan-modernizar-la-produccion-de-cafe-para-aumentar-la-oferta-al-mundo\/#primaryimage"},"image":{"@id":"https:\/\/www.eldiario.net\/portal\/2024\/11\/24\/buscan-modernizar-la-produccion-de-cafe-para-aumentar-la-oferta-al-mundo\/#primaryimage"},"thumbnailUrl":"https:\/\/www.eldiario.net\/portal\/wp-content\/uploads\/2024\/11\/cafe.jpg","datePublished":"2024-11-24T10:56:55+00:00","breadcrumb":{"@id":"https:\/\/www.eldiario.net\/portal\/2024\/11\/24\/buscan-modernizar-la-produccion-de-cafe-para-aumentar-la-oferta-al-mundo\/#breadcrumb"},"inLanguage":"es","potentialAction":[{"@type":"ReadAction","target":["https:\/\/www.eldiario.net\/portal\/2024\/11\/24\/buscan-modernizar-la-produccion-de-cafe-para-aumentar-la-oferta-al-mundo\/"]}]},{"@type":"ImageObject","inLanguage":"es","@id":"https:\/\/www.eldiario.net\/portal\/2024\/11\/24\/buscan-modernizar-la-produccion-de-cafe-para-aumentar-la-oferta-al-mundo\/#primaryimage","url":"https:\/\/www.eldiario.net\/portal\/wp-content\/uploads\/2024\/11\/cafe.jpg","contentUrl":"https:\/\/www.eldiario.net\/portal\/wp-content\/uploads\/2024\/11\/cafe.jpg","width":1200,"height":800,"caption":"Presidente de Caneb, Danilo Velasco."},{"@type":"BreadcrumbList","@id":"https:\/\/www.eldiario.net\/portal\/2024\/11\/24\/buscan-modernizar-la-produccion-de-cafe-para-aumentar-la-oferta-al-mundo\/#breadcrumb","itemListElement":[{"@type":"ListItem","position":1,"name":"Portada","item":"https:\/\/www.eldiario.net\/portal\/"},{"@type":"ListItem","position":2,"name":"Buscan modernizar la producci\u00f3n de caf\u00e9 para aumentar la oferta al mundo"}]},{"@type":"WebSite","@id":"https:\/\/www.eldiario.net\/portal\/#website","url":"https:\/\/www.eldiario.net\/portal\/","name":"El Diario - Decano de la prensa nacional","description":"El Diario - Decano de la prensa nacional","publisher":{"@id":"https:\/\/www.eldiario.net\/portal\/#organization"},"potentialAction":[{"@type":"SearchAction","target":{"@type":"EntryPoint","urlTemplate":"https:\/\/www.eldiario.net\/portal\/?s={search_term_string}"},"query-input":{"@type":"PropertyValueSpecification","valueRequired":true,"valueName":"search_term_string"}}],"inLanguage":"es"},{"@type":"Organization","@id":"https:\/\/www.eldiario.net\/portal\/#organization","name":"El Diario - Decano de la prensa nacional","url":"https:\/\/www.eldiario.net\/portal\/","logo":{"@type":"ImageObject","inLanguage":"es","@id":"https:\/\/www.eldiario.net\/portal\/#\/schema\/logo\/image\/","url":"https:\/\/www.eldiario.net\/portal\/wp-content\/uploads\/2023\/07\/logo_ED.jpg","contentUrl":"https:\/\/www.eldiario.net\/portal\/wp-content\/uploads\/2023\/07\/logo_ED.jpg","width":272,"height":52,"caption":"El Diario - Decano de la prensa nacional"},"image":{"@id":"https:\/\/www.eldiario.net\/portal\/#\/schema\/logo\/image\/"},"sameAs":["https:\/\/www.facebook.com\/eldiario.bolivia\/","https:\/\/x.com\/eldiario_net"]},{"@type":"Person","@id":"https:\/\/www.eldiario.net\/portal\/#\/schema\/person\/2c57cf2b7a7ae032e449e4c9b1019eac","name":"Jeanette","image":{"@type":"ImageObject","inLanguage":"es","@id":"https:\/\/secure.gravatar.com\/avatar\/3ea2118a5f7dad2b7138b1187a6b7ee55f160b9968b66013c3a3ef39dd7e5798?s=96&d=mm&r=g","url":"https:\/\/secure.gravatar.com\/avatar\/3ea2118a5f7dad2b7138b1187a6b7ee55f160b9968b66013c3a3ef39dd7e5798?s=96&d=mm&r=g","contentUrl":"https:\/\/secure.gravatar.com\/avatar\/3ea2118a5f7dad2b7138b1187a6b7ee55f160b9968b66013c3a3ef39dd7e5798?s=96&d=mm&r=g","caption":"Jeanette"},"sameAs":["https:\/\/www.eldiario.net\/portal"],"url":"https:\/\/www.eldiario.net\/portal\/author\/jeanette\/"}]}},"_links":{"self":[{"href":"https:\/\/www.eldiario.net\/portal\/wp-json\/wp\/v2\/posts\/263250","targetHints":{"allow":["GET"]}}],"collection":[{"href":"https:\/\/www.eldiario.net\/portal\/wp-json\/wp\/v2\/posts"}],"about":[{"href":"https:\/\/www.eldiario.net\/portal\/wp-json\/wp\/v2\/types\/post"}],"author":[{"embeddable":true,"href":"https:\/\/www.eldiario.net\/portal\/wp-json\/wp\/v2\/users\/1"}],"replies":[{"embeddable":true,"href":"https:\/\/www.eldiario.net\/portal\/wp-json\/wp\/v2\/comments?post=263250"}],"version-history":[{"count":1,"href":"https:\/\/www.eldiario.net\/portal\/wp-json\/wp\/v2\/posts\/263250\/revisions"}],"predecessor-version":[{"id":263253,"href":"https:\/\/www.eldiario.net\/portal\/wp-json\/wp\/v2\/posts\/263250\/revisions\/263253"}],"wp:featuredmedia":[{"embeddable":true,"href":"https:\/\/www.eldiario.net\/portal\/wp-json\/wp\/v2\/media\/263252"}],"wp:attachment":[{"href":"https:\/\/www.eldiario.net\/portal\/wp-json\/wp\/v2\/media?parent=263250"}],"wp:term":[{"taxonomy":"category","embeddable":true,"href":"https:\/\/www.eldiario.net\/portal\/wp-json\/wp\/v2\/categories?post=263250"},{"taxonomy":"post_tag","embeddable":true,"href":"https:\/\/www.eldiario.net\/portal\/wp-json\/wp\/v2\/tags?post=263250"}],"curies":[{"name":"wp","href":"https:\/\/api.w.org\/{rel}","templated":true}]}}