{"id":263246,"date":"2024-11-24T06:55:26","date_gmt":"2024-11-24T10:55:26","guid":{"rendered":"https:\/\/www.eldiario.net\/portal\/?p=263246"},"modified":"2024-11-24T06:55:26","modified_gmt":"2024-11-24T10:55:26","slug":"avasallamientos-provoca-menor-productividad-e-inseguridad-juridica","status":"publish","type":"post","link":"https:\/\/www.eldiario.net\/portal\/2024\/11\/24\/avasallamientos-provoca-menor-productividad-e-inseguridad-juridica\/","title":{"rendered":"Avasallamientos provoca menor productividad e inseguridad jur\u00eddica"},"content":{"rendered":"<p>Los avasallamientos provocan menor productividad e inseguridad jur\u00eddica para los productores e inversionistas; la poblaci\u00f3n rechaza este tipo de actos delictivos y piden al Gobierno cumplir su tarea de garantizar la propiedad privada, seg\u00fan un sondeo de opini\u00f3n realizado por el Instituto Boliviano de Comercio Exterior (IBCE), presentado por su gerente general, Gary Rodr\u00edguez.<br \/>\n\u201cEn momentos en que, lo que m\u00e1s precisa Bolivia es paz social y seguridad jur\u00eddica para la inversi\u00f3n en general -para la agropecuaria en particular- con miras a generar mayores niveles de producci\u00f3n y exportaci\u00f3n de alimentos que permitan al pa\u00eds crecer m\u00e1s y captar las divisas que tanto necesita para financiar la importaci\u00f3n de combustibles, insumos, bienes de capital y equipos de transporte, lamentablemente, a la escasez de d\u00f3lares, la anormalidad en el abastecimiento de di\u00e9sel y la baja de precios internacionales, se suma el azote del avasallamiento de predios en producci\u00f3n, en el campo\u201d, se\u00f1al\u00f3.<br \/>\n\u201cEsas acciones atentan contra la producci\u00f3n de alimentos, la exportaci\u00f3n y la generaci\u00f3n de divisas, adem\u00e1s de dar una mala imagen del pa\u00eds al mundo, sobre el respeta la propiedad privada y la justicia que no resuelve los casos denunciados, como debiera\u201d, lament\u00f3 el gerente general.<br \/>\n\u0093Cuando se avasalla un predio productivo donde se siembra soya, no solo se afecta la producci\u00f3n de este grano, sino tambi\u00e9n, los cultivos de rotaci\u00f3n con la soya como el trigo, ma\u00edz, sorgo, girasol, ch\u00eda y la propia soya que se utilizar\u00e1 para semilla. La afectaci\u00f3n es muy grande, pudiendo comprometer no solo la agroexportaci\u00f3n, sino tambi\u00e9n, la seguridad alimentaria por la merma de forraje para la producci\u00f3n de carnes\u0094, explic\u00f3.<br \/>\nRodr\u00edguez dijo que, para conocer la percepci\u00f3n ciudadana sobre el tema, el IBCE realiz\u00f3 por v\u00eda digital un sondeo de opini\u00f3n abierto con 8 preguntas cerradas, recibi\u00e9ndose m\u00e1s de 1.181 respuestas revelando un rotundo rechazo al avasallamiento de tierras.<br \/>\n\u0093Un 99% opin\u00f3 que el avasallamiento de predios productivos hace da\u00f1o al desarrollo de Bolivia; el 97% dijo que los avasalladores impiden producir y exportar m\u00e1s alimentos; un 99% manifest\u00f3 que los avasallamientos de tierras atentan contra la seguridad jur\u00eddica; el 98% opin\u00f3 que el avasallamiento de tierras impide que haya m\u00e1s inversi\u00f3n privada en el agro; un 83% dijo que sabe que en Santa Cruz se est\u00e1n dando avasallamientos por gente armada; el 89% opin\u00f3 que la justicia no defiende al productor del agro frente a los avasalladores; el 99% dijo que la justicia debe sancionar severamente a quienes avasallan predios productivos; finalmente, un 99% opin\u00f3 que el Gobierno debe tomar medidas urgentes para frenar los avasallamientos en Bolivia\u0094, concluy\u00f3.<br \/>\nEl sondeo se dio a iniciativa del Directorio del IBCE conformado por entidades del sector agropecuario, forestal, exportador, importador, comercial, industrial, servicios, turismo y despachos aduaneros. El IBCE es una entidad t\u00e9cnica que trabaja por hacer del comercio exterior un instrumento para el desarrollo de Bolivia. A continuaci\u00f3n, los resultados.<br \/>\nPIE DE FOTO<br \/>\ngerente general del Ibce, Gary Rodr\u00edguez. Foto Ibce<\/p>\n","protected":false},"excerpt":{"rendered":"<p>Los avasallamientos provocan menor productividad e inseguridad jur\u00eddica para los productores e inversionistas; la poblaci\u00f3n rechaza este tipo de actos delictivos y piden al Gobierno cumplir su tarea de garantizar la propiedad privada, seg\u00fan un sondeo de opini\u00f3n realizado por el Instituto Boliviano de Comercio Exterior (IBCE), presentado por su gerente general, Gary Rodr\u00edguez. \u201cEn [&hellip;]<\/p>\n","protected":false},"author":1,"featured_media":194689,"comment_status":"closed","ping_status":"open","sticky":false,"template":"","format":"standard","meta":{"_acf_changed":false,"footnotes":""},"categories":[7],"tags":[],"class_list":["post-263246","post","type-post","status-publish","format-standard","has-post-thumbnail","category-economia"],"acf":{"antetitulo":""},"yoast_head":"<!-- This site is optimized with the Yoast SEO plugin v28.4 - https:\/\/yoast.com\/product\/yoast-seo-wordpress\/ -->\n<title>Avasallamientos provoca menor productividad e inseguridad jur\u00eddica - El Diario - Bolivia<\/title>\n<meta name=\"robots\" content=\"index, follow, max-snippet:-1, max-image-preview:large, max-video-preview:-1\" \/>\n<link rel=\"canonical\" href=\"https:\/\/www.eldiario.net\/portal\/2024\/11\/24\/avasallamientos-provoca-menor-productividad-e-inseguridad-juridica\/\" \/>\n<meta property=\"og:locale\" content=\"es_ES\" \/>\n<meta property=\"og:type\" content=\"article\" \/>\n<meta property=\"og:title\" content=\"Avasallamientos provoca menor productividad e inseguridad jur\u00eddica - El Diario - Bolivia\" \/>\n<meta property=\"og:description\" content=\"Los avasallamientos provocan menor productividad e inseguridad jur\u00eddica para los productores e inversionistas; la poblaci\u00f3n rechaza este tipo de actos delictivos y piden al Gobierno cumplir su tarea de garantizar la propiedad privada, seg\u00fan un sondeo de opini\u00f3n realizado por el Instituto Boliviano de Comercio Exterior (IBCE), presentado por su gerente general, Gary Rodr\u00edguez. \u201cEn [&hellip;]\" \/>\n<meta property=\"og:url\" content=\"https:\/\/www.eldiario.net\/portal\/2024\/11\/24\/avasallamientos-provoca-menor-productividad-e-inseguridad-juridica\/\" \/>\n<meta property=\"og:site_name\" content=\"El Diario - Bolivia\" \/>\n<meta property=\"article:publisher\" content=\"https:\/\/www.facebook.com\/eldiario.bolivia\/\" \/>\n<meta property=\"article:published_time\" content=\"2024-11-24T10:55:26+00:00\" \/>\n<meta property=\"og:image\" content=\"https:\/\/www.eldiario.net\/portal\/wp-content\/uploads\/2023\/12\/Economia.jpg\" \/>\n\t<meta property=\"og:image:width\" content=\"800\" \/>\n\t<meta property=\"og:image:height\" content=\"500\" \/>\n\t<meta property=\"og:image:type\" content=\"image\/jpeg\" \/>\n<meta name=\"author\" content=\"Jeanette\" \/>\n<meta name=\"twitter:card\" content=\"summary_large_image\" \/>\n<meta name=\"twitter:creator\" content=\"@eldiario_net\" \/>\n<meta name=\"twitter:site\" content=\"@eldiario_net\" \/>\n<meta name=\"twitter:label1\" content=\"Escrito por\" \/>\n\t<meta name=\"twitter:data1\" content=\"Jeanette\" \/>\n\t<meta name=\"twitter:label2\" content=\"Tiempo de lectura\" \/>\n\t<meta name=\"twitter:data2\" content=\"3 minutos\" \/>\n<script type=\"application\/ld+json\" class=\"yoast-schema-graph\">{\"@context\":\"https:\\\/\\\/schema.org\",\"@graph\":[{\"@type\":\"Article\",\"@id\":\"https:\\\/\\\/www.eldiario.net\\\/portal\\\/2024\\\/11\\\/24\\\/avasallamientos-provoca-menor-productividad-e-inseguridad-juridica\\\/#article\",\"isPartOf\":{\"@id\":\"https:\\\/\\\/www.eldiario.net\\\/portal\\\/2024\\\/11\\\/24\\\/avasallamientos-provoca-menor-productividad-e-inseguridad-juridica\\\/\"},\"author\":{\"name\":\"Jeanette\",\"@id\":\"https:\\\/\\\/www.eldiario.net\\\/portal\\\/#\\\/schema\\\/person\\\/2c57cf2b7a7ae032e449e4c9b1019eac\"},\"headline\":\"Avasallamientos provoca menor productividad e inseguridad jur\u00eddica\",\"datePublished\":\"2024-11-24T10:55:26+00:00\",\"mainEntityOfPage\":{\"@id\":\"https:\\\/\\\/www.eldiario.net\\\/portal\\\/2024\\\/11\\\/24\\\/avasallamientos-provoca-menor-productividad-e-inseguridad-juridica\\\/\"},\"wordCount\":533,\"publisher\":{\"@id\":\"https:\\\/\\\/www.eldiario.net\\\/portal\\\/#organization\"},\"image\":{\"@id\":\"https:\\\/\\\/www.eldiario.net\\\/portal\\\/2024\\\/11\\\/24\\\/avasallamientos-provoca-menor-productividad-e-inseguridad-juridica\\\/#primaryimage\"},\"thumbnailUrl\":\"https:\\\/\\\/www.eldiario.net\\\/portal\\\/wp-content\\\/uploads\\\/2023\\\/12\\\/Economia.jpg\",\"articleSection\":[\"Econom\u00eda\"],\"inLanguage\":\"es\"},{\"@type\":\"WebPage\",\"@id\":\"https:\\\/\\\/www.eldiario.net\\\/portal\\\/2024\\\/11\\\/24\\\/avasallamientos-provoca-menor-productividad-e-inseguridad-juridica\\\/\",\"url\":\"https:\\\/\\\/www.eldiario.net\\\/portal\\\/2024\\\/11\\\/24\\\/avasallamientos-provoca-menor-productividad-e-inseguridad-juridica\\\/\",\"name\":\"Avasallamientos provoca menor productividad e inseguridad jur\u00eddica - El Diario - Bolivia\",\"isPartOf\":{\"@id\":\"https:\\\/\\\/www.eldiario.net\\\/portal\\\/#website\"},\"primaryImageOfPage\":{\"@id\":\"https:\\\/\\\/www.eldiario.net\\\/portal\\\/2024\\\/11\\\/24\\\/avasallamientos-provoca-menor-productividad-e-inseguridad-juridica\\\/#primaryimage\"},\"image\":{\"@id\":\"https:\\\/\\\/www.eldiario.net\\\/portal\\\/2024\\\/11\\\/24\\\/avasallamientos-provoca-menor-productividad-e-inseguridad-juridica\\\/#primaryimage\"},\"thumbnailUrl\":\"https:\\\/\\\/www.eldiario.net\\\/portal\\\/wp-content\\\/uploads\\\/2023\\\/12\\\/Economia.jpg\",\"datePublished\":\"2024-11-24T10:55:26+00:00\",\"breadcrumb\":{\"@id\":\"https:\\\/\\\/www.eldiario.net\\\/portal\\\/2024\\\/11\\\/24\\\/avasallamientos-provoca-menor-productividad-e-inseguridad-juridica\\\/#breadcrumb\"},\"inLanguage\":\"es\",\"potentialAction\":[{\"@type\":\"ReadAction\",\"target\":[\"https:\\\/\\\/www.eldiario.net\\\/portal\\\/2024\\\/11\\\/24\\\/avasallamientos-provoca-menor-productividad-e-inseguridad-juridica\\\/\"]}]},{\"@type\":\"ImageObject\",\"inLanguage\":\"es\",\"@id\":\"https:\\\/\\\/www.eldiario.net\\\/portal\\\/2024\\\/11\\\/24\\\/avasallamientos-provoca-menor-productividad-e-inseguridad-juridica\\\/#primaryimage\",\"url\":\"https:\\\/\\\/www.eldiario.net\\\/portal\\\/wp-content\\\/uploads\\\/2023\\\/12\\\/Economia.jpg\",\"contentUrl\":\"https:\\\/\\\/www.eldiario.net\\\/portal\\\/wp-content\\\/uploads\\\/2023\\\/12\\\/Economia.jpg\",\"width\":800,\"height\":500},{\"@type\":\"BreadcrumbList\",\"@id\":\"https:\\\/\\\/www.eldiario.net\\\/portal\\\/2024\\\/11\\\/24\\\/avasallamientos-provoca-menor-productividad-e-inseguridad-juridica\\\/#breadcrumb\",\"itemListElement\":[{\"@type\":\"ListItem\",\"position\":1,\"name\":\"Portada\",\"item\":\"https:\\\/\\\/www.eldiario.net\\\/portal\\\/\"},{\"@type\":\"ListItem\",\"position\":2,\"name\":\"Avasallamientos provoca menor productividad e inseguridad jur\u00eddica\"}]},{\"@type\":\"WebSite\",\"@id\":\"https:\\\/\\\/www.eldiario.net\\\/portal\\\/#website\",\"url\":\"https:\\\/\\\/www.eldiario.net\\\/portal\\\/\",\"name\":\"El Diario - Decano de la prensa nacional\",\"description\":\"El Diario - Decano de la prensa nacional\",\"publisher\":{\"@id\":\"https:\\\/\\\/www.eldiario.net\\\/portal\\\/#organization\"},\"potentialAction\":[{\"@type\":\"SearchAction\",\"target\":{\"@type\":\"EntryPoint\",\"urlTemplate\":\"https:\\\/\\\/www.eldiario.net\\\/portal\\\/?s={search_term_string}\"},\"query-input\":{\"@type\":\"PropertyValueSpecification\",\"valueRequired\":true,\"valueName\":\"search_term_string\"}}],\"inLanguage\":\"es\"},{\"@type\":\"Organization\",\"@id\":\"https:\\\/\\\/www.eldiario.net\\\/portal\\\/#organization\",\"name\":\"El Diario - Decano de la prensa nacional\",\"url\":\"https:\\\/\\\/www.eldiario.net\\\/portal\\\/\",\"logo\":{\"@type\":\"ImageObject\",\"inLanguage\":\"es\",\"@id\":\"https:\\\/\\\/www.eldiario.net\\\/portal\\\/#\\\/schema\\\/logo\\\/image\\\/\",\"url\":\"https:\\\/\\\/www.eldiario.net\\\/portal\\\/wp-content\\\/uploads\\\/2023\\\/07\\\/logo_ED.jpg\",\"contentUrl\":\"https:\\\/\\\/www.eldiario.net\\\/portal\\\/wp-content\\\/uploads\\\/2023\\\/07\\\/logo_ED.jpg\",\"width\":272,\"height\":52,\"caption\":\"El Diario - Decano de la prensa nacional\"},\"image\":{\"@id\":\"https:\\\/\\\/www.eldiario.net\\\/portal\\\/#\\\/schema\\\/logo\\\/image\\\/\"},\"sameAs\":[\"https:\\\/\\\/www.facebook.com\\\/eldiario.bolivia\\\/\",\"https:\\\/\\\/x.com\\\/eldiario_net\"]},{\"@type\":\"Person\",\"@id\":\"https:\\\/\\\/www.eldiario.net\\\/portal\\\/#\\\/schema\\\/person\\\/2c57cf2b7a7ae032e449e4c9b1019eac\",\"name\":\"Jeanette\",\"image\":{\"@type\":\"ImageObject\",\"inLanguage\":\"es\",\"@id\":\"https:\\\/\\\/secure.gravatar.com\\\/avatar\\\/3ea2118a5f7dad2b7138b1187a6b7ee55f160b9968b66013c3a3ef39dd7e5798?s=96&d=mm&r=g\",\"url\":\"https:\\\/\\\/secure.gravatar.com\\\/avatar\\\/3ea2118a5f7dad2b7138b1187a6b7ee55f160b9968b66013c3a3ef39dd7e5798?s=96&d=mm&r=g\",\"contentUrl\":\"https:\\\/\\\/secure.gravatar.com\\\/avatar\\\/3ea2118a5f7dad2b7138b1187a6b7ee55f160b9968b66013c3a3ef39dd7e5798?s=96&d=mm&r=g\",\"caption\":\"Jeanette\"},\"sameAs\":[\"https:\\\/\\\/www.eldiario.net\\\/portal\"],\"url\":\"https:\\\/\\\/www.eldiario.net\\\/portal\\\/author\\\/jeanette\\\/\"}]}<\/script>\n<!-- \/ Yoast SEO plugin. -->","yoast_head_json":{"title":"Avasallamientos provoca menor productividad e inseguridad jur\u00eddica - El Diario - Bolivia","robots":{"index":"index","follow":"follow","max-snippet":"max-snippet:-1","max-image-preview":"max-image-preview:large","max-video-preview":"max-video-preview:-1"},"canonical":"https:\/\/www.eldiario.net\/portal\/2024\/11\/24\/avasallamientos-provoca-menor-productividad-e-inseguridad-juridica\/","og_locale":"es_ES","og_type":"article","og_title":"Avasallamientos provoca menor productividad e inseguridad jur\u00eddica - El Diario - Bolivia","og_description":"Los avasallamientos provocan menor productividad e inseguridad jur\u00eddica para los productores e inversionistas; la poblaci\u00f3n rechaza este tipo de actos delictivos y piden al Gobierno cumplir su tarea de garantizar la propiedad privada, seg\u00fan un sondeo de opini\u00f3n realizado por el Instituto Boliviano de Comercio Exterior (IBCE), presentado por su gerente general, Gary Rodr\u00edguez. \u201cEn [&hellip;]","og_url":"https:\/\/www.eldiario.net\/portal\/2024\/11\/24\/avasallamientos-provoca-menor-productividad-e-inseguridad-juridica\/","og_site_name":"El Diario - Bolivia","article_publisher":"https:\/\/www.facebook.com\/eldiario.bolivia\/","article_published_time":"2024-11-24T10:55:26+00:00","og_image":[{"width":800,"height":500,"url":"https:\/\/www.eldiario.net\/portal\/wp-content\/uploads\/2023\/12\/Economia.jpg","type":"image\/jpeg"}],"author":"Jeanette","twitter_card":"summary_large_image","twitter_creator":"@eldiario_net","twitter_site":"@eldiario_net","twitter_misc":{"Escrito por":"Jeanette","Tiempo de lectura":"3 minutos"},"schema":{"@context":"https:\/\/schema.org","@graph":[{"@type":"Article","@id":"https:\/\/www.eldiario.net\/portal\/2024\/11\/24\/avasallamientos-provoca-menor-productividad-e-inseguridad-juridica\/#article","isPartOf":{"@id":"https:\/\/www.eldiario.net\/portal\/2024\/11\/24\/avasallamientos-provoca-menor-productividad-e-inseguridad-juridica\/"},"author":{"name":"Jeanette","@id":"https:\/\/www.eldiario.net\/portal\/#\/schema\/person\/2c57cf2b7a7ae032e449e4c9b1019eac"},"headline":"Avasallamientos provoca menor productividad e inseguridad jur\u00eddica","datePublished":"2024-11-24T10:55:26+00:00","mainEntityOfPage":{"@id":"https:\/\/www.eldiario.net\/portal\/2024\/11\/24\/avasallamientos-provoca-menor-productividad-e-inseguridad-juridica\/"},"wordCount":533,"publisher":{"@id":"https:\/\/www.eldiario.net\/portal\/#organization"},"image":{"@id":"https:\/\/www.eldiario.net\/portal\/2024\/11\/24\/avasallamientos-provoca-menor-productividad-e-inseguridad-juridica\/#primaryimage"},"thumbnailUrl":"https:\/\/www.eldiario.net\/portal\/wp-content\/uploads\/2023\/12\/Economia.jpg","articleSection":["Econom\u00eda"],"inLanguage":"es"},{"@type":"WebPage","@id":"https:\/\/www.eldiario.net\/portal\/2024\/11\/24\/avasallamientos-provoca-menor-productividad-e-inseguridad-juridica\/","url":"https:\/\/www.eldiario.net\/portal\/2024\/11\/24\/avasallamientos-provoca-menor-productividad-e-inseguridad-juridica\/","name":"Avasallamientos provoca menor productividad e inseguridad jur\u00eddica - El Diario - Bolivia","isPartOf":{"@id":"https:\/\/www.eldiario.net\/portal\/#website"},"primaryImageOfPage":{"@id":"https:\/\/www.eldiario.net\/portal\/2024\/11\/24\/avasallamientos-provoca-menor-productividad-e-inseguridad-juridica\/#primaryimage"},"image":{"@id":"https:\/\/www.eldiario.net\/portal\/2024\/11\/24\/avasallamientos-provoca-menor-productividad-e-inseguridad-juridica\/#primaryimage"},"thumbnailUrl":"https:\/\/www.eldiario.net\/portal\/wp-content\/uploads\/2023\/12\/Economia.jpg","datePublished":"2024-11-24T10:55:26+00:00","breadcrumb":{"@id":"https:\/\/www.eldiario.net\/portal\/2024\/11\/24\/avasallamientos-provoca-menor-productividad-e-inseguridad-juridica\/#breadcrumb"},"inLanguage":"es","potentialAction":[{"@type":"ReadAction","target":["https:\/\/www.eldiario.net\/portal\/2024\/11\/24\/avasallamientos-provoca-menor-productividad-e-inseguridad-juridica\/"]}]},{"@type":"ImageObject","inLanguage":"es","@id":"https:\/\/www.eldiario.net\/portal\/2024\/11\/24\/avasallamientos-provoca-menor-productividad-e-inseguridad-juridica\/#primaryimage","url":"https:\/\/www.eldiario.net\/portal\/wp-content\/uploads\/2023\/12\/Economia.jpg","contentUrl":"https:\/\/www.eldiario.net\/portal\/wp-content\/uploads\/2023\/12\/Economia.jpg","width":800,"height":500},{"@type":"BreadcrumbList","@id":"https:\/\/www.eldiario.net\/portal\/2024\/11\/24\/avasallamientos-provoca-menor-productividad-e-inseguridad-juridica\/#breadcrumb","itemListElement":[{"@type":"ListItem","position":1,"name":"Portada","item":"https:\/\/www.eldiario.net\/portal\/"},{"@type":"ListItem","position":2,"name":"Avasallamientos provoca menor productividad e inseguridad jur\u00eddica"}]},{"@type":"WebSite","@id":"https:\/\/www.eldiario.net\/portal\/#website","url":"https:\/\/www.eldiario.net\/portal\/","name":"El Diario - Decano de la prensa nacional","description":"El Diario - Decano de la prensa nacional","publisher":{"@id":"https:\/\/www.eldiario.net\/portal\/#organization"},"potentialAction":[{"@type":"SearchAction","target":{"@type":"EntryPoint","urlTemplate":"https:\/\/www.eldiario.net\/portal\/?s={search_term_string}"},"query-input":{"@type":"PropertyValueSpecification","valueRequired":true,"valueName":"search_term_string"}}],"inLanguage":"es"},{"@type":"Organization","@id":"https:\/\/www.eldiario.net\/portal\/#organization","name":"El Diario - Decano de la prensa nacional","url":"https:\/\/www.eldiario.net\/portal\/","logo":{"@type":"ImageObject","inLanguage":"es","@id":"https:\/\/www.eldiario.net\/portal\/#\/schema\/logo\/image\/","url":"https:\/\/www.eldiario.net\/portal\/wp-content\/uploads\/2023\/07\/logo_ED.jpg","contentUrl":"https:\/\/www.eldiario.net\/portal\/wp-content\/uploads\/2023\/07\/logo_ED.jpg","width":272,"height":52,"caption":"El Diario - Decano de la prensa nacional"},"image":{"@id":"https:\/\/www.eldiario.net\/portal\/#\/schema\/logo\/image\/"},"sameAs":["https:\/\/www.facebook.com\/eldiario.bolivia\/","https:\/\/x.com\/eldiario_net"]},{"@type":"Person","@id":"https:\/\/www.eldiario.net\/portal\/#\/schema\/person\/2c57cf2b7a7ae032e449e4c9b1019eac","name":"Jeanette","image":{"@type":"ImageObject","inLanguage":"es","@id":"https:\/\/secure.gravatar.com\/avatar\/3ea2118a5f7dad2b7138b1187a6b7ee55f160b9968b66013c3a3ef39dd7e5798?s=96&d=mm&r=g","url":"https:\/\/secure.gravatar.com\/avatar\/3ea2118a5f7dad2b7138b1187a6b7ee55f160b9968b66013c3a3ef39dd7e5798?s=96&d=mm&r=g","contentUrl":"https:\/\/secure.gravatar.com\/avatar\/3ea2118a5f7dad2b7138b1187a6b7ee55f160b9968b66013c3a3ef39dd7e5798?s=96&d=mm&r=g","caption":"Jeanette"},"sameAs":["https:\/\/www.eldiario.net\/portal"],"url":"https:\/\/www.eldiario.net\/portal\/author\/jeanette\/"}]}},"_links":{"self":[{"href":"https:\/\/www.eldiario.net\/portal\/wp-json\/wp\/v2\/posts\/263246","targetHints":{"allow":["GET"]}}],"collection":[{"href":"https:\/\/www.eldiario.net\/portal\/wp-json\/wp\/v2\/posts"}],"about":[{"href":"https:\/\/www.eldiario.net\/portal\/wp-json\/wp\/v2\/types\/post"}],"author":[{"embeddable":true,"href":"https:\/\/www.eldiario.net\/portal\/wp-json\/wp\/v2\/users\/1"}],"replies":[{"embeddable":true,"href":"https:\/\/www.eldiario.net\/portal\/wp-json\/wp\/v2\/comments?post=263246"}],"version-history":[{"count":1,"href":"https:\/\/www.eldiario.net\/portal\/wp-json\/wp\/v2\/posts\/263246\/revisions"}],"predecessor-version":[{"id":263247,"href":"https:\/\/www.eldiario.net\/portal\/wp-json\/wp\/v2\/posts\/263246\/revisions\/263247"}],"wp:featuredmedia":[{"embeddable":true,"href":"https:\/\/www.eldiario.net\/portal\/wp-json\/wp\/v2\/media\/194689"}],"wp:attachment":[{"href":"https:\/\/www.eldiario.net\/portal\/wp-json\/wp\/v2\/media?parent=263246"}],"wp:term":[{"taxonomy":"category","embeddable":true,"href":"https:\/\/www.eldiario.net\/portal\/wp-json\/wp\/v2\/categories?post=263246"},{"taxonomy":"post_tag","embeddable":true,"href":"https:\/\/www.eldiario.net\/portal\/wp-json\/wp\/v2\/tags?post=263246"}],"curies":[{"name":"wp","href":"https:\/\/api.w.org\/{rel}","templated":true}]}}