{"id":263244,"date":"2024-11-24T06:55:03","date_gmt":"2024-11-24T10:55:03","guid":{"rendered":"https:\/\/www.eldiario.net\/portal\/?p=263244"},"modified":"2024-11-24T06:55:03","modified_gmt":"2024-11-24T10:55:03","slug":"ypfb-y-fluxus-suscriben-acuerdo-de-principios-para-operacion-conjunta-del-area-vitiacua","status":"publish","type":"post","link":"https:\/\/www.eldiario.net\/portal\/2024\/11\/24\/ypfb-y-fluxus-suscriben-acuerdo-de-principios-para-operacion-conjunta-del-area-vitiacua\/","title":{"rendered":"YPFB y Fluxus suscriben acuerdo de principios  para operaci\u00f3n conjunta del \u00c1rea Vitiacua"},"content":{"rendered":"<p>Los representantes de YPFB Andina S.A., Robert Lino, y de Fluxus Bolivia S.A., Ricardo Rodrigues, suscribieron el \u201cActa de Entrega del Acuerdo de Principios\u201d para la operaci\u00f3n conjunta del \u00c1rea Vitiacua.<br \/>\nAmbas empresas petroleras podr\u00e1n ejecutar las operaciones conjuntas necesarias hasta la suscripci\u00f3n del contrato de servicios petroleros.<br \/>\n\u201cEste socio brasile\u00f1o viene con una clara intenci\u00f3n, necesitan gas en Brasil y hay que invertir en Bolivia. Son socios que no dan mucha vuelta y toman las decisiones de forma r\u00e1pida y acertada para la inversi\u00f3n en el pa\u00eds\u201d, inform\u00f3 el presidente de Yacimientos Petrol\u00edferos Fiscales Bolivianos (YPFB), Armin Dorgathen, citado en un bolet\u00edn.<br \/>\nEl acta suscrita entre los representantes de ambas empresas se realiz\u00f3 en el marco del \u201cForo Internacional de Hidrocarburos, Fertilizantes, Energ\u00edas Renovables y Alternativas\u201d, que se realiza en la ciudad de Santa Cruz de la Sierra.<br \/>\nEl 10 de julio de 2024, ambas empresas petroleras suscribieron un memor\u00e1ndum de entendimiento para analizar y evaluar la viabilidad de la inclusi\u00f3n de Fluxus Bolivia como empresa participante en el Contrato de Servicios Petroleros para el \u00c1rea Vitiacua, en el cual YPFB Andina ser\u00e1 el operador del \u00e1rea.<br \/>\nYPFB Andina S.A. es una empresa subsidiaria de YPFB, dedicada a la exploraci\u00f3n y explotaci\u00f3n de hidrocarburos. Es una de las mayores productoras de gas natural, crudo y condensado de Bolivia.<br \/>\nFluxus, empresa de petr\u00f3leo y gas perteneciente al grupo brasile\u00f1o J&amp;F, anunci\u00f3 la firma de acuerdos para realizar actividades de exploraci\u00f3n y evaluaci\u00f3n geol\u00f3gica en tres bloques, con la finalidad de encontrar potenciales reservas de gas.<br \/>\n\u201cConfiamos en el progreso de Bolivia hacia un marco legal moderno y equilibrado para el sector de petr\u00f3leo y gas. Esto nos motiva a buscar oportunidades de negocio que puedan representar una futura expansi\u00f3n de nuestra producci\u00f3n de gas en el pa\u00eds\u201d, afirm\u00f3 Ricardo Savini, CEO de Fluxus.<br \/>\nEl ejecutivo indic\u00f3 que uno de los acuerdos se firm\u00f3 el pasado 21 de noviembre y establece la operaci\u00f3n conjunta entre YPFB Andina y Fluxus para la exploraci\u00f3n del Bloque Vitiacua, que se encuentra al norte del yacimiento de gas Ita\u00fa (Chuquisaca), en la cuenca del Subandino Sur. En esta \u00e1rea se estima un potencial de 2 trillones de pies c\u00fabicos (TCF, por sus siglas en ingl\u00e9s) de reservas de gas.<br \/>\nFluxus tendr\u00e1 una participaci\u00f3n del 40% en este consorcio, mientras que YPFB Andina, que se encargar\u00e1 de la perforaci\u00f3n, tendr\u00e1 un 60%. La inversi\u00f3n de la compa\u00f1\u00eda brasile\u00f1a, en la fase exploratoria, ser\u00e1 de aproximadamente 40 millones de d\u00f3lares.<br \/>\nAdicionalmente, Fluxus llevar\u00e1 a cabo actividades en otros dos bloques que forman parte de un convenio de estudio firmado recientemente con YPFB, con una duraci\u00f3n de un a\u00f1o. Durante este periodo, la empresa brasile\u00f1a realizar\u00e1 an\u00e1lisis geol\u00f3gicos detallados de los bloques San Telmo Sur e I\u00f1iguazu, tambi\u00e9n ubicados en la cuenca del Subandino Sur.<br \/>\nEstos estudios iniciales permitir\u00e1n evaluar el potencial y determinar la viabilidad de futuras exploraciones en ambos bloques. De confirmarse la factibilidad, Fluxus tendr\u00e1 la opci\u00f3n de hacerse cargo de las actividades exploratorias y, posteriormente, de la producci\u00f3n.<br \/>\nLos acuerdos firmados por Fluxus complementan una inversi\u00f3n estrat\u00e9gica que la empresa llevar\u00e1 a cabo en Bolivia, con el objetivo de destinar 100 millones de d\u00f3lares al sector gas\u00edfero durante los pr\u00f3ximos cinco a\u00f1os.<br \/>\nCabe recordar que las actividades de Fluxus en el pa\u00eds comenzaron en junio de 2024, cuando concret\u00f3 la adquisici\u00f3n de Pluspetrol Bolivia. Con esta transici\u00f3n, la empresa brasile\u00f1a asumi\u00f3 la operaci\u00f3n de tres campos en la Cuenca Tarija-Chaco: Tacobo, Tajibo y Yacuiba, los cuales tienen una producci\u00f3n diaria actual de aproximadamente 100 mil metros c\u00fabicos de gas natural, con un potencial que puede alcanzar hasta 1,1 millones de metros c\u00fabicos diarios.<br \/>\nPIE DE FOTO<br \/>\nfirma del acuerdo. Foto fluxus<\/p>\n","protected":false},"excerpt":{"rendered":"<p>Los representantes de YPFB Andina S.A., Robert Lino, y de Fluxus Bolivia S.A., Ricardo Rodrigues, suscribieron el \u201cActa de Entrega del Acuerdo de Principios\u201d para la operaci\u00f3n conjunta del \u00c1rea Vitiacua. Ambas empresas petroleras podr\u00e1n ejecutar las operaciones conjuntas necesarias hasta la suscripci\u00f3n del contrato de servicios petroleros. \u201cEste socio brasile\u00f1o viene con una clara [&hellip;]<\/p>\n","protected":false},"author":1,"featured_media":194689,"comment_status":"closed","ping_status":"open","sticky":false,"template":"","format":"standard","meta":{"_acf_changed":false,"footnotes":""},"categories":[7],"tags":[],"class_list":["post-263244","post","type-post","status-publish","format-standard","has-post-thumbnail","category-economia"],"acf":{"antetitulo":""},"yoast_head":"<!-- This site is optimized with the Yoast SEO plugin v28.4 - https:\/\/yoast.com\/product\/yoast-seo-wordpress\/ -->\n<title>YPFB y Fluxus suscriben acuerdo de principios para operaci\u00f3n conjunta del \u00c1rea Vitiacua - El Diario - Bolivia<\/title>\n<meta name=\"robots\" content=\"index, follow, max-snippet:-1, max-image-preview:large, max-video-preview:-1\" \/>\n<link rel=\"canonical\" href=\"https:\/\/www.eldiario.net\/portal\/2024\/11\/24\/ypfb-y-fluxus-suscriben-acuerdo-de-principios-para-operacion-conjunta-del-area-vitiacua\/\" \/>\n<meta property=\"og:locale\" content=\"es_ES\" \/>\n<meta property=\"og:type\" content=\"article\" \/>\n<meta property=\"og:title\" content=\"YPFB y Fluxus suscriben acuerdo de principios para operaci\u00f3n conjunta del \u00c1rea Vitiacua - El Diario - Bolivia\" \/>\n<meta property=\"og:description\" content=\"Los representantes de YPFB Andina S.A., Robert Lino, y de Fluxus Bolivia S.A., Ricardo Rodrigues, suscribieron el \u201cActa de Entrega del Acuerdo de Principios\u201d para la operaci\u00f3n conjunta del \u00c1rea Vitiacua. Ambas empresas petroleras podr\u00e1n ejecutar las operaciones conjuntas necesarias hasta la suscripci\u00f3n del contrato de servicios petroleros. \u201cEste socio brasile\u00f1o viene con una clara [&hellip;]\" \/>\n<meta property=\"og:url\" content=\"https:\/\/www.eldiario.net\/portal\/2024\/11\/24\/ypfb-y-fluxus-suscriben-acuerdo-de-principios-para-operacion-conjunta-del-area-vitiacua\/\" \/>\n<meta property=\"og:site_name\" content=\"El Diario - Bolivia\" \/>\n<meta property=\"article:publisher\" content=\"https:\/\/www.facebook.com\/eldiario.bolivia\/\" \/>\n<meta property=\"article:published_time\" content=\"2024-11-24T10:55:03+00:00\" \/>\n<meta property=\"og:image\" content=\"https:\/\/www.eldiario.net\/portal\/wp-content\/uploads\/2023\/12\/Economia.jpg\" \/>\n\t<meta property=\"og:image:width\" content=\"800\" \/>\n\t<meta property=\"og:image:height\" content=\"500\" \/>\n\t<meta property=\"og:image:type\" content=\"image\/jpeg\" \/>\n<meta name=\"author\" content=\"Jeanette\" \/>\n<meta name=\"twitter:card\" content=\"summary_large_image\" \/>\n<meta name=\"twitter:creator\" content=\"@eldiario_net\" \/>\n<meta name=\"twitter:site\" content=\"@eldiario_net\" \/>\n<meta name=\"twitter:label1\" content=\"Escrito por\" \/>\n\t<meta name=\"twitter:data1\" content=\"Jeanette\" \/>\n\t<meta name=\"twitter:label2\" content=\"Tiempo de lectura\" \/>\n\t<meta name=\"twitter:data2\" content=\"4 minutos\" \/>\n<script type=\"application\/ld+json\" class=\"yoast-schema-graph\">{\"@context\":\"https:\\\/\\\/schema.org\",\"@graph\":[{\"@type\":\"Article\",\"@id\":\"https:\\\/\\\/www.eldiario.net\\\/portal\\\/2024\\\/11\\\/24\\\/ypfb-y-fluxus-suscriben-acuerdo-de-principios-para-operacion-conjunta-del-area-vitiacua\\\/#article\",\"isPartOf\":{\"@id\":\"https:\\\/\\\/www.eldiario.net\\\/portal\\\/2024\\\/11\\\/24\\\/ypfb-y-fluxus-suscriben-acuerdo-de-principios-para-operacion-conjunta-del-area-vitiacua\\\/\"},\"author\":{\"name\":\"Jeanette\",\"@id\":\"https:\\\/\\\/www.eldiario.net\\\/portal\\\/#\\\/schema\\\/person\\\/2c57cf2b7a7ae032e449e4c9b1019eac\"},\"headline\":\"YPFB y Fluxus suscriben acuerdo de principios para operaci\u00f3n conjunta del \u00c1rea Vitiacua\",\"datePublished\":\"2024-11-24T10:55:03+00:00\",\"mainEntityOfPage\":{\"@id\":\"https:\\\/\\\/www.eldiario.net\\\/portal\\\/2024\\\/11\\\/24\\\/ypfb-y-fluxus-suscriben-acuerdo-de-principios-para-operacion-conjunta-del-area-vitiacua\\\/\"},\"wordCount\":683,\"publisher\":{\"@id\":\"https:\\\/\\\/www.eldiario.net\\\/portal\\\/#organization\"},\"image\":{\"@id\":\"https:\\\/\\\/www.eldiario.net\\\/portal\\\/2024\\\/11\\\/24\\\/ypfb-y-fluxus-suscriben-acuerdo-de-principios-para-operacion-conjunta-del-area-vitiacua\\\/#primaryimage\"},\"thumbnailUrl\":\"https:\\\/\\\/www.eldiario.net\\\/portal\\\/wp-content\\\/uploads\\\/2023\\\/12\\\/Economia.jpg\",\"articleSection\":[\"Econom\u00eda\"],\"inLanguage\":\"es\"},{\"@type\":\"WebPage\",\"@id\":\"https:\\\/\\\/www.eldiario.net\\\/portal\\\/2024\\\/11\\\/24\\\/ypfb-y-fluxus-suscriben-acuerdo-de-principios-para-operacion-conjunta-del-area-vitiacua\\\/\",\"url\":\"https:\\\/\\\/www.eldiario.net\\\/portal\\\/2024\\\/11\\\/24\\\/ypfb-y-fluxus-suscriben-acuerdo-de-principios-para-operacion-conjunta-del-area-vitiacua\\\/\",\"name\":\"YPFB y Fluxus suscriben acuerdo de principios para operaci\u00f3n conjunta del \u00c1rea Vitiacua - El Diario - Bolivia\",\"isPartOf\":{\"@id\":\"https:\\\/\\\/www.eldiario.net\\\/portal\\\/#website\"},\"primaryImageOfPage\":{\"@id\":\"https:\\\/\\\/www.eldiario.net\\\/portal\\\/2024\\\/11\\\/24\\\/ypfb-y-fluxus-suscriben-acuerdo-de-principios-para-operacion-conjunta-del-area-vitiacua\\\/#primaryimage\"},\"image\":{\"@id\":\"https:\\\/\\\/www.eldiario.net\\\/portal\\\/2024\\\/11\\\/24\\\/ypfb-y-fluxus-suscriben-acuerdo-de-principios-para-operacion-conjunta-del-area-vitiacua\\\/#primaryimage\"},\"thumbnailUrl\":\"https:\\\/\\\/www.eldiario.net\\\/portal\\\/wp-content\\\/uploads\\\/2023\\\/12\\\/Economia.jpg\",\"datePublished\":\"2024-11-24T10:55:03+00:00\",\"breadcrumb\":{\"@id\":\"https:\\\/\\\/www.eldiario.net\\\/portal\\\/2024\\\/11\\\/24\\\/ypfb-y-fluxus-suscriben-acuerdo-de-principios-para-operacion-conjunta-del-area-vitiacua\\\/#breadcrumb\"},\"inLanguage\":\"es\",\"potentialAction\":[{\"@type\":\"ReadAction\",\"target\":[\"https:\\\/\\\/www.eldiario.net\\\/portal\\\/2024\\\/11\\\/24\\\/ypfb-y-fluxus-suscriben-acuerdo-de-principios-para-operacion-conjunta-del-area-vitiacua\\\/\"]}]},{\"@type\":\"ImageObject\",\"inLanguage\":\"es\",\"@id\":\"https:\\\/\\\/www.eldiario.net\\\/portal\\\/2024\\\/11\\\/24\\\/ypfb-y-fluxus-suscriben-acuerdo-de-principios-para-operacion-conjunta-del-area-vitiacua\\\/#primaryimage\",\"url\":\"https:\\\/\\\/www.eldiario.net\\\/portal\\\/wp-content\\\/uploads\\\/2023\\\/12\\\/Economia.jpg\",\"contentUrl\":\"https:\\\/\\\/www.eldiario.net\\\/portal\\\/wp-content\\\/uploads\\\/2023\\\/12\\\/Economia.jpg\",\"width\":800,\"height\":500},{\"@type\":\"BreadcrumbList\",\"@id\":\"https:\\\/\\\/www.eldiario.net\\\/portal\\\/2024\\\/11\\\/24\\\/ypfb-y-fluxus-suscriben-acuerdo-de-principios-para-operacion-conjunta-del-area-vitiacua\\\/#breadcrumb\",\"itemListElement\":[{\"@type\":\"ListItem\",\"position\":1,\"name\":\"Portada\",\"item\":\"https:\\\/\\\/www.eldiario.net\\\/portal\\\/\"},{\"@type\":\"ListItem\",\"position\":2,\"name\":\"YPFB y Fluxus suscriben acuerdo de principios para operaci\u00f3n conjunta del \u00c1rea Vitiacua\"}]},{\"@type\":\"WebSite\",\"@id\":\"https:\\\/\\\/www.eldiario.net\\\/portal\\\/#website\",\"url\":\"https:\\\/\\\/www.eldiario.net\\\/portal\\\/\",\"name\":\"El Diario - Decano de la prensa nacional\",\"description\":\"El Diario - Decano de la prensa nacional\",\"publisher\":{\"@id\":\"https:\\\/\\\/www.eldiario.net\\\/portal\\\/#organization\"},\"potentialAction\":[{\"@type\":\"SearchAction\",\"target\":{\"@type\":\"EntryPoint\",\"urlTemplate\":\"https:\\\/\\\/www.eldiario.net\\\/portal\\\/?s={search_term_string}\"},\"query-input\":{\"@type\":\"PropertyValueSpecification\",\"valueRequired\":true,\"valueName\":\"search_term_string\"}}],\"inLanguage\":\"es\"},{\"@type\":\"Organization\",\"@id\":\"https:\\\/\\\/www.eldiario.net\\\/portal\\\/#organization\",\"name\":\"El Diario - Decano de la prensa nacional\",\"url\":\"https:\\\/\\\/www.eldiario.net\\\/portal\\\/\",\"logo\":{\"@type\":\"ImageObject\",\"inLanguage\":\"es\",\"@id\":\"https:\\\/\\\/www.eldiario.net\\\/portal\\\/#\\\/schema\\\/logo\\\/image\\\/\",\"url\":\"https:\\\/\\\/www.eldiario.net\\\/portal\\\/wp-content\\\/uploads\\\/2023\\\/07\\\/logo_ED.jpg\",\"contentUrl\":\"https:\\\/\\\/www.eldiario.net\\\/portal\\\/wp-content\\\/uploads\\\/2023\\\/07\\\/logo_ED.jpg\",\"width\":272,\"height\":52,\"caption\":\"El Diario - Decano de la prensa nacional\"},\"image\":{\"@id\":\"https:\\\/\\\/www.eldiario.net\\\/portal\\\/#\\\/schema\\\/logo\\\/image\\\/\"},\"sameAs\":[\"https:\\\/\\\/www.facebook.com\\\/eldiario.bolivia\\\/\",\"https:\\\/\\\/x.com\\\/eldiario_net\"]},{\"@type\":\"Person\",\"@id\":\"https:\\\/\\\/www.eldiario.net\\\/portal\\\/#\\\/schema\\\/person\\\/2c57cf2b7a7ae032e449e4c9b1019eac\",\"name\":\"Jeanette\",\"image\":{\"@type\":\"ImageObject\",\"inLanguage\":\"es\",\"@id\":\"https:\\\/\\\/secure.gravatar.com\\\/avatar\\\/3ea2118a5f7dad2b7138b1187a6b7ee55f160b9968b66013c3a3ef39dd7e5798?s=96&d=mm&r=g\",\"url\":\"https:\\\/\\\/secure.gravatar.com\\\/avatar\\\/3ea2118a5f7dad2b7138b1187a6b7ee55f160b9968b66013c3a3ef39dd7e5798?s=96&d=mm&r=g\",\"contentUrl\":\"https:\\\/\\\/secure.gravatar.com\\\/avatar\\\/3ea2118a5f7dad2b7138b1187a6b7ee55f160b9968b66013c3a3ef39dd7e5798?s=96&d=mm&r=g\",\"caption\":\"Jeanette\"},\"sameAs\":[\"https:\\\/\\\/www.eldiario.net\\\/portal\"],\"url\":\"https:\\\/\\\/www.eldiario.net\\\/portal\\\/author\\\/jeanette\\\/\"}]}<\/script>\n<!-- \/ Yoast SEO plugin. -->","yoast_head_json":{"title":"YPFB y Fluxus suscriben acuerdo de principios para operaci\u00f3n conjunta del \u00c1rea Vitiacua - El Diario - Bolivia","robots":{"index":"index","follow":"follow","max-snippet":"max-snippet:-1","max-image-preview":"max-image-preview:large","max-video-preview":"max-video-preview:-1"},"canonical":"https:\/\/www.eldiario.net\/portal\/2024\/11\/24\/ypfb-y-fluxus-suscriben-acuerdo-de-principios-para-operacion-conjunta-del-area-vitiacua\/","og_locale":"es_ES","og_type":"article","og_title":"YPFB y Fluxus suscriben acuerdo de principios para operaci\u00f3n conjunta del \u00c1rea Vitiacua - El Diario - Bolivia","og_description":"Los representantes de YPFB Andina S.A., Robert Lino, y de Fluxus Bolivia S.A., Ricardo Rodrigues, suscribieron el \u201cActa de Entrega del Acuerdo de Principios\u201d para la operaci\u00f3n conjunta del \u00c1rea Vitiacua. Ambas empresas petroleras podr\u00e1n ejecutar las operaciones conjuntas necesarias hasta la suscripci\u00f3n del contrato de servicios petroleros. \u201cEste socio brasile\u00f1o viene con una clara [&hellip;]","og_url":"https:\/\/www.eldiario.net\/portal\/2024\/11\/24\/ypfb-y-fluxus-suscriben-acuerdo-de-principios-para-operacion-conjunta-del-area-vitiacua\/","og_site_name":"El Diario - Bolivia","article_publisher":"https:\/\/www.facebook.com\/eldiario.bolivia\/","article_published_time":"2024-11-24T10:55:03+00:00","og_image":[{"width":800,"height":500,"url":"https:\/\/www.eldiario.net\/portal\/wp-content\/uploads\/2023\/12\/Economia.jpg","type":"image\/jpeg"}],"author":"Jeanette","twitter_card":"summary_large_image","twitter_creator":"@eldiario_net","twitter_site":"@eldiario_net","twitter_misc":{"Escrito por":"Jeanette","Tiempo de lectura":"4 minutos"},"schema":{"@context":"https:\/\/schema.org","@graph":[{"@type":"Article","@id":"https:\/\/www.eldiario.net\/portal\/2024\/11\/24\/ypfb-y-fluxus-suscriben-acuerdo-de-principios-para-operacion-conjunta-del-area-vitiacua\/#article","isPartOf":{"@id":"https:\/\/www.eldiario.net\/portal\/2024\/11\/24\/ypfb-y-fluxus-suscriben-acuerdo-de-principios-para-operacion-conjunta-del-area-vitiacua\/"},"author":{"name":"Jeanette","@id":"https:\/\/www.eldiario.net\/portal\/#\/schema\/person\/2c57cf2b7a7ae032e449e4c9b1019eac"},"headline":"YPFB y Fluxus suscriben acuerdo de principios para operaci\u00f3n conjunta del \u00c1rea Vitiacua","datePublished":"2024-11-24T10:55:03+00:00","mainEntityOfPage":{"@id":"https:\/\/www.eldiario.net\/portal\/2024\/11\/24\/ypfb-y-fluxus-suscriben-acuerdo-de-principios-para-operacion-conjunta-del-area-vitiacua\/"},"wordCount":683,"publisher":{"@id":"https:\/\/www.eldiario.net\/portal\/#organization"},"image":{"@id":"https:\/\/www.eldiario.net\/portal\/2024\/11\/24\/ypfb-y-fluxus-suscriben-acuerdo-de-principios-para-operacion-conjunta-del-area-vitiacua\/#primaryimage"},"thumbnailUrl":"https:\/\/www.eldiario.net\/portal\/wp-content\/uploads\/2023\/12\/Economia.jpg","articleSection":["Econom\u00eda"],"inLanguage":"es"},{"@type":"WebPage","@id":"https:\/\/www.eldiario.net\/portal\/2024\/11\/24\/ypfb-y-fluxus-suscriben-acuerdo-de-principios-para-operacion-conjunta-del-area-vitiacua\/","url":"https:\/\/www.eldiario.net\/portal\/2024\/11\/24\/ypfb-y-fluxus-suscriben-acuerdo-de-principios-para-operacion-conjunta-del-area-vitiacua\/","name":"YPFB y Fluxus suscriben acuerdo de principios para operaci\u00f3n conjunta del \u00c1rea Vitiacua - El Diario - Bolivia","isPartOf":{"@id":"https:\/\/www.eldiario.net\/portal\/#website"},"primaryImageOfPage":{"@id":"https:\/\/www.eldiario.net\/portal\/2024\/11\/24\/ypfb-y-fluxus-suscriben-acuerdo-de-principios-para-operacion-conjunta-del-area-vitiacua\/#primaryimage"},"image":{"@id":"https:\/\/www.eldiario.net\/portal\/2024\/11\/24\/ypfb-y-fluxus-suscriben-acuerdo-de-principios-para-operacion-conjunta-del-area-vitiacua\/#primaryimage"},"thumbnailUrl":"https:\/\/www.eldiario.net\/portal\/wp-content\/uploads\/2023\/12\/Economia.jpg","datePublished":"2024-11-24T10:55:03+00:00","breadcrumb":{"@id":"https:\/\/www.eldiario.net\/portal\/2024\/11\/24\/ypfb-y-fluxus-suscriben-acuerdo-de-principios-para-operacion-conjunta-del-area-vitiacua\/#breadcrumb"},"inLanguage":"es","potentialAction":[{"@type":"ReadAction","target":["https:\/\/www.eldiario.net\/portal\/2024\/11\/24\/ypfb-y-fluxus-suscriben-acuerdo-de-principios-para-operacion-conjunta-del-area-vitiacua\/"]}]},{"@type":"ImageObject","inLanguage":"es","@id":"https:\/\/www.eldiario.net\/portal\/2024\/11\/24\/ypfb-y-fluxus-suscriben-acuerdo-de-principios-para-operacion-conjunta-del-area-vitiacua\/#primaryimage","url":"https:\/\/www.eldiario.net\/portal\/wp-content\/uploads\/2023\/12\/Economia.jpg","contentUrl":"https:\/\/www.eldiario.net\/portal\/wp-content\/uploads\/2023\/12\/Economia.jpg","width":800,"height":500},{"@type":"BreadcrumbList","@id":"https:\/\/www.eldiario.net\/portal\/2024\/11\/24\/ypfb-y-fluxus-suscriben-acuerdo-de-principios-para-operacion-conjunta-del-area-vitiacua\/#breadcrumb","itemListElement":[{"@type":"ListItem","position":1,"name":"Portada","item":"https:\/\/www.eldiario.net\/portal\/"},{"@type":"ListItem","position":2,"name":"YPFB y Fluxus suscriben acuerdo de principios para operaci\u00f3n conjunta del \u00c1rea Vitiacua"}]},{"@type":"WebSite","@id":"https:\/\/www.eldiario.net\/portal\/#website","url":"https:\/\/www.eldiario.net\/portal\/","name":"El Diario - Decano de la prensa nacional","description":"El Diario - Decano de la prensa nacional","publisher":{"@id":"https:\/\/www.eldiario.net\/portal\/#organization"},"potentialAction":[{"@type":"SearchAction","target":{"@type":"EntryPoint","urlTemplate":"https:\/\/www.eldiario.net\/portal\/?s={search_term_string}"},"query-input":{"@type":"PropertyValueSpecification","valueRequired":true,"valueName":"search_term_string"}}],"inLanguage":"es"},{"@type":"Organization","@id":"https:\/\/www.eldiario.net\/portal\/#organization","name":"El Diario - Decano de la prensa nacional","url":"https:\/\/www.eldiario.net\/portal\/","logo":{"@type":"ImageObject","inLanguage":"es","@id":"https:\/\/www.eldiario.net\/portal\/#\/schema\/logo\/image\/","url":"https:\/\/www.eldiario.net\/portal\/wp-content\/uploads\/2023\/07\/logo_ED.jpg","contentUrl":"https:\/\/www.eldiario.net\/portal\/wp-content\/uploads\/2023\/07\/logo_ED.jpg","width":272,"height":52,"caption":"El Diario - Decano de la prensa nacional"},"image":{"@id":"https:\/\/www.eldiario.net\/portal\/#\/schema\/logo\/image\/"},"sameAs":["https:\/\/www.facebook.com\/eldiario.bolivia\/","https:\/\/x.com\/eldiario_net"]},{"@type":"Person","@id":"https:\/\/www.eldiario.net\/portal\/#\/schema\/person\/2c57cf2b7a7ae032e449e4c9b1019eac","name":"Jeanette","image":{"@type":"ImageObject","inLanguage":"es","@id":"https:\/\/secure.gravatar.com\/avatar\/3ea2118a5f7dad2b7138b1187a6b7ee55f160b9968b66013c3a3ef39dd7e5798?s=96&d=mm&r=g","url":"https:\/\/secure.gravatar.com\/avatar\/3ea2118a5f7dad2b7138b1187a6b7ee55f160b9968b66013c3a3ef39dd7e5798?s=96&d=mm&r=g","contentUrl":"https:\/\/secure.gravatar.com\/avatar\/3ea2118a5f7dad2b7138b1187a6b7ee55f160b9968b66013c3a3ef39dd7e5798?s=96&d=mm&r=g","caption":"Jeanette"},"sameAs":["https:\/\/www.eldiario.net\/portal"],"url":"https:\/\/www.eldiario.net\/portal\/author\/jeanette\/"}]}},"_links":{"self":[{"href":"https:\/\/www.eldiario.net\/portal\/wp-json\/wp\/v2\/posts\/263244","targetHints":{"allow":["GET"]}}],"collection":[{"href":"https:\/\/www.eldiario.net\/portal\/wp-json\/wp\/v2\/posts"}],"about":[{"href":"https:\/\/www.eldiario.net\/portal\/wp-json\/wp\/v2\/types\/post"}],"author":[{"embeddable":true,"href":"https:\/\/www.eldiario.net\/portal\/wp-json\/wp\/v2\/users\/1"}],"replies":[{"embeddable":true,"href":"https:\/\/www.eldiario.net\/portal\/wp-json\/wp\/v2\/comments?post=263244"}],"version-history":[{"count":1,"href":"https:\/\/www.eldiario.net\/portal\/wp-json\/wp\/v2\/posts\/263244\/revisions"}],"predecessor-version":[{"id":263245,"href":"https:\/\/www.eldiario.net\/portal\/wp-json\/wp\/v2\/posts\/263244\/revisions\/263245"}],"wp:featuredmedia":[{"embeddable":true,"href":"https:\/\/www.eldiario.net\/portal\/wp-json\/wp\/v2\/media\/194689"}],"wp:attachment":[{"href":"https:\/\/www.eldiario.net\/portal\/wp-json\/wp\/v2\/media?parent=263244"}],"wp:term":[{"taxonomy":"category","embeddable":true,"href":"https:\/\/www.eldiario.net\/portal\/wp-json\/wp\/v2\/categories?post=263244"},{"taxonomy":"post_tag","embeddable":true,"href":"https:\/\/www.eldiario.net\/portal\/wp-json\/wp\/v2\/tags?post=263244"}],"curies":[{"name":"wp","href":"https:\/\/api.w.org\/{rel}","templated":true}]}}