{"id":262989,"date":"2024-11-23T06:52:32","date_gmt":"2024-11-23T10:52:32","guid":{"rendered":"https:\/\/www.eldiario.net\/portal\/?p=262989"},"modified":"2024-11-23T06:52:41","modified_gmt":"2024-11-23T10:52:41","slug":"cuestionan-demora-de-corte-penal-en-investigacion-de-crimenes-en-venezuela","status":"publish","type":"post","link":"https:\/\/www.eldiario.net\/portal\/2024\/11\/23\/cuestionan-demora-de-corte-penal-en-investigacion-de-crimenes-en-venezuela\/","title":{"rendered":"Cuestionan demora de Corte Penal en investigaci\u00f3n de cr\u00edmenes en Venezuela"},"content":{"rendered":"<p>La situaci\u00f3n en Venezuela, examinada por la Corte Penal Internacional (CPI), sigue siendo de gran preocupaci\u00f3n para las v\u00edctimas de cr\u00edmenes internacionales cometidos en el pa\u00eds. Se enfrenta un panorama incierto, agravado por la solicitud de recusaci\u00f3n del Fiscal de la CPI, Karim Khan, bajo acusaciones de un posible conflicto de inter\u00e9s. Este proceso, sin precedentes en la historia de la Corte, plantea desaf\u00edos que podr\u00edan retrasar a\u00fan m\u00e1s el acceso a la justicia.<br \/>\n\u201cMuchas v\u00edctimas expresaron un profundo sentimiento de frustraci\u00f3n, sintiendo que el Fiscal no dio a la dif\u00edcil situaci\u00f3n la misma prioridad que a otras situaciones donde las investigaciones avanzaron m\u00e1s r\u00e1pidamente y dieron lugar a la emisi\u00f3n de varias \u00f3rdenes de arresto. Se preguntan por qu\u00e9 los cr\u00edmenes y el sufrimiento que padecieron parecen ser tratados con menos urgencia en comparaci\u00f3n con los que afectan a las v\u00edctimas en otros contextos\u201d, expres\u00f3 la Oficina de Defensa de las V\u00edctimas del organismo, en un documento firmado por Paolina Massidda, Enrique Carnero Rojo y Ana Pe\u00f1a.<\/p>\n<p>IMPACTO EN V\u00cdCTIMAS<br \/>\nDesde el inicio del proceso en 2018, las v\u00edctimas esperaron justicia por los cr\u00edmenes sufridos. La solicitud de recusaci\u00f3n del Fiscal, presentada bajo el art\u00edculo 42(8) del Estatuto de Roma, busca apartarlo de la investigaci\u00f3n. Sin embargo, las v\u00edctimas temen que esta acci\u00f3n, de ser aprobada, paralice las investigaciones hasta que se nombre un nuevo Fiscal, lo que dilatar\u00eda a\u00fan m\u00e1s un proceso ya de por s\u00ed lento.<br \/>\nEl sentimiento de abandono entre las v\u00edctimas se intensifica con cada retraso. Seg\u00fan el documento de la Oficina de Asistencia Jur\u00eddica para las V\u00edctimas (OPCV), cualquier demora en las investigaciones afecta directamente sus derechos a conocer la verdad, obtener justicia y recibir reparaciones.<br \/>\nA pesar de que la investigaci\u00f3n fue autorizada en 2023 tras a\u00f1os de espera, todav\u00eda no se ha abierto un caso formal contra ning\u00fan responsable. Esta falta de avances concretos contrasta con otros casos en los que la CPI emiti\u00f3 \u00f3rdenes de arresto de manera m\u00e1s expedita.<br \/>\nLas v\u00edctimas expresan su frustraci\u00f3n y cuestionan por qu\u00e9 los cr\u00edmenes en Venezuela no recibieron el mismo nivel de prioridad. Esta percepci\u00f3n aumenta su desconfianza en el sistema de justicia internacional y su sensaci\u00f3n de ser relegadas frente a otras situaciones similares.<\/p>\n<p>ENFOQUE DE COMPLEMENTARIEDAD<br \/>\nEl Fiscal defendi\u00f3 la estrategia de \u201ccomplementariedad positiva\u201d, que busca fomentar investigaciones nacionales en Venezuela antes de avanzar en el proceso internacional. En tanto, la C\u00e1mara de Apelaciones de la CPI ya determin\u00f3 que el Estado venezolano no lleva a cabo investigaciones genuinas sobre los cr\u00edmenes denunciados.<br \/>\nLas v\u00edctimas temen que este enfoque prolongue a\u00fan m\u00e1s el inicio de medidas concretas en la CPI. Si bien, las investigaciones nacionales son un pilar del Estatuto de Roma, los esfuerzos para alentar al Estado a actuar no deber\u00edan hacerse a expensas de las v\u00edctimas y de un acceso expedito a la justicia internacional.<br \/>\nEl contexto actual en Venezuela agrava las preocupaciones de las v\u00edctimas. Tras las elecciones de julio de 2024, el Gobierno intensific\u00f3 su represi\u00f3n mediante detenciones masivas, actos de violencia y violaciones de derechos humanos. Seg\u00fan Foro Penal, casi 2.000 personas est\u00e1n detenidas, incluidas mujeres, adolescentes y personas vulnerables, muchas de las cuales sufren tortura y tratos degradantes.<br \/>\nA pesar de estos acontecimientos, el Fiscal no emiti\u00f3 declaraciones p\u00fablicas ni tom\u00f3 acciones visibles en respuesta a los cr\u00edmenes recientes. Esta aparente inacci\u00f3n aumenta el sentimiento de abandono entre las v\u00edctimas y sus familias.<\/p>\n<p>EXIGENCIAS DE LAS V\u00cdCTIMAS<br \/>\nLas v\u00edctimas exigen que la investigaci\u00f3n de la CPI no sufra interrupciones. Si se aprueba la recusaci\u00f3n del Fiscal, solicitan que se tomen medidas r\u00e1pidas para garantizar la continuidad del proceso. Se\u00f1alan que cualquier demora adicional no solo les negar\u00eda justicia, sino que tambi\u00e9n debilitar\u00eda la credibilidad de la CPI.<br \/>\nAsimismo, piden un mayor compromiso del Fiscal y de la CPI para abordar tanto los cr\u00edmenes hist\u00f3ricos como los recientes, incluidos aquellos perpetrados tras las elecciones de 2024. La prioridad debe ser avanzar con determinaci\u00f3n en las investigaciones para garantizar que los responsables enfrenten la justicia.<br \/>\nLa situaci\u00f3n en Venezuela presenta un desaf\u00edo cr\u00edtico para la CPI y para el sistema de justicia internacional. Las v\u00edctimas, que soportaron a\u00f1os de espera y sufrimiento, ven con preocupaci\u00f3n cualquier medida que pueda retrasar a\u00fan m\u00e1s las investigaciones.<br \/>\nEn un contexto de represi\u00f3n estatal y violaciones constantes de derechos humanos, garantizar una justicia expedita no solo es un imperativo legal, sino tambi\u00e9n una obligaci\u00f3n moral para con las v\u00edctimas y sus familias. La comunidad internacional debe asegurar que los derechos de las v\u00edctimas no queden relegados por cuestiones procedimentales o pol\u00edticas. (Infobae)<\/p>\n","protected":false},"excerpt":{"rendered":"<p>La situaci\u00f3n en Venezuela, examinada por la Corte Penal Internacional (CPI), sigue siendo de gran preocupaci\u00f3n para las v\u00edctimas de cr\u00edmenes internacionales cometidos en el pa\u00eds. Se enfrenta un panorama incierto, agravado por la solicitud de recusaci\u00f3n del Fiscal de la CPI, Karim Khan, bajo acusaciones de un posible conflicto de inter\u00e9s. Este proceso, sin [&hellip;]<\/p>\n","protected":false},"author":1,"featured_media":262990,"comment_status":"closed","ping_status":"open","sticky":false,"template":"","format":"standard","meta":{"_acf_changed":false,"footnotes":""},"categories":[3],"tags":[],"class_list":["post-262989","post","type-post","status-publish","format-standard","has-post-thumbnail","category-internacional"],"acf":{"antetitulo":""},"yoast_head":"<!-- This site is optimized with the Yoast SEO plugin v28.4 - https:\/\/yoast.com\/product\/yoast-seo-wordpress\/ -->\n<title>Cuestionan demora de Corte Penal en investigaci\u00f3n de cr\u00edmenes en Venezuela - El Diario - Bolivia<\/title>\n<meta name=\"robots\" content=\"index, follow, max-snippet:-1, max-image-preview:large, max-video-preview:-1\" \/>\n<link rel=\"canonical\" href=\"https:\/\/www.eldiario.net\/portal\/2024\/11\/23\/cuestionan-demora-de-corte-penal-en-investigacion-de-crimenes-en-venezuela\/\" \/>\n<meta property=\"og:locale\" content=\"es_ES\" \/>\n<meta property=\"og:type\" content=\"article\" \/>\n<meta property=\"og:title\" content=\"Cuestionan demora de Corte Penal en investigaci\u00f3n de cr\u00edmenes en Venezuela - El Diario - Bolivia\" \/>\n<meta property=\"og:description\" content=\"La situaci\u00f3n en Venezuela, examinada por la Corte Penal Internacional (CPI), sigue siendo de gran preocupaci\u00f3n para las v\u00edctimas de cr\u00edmenes internacionales cometidos en el pa\u00eds. Se enfrenta un panorama incierto, agravado por la solicitud de recusaci\u00f3n del Fiscal de la CPI, Karim Khan, bajo acusaciones de un posible conflicto de inter\u00e9s. Este proceso, sin [&hellip;]\" \/>\n<meta property=\"og:url\" content=\"https:\/\/www.eldiario.net\/portal\/2024\/11\/23\/cuestionan-demora-de-corte-penal-en-investigacion-de-crimenes-en-venezuela\/\" \/>\n<meta property=\"og:site_name\" content=\"El Diario - Bolivia\" \/>\n<meta property=\"article:publisher\" content=\"https:\/\/www.facebook.com\/eldiario.bolivia\/\" \/>\n<meta property=\"article:published_time\" content=\"2024-11-23T10:52:32+00:00\" \/>\n<meta property=\"article:modified_time\" content=\"2024-11-23T10:52:41+00:00\" \/>\n<meta property=\"og:image\" content=\"https:\/\/www.eldiario.net\/portal\/wp-content\/uploads\/2024\/11\/CPI-Reuters.jpg\" \/>\n\t<meta property=\"og:image:width\" content=\"992\" \/>\n\t<meta property=\"og:image:height\" content=\"661\" \/>\n\t<meta property=\"og:image:type\" content=\"image\/jpeg\" \/>\n<meta name=\"author\" content=\"Jeanette\" \/>\n<meta name=\"twitter:card\" content=\"summary_large_image\" \/>\n<meta name=\"twitter:creator\" content=\"@eldiario_net\" \/>\n<meta name=\"twitter:site\" content=\"@eldiario_net\" \/>\n<meta name=\"twitter:label1\" content=\"Escrito por\" \/>\n\t<meta name=\"twitter:data1\" content=\"Jeanette\" \/>\n\t<meta name=\"twitter:label2\" content=\"Tiempo de lectura\" \/>\n\t<meta name=\"twitter:data2\" content=\"4 minutos\" \/>\n<script type=\"application\/ld+json\" class=\"yoast-schema-graph\">{\"@context\":\"https:\\\/\\\/schema.org\",\"@graph\":[{\"@type\":\"Article\",\"@id\":\"https:\\\/\\\/www.eldiario.net\\\/portal\\\/2024\\\/11\\\/23\\\/cuestionan-demora-de-corte-penal-en-investigacion-de-crimenes-en-venezuela\\\/#article\",\"isPartOf\":{\"@id\":\"https:\\\/\\\/www.eldiario.net\\\/portal\\\/2024\\\/11\\\/23\\\/cuestionan-demora-de-corte-penal-en-investigacion-de-crimenes-en-venezuela\\\/\"},\"author\":{\"name\":\"Jeanette\",\"@id\":\"https:\\\/\\\/www.eldiario.net\\\/portal\\\/#\\\/schema\\\/person\\\/2c57cf2b7a7ae032e449e4c9b1019eac\"},\"headline\":\"Cuestionan demora de Corte Penal en investigaci\u00f3n de cr\u00edmenes en Venezuela\",\"datePublished\":\"2024-11-23T10:52:32+00:00\",\"dateModified\":\"2024-11-23T10:52:41+00:00\",\"mainEntityOfPage\":{\"@id\":\"https:\\\/\\\/www.eldiario.net\\\/portal\\\/2024\\\/11\\\/23\\\/cuestionan-demora-de-corte-penal-en-investigacion-de-crimenes-en-venezuela\\\/\"},\"wordCount\":856,\"publisher\":{\"@id\":\"https:\\\/\\\/www.eldiario.net\\\/portal\\\/#organization\"},\"image\":{\"@id\":\"https:\\\/\\\/www.eldiario.net\\\/portal\\\/2024\\\/11\\\/23\\\/cuestionan-demora-de-corte-penal-en-investigacion-de-crimenes-en-venezuela\\\/#primaryimage\"},\"thumbnailUrl\":\"https:\\\/\\\/www.eldiario.net\\\/portal\\\/wp-content\\\/uploads\\\/2024\\\/11\\\/CPI-Reuters.jpg\",\"articleSection\":[\"Internacional\"],\"inLanguage\":\"es\"},{\"@type\":\"WebPage\",\"@id\":\"https:\\\/\\\/www.eldiario.net\\\/portal\\\/2024\\\/11\\\/23\\\/cuestionan-demora-de-corte-penal-en-investigacion-de-crimenes-en-venezuela\\\/\",\"url\":\"https:\\\/\\\/www.eldiario.net\\\/portal\\\/2024\\\/11\\\/23\\\/cuestionan-demora-de-corte-penal-en-investigacion-de-crimenes-en-venezuela\\\/\",\"name\":\"Cuestionan demora de Corte Penal en investigaci\u00f3n de cr\u00edmenes en Venezuela - El Diario - Bolivia\",\"isPartOf\":{\"@id\":\"https:\\\/\\\/www.eldiario.net\\\/portal\\\/#website\"},\"primaryImageOfPage\":{\"@id\":\"https:\\\/\\\/www.eldiario.net\\\/portal\\\/2024\\\/11\\\/23\\\/cuestionan-demora-de-corte-penal-en-investigacion-de-crimenes-en-venezuela\\\/#primaryimage\"},\"image\":{\"@id\":\"https:\\\/\\\/www.eldiario.net\\\/portal\\\/2024\\\/11\\\/23\\\/cuestionan-demora-de-corte-penal-en-investigacion-de-crimenes-en-venezuela\\\/#primaryimage\"},\"thumbnailUrl\":\"https:\\\/\\\/www.eldiario.net\\\/portal\\\/wp-content\\\/uploads\\\/2024\\\/11\\\/CPI-Reuters.jpg\",\"datePublished\":\"2024-11-23T10:52:32+00:00\",\"dateModified\":\"2024-11-23T10:52:41+00:00\",\"breadcrumb\":{\"@id\":\"https:\\\/\\\/www.eldiario.net\\\/portal\\\/2024\\\/11\\\/23\\\/cuestionan-demora-de-corte-penal-en-investigacion-de-crimenes-en-venezuela\\\/#breadcrumb\"},\"inLanguage\":\"es\",\"potentialAction\":[{\"@type\":\"ReadAction\",\"target\":[\"https:\\\/\\\/www.eldiario.net\\\/portal\\\/2024\\\/11\\\/23\\\/cuestionan-demora-de-corte-penal-en-investigacion-de-crimenes-en-venezuela\\\/\"]}]},{\"@type\":\"ImageObject\",\"inLanguage\":\"es\",\"@id\":\"https:\\\/\\\/www.eldiario.net\\\/portal\\\/2024\\\/11\\\/23\\\/cuestionan-demora-de-corte-penal-en-investigacion-de-crimenes-en-venezuela\\\/#primaryimage\",\"url\":\"https:\\\/\\\/www.eldiario.net\\\/portal\\\/wp-content\\\/uploads\\\/2024\\\/11\\\/CPI-Reuters.jpg\",\"contentUrl\":\"https:\\\/\\\/www.eldiario.net\\\/portal\\\/wp-content\\\/uploads\\\/2024\\\/11\\\/CPI-Reuters.jpg\",\"width\":992,\"height\":661,\"caption\":\"El fiscal de la Corte Penal Internacional, Karim Khan.\"},{\"@type\":\"BreadcrumbList\",\"@id\":\"https:\\\/\\\/www.eldiario.net\\\/portal\\\/2024\\\/11\\\/23\\\/cuestionan-demora-de-corte-penal-en-investigacion-de-crimenes-en-venezuela\\\/#breadcrumb\",\"itemListElement\":[{\"@type\":\"ListItem\",\"position\":1,\"name\":\"Portada\",\"item\":\"https:\\\/\\\/www.eldiario.net\\\/portal\\\/\"},{\"@type\":\"ListItem\",\"position\":2,\"name\":\"Cuestionan demora de Corte Penal en investigaci\u00f3n de cr\u00edmenes en Venezuela\"}]},{\"@type\":\"WebSite\",\"@id\":\"https:\\\/\\\/www.eldiario.net\\\/portal\\\/#website\",\"url\":\"https:\\\/\\\/www.eldiario.net\\\/portal\\\/\",\"name\":\"El Diario - Decano de la prensa nacional\",\"description\":\"El Diario - Decano de la prensa nacional\",\"publisher\":{\"@id\":\"https:\\\/\\\/www.eldiario.net\\\/portal\\\/#organization\"},\"potentialAction\":[{\"@type\":\"SearchAction\",\"target\":{\"@type\":\"EntryPoint\",\"urlTemplate\":\"https:\\\/\\\/www.eldiario.net\\\/portal\\\/?s={search_term_string}\"},\"query-input\":{\"@type\":\"PropertyValueSpecification\",\"valueRequired\":true,\"valueName\":\"search_term_string\"}}],\"inLanguage\":\"es\"},{\"@type\":\"Organization\",\"@id\":\"https:\\\/\\\/www.eldiario.net\\\/portal\\\/#organization\",\"name\":\"El Diario - Decano de la prensa nacional\",\"url\":\"https:\\\/\\\/www.eldiario.net\\\/portal\\\/\",\"logo\":{\"@type\":\"ImageObject\",\"inLanguage\":\"es\",\"@id\":\"https:\\\/\\\/www.eldiario.net\\\/portal\\\/#\\\/schema\\\/logo\\\/image\\\/\",\"url\":\"https:\\\/\\\/www.eldiario.net\\\/portal\\\/wp-content\\\/uploads\\\/2023\\\/07\\\/logo_ED.jpg\",\"contentUrl\":\"https:\\\/\\\/www.eldiario.net\\\/portal\\\/wp-content\\\/uploads\\\/2023\\\/07\\\/logo_ED.jpg\",\"width\":272,\"height\":52,\"caption\":\"El Diario - Decano de la prensa nacional\"},\"image\":{\"@id\":\"https:\\\/\\\/www.eldiario.net\\\/portal\\\/#\\\/schema\\\/logo\\\/image\\\/\"},\"sameAs\":[\"https:\\\/\\\/www.facebook.com\\\/eldiario.bolivia\\\/\",\"https:\\\/\\\/x.com\\\/eldiario_net\"]},{\"@type\":\"Person\",\"@id\":\"https:\\\/\\\/www.eldiario.net\\\/portal\\\/#\\\/schema\\\/person\\\/2c57cf2b7a7ae032e449e4c9b1019eac\",\"name\":\"Jeanette\",\"image\":{\"@type\":\"ImageObject\",\"inLanguage\":\"es\",\"@id\":\"https:\\\/\\\/secure.gravatar.com\\\/avatar\\\/3ea2118a5f7dad2b7138b1187a6b7ee55f160b9968b66013c3a3ef39dd7e5798?s=96&d=mm&r=g\",\"url\":\"https:\\\/\\\/secure.gravatar.com\\\/avatar\\\/3ea2118a5f7dad2b7138b1187a6b7ee55f160b9968b66013c3a3ef39dd7e5798?s=96&d=mm&r=g\",\"contentUrl\":\"https:\\\/\\\/secure.gravatar.com\\\/avatar\\\/3ea2118a5f7dad2b7138b1187a6b7ee55f160b9968b66013c3a3ef39dd7e5798?s=96&d=mm&r=g\",\"caption\":\"Jeanette\"},\"sameAs\":[\"https:\\\/\\\/www.eldiario.net\\\/portal\"],\"url\":\"https:\\\/\\\/www.eldiario.net\\\/portal\\\/author\\\/jeanette\\\/\"}]}<\/script>\n<!-- \/ Yoast SEO plugin. -->","yoast_head_json":{"title":"Cuestionan demora de Corte Penal en investigaci\u00f3n de cr\u00edmenes en Venezuela - El Diario - Bolivia","robots":{"index":"index","follow":"follow","max-snippet":"max-snippet:-1","max-image-preview":"max-image-preview:large","max-video-preview":"max-video-preview:-1"},"canonical":"https:\/\/www.eldiario.net\/portal\/2024\/11\/23\/cuestionan-demora-de-corte-penal-en-investigacion-de-crimenes-en-venezuela\/","og_locale":"es_ES","og_type":"article","og_title":"Cuestionan demora de Corte Penal en investigaci\u00f3n de cr\u00edmenes en Venezuela - El Diario - Bolivia","og_description":"La situaci\u00f3n en Venezuela, examinada por la Corte Penal Internacional (CPI), sigue siendo de gran preocupaci\u00f3n para las v\u00edctimas de cr\u00edmenes internacionales cometidos en el pa\u00eds. Se enfrenta un panorama incierto, agravado por la solicitud de recusaci\u00f3n del Fiscal de la CPI, Karim Khan, bajo acusaciones de un posible conflicto de inter\u00e9s. Este proceso, sin [&hellip;]","og_url":"https:\/\/www.eldiario.net\/portal\/2024\/11\/23\/cuestionan-demora-de-corte-penal-en-investigacion-de-crimenes-en-venezuela\/","og_site_name":"El Diario - Bolivia","article_publisher":"https:\/\/www.facebook.com\/eldiario.bolivia\/","article_published_time":"2024-11-23T10:52:32+00:00","article_modified_time":"2024-11-23T10:52:41+00:00","og_image":[{"width":992,"height":661,"url":"https:\/\/www.eldiario.net\/portal\/wp-content\/uploads\/2024\/11\/CPI-Reuters.jpg","type":"image\/jpeg"}],"author":"Jeanette","twitter_card":"summary_large_image","twitter_creator":"@eldiario_net","twitter_site":"@eldiario_net","twitter_misc":{"Escrito por":"Jeanette","Tiempo de lectura":"4 minutos"},"schema":{"@context":"https:\/\/schema.org","@graph":[{"@type":"Article","@id":"https:\/\/www.eldiario.net\/portal\/2024\/11\/23\/cuestionan-demora-de-corte-penal-en-investigacion-de-crimenes-en-venezuela\/#article","isPartOf":{"@id":"https:\/\/www.eldiario.net\/portal\/2024\/11\/23\/cuestionan-demora-de-corte-penal-en-investigacion-de-crimenes-en-venezuela\/"},"author":{"name":"Jeanette","@id":"https:\/\/www.eldiario.net\/portal\/#\/schema\/person\/2c57cf2b7a7ae032e449e4c9b1019eac"},"headline":"Cuestionan demora de Corte Penal en investigaci\u00f3n de cr\u00edmenes en Venezuela","datePublished":"2024-11-23T10:52:32+00:00","dateModified":"2024-11-23T10:52:41+00:00","mainEntityOfPage":{"@id":"https:\/\/www.eldiario.net\/portal\/2024\/11\/23\/cuestionan-demora-de-corte-penal-en-investigacion-de-crimenes-en-venezuela\/"},"wordCount":856,"publisher":{"@id":"https:\/\/www.eldiario.net\/portal\/#organization"},"image":{"@id":"https:\/\/www.eldiario.net\/portal\/2024\/11\/23\/cuestionan-demora-de-corte-penal-en-investigacion-de-crimenes-en-venezuela\/#primaryimage"},"thumbnailUrl":"https:\/\/www.eldiario.net\/portal\/wp-content\/uploads\/2024\/11\/CPI-Reuters.jpg","articleSection":["Internacional"],"inLanguage":"es"},{"@type":"WebPage","@id":"https:\/\/www.eldiario.net\/portal\/2024\/11\/23\/cuestionan-demora-de-corte-penal-en-investigacion-de-crimenes-en-venezuela\/","url":"https:\/\/www.eldiario.net\/portal\/2024\/11\/23\/cuestionan-demora-de-corte-penal-en-investigacion-de-crimenes-en-venezuela\/","name":"Cuestionan demora de Corte Penal en investigaci\u00f3n de cr\u00edmenes en Venezuela - El Diario - Bolivia","isPartOf":{"@id":"https:\/\/www.eldiario.net\/portal\/#website"},"primaryImageOfPage":{"@id":"https:\/\/www.eldiario.net\/portal\/2024\/11\/23\/cuestionan-demora-de-corte-penal-en-investigacion-de-crimenes-en-venezuela\/#primaryimage"},"image":{"@id":"https:\/\/www.eldiario.net\/portal\/2024\/11\/23\/cuestionan-demora-de-corte-penal-en-investigacion-de-crimenes-en-venezuela\/#primaryimage"},"thumbnailUrl":"https:\/\/www.eldiario.net\/portal\/wp-content\/uploads\/2024\/11\/CPI-Reuters.jpg","datePublished":"2024-11-23T10:52:32+00:00","dateModified":"2024-11-23T10:52:41+00:00","breadcrumb":{"@id":"https:\/\/www.eldiario.net\/portal\/2024\/11\/23\/cuestionan-demora-de-corte-penal-en-investigacion-de-crimenes-en-venezuela\/#breadcrumb"},"inLanguage":"es","potentialAction":[{"@type":"ReadAction","target":["https:\/\/www.eldiario.net\/portal\/2024\/11\/23\/cuestionan-demora-de-corte-penal-en-investigacion-de-crimenes-en-venezuela\/"]}]},{"@type":"ImageObject","inLanguage":"es","@id":"https:\/\/www.eldiario.net\/portal\/2024\/11\/23\/cuestionan-demora-de-corte-penal-en-investigacion-de-crimenes-en-venezuela\/#primaryimage","url":"https:\/\/www.eldiario.net\/portal\/wp-content\/uploads\/2024\/11\/CPI-Reuters.jpg","contentUrl":"https:\/\/www.eldiario.net\/portal\/wp-content\/uploads\/2024\/11\/CPI-Reuters.jpg","width":992,"height":661,"caption":"El fiscal de la Corte Penal Internacional, Karim Khan."},{"@type":"BreadcrumbList","@id":"https:\/\/www.eldiario.net\/portal\/2024\/11\/23\/cuestionan-demora-de-corte-penal-en-investigacion-de-crimenes-en-venezuela\/#breadcrumb","itemListElement":[{"@type":"ListItem","position":1,"name":"Portada","item":"https:\/\/www.eldiario.net\/portal\/"},{"@type":"ListItem","position":2,"name":"Cuestionan demora de Corte Penal en investigaci\u00f3n de cr\u00edmenes en Venezuela"}]},{"@type":"WebSite","@id":"https:\/\/www.eldiario.net\/portal\/#website","url":"https:\/\/www.eldiario.net\/portal\/","name":"El Diario - Decano de la prensa nacional","description":"El Diario - Decano de la prensa nacional","publisher":{"@id":"https:\/\/www.eldiario.net\/portal\/#organization"},"potentialAction":[{"@type":"SearchAction","target":{"@type":"EntryPoint","urlTemplate":"https:\/\/www.eldiario.net\/portal\/?s={search_term_string}"},"query-input":{"@type":"PropertyValueSpecification","valueRequired":true,"valueName":"search_term_string"}}],"inLanguage":"es"},{"@type":"Organization","@id":"https:\/\/www.eldiario.net\/portal\/#organization","name":"El Diario - Decano de la prensa nacional","url":"https:\/\/www.eldiario.net\/portal\/","logo":{"@type":"ImageObject","inLanguage":"es","@id":"https:\/\/www.eldiario.net\/portal\/#\/schema\/logo\/image\/","url":"https:\/\/www.eldiario.net\/portal\/wp-content\/uploads\/2023\/07\/logo_ED.jpg","contentUrl":"https:\/\/www.eldiario.net\/portal\/wp-content\/uploads\/2023\/07\/logo_ED.jpg","width":272,"height":52,"caption":"El Diario - Decano de la prensa nacional"},"image":{"@id":"https:\/\/www.eldiario.net\/portal\/#\/schema\/logo\/image\/"},"sameAs":["https:\/\/www.facebook.com\/eldiario.bolivia\/","https:\/\/x.com\/eldiario_net"]},{"@type":"Person","@id":"https:\/\/www.eldiario.net\/portal\/#\/schema\/person\/2c57cf2b7a7ae032e449e4c9b1019eac","name":"Jeanette","image":{"@type":"ImageObject","inLanguage":"es","@id":"https:\/\/secure.gravatar.com\/avatar\/3ea2118a5f7dad2b7138b1187a6b7ee55f160b9968b66013c3a3ef39dd7e5798?s=96&d=mm&r=g","url":"https:\/\/secure.gravatar.com\/avatar\/3ea2118a5f7dad2b7138b1187a6b7ee55f160b9968b66013c3a3ef39dd7e5798?s=96&d=mm&r=g","contentUrl":"https:\/\/secure.gravatar.com\/avatar\/3ea2118a5f7dad2b7138b1187a6b7ee55f160b9968b66013c3a3ef39dd7e5798?s=96&d=mm&r=g","caption":"Jeanette"},"sameAs":["https:\/\/www.eldiario.net\/portal"],"url":"https:\/\/www.eldiario.net\/portal\/author\/jeanette\/"}]}},"_links":{"self":[{"href":"https:\/\/www.eldiario.net\/portal\/wp-json\/wp\/v2\/posts\/262989","targetHints":{"allow":["GET"]}}],"collection":[{"href":"https:\/\/www.eldiario.net\/portal\/wp-json\/wp\/v2\/posts"}],"about":[{"href":"https:\/\/www.eldiario.net\/portal\/wp-json\/wp\/v2\/types\/post"}],"author":[{"embeddable":true,"href":"https:\/\/www.eldiario.net\/portal\/wp-json\/wp\/v2\/users\/1"}],"replies":[{"embeddable":true,"href":"https:\/\/www.eldiario.net\/portal\/wp-json\/wp\/v2\/comments?post=262989"}],"version-history":[{"count":1,"href":"https:\/\/www.eldiario.net\/portal\/wp-json\/wp\/v2\/posts\/262989\/revisions"}],"predecessor-version":[{"id":262991,"href":"https:\/\/www.eldiario.net\/portal\/wp-json\/wp\/v2\/posts\/262989\/revisions\/262991"}],"wp:featuredmedia":[{"embeddable":true,"href":"https:\/\/www.eldiario.net\/portal\/wp-json\/wp\/v2\/media\/262990"}],"wp:attachment":[{"href":"https:\/\/www.eldiario.net\/portal\/wp-json\/wp\/v2\/media?parent=262989"}],"wp:term":[{"taxonomy":"category","embeddable":true,"href":"https:\/\/www.eldiario.net\/portal\/wp-json\/wp\/v2\/categories?post=262989"},{"taxonomy":"post_tag","embeddable":true,"href":"https:\/\/www.eldiario.net\/portal\/wp-json\/wp\/v2\/tags?post=262989"}],"curies":[{"name":"wp","href":"https:\/\/api.w.org\/{rel}","templated":true}]}}