{"id":262986,"date":"2024-11-23T06:51:42","date_gmt":"2024-11-23T10:51:42","guid":{"rendered":"https:\/\/www.eldiario.net\/portal\/?p=262986"},"modified":"2024-11-23T06:51:42","modified_gmt":"2024-11-23T10:51:42","slug":"juez-retrasa-sentencia-contra-trump-por-caso-stormy-daniels","status":"publish","type":"post","link":"https:\/\/www.eldiario.net\/portal\/2024\/11\/23\/juez-retrasa-sentencia-contra-trump-por-caso-stormy-daniels\/","title":{"rendered":"Juez retrasa sentencia contra  Trump por caso Stormy Daniels"},"content":{"rendered":"<p>El juez responsable del proceso contra el presidente electo de Estados Unidos, Donald Trump, por realizar pagos en dinero negro a la actriz porno Stormy Daniels, suspendi\u00f3 indefinidamente la sentencia prevista para el 26 de noviembre.<br \/>\nEl magistrado Juan Merch\u00e1n autoriz\u00f3 a los abogados de Trump a presentar un recurso antes del 2 de diciembre para que se anule el proceso y, en consecuencia, suspendi\u00f3 la sentencia. El juez no fij\u00f3 una nueva fecha ni se\u00f1al\u00f3 cu\u00e1nto tiempo permanecer\u00e1 en suspenso el proceso.<br \/>\nEl pol\u00edtico republicano fue condenado el pasado 30 de mayo en esta causa por \u201cfalsedad contable agravada para ocultar una conspiraci\u00f3n para pervertir las elecciones de 2016\u201d. Trump estaba acusado de 34 delitos graves de falsificaci\u00f3n de registros comerciales y el pago de 130.000 d\u00f3lares a la estrella porno Stormy Daniels, para comprar su silencio sobre un presunto encuentro sexual con el magnate, se situaba en el centro del caso.<br \/>\nEn noviembre, Merch\u00e1n retras\u00f3 la sentencia hasta despu\u00e9s de las elecciones despu\u00e9s de que el entonces candidato republicano pidiera al magistrado que se postergara. Inicialmente, el veredicto final estaba previsto para el 18 de septiembre, menos de dos meses antes de las elecciones.<br \/>\nIMPEDIMENTOS<br \/>\nLos abogados de Trump argumentaron que el caso debe ser desestimado porqu\u00e9 seguir adelante mientras el republicano es presidente causar\u00eda \u201cimpedimentos inconstitucionales\u201d a su capacidad de gobernar.<br \/>\nLa oficina del fiscal de distrito de Manhattan, Alvin Bragg, se\u00f1al\u00f3 que argumentar\u00eda en contra de la desestimaci\u00f3n, pero coincide en que el ganador de las elecciones estadounidenses merece tiempo para presentar su caso a trav\u00e9s de mociones escritas.<br \/>\nEl caso fue abierto a ra\u00edz del pago de 130.000 d\u00f3lares que el exabogado de Trump, Michael Cohen, realiz\u00f3 a Daniels para que no se pronunciara sobre un encuentro sexual que, seg\u00fan ella, mantuvo en 2016 con Trump, quien lo niega.<br \/>\nUn jurado de Manhattan declar\u00f3 a Trump culpable de falsificar registros comerciales para encubrir su reembolso a Cohen en una decisi\u00f3n que supuso que por primera vez un expresidente de Estados Unidos era condenado o acusado de un delito penal.<br \/>\nTrump se declar\u00f3 inocente en el caso, que trat\u00f3 de presentar como un intento pol\u00edticamente motivado de Bragg, dem\u00f3crata, de interferir en su campa\u00f1a. (Rtve)<\/p>\n","protected":false},"excerpt":{"rendered":"<p>El juez responsable del proceso contra el presidente electo de Estados Unidos, Donald Trump, por realizar pagos en dinero negro a la actriz porno Stormy Daniels, suspendi\u00f3 indefinidamente la sentencia prevista para el 26 de noviembre. El magistrado Juan Merch\u00e1n autoriz\u00f3 a los abogados de Trump a presentar un recurso antes del 2 de diciembre [&hellip;]<\/p>\n","protected":false},"author":1,"featured_media":262987,"comment_status":"closed","ping_status":"open","sticky":false,"template":"","format":"standard","meta":{"_acf_changed":false,"footnotes":""},"categories":[3],"tags":[],"class_list":["post-262986","post","type-post","status-publish","format-standard","has-post-thumbnail","category-internacional"],"acf":{"antetitulo":"Estados Unidos"},"yoast_head":"<!-- This site is optimized with the Yoast SEO plugin v28.4 - https:\/\/yoast.com\/product\/yoast-seo-wordpress\/ -->\n<title>Juez retrasa sentencia contra Trump por caso Stormy Daniels - El Diario - Bolivia<\/title>\n<meta name=\"robots\" content=\"index, follow, max-snippet:-1, max-image-preview:large, max-video-preview:-1\" \/>\n<link rel=\"canonical\" href=\"https:\/\/www.eldiario.net\/portal\/2024\/11\/23\/juez-retrasa-sentencia-contra-trump-por-caso-stormy-daniels\/\" \/>\n<meta property=\"og:locale\" content=\"es_ES\" \/>\n<meta property=\"og:type\" content=\"article\" \/>\n<meta property=\"og:title\" content=\"Juez retrasa sentencia contra Trump por caso Stormy Daniels - El Diario - Bolivia\" \/>\n<meta property=\"og:description\" content=\"El juez responsable del proceso contra el presidente electo de Estados Unidos, Donald Trump, por realizar pagos en dinero negro a la actriz porno Stormy Daniels, suspendi\u00f3 indefinidamente la sentencia prevista para el 26 de noviembre. El magistrado Juan Merch\u00e1n autoriz\u00f3 a los abogados de Trump a presentar un recurso antes del 2 de diciembre [&hellip;]\" \/>\n<meta property=\"og:url\" content=\"https:\/\/www.eldiario.net\/portal\/2024\/11\/23\/juez-retrasa-sentencia-contra-trump-por-caso-stormy-daniels\/\" \/>\n<meta property=\"og:site_name\" content=\"El Diario - Bolivia\" \/>\n<meta property=\"article:publisher\" content=\"https:\/\/www.facebook.com\/eldiario.bolivia\/\" \/>\n<meta property=\"article:published_time\" content=\"2024-11-23T10:51:42+00:00\" \/>\n<meta property=\"og:image\" content=\"https:\/\/www.eldiario.net\/portal\/wp-content\/uploads\/2024\/11\/TRUMP-RTVE.jpg\" \/>\n\t<meta property=\"og:image:width\" content=\"1600\" \/>\n\t<meta property=\"og:image:height\" content=\"900\" \/>\n\t<meta property=\"og:image:type\" content=\"image\/jpeg\" \/>\n<meta name=\"author\" content=\"Jeanette\" \/>\n<meta name=\"twitter:card\" content=\"summary_large_image\" \/>\n<meta name=\"twitter:creator\" content=\"@eldiario_net\" \/>\n<meta name=\"twitter:site\" content=\"@eldiario_net\" \/>\n<meta name=\"twitter:label1\" content=\"Escrito por\" \/>\n\t<meta name=\"twitter:data1\" content=\"Jeanette\" \/>\n\t<meta name=\"twitter:label2\" content=\"Tiempo de lectura\" \/>\n\t<meta name=\"twitter:data2\" content=\"2 minutos\" \/>\n<script type=\"application\/ld+json\" class=\"yoast-schema-graph\">{\"@context\":\"https:\\\/\\\/schema.org\",\"@graph\":[{\"@type\":\"Article\",\"@id\":\"https:\\\/\\\/www.eldiario.net\\\/portal\\\/2024\\\/11\\\/23\\\/juez-retrasa-sentencia-contra-trump-por-caso-stormy-daniels\\\/#article\",\"isPartOf\":{\"@id\":\"https:\\\/\\\/www.eldiario.net\\\/portal\\\/2024\\\/11\\\/23\\\/juez-retrasa-sentencia-contra-trump-por-caso-stormy-daniels\\\/\"},\"author\":{\"name\":\"Jeanette\",\"@id\":\"https:\\\/\\\/www.eldiario.net\\\/portal\\\/#\\\/schema\\\/person\\\/2c57cf2b7a7ae032e449e4c9b1019eac\"},\"headline\":\"Juez retrasa sentencia contra Trump por caso Stormy Daniels\",\"datePublished\":\"2024-11-23T10:51:42+00:00\",\"mainEntityOfPage\":{\"@id\":\"https:\\\/\\\/www.eldiario.net\\\/portal\\\/2024\\\/11\\\/23\\\/juez-retrasa-sentencia-contra-trump-por-caso-stormy-daniels\\\/\"},\"wordCount\":391,\"publisher\":{\"@id\":\"https:\\\/\\\/www.eldiario.net\\\/portal\\\/#organization\"},\"image\":{\"@id\":\"https:\\\/\\\/www.eldiario.net\\\/portal\\\/2024\\\/11\\\/23\\\/juez-retrasa-sentencia-contra-trump-por-caso-stormy-daniels\\\/#primaryimage\"},\"thumbnailUrl\":\"https:\\\/\\\/www.eldiario.net\\\/portal\\\/wp-content\\\/uploads\\\/2024\\\/11\\\/TRUMP-RTVE.jpg\",\"articleSection\":[\"Internacional\"],\"inLanguage\":\"es\"},{\"@type\":\"WebPage\",\"@id\":\"https:\\\/\\\/www.eldiario.net\\\/portal\\\/2024\\\/11\\\/23\\\/juez-retrasa-sentencia-contra-trump-por-caso-stormy-daniels\\\/\",\"url\":\"https:\\\/\\\/www.eldiario.net\\\/portal\\\/2024\\\/11\\\/23\\\/juez-retrasa-sentencia-contra-trump-por-caso-stormy-daniels\\\/\",\"name\":\"Juez retrasa sentencia contra Trump por caso Stormy Daniels - El Diario - Bolivia\",\"isPartOf\":{\"@id\":\"https:\\\/\\\/www.eldiario.net\\\/portal\\\/#website\"},\"primaryImageOfPage\":{\"@id\":\"https:\\\/\\\/www.eldiario.net\\\/portal\\\/2024\\\/11\\\/23\\\/juez-retrasa-sentencia-contra-trump-por-caso-stormy-daniels\\\/#primaryimage\"},\"image\":{\"@id\":\"https:\\\/\\\/www.eldiario.net\\\/portal\\\/2024\\\/11\\\/23\\\/juez-retrasa-sentencia-contra-trump-por-caso-stormy-daniels\\\/#primaryimage\"},\"thumbnailUrl\":\"https:\\\/\\\/www.eldiario.net\\\/portal\\\/wp-content\\\/uploads\\\/2024\\\/11\\\/TRUMP-RTVE.jpg\",\"datePublished\":\"2024-11-23T10:51:42+00:00\",\"breadcrumb\":{\"@id\":\"https:\\\/\\\/www.eldiario.net\\\/portal\\\/2024\\\/11\\\/23\\\/juez-retrasa-sentencia-contra-trump-por-caso-stormy-daniels\\\/#breadcrumb\"},\"inLanguage\":\"es\",\"potentialAction\":[{\"@type\":\"ReadAction\",\"target\":[\"https:\\\/\\\/www.eldiario.net\\\/portal\\\/2024\\\/11\\\/23\\\/juez-retrasa-sentencia-contra-trump-por-caso-stormy-daniels\\\/\"]}]},{\"@type\":\"ImageObject\",\"inLanguage\":\"es\",\"@id\":\"https:\\\/\\\/www.eldiario.net\\\/portal\\\/2024\\\/11\\\/23\\\/juez-retrasa-sentencia-contra-trump-por-caso-stormy-daniels\\\/#primaryimage\",\"url\":\"https:\\\/\\\/www.eldiario.net\\\/portal\\\/wp-content\\\/uploads\\\/2024\\\/11\\\/TRUMP-RTVE.jpg\",\"contentUrl\":\"https:\\\/\\\/www.eldiario.net\\\/portal\\\/wp-content\\\/uploads\\\/2024\\\/11\\\/TRUMP-RTVE.jpg\",\"width\":1600,\"height\":900,\"caption\":\"El presidente electo de EEUU, Donald Trump.\"},{\"@type\":\"BreadcrumbList\",\"@id\":\"https:\\\/\\\/www.eldiario.net\\\/portal\\\/2024\\\/11\\\/23\\\/juez-retrasa-sentencia-contra-trump-por-caso-stormy-daniels\\\/#breadcrumb\",\"itemListElement\":[{\"@type\":\"ListItem\",\"position\":1,\"name\":\"Portada\",\"item\":\"https:\\\/\\\/www.eldiario.net\\\/portal\\\/\"},{\"@type\":\"ListItem\",\"position\":2,\"name\":\"Juez retrasa sentencia contra Trump por caso Stormy Daniels\"}]},{\"@type\":\"WebSite\",\"@id\":\"https:\\\/\\\/www.eldiario.net\\\/portal\\\/#website\",\"url\":\"https:\\\/\\\/www.eldiario.net\\\/portal\\\/\",\"name\":\"El Diario - Decano de la prensa nacional\",\"description\":\"El Diario - Decano de la prensa nacional\",\"publisher\":{\"@id\":\"https:\\\/\\\/www.eldiario.net\\\/portal\\\/#organization\"},\"potentialAction\":[{\"@type\":\"SearchAction\",\"target\":{\"@type\":\"EntryPoint\",\"urlTemplate\":\"https:\\\/\\\/www.eldiario.net\\\/portal\\\/?s={search_term_string}\"},\"query-input\":{\"@type\":\"PropertyValueSpecification\",\"valueRequired\":true,\"valueName\":\"search_term_string\"}}],\"inLanguage\":\"es\"},{\"@type\":\"Organization\",\"@id\":\"https:\\\/\\\/www.eldiario.net\\\/portal\\\/#organization\",\"name\":\"El Diario - Decano de la prensa nacional\",\"url\":\"https:\\\/\\\/www.eldiario.net\\\/portal\\\/\",\"logo\":{\"@type\":\"ImageObject\",\"inLanguage\":\"es\",\"@id\":\"https:\\\/\\\/www.eldiario.net\\\/portal\\\/#\\\/schema\\\/logo\\\/image\\\/\",\"url\":\"https:\\\/\\\/www.eldiario.net\\\/portal\\\/wp-content\\\/uploads\\\/2023\\\/07\\\/logo_ED.jpg\",\"contentUrl\":\"https:\\\/\\\/www.eldiario.net\\\/portal\\\/wp-content\\\/uploads\\\/2023\\\/07\\\/logo_ED.jpg\",\"width\":272,\"height\":52,\"caption\":\"El Diario - Decano de la prensa nacional\"},\"image\":{\"@id\":\"https:\\\/\\\/www.eldiario.net\\\/portal\\\/#\\\/schema\\\/logo\\\/image\\\/\"},\"sameAs\":[\"https:\\\/\\\/www.facebook.com\\\/eldiario.bolivia\\\/\",\"https:\\\/\\\/x.com\\\/eldiario_net\"]},{\"@type\":\"Person\",\"@id\":\"https:\\\/\\\/www.eldiario.net\\\/portal\\\/#\\\/schema\\\/person\\\/2c57cf2b7a7ae032e449e4c9b1019eac\",\"name\":\"Jeanette\",\"image\":{\"@type\":\"ImageObject\",\"inLanguage\":\"es\",\"@id\":\"https:\\\/\\\/secure.gravatar.com\\\/avatar\\\/3ea2118a5f7dad2b7138b1187a6b7ee55f160b9968b66013c3a3ef39dd7e5798?s=96&d=mm&r=g\",\"url\":\"https:\\\/\\\/secure.gravatar.com\\\/avatar\\\/3ea2118a5f7dad2b7138b1187a6b7ee55f160b9968b66013c3a3ef39dd7e5798?s=96&d=mm&r=g\",\"contentUrl\":\"https:\\\/\\\/secure.gravatar.com\\\/avatar\\\/3ea2118a5f7dad2b7138b1187a6b7ee55f160b9968b66013c3a3ef39dd7e5798?s=96&d=mm&r=g\",\"caption\":\"Jeanette\"},\"sameAs\":[\"https:\\\/\\\/www.eldiario.net\\\/portal\"],\"url\":\"https:\\\/\\\/www.eldiario.net\\\/portal\\\/author\\\/jeanette\\\/\"}]}<\/script>\n<!-- \/ Yoast SEO plugin. -->","yoast_head_json":{"title":"Juez retrasa sentencia contra Trump por caso Stormy Daniels - El Diario - Bolivia","robots":{"index":"index","follow":"follow","max-snippet":"max-snippet:-1","max-image-preview":"max-image-preview:large","max-video-preview":"max-video-preview:-1"},"canonical":"https:\/\/www.eldiario.net\/portal\/2024\/11\/23\/juez-retrasa-sentencia-contra-trump-por-caso-stormy-daniels\/","og_locale":"es_ES","og_type":"article","og_title":"Juez retrasa sentencia contra Trump por caso Stormy Daniels - El Diario - Bolivia","og_description":"El juez responsable del proceso contra el presidente electo de Estados Unidos, Donald Trump, por realizar pagos en dinero negro a la actriz porno Stormy Daniels, suspendi\u00f3 indefinidamente la sentencia prevista para el 26 de noviembre. El magistrado Juan Merch\u00e1n autoriz\u00f3 a los abogados de Trump a presentar un recurso antes del 2 de diciembre [&hellip;]","og_url":"https:\/\/www.eldiario.net\/portal\/2024\/11\/23\/juez-retrasa-sentencia-contra-trump-por-caso-stormy-daniels\/","og_site_name":"El Diario - Bolivia","article_publisher":"https:\/\/www.facebook.com\/eldiario.bolivia\/","article_published_time":"2024-11-23T10:51:42+00:00","og_image":[{"width":1600,"height":900,"url":"https:\/\/www.eldiario.net\/portal\/wp-content\/uploads\/2024\/11\/TRUMP-RTVE.jpg","type":"image\/jpeg"}],"author":"Jeanette","twitter_card":"summary_large_image","twitter_creator":"@eldiario_net","twitter_site":"@eldiario_net","twitter_misc":{"Escrito por":"Jeanette","Tiempo de lectura":"2 minutos"},"schema":{"@context":"https:\/\/schema.org","@graph":[{"@type":"Article","@id":"https:\/\/www.eldiario.net\/portal\/2024\/11\/23\/juez-retrasa-sentencia-contra-trump-por-caso-stormy-daniels\/#article","isPartOf":{"@id":"https:\/\/www.eldiario.net\/portal\/2024\/11\/23\/juez-retrasa-sentencia-contra-trump-por-caso-stormy-daniels\/"},"author":{"name":"Jeanette","@id":"https:\/\/www.eldiario.net\/portal\/#\/schema\/person\/2c57cf2b7a7ae032e449e4c9b1019eac"},"headline":"Juez retrasa sentencia contra Trump por caso Stormy Daniels","datePublished":"2024-11-23T10:51:42+00:00","mainEntityOfPage":{"@id":"https:\/\/www.eldiario.net\/portal\/2024\/11\/23\/juez-retrasa-sentencia-contra-trump-por-caso-stormy-daniels\/"},"wordCount":391,"publisher":{"@id":"https:\/\/www.eldiario.net\/portal\/#organization"},"image":{"@id":"https:\/\/www.eldiario.net\/portal\/2024\/11\/23\/juez-retrasa-sentencia-contra-trump-por-caso-stormy-daniels\/#primaryimage"},"thumbnailUrl":"https:\/\/www.eldiario.net\/portal\/wp-content\/uploads\/2024\/11\/TRUMP-RTVE.jpg","articleSection":["Internacional"],"inLanguage":"es"},{"@type":"WebPage","@id":"https:\/\/www.eldiario.net\/portal\/2024\/11\/23\/juez-retrasa-sentencia-contra-trump-por-caso-stormy-daniels\/","url":"https:\/\/www.eldiario.net\/portal\/2024\/11\/23\/juez-retrasa-sentencia-contra-trump-por-caso-stormy-daniels\/","name":"Juez retrasa sentencia contra Trump por caso Stormy Daniels - El Diario - Bolivia","isPartOf":{"@id":"https:\/\/www.eldiario.net\/portal\/#website"},"primaryImageOfPage":{"@id":"https:\/\/www.eldiario.net\/portal\/2024\/11\/23\/juez-retrasa-sentencia-contra-trump-por-caso-stormy-daniels\/#primaryimage"},"image":{"@id":"https:\/\/www.eldiario.net\/portal\/2024\/11\/23\/juez-retrasa-sentencia-contra-trump-por-caso-stormy-daniels\/#primaryimage"},"thumbnailUrl":"https:\/\/www.eldiario.net\/portal\/wp-content\/uploads\/2024\/11\/TRUMP-RTVE.jpg","datePublished":"2024-11-23T10:51:42+00:00","breadcrumb":{"@id":"https:\/\/www.eldiario.net\/portal\/2024\/11\/23\/juez-retrasa-sentencia-contra-trump-por-caso-stormy-daniels\/#breadcrumb"},"inLanguage":"es","potentialAction":[{"@type":"ReadAction","target":["https:\/\/www.eldiario.net\/portal\/2024\/11\/23\/juez-retrasa-sentencia-contra-trump-por-caso-stormy-daniels\/"]}]},{"@type":"ImageObject","inLanguage":"es","@id":"https:\/\/www.eldiario.net\/portal\/2024\/11\/23\/juez-retrasa-sentencia-contra-trump-por-caso-stormy-daniels\/#primaryimage","url":"https:\/\/www.eldiario.net\/portal\/wp-content\/uploads\/2024\/11\/TRUMP-RTVE.jpg","contentUrl":"https:\/\/www.eldiario.net\/portal\/wp-content\/uploads\/2024\/11\/TRUMP-RTVE.jpg","width":1600,"height":900,"caption":"El presidente electo de EEUU, Donald Trump."},{"@type":"BreadcrumbList","@id":"https:\/\/www.eldiario.net\/portal\/2024\/11\/23\/juez-retrasa-sentencia-contra-trump-por-caso-stormy-daniels\/#breadcrumb","itemListElement":[{"@type":"ListItem","position":1,"name":"Portada","item":"https:\/\/www.eldiario.net\/portal\/"},{"@type":"ListItem","position":2,"name":"Juez retrasa sentencia contra Trump por caso Stormy Daniels"}]},{"@type":"WebSite","@id":"https:\/\/www.eldiario.net\/portal\/#website","url":"https:\/\/www.eldiario.net\/portal\/","name":"El Diario - Decano de la prensa nacional","description":"El Diario - Decano de la prensa nacional","publisher":{"@id":"https:\/\/www.eldiario.net\/portal\/#organization"},"potentialAction":[{"@type":"SearchAction","target":{"@type":"EntryPoint","urlTemplate":"https:\/\/www.eldiario.net\/portal\/?s={search_term_string}"},"query-input":{"@type":"PropertyValueSpecification","valueRequired":true,"valueName":"search_term_string"}}],"inLanguage":"es"},{"@type":"Organization","@id":"https:\/\/www.eldiario.net\/portal\/#organization","name":"El Diario - Decano de la prensa nacional","url":"https:\/\/www.eldiario.net\/portal\/","logo":{"@type":"ImageObject","inLanguage":"es","@id":"https:\/\/www.eldiario.net\/portal\/#\/schema\/logo\/image\/","url":"https:\/\/www.eldiario.net\/portal\/wp-content\/uploads\/2023\/07\/logo_ED.jpg","contentUrl":"https:\/\/www.eldiario.net\/portal\/wp-content\/uploads\/2023\/07\/logo_ED.jpg","width":272,"height":52,"caption":"El Diario - Decano de la prensa nacional"},"image":{"@id":"https:\/\/www.eldiario.net\/portal\/#\/schema\/logo\/image\/"},"sameAs":["https:\/\/www.facebook.com\/eldiario.bolivia\/","https:\/\/x.com\/eldiario_net"]},{"@type":"Person","@id":"https:\/\/www.eldiario.net\/portal\/#\/schema\/person\/2c57cf2b7a7ae032e449e4c9b1019eac","name":"Jeanette","image":{"@type":"ImageObject","inLanguage":"es","@id":"https:\/\/secure.gravatar.com\/avatar\/3ea2118a5f7dad2b7138b1187a6b7ee55f160b9968b66013c3a3ef39dd7e5798?s=96&d=mm&r=g","url":"https:\/\/secure.gravatar.com\/avatar\/3ea2118a5f7dad2b7138b1187a6b7ee55f160b9968b66013c3a3ef39dd7e5798?s=96&d=mm&r=g","contentUrl":"https:\/\/secure.gravatar.com\/avatar\/3ea2118a5f7dad2b7138b1187a6b7ee55f160b9968b66013c3a3ef39dd7e5798?s=96&d=mm&r=g","caption":"Jeanette"},"sameAs":["https:\/\/www.eldiario.net\/portal"],"url":"https:\/\/www.eldiario.net\/portal\/author\/jeanette\/"}]}},"_links":{"self":[{"href":"https:\/\/www.eldiario.net\/portal\/wp-json\/wp\/v2\/posts\/262986","targetHints":{"allow":["GET"]}}],"collection":[{"href":"https:\/\/www.eldiario.net\/portal\/wp-json\/wp\/v2\/posts"}],"about":[{"href":"https:\/\/www.eldiario.net\/portal\/wp-json\/wp\/v2\/types\/post"}],"author":[{"embeddable":true,"href":"https:\/\/www.eldiario.net\/portal\/wp-json\/wp\/v2\/users\/1"}],"replies":[{"embeddable":true,"href":"https:\/\/www.eldiario.net\/portal\/wp-json\/wp\/v2\/comments?post=262986"}],"version-history":[{"count":1,"href":"https:\/\/www.eldiario.net\/portal\/wp-json\/wp\/v2\/posts\/262986\/revisions"}],"predecessor-version":[{"id":262988,"href":"https:\/\/www.eldiario.net\/portal\/wp-json\/wp\/v2\/posts\/262986\/revisions\/262988"}],"wp:featuredmedia":[{"embeddable":true,"href":"https:\/\/www.eldiario.net\/portal\/wp-json\/wp\/v2\/media\/262987"}],"wp:attachment":[{"href":"https:\/\/www.eldiario.net\/portal\/wp-json\/wp\/v2\/media?parent=262986"}],"wp:term":[{"taxonomy":"category","embeddable":true,"href":"https:\/\/www.eldiario.net\/portal\/wp-json\/wp\/v2\/categories?post=262986"},{"taxonomy":"post_tag","embeddable":true,"href":"https:\/\/www.eldiario.net\/portal\/wp-json\/wp\/v2\/tags?post=262986"}],"curies":[{"name":"wp","href":"https:\/\/api.w.org\/{rel}","templated":true}]}}