{"id":262983,"date":"2024-11-23T06:51:00","date_gmt":"2024-11-23T10:51:00","guid":{"rendered":"https:\/\/www.eldiario.net\/portal\/?p=262983"},"modified":"2024-11-23T06:51:00","modified_gmt":"2024-11-23T10:51:00","slug":"otan-misil-de-rusia-no-disuadira-apoyo-a-ucrania","status":"publish","type":"post","link":"https:\/\/www.eldiario.net\/portal\/2024\/11\/23\/otan-misil-de-rusia-no-disuadira-apoyo-a-ucrania\/","title":{"rendered":"OTAN: misil de Rusia no  disuadir\u00e1 apoyo a Ucrania"},"content":{"rendered":"<p>La OTAN afirm\u00f3 ayer que el lanzamiento de un primer misil bal\u00edstico experimental de alcance intermedio por parte de Rusia contra Ucrania \u201cno disuadir\u00e1\u201d a los aliados en su empe\u00f1o de apoyar a Kiev.<br \/>\n\u201cEl despliegue de esta capacidad no cambiar\u00e1 el curso del conflicto ni disuadir\u00e1 a los aliados de la OTAN de apoyar a Ucrania\u201d, se\u00f1al\u00f3 a la agencia Efe la portavoz de la Alianza, Farah Dakhlallah.<br \/>\nLa portavoz indic\u00f3 que Rusia lanz\u00f3 el jueves \u201cun misil bal\u00edstico experimental de alcance intermedio contra Ucrania\u201d, lo que consider\u00f3 \u201cun ejemplo m\u00e1s de los ataques de Rusia contra ciudades ucranianas\u201d.<br \/>\n\u201cRusia pretende aterrorizar a la poblaci\u00f3n civil de Ucrania e intimidar a quienes apoyan a Ucrania en su defensa contra la agresi\u00f3n ilegal y no provocada de Rusia\u201d, concluy\u00f3.<br \/>\nPor otra parte, fuentes diplom\u00e1ticas confirmaron a la agencia AFP que el Consejo OTAN-Ucrania mantendr\u00e1 el pr\u00f3ximo martes una reuni\u00f3n en Bruselas para analizar el ataque realizado por Rusia con un misil bal\u00edstico hipers\u00f3nico de mediano alcance. La reuni\u00f3n del Consejo ser\u00e1 a nivel de embajadores y fue convocada por Ucrania a ra\u00edz del ataque ruso contra la ciudad ucraniana de Dnipr\u00f3, se\u00f1alaron las fuentes.<\/p>\n<p>MISIL BAL\u00cdSTICO<br \/>\nHIPERS\u00d3NICO<br \/>\nEl presidente ruso, Vladimir Putin, confirm\u00f3 el jueves, el ataque ruso a Ucrania con un misil bal\u00edstico hipers\u00f3nico sin carga nuclear y asever\u00f3 que Mosc\u00fa se reserva el derecho a usar su arsenal contra instalaciones militares de pa\u00edses que permiten a Kiev usar sus misiles para golpear territorio ruso.<br \/>\nSe trata de un misil de alcance medio Oreshnik, que fue lanzado contra una instalaci\u00f3n del complejo militar-industrial de Ucrania, explic\u00f3 Putin en un mensaje a la naci\u00f3n emitido por la televisi\u00f3n p\u00fablica.<br \/>\nLa Fuerza A\u00e9rea ucraniana hab\u00eda informado en un primer momento sobre un ataque contra la regi\u00f3n de Dnipr\u00f3 con un misil bal\u00edstico intercontinental ruso, lo que no fue confirmado ni por Rusia ni por Estados Unidos.<br \/>\nPutin asegur\u00f3 que Rusia utiliz\u00f3 esta capacidad en respuesta al uso de armas de largo alcance estadounidenses y brit\u00e1nicas por parte de Ucrania contra objetivos en territorio ruso como parte de su estrategia de defensa de los ataques rusos.<br \/>\nEn concreto, misiles de largo alcance estadounidenses Atacms y brit\u00e1nicos Storm Shadow, que fueron dirigidos contra la infraestructura militar de las regiones fronterizas de Briansk y Kursk.<br \/>\nPutin, que aprob\u00f3 esta semana la nueva doctrina nuclear rusa, que permite respuestas con armas at\u00f3micas en caso de ataques con armas convencionales, advirti\u00f3 en su momento de que el empleo de armas de largo alcance occidentales contra territorio ruso significar\u00eda que la OTAN est\u00e1 en combate con Rusia. (Dw)<\/p>\n","protected":false},"excerpt":{"rendered":"<p>La OTAN afirm\u00f3 ayer que el lanzamiento de un primer misil bal\u00edstico experimental de alcance intermedio por parte de Rusia contra Ucrania \u201cno disuadir\u00e1\u201d a los aliados en su empe\u00f1o de apoyar a Kiev. \u201cEl despliegue de esta capacidad no cambiar\u00e1 el curso del conflicto ni disuadir\u00e1 a los aliados de la OTAN de apoyar [&hellip;]<\/p>\n","protected":false},"author":1,"featured_media":262984,"comment_status":"closed","ping_status":"open","sticky":false,"template":"","format":"standard","meta":{"_acf_changed":false,"footnotes":""},"categories":[3],"tags":[],"class_list":["post-262983","post","type-post","status-publish","format-standard","has-post-thumbnail","category-internacional"],"acf":{"antetitulo":""},"yoast_head":"<!-- This site is optimized with the Yoast SEO plugin v28.4 - https:\/\/yoast.com\/product\/yoast-seo-wordpress\/ -->\n<title>OTAN: misil de Rusia no disuadir\u00e1 apoyo a Ucrania - El Diario - Bolivia<\/title>\n<meta name=\"robots\" content=\"index, follow, max-snippet:-1, max-image-preview:large, max-video-preview:-1\" \/>\n<link rel=\"canonical\" href=\"https:\/\/www.eldiario.net\/portal\/2024\/11\/23\/otan-misil-de-rusia-no-disuadira-apoyo-a-ucrania\/\" \/>\n<meta property=\"og:locale\" content=\"es_ES\" \/>\n<meta property=\"og:type\" content=\"article\" \/>\n<meta property=\"og:title\" content=\"OTAN: misil de Rusia no disuadir\u00e1 apoyo a Ucrania - El Diario - Bolivia\" \/>\n<meta property=\"og:description\" content=\"La OTAN afirm\u00f3 ayer que el lanzamiento de un primer misil bal\u00edstico experimental de alcance intermedio por parte de Rusia contra Ucrania \u201cno disuadir\u00e1\u201d a los aliados en su empe\u00f1o de apoyar a Kiev. \u201cEl despliegue de esta capacidad no cambiar\u00e1 el curso del conflicto ni disuadir\u00e1 a los aliados de la OTAN de apoyar [&hellip;]\" \/>\n<meta property=\"og:url\" content=\"https:\/\/www.eldiario.net\/portal\/2024\/11\/23\/otan-misil-de-rusia-no-disuadira-apoyo-a-ucrania\/\" \/>\n<meta property=\"og:site_name\" content=\"El Diario - Bolivia\" \/>\n<meta property=\"article:publisher\" content=\"https:\/\/www.facebook.com\/eldiario.bolivia\/\" \/>\n<meta property=\"article:published_time\" content=\"2024-11-23T10:51:00+00:00\" \/>\n<meta property=\"og:image\" content=\"https:\/\/www.eldiario.net\/portal\/wp-content\/uploads\/2024\/11\/OTAN-Picture-Alliance.jpg\" \/>\n\t<meta property=\"og:image:width\" content=\"1200\" \/>\n\t<meta property=\"og:image:height\" content=\"525\" \/>\n\t<meta property=\"og:image:type\" content=\"image\/jpeg\" \/>\n<meta name=\"author\" content=\"Jeanette\" \/>\n<meta name=\"twitter:card\" content=\"summary_large_image\" \/>\n<meta name=\"twitter:creator\" content=\"@eldiario_net\" \/>\n<meta name=\"twitter:site\" content=\"@eldiario_net\" \/>\n<meta name=\"twitter:label1\" content=\"Escrito por\" \/>\n\t<meta name=\"twitter:data1\" content=\"Jeanette\" \/>\n\t<meta name=\"twitter:label2\" content=\"Tiempo de lectura\" \/>\n\t<meta name=\"twitter:data2\" content=\"3 minutos\" \/>\n<script type=\"application\/ld+json\" class=\"yoast-schema-graph\">{\"@context\":\"https:\\\/\\\/schema.org\",\"@graph\":[{\"@type\":\"Article\",\"@id\":\"https:\\\/\\\/www.eldiario.net\\\/portal\\\/2024\\\/11\\\/23\\\/otan-misil-de-rusia-no-disuadira-apoyo-a-ucrania\\\/#article\",\"isPartOf\":{\"@id\":\"https:\\\/\\\/www.eldiario.net\\\/portal\\\/2024\\\/11\\\/23\\\/otan-misil-de-rusia-no-disuadira-apoyo-a-ucrania\\\/\"},\"author\":{\"name\":\"Jeanette\",\"@id\":\"https:\\\/\\\/www.eldiario.net\\\/portal\\\/#\\\/schema\\\/person\\\/2c57cf2b7a7ae032e449e4c9b1019eac\"},\"headline\":\"OTAN: misil de Rusia no disuadir\u00e1 apoyo a Ucrania\",\"datePublished\":\"2024-11-23T10:51:00+00:00\",\"mainEntityOfPage\":{\"@id\":\"https:\\\/\\\/www.eldiario.net\\\/portal\\\/2024\\\/11\\\/23\\\/otan-misil-de-rusia-no-disuadira-apoyo-a-ucrania\\\/\"},\"wordCount\":472,\"publisher\":{\"@id\":\"https:\\\/\\\/www.eldiario.net\\\/portal\\\/#organization\"},\"image\":{\"@id\":\"https:\\\/\\\/www.eldiario.net\\\/portal\\\/2024\\\/11\\\/23\\\/otan-misil-de-rusia-no-disuadira-apoyo-a-ucrania\\\/#primaryimage\"},\"thumbnailUrl\":\"https:\\\/\\\/www.eldiario.net\\\/portal\\\/wp-content\\\/uploads\\\/2024\\\/11\\\/OTAN-Picture-Alliance.jpg\",\"articleSection\":[\"Internacional\"],\"inLanguage\":\"es\"},{\"@type\":\"WebPage\",\"@id\":\"https:\\\/\\\/www.eldiario.net\\\/portal\\\/2024\\\/11\\\/23\\\/otan-misil-de-rusia-no-disuadira-apoyo-a-ucrania\\\/\",\"url\":\"https:\\\/\\\/www.eldiario.net\\\/portal\\\/2024\\\/11\\\/23\\\/otan-misil-de-rusia-no-disuadira-apoyo-a-ucrania\\\/\",\"name\":\"OTAN: misil de Rusia no disuadir\u00e1 apoyo a Ucrania - El Diario - Bolivia\",\"isPartOf\":{\"@id\":\"https:\\\/\\\/www.eldiario.net\\\/portal\\\/#website\"},\"primaryImageOfPage\":{\"@id\":\"https:\\\/\\\/www.eldiario.net\\\/portal\\\/2024\\\/11\\\/23\\\/otan-misil-de-rusia-no-disuadira-apoyo-a-ucrania\\\/#primaryimage\"},\"image\":{\"@id\":\"https:\\\/\\\/www.eldiario.net\\\/portal\\\/2024\\\/11\\\/23\\\/otan-misil-de-rusia-no-disuadira-apoyo-a-ucrania\\\/#primaryimage\"},\"thumbnailUrl\":\"https:\\\/\\\/www.eldiario.net\\\/portal\\\/wp-content\\\/uploads\\\/2024\\\/11\\\/OTAN-Picture-Alliance.jpg\",\"datePublished\":\"2024-11-23T10:51:00+00:00\",\"breadcrumb\":{\"@id\":\"https:\\\/\\\/www.eldiario.net\\\/portal\\\/2024\\\/11\\\/23\\\/otan-misil-de-rusia-no-disuadira-apoyo-a-ucrania\\\/#breadcrumb\"},\"inLanguage\":\"es\",\"potentialAction\":[{\"@type\":\"ReadAction\",\"target\":[\"https:\\\/\\\/www.eldiario.net\\\/portal\\\/2024\\\/11\\\/23\\\/otan-misil-de-rusia-no-disuadira-apoyo-a-ucrania\\\/\"]}]},{\"@type\":\"ImageObject\",\"inLanguage\":\"es\",\"@id\":\"https:\\\/\\\/www.eldiario.net\\\/portal\\\/2024\\\/11\\\/23\\\/otan-misil-de-rusia-no-disuadira-apoyo-a-ucrania\\\/#primaryimage\",\"url\":\"https:\\\/\\\/www.eldiario.net\\\/portal\\\/wp-content\\\/uploads\\\/2024\\\/11\\\/OTAN-Picture-Alliance.jpg\",\"contentUrl\":\"https:\\\/\\\/www.eldiario.net\\\/portal\\\/wp-content\\\/uploads\\\/2024\\\/11\\\/OTAN-Picture-Alliance.jpg\",\"width\":1200,\"height\":525,\"caption\":\"Maniobra militar de la OTAN en Alemania.\"},{\"@type\":\"BreadcrumbList\",\"@id\":\"https:\\\/\\\/www.eldiario.net\\\/portal\\\/2024\\\/11\\\/23\\\/otan-misil-de-rusia-no-disuadira-apoyo-a-ucrania\\\/#breadcrumb\",\"itemListElement\":[{\"@type\":\"ListItem\",\"position\":1,\"name\":\"Portada\",\"item\":\"https:\\\/\\\/www.eldiario.net\\\/portal\\\/\"},{\"@type\":\"ListItem\",\"position\":2,\"name\":\"OTAN: misil de Rusia no disuadir\u00e1 apoyo a Ucrania\"}]},{\"@type\":\"WebSite\",\"@id\":\"https:\\\/\\\/www.eldiario.net\\\/portal\\\/#website\",\"url\":\"https:\\\/\\\/www.eldiario.net\\\/portal\\\/\",\"name\":\"El Diario - Decano de la prensa nacional\",\"description\":\"El Diario - Decano de la prensa nacional\",\"publisher\":{\"@id\":\"https:\\\/\\\/www.eldiario.net\\\/portal\\\/#organization\"},\"potentialAction\":[{\"@type\":\"SearchAction\",\"target\":{\"@type\":\"EntryPoint\",\"urlTemplate\":\"https:\\\/\\\/www.eldiario.net\\\/portal\\\/?s={search_term_string}\"},\"query-input\":{\"@type\":\"PropertyValueSpecification\",\"valueRequired\":true,\"valueName\":\"search_term_string\"}}],\"inLanguage\":\"es\"},{\"@type\":\"Organization\",\"@id\":\"https:\\\/\\\/www.eldiario.net\\\/portal\\\/#organization\",\"name\":\"El Diario - Decano de la prensa nacional\",\"url\":\"https:\\\/\\\/www.eldiario.net\\\/portal\\\/\",\"logo\":{\"@type\":\"ImageObject\",\"inLanguage\":\"es\",\"@id\":\"https:\\\/\\\/www.eldiario.net\\\/portal\\\/#\\\/schema\\\/logo\\\/image\\\/\",\"url\":\"https:\\\/\\\/www.eldiario.net\\\/portal\\\/wp-content\\\/uploads\\\/2023\\\/07\\\/logo_ED.jpg\",\"contentUrl\":\"https:\\\/\\\/www.eldiario.net\\\/portal\\\/wp-content\\\/uploads\\\/2023\\\/07\\\/logo_ED.jpg\",\"width\":272,\"height\":52,\"caption\":\"El Diario - Decano de la prensa nacional\"},\"image\":{\"@id\":\"https:\\\/\\\/www.eldiario.net\\\/portal\\\/#\\\/schema\\\/logo\\\/image\\\/\"},\"sameAs\":[\"https:\\\/\\\/www.facebook.com\\\/eldiario.bolivia\\\/\",\"https:\\\/\\\/x.com\\\/eldiario_net\"]},{\"@type\":\"Person\",\"@id\":\"https:\\\/\\\/www.eldiario.net\\\/portal\\\/#\\\/schema\\\/person\\\/2c57cf2b7a7ae032e449e4c9b1019eac\",\"name\":\"Jeanette\",\"image\":{\"@type\":\"ImageObject\",\"inLanguage\":\"es\",\"@id\":\"https:\\\/\\\/secure.gravatar.com\\\/avatar\\\/3ea2118a5f7dad2b7138b1187a6b7ee55f160b9968b66013c3a3ef39dd7e5798?s=96&d=mm&r=g\",\"url\":\"https:\\\/\\\/secure.gravatar.com\\\/avatar\\\/3ea2118a5f7dad2b7138b1187a6b7ee55f160b9968b66013c3a3ef39dd7e5798?s=96&d=mm&r=g\",\"contentUrl\":\"https:\\\/\\\/secure.gravatar.com\\\/avatar\\\/3ea2118a5f7dad2b7138b1187a6b7ee55f160b9968b66013c3a3ef39dd7e5798?s=96&d=mm&r=g\",\"caption\":\"Jeanette\"},\"sameAs\":[\"https:\\\/\\\/www.eldiario.net\\\/portal\"],\"url\":\"https:\\\/\\\/www.eldiario.net\\\/portal\\\/author\\\/jeanette\\\/\"}]}<\/script>\n<!-- \/ Yoast SEO plugin. -->","yoast_head_json":{"title":"OTAN: misil de Rusia no disuadir\u00e1 apoyo a Ucrania - El Diario - Bolivia","robots":{"index":"index","follow":"follow","max-snippet":"max-snippet:-1","max-image-preview":"max-image-preview:large","max-video-preview":"max-video-preview:-1"},"canonical":"https:\/\/www.eldiario.net\/portal\/2024\/11\/23\/otan-misil-de-rusia-no-disuadira-apoyo-a-ucrania\/","og_locale":"es_ES","og_type":"article","og_title":"OTAN: misil de Rusia no disuadir\u00e1 apoyo a Ucrania - El Diario - Bolivia","og_description":"La OTAN afirm\u00f3 ayer que el lanzamiento de un primer misil bal\u00edstico experimental de alcance intermedio por parte de Rusia contra Ucrania \u201cno disuadir\u00e1\u201d a los aliados en su empe\u00f1o de apoyar a Kiev. \u201cEl despliegue de esta capacidad no cambiar\u00e1 el curso del conflicto ni disuadir\u00e1 a los aliados de la OTAN de apoyar [&hellip;]","og_url":"https:\/\/www.eldiario.net\/portal\/2024\/11\/23\/otan-misil-de-rusia-no-disuadira-apoyo-a-ucrania\/","og_site_name":"El Diario - Bolivia","article_publisher":"https:\/\/www.facebook.com\/eldiario.bolivia\/","article_published_time":"2024-11-23T10:51:00+00:00","og_image":[{"width":1200,"height":525,"url":"https:\/\/www.eldiario.net\/portal\/wp-content\/uploads\/2024\/11\/OTAN-Picture-Alliance.jpg","type":"image\/jpeg"}],"author":"Jeanette","twitter_card":"summary_large_image","twitter_creator":"@eldiario_net","twitter_site":"@eldiario_net","twitter_misc":{"Escrito por":"Jeanette","Tiempo de lectura":"3 minutos"},"schema":{"@context":"https:\/\/schema.org","@graph":[{"@type":"Article","@id":"https:\/\/www.eldiario.net\/portal\/2024\/11\/23\/otan-misil-de-rusia-no-disuadira-apoyo-a-ucrania\/#article","isPartOf":{"@id":"https:\/\/www.eldiario.net\/portal\/2024\/11\/23\/otan-misil-de-rusia-no-disuadira-apoyo-a-ucrania\/"},"author":{"name":"Jeanette","@id":"https:\/\/www.eldiario.net\/portal\/#\/schema\/person\/2c57cf2b7a7ae032e449e4c9b1019eac"},"headline":"OTAN: misil de Rusia no disuadir\u00e1 apoyo a Ucrania","datePublished":"2024-11-23T10:51:00+00:00","mainEntityOfPage":{"@id":"https:\/\/www.eldiario.net\/portal\/2024\/11\/23\/otan-misil-de-rusia-no-disuadira-apoyo-a-ucrania\/"},"wordCount":472,"publisher":{"@id":"https:\/\/www.eldiario.net\/portal\/#organization"},"image":{"@id":"https:\/\/www.eldiario.net\/portal\/2024\/11\/23\/otan-misil-de-rusia-no-disuadira-apoyo-a-ucrania\/#primaryimage"},"thumbnailUrl":"https:\/\/www.eldiario.net\/portal\/wp-content\/uploads\/2024\/11\/OTAN-Picture-Alliance.jpg","articleSection":["Internacional"],"inLanguage":"es"},{"@type":"WebPage","@id":"https:\/\/www.eldiario.net\/portal\/2024\/11\/23\/otan-misil-de-rusia-no-disuadira-apoyo-a-ucrania\/","url":"https:\/\/www.eldiario.net\/portal\/2024\/11\/23\/otan-misil-de-rusia-no-disuadira-apoyo-a-ucrania\/","name":"OTAN: misil de Rusia no disuadir\u00e1 apoyo a Ucrania - El Diario - Bolivia","isPartOf":{"@id":"https:\/\/www.eldiario.net\/portal\/#website"},"primaryImageOfPage":{"@id":"https:\/\/www.eldiario.net\/portal\/2024\/11\/23\/otan-misil-de-rusia-no-disuadira-apoyo-a-ucrania\/#primaryimage"},"image":{"@id":"https:\/\/www.eldiario.net\/portal\/2024\/11\/23\/otan-misil-de-rusia-no-disuadira-apoyo-a-ucrania\/#primaryimage"},"thumbnailUrl":"https:\/\/www.eldiario.net\/portal\/wp-content\/uploads\/2024\/11\/OTAN-Picture-Alliance.jpg","datePublished":"2024-11-23T10:51:00+00:00","breadcrumb":{"@id":"https:\/\/www.eldiario.net\/portal\/2024\/11\/23\/otan-misil-de-rusia-no-disuadira-apoyo-a-ucrania\/#breadcrumb"},"inLanguage":"es","potentialAction":[{"@type":"ReadAction","target":["https:\/\/www.eldiario.net\/portal\/2024\/11\/23\/otan-misil-de-rusia-no-disuadira-apoyo-a-ucrania\/"]}]},{"@type":"ImageObject","inLanguage":"es","@id":"https:\/\/www.eldiario.net\/portal\/2024\/11\/23\/otan-misil-de-rusia-no-disuadira-apoyo-a-ucrania\/#primaryimage","url":"https:\/\/www.eldiario.net\/portal\/wp-content\/uploads\/2024\/11\/OTAN-Picture-Alliance.jpg","contentUrl":"https:\/\/www.eldiario.net\/portal\/wp-content\/uploads\/2024\/11\/OTAN-Picture-Alliance.jpg","width":1200,"height":525,"caption":"Maniobra militar de la OTAN en Alemania."},{"@type":"BreadcrumbList","@id":"https:\/\/www.eldiario.net\/portal\/2024\/11\/23\/otan-misil-de-rusia-no-disuadira-apoyo-a-ucrania\/#breadcrumb","itemListElement":[{"@type":"ListItem","position":1,"name":"Portada","item":"https:\/\/www.eldiario.net\/portal\/"},{"@type":"ListItem","position":2,"name":"OTAN: misil de Rusia no disuadir\u00e1 apoyo a Ucrania"}]},{"@type":"WebSite","@id":"https:\/\/www.eldiario.net\/portal\/#website","url":"https:\/\/www.eldiario.net\/portal\/","name":"El Diario - Decano de la prensa nacional","description":"El Diario - Decano de la prensa nacional","publisher":{"@id":"https:\/\/www.eldiario.net\/portal\/#organization"},"potentialAction":[{"@type":"SearchAction","target":{"@type":"EntryPoint","urlTemplate":"https:\/\/www.eldiario.net\/portal\/?s={search_term_string}"},"query-input":{"@type":"PropertyValueSpecification","valueRequired":true,"valueName":"search_term_string"}}],"inLanguage":"es"},{"@type":"Organization","@id":"https:\/\/www.eldiario.net\/portal\/#organization","name":"El Diario - Decano de la prensa nacional","url":"https:\/\/www.eldiario.net\/portal\/","logo":{"@type":"ImageObject","inLanguage":"es","@id":"https:\/\/www.eldiario.net\/portal\/#\/schema\/logo\/image\/","url":"https:\/\/www.eldiario.net\/portal\/wp-content\/uploads\/2023\/07\/logo_ED.jpg","contentUrl":"https:\/\/www.eldiario.net\/portal\/wp-content\/uploads\/2023\/07\/logo_ED.jpg","width":272,"height":52,"caption":"El Diario - Decano de la prensa nacional"},"image":{"@id":"https:\/\/www.eldiario.net\/portal\/#\/schema\/logo\/image\/"},"sameAs":["https:\/\/www.facebook.com\/eldiario.bolivia\/","https:\/\/x.com\/eldiario_net"]},{"@type":"Person","@id":"https:\/\/www.eldiario.net\/portal\/#\/schema\/person\/2c57cf2b7a7ae032e449e4c9b1019eac","name":"Jeanette","image":{"@type":"ImageObject","inLanguage":"es","@id":"https:\/\/secure.gravatar.com\/avatar\/3ea2118a5f7dad2b7138b1187a6b7ee55f160b9968b66013c3a3ef39dd7e5798?s=96&d=mm&r=g","url":"https:\/\/secure.gravatar.com\/avatar\/3ea2118a5f7dad2b7138b1187a6b7ee55f160b9968b66013c3a3ef39dd7e5798?s=96&d=mm&r=g","contentUrl":"https:\/\/secure.gravatar.com\/avatar\/3ea2118a5f7dad2b7138b1187a6b7ee55f160b9968b66013c3a3ef39dd7e5798?s=96&d=mm&r=g","caption":"Jeanette"},"sameAs":["https:\/\/www.eldiario.net\/portal"],"url":"https:\/\/www.eldiario.net\/portal\/author\/jeanette\/"}]}},"_links":{"self":[{"href":"https:\/\/www.eldiario.net\/portal\/wp-json\/wp\/v2\/posts\/262983","targetHints":{"allow":["GET"]}}],"collection":[{"href":"https:\/\/www.eldiario.net\/portal\/wp-json\/wp\/v2\/posts"}],"about":[{"href":"https:\/\/www.eldiario.net\/portal\/wp-json\/wp\/v2\/types\/post"}],"author":[{"embeddable":true,"href":"https:\/\/www.eldiario.net\/portal\/wp-json\/wp\/v2\/users\/1"}],"replies":[{"embeddable":true,"href":"https:\/\/www.eldiario.net\/portal\/wp-json\/wp\/v2\/comments?post=262983"}],"version-history":[{"count":1,"href":"https:\/\/www.eldiario.net\/portal\/wp-json\/wp\/v2\/posts\/262983\/revisions"}],"predecessor-version":[{"id":262985,"href":"https:\/\/www.eldiario.net\/portal\/wp-json\/wp\/v2\/posts\/262983\/revisions\/262985"}],"wp:featuredmedia":[{"embeddable":true,"href":"https:\/\/www.eldiario.net\/portal\/wp-json\/wp\/v2\/media\/262984"}],"wp:attachment":[{"href":"https:\/\/www.eldiario.net\/portal\/wp-json\/wp\/v2\/media?parent=262983"}],"wp:term":[{"taxonomy":"category","embeddable":true,"href":"https:\/\/www.eldiario.net\/portal\/wp-json\/wp\/v2\/categories?post=262983"},{"taxonomy":"post_tag","embeddable":true,"href":"https:\/\/www.eldiario.net\/portal\/wp-json\/wp\/v2\/tags?post=262983"}],"curies":[{"name":"wp","href":"https:\/\/api.w.org\/{rel}","templated":true}]}}