{"id":262980,"date":"2024-11-23T06:49:42","date_gmt":"2024-11-23T10:49:42","guid":{"rendered":"https:\/\/www.eldiario.net\/portal\/?p=262980"},"modified":"2024-11-23T06:49:42","modified_gmt":"2024-11-23T10:49:42","slug":"seul-afirma-que-moscu-transfirio-misiles-antiaereos-a-pionyang","status":"publish","type":"post","link":"https:\/\/www.eldiario.net\/portal\/2024\/11\/23\/seul-afirma-que-moscu-transfirio-misiles-antiaereos-a-pionyang\/","title":{"rendered":"Se\u00fal afirma que Mosc\u00fa transfiri\u00f3 misiles antia\u00e9reos a Pionyang"},"content":{"rendered":"<p>El consejero de Seguridad Nacional surcoreano, Shin Won-sik, asegur\u00f3 ayer que Corea del Norte recibi\u00f3 de Rusia misiles antia\u00e9reos y otros sistemas de defensa a cambio de enviar sus tropas al frente de Ucrania para apoyar a Mosc\u00fa.<br \/>\n\u201cCreemos que Rusia ha provisto de equipamientos y misiles antia\u00e9reos para fortalecer las vulnerables defensas a\u00e9reas de Pionyang\u201d, explic\u00f3 Shin en una entrevista radiof\u00f3nica con la cadena surcoreana SBS, al ser preguntado sobre qu\u00e9 estar\u00eda recibiendo el r\u00e9gimen de Kim Jong-un a cambio de haber enviado sus tropas a la regi\u00f3n rusa de Kursk.<br \/>\nPionyang envi\u00f3 en las \u00faltimas semanas a unos 10.000 soldados a apoyar al Ej\u00e9rcito ruso en la invasi\u00f3n de Ucrania, seg\u00fan confirmaron la OTAN, Washington y Se\u00fal.<br \/>\nShin, que fue ministro de Defensa Nacional de Corea del Sur hasta el pasado septiembre, se\u00f1al\u00f3 tambi\u00e9n que tras el intento fallido norcoreano para poner un sat\u00e9lite esp\u00eda en \u00f3rbita en mayo, \u201cMosc\u00fa ya hab\u00eda hecho p\u00fablica su intenci\u00f3n de dar apoyo (al Norte) en forma de tecnolog\u00edas relacionadas con sat\u00e9lites y supuestamente transferi\u00f3 distintas tecnolog\u00edas militares\u201d.<br \/>\nEl consejero de Seguridad Nacional surcoreano agreg\u00f3 que Se\u00fal cree que \u201ctambi\u00e9n hubo ayudas econ\u00f3micas (rusas) en distintos formatos\u201d.<br \/>\nEn el \u00faltimo a\u00f1o, Pionyang envi\u00f3 grandes cantidades de armamento para que Mosc\u00fa lo emplee en su invasi\u00f3n de Ucrania y ambas partes firmaron a su vez un tratado de alianza estrat\u00e9gica en junio, que les insta a asistirse mutuamente en caso de ataque.<br \/>\nCorea del Norte habr\u00eda decidido enviar a unos 10.000 de sus soldados a Kursk, regi\u00f3n rusa en la que las fuerzas ucranianas lograron irrumpir el pasado agosto, para apoyar a Rusia invocando dicho acuerdo.<br \/>\nEsta semana, el Servicio Nacional de Inteligencia (NIS) surcoreano confirm\u00f3 que Pionyang export\u00f3 a Rusia lanzaderas para cohetes y artiller\u00eda m\u00f3vil, que algunos soldados norcoreanos parecen haber participado ya en operaciones de combate contra Ucrania, empotrados en unidades rusas aerotransportadas y de marines.<br \/>\nPor su parte, el diario estadounidense The Wall Street Journal asegur\u00f3 el jueves que un general norcoreano de alto rango result\u00f3 herido en un ataque ucraniano en Kursk. (Dw)<\/p>\n","protected":false},"excerpt":{"rendered":"<p>El consejero de Seguridad Nacional surcoreano, Shin Won-sik, asegur\u00f3 ayer que Corea del Norte recibi\u00f3 de Rusia misiles antia\u00e9reos y otros sistemas de defensa a cambio de enviar sus tropas al frente de Ucrania para apoyar a Mosc\u00fa. \u201cCreemos que Rusia ha provisto de equipamientos y misiles antia\u00e9reos para fortalecer las vulnerables defensas a\u00e9reas de [&hellip;]<\/p>\n","protected":false},"author":1,"featured_media":262978,"comment_status":"closed","ping_status":"open","sticky":false,"template":"","format":"standard","meta":{"_acf_changed":false,"footnotes":""},"categories":[3],"tags":[],"class_list":["post-262980","post","type-post","status-publish","format-standard","has-post-thumbnail","category-internacional"],"acf":{"antetitulo":""},"yoast_head":"<!-- This site is optimized with the Yoast SEO plugin v28.4 - https:\/\/yoast.com\/product\/yoast-seo-wordpress\/ -->\n<title>Se\u00fal afirma que Mosc\u00fa transfiri\u00f3 misiles antia\u00e9reos a Pionyang - El Diario - Bolivia<\/title>\n<meta name=\"robots\" content=\"index, follow, max-snippet:-1, max-image-preview:large, max-video-preview:-1\" \/>\n<link rel=\"canonical\" href=\"https:\/\/www.eldiario.net\/portal\/2024\/11\/23\/seul-afirma-que-moscu-transfirio-misiles-antiaereos-a-pionyang\/\" \/>\n<meta property=\"og:locale\" content=\"es_ES\" \/>\n<meta property=\"og:type\" content=\"article\" \/>\n<meta property=\"og:title\" content=\"Se\u00fal afirma que Mosc\u00fa transfiri\u00f3 misiles antia\u00e9reos a Pionyang - El Diario - Bolivia\" \/>\n<meta property=\"og:description\" content=\"El consejero de Seguridad Nacional surcoreano, Shin Won-sik, asegur\u00f3 ayer que Corea del Norte recibi\u00f3 de Rusia misiles antia\u00e9reos y otros sistemas de defensa a cambio de enviar sus tropas al frente de Ucrania para apoyar a Mosc\u00fa. \u201cCreemos que Rusia ha provisto de equipamientos y misiles antia\u00e9reos para fortalecer las vulnerables defensas a\u00e9reas de [&hellip;]\" \/>\n<meta property=\"og:url\" content=\"https:\/\/www.eldiario.net\/portal\/2024\/11\/23\/seul-afirma-que-moscu-transfirio-misiles-antiaereos-a-pionyang\/\" \/>\n<meta property=\"og:site_name\" content=\"El Diario - Bolivia\" \/>\n<meta property=\"article:publisher\" content=\"https:\/\/www.facebook.com\/eldiario.bolivia\/\" \/>\n<meta property=\"article:published_time\" content=\"2024-11-23T10:49:42+00:00\" \/>\n<meta property=\"og:image\" content=\"https:\/\/www.eldiario.net\/portal\/wp-content\/uploads\/2024\/11\/MISILES-Picture-Alliance.jpg\" \/>\n\t<meta property=\"og:image:width\" content=\"1200\" \/>\n\t<meta property=\"og:image:height\" content=\"525\" \/>\n\t<meta property=\"og:image:type\" content=\"image\/jpeg\" \/>\n<meta name=\"author\" content=\"Jeanette\" \/>\n<meta name=\"twitter:card\" content=\"summary_large_image\" \/>\n<meta name=\"twitter:creator\" content=\"@eldiario_net\" \/>\n<meta name=\"twitter:site\" content=\"@eldiario_net\" \/>\n<meta name=\"twitter:label1\" content=\"Escrito por\" \/>\n\t<meta name=\"twitter:data1\" content=\"Jeanette\" \/>\n\t<meta name=\"twitter:label2\" content=\"Tiempo de lectura\" \/>\n\t<meta name=\"twitter:data2\" content=\"2 minutos\" \/>\n<script type=\"application\/ld+json\" class=\"yoast-schema-graph\">{\"@context\":\"https:\\\/\\\/schema.org\",\"@graph\":[{\"@type\":\"Article\",\"@id\":\"https:\\\/\\\/www.eldiario.net\\\/portal\\\/2024\\\/11\\\/23\\\/seul-afirma-que-moscu-transfirio-misiles-antiaereos-a-pionyang\\\/#article\",\"isPartOf\":{\"@id\":\"https:\\\/\\\/www.eldiario.net\\\/portal\\\/2024\\\/11\\\/23\\\/seul-afirma-que-moscu-transfirio-misiles-antiaereos-a-pionyang\\\/\"},\"author\":{\"name\":\"Jeanette\",\"@id\":\"https:\\\/\\\/www.eldiario.net\\\/portal\\\/#\\\/schema\\\/person\\\/2c57cf2b7a7ae032e449e4c9b1019eac\"},\"headline\":\"Se\u00fal afirma que Mosc\u00fa transfiri\u00f3 misiles antia\u00e9reos a Pionyang\",\"datePublished\":\"2024-11-23T10:49:42+00:00\",\"mainEntityOfPage\":{\"@id\":\"https:\\\/\\\/www.eldiario.net\\\/portal\\\/2024\\\/11\\\/23\\\/seul-afirma-que-moscu-transfirio-misiles-antiaereos-a-pionyang\\\/\"},\"wordCount\":385,\"publisher\":{\"@id\":\"https:\\\/\\\/www.eldiario.net\\\/portal\\\/#organization\"},\"image\":{\"@id\":\"https:\\\/\\\/www.eldiario.net\\\/portal\\\/2024\\\/11\\\/23\\\/seul-afirma-que-moscu-transfirio-misiles-antiaereos-a-pionyang\\\/#primaryimage\"},\"thumbnailUrl\":\"https:\\\/\\\/www.eldiario.net\\\/portal\\\/wp-content\\\/uploads\\\/2024\\\/11\\\/MISILES-Picture-Alliance.jpg\",\"articleSection\":[\"Internacional\"],\"inLanguage\":\"es\"},{\"@type\":\"WebPage\",\"@id\":\"https:\\\/\\\/www.eldiario.net\\\/portal\\\/2024\\\/11\\\/23\\\/seul-afirma-que-moscu-transfirio-misiles-antiaereos-a-pionyang\\\/\",\"url\":\"https:\\\/\\\/www.eldiario.net\\\/portal\\\/2024\\\/11\\\/23\\\/seul-afirma-que-moscu-transfirio-misiles-antiaereos-a-pionyang\\\/\",\"name\":\"Se\u00fal afirma que Mosc\u00fa transfiri\u00f3 misiles antia\u00e9reos a Pionyang - El Diario - Bolivia\",\"isPartOf\":{\"@id\":\"https:\\\/\\\/www.eldiario.net\\\/portal\\\/#website\"},\"primaryImageOfPage\":{\"@id\":\"https:\\\/\\\/www.eldiario.net\\\/portal\\\/2024\\\/11\\\/23\\\/seul-afirma-que-moscu-transfirio-misiles-antiaereos-a-pionyang\\\/#primaryimage\"},\"image\":{\"@id\":\"https:\\\/\\\/www.eldiario.net\\\/portal\\\/2024\\\/11\\\/23\\\/seul-afirma-que-moscu-transfirio-misiles-antiaereos-a-pionyang\\\/#primaryimage\"},\"thumbnailUrl\":\"https:\\\/\\\/www.eldiario.net\\\/portal\\\/wp-content\\\/uploads\\\/2024\\\/11\\\/MISILES-Picture-Alliance.jpg\",\"datePublished\":\"2024-11-23T10:49:42+00:00\",\"breadcrumb\":{\"@id\":\"https:\\\/\\\/www.eldiario.net\\\/portal\\\/2024\\\/11\\\/23\\\/seul-afirma-que-moscu-transfirio-misiles-antiaereos-a-pionyang\\\/#breadcrumb\"},\"inLanguage\":\"es\",\"potentialAction\":[{\"@type\":\"ReadAction\",\"target\":[\"https:\\\/\\\/www.eldiario.net\\\/portal\\\/2024\\\/11\\\/23\\\/seul-afirma-que-moscu-transfirio-misiles-antiaereos-a-pionyang\\\/\"]}]},{\"@type\":\"ImageObject\",\"inLanguage\":\"es\",\"@id\":\"https:\\\/\\\/www.eldiario.net\\\/portal\\\/2024\\\/11\\\/23\\\/seul-afirma-que-moscu-transfirio-misiles-antiaereos-a-pionyang\\\/#primaryimage\",\"url\":\"https:\\\/\\\/www.eldiario.net\\\/portal\\\/wp-content\\\/uploads\\\/2024\\\/11\\\/MISILES-Picture-Alliance.jpg\",\"contentUrl\":\"https:\\\/\\\/www.eldiario.net\\\/portal\\\/wp-content\\\/uploads\\\/2024\\\/11\\\/MISILES-Picture-Alliance.jpg\",\"width\":1200,\"height\":525},{\"@type\":\"BreadcrumbList\",\"@id\":\"https:\\\/\\\/www.eldiario.net\\\/portal\\\/2024\\\/11\\\/23\\\/seul-afirma-que-moscu-transfirio-misiles-antiaereos-a-pionyang\\\/#breadcrumb\",\"itemListElement\":[{\"@type\":\"ListItem\",\"position\":1,\"name\":\"Portada\",\"item\":\"https:\\\/\\\/www.eldiario.net\\\/portal\\\/\"},{\"@type\":\"ListItem\",\"position\":2,\"name\":\"Se\u00fal afirma que Mosc\u00fa transfiri\u00f3 misiles antia\u00e9reos a Pionyang\"}]},{\"@type\":\"WebSite\",\"@id\":\"https:\\\/\\\/www.eldiario.net\\\/portal\\\/#website\",\"url\":\"https:\\\/\\\/www.eldiario.net\\\/portal\\\/\",\"name\":\"El Diario - Decano de la prensa nacional\",\"description\":\"El Diario - Decano de la prensa nacional\",\"publisher\":{\"@id\":\"https:\\\/\\\/www.eldiario.net\\\/portal\\\/#organization\"},\"potentialAction\":[{\"@type\":\"SearchAction\",\"target\":{\"@type\":\"EntryPoint\",\"urlTemplate\":\"https:\\\/\\\/www.eldiario.net\\\/portal\\\/?s={search_term_string}\"},\"query-input\":{\"@type\":\"PropertyValueSpecification\",\"valueRequired\":true,\"valueName\":\"search_term_string\"}}],\"inLanguage\":\"es\"},{\"@type\":\"Organization\",\"@id\":\"https:\\\/\\\/www.eldiario.net\\\/portal\\\/#organization\",\"name\":\"El Diario - Decano de la prensa nacional\",\"url\":\"https:\\\/\\\/www.eldiario.net\\\/portal\\\/\",\"logo\":{\"@type\":\"ImageObject\",\"inLanguage\":\"es\",\"@id\":\"https:\\\/\\\/www.eldiario.net\\\/portal\\\/#\\\/schema\\\/logo\\\/image\\\/\",\"url\":\"https:\\\/\\\/www.eldiario.net\\\/portal\\\/wp-content\\\/uploads\\\/2023\\\/07\\\/logo_ED.jpg\",\"contentUrl\":\"https:\\\/\\\/www.eldiario.net\\\/portal\\\/wp-content\\\/uploads\\\/2023\\\/07\\\/logo_ED.jpg\",\"width\":272,\"height\":52,\"caption\":\"El Diario - Decano de la prensa nacional\"},\"image\":{\"@id\":\"https:\\\/\\\/www.eldiario.net\\\/portal\\\/#\\\/schema\\\/logo\\\/image\\\/\"},\"sameAs\":[\"https:\\\/\\\/www.facebook.com\\\/eldiario.bolivia\\\/\",\"https:\\\/\\\/x.com\\\/eldiario_net\"]},{\"@type\":\"Person\",\"@id\":\"https:\\\/\\\/www.eldiario.net\\\/portal\\\/#\\\/schema\\\/person\\\/2c57cf2b7a7ae032e449e4c9b1019eac\",\"name\":\"Jeanette\",\"image\":{\"@type\":\"ImageObject\",\"inLanguage\":\"es\",\"@id\":\"https:\\\/\\\/secure.gravatar.com\\\/avatar\\\/3ea2118a5f7dad2b7138b1187a6b7ee55f160b9968b66013c3a3ef39dd7e5798?s=96&d=mm&r=g\",\"url\":\"https:\\\/\\\/secure.gravatar.com\\\/avatar\\\/3ea2118a5f7dad2b7138b1187a6b7ee55f160b9968b66013c3a3ef39dd7e5798?s=96&d=mm&r=g\",\"contentUrl\":\"https:\\\/\\\/secure.gravatar.com\\\/avatar\\\/3ea2118a5f7dad2b7138b1187a6b7ee55f160b9968b66013c3a3ef39dd7e5798?s=96&d=mm&r=g\",\"caption\":\"Jeanette\"},\"sameAs\":[\"https:\\\/\\\/www.eldiario.net\\\/portal\"],\"url\":\"https:\\\/\\\/www.eldiario.net\\\/portal\\\/author\\\/jeanette\\\/\"}]}<\/script>\n<!-- \/ Yoast SEO plugin. -->","yoast_head_json":{"title":"Se\u00fal afirma que Mosc\u00fa transfiri\u00f3 misiles antia\u00e9reos a Pionyang - El Diario - Bolivia","robots":{"index":"index","follow":"follow","max-snippet":"max-snippet:-1","max-image-preview":"max-image-preview:large","max-video-preview":"max-video-preview:-1"},"canonical":"https:\/\/www.eldiario.net\/portal\/2024\/11\/23\/seul-afirma-que-moscu-transfirio-misiles-antiaereos-a-pionyang\/","og_locale":"es_ES","og_type":"article","og_title":"Se\u00fal afirma que Mosc\u00fa transfiri\u00f3 misiles antia\u00e9reos a Pionyang - El Diario - Bolivia","og_description":"El consejero de Seguridad Nacional surcoreano, Shin Won-sik, asegur\u00f3 ayer que Corea del Norte recibi\u00f3 de Rusia misiles antia\u00e9reos y otros sistemas de defensa a cambio de enviar sus tropas al frente de Ucrania para apoyar a Mosc\u00fa. \u201cCreemos que Rusia ha provisto de equipamientos y misiles antia\u00e9reos para fortalecer las vulnerables defensas a\u00e9reas de [&hellip;]","og_url":"https:\/\/www.eldiario.net\/portal\/2024\/11\/23\/seul-afirma-que-moscu-transfirio-misiles-antiaereos-a-pionyang\/","og_site_name":"El Diario - Bolivia","article_publisher":"https:\/\/www.facebook.com\/eldiario.bolivia\/","article_published_time":"2024-11-23T10:49:42+00:00","og_image":[{"width":1200,"height":525,"url":"https:\/\/www.eldiario.net\/portal\/wp-content\/uploads\/2024\/11\/MISILES-Picture-Alliance.jpg","type":"image\/jpeg"}],"author":"Jeanette","twitter_card":"summary_large_image","twitter_creator":"@eldiario_net","twitter_site":"@eldiario_net","twitter_misc":{"Escrito por":"Jeanette","Tiempo de lectura":"2 minutos"},"schema":{"@context":"https:\/\/schema.org","@graph":[{"@type":"Article","@id":"https:\/\/www.eldiario.net\/portal\/2024\/11\/23\/seul-afirma-que-moscu-transfirio-misiles-antiaereos-a-pionyang\/#article","isPartOf":{"@id":"https:\/\/www.eldiario.net\/portal\/2024\/11\/23\/seul-afirma-que-moscu-transfirio-misiles-antiaereos-a-pionyang\/"},"author":{"name":"Jeanette","@id":"https:\/\/www.eldiario.net\/portal\/#\/schema\/person\/2c57cf2b7a7ae032e449e4c9b1019eac"},"headline":"Se\u00fal afirma que Mosc\u00fa transfiri\u00f3 misiles antia\u00e9reos a Pionyang","datePublished":"2024-11-23T10:49:42+00:00","mainEntityOfPage":{"@id":"https:\/\/www.eldiario.net\/portal\/2024\/11\/23\/seul-afirma-que-moscu-transfirio-misiles-antiaereos-a-pionyang\/"},"wordCount":385,"publisher":{"@id":"https:\/\/www.eldiario.net\/portal\/#organization"},"image":{"@id":"https:\/\/www.eldiario.net\/portal\/2024\/11\/23\/seul-afirma-que-moscu-transfirio-misiles-antiaereos-a-pionyang\/#primaryimage"},"thumbnailUrl":"https:\/\/www.eldiario.net\/portal\/wp-content\/uploads\/2024\/11\/MISILES-Picture-Alliance.jpg","articleSection":["Internacional"],"inLanguage":"es"},{"@type":"WebPage","@id":"https:\/\/www.eldiario.net\/portal\/2024\/11\/23\/seul-afirma-que-moscu-transfirio-misiles-antiaereos-a-pionyang\/","url":"https:\/\/www.eldiario.net\/portal\/2024\/11\/23\/seul-afirma-que-moscu-transfirio-misiles-antiaereos-a-pionyang\/","name":"Se\u00fal afirma que Mosc\u00fa transfiri\u00f3 misiles antia\u00e9reos a Pionyang - El Diario - Bolivia","isPartOf":{"@id":"https:\/\/www.eldiario.net\/portal\/#website"},"primaryImageOfPage":{"@id":"https:\/\/www.eldiario.net\/portal\/2024\/11\/23\/seul-afirma-que-moscu-transfirio-misiles-antiaereos-a-pionyang\/#primaryimage"},"image":{"@id":"https:\/\/www.eldiario.net\/portal\/2024\/11\/23\/seul-afirma-que-moscu-transfirio-misiles-antiaereos-a-pionyang\/#primaryimage"},"thumbnailUrl":"https:\/\/www.eldiario.net\/portal\/wp-content\/uploads\/2024\/11\/MISILES-Picture-Alliance.jpg","datePublished":"2024-11-23T10:49:42+00:00","breadcrumb":{"@id":"https:\/\/www.eldiario.net\/portal\/2024\/11\/23\/seul-afirma-que-moscu-transfirio-misiles-antiaereos-a-pionyang\/#breadcrumb"},"inLanguage":"es","potentialAction":[{"@type":"ReadAction","target":["https:\/\/www.eldiario.net\/portal\/2024\/11\/23\/seul-afirma-que-moscu-transfirio-misiles-antiaereos-a-pionyang\/"]}]},{"@type":"ImageObject","inLanguage":"es","@id":"https:\/\/www.eldiario.net\/portal\/2024\/11\/23\/seul-afirma-que-moscu-transfirio-misiles-antiaereos-a-pionyang\/#primaryimage","url":"https:\/\/www.eldiario.net\/portal\/wp-content\/uploads\/2024\/11\/MISILES-Picture-Alliance.jpg","contentUrl":"https:\/\/www.eldiario.net\/portal\/wp-content\/uploads\/2024\/11\/MISILES-Picture-Alliance.jpg","width":1200,"height":525},{"@type":"BreadcrumbList","@id":"https:\/\/www.eldiario.net\/portal\/2024\/11\/23\/seul-afirma-que-moscu-transfirio-misiles-antiaereos-a-pionyang\/#breadcrumb","itemListElement":[{"@type":"ListItem","position":1,"name":"Portada","item":"https:\/\/www.eldiario.net\/portal\/"},{"@type":"ListItem","position":2,"name":"Se\u00fal afirma que Mosc\u00fa transfiri\u00f3 misiles antia\u00e9reos a Pionyang"}]},{"@type":"WebSite","@id":"https:\/\/www.eldiario.net\/portal\/#website","url":"https:\/\/www.eldiario.net\/portal\/","name":"El Diario - Decano de la prensa nacional","description":"El Diario - Decano de la prensa nacional","publisher":{"@id":"https:\/\/www.eldiario.net\/portal\/#organization"},"potentialAction":[{"@type":"SearchAction","target":{"@type":"EntryPoint","urlTemplate":"https:\/\/www.eldiario.net\/portal\/?s={search_term_string}"},"query-input":{"@type":"PropertyValueSpecification","valueRequired":true,"valueName":"search_term_string"}}],"inLanguage":"es"},{"@type":"Organization","@id":"https:\/\/www.eldiario.net\/portal\/#organization","name":"El Diario - Decano de la prensa nacional","url":"https:\/\/www.eldiario.net\/portal\/","logo":{"@type":"ImageObject","inLanguage":"es","@id":"https:\/\/www.eldiario.net\/portal\/#\/schema\/logo\/image\/","url":"https:\/\/www.eldiario.net\/portal\/wp-content\/uploads\/2023\/07\/logo_ED.jpg","contentUrl":"https:\/\/www.eldiario.net\/portal\/wp-content\/uploads\/2023\/07\/logo_ED.jpg","width":272,"height":52,"caption":"El Diario - Decano de la prensa nacional"},"image":{"@id":"https:\/\/www.eldiario.net\/portal\/#\/schema\/logo\/image\/"},"sameAs":["https:\/\/www.facebook.com\/eldiario.bolivia\/","https:\/\/x.com\/eldiario_net"]},{"@type":"Person","@id":"https:\/\/www.eldiario.net\/portal\/#\/schema\/person\/2c57cf2b7a7ae032e449e4c9b1019eac","name":"Jeanette","image":{"@type":"ImageObject","inLanguage":"es","@id":"https:\/\/secure.gravatar.com\/avatar\/3ea2118a5f7dad2b7138b1187a6b7ee55f160b9968b66013c3a3ef39dd7e5798?s=96&d=mm&r=g","url":"https:\/\/secure.gravatar.com\/avatar\/3ea2118a5f7dad2b7138b1187a6b7ee55f160b9968b66013c3a3ef39dd7e5798?s=96&d=mm&r=g","contentUrl":"https:\/\/secure.gravatar.com\/avatar\/3ea2118a5f7dad2b7138b1187a6b7ee55f160b9968b66013c3a3ef39dd7e5798?s=96&d=mm&r=g","caption":"Jeanette"},"sameAs":["https:\/\/www.eldiario.net\/portal"],"url":"https:\/\/www.eldiario.net\/portal\/author\/jeanette\/"}]}},"_links":{"self":[{"href":"https:\/\/www.eldiario.net\/portal\/wp-json\/wp\/v2\/posts\/262980","targetHints":{"allow":["GET"]}}],"collection":[{"href":"https:\/\/www.eldiario.net\/portal\/wp-json\/wp\/v2\/posts"}],"about":[{"href":"https:\/\/www.eldiario.net\/portal\/wp-json\/wp\/v2\/types\/post"}],"author":[{"embeddable":true,"href":"https:\/\/www.eldiario.net\/portal\/wp-json\/wp\/v2\/users\/1"}],"replies":[{"embeddable":true,"href":"https:\/\/www.eldiario.net\/portal\/wp-json\/wp\/v2\/comments?post=262980"}],"version-history":[{"count":1,"href":"https:\/\/www.eldiario.net\/portal\/wp-json\/wp\/v2\/posts\/262980\/revisions"}],"predecessor-version":[{"id":262981,"href":"https:\/\/www.eldiario.net\/portal\/wp-json\/wp\/v2\/posts\/262980\/revisions\/262981"}],"wp:featuredmedia":[{"embeddable":true,"href":"https:\/\/www.eldiario.net\/portal\/wp-json\/wp\/v2\/media\/262978"}],"wp:attachment":[{"href":"https:\/\/www.eldiario.net\/portal\/wp-json\/wp\/v2\/media?parent=262980"}],"wp:term":[{"taxonomy":"category","embeddable":true,"href":"https:\/\/www.eldiario.net\/portal\/wp-json\/wp\/v2\/categories?post=262980"},{"taxonomy":"post_tag","embeddable":true,"href":"https:\/\/www.eldiario.net\/portal\/wp-json\/wp\/v2\/tags?post=262980"}],"curies":[{"name":"wp","href":"https:\/\/api.w.org\/{rel}","templated":true}]}}