{"id":262977,"date":"2024-11-23T06:48:58","date_gmt":"2024-11-23T10:48:58","guid":{"rendered":"https:\/\/www.eldiario.net\/portal\/?p=262977"},"modified":"2024-11-23T06:50:14","modified_gmt":"2024-11-23T10:50:14","slug":"peru-descarta-incluir-a-nicanor-boluarte-en-lista-de-buscados","status":"publish","type":"post","link":"https:\/\/www.eldiario.net\/portal\/2024\/11\/23\/peru-descarta-incluir-a-nicanor-boluarte-en-lista-de-buscados\/","title":{"rendered":"Per\u00fa descarta incluir a Nicanor Boluarte en lista de buscados"},"content":{"rendered":"<p>El primer ministro de Per\u00fa, Gustavo Adrianz\u00e9n, descart\u00f3 por el momento incluir a Nicanor Boluarte, hermano de la presidenta Dina Boluarte, en la lista de los m\u00e1s buscados, despu\u00e9s de que un juez ordenara su detenci\u00f3n por un caso de corrupci\u00f3n relacionado con la designaci\u00f3n de autoridades del Estado.<br \/>\nAdrianz\u00e9n asegur\u00f3 que el paradero de Nicanor Boluarte \u201cno es conocido por nadie\u201d y explic\u00f3 que \u201cno necesariamente\u201d las personas en su situaci\u00f3n deben estar incluidos en esta lista de los m\u00e1s buscados, recoge el diario \u201cLa Rep\u00fablica\u201d.<br \/>\nEl hermano de la presidenta peruana est\u00e1 acusado de tr\u00e1fico de influencias, cohecho y organizaci\u00f3n criminal por haber intervenido supuestamente en la designaci\u00f3n de prefectos y subprefectos con fines proselitistas a favor del partido Ciudadanos por el Per\u00fa. Se enfrenta a una posible condena de 35 a\u00f1os de c\u00e1rcel.<br \/>\nSeg\u00fan la acusaci\u00f3n, Nicanor Boluarte, en paradero desconocido desde el domingo y para quien se pide tres a\u00f1os de prisi\u00f3n provisional, lider\u00f3 una organizaci\u00f3n criminal aprovechando que su hermana tomaba el poder en Per\u00fa, para repartir a personas de su confianza en puestos clave en diversas entidades estatales.<br \/>\nSin embargo, Adrianz\u00e9n desvincul\u00f3 a la presidenta de cualquier acci\u00f3n que haya podido cometer su hermano, si bien ella es la encargada de ratificar con su firma esos supuestos nombramientos que se habr\u00edan designado de manera irregular. (EP)<\/p>\n<p>&nbsp;<\/p>\n","protected":false},"excerpt":{"rendered":"<p>El primer ministro de Per\u00fa, Gustavo Adrianz\u00e9n, descart\u00f3 por el momento incluir a Nicanor Boluarte, hermano de la presidenta Dina Boluarte, en la lista de los m\u00e1s buscados, despu\u00e9s de que un juez ordenara su detenci\u00f3n por un caso de corrupci\u00f3n relacionado con la designaci\u00f3n de autoridades del Estado. Adrianz\u00e9n asegur\u00f3 que el paradero de [&hellip;]<\/p>\n","protected":false},"author":1,"featured_media":262982,"comment_status":"closed","ping_status":"open","sticky":false,"template":"","format":"standard","meta":{"_acf_changed":false,"footnotes":""},"categories":[3],"tags":[],"class_list":["post-262977","post","type-post","status-publish","format-standard","has-post-thumbnail","category-internacional"],"acf":{"antetitulo":""},"yoast_head":"<!-- This site is optimized with the Yoast SEO plugin v28.4 - https:\/\/yoast.com\/product\/yoast-seo-wordpress\/ -->\n<title>Per\u00fa descarta incluir a Nicanor Boluarte en lista de buscados - El Diario - Bolivia<\/title>\n<meta name=\"robots\" content=\"index, follow, max-snippet:-1, max-image-preview:large, max-video-preview:-1\" \/>\n<link rel=\"canonical\" href=\"https:\/\/www.eldiario.net\/portal\/2024\/11\/23\/peru-descarta-incluir-a-nicanor-boluarte-en-lista-de-buscados\/\" \/>\n<meta property=\"og:locale\" content=\"es_ES\" \/>\n<meta property=\"og:type\" content=\"article\" \/>\n<meta property=\"og:title\" content=\"Per\u00fa descarta incluir a Nicanor Boluarte en lista de buscados - El Diario - Bolivia\" \/>\n<meta property=\"og:description\" content=\"El primer ministro de Per\u00fa, Gustavo Adrianz\u00e9n, descart\u00f3 por el momento incluir a Nicanor Boluarte, hermano de la presidenta Dina Boluarte, en la lista de los m\u00e1s buscados, despu\u00e9s de que un juez ordenara su detenci\u00f3n por un caso de corrupci\u00f3n relacionado con la designaci\u00f3n de autoridades del Estado. Adrianz\u00e9n asegur\u00f3 que el paradero de [&hellip;]\" \/>\n<meta property=\"og:url\" content=\"https:\/\/www.eldiario.net\/portal\/2024\/11\/23\/peru-descarta-incluir-a-nicanor-boluarte-en-lista-de-buscados\/\" \/>\n<meta property=\"og:site_name\" content=\"El Diario - Bolivia\" \/>\n<meta property=\"article:publisher\" content=\"https:\/\/www.facebook.com\/eldiario.bolivia\/\" \/>\n<meta property=\"article:published_time\" content=\"2024-11-23T10:48:58+00:00\" \/>\n<meta property=\"article:modified_time\" content=\"2024-11-23T10:50:14+00:00\" \/>\n<meta property=\"og:image\" content=\"https:\/\/www.eldiario.net\/portal\/wp-content\/uploads\/2024\/11\/NICANOR-Radio-Titanka.jpg\" \/>\n\t<meta property=\"og:image:width\" content=\"700\" \/>\n\t<meta property=\"og:image:height\" content=\"406\" \/>\n\t<meta property=\"og:image:type\" content=\"image\/jpeg\" \/>\n<meta name=\"author\" content=\"Jeanette\" \/>\n<meta name=\"twitter:card\" content=\"summary_large_image\" \/>\n<meta name=\"twitter:creator\" content=\"@eldiario_net\" \/>\n<meta name=\"twitter:site\" content=\"@eldiario_net\" \/>\n<meta name=\"twitter:label1\" content=\"Escrito por\" \/>\n\t<meta name=\"twitter:data1\" content=\"Jeanette\" \/>\n\t<meta name=\"twitter:label2\" content=\"Tiempo de lectura\" \/>\n\t<meta name=\"twitter:data2\" content=\"2 minutos\" \/>\n<script type=\"application\/ld+json\" class=\"yoast-schema-graph\">{\"@context\":\"https:\\\/\\\/schema.org\",\"@graph\":[{\"@type\":\"Article\",\"@id\":\"https:\\\/\\\/www.eldiario.net\\\/portal\\\/2024\\\/11\\\/23\\\/peru-descarta-incluir-a-nicanor-boluarte-en-lista-de-buscados\\\/#article\",\"isPartOf\":{\"@id\":\"https:\\\/\\\/www.eldiario.net\\\/portal\\\/2024\\\/11\\\/23\\\/peru-descarta-incluir-a-nicanor-boluarte-en-lista-de-buscados\\\/\"},\"author\":{\"name\":\"Jeanette\",\"@id\":\"https:\\\/\\\/www.eldiario.net\\\/portal\\\/#\\\/schema\\\/person\\\/2c57cf2b7a7ae032e449e4c9b1019eac\"},\"headline\":\"Per\u00fa descarta incluir a Nicanor Boluarte en lista de buscados\",\"datePublished\":\"2024-11-23T10:48:58+00:00\",\"dateModified\":\"2024-11-23T10:50:14+00:00\",\"mainEntityOfPage\":{\"@id\":\"https:\\\/\\\/www.eldiario.net\\\/portal\\\/2024\\\/11\\\/23\\\/peru-descarta-incluir-a-nicanor-boluarte-en-lista-de-buscados\\\/\"},\"wordCount\":255,\"publisher\":{\"@id\":\"https:\\\/\\\/www.eldiario.net\\\/portal\\\/#organization\"},\"image\":{\"@id\":\"https:\\\/\\\/www.eldiario.net\\\/portal\\\/2024\\\/11\\\/23\\\/peru-descarta-incluir-a-nicanor-boluarte-en-lista-de-buscados\\\/#primaryimage\"},\"thumbnailUrl\":\"https:\\\/\\\/www.eldiario.net\\\/portal\\\/wp-content\\\/uploads\\\/2024\\\/11\\\/NICANOR-Radio-Titanka.jpg\",\"articleSection\":[\"Internacional\"],\"inLanguage\":\"es\"},{\"@type\":\"WebPage\",\"@id\":\"https:\\\/\\\/www.eldiario.net\\\/portal\\\/2024\\\/11\\\/23\\\/peru-descarta-incluir-a-nicanor-boluarte-en-lista-de-buscados\\\/\",\"url\":\"https:\\\/\\\/www.eldiario.net\\\/portal\\\/2024\\\/11\\\/23\\\/peru-descarta-incluir-a-nicanor-boluarte-en-lista-de-buscados\\\/\",\"name\":\"Per\u00fa descarta incluir a Nicanor Boluarte en lista de buscados - El Diario - Bolivia\",\"isPartOf\":{\"@id\":\"https:\\\/\\\/www.eldiario.net\\\/portal\\\/#website\"},\"primaryImageOfPage\":{\"@id\":\"https:\\\/\\\/www.eldiario.net\\\/portal\\\/2024\\\/11\\\/23\\\/peru-descarta-incluir-a-nicanor-boluarte-en-lista-de-buscados\\\/#primaryimage\"},\"image\":{\"@id\":\"https:\\\/\\\/www.eldiario.net\\\/portal\\\/2024\\\/11\\\/23\\\/peru-descarta-incluir-a-nicanor-boluarte-en-lista-de-buscados\\\/#primaryimage\"},\"thumbnailUrl\":\"https:\\\/\\\/www.eldiario.net\\\/portal\\\/wp-content\\\/uploads\\\/2024\\\/11\\\/NICANOR-Radio-Titanka.jpg\",\"datePublished\":\"2024-11-23T10:48:58+00:00\",\"dateModified\":\"2024-11-23T10:50:14+00:00\",\"breadcrumb\":{\"@id\":\"https:\\\/\\\/www.eldiario.net\\\/portal\\\/2024\\\/11\\\/23\\\/peru-descarta-incluir-a-nicanor-boluarte-en-lista-de-buscados\\\/#breadcrumb\"},\"inLanguage\":\"es\",\"potentialAction\":[{\"@type\":\"ReadAction\",\"target\":[\"https:\\\/\\\/www.eldiario.net\\\/portal\\\/2024\\\/11\\\/23\\\/peru-descarta-incluir-a-nicanor-boluarte-en-lista-de-buscados\\\/\"]}]},{\"@type\":\"ImageObject\",\"inLanguage\":\"es\",\"@id\":\"https:\\\/\\\/www.eldiario.net\\\/portal\\\/2024\\\/11\\\/23\\\/peru-descarta-incluir-a-nicanor-boluarte-en-lista-de-buscados\\\/#primaryimage\",\"url\":\"https:\\\/\\\/www.eldiario.net\\\/portal\\\/wp-content\\\/uploads\\\/2024\\\/11\\\/NICANOR-Radio-Titanka.jpg\",\"contentUrl\":\"https:\\\/\\\/www.eldiario.net\\\/portal\\\/wp-content\\\/uploads\\\/2024\\\/11\\\/NICANOR-Radio-Titanka.jpg\",\"width\":700,\"height\":406},{\"@type\":\"BreadcrumbList\",\"@id\":\"https:\\\/\\\/www.eldiario.net\\\/portal\\\/2024\\\/11\\\/23\\\/peru-descarta-incluir-a-nicanor-boluarte-en-lista-de-buscados\\\/#breadcrumb\",\"itemListElement\":[{\"@type\":\"ListItem\",\"position\":1,\"name\":\"Portada\",\"item\":\"https:\\\/\\\/www.eldiario.net\\\/portal\\\/\"},{\"@type\":\"ListItem\",\"position\":2,\"name\":\"Per\u00fa descarta incluir a Nicanor Boluarte en lista de buscados\"}]},{\"@type\":\"WebSite\",\"@id\":\"https:\\\/\\\/www.eldiario.net\\\/portal\\\/#website\",\"url\":\"https:\\\/\\\/www.eldiario.net\\\/portal\\\/\",\"name\":\"El Diario - Decano de la prensa nacional\",\"description\":\"El Diario - Decano de la prensa nacional\",\"publisher\":{\"@id\":\"https:\\\/\\\/www.eldiario.net\\\/portal\\\/#organization\"},\"potentialAction\":[{\"@type\":\"SearchAction\",\"target\":{\"@type\":\"EntryPoint\",\"urlTemplate\":\"https:\\\/\\\/www.eldiario.net\\\/portal\\\/?s={search_term_string}\"},\"query-input\":{\"@type\":\"PropertyValueSpecification\",\"valueRequired\":true,\"valueName\":\"search_term_string\"}}],\"inLanguage\":\"es\"},{\"@type\":\"Organization\",\"@id\":\"https:\\\/\\\/www.eldiario.net\\\/portal\\\/#organization\",\"name\":\"El Diario - Decano de la prensa nacional\",\"url\":\"https:\\\/\\\/www.eldiario.net\\\/portal\\\/\",\"logo\":{\"@type\":\"ImageObject\",\"inLanguage\":\"es\",\"@id\":\"https:\\\/\\\/www.eldiario.net\\\/portal\\\/#\\\/schema\\\/logo\\\/image\\\/\",\"url\":\"https:\\\/\\\/www.eldiario.net\\\/portal\\\/wp-content\\\/uploads\\\/2023\\\/07\\\/logo_ED.jpg\",\"contentUrl\":\"https:\\\/\\\/www.eldiario.net\\\/portal\\\/wp-content\\\/uploads\\\/2023\\\/07\\\/logo_ED.jpg\",\"width\":272,\"height\":52,\"caption\":\"El Diario - Decano de la prensa nacional\"},\"image\":{\"@id\":\"https:\\\/\\\/www.eldiario.net\\\/portal\\\/#\\\/schema\\\/logo\\\/image\\\/\"},\"sameAs\":[\"https:\\\/\\\/www.facebook.com\\\/eldiario.bolivia\\\/\",\"https:\\\/\\\/x.com\\\/eldiario_net\"]},{\"@type\":\"Person\",\"@id\":\"https:\\\/\\\/www.eldiario.net\\\/portal\\\/#\\\/schema\\\/person\\\/2c57cf2b7a7ae032e449e4c9b1019eac\",\"name\":\"Jeanette\",\"image\":{\"@type\":\"ImageObject\",\"inLanguage\":\"es\",\"@id\":\"https:\\\/\\\/secure.gravatar.com\\\/avatar\\\/3ea2118a5f7dad2b7138b1187a6b7ee55f160b9968b66013c3a3ef39dd7e5798?s=96&d=mm&r=g\",\"url\":\"https:\\\/\\\/secure.gravatar.com\\\/avatar\\\/3ea2118a5f7dad2b7138b1187a6b7ee55f160b9968b66013c3a3ef39dd7e5798?s=96&d=mm&r=g\",\"contentUrl\":\"https:\\\/\\\/secure.gravatar.com\\\/avatar\\\/3ea2118a5f7dad2b7138b1187a6b7ee55f160b9968b66013c3a3ef39dd7e5798?s=96&d=mm&r=g\",\"caption\":\"Jeanette\"},\"sameAs\":[\"https:\\\/\\\/www.eldiario.net\\\/portal\"],\"url\":\"https:\\\/\\\/www.eldiario.net\\\/portal\\\/author\\\/jeanette\\\/\"}]}<\/script>\n<!-- \/ Yoast SEO plugin. -->","yoast_head_json":{"title":"Per\u00fa descarta incluir a Nicanor Boluarte en lista de buscados - El Diario - Bolivia","robots":{"index":"index","follow":"follow","max-snippet":"max-snippet:-1","max-image-preview":"max-image-preview:large","max-video-preview":"max-video-preview:-1"},"canonical":"https:\/\/www.eldiario.net\/portal\/2024\/11\/23\/peru-descarta-incluir-a-nicanor-boluarte-en-lista-de-buscados\/","og_locale":"es_ES","og_type":"article","og_title":"Per\u00fa descarta incluir a Nicanor Boluarte en lista de buscados - El Diario - Bolivia","og_description":"El primer ministro de Per\u00fa, Gustavo Adrianz\u00e9n, descart\u00f3 por el momento incluir a Nicanor Boluarte, hermano de la presidenta Dina Boluarte, en la lista de los m\u00e1s buscados, despu\u00e9s de que un juez ordenara su detenci\u00f3n por un caso de corrupci\u00f3n relacionado con la designaci\u00f3n de autoridades del Estado. Adrianz\u00e9n asegur\u00f3 que el paradero de [&hellip;]","og_url":"https:\/\/www.eldiario.net\/portal\/2024\/11\/23\/peru-descarta-incluir-a-nicanor-boluarte-en-lista-de-buscados\/","og_site_name":"El Diario - Bolivia","article_publisher":"https:\/\/www.facebook.com\/eldiario.bolivia\/","article_published_time":"2024-11-23T10:48:58+00:00","article_modified_time":"2024-11-23T10:50:14+00:00","og_image":[{"width":700,"height":406,"url":"https:\/\/www.eldiario.net\/portal\/wp-content\/uploads\/2024\/11\/NICANOR-Radio-Titanka.jpg","type":"image\/jpeg"}],"author":"Jeanette","twitter_card":"summary_large_image","twitter_creator":"@eldiario_net","twitter_site":"@eldiario_net","twitter_misc":{"Escrito por":"Jeanette","Tiempo de lectura":"2 minutos"},"schema":{"@context":"https:\/\/schema.org","@graph":[{"@type":"Article","@id":"https:\/\/www.eldiario.net\/portal\/2024\/11\/23\/peru-descarta-incluir-a-nicanor-boluarte-en-lista-de-buscados\/#article","isPartOf":{"@id":"https:\/\/www.eldiario.net\/portal\/2024\/11\/23\/peru-descarta-incluir-a-nicanor-boluarte-en-lista-de-buscados\/"},"author":{"name":"Jeanette","@id":"https:\/\/www.eldiario.net\/portal\/#\/schema\/person\/2c57cf2b7a7ae032e449e4c9b1019eac"},"headline":"Per\u00fa descarta incluir a Nicanor Boluarte en lista de buscados","datePublished":"2024-11-23T10:48:58+00:00","dateModified":"2024-11-23T10:50:14+00:00","mainEntityOfPage":{"@id":"https:\/\/www.eldiario.net\/portal\/2024\/11\/23\/peru-descarta-incluir-a-nicanor-boluarte-en-lista-de-buscados\/"},"wordCount":255,"publisher":{"@id":"https:\/\/www.eldiario.net\/portal\/#organization"},"image":{"@id":"https:\/\/www.eldiario.net\/portal\/2024\/11\/23\/peru-descarta-incluir-a-nicanor-boluarte-en-lista-de-buscados\/#primaryimage"},"thumbnailUrl":"https:\/\/www.eldiario.net\/portal\/wp-content\/uploads\/2024\/11\/NICANOR-Radio-Titanka.jpg","articleSection":["Internacional"],"inLanguage":"es"},{"@type":"WebPage","@id":"https:\/\/www.eldiario.net\/portal\/2024\/11\/23\/peru-descarta-incluir-a-nicanor-boluarte-en-lista-de-buscados\/","url":"https:\/\/www.eldiario.net\/portal\/2024\/11\/23\/peru-descarta-incluir-a-nicanor-boluarte-en-lista-de-buscados\/","name":"Per\u00fa descarta incluir a Nicanor Boluarte en lista de buscados - El Diario - Bolivia","isPartOf":{"@id":"https:\/\/www.eldiario.net\/portal\/#website"},"primaryImageOfPage":{"@id":"https:\/\/www.eldiario.net\/portal\/2024\/11\/23\/peru-descarta-incluir-a-nicanor-boluarte-en-lista-de-buscados\/#primaryimage"},"image":{"@id":"https:\/\/www.eldiario.net\/portal\/2024\/11\/23\/peru-descarta-incluir-a-nicanor-boluarte-en-lista-de-buscados\/#primaryimage"},"thumbnailUrl":"https:\/\/www.eldiario.net\/portal\/wp-content\/uploads\/2024\/11\/NICANOR-Radio-Titanka.jpg","datePublished":"2024-11-23T10:48:58+00:00","dateModified":"2024-11-23T10:50:14+00:00","breadcrumb":{"@id":"https:\/\/www.eldiario.net\/portal\/2024\/11\/23\/peru-descarta-incluir-a-nicanor-boluarte-en-lista-de-buscados\/#breadcrumb"},"inLanguage":"es","potentialAction":[{"@type":"ReadAction","target":["https:\/\/www.eldiario.net\/portal\/2024\/11\/23\/peru-descarta-incluir-a-nicanor-boluarte-en-lista-de-buscados\/"]}]},{"@type":"ImageObject","inLanguage":"es","@id":"https:\/\/www.eldiario.net\/portal\/2024\/11\/23\/peru-descarta-incluir-a-nicanor-boluarte-en-lista-de-buscados\/#primaryimage","url":"https:\/\/www.eldiario.net\/portal\/wp-content\/uploads\/2024\/11\/NICANOR-Radio-Titanka.jpg","contentUrl":"https:\/\/www.eldiario.net\/portal\/wp-content\/uploads\/2024\/11\/NICANOR-Radio-Titanka.jpg","width":700,"height":406},{"@type":"BreadcrumbList","@id":"https:\/\/www.eldiario.net\/portal\/2024\/11\/23\/peru-descarta-incluir-a-nicanor-boluarte-en-lista-de-buscados\/#breadcrumb","itemListElement":[{"@type":"ListItem","position":1,"name":"Portada","item":"https:\/\/www.eldiario.net\/portal\/"},{"@type":"ListItem","position":2,"name":"Per\u00fa descarta incluir a Nicanor Boluarte en lista de buscados"}]},{"@type":"WebSite","@id":"https:\/\/www.eldiario.net\/portal\/#website","url":"https:\/\/www.eldiario.net\/portal\/","name":"El Diario - Decano de la prensa nacional","description":"El Diario - Decano de la prensa nacional","publisher":{"@id":"https:\/\/www.eldiario.net\/portal\/#organization"},"potentialAction":[{"@type":"SearchAction","target":{"@type":"EntryPoint","urlTemplate":"https:\/\/www.eldiario.net\/portal\/?s={search_term_string}"},"query-input":{"@type":"PropertyValueSpecification","valueRequired":true,"valueName":"search_term_string"}}],"inLanguage":"es"},{"@type":"Organization","@id":"https:\/\/www.eldiario.net\/portal\/#organization","name":"El Diario - Decano de la prensa nacional","url":"https:\/\/www.eldiario.net\/portal\/","logo":{"@type":"ImageObject","inLanguage":"es","@id":"https:\/\/www.eldiario.net\/portal\/#\/schema\/logo\/image\/","url":"https:\/\/www.eldiario.net\/portal\/wp-content\/uploads\/2023\/07\/logo_ED.jpg","contentUrl":"https:\/\/www.eldiario.net\/portal\/wp-content\/uploads\/2023\/07\/logo_ED.jpg","width":272,"height":52,"caption":"El Diario - Decano de la prensa nacional"},"image":{"@id":"https:\/\/www.eldiario.net\/portal\/#\/schema\/logo\/image\/"},"sameAs":["https:\/\/www.facebook.com\/eldiario.bolivia\/","https:\/\/x.com\/eldiario_net"]},{"@type":"Person","@id":"https:\/\/www.eldiario.net\/portal\/#\/schema\/person\/2c57cf2b7a7ae032e449e4c9b1019eac","name":"Jeanette","image":{"@type":"ImageObject","inLanguage":"es","@id":"https:\/\/secure.gravatar.com\/avatar\/3ea2118a5f7dad2b7138b1187a6b7ee55f160b9968b66013c3a3ef39dd7e5798?s=96&d=mm&r=g","url":"https:\/\/secure.gravatar.com\/avatar\/3ea2118a5f7dad2b7138b1187a6b7ee55f160b9968b66013c3a3ef39dd7e5798?s=96&d=mm&r=g","contentUrl":"https:\/\/secure.gravatar.com\/avatar\/3ea2118a5f7dad2b7138b1187a6b7ee55f160b9968b66013c3a3ef39dd7e5798?s=96&d=mm&r=g","caption":"Jeanette"},"sameAs":["https:\/\/www.eldiario.net\/portal"],"url":"https:\/\/www.eldiario.net\/portal\/author\/jeanette\/"}]}},"_links":{"self":[{"href":"https:\/\/www.eldiario.net\/portal\/wp-json\/wp\/v2\/posts\/262977","targetHints":{"allow":["GET"]}}],"collection":[{"href":"https:\/\/www.eldiario.net\/portal\/wp-json\/wp\/v2\/posts"}],"about":[{"href":"https:\/\/www.eldiario.net\/portal\/wp-json\/wp\/v2\/types\/post"}],"author":[{"embeddable":true,"href":"https:\/\/www.eldiario.net\/portal\/wp-json\/wp\/v2\/users\/1"}],"replies":[{"embeddable":true,"href":"https:\/\/www.eldiario.net\/portal\/wp-json\/wp\/v2\/comments?post=262977"}],"version-history":[{"count":1,"href":"https:\/\/www.eldiario.net\/portal\/wp-json\/wp\/v2\/posts\/262977\/revisions"}],"predecessor-version":[{"id":262979,"href":"https:\/\/www.eldiario.net\/portal\/wp-json\/wp\/v2\/posts\/262977\/revisions\/262979"}],"wp:featuredmedia":[{"embeddable":true,"href":"https:\/\/www.eldiario.net\/portal\/wp-json\/wp\/v2\/media\/262982"}],"wp:attachment":[{"href":"https:\/\/www.eldiario.net\/portal\/wp-json\/wp\/v2\/media?parent=262977"}],"wp:term":[{"taxonomy":"category","embeddable":true,"href":"https:\/\/www.eldiario.net\/portal\/wp-json\/wp\/v2\/categories?post=262977"},{"taxonomy":"post_tag","embeddable":true,"href":"https:\/\/www.eldiario.net\/portal\/wp-json\/wp\/v2\/tags?post=262977"}],"curies":[{"name":"wp","href":"https:\/\/api.w.org\/{rel}","templated":true}]}}