{"id":262970,"date":"2024-11-23T06:43:24","date_gmt":"2024-11-23T10:43:24","guid":{"rendered":"https:\/\/www.eldiario.net\/portal\/?p=262970"},"modified":"2024-11-23T06:43:24","modified_gmt":"2024-11-23T10:43:24","slug":"dos-accidentes-en-la-cumbre-dejan-un-muerto-y-19-heridos","status":"publish","type":"post","link":"https:\/\/www.eldiario.net\/portal\/2024\/11\/23\/dos-accidentes-en-la-cumbre-dejan-un-muerto-y-19-heridos\/","title":{"rendered":"Dos accidentes en la Cumbre dejan un muerto y 19 heridos"},"content":{"rendered":"<p>Un minib\u00fas de servicio p\u00fablico choc\u00f3 ayer contra una volqueta en el sector de la Cumbre, en la ruta que une a la ciudad de La Paz con los Yungas, y dej\u00f3 14 heridos. Horas antes, una vagoneta se embarranc\u00f3 en la misma zona, dejando una mujer fallecida y cinco personas heridas.<br \/>\nEl director departamental de Bomberos, Pavel Tovar, inform\u00f3 que\u00a0el hecho de tr\u00e1nsito m\u00e1s reciente se produjo en inmediaciones de la represa de Incachaca, cuando un minib\u00fas retornaba de los Yungas y colision\u00f3 con una volqueta.<br \/>\n\u201cSeg\u00fan el conductor de la volqueta, (el minib\u00fas) estaba invadiendo el carril y\u00a0se detuvo. Obviamente, eso minimiz\u00f3 tambi\u00e9n las condiciones\u00a0del accidente\u201d, explic\u00f3 Tovar en entrevista con la red\u00a0Unitel.<br \/>\nPrecis\u00f3 que \u201cse han suscitado aproximadamente 14 heridos,\u00a0los mismos que se encuentran en el Hospital Arco Iris\u201d. Seg\u00fan el reporte de los m\u00e9dicos de este hospital,\u00a0tres de los 14 heridos \u201chan sido evacuados\u00a0por las ambulancias de Bomberos\u201d porque presentaron mayor gravedad.<br \/>\nEntre los afectados, hay menores de edad y adultos mayores que fueron evaluados por los m\u00e9dicos. \u201cTodos est\u00e1n estables, algunos con posible fractura,\u00a0pero la mayor\u00eda policontusos\u201d, se\u00f1al\u00f3 el jefe de los Bomberos.<br \/>\nSe presume que el minib\u00fas \u201chabr\u00eda sufrido una falla mec\u00e1nica o (el conductor) habr\u00eda tal vez sufrido de somnolencia\u00a0o, de lo contrario, trataba de cruzar alg\u00fan veh\u00edculo. Es entonces, en ese \u00ednterin que el minib\u00fas invade el carril y la volqueta se detiene, logrando impactar con menores consecuencias gracias a esta detenci\u00f3n\u201d, indic\u00f3 Tovar.<\/p>\n<p>OTRO ACCIDENTE<br \/>\nEl primer hecho se registr\u00f3 en el mismo sector el jueves en horas de la tarde, a la altura de la Cumbre. Una vagoneta gris, en la que viajaba una familia de seis miembros, se embarranc\u00f3 aproximadamente 50 metros antes de llegar a la tranca de Urujara, inform\u00f3 Tovar.<br \/>\nA consecuencia del impacto, una mujer de 64 a\u00f1os perdi\u00f3 la vida, mientras que otros cinco ocupantes resultaron heridos, entre ellos un menor de dos a\u00f1os. Tras el trabajo de rescate, los sobrevivientes fueron evacuados a un hospital de la zona de Miraflores, mientras que el cad\u00e1ver fue llevado a la morgue del Hospital de Cl\u00ednicas, en La Paz.<br \/>\nEste hecho tambi\u00e9n habr\u00eda ocurrido por una presunta invasi\u00f3n de carril por parte del conductor del veh\u00edculo siniestrado, aunque las investigaciones contin\u00faan para confirmar o descartar esta suposici\u00f3n.<br \/>\nDebido a que se registr\u00f3 dos hechos de tr\u00e1nsito en la misma zona en menos de 24 horas, el jefe de Bomberos recomend\u00f3 a los conductores tomar una pausa o respiro y comer algo para evitar quedarse dormido detr\u00e1s del volante.<br \/>\n\u201cLa mayor\u00eda son veh\u00edculos que est\u00e1n llegando ya a la ciudad de La Paz, falta muy poco para el recorrido y eso hace que tal vez a veces se descuiden en la conducci\u00f3n\u201d, agreg\u00f3 la autoridad al respecto. (Con informaci\u00f3n de Unitel)<\/p>\n<figure id=\"attachment_262972\" aria-describedby=\"caption-attachment-262972\" style=\"width: 711px\" class=\"wp-caption alignleft\"><img loading=\"lazy\" decoding=\"async\" class=\"size-full wp-image-262972\" src=\"https:\/\/www.eldiario.net\/portal\/wp-content\/uploads\/2024\/11\/23-ACC-1.jpg\" alt=\"\" width=\"711\" height=\"450\" srcset=\"https:\/\/www.eldiario.net\/portal\/wp-content\/uploads\/2024\/11\/23-ACC-1.jpg 711w, https:\/\/www.eldiario.net\/portal\/wp-content\/uploads\/2024\/11\/23-ACC-1-300x190.jpg 300w, https:\/\/www.eldiario.net\/portal\/wp-content\/uploads\/2024\/11\/23-ACC-1-664x420.jpg 664w, https:\/\/www.eldiario.net\/portal\/wp-content\/uploads\/2024\/11\/23-ACC-1-696x441.jpg 696w\" sizes=\"auto, (max-width: 711px) 100vw, 711px\" \/><figcaption id=\"caption-attachment-262972\" class=\"wp-caption-text\">El cami\u00f3n tras ser impactado por el minib\u00fas.<\/figcaption><\/figure>\n","protected":false},"excerpt":{"rendered":"<p>Un minib\u00fas de servicio p\u00fablico choc\u00f3 ayer contra una volqueta en el sector de la Cumbre, en la ruta que une a la ciudad de La Paz con los Yungas, y dej\u00f3 14 heridos. Horas antes, una vagoneta se embarranc\u00f3 en la misma zona, dejando una mujer fallecida y cinco personas heridas. El director departamental [&hellip;]<\/p>\n","protected":false},"author":1,"featured_media":262971,"comment_status":"closed","ping_status":"open","sticky":false,"template":"","format":"standard","meta":{"_acf_changed":false,"footnotes":""},"categories":[39],"tags":[],"class_list":["post-262970","post","type-post","status-publish","format-standard","has-post-thumbnail","category-sociedad"],"acf":{"antetitulo":"Carretera a Yungas"},"yoast_head":"<!-- This site is optimized with the Yoast SEO plugin v28.4 - https:\/\/yoast.com\/product\/yoast-seo-wordpress\/ -->\n<title>Dos accidentes en la Cumbre dejan un muerto y 19 heridos - El Diario - Bolivia<\/title>\n<meta name=\"robots\" content=\"index, follow, max-snippet:-1, max-image-preview:large, max-video-preview:-1\" \/>\n<link rel=\"canonical\" href=\"https:\/\/www.eldiario.net\/portal\/2024\/11\/23\/dos-accidentes-en-la-cumbre-dejan-un-muerto-y-19-heridos\/\" \/>\n<meta property=\"og:locale\" content=\"es_ES\" \/>\n<meta property=\"og:type\" content=\"article\" \/>\n<meta property=\"og:title\" content=\"Dos accidentes en la Cumbre dejan un muerto y 19 heridos - El Diario - Bolivia\" \/>\n<meta property=\"og:description\" content=\"Un minib\u00fas de servicio p\u00fablico choc\u00f3 ayer contra una volqueta en el sector de la Cumbre, en la ruta que une a la ciudad de La Paz con los Yungas, y dej\u00f3 14 heridos. Horas antes, una vagoneta se embarranc\u00f3 en la misma zona, dejando una mujer fallecida y cinco personas heridas. El director departamental [&hellip;]\" \/>\n<meta property=\"og:url\" content=\"https:\/\/www.eldiario.net\/portal\/2024\/11\/23\/dos-accidentes-en-la-cumbre-dejan-un-muerto-y-19-heridos\/\" \/>\n<meta property=\"og:site_name\" content=\"El Diario - Bolivia\" \/>\n<meta property=\"article:publisher\" content=\"https:\/\/www.facebook.com\/eldiario.bolivia\/\" \/>\n<meta property=\"article:published_time\" content=\"2024-11-23T10:43:24+00:00\" \/>\n<meta property=\"og:image\" content=\"https:\/\/www.eldiario.net\/portal\/wp-content\/uploads\/2024\/11\/23-ACC-2-scaled.jpg\" \/>\n\t<meta property=\"og:image:width\" content=\"2560\" \/>\n\t<meta property=\"og:image:height\" content=\"1533\" \/>\n\t<meta property=\"og:image:type\" content=\"image\/jpeg\" \/>\n<meta name=\"author\" content=\"Jeanette\" \/>\n<meta name=\"twitter:card\" content=\"summary_large_image\" \/>\n<meta name=\"twitter:creator\" content=\"@eldiario_net\" \/>\n<meta name=\"twitter:site\" content=\"@eldiario_net\" \/>\n<meta name=\"twitter:label1\" content=\"Escrito por\" \/>\n\t<meta name=\"twitter:data1\" content=\"Jeanette\" \/>\n\t<meta name=\"twitter:label2\" content=\"Tiempo de lectura\" \/>\n\t<meta name=\"twitter:data2\" content=\"3 minutos\" \/>\n<script type=\"application\/ld+json\" class=\"yoast-schema-graph\">{\"@context\":\"https:\\\/\\\/schema.org\",\"@graph\":[{\"@type\":\"Article\",\"@id\":\"https:\\\/\\\/www.eldiario.net\\\/portal\\\/2024\\\/11\\\/23\\\/dos-accidentes-en-la-cumbre-dejan-un-muerto-y-19-heridos\\\/#article\",\"isPartOf\":{\"@id\":\"https:\\\/\\\/www.eldiario.net\\\/portal\\\/2024\\\/11\\\/23\\\/dos-accidentes-en-la-cumbre-dejan-un-muerto-y-19-heridos\\\/\"},\"author\":{\"name\":\"Jeanette\",\"@id\":\"https:\\\/\\\/www.eldiario.net\\\/portal\\\/#\\\/schema\\\/person\\\/2c57cf2b7a7ae032e449e4c9b1019eac\"},\"headline\":\"Dos accidentes en la Cumbre dejan un muerto y 19 heridos\",\"datePublished\":\"2024-11-23T10:43:24+00:00\",\"mainEntityOfPage\":{\"@id\":\"https:\\\/\\\/www.eldiario.net\\\/portal\\\/2024\\\/11\\\/23\\\/dos-accidentes-en-la-cumbre-dejan-un-muerto-y-19-heridos\\\/\"},\"wordCount\":532,\"publisher\":{\"@id\":\"https:\\\/\\\/www.eldiario.net\\\/portal\\\/#organization\"},\"image\":{\"@id\":\"https:\\\/\\\/www.eldiario.net\\\/portal\\\/2024\\\/11\\\/23\\\/dos-accidentes-en-la-cumbre-dejan-un-muerto-y-19-heridos\\\/#primaryimage\"},\"thumbnailUrl\":\"https:\\\/\\\/www.eldiario.net\\\/portal\\\/wp-content\\\/uploads\\\/2024\\\/11\\\/23-ACC-2-scaled.jpg\",\"articleSection\":[\"Sociedad - Seguridad\"],\"inLanguage\":\"es\"},{\"@type\":\"WebPage\",\"@id\":\"https:\\\/\\\/www.eldiario.net\\\/portal\\\/2024\\\/11\\\/23\\\/dos-accidentes-en-la-cumbre-dejan-un-muerto-y-19-heridos\\\/\",\"url\":\"https:\\\/\\\/www.eldiario.net\\\/portal\\\/2024\\\/11\\\/23\\\/dos-accidentes-en-la-cumbre-dejan-un-muerto-y-19-heridos\\\/\",\"name\":\"Dos accidentes en la Cumbre dejan un muerto y 19 heridos - El Diario - Bolivia\",\"isPartOf\":{\"@id\":\"https:\\\/\\\/www.eldiario.net\\\/portal\\\/#website\"},\"primaryImageOfPage\":{\"@id\":\"https:\\\/\\\/www.eldiario.net\\\/portal\\\/2024\\\/11\\\/23\\\/dos-accidentes-en-la-cumbre-dejan-un-muerto-y-19-heridos\\\/#primaryimage\"},\"image\":{\"@id\":\"https:\\\/\\\/www.eldiario.net\\\/portal\\\/2024\\\/11\\\/23\\\/dos-accidentes-en-la-cumbre-dejan-un-muerto-y-19-heridos\\\/#primaryimage\"},\"thumbnailUrl\":\"https:\\\/\\\/www.eldiario.net\\\/portal\\\/wp-content\\\/uploads\\\/2024\\\/11\\\/23-ACC-2-scaled.jpg\",\"datePublished\":\"2024-11-23T10:43:24+00:00\",\"breadcrumb\":{\"@id\":\"https:\\\/\\\/www.eldiario.net\\\/portal\\\/2024\\\/11\\\/23\\\/dos-accidentes-en-la-cumbre-dejan-un-muerto-y-19-heridos\\\/#breadcrumb\"},\"inLanguage\":\"es\",\"potentialAction\":[{\"@type\":\"ReadAction\",\"target\":[\"https:\\\/\\\/www.eldiario.net\\\/portal\\\/2024\\\/11\\\/23\\\/dos-accidentes-en-la-cumbre-dejan-un-muerto-y-19-heridos\\\/\"]}]},{\"@type\":\"ImageObject\",\"inLanguage\":\"es\",\"@id\":\"https:\\\/\\\/www.eldiario.net\\\/portal\\\/2024\\\/11\\\/23\\\/dos-accidentes-en-la-cumbre-dejan-un-muerto-y-19-heridos\\\/#primaryimage\",\"url\":\"https:\\\/\\\/www.eldiario.net\\\/portal\\\/wp-content\\\/uploads\\\/2024\\\/11\\\/23-ACC-2-scaled.jpg\",\"contentUrl\":\"https:\\\/\\\/www.eldiario.net\\\/portal\\\/wp-content\\\/uploads\\\/2024\\\/11\\\/23-ACC-2-scaled.jpg\",\"width\":2560,\"height\":1533,\"caption\":\"La vagoneta que se embarranc\u00f3 el jueves.\"},{\"@type\":\"BreadcrumbList\",\"@id\":\"https:\\\/\\\/www.eldiario.net\\\/portal\\\/2024\\\/11\\\/23\\\/dos-accidentes-en-la-cumbre-dejan-un-muerto-y-19-heridos\\\/#breadcrumb\",\"itemListElement\":[{\"@type\":\"ListItem\",\"position\":1,\"name\":\"Portada\",\"item\":\"https:\\\/\\\/www.eldiario.net\\\/portal\\\/\"},{\"@type\":\"ListItem\",\"position\":2,\"name\":\"Dos accidentes en la Cumbre dejan un muerto y 19 heridos\"}]},{\"@type\":\"WebSite\",\"@id\":\"https:\\\/\\\/www.eldiario.net\\\/portal\\\/#website\",\"url\":\"https:\\\/\\\/www.eldiario.net\\\/portal\\\/\",\"name\":\"El Diario - Decano de la prensa nacional\",\"description\":\"El Diario - Decano de la prensa nacional\",\"publisher\":{\"@id\":\"https:\\\/\\\/www.eldiario.net\\\/portal\\\/#organization\"},\"potentialAction\":[{\"@type\":\"SearchAction\",\"target\":{\"@type\":\"EntryPoint\",\"urlTemplate\":\"https:\\\/\\\/www.eldiario.net\\\/portal\\\/?s={search_term_string}\"},\"query-input\":{\"@type\":\"PropertyValueSpecification\",\"valueRequired\":true,\"valueName\":\"search_term_string\"}}],\"inLanguage\":\"es\"},{\"@type\":\"Organization\",\"@id\":\"https:\\\/\\\/www.eldiario.net\\\/portal\\\/#organization\",\"name\":\"El Diario - Decano de la prensa nacional\",\"url\":\"https:\\\/\\\/www.eldiario.net\\\/portal\\\/\",\"logo\":{\"@type\":\"ImageObject\",\"inLanguage\":\"es\",\"@id\":\"https:\\\/\\\/www.eldiario.net\\\/portal\\\/#\\\/schema\\\/logo\\\/image\\\/\",\"url\":\"https:\\\/\\\/www.eldiario.net\\\/portal\\\/wp-content\\\/uploads\\\/2023\\\/07\\\/logo_ED.jpg\",\"contentUrl\":\"https:\\\/\\\/www.eldiario.net\\\/portal\\\/wp-content\\\/uploads\\\/2023\\\/07\\\/logo_ED.jpg\",\"width\":272,\"height\":52,\"caption\":\"El Diario - Decano de la prensa nacional\"},\"image\":{\"@id\":\"https:\\\/\\\/www.eldiario.net\\\/portal\\\/#\\\/schema\\\/logo\\\/image\\\/\"},\"sameAs\":[\"https:\\\/\\\/www.facebook.com\\\/eldiario.bolivia\\\/\",\"https:\\\/\\\/x.com\\\/eldiario_net\"]},{\"@type\":\"Person\",\"@id\":\"https:\\\/\\\/www.eldiario.net\\\/portal\\\/#\\\/schema\\\/person\\\/2c57cf2b7a7ae032e449e4c9b1019eac\",\"name\":\"Jeanette\",\"image\":{\"@type\":\"ImageObject\",\"inLanguage\":\"es\",\"@id\":\"https:\\\/\\\/secure.gravatar.com\\\/avatar\\\/3ea2118a5f7dad2b7138b1187a6b7ee55f160b9968b66013c3a3ef39dd7e5798?s=96&d=mm&r=g\",\"url\":\"https:\\\/\\\/secure.gravatar.com\\\/avatar\\\/3ea2118a5f7dad2b7138b1187a6b7ee55f160b9968b66013c3a3ef39dd7e5798?s=96&d=mm&r=g\",\"contentUrl\":\"https:\\\/\\\/secure.gravatar.com\\\/avatar\\\/3ea2118a5f7dad2b7138b1187a6b7ee55f160b9968b66013c3a3ef39dd7e5798?s=96&d=mm&r=g\",\"caption\":\"Jeanette\"},\"sameAs\":[\"https:\\\/\\\/www.eldiario.net\\\/portal\"],\"url\":\"https:\\\/\\\/www.eldiario.net\\\/portal\\\/author\\\/jeanette\\\/\"}]}<\/script>\n<!-- \/ Yoast SEO plugin. -->","yoast_head_json":{"title":"Dos accidentes en la Cumbre dejan un muerto y 19 heridos - El Diario - Bolivia","robots":{"index":"index","follow":"follow","max-snippet":"max-snippet:-1","max-image-preview":"max-image-preview:large","max-video-preview":"max-video-preview:-1"},"canonical":"https:\/\/www.eldiario.net\/portal\/2024\/11\/23\/dos-accidentes-en-la-cumbre-dejan-un-muerto-y-19-heridos\/","og_locale":"es_ES","og_type":"article","og_title":"Dos accidentes en la Cumbre dejan un muerto y 19 heridos - El Diario - Bolivia","og_description":"Un minib\u00fas de servicio p\u00fablico choc\u00f3 ayer contra una volqueta en el sector de la Cumbre, en la ruta que une a la ciudad de La Paz con los Yungas, y dej\u00f3 14 heridos. Horas antes, una vagoneta se embarranc\u00f3 en la misma zona, dejando una mujer fallecida y cinco personas heridas. El director departamental [&hellip;]","og_url":"https:\/\/www.eldiario.net\/portal\/2024\/11\/23\/dos-accidentes-en-la-cumbre-dejan-un-muerto-y-19-heridos\/","og_site_name":"El Diario - Bolivia","article_publisher":"https:\/\/www.facebook.com\/eldiario.bolivia\/","article_published_time":"2024-11-23T10:43:24+00:00","og_image":[{"width":2560,"height":1533,"url":"https:\/\/www.eldiario.net\/portal\/wp-content\/uploads\/2024\/11\/23-ACC-2-scaled.jpg","type":"image\/jpeg"}],"author":"Jeanette","twitter_card":"summary_large_image","twitter_creator":"@eldiario_net","twitter_site":"@eldiario_net","twitter_misc":{"Escrito por":"Jeanette","Tiempo de lectura":"3 minutos"},"schema":{"@context":"https:\/\/schema.org","@graph":[{"@type":"Article","@id":"https:\/\/www.eldiario.net\/portal\/2024\/11\/23\/dos-accidentes-en-la-cumbre-dejan-un-muerto-y-19-heridos\/#article","isPartOf":{"@id":"https:\/\/www.eldiario.net\/portal\/2024\/11\/23\/dos-accidentes-en-la-cumbre-dejan-un-muerto-y-19-heridos\/"},"author":{"name":"Jeanette","@id":"https:\/\/www.eldiario.net\/portal\/#\/schema\/person\/2c57cf2b7a7ae032e449e4c9b1019eac"},"headline":"Dos accidentes en la Cumbre dejan un muerto y 19 heridos","datePublished":"2024-11-23T10:43:24+00:00","mainEntityOfPage":{"@id":"https:\/\/www.eldiario.net\/portal\/2024\/11\/23\/dos-accidentes-en-la-cumbre-dejan-un-muerto-y-19-heridos\/"},"wordCount":532,"publisher":{"@id":"https:\/\/www.eldiario.net\/portal\/#organization"},"image":{"@id":"https:\/\/www.eldiario.net\/portal\/2024\/11\/23\/dos-accidentes-en-la-cumbre-dejan-un-muerto-y-19-heridos\/#primaryimage"},"thumbnailUrl":"https:\/\/www.eldiario.net\/portal\/wp-content\/uploads\/2024\/11\/23-ACC-2-scaled.jpg","articleSection":["Sociedad - Seguridad"],"inLanguage":"es"},{"@type":"WebPage","@id":"https:\/\/www.eldiario.net\/portal\/2024\/11\/23\/dos-accidentes-en-la-cumbre-dejan-un-muerto-y-19-heridos\/","url":"https:\/\/www.eldiario.net\/portal\/2024\/11\/23\/dos-accidentes-en-la-cumbre-dejan-un-muerto-y-19-heridos\/","name":"Dos accidentes en la Cumbre dejan un muerto y 19 heridos - El Diario - Bolivia","isPartOf":{"@id":"https:\/\/www.eldiario.net\/portal\/#website"},"primaryImageOfPage":{"@id":"https:\/\/www.eldiario.net\/portal\/2024\/11\/23\/dos-accidentes-en-la-cumbre-dejan-un-muerto-y-19-heridos\/#primaryimage"},"image":{"@id":"https:\/\/www.eldiario.net\/portal\/2024\/11\/23\/dos-accidentes-en-la-cumbre-dejan-un-muerto-y-19-heridos\/#primaryimage"},"thumbnailUrl":"https:\/\/www.eldiario.net\/portal\/wp-content\/uploads\/2024\/11\/23-ACC-2-scaled.jpg","datePublished":"2024-11-23T10:43:24+00:00","breadcrumb":{"@id":"https:\/\/www.eldiario.net\/portal\/2024\/11\/23\/dos-accidentes-en-la-cumbre-dejan-un-muerto-y-19-heridos\/#breadcrumb"},"inLanguage":"es","potentialAction":[{"@type":"ReadAction","target":["https:\/\/www.eldiario.net\/portal\/2024\/11\/23\/dos-accidentes-en-la-cumbre-dejan-un-muerto-y-19-heridos\/"]}]},{"@type":"ImageObject","inLanguage":"es","@id":"https:\/\/www.eldiario.net\/portal\/2024\/11\/23\/dos-accidentes-en-la-cumbre-dejan-un-muerto-y-19-heridos\/#primaryimage","url":"https:\/\/www.eldiario.net\/portal\/wp-content\/uploads\/2024\/11\/23-ACC-2-scaled.jpg","contentUrl":"https:\/\/www.eldiario.net\/portal\/wp-content\/uploads\/2024\/11\/23-ACC-2-scaled.jpg","width":2560,"height":1533,"caption":"La vagoneta que se embarranc\u00f3 el jueves."},{"@type":"BreadcrumbList","@id":"https:\/\/www.eldiario.net\/portal\/2024\/11\/23\/dos-accidentes-en-la-cumbre-dejan-un-muerto-y-19-heridos\/#breadcrumb","itemListElement":[{"@type":"ListItem","position":1,"name":"Portada","item":"https:\/\/www.eldiario.net\/portal\/"},{"@type":"ListItem","position":2,"name":"Dos accidentes en la Cumbre dejan un muerto y 19 heridos"}]},{"@type":"WebSite","@id":"https:\/\/www.eldiario.net\/portal\/#website","url":"https:\/\/www.eldiario.net\/portal\/","name":"El Diario - Decano de la prensa nacional","description":"El Diario - Decano de la prensa nacional","publisher":{"@id":"https:\/\/www.eldiario.net\/portal\/#organization"},"potentialAction":[{"@type":"SearchAction","target":{"@type":"EntryPoint","urlTemplate":"https:\/\/www.eldiario.net\/portal\/?s={search_term_string}"},"query-input":{"@type":"PropertyValueSpecification","valueRequired":true,"valueName":"search_term_string"}}],"inLanguage":"es"},{"@type":"Organization","@id":"https:\/\/www.eldiario.net\/portal\/#organization","name":"El Diario - Decano de la prensa nacional","url":"https:\/\/www.eldiario.net\/portal\/","logo":{"@type":"ImageObject","inLanguage":"es","@id":"https:\/\/www.eldiario.net\/portal\/#\/schema\/logo\/image\/","url":"https:\/\/www.eldiario.net\/portal\/wp-content\/uploads\/2023\/07\/logo_ED.jpg","contentUrl":"https:\/\/www.eldiario.net\/portal\/wp-content\/uploads\/2023\/07\/logo_ED.jpg","width":272,"height":52,"caption":"El Diario - Decano de la prensa nacional"},"image":{"@id":"https:\/\/www.eldiario.net\/portal\/#\/schema\/logo\/image\/"},"sameAs":["https:\/\/www.facebook.com\/eldiario.bolivia\/","https:\/\/x.com\/eldiario_net"]},{"@type":"Person","@id":"https:\/\/www.eldiario.net\/portal\/#\/schema\/person\/2c57cf2b7a7ae032e449e4c9b1019eac","name":"Jeanette","image":{"@type":"ImageObject","inLanguage":"es","@id":"https:\/\/secure.gravatar.com\/avatar\/3ea2118a5f7dad2b7138b1187a6b7ee55f160b9968b66013c3a3ef39dd7e5798?s=96&d=mm&r=g","url":"https:\/\/secure.gravatar.com\/avatar\/3ea2118a5f7dad2b7138b1187a6b7ee55f160b9968b66013c3a3ef39dd7e5798?s=96&d=mm&r=g","contentUrl":"https:\/\/secure.gravatar.com\/avatar\/3ea2118a5f7dad2b7138b1187a6b7ee55f160b9968b66013c3a3ef39dd7e5798?s=96&d=mm&r=g","caption":"Jeanette"},"sameAs":["https:\/\/www.eldiario.net\/portal"],"url":"https:\/\/www.eldiario.net\/portal\/author\/jeanette\/"}]}},"_links":{"self":[{"href":"https:\/\/www.eldiario.net\/portal\/wp-json\/wp\/v2\/posts\/262970","targetHints":{"allow":["GET"]}}],"collection":[{"href":"https:\/\/www.eldiario.net\/portal\/wp-json\/wp\/v2\/posts"}],"about":[{"href":"https:\/\/www.eldiario.net\/portal\/wp-json\/wp\/v2\/types\/post"}],"author":[{"embeddable":true,"href":"https:\/\/www.eldiario.net\/portal\/wp-json\/wp\/v2\/users\/1"}],"replies":[{"embeddable":true,"href":"https:\/\/www.eldiario.net\/portal\/wp-json\/wp\/v2\/comments?post=262970"}],"version-history":[{"count":1,"href":"https:\/\/www.eldiario.net\/portal\/wp-json\/wp\/v2\/posts\/262970\/revisions"}],"predecessor-version":[{"id":262973,"href":"https:\/\/www.eldiario.net\/portal\/wp-json\/wp\/v2\/posts\/262970\/revisions\/262973"}],"wp:featuredmedia":[{"embeddable":true,"href":"https:\/\/www.eldiario.net\/portal\/wp-json\/wp\/v2\/media\/262971"}],"wp:attachment":[{"href":"https:\/\/www.eldiario.net\/portal\/wp-json\/wp\/v2\/media?parent=262970"}],"wp:term":[{"taxonomy":"category","embeddable":true,"href":"https:\/\/www.eldiario.net\/portal\/wp-json\/wp\/v2\/categories?post=262970"},{"taxonomy":"post_tag","embeddable":true,"href":"https:\/\/www.eldiario.net\/portal\/wp-json\/wp\/v2\/tags?post=262970"}],"curies":[{"name":"wp","href":"https:\/\/api.w.org\/{rel}","templated":true}]}}