{"id":262967,"date":"2024-11-23T06:41:46","date_gmt":"2024-11-23T10:41:46","guid":{"rendered":"https:\/\/www.eldiario.net\/portal\/?p=262967"},"modified":"2024-11-23T06:41:46","modified_gmt":"2024-11-23T10:41:46","slug":"creen-que-crimenes-en-pucamayo-estan-relacionados-con-narcotrafico","status":"publish","type":"post","link":"https:\/\/www.eldiario.net\/portal\/2024\/11\/23\/creen-que-crimenes-en-pucamayo-estan-relacionados-con-narcotrafico\/","title":{"rendered":"Creen que cr\u00edmenes en Pucamayo est\u00e1n relacionados con narcotr\u00e1fico"},"content":{"rendered":"<p>El abogado de una de las v\u00edctimas de asesinato en Pucamayo neg\u00f3 creer en la versi\u00f3n del Gobierno de que el hecho est\u00e1 relacionado con venta de armamento b\u00e9lico, sino que sospecha que se trata de un tema vinculado con el narcotr\u00e1fico, por lo que tambi\u00e9n duda que la Polic\u00eda capture a los dem\u00e1s sospechosos.<br \/>\n\u201cNosotros no creemos en la hip\u00f3tesis de la venta de armas. (\u2026) Ac\u00e1 se maneja el tema del tr\u00e1fico de sustancias controladas\u201d, se\u00f1al\u00f3 Ledezma, abogado de la familia de Juan Carlos Rom\u00e1n, una de las cuatro personas asesinadas a mano armada en Pucamayo, cuyo cuerpo fue encontrado esta semana en esta localidad ubicada en el Tr\u00f3pico de Cochabamba.<br \/>\nLa Polic\u00eda captur\u00f3 a un sospechoso identificado como Ernesto Almaraz, quien confes\u00f3 haber asesinado a cuatro personas. No obstante, Ledezma sostuvo que existieron contradicciones entre las declaraciones que el sindicado brind\u00f3 a la Polic\u00eda y las que dio al Ministerio P\u00fablico.<br \/>\nAdem\u00e1s, no ve cre\u00edble que cinco personas hayan sido asesinadas \u201cde la forma m\u00e1s macabra\u201d por Bs 27.000 y asegur\u00f3 que toda la regi\u00f3n cercana a esta comunidad es una \u201czona roja\u201d del narcotr\u00e1fico y \u201ctierra de nadie\u201d. \u201cNo hay presencia del Estado, es tierra de nadie porque es una zona productora de coca\u00edna y de sembrad\u00edos de marihuana\u201d, manifest\u00f3 a Unitel.<br \/>\nPor otro lado, el abogado expres\u00f3 su duda acerca de que la Polic\u00eda capture al resto de implicados, identificados como Juan Almaraz, Juan C\u00e1ceres, Sergio Paco y otro comunario cuya identidad es desconocida, de acuerdo con informaci\u00f3n de ANF.<\/p>\n<p>ANTECEDENTES<br \/>\nEn este caso, el Gobierno sostiene que una de las v\u00edctimas ofreci\u00f3 armamento de guerra a los pobladores de Pucamayo, para supuestamente apoyar los bloqueos del s\u00e9quito \u201cevista\u201d en Parotani, pero la transacci\u00f3n nunca se concret\u00f3.<br \/>\nEntonces, los sujetos habr\u00edan secuestrado, torturado y asesinado a un par de ellos, luego de pedir un rescate de Bs 27.000 por liberar a estos dos primeros rehenes. El veh\u00edculo en el que viajaron a la zona, el d\u00eda de su ejecuci\u00f3n, fue quemado por los comunarios.<br \/>\nAunque una familiar llev\u00f3 dinero para el rescate de la v\u00edctima, acompa\u00f1ada de dos personas, estos tambi\u00e9n fueron ejecutados quemados y enterrados en una fosa com\u00fan, seg\u00fan explic\u00f3 el viceministro de R\u00e9gimen Interior, Jhonny Aguilera.<br \/>\nAunque los cuerpos de cuatro personas fueron encontrados y velados en la pasada jornada, el hecho no termina de esclarecerse, pues el cuerpo del supuesto vendedor de armas, Cristian Serna, a\u00fan no fue encontrado y se presume que fue enterrado vivo en una zona alejada. La Polic\u00eda sigue buscando sus restos mortales.<br \/>\nLedezma agreg\u00f3 que se pedir\u00e1 la declaraci\u00f3n del alcalde y subalcaldesa de Sacaba, quienes se habr\u00edan negado a auxiliar a las familias de las v\u00edctimas: \u201cPor acci\u00f3n y omisi\u00f3n, estas autoridades no han querido intervenir porque les tienen miedo a los movimientos sociales y al Movimiento al Socialismo (MAS)\u201d.<\/p>\n","protected":false},"excerpt":{"rendered":"<p>El abogado de una de las v\u00edctimas de asesinato en Pucamayo neg\u00f3 creer en la versi\u00f3n del Gobierno de que el hecho est\u00e1 relacionado con venta de armamento b\u00e9lico, sino que sospecha que se trata de un tema vinculado con el narcotr\u00e1fico, por lo que tambi\u00e9n duda que la Polic\u00eda capture a los dem\u00e1s sospechosos. [&hellip;]<\/p>\n","protected":false},"author":1,"featured_media":262968,"comment_status":"closed","ping_status":"open","sticky":false,"template":"","format":"standard","meta":{"_acf_changed":false,"footnotes":""},"categories":[39],"tags":[],"class_list":["post-262967","post","type-post","status-publish","format-standard","has-post-thumbnail","category-sociedad"],"acf":{"antetitulo":"Seg\u00fan abogado"},"yoast_head":"<!-- This site is optimized with the Yoast SEO plugin v28.4 - https:\/\/yoast.com\/product\/yoast-seo-wordpress\/ -->\n<title>Creen que cr\u00edmenes en Pucamayo est\u00e1n relacionados con narcotr\u00e1fico - El Diario - Bolivia<\/title>\n<meta name=\"robots\" content=\"index, follow, max-snippet:-1, max-image-preview:large, max-video-preview:-1\" \/>\n<link rel=\"canonical\" href=\"https:\/\/www.eldiario.net\/portal\/2024\/11\/23\/creen-que-crimenes-en-pucamayo-estan-relacionados-con-narcotrafico\/\" \/>\n<meta property=\"og:locale\" content=\"es_ES\" \/>\n<meta property=\"og:type\" content=\"article\" \/>\n<meta property=\"og:title\" content=\"Creen que cr\u00edmenes en Pucamayo est\u00e1n relacionados con narcotr\u00e1fico - El Diario - Bolivia\" \/>\n<meta property=\"og:description\" content=\"El abogado de una de las v\u00edctimas de asesinato en Pucamayo neg\u00f3 creer en la versi\u00f3n del Gobierno de que el hecho est\u00e1 relacionado con venta de armamento b\u00e9lico, sino que sospecha que se trata de un tema vinculado con el narcotr\u00e1fico, por lo que tambi\u00e9n duda que la Polic\u00eda capture a los dem\u00e1s sospechosos. [&hellip;]\" \/>\n<meta property=\"og:url\" content=\"https:\/\/www.eldiario.net\/portal\/2024\/11\/23\/creen-que-crimenes-en-pucamayo-estan-relacionados-con-narcotrafico\/\" \/>\n<meta property=\"og:site_name\" content=\"El Diario - Bolivia\" \/>\n<meta property=\"article:publisher\" content=\"https:\/\/www.facebook.com\/eldiario.bolivia\/\" \/>\n<meta property=\"article:published_time\" content=\"2024-11-23T10:41:46+00:00\" \/>\n<meta property=\"og:image\" content=\"https:\/\/www.eldiario.net\/portal\/wp-content\/uploads\/2024\/11\/23-PUCA.jpg\" \/>\n\t<meta property=\"og:image:width\" content=\"1200\" \/>\n\t<meta property=\"og:image:height\" content=\"675\" \/>\n\t<meta property=\"og:image:type\" content=\"image\/jpeg\" \/>\n<meta name=\"author\" content=\"Jeanette\" \/>\n<meta name=\"twitter:card\" content=\"summary_large_image\" \/>\n<meta name=\"twitter:creator\" content=\"@eldiario_net\" \/>\n<meta name=\"twitter:site\" content=\"@eldiario_net\" \/>\n<meta name=\"twitter:label1\" content=\"Escrito por\" \/>\n\t<meta name=\"twitter:data1\" content=\"Jeanette\" \/>\n\t<meta name=\"twitter:label2\" content=\"Tiempo de lectura\" \/>\n\t<meta name=\"twitter:data2\" content=\"3 minutos\" \/>\n<script type=\"application\/ld+json\" class=\"yoast-schema-graph\">{\"@context\":\"https:\\\/\\\/schema.org\",\"@graph\":[{\"@type\":\"Article\",\"@id\":\"https:\\\/\\\/www.eldiario.net\\\/portal\\\/2024\\\/11\\\/23\\\/creen-que-crimenes-en-pucamayo-estan-relacionados-con-narcotrafico\\\/#article\",\"isPartOf\":{\"@id\":\"https:\\\/\\\/www.eldiario.net\\\/portal\\\/2024\\\/11\\\/23\\\/creen-que-crimenes-en-pucamayo-estan-relacionados-con-narcotrafico\\\/\"},\"author\":{\"name\":\"Jeanette\",\"@id\":\"https:\\\/\\\/www.eldiario.net\\\/portal\\\/#\\\/schema\\\/person\\\/2c57cf2b7a7ae032e449e4c9b1019eac\"},\"headline\":\"Creen que cr\u00edmenes en Pucamayo est\u00e1n relacionados con narcotr\u00e1fico\",\"datePublished\":\"2024-11-23T10:41:46+00:00\",\"mainEntityOfPage\":{\"@id\":\"https:\\\/\\\/www.eldiario.net\\\/portal\\\/2024\\\/11\\\/23\\\/creen-que-crimenes-en-pucamayo-estan-relacionados-con-narcotrafico\\\/\"},\"wordCount\":529,\"publisher\":{\"@id\":\"https:\\\/\\\/www.eldiario.net\\\/portal\\\/#organization\"},\"image\":{\"@id\":\"https:\\\/\\\/www.eldiario.net\\\/portal\\\/2024\\\/11\\\/23\\\/creen-que-crimenes-en-pucamayo-estan-relacionados-con-narcotrafico\\\/#primaryimage\"},\"thumbnailUrl\":\"https:\\\/\\\/www.eldiario.net\\\/portal\\\/wp-content\\\/uploads\\\/2024\\\/11\\\/23-PUCA.jpg\",\"articleSection\":[\"Sociedad - Seguridad\"],\"inLanguage\":\"es\"},{\"@type\":\"WebPage\",\"@id\":\"https:\\\/\\\/www.eldiario.net\\\/portal\\\/2024\\\/11\\\/23\\\/creen-que-crimenes-en-pucamayo-estan-relacionados-con-narcotrafico\\\/\",\"url\":\"https:\\\/\\\/www.eldiario.net\\\/portal\\\/2024\\\/11\\\/23\\\/creen-que-crimenes-en-pucamayo-estan-relacionados-con-narcotrafico\\\/\",\"name\":\"Creen que cr\u00edmenes en Pucamayo est\u00e1n relacionados con narcotr\u00e1fico - El Diario - Bolivia\",\"isPartOf\":{\"@id\":\"https:\\\/\\\/www.eldiario.net\\\/portal\\\/#website\"},\"primaryImageOfPage\":{\"@id\":\"https:\\\/\\\/www.eldiario.net\\\/portal\\\/2024\\\/11\\\/23\\\/creen-que-crimenes-en-pucamayo-estan-relacionados-con-narcotrafico\\\/#primaryimage\"},\"image\":{\"@id\":\"https:\\\/\\\/www.eldiario.net\\\/portal\\\/2024\\\/11\\\/23\\\/creen-que-crimenes-en-pucamayo-estan-relacionados-con-narcotrafico\\\/#primaryimage\"},\"thumbnailUrl\":\"https:\\\/\\\/www.eldiario.net\\\/portal\\\/wp-content\\\/uploads\\\/2024\\\/11\\\/23-PUCA.jpg\",\"datePublished\":\"2024-11-23T10:41:46+00:00\",\"breadcrumb\":{\"@id\":\"https:\\\/\\\/www.eldiario.net\\\/portal\\\/2024\\\/11\\\/23\\\/creen-que-crimenes-en-pucamayo-estan-relacionados-con-narcotrafico\\\/#breadcrumb\"},\"inLanguage\":\"es\",\"potentialAction\":[{\"@type\":\"ReadAction\",\"target\":[\"https:\\\/\\\/www.eldiario.net\\\/portal\\\/2024\\\/11\\\/23\\\/creen-que-crimenes-en-pucamayo-estan-relacionados-con-narcotrafico\\\/\"]}]},{\"@type\":\"ImageObject\",\"inLanguage\":\"es\",\"@id\":\"https:\\\/\\\/www.eldiario.net\\\/portal\\\/2024\\\/11\\\/23\\\/creen-que-crimenes-en-pucamayo-estan-relacionados-con-narcotrafico\\\/#primaryimage\",\"url\":\"https:\\\/\\\/www.eldiario.net\\\/portal\\\/wp-content\\\/uploads\\\/2024\\\/11\\\/23-PUCA.jpg\",\"contentUrl\":\"https:\\\/\\\/www.eldiario.net\\\/portal\\\/wp-content\\\/uploads\\\/2024\\\/11\\\/23-PUCA.jpg\",\"width\":1200,\"height\":675,\"caption\":\"Restos del veh\u00edculo quemado en Pucamayo.\"},{\"@type\":\"BreadcrumbList\",\"@id\":\"https:\\\/\\\/www.eldiario.net\\\/portal\\\/2024\\\/11\\\/23\\\/creen-que-crimenes-en-pucamayo-estan-relacionados-con-narcotrafico\\\/#breadcrumb\",\"itemListElement\":[{\"@type\":\"ListItem\",\"position\":1,\"name\":\"Portada\",\"item\":\"https:\\\/\\\/www.eldiario.net\\\/portal\\\/\"},{\"@type\":\"ListItem\",\"position\":2,\"name\":\"Creen que cr\u00edmenes en Pucamayo est\u00e1n relacionados con narcotr\u00e1fico\"}]},{\"@type\":\"WebSite\",\"@id\":\"https:\\\/\\\/www.eldiario.net\\\/portal\\\/#website\",\"url\":\"https:\\\/\\\/www.eldiario.net\\\/portal\\\/\",\"name\":\"El Diario - Decano de la prensa nacional\",\"description\":\"El Diario - Decano de la prensa nacional\",\"publisher\":{\"@id\":\"https:\\\/\\\/www.eldiario.net\\\/portal\\\/#organization\"},\"potentialAction\":[{\"@type\":\"SearchAction\",\"target\":{\"@type\":\"EntryPoint\",\"urlTemplate\":\"https:\\\/\\\/www.eldiario.net\\\/portal\\\/?s={search_term_string}\"},\"query-input\":{\"@type\":\"PropertyValueSpecification\",\"valueRequired\":true,\"valueName\":\"search_term_string\"}}],\"inLanguage\":\"es\"},{\"@type\":\"Organization\",\"@id\":\"https:\\\/\\\/www.eldiario.net\\\/portal\\\/#organization\",\"name\":\"El Diario - Decano de la prensa nacional\",\"url\":\"https:\\\/\\\/www.eldiario.net\\\/portal\\\/\",\"logo\":{\"@type\":\"ImageObject\",\"inLanguage\":\"es\",\"@id\":\"https:\\\/\\\/www.eldiario.net\\\/portal\\\/#\\\/schema\\\/logo\\\/image\\\/\",\"url\":\"https:\\\/\\\/www.eldiario.net\\\/portal\\\/wp-content\\\/uploads\\\/2023\\\/07\\\/logo_ED.jpg\",\"contentUrl\":\"https:\\\/\\\/www.eldiario.net\\\/portal\\\/wp-content\\\/uploads\\\/2023\\\/07\\\/logo_ED.jpg\",\"width\":272,\"height\":52,\"caption\":\"El Diario - Decano de la prensa nacional\"},\"image\":{\"@id\":\"https:\\\/\\\/www.eldiario.net\\\/portal\\\/#\\\/schema\\\/logo\\\/image\\\/\"},\"sameAs\":[\"https:\\\/\\\/www.facebook.com\\\/eldiario.bolivia\\\/\",\"https:\\\/\\\/x.com\\\/eldiario_net\"]},{\"@type\":\"Person\",\"@id\":\"https:\\\/\\\/www.eldiario.net\\\/portal\\\/#\\\/schema\\\/person\\\/2c57cf2b7a7ae032e449e4c9b1019eac\",\"name\":\"Jeanette\",\"image\":{\"@type\":\"ImageObject\",\"inLanguage\":\"es\",\"@id\":\"https:\\\/\\\/secure.gravatar.com\\\/avatar\\\/3ea2118a5f7dad2b7138b1187a6b7ee55f160b9968b66013c3a3ef39dd7e5798?s=96&d=mm&r=g\",\"url\":\"https:\\\/\\\/secure.gravatar.com\\\/avatar\\\/3ea2118a5f7dad2b7138b1187a6b7ee55f160b9968b66013c3a3ef39dd7e5798?s=96&d=mm&r=g\",\"contentUrl\":\"https:\\\/\\\/secure.gravatar.com\\\/avatar\\\/3ea2118a5f7dad2b7138b1187a6b7ee55f160b9968b66013c3a3ef39dd7e5798?s=96&d=mm&r=g\",\"caption\":\"Jeanette\"},\"sameAs\":[\"https:\\\/\\\/www.eldiario.net\\\/portal\"],\"url\":\"https:\\\/\\\/www.eldiario.net\\\/portal\\\/author\\\/jeanette\\\/\"}]}<\/script>\n<!-- \/ Yoast SEO plugin. -->","yoast_head_json":{"title":"Creen que cr\u00edmenes en Pucamayo est\u00e1n relacionados con narcotr\u00e1fico - El Diario - Bolivia","robots":{"index":"index","follow":"follow","max-snippet":"max-snippet:-1","max-image-preview":"max-image-preview:large","max-video-preview":"max-video-preview:-1"},"canonical":"https:\/\/www.eldiario.net\/portal\/2024\/11\/23\/creen-que-crimenes-en-pucamayo-estan-relacionados-con-narcotrafico\/","og_locale":"es_ES","og_type":"article","og_title":"Creen que cr\u00edmenes en Pucamayo est\u00e1n relacionados con narcotr\u00e1fico - El Diario - Bolivia","og_description":"El abogado de una de las v\u00edctimas de asesinato en Pucamayo neg\u00f3 creer en la versi\u00f3n del Gobierno de que el hecho est\u00e1 relacionado con venta de armamento b\u00e9lico, sino que sospecha que se trata de un tema vinculado con el narcotr\u00e1fico, por lo que tambi\u00e9n duda que la Polic\u00eda capture a los dem\u00e1s sospechosos. [&hellip;]","og_url":"https:\/\/www.eldiario.net\/portal\/2024\/11\/23\/creen-que-crimenes-en-pucamayo-estan-relacionados-con-narcotrafico\/","og_site_name":"El Diario - Bolivia","article_publisher":"https:\/\/www.facebook.com\/eldiario.bolivia\/","article_published_time":"2024-11-23T10:41:46+00:00","og_image":[{"width":1200,"height":675,"url":"https:\/\/www.eldiario.net\/portal\/wp-content\/uploads\/2024\/11\/23-PUCA.jpg","type":"image\/jpeg"}],"author":"Jeanette","twitter_card":"summary_large_image","twitter_creator":"@eldiario_net","twitter_site":"@eldiario_net","twitter_misc":{"Escrito por":"Jeanette","Tiempo de lectura":"3 minutos"},"schema":{"@context":"https:\/\/schema.org","@graph":[{"@type":"Article","@id":"https:\/\/www.eldiario.net\/portal\/2024\/11\/23\/creen-que-crimenes-en-pucamayo-estan-relacionados-con-narcotrafico\/#article","isPartOf":{"@id":"https:\/\/www.eldiario.net\/portal\/2024\/11\/23\/creen-que-crimenes-en-pucamayo-estan-relacionados-con-narcotrafico\/"},"author":{"name":"Jeanette","@id":"https:\/\/www.eldiario.net\/portal\/#\/schema\/person\/2c57cf2b7a7ae032e449e4c9b1019eac"},"headline":"Creen que cr\u00edmenes en Pucamayo est\u00e1n relacionados con narcotr\u00e1fico","datePublished":"2024-11-23T10:41:46+00:00","mainEntityOfPage":{"@id":"https:\/\/www.eldiario.net\/portal\/2024\/11\/23\/creen-que-crimenes-en-pucamayo-estan-relacionados-con-narcotrafico\/"},"wordCount":529,"publisher":{"@id":"https:\/\/www.eldiario.net\/portal\/#organization"},"image":{"@id":"https:\/\/www.eldiario.net\/portal\/2024\/11\/23\/creen-que-crimenes-en-pucamayo-estan-relacionados-con-narcotrafico\/#primaryimage"},"thumbnailUrl":"https:\/\/www.eldiario.net\/portal\/wp-content\/uploads\/2024\/11\/23-PUCA.jpg","articleSection":["Sociedad - Seguridad"],"inLanguage":"es"},{"@type":"WebPage","@id":"https:\/\/www.eldiario.net\/portal\/2024\/11\/23\/creen-que-crimenes-en-pucamayo-estan-relacionados-con-narcotrafico\/","url":"https:\/\/www.eldiario.net\/portal\/2024\/11\/23\/creen-que-crimenes-en-pucamayo-estan-relacionados-con-narcotrafico\/","name":"Creen que cr\u00edmenes en Pucamayo est\u00e1n relacionados con narcotr\u00e1fico - El Diario - Bolivia","isPartOf":{"@id":"https:\/\/www.eldiario.net\/portal\/#website"},"primaryImageOfPage":{"@id":"https:\/\/www.eldiario.net\/portal\/2024\/11\/23\/creen-que-crimenes-en-pucamayo-estan-relacionados-con-narcotrafico\/#primaryimage"},"image":{"@id":"https:\/\/www.eldiario.net\/portal\/2024\/11\/23\/creen-que-crimenes-en-pucamayo-estan-relacionados-con-narcotrafico\/#primaryimage"},"thumbnailUrl":"https:\/\/www.eldiario.net\/portal\/wp-content\/uploads\/2024\/11\/23-PUCA.jpg","datePublished":"2024-11-23T10:41:46+00:00","breadcrumb":{"@id":"https:\/\/www.eldiario.net\/portal\/2024\/11\/23\/creen-que-crimenes-en-pucamayo-estan-relacionados-con-narcotrafico\/#breadcrumb"},"inLanguage":"es","potentialAction":[{"@type":"ReadAction","target":["https:\/\/www.eldiario.net\/portal\/2024\/11\/23\/creen-que-crimenes-en-pucamayo-estan-relacionados-con-narcotrafico\/"]}]},{"@type":"ImageObject","inLanguage":"es","@id":"https:\/\/www.eldiario.net\/portal\/2024\/11\/23\/creen-que-crimenes-en-pucamayo-estan-relacionados-con-narcotrafico\/#primaryimage","url":"https:\/\/www.eldiario.net\/portal\/wp-content\/uploads\/2024\/11\/23-PUCA.jpg","contentUrl":"https:\/\/www.eldiario.net\/portal\/wp-content\/uploads\/2024\/11\/23-PUCA.jpg","width":1200,"height":675,"caption":"Restos del veh\u00edculo quemado en Pucamayo."},{"@type":"BreadcrumbList","@id":"https:\/\/www.eldiario.net\/portal\/2024\/11\/23\/creen-que-crimenes-en-pucamayo-estan-relacionados-con-narcotrafico\/#breadcrumb","itemListElement":[{"@type":"ListItem","position":1,"name":"Portada","item":"https:\/\/www.eldiario.net\/portal\/"},{"@type":"ListItem","position":2,"name":"Creen que cr\u00edmenes en Pucamayo est\u00e1n relacionados con narcotr\u00e1fico"}]},{"@type":"WebSite","@id":"https:\/\/www.eldiario.net\/portal\/#website","url":"https:\/\/www.eldiario.net\/portal\/","name":"El Diario - Decano de la prensa nacional","description":"El Diario - Decano de la prensa nacional","publisher":{"@id":"https:\/\/www.eldiario.net\/portal\/#organization"},"potentialAction":[{"@type":"SearchAction","target":{"@type":"EntryPoint","urlTemplate":"https:\/\/www.eldiario.net\/portal\/?s={search_term_string}"},"query-input":{"@type":"PropertyValueSpecification","valueRequired":true,"valueName":"search_term_string"}}],"inLanguage":"es"},{"@type":"Organization","@id":"https:\/\/www.eldiario.net\/portal\/#organization","name":"El Diario - Decano de la prensa nacional","url":"https:\/\/www.eldiario.net\/portal\/","logo":{"@type":"ImageObject","inLanguage":"es","@id":"https:\/\/www.eldiario.net\/portal\/#\/schema\/logo\/image\/","url":"https:\/\/www.eldiario.net\/portal\/wp-content\/uploads\/2023\/07\/logo_ED.jpg","contentUrl":"https:\/\/www.eldiario.net\/portal\/wp-content\/uploads\/2023\/07\/logo_ED.jpg","width":272,"height":52,"caption":"El Diario - Decano de la prensa nacional"},"image":{"@id":"https:\/\/www.eldiario.net\/portal\/#\/schema\/logo\/image\/"},"sameAs":["https:\/\/www.facebook.com\/eldiario.bolivia\/","https:\/\/x.com\/eldiario_net"]},{"@type":"Person","@id":"https:\/\/www.eldiario.net\/portal\/#\/schema\/person\/2c57cf2b7a7ae032e449e4c9b1019eac","name":"Jeanette","image":{"@type":"ImageObject","inLanguage":"es","@id":"https:\/\/secure.gravatar.com\/avatar\/3ea2118a5f7dad2b7138b1187a6b7ee55f160b9968b66013c3a3ef39dd7e5798?s=96&d=mm&r=g","url":"https:\/\/secure.gravatar.com\/avatar\/3ea2118a5f7dad2b7138b1187a6b7ee55f160b9968b66013c3a3ef39dd7e5798?s=96&d=mm&r=g","contentUrl":"https:\/\/secure.gravatar.com\/avatar\/3ea2118a5f7dad2b7138b1187a6b7ee55f160b9968b66013c3a3ef39dd7e5798?s=96&d=mm&r=g","caption":"Jeanette"},"sameAs":["https:\/\/www.eldiario.net\/portal"],"url":"https:\/\/www.eldiario.net\/portal\/author\/jeanette\/"}]}},"_links":{"self":[{"href":"https:\/\/www.eldiario.net\/portal\/wp-json\/wp\/v2\/posts\/262967","targetHints":{"allow":["GET"]}}],"collection":[{"href":"https:\/\/www.eldiario.net\/portal\/wp-json\/wp\/v2\/posts"}],"about":[{"href":"https:\/\/www.eldiario.net\/portal\/wp-json\/wp\/v2\/types\/post"}],"author":[{"embeddable":true,"href":"https:\/\/www.eldiario.net\/portal\/wp-json\/wp\/v2\/users\/1"}],"replies":[{"embeddable":true,"href":"https:\/\/www.eldiario.net\/portal\/wp-json\/wp\/v2\/comments?post=262967"}],"version-history":[{"count":1,"href":"https:\/\/www.eldiario.net\/portal\/wp-json\/wp\/v2\/posts\/262967\/revisions"}],"predecessor-version":[{"id":262969,"href":"https:\/\/www.eldiario.net\/portal\/wp-json\/wp\/v2\/posts\/262967\/revisions\/262969"}],"wp:featuredmedia":[{"embeddable":true,"href":"https:\/\/www.eldiario.net\/portal\/wp-json\/wp\/v2\/media\/262968"}],"wp:attachment":[{"href":"https:\/\/www.eldiario.net\/portal\/wp-json\/wp\/v2\/media?parent=262967"}],"wp:term":[{"taxonomy":"category","embeddable":true,"href":"https:\/\/www.eldiario.net\/portal\/wp-json\/wp\/v2\/categories?post=262967"},{"taxonomy":"post_tag","embeddable":true,"href":"https:\/\/www.eldiario.net\/portal\/wp-json\/wp\/v2\/tags?post=262967"}],"curies":[{"name":"wp","href":"https:\/\/api.w.org\/{rel}","templated":true}]}}