{"id":262960,"date":"2024-11-23T06:40:20","date_gmt":"2024-11-23T10:40:20","guid":{"rendered":"https:\/\/www.eldiario.net\/portal\/?p=262960"},"modified":"2024-11-23T06:40:20","modified_gmt":"2024-11-23T10:40:20","slug":"dan-domiciliaria-a-pareja-acusada-de-comprar-a-menor-para-explotacion","status":"publish","type":"post","link":"https:\/\/www.eldiario.net\/portal\/2024\/11\/23\/dan-domiciliaria-a-pareja-acusada-de-comprar-a-menor-para-explotacion\/","title":{"rendered":"Dan domiciliaria a pareja acusada de \u201ccomprar\u201d a menor para explotaci\u00f3n"},"content":{"rendered":"<p>Un juez de La Paz otorg\u00f3 detenci\u00f3n domiciliaria a una pareja denunciada por haber comprado a una joven y mantenerla privada de libertad por 10 a\u00f1os, para fines de explotaci\u00f3n laboral y hasta abuso sexual. La Fiscal\u00eda anunci\u00f3 que apel\u00f3 esta decisi\u00f3n de la justicia, pues procura la detenci\u00f3n preventiva de los sujetos.<br \/>\nEl caso se descubri\u00f3 esta semana. Seg\u00fan la investigaci\u00f3n, la joven fue vendida por su padre a los 16 a\u00f1os y, desde entonces, la manten\u00edan en un domicilio de la zona Cota Cota, en una habitaci\u00f3n de dos metros cuadrados.<br \/>\nLos denunciados son Delma P. L. P., de 39 a\u00f1os, y su pareja, Julio C. S. H., de 38 a\u00f1os.<br \/>\nDe acuerdo con las autoridades, la joven de ahora 26 a\u00f1os de edad era explotada laboralmente y habr\u00eda sufrido abuso sexual de parte del sindicado. Ten\u00eda una habitaci\u00f3n donde dorm\u00eda en un colch\u00f3n en el piso, en un espacio tan peque\u00f1o que deb\u00eda poner los pies debajo de un mueble para descansar.<br \/>\nLa Fiscal\u00eda pidi\u00f3 la prisi\u00f3n preventiva de los implicados, pero el juez, Elmer Laura, decidi\u00f3 darles la detenci\u00f3n domiciliaria.<br \/>\nLa Polic\u00eda y la Fiscal\u00eda protestaron contra la decisi\u00f3n del juez, porque consideran que los denunciados podr\u00e1n influir en la v\u00edctima para evitar sus responsabilidades.<br \/>\nSeg\u00fan la fiscal, Sheila Rodr\u00edguez, el juez consider\u00f3 que el testimonio de la v\u00edctima no era tan cre\u00edble y que la pareja tiene un hijo de cuatro a\u00f1os al cual cuidar.<br \/>\nEl jefe de la fuerza anticrimen, Walter Sosa, reproch\u00f3 tambi\u00e9n que el juez haya considerado que la v\u00edctima no estaba privada de libertad, cuando s\u00f3lo se le dejaba salir al patio.<br \/>\nEn ese marco, el Ministerio P\u00fablico apel\u00f3 la decisi\u00f3n del juez y espera que el tribunal de alzada revoque la resoluci\u00f3n, para dictar la prisi\u00f3n preventiva contra los implicados. (Erbol)<\/p>\n<figure id=\"attachment_262962\" aria-describedby=\"caption-attachment-262962\" style=\"width: 1280px\" class=\"wp-caption alignleft\"><img loading=\"lazy\" decoding=\"async\" class=\"size-full wp-image-262962\" src=\"https:\/\/www.eldiario.net\/portal\/wp-content\/uploads\/2024\/11\/23-VENTA-2.jpg\" alt=\"\" width=\"1280\" height=\"853\" srcset=\"https:\/\/www.eldiario.net\/portal\/wp-content\/uploads\/2024\/11\/23-VENTA-2.jpg 1280w, https:\/\/www.eldiario.net\/portal\/wp-content\/uploads\/2024\/11\/23-VENTA-2-300x200.jpg 300w, https:\/\/www.eldiario.net\/portal\/wp-content\/uploads\/2024\/11\/23-VENTA-2-1024x682.jpg 1024w, https:\/\/www.eldiario.net\/portal\/wp-content\/uploads\/2024\/11\/23-VENTA-2-768x512.jpg 768w, https:\/\/www.eldiario.net\/portal\/wp-content\/uploads\/2024\/11\/23-VENTA-2-630x420.jpg 630w, https:\/\/www.eldiario.net\/portal\/wp-content\/uploads\/2024\/11\/23-VENTA-2-696x464.jpg 696w, https:\/\/www.eldiario.net\/portal\/wp-content\/uploads\/2024\/11\/23-VENTA-2-1068x712.jpg 1068w\" sizes=\"auto, (max-width: 1280px) 100vw, 1280px\" \/><figcaption id=\"caption-attachment-262962\" class=\"wp-caption-text\">El jefe de la fuerza anticrimen, Walter Sosa, y la fiscal, Sheila Rodr\u00edguez.<\/figcaption><\/figure>\n","protected":false},"excerpt":{"rendered":"<p>Un juez de La Paz otorg\u00f3 detenci\u00f3n domiciliaria a una pareja denunciada por haber comprado a una joven y mantenerla privada de libertad por 10 a\u00f1os, para fines de explotaci\u00f3n laboral y hasta abuso sexual. La Fiscal\u00eda anunci\u00f3 que apel\u00f3 esta decisi\u00f3n de la justicia, pues procura la detenci\u00f3n preventiva de los sujetos. El caso [&hellip;]<\/p>\n","protected":false},"author":1,"featured_media":262961,"comment_status":"closed","ping_status":"open","sticky":false,"template":"","format":"standard","meta":{"_acf_changed":false,"footnotes":""},"categories":[39],"tags":[],"class_list":["post-262960","post","type-post","status-publish","format-standard","has-post-thumbnail","category-sociedad"],"acf":{"antetitulo":"La Paz"},"yoast_head":"<!-- This site is optimized with the Yoast SEO plugin v28.4 - https:\/\/yoast.com\/product\/yoast-seo-wordpress\/ -->\n<title>Dan domiciliaria a pareja acusada de \u201ccomprar\u201d a menor para explotaci\u00f3n - El Diario - Bolivia<\/title>\n<meta name=\"robots\" content=\"index, follow, max-snippet:-1, max-image-preview:large, max-video-preview:-1\" \/>\n<link rel=\"canonical\" href=\"https:\/\/www.eldiario.net\/portal\/2024\/11\/23\/dan-domiciliaria-a-pareja-acusada-de-comprar-a-menor-para-explotacion\/\" \/>\n<meta property=\"og:locale\" content=\"es_ES\" \/>\n<meta property=\"og:type\" content=\"article\" \/>\n<meta property=\"og:title\" content=\"Dan domiciliaria a pareja acusada de \u201ccomprar\u201d a menor para explotaci\u00f3n - El Diario - Bolivia\" \/>\n<meta property=\"og:description\" content=\"Un juez de La Paz otorg\u00f3 detenci\u00f3n domiciliaria a una pareja denunciada por haber comprado a una joven y mantenerla privada de libertad por 10 a\u00f1os, para fines de explotaci\u00f3n laboral y hasta abuso sexual. La Fiscal\u00eda anunci\u00f3 que apel\u00f3 esta decisi\u00f3n de la justicia, pues procura la detenci\u00f3n preventiva de los sujetos. El caso [&hellip;]\" \/>\n<meta property=\"og:url\" content=\"https:\/\/www.eldiario.net\/portal\/2024\/11\/23\/dan-domiciliaria-a-pareja-acusada-de-comprar-a-menor-para-explotacion\/\" \/>\n<meta property=\"og:site_name\" content=\"El Diario - Bolivia\" \/>\n<meta property=\"article:publisher\" content=\"https:\/\/www.facebook.com\/eldiario.bolivia\/\" \/>\n<meta property=\"article:published_time\" content=\"2024-11-23T10:40:20+00:00\" \/>\n<meta property=\"og:image\" content=\"https:\/\/www.eldiario.net\/portal\/wp-content\/uploads\/2024\/11\/23-VENTA-1.jpg\" \/>\n\t<meta property=\"og:image:width\" content=\"900\" \/>\n\t<meta property=\"og:image:height\" content=\"535\" \/>\n\t<meta property=\"og:image:type\" content=\"image\/jpeg\" \/>\n<meta name=\"author\" content=\"Jeanette\" \/>\n<meta name=\"twitter:card\" content=\"summary_large_image\" \/>\n<meta name=\"twitter:creator\" content=\"@eldiario_net\" \/>\n<meta name=\"twitter:site\" content=\"@eldiario_net\" \/>\n<meta name=\"twitter:label1\" content=\"Escrito por\" \/>\n\t<meta name=\"twitter:data1\" content=\"Jeanette\" \/>\n\t<meta name=\"twitter:label2\" content=\"Tiempo de lectura\" \/>\n\t<meta name=\"twitter:data2\" content=\"2 minutos\" \/>\n<script type=\"application\/ld+json\" class=\"yoast-schema-graph\">{\"@context\":\"https:\\\/\\\/schema.org\",\"@graph\":[{\"@type\":\"Article\",\"@id\":\"https:\\\/\\\/www.eldiario.net\\\/portal\\\/2024\\\/11\\\/23\\\/dan-domiciliaria-a-pareja-acusada-de-comprar-a-menor-para-explotacion\\\/#article\",\"isPartOf\":{\"@id\":\"https:\\\/\\\/www.eldiario.net\\\/portal\\\/2024\\\/11\\\/23\\\/dan-domiciliaria-a-pareja-acusada-de-comprar-a-menor-para-explotacion\\\/\"},\"author\":{\"name\":\"Jeanette\",\"@id\":\"https:\\\/\\\/www.eldiario.net\\\/portal\\\/#\\\/schema\\\/person\\\/f46445640444750d7d753ccd04ae01b7\"},\"headline\":\"Dan domiciliaria a pareja acusada de \u201ccomprar\u201d a menor para explotaci\u00f3n\",\"datePublished\":\"2024-11-23T10:40:20+00:00\",\"mainEntityOfPage\":{\"@id\":\"https:\\\/\\\/www.eldiario.net\\\/portal\\\/2024\\\/11\\\/23\\\/dan-domiciliaria-a-pareja-acusada-de-comprar-a-menor-para-explotacion\\\/\"},\"wordCount\":370,\"publisher\":{\"@id\":\"https:\\\/\\\/www.eldiario.net\\\/portal\\\/#organization\"},\"image\":{\"@id\":\"https:\\\/\\\/www.eldiario.net\\\/portal\\\/2024\\\/11\\\/23\\\/dan-domiciliaria-a-pareja-acusada-de-comprar-a-menor-para-explotacion\\\/#primaryimage\"},\"thumbnailUrl\":\"https:\\\/\\\/www.eldiario.net\\\/portal\\\/wp-content\\\/uploads\\\/2024\\\/11\\\/23-VENTA-1.jpg\",\"articleSection\":[\"Sociedad - Seguridad\"],\"inLanguage\":\"es\"},{\"@type\":\"WebPage\",\"@id\":\"https:\\\/\\\/www.eldiario.net\\\/portal\\\/2024\\\/11\\\/23\\\/dan-domiciliaria-a-pareja-acusada-de-comprar-a-menor-para-explotacion\\\/\",\"url\":\"https:\\\/\\\/www.eldiario.net\\\/portal\\\/2024\\\/11\\\/23\\\/dan-domiciliaria-a-pareja-acusada-de-comprar-a-menor-para-explotacion\\\/\",\"name\":\"Dan domiciliaria a pareja acusada de \u201ccomprar\u201d a menor para explotaci\u00f3n - El Diario - Bolivia\",\"isPartOf\":{\"@id\":\"https:\\\/\\\/www.eldiario.net\\\/portal\\\/#website\"},\"primaryImageOfPage\":{\"@id\":\"https:\\\/\\\/www.eldiario.net\\\/portal\\\/2024\\\/11\\\/23\\\/dan-domiciliaria-a-pareja-acusada-de-comprar-a-menor-para-explotacion\\\/#primaryimage\"},\"image\":{\"@id\":\"https:\\\/\\\/www.eldiario.net\\\/portal\\\/2024\\\/11\\\/23\\\/dan-domiciliaria-a-pareja-acusada-de-comprar-a-menor-para-explotacion\\\/#primaryimage\"},\"thumbnailUrl\":\"https:\\\/\\\/www.eldiario.net\\\/portal\\\/wp-content\\\/uploads\\\/2024\\\/11\\\/23-VENTA-1.jpg\",\"datePublished\":\"2024-11-23T10:40:20+00:00\",\"breadcrumb\":{\"@id\":\"https:\\\/\\\/www.eldiario.net\\\/portal\\\/2024\\\/11\\\/23\\\/dan-domiciliaria-a-pareja-acusada-de-comprar-a-menor-para-explotacion\\\/#breadcrumb\"},\"inLanguage\":\"es\",\"potentialAction\":[{\"@type\":\"ReadAction\",\"target\":[\"https:\\\/\\\/www.eldiario.net\\\/portal\\\/2024\\\/11\\\/23\\\/dan-domiciliaria-a-pareja-acusada-de-comprar-a-menor-para-explotacion\\\/\"]}]},{\"@type\":\"ImageObject\",\"inLanguage\":\"es\",\"@id\":\"https:\\\/\\\/www.eldiario.net\\\/portal\\\/2024\\\/11\\\/23\\\/dan-domiciliaria-a-pareja-acusada-de-comprar-a-menor-para-explotacion\\\/#primaryimage\",\"url\":\"https:\\\/\\\/www.eldiario.net\\\/portal\\\/wp-content\\\/uploads\\\/2024\\\/11\\\/23-VENTA-1.jpg\",\"contentUrl\":\"https:\\\/\\\/www.eldiario.net\\\/portal\\\/wp-content\\\/uploads\\\/2024\\\/11\\\/23-VENTA-1.jpg\",\"width\":900,\"height\":535,\"caption\":\"Por 10 a\u00f1os, la joven habitaba en este lugar.\"},{\"@type\":\"BreadcrumbList\",\"@id\":\"https:\\\/\\\/www.eldiario.net\\\/portal\\\/2024\\\/11\\\/23\\\/dan-domiciliaria-a-pareja-acusada-de-comprar-a-menor-para-explotacion\\\/#breadcrumb\",\"itemListElement\":[{\"@type\":\"ListItem\",\"position\":1,\"name\":\"Portada\",\"item\":\"https:\\\/\\\/www.eldiario.net\\\/portal\\\/\"},{\"@type\":\"ListItem\",\"position\":2,\"name\":\"Dan domiciliaria a pareja acusada de \u201ccomprar\u201d a menor para explotaci\u00f3n\"}]},{\"@type\":\"WebSite\",\"@id\":\"https:\\\/\\\/www.eldiario.net\\\/portal\\\/#website\",\"url\":\"https:\\\/\\\/www.eldiario.net\\\/portal\\\/\",\"name\":\"El Diario - Decano de la prensa nacional\",\"description\":\"El Diario - Decano de la prensa nacional\",\"publisher\":{\"@id\":\"https:\\\/\\\/www.eldiario.net\\\/portal\\\/#organization\"},\"potentialAction\":[{\"@type\":\"SearchAction\",\"target\":{\"@type\":\"EntryPoint\",\"urlTemplate\":\"https:\\\/\\\/www.eldiario.net\\\/portal\\\/?s={search_term_string}\"},\"query-input\":{\"@type\":\"PropertyValueSpecification\",\"valueRequired\":true,\"valueName\":\"search_term_string\"}}],\"inLanguage\":\"es\"},{\"@type\":\"Organization\",\"@id\":\"https:\\\/\\\/www.eldiario.net\\\/portal\\\/#organization\",\"name\":\"El Diario - Decano de la prensa nacional\",\"url\":\"https:\\\/\\\/www.eldiario.net\\\/portal\\\/\",\"logo\":{\"@type\":\"ImageObject\",\"inLanguage\":\"es\",\"@id\":\"https:\\\/\\\/www.eldiario.net\\\/portal\\\/#\\\/schema\\\/logo\\\/image\\\/\",\"url\":\"https:\\\/\\\/www.eldiario.net\\\/portal\\\/wp-content\\\/uploads\\\/2023\\\/07\\\/logo_ED.jpg\",\"contentUrl\":\"https:\\\/\\\/www.eldiario.net\\\/portal\\\/wp-content\\\/uploads\\\/2023\\\/07\\\/logo_ED.jpg\",\"width\":272,\"height\":52,\"caption\":\"El Diario - Decano de la prensa nacional\"},\"image\":{\"@id\":\"https:\\\/\\\/www.eldiario.net\\\/portal\\\/#\\\/schema\\\/logo\\\/image\\\/\"},\"sameAs\":[\"https:\\\/\\\/www.facebook.com\\\/eldiario.bolivia\\\/\",\"https:\\\/\\\/x.com\\\/eldiario_net\"]},{\"@type\":\"Person\",\"@id\":\"https:\\\/\\\/www.eldiario.net\\\/portal\\\/#\\\/schema\\\/person\\\/f46445640444750d7d753ccd04ae01b7\",\"name\":\"Jeanette\",\"image\":{\"@type\":\"ImageObject\",\"inLanguage\":\"es\",\"@id\":\"https:\\\/\\\/secure.gravatar.com\\\/avatar\\\/3ea2118a5f7dad2b7138b1187a6b7ee55f160b9968b66013c3a3ef39dd7e5798?s=96&d=mm&r=g\",\"url\":\"https:\\\/\\\/secure.gravatar.com\\\/avatar\\\/3ea2118a5f7dad2b7138b1187a6b7ee55f160b9968b66013c3a3ef39dd7e5798?s=96&d=mm&r=g\",\"contentUrl\":\"https:\\\/\\\/secure.gravatar.com\\\/avatar\\\/3ea2118a5f7dad2b7138b1187a6b7ee55f160b9968b66013c3a3ef39dd7e5798?s=96&d=mm&r=g\",\"caption\":\"Jeanette\"},\"sameAs\":[\"https:\\\/\\\/www.eldiario.net\\\/portal\"],\"url\":\"https:\\\/\\\/www.eldiario.net\\\/portal\\\/author\\\/jeanette\\\/\"}]}<\/script>\n<!-- \/ Yoast SEO plugin. -->","yoast_head_json":{"title":"Dan domiciliaria a pareja acusada de \u201ccomprar\u201d a menor para explotaci\u00f3n - El Diario - Bolivia","robots":{"index":"index","follow":"follow","max-snippet":"max-snippet:-1","max-image-preview":"max-image-preview:large","max-video-preview":"max-video-preview:-1"},"canonical":"https:\/\/www.eldiario.net\/portal\/2024\/11\/23\/dan-domiciliaria-a-pareja-acusada-de-comprar-a-menor-para-explotacion\/","og_locale":"es_ES","og_type":"article","og_title":"Dan domiciliaria a pareja acusada de \u201ccomprar\u201d a menor para explotaci\u00f3n - El Diario - Bolivia","og_description":"Un juez de La Paz otorg\u00f3 detenci\u00f3n domiciliaria a una pareja denunciada por haber comprado a una joven y mantenerla privada de libertad por 10 a\u00f1os, para fines de explotaci\u00f3n laboral y hasta abuso sexual. La Fiscal\u00eda anunci\u00f3 que apel\u00f3 esta decisi\u00f3n de la justicia, pues procura la detenci\u00f3n preventiva de los sujetos. El caso [&hellip;]","og_url":"https:\/\/www.eldiario.net\/portal\/2024\/11\/23\/dan-domiciliaria-a-pareja-acusada-de-comprar-a-menor-para-explotacion\/","og_site_name":"El Diario - Bolivia","article_publisher":"https:\/\/www.facebook.com\/eldiario.bolivia\/","article_published_time":"2024-11-23T10:40:20+00:00","og_image":[{"width":900,"height":535,"url":"https:\/\/www.eldiario.net\/portal\/wp-content\/uploads\/2024\/11\/23-VENTA-1.jpg","type":"image\/jpeg"}],"author":"Jeanette","twitter_card":"summary_large_image","twitter_creator":"@eldiario_net","twitter_site":"@eldiario_net","twitter_misc":{"Escrito por":"Jeanette","Tiempo de lectura":"2 minutos"},"schema":{"@context":"https:\/\/schema.org","@graph":[{"@type":"Article","@id":"https:\/\/www.eldiario.net\/portal\/2024\/11\/23\/dan-domiciliaria-a-pareja-acusada-de-comprar-a-menor-para-explotacion\/#article","isPartOf":{"@id":"https:\/\/www.eldiario.net\/portal\/2024\/11\/23\/dan-domiciliaria-a-pareja-acusada-de-comprar-a-menor-para-explotacion\/"},"author":{"name":"Jeanette","@id":"https:\/\/www.eldiario.net\/portal\/#\/schema\/person\/f46445640444750d7d753ccd04ae01b7"},"headline":"Dan domiciliaria a pareja acusada de \u201ccomprar\u201d a menor para explotaci\u00f3n","datePublished":"2024-11-23T10:40:20+00:00","mainEntityOfPage":{"@id":"https:\/\/www.eldiario.net\/portal\/2024\/11\/23\/dan-domiciliaria-a-pareja-acusada-de-comprar-a-menor-para-explotacion\/"},"wordCount":370,"publisher":{"@id":"https:\/\/www.eldiario.net\/portal\/#organization"},"image":{"@id":"https:\/\/www.eldiario.net\/portal\/2024\/11\/23\/dan-domiciliaria-a-pareja-acusada-de-comprar-a-menor-para-explotacion\/#primaryimage"},"thumbnailUrl":"https:\/\/www.eldiario.net\/portal\/wp-content\/uploads\/2024\/11\/23-VENTA-1.jpg","articleSection":["Sociedad - Seguridad"],"inLanguage":"es"},{"@type":"WebPage","@id":"https:\/\/www.eldiario.net\/portal\/2024\/11\/23\/dan-domiciliaria-a-pareja-acusada-de-comprar-a-menor-para-explotacion\/","url":"https:\/\/www.eldiario.net\/portal\/2024\/11\/23\/dan-domiciliaria-a-pareja-acusada-de-comprar-a-menor-para-explotacion\/","name":"Dan domiciliaria a pareja acusada de \u201ccomprar\u201d a menor para explotaci\u00f3n - El Diario - Bolivia","isPartOf":{"@id":"https:\/\/www.eldiario.net\/portal\/#website"},"primaryImageOfPage":{"@id":"https:\/\/www.eldiario.net\/portal\/2024\/11\/23\/dan-domiciliaria-a-pareja-acusada-de-comprar-a-menor-para-explotacion\/#primaryimage"},"image":{"@id":"https:\/\/www.eldiario.net\/portal\/2024\/11\/23\/dan-domiciliaria-a-pareja-acusada-de-comprar-a-menor-para-explotacion\/#primaryimage"},"thumbnailUrl":"https:\/\/www.eldiario.net\/portal\/wp-content\/uploads\/2024\/11\/23-VENTA-1.jpg","datePublished":"2024-11-23T10:40:20+00:00","breadcrumb":{"@id":"https:\/\/www.eldiario.net\/portal\/2024\/11\/23\/dan-domiciliaria-a-pareja-acusada-de-comprar-a-menor-para-explotacion\/#breadcrumb"},"inLanguage":"es","potentialAction":[{"@type":"ReadAction","target":["https:\/\/www.eldiario.net\/portal\/2024\/11\/23\/dan-domiciliaria-a-pareja-acusada-de-comprar-a-menor-para-explotacion\/"]}]},{"@type":"ImageObject","inLanguage":"es","@id":"https:\/\/www.eldiario.net\/portal\/2024\/11\/23\/dan-domiciliaria-a-pareja-acusada-de-comprar-a-menor-para-explotacion\/#primaryimage","url":"https:\/\/www.eldiario.net\/portal\/wp-content\/uploads\/2024\/11\/23-VENTA-1.jpg","contentUrl":"https:\/\/www.eldiario.net\/portal\/wp-content\/uploads\/2024\/11\/23-VENTA-1.jpg","width":900,"height":535,"caption":"Por 10 a\u00f1os, la joven habitaba en este lugar."},{"@type":"BreadcrumbList","@id":"https:\/\/www.eldiario.net\/portal\/2024\/11\/23\/dan-domiciliaria-a-pareja-acusada-de-comprar-a-menor-para-explotacion\/#breadcrumb","itemListElement":[{"@type":"ListItem","position":1,"name":"Portada","item":"https:\/\/www.eldiario.net\/portal\/"},{"@type":"ListItem","position":2,"name":"Dan domiciliaria a pareja acusada de \u201ccomprar\u201d a menor para explotaci\u00f3n"}]},{"@type":"WebSite","@id":"https:\/\/www.eldiario.net\/portal\/#website","url":"https:\/\/www.eldiario.net\/portal\/","name":"El Diario - Decano de la prensa nacional","description":"El Diario - Decano de la prensa nacional","publisher":{"@id":"https:\/\/www.eldiario.net\/portal\/#organization"},"potentialAction":[{"@type":"SearchAction","target":{"@type":"EntryPoint","urlTemplate":"https:\/\/www.eldiario.net\/portal\/?s={search_term_string}"},"query-input":{"@type":"PropertyValueSpecification","valueRequired":true,"valueName":"search_term_string"}}],"inLanguage":"es"},{"@type":"Organization","@id":"https:\/\/www.eldiario.net\/portal\/#organization","name":"El Diario - Decano de la prensa nacional","url":"https:\/\/www.eldiario.net\/portal\/","logo":{"@type":"ImageObject","inLanguage":"es","@id":"https:\/\/www.eldiario.net\/portal\/#\/schema\/logo\/image\/","url":"https:\/\/www.eldiario.net\/portal\/wp-content\/uploads\/2023\/07\/logo_ED.jpg","contentUrl":"https:\/\/www.eldiario.net\/portal\/wp-content\/uploads\/2023\/07\/logo_ED.jpg","width":272,"height":52,"caption":"El Diario - Decano de la prensa nacional"},"image":{"@id":"https:\/\/www.eldiario.net\/portal\/#\/schema\/logo\/image\/"},"sameAs":["https:\/\/www.facebook.com\/eldiario.bolivia\/","https:\/\/x.com\/eldiario_net"]},{"@type":"Person","@id":"https:\/\/www.eldiario.net\/portal\/#\/schema\/person\/f46445640444750d7d753ccd04ae01b7","name":"Jeanette","image":{"@type":"ImageObject","inLanguage":"es","@id":"https:\/\/secure.gravatar.com\/avatar\/3ea2118a5f7dad2b7138b1187a6b7ee55f160b9968b66013c3a3ef39dd7e5798?s=96&d=mm&r=g","url":"https:\/\/secure.gravatar.com\/avatar\/3ea2118a5f7dad2b7138b1187a6b7ee55f160b9968b66013c3a3ef39dd7e5798?s=96&d=mm&r=g","contentUrl":"https:\/\/secure.gravatar.com\/avatar\/3ea2118a5f7dad2b7138b1187a6b7ee55f160b9968b66013c3a3ef39dd7e5798?s=96&d=mm&r=g","caption":"Jeanette"},"sameAs":["https:\/\/www.eldiario.net\/portal"],"url":"https:\/\/www.eldiario.net\/portal\/author\/jeanette\/"}]}},"_links":{"self":[{"href":"https:\/\/www.eldiario.net\/portal\/wp-json\/wp\/v2\/posts\/262960","targetHints":{"allow":["GET"]}}],"collection":[{"href":"https:\/\/www.eldiario.net\/portal\/wp-json\/wp\/v2\/posts"}],"about":[{"href":"https:\/\/www.eldiario.net\/portal\/wp-json\/wp\/v2\/types\/post"}],"author":[{"embeddable":true,"href":"https:\/\/www.eldiario.net\/portal\/wp-json\/wp\/v2\/users\/1"}],"replies":[{"embeddable":true,"href":"https:\/\/www.eldiario.net\/portal\/wp-json\/wp\/v2\/comments?post=262960"}],"version-history":[{"count":1,"href":"https:\/\/www.eldiario.net\/portal\/wp-json\/wp\/v2\/posts\/262960\/revisions"}],"predecessor-version":[{"id":262963,"href":"https:\/\/www.eldiario.net\/portal\/wp-json\/wp\/v2\/posts\/262960\/revisions\/262963"}],"wp:featuredmedia":[{"embeddable":true,"href":"https:\/\/www.eldiario.net\/portal\/wp-json\/wp\/v2\/media\/262961"}],"wp:attachment":[{"href":"https:\/\/www.eldiario.net\/portal\/wp-json\/wp\/v2\/media?parent=262960"}],"wp:term":[{"taxonomy":"category","embeddable":true,"href":"https:\/\/www.eldiario.net\/portal\/wp-json\/wp\/v2\/categories?post=262960"},{"taxonomy":"post_tag","embeddable":true,"href":"https:\/\/www.eldiario.net\/portal\/wp-json\/wp\/v2\/tags?post=262960"}],"curies":[{"name":"wp","href":"https:\/\/api.w.org\/{rel}","templated":true}]}}