{"id":262957,"date":"2024-11-23T06:39:30","date_gmt":"2024-11-23T10:39:30","guid":{"rendered":"https:\/\/www.eldiario.net\/portal\/?p=262957"},"modified":"2024-11-23T06:39:30","modified_gmt":"2024-11-23T10:39:30","slug":"diputado-de-partido-hostil-con-la-prensa-agradece-a-los-medios","status":"publish","type":"post","link":"https:\/\/www.eldiario.net\/portal\/2024\/11\/23\/diputado-de-partido-hostil-con-la-prensa-agradece-a-los-medios\/","title":{"rendered":"Diputado de partido hostil con la prensa agradece a los medios"},"content":{"rendered":"<p>El diputado H\u00e9ctor Arce, que pertenece al partido hostil con los periodistas, el Movimiento al Socialismo (MAS) de Evo Morales, agradeci\u00f3 a la prensa por ayudarlo a recuperar su libertad despu\u00e9s de una detenci\u00f3n en oficinas policiales, acci\u00f3n que califica de un \u201csecuestro\u201d supuestamente organizado por un ministro.<br \/>\n\u201c\u00a1Gracias a la prensa!\u201d, repiti\u00f3 m\u00e1s de una vez durante una entrevista ofrecida al programa \u201cLa tarde en directo\u201d de radio Erbol y dirigido por el periodista Jos\u00e9 Luis Aliaga, en la tarde del mi\u00e9rcoles 20 de noviembre.<br \/>\nH\u00e9ctor Arce, un portavoz del expresidente Morales en el \u00e1mbito legislativo, denunci\u00f3 que dos funcionarios del Ministerio de Obras P\u00fablicas apoyados por un polic\u00eda, lo condujeron hasta oficinas de la Fuerza Especial de Lucha Contra el Crimen (Felcc) de la ciudad de Cochabamba, en la ma\u00f1ana del 20 de noviembre.<br \/>\nLa detenci\u00f3n fue noticia ampliamente difundida por medios independientes y sus redes sociales, y pocos minutos despu\u00e9s reporteros, fot\u00f3grafos y camar\u00f3grafos llegaron hasta la Felcc para conocer los motivos del arresto. Los seguidores de Arce, alertados por las noticias de la prensa, tambi\u00e9n llenaron las oficinas policiales para reclamar por la libertad del legislador.<br \/>\nUna supuesta denuncia por uso indebido de influencias perdi\u00f3 vigor tras la tarea de los periodistas que indagaron sobre las razones de la detenci\u00f3n del legislador, y ninguna autoridad asumi\u00f3 responsabilidad por la detenci\u00f3n de un representante nacional en oficinas policiales, por lo cual fue liberado.<br \/>\nEl trabajo period\u00edstico es blanco de permanentes ataques verbales de parte del expresidente Evo Morales, que esta semana eligi\u00f3 a la prensa internacional para relatar, mediante un documental, un supuesto intento de asesinato.<br \/>\nJustific\u00f3 la exclusi\u00f3n de la prensa boliviana al afirmar que los periodistas lo consideran \u201cenemigo n\u00famero uno\u201d. La campa\u00f1a de descr\u00e9dito iniciada por el exmandatario en septiembre de este a\u00f1o, atribuye a la prensa independiente un sesgo a favor del gobierno a cambio de la pauta publicitaria.<br \/>\nDurante su gobierno, entre 2006 y 2019, aplic\u00f3 una pol\u00edtica de persecuci\u00f3n y castigo financiero a los diarios independientes con la exclusi\u00f3n de la publicidad estatal, y permanentes sanciones a trav\u00e9s de entidades recaudadoras, e impuso por nueve a\u00f1os la publicaci\u00f3n de avisos gratuitos en medios impresos, ocasionando millonarias p\u00e9rdidas.<br \/>\nEl art\u00edculo 151 de la Constituci\u00f3n boliviana se\u00f1ala que los congresistas gozar\u00e1n de \u201cinviolabilidad personal\u201d durante el tiempo de su mandato y con posterioridad por el desempe\u00f1o de sus funciones. (ANP)<\/p>\n","protected":false},"excerpt":{"rendered":"<p>El diputado H\u00e9ctor Arce, que pertenece al partido hostil con los periodistas, el Movimiento al Socialismo (MAS) de Evo Morales, agradeci\u00f3 a la prensa por ayudarlo a recuperar su libertad despu\u00e9s de una detenci\u00f3n en oficinas policiales, acci\u00f3n que califica de un \u201csecuestro\u201d supuestamente organizado por un ministro. \u201c\u00a1Gracias a la prensa!\u201d, repiti\u00f3 m\u00e1s de [&hellip;]<\/p>\n","protected":false},"author":1,"featured_media":262958,"comment_status":"closed","ping_status":"open","sticky":false,"template":"","format":"standard","meta":{"_acf_changed":false,"footnotes":""},"categories":[39],"tags":[],"class_list":["post-262957","post","type-post","status-publish","format-standard","has-post-thumbnail","category-sociedad"],"acf":{"antetitulo":"Por ayudarlo a recuperar su libertad"},"yoast_head":"<!-- This site is optimized with the Yoast SEO plugin v28.4 - https:\/\/yoast.com\/product\/yoast-seo-wordpress\/ -->\n<title>Diputado de partido hostil con la prensa agradece a los medios - El Diario - Bolivia<\/title>\n<meta name=\"robots\" content=\"index, follow, max-snippet:-1, max-image-preview:large, max-video-preview:-1\" \/>\n<link rel=\"canonical\" href=\"https:\/\/www.eldiario.net\/portal\/2024\/11\/23\/diputado-de-partido-hostil-con-la-prensa-agradece-a-los-medios\/\" \/>\n<meta property=\"og:locale\" content=\"es_ES\" \/>\n<meta property=\"og:type\" content=\"article\" \/>\n<meta property=\"og:title\" content=\"Diputado de partido hostil con la prensa agradece a los medios - El Diario - Bolivia\" \/>\n<meta property=\"og:description\" content=\"El diputado H\u00e9ctor Arce, que pertenece al partido hostil con los periodistas, el Movimiento al Socialismo (MAS) de Evo Morales, agradeci\u00f3 a la prensa por ayudarlo a recuperar su libertad despu\u00e9s de una detenci\u00f3n en oficinas policiales, acci\u00f3n que califica de un \u201csecuestro\u201d supuestamente organizado por un ministro. \u201c\u00a1Gracias a la prensa!\u201d, repiti\u00f3 m\u00e1s de [&hellip;]\" \/>\n<meta property=\"og:url\" content=\"https:\/\/www.eldiario.net\/portal\/2024\/11\/23\/diputado-de-partido-hostil-con-la-prensa-agradece-a-los-medios\/\" \/>\n<meta property=\"og:site_name\" content=\"El Diario - Bolivia\" \/>\n<meta property=\"article:publisher\" content=\"https:\/\/www.facebook.com\/eldiario.bolivia\/\" \/>\n<meta property=\"article:published_time\" content=\"2024-11-23T10:39:30+00:00\" \/>\n<meta property=\"og:image\" content=\"https:\/\/www.eldiario.net\/portal\/wp-content\/uploads\/2024\/11\/23-ANP.jpg\" \/>\n\t<meta property=\"og:image:width\" content=\"720\" \/>\n\t<meta property=\"og:image:height\" content=\"489\" \/>\n\t<meta property=\"og:image:type\" content=\"image\/jpeg\" \/>\n<meta name=\"author\" content=\"Jeanette\" \/>\n<meta name=\"twitter:card\" content=\"summary_large_image\" \/>\n<meta name=\"twitter:creator\" content=\"@eldiario_net\" \/>\n<meta name=\"twitter:site\" content=\"@eldiario_net\" \/>\n<meta name=\"twitter:label1\" content=\"Escrito por\" \/>\n\t<meta name=\"twitter:data1\" content=\"Jeanette\" \/>\n\t<meta name=\"twitter:label2\" content=\"Tiempo de lectura\" \/>\n\t<meta name=\"twitter:data2\" content=\"3 minutos\" \/>\n<script type=\"application\/ld+json\" class=\"yoast-schema-graph\">{\"@context\":\"https:\\\/\\\/schema.org\",\"@graph\":[{\"@type\":\"Article\",\"@id\":\"https:\\\/\\\/www.eldiario.net\\\/portal\\\/2024\\\/11\\\/23\\\/diputado-de-partido-hostil-con-la-prensa-agradece-a-los-medios\\\/#article\",\"isPartOf\":{\"@id\":\"https:\\\/\\\/www.eldiario.net\\\/portal\\\/2024\\\/11\\\/23\\\/diputado-de-partido-hostil-con-la-prensa-agradece-a-los-medios\\\/\"},\"author\":{\"name\":\"Jeanette\",\"@id\":\"https:\\\/\\\/www.eldiario.net\\\/portal\\\/#\\\/schema\\\/person\\\/f46445640444750d7d753ccd04ae01b7\"},\"headline\":\"Diputado de partido hostil con la prensa agradece a los medios\",\"datePublished\":\"2024-11-23T10:39:30+00:00\",\"mainEntityOfPage\":{\"@id\":\"https:\\\/\\\/www.eldiario.net\\\/portal\\\/2024\\\/11\\\/23\\\/diputado-de-partido-hostil-con-la-prensa-agradece-a-los-medios\\\/\"},\"wordCount\":438,\"publisher\":{\"@id\":\"https:\\\/\\\/www.eldiario.net\\\/portal\\\/#organization\"},\"image\":{\"@id\":\"https:\\\/\\\/www.eldiario.net\\\/portal\\\/2024\\\/11\\\/23\\\/diputado-de-partido-hostil-con-la-prensa-agradece-a-los-medios\\\/#primaryimage\"},\"thumbnailUrl\":\"https:\\\/\\\/www.eldiario.net\\\/portal\\\/wp-content\\\/uploads\\\/2024\\\/11\\\/23-ANP.jpg\",\"articleSection\":[\"Sociedad - Seguridad\"],\"inLanguage\":\"es\"},{\"@type\":\"WebPage\",\"@id\":\"https:\\\/\\\/www.eldiario.net\\\/portal\\\/2024\\\/11\\\/23\\\/diputado-de-partido-hostil-con-la-prensa-agradece-a-los-medios\\\/\",\"url\":\"https:\\\/\\\/www.eldiario.net\\\/portal\\\/2024\\\/11\\\/23\\\/diputado-de-partido-hostil-con-la-prensa-agradece-a-los-medios\\\/\",\"name\":\"Diputado de partido hostil con la prensa agradece a los medios - El Diario - Bolivia\",\"isPartOf\":{\"@id\":\"https:\\\/\\\/www.eldiario.net\\\/portal\\\/#website\"},\"primaryImageOfPage\":{\"@id\":\"https:\\\/\\\/www.eldiario.net\\\/portal\\\/2024\\\/11\\\/23\\\/diputado-de-partido-hostil-con-la-prensa-agradece-a-los-medios\\\/#primaryimage\"},\"image\":{\"@id\":\"https:\\\/\\\/www.eldiario.net\\\/portal\\\/2024\\\/11\\\/23\\\/diputado-de-partido-hostil-con-la-prensa-agradece-a-los-medios\\\/#primaryimage\"},\"thumbnailUrl\":\"https:\\\/\\\/www.eldiario.net\\\/portal\\\/wp-content\\\/uploads\\\/2024\\\/11\\\/23-ANP.jpg\",\"datePublished\":\"2024-11-23T10:39:30+00:00\",\"breadcrumb\":{\"@id\":\"https:\\\/\\\/www.eldiario.net\\\/portal\\\/2024\\\/11\\\/23\\\/diputado-de-partido-hostil-con-la-prensa-agradece-a-los-medios\\\/#breadcrumb\"},\"inLanguage\":\"es\",\"potentialAction\":[{\"@type\":\"ReadAction\",\"target\":[\"https:\\\/\\\/www.eldiario.net\\\/portal\\\/2024\\\/11\\\/23\\\/diputado-de-partido-hostil-con-la-prensa-agradece-a-los-medios\\\/\"]}]},{\"@type\":\"ImageObject\",\"inLanguage\":\"es\",\"@id\":\"https:\\\/\\\/www.eldiario.net\\\/portal\\\/2024\\\/11\\\/23\\\/diputado-de-partido-hostil-con-la-prensa-agradece-a-los-medios\\\/#primaryimage\",\"url\":\"https:\\\/\\\/www.eldiario.net\\\/portal\\\/wp-content\\\/uploads\\\/2024\\\/11\\\/23-ANP.jpg\",\"contentUrl\":\"https:\\\/\\\/www.eldiario.net\\\/portal\\\/wp-content\\\/uploads\\\/2024\\\/11\\\/23-ANP.jpg\",\"width\":720,\"height\":489,\"caption\":\"El diputado \u201cevista\u201d H\u00e9ctor Arce abandonando oficinas policiales, rodeado de simpatizantes.\"},{\"@type\":\"BreadcrumbList\",\"@id\":\"https:\\\/\\\/www.eldiario.net\\\/portal\\\/2024\\\/11\\\/23\\\/diputado-de-partido-hostil-con-la-prensa-agradece-a-los-medios\\\/#breadcrumb\",\"itemListElement\":[{\"@type\":\"ListItem\",\"position\":1,\"name\":\"Portada\",\"item\":\"https:\\\/\\\/www.eldiario.net\\\/portal\\\/\"},{\"@type\":\"ListItem\",\"position\":2,\"name\":\"Diputado de partido hostil con la prensa agradece a los medios\"}]},{\"@type\":\"WebSite\",\"@id\":\"https:\\\/\\\/www.eldiario.net\\\/portal\\\/#website\",\"url\":\"https:\\\/\\\/www.eldiario.net\\\/portal\\\/\",\"name\":\"El Diario - Decano de la prensa nacional\",\"description\":\"El Diario - Decano de la prensa nacional\",\"publisher\":{\"@id\":\"https:\\\/\\\/www.eldiario.net\\\/portal\\\/#organization\"},\"potentialAction\":[{\"@type\":\"SearchAction\",\"target\":{\"@type\":\"EntryPoint\",\"urlTemplate\":\"https:\\\/\\\/www.eldiario.net\\\/portal\\\/?s={search_term_string}\"},\"query-input\":{\"@type\":\"PropertyValueSpecification\",\"valueRequired\":true,\"valueName\":\"search_term_string\"}}],\"inLanguage\":\"es\"},{\"@type\":\"Organization\",\"@id\":\"https:\\\/\\\/www.eldiario.net\\\/portal\\\/#organization\",\"name\":\"El Diario - Decano de la prensa nacional\",\"url\":\"https:\\\/\\\/www.eldiario.net\\\/portal\\\/\",\"logo\":{\"@type\":\"ImageObject\",\"inLanguage\":\"es\",\"@id\":\"https:\\\/\\\/www.eldiario.net\\\/portal\\\/#\\\/schema\\\/logo\\\/image\\\/\",\"url\":\"https:\\\/\\\/www.eldiario.net\\\/portal\\\/wp-content\\\/uploads\\\/2023\\\/07\\\/logo_ED.jpg\",\"contentUrl\":\"https:\\\/\\\/www.eldiario.net\\\/portal\\\/wp-content\\\/uploads\\\/2023\\\/07\\\/logo_ED.jpg\",\"width\":272,\"height\":52,\"caption\":\"El Diario - Decano de la prensa nacional\"},\"image\":{\"@id\":\"https:\\\/\\\/www.eldiario.net\\\/portal\\\/#\\\/schema\\\/logo\\\/image\\\/\"},\"sameAs\":[\"https:\\\/\\\/www.facebook.com\\\/eldiario.bolivia\\\/\",\"https:\\\/\\\/x.com\\\/eldiario_net\"]},{\"@type\":\"Person\",\"@id\":\"https:\\\/\\\/www.eldiario.net\\\/portal\\\/#\\\/schema\\\/person\\\/f46445640444750d7d753ccd04ae01b7\",\"name\":\"Jeanette\",\"image\":{\"@type\":\"ImageObject\",\"inLanguage\":\"es\",\"@id\":\"https:\\\/\\\/secure.gravatar.com\\\/avatar\\\/3ea2118a5f7dad2b7138b1187a6b7ee55f160b9968b66013c3a3ef39dd7e5798?s=96&d=mm&r=g\",\"url\":\"https:\\\/\\\/secure.gravatar.com\\\/avatar\\\/3ea2118a5f7dad2b7138b1187a6b7ee55f160b9968b66013c3a3ef39dd7e5798?s=96&d=mm&r=g\",\"contentUrl\":\"https:\\\/\\\/secure.gravatar.com\\\/avatar\\\/3ea2118a5f7dad2b7138b1187a6b7ee55f160b9968b66013c3a3ef39dd7e5798?s=96&d=mm&r=g\",\"caption\":\"Jeanette\"},\"sameAs\":[\"https:\\\/\\\/www.eldiario.net\\\/portal\"],\"url\":\"https:\\\/\\\/www.eldiario.net\\\/portal\\\/author\\\/jeanette\\\/\"}]}<\/script>\n<!-- \/ Yoast SEO plugin. -->","yoast_head_json":{"title":"Diputado de partido hostil con la prensa agradece a los medios - El Diario - Bolivia","robots":{"index":"index","follow":"follow","max-snippet":"max-snippet:-1","max-image-preview":"max-image-preview:large","max-video-preview":"max-video-preview:-1"},"canonical":"https:\/\/www.eldiario.net\/portal\/2024\/11\/23\/diputado-de-partido-hostil-con-la-prensa-agradece-a-los-medios\/","og_locale":"es_ES","og_type":"article","og_title":"Diputado de partido hostil con la prensa agradece a los medios - El Diario - Bolivia","og_description":"El diputado H\u00e9ctor Arce, que pertenece al partido hostil con los periodistas, el Movimiento al Socialismo (MAS) de Evo Morales, agradeci\u00f3 a la prensa por ayudarlo a recuperar su libertad despu\u00e9s de una detenci\u00f3n en oficinas policiales, acci\u00f3n que califica de un \u201csecuestro\u201d supuestamente organizado por un ministro. \u201c\u00a1Gracias a la prensa!\u201d, repiti\u00f3 m\u00e1s de [&hellip;]","og_url":"https:\/\/www.eldiario.net\/portal\/2024\/11\/23\/diputado-de-partido-hostil-con-la-prensa-agradece-a-los-medios\/","og_site_name":"El Diario - Bolivia","article_publisher":"https:\/\/www.facebook.com\/eldiario.bolivia\/","article_published_time":"2024-11-23T10:39:30+00:00","og_image":[{"width":720,"height":489,"url":"https:\/\/www.eldiario.net\/portal\/wp-content\/uploads\/2024\/11\/23-ANP.jpg","type":"image\/jpeg"}],"author":"Jeanette","twitter_card":"summary_large_image","twitter_creator":"@eldiario_net","twitter_site":"@eldiario_net","twitter_misc":{"Escrito por":"Jeanette","Tiempo de lectura":"3 minutos"},"schema":{"@context":"https:\/\/schema.org","@graph":[{"@type":"Article","@id":"https:\/\/www.eldiario.net\/portal\/2024\/11\/23\/diputado-de-partido-hostil-con-la-prensa-agradece-a-los-medios\/#article","isPartOf":{"@id":"https:\/\/www.eldiario.net\/portal\/2024\/11\/23\/diputado-de-partido-hostil-con-la-prensa-agradece-a-los-medios\/"},"author":{"name":"Jeanette","@id":"https:\/\/www.eldiario.net\/portal\/#\/schema\/person\/f46445640444750d7d753ccd04ae01b7"},"headline":"Diputado de partido hostil con la prensa agradece a los medios","datePublished":"2024-11-23T10:39:30+00:00","mainEntityOfPage":{"@id":"https:\/\/www.eldiario.net\/portal\/2024\/11\/23\/diputado-de-partido-hostil-con-la-prensa-agradece-a-los-medios\/"},"wordCount":438,"publisher":{"@id":"https:\/\/www.eldiario.net\/portal\/#organization"},"image":{"@id":"https:\/\/www.eldiario.net\/portal\/2024\/11\/23\/diputado-de-partido-hostil-con-la-prensa-agradece-a-los-medios\/#primaryimage"},"thumbnailUrl":"https:\/\/www.eldiario.net\/portal\/wp-content\/uploads\/2024\/11\/23-ANP.jpg","articleSection":["Sociedad - Seguridad"],"inLanguage":"es"},{"@type":"WebPage","@id":"https:\/\/www.eldiario.net\/portal\/2024\/11\/23\/diputado-de-partido-hostil-con-la-prensa-agradece-a-los-medios\/","url":"https:\/\/www.eldiario.net\/portal\/2024\/11\/23\/diputado-de-partido-hostil-con-la-prensa-agradece-a-los-medios\/","name":"Diputado de partido hostil con la prensa agradece a los medios - El Diario - Bolivia","isPartOf":{"@id":"https:\/\/www.eldiario.net\/portal\/#website"},"primaryImageOfPage":{"@id":"https:\/\/www.eldiario.net\/portal\/2024\/11\/23\/diputado-de-partido-hostil-con-la-prensa-agradece-a-los-medios\/#primaryimage"},"image":{"@id":"https:\/\/www.eldiario.net\/portal\/2024\/11\/23\/diputado-de-partido-hostil-con-la-prensa-agradece-a-los-medios\/#primaryimage"},"thumbnailUrl":"https:\/\/www.eldiario.net\/portal\/wp-content\/uploads\/2024\/11\/23-ANP.jpg","datePublished":"2024-11-23T10:39:30+00:00","breadcrumb":{"@id":"https:\/\/www.eldiario.net\/portal\/2024\/11\/23\/diputado-de-partido-hostil-con-la-prensa-agradece-a-los-medios\/#breadcrumb"},"inLanguage":"es","potentialAction":[{"@type":"ReadAction","target":["https:\/\/www.eldiario.net\/portal\/2024\/11\/23\/diputado-de-partido-hostil-con-la-prensa-agradece-a-los-medios\/"]}]},{"@type":"ImageObject","inLanguage":"es","@id":"https:\/\/www.eldiario.net\/portal\/2024\/11\/23\/diputado-de-partido-hostil-con-la-prensa-agradece-a-los-medios\/#primaryimage","url":"https:\/\/www.eldiario.net\/portal\/wp-content\/uploads\/2024\/11\/23-ANP.jpg","contentUrl":"https:\/\/www.eldiario.net\/portal\/wp-content\/uploads\/2024\/11\/23-ANP.jpg","width":720,"height":489,"caption":"El diputado \u201cevista\u201d H\u00e9ctor Arce abandonando oficinas policiales, rodeado de simpatizantes."},{"@type":"BreadcrumbList","@id":"https:\/\/www.eldiario.net\/portal\/2024\/11\/23\/diputado-de-partido-hostil-con-la-prensa-agradece-a-los-medios\/#breadcrumb","itemListElement":[{"@type":"ListItem","position":1,"name":"Portada","item":"https:\/\/www.eldiario.net\/portal\/"},{"@type":"ListItem","position":2,"name":"Diputado de partido hostil con la prensa agradece a los medios"}]},{"@type":"WebSite","@id":"https:\/\/www.eldiario.net\/portal\/#website","url":"https:\/\/www.eldiario.net\/portal\/","name":"El Diario - Decano de la prensa nacional","description":"El Diario - Decano de la prensa nacional","publisher":{"@id":"https:\/\/www.eldiario.net\/portal\/#organization"},"potentialAction":[{"@type":"SearchAction","target":{"@type":"EntryPoint","urlTemplate":"https:\/\/www.eldiario.net\/portal\/?s={search_term_string}"},"query-input":{"@type":"PropertyValueSpecification","valueRequired":true,"valueName":"search_term_string"}}],"inLanguage":"es"},{"@type":"Organization","@id":"https:\/\/www.eldiario.net\/portal\/#organization","name":"El Diario - Decano de la prensa nacional","url":"https:\/\/www.eldiario.net\/portal\/","logo":{"@type":"ImageObject","inLanguage":"es","@id":"https:\/\/www.eldiario.net\/portal\/#\/schema\/logo\/image\/","url":"https:\/\/www.eldiario.net\/portal\/wp-content\/uploads\/2023\/07\/logo_ED.jpg","contentUrl":"https:\/\/www.eldiario.net\/portal\/wp-content\/uploads\/2023\/07\/logo_ED.jpg","width":272,"height":52,"caption":"El Diario - Decano de la prensa nacional"},"image":{"@id":"https:\/\/www.eldiario.net\/portal\/#\/schema\/logo\/image\/"},"sameAs":["https:\/\/www.facebook.com\/eldiario.bolivia\/","https:\/\/x.com\/eldiario_net"]},{"@type":"Person","@id":"https:\/\/www.eldiario.net\/portal\/#\/schema\/person\/f46445640444750d7d753ccd04ae01b7","name":"Jeanette","image":{"@type":"ImageObject","inLanguage":"es","@id":"https:\/\/secure.gravatar.com\/avatar\/3ea2118a5f7dad2b7138b1187a6b7ee55f160b9968b66013c3a3ef39dd7e5798?s=96&d=mm&r=g","url":"https:\/\/secure.gravatar.com\/avatar\/3ea2118a5f7dad2b7138b1187a6b7ee55f160b9968b66013c3a3ef39dd7e5798?s=96&d=mm&r=g","contentUrl":"https:\/\/secure.gravatar.com\/avatar\/3ea2118a5f7dad2b7138b1187a6b7ee55f160b9968b66013c3a3ef39dd7e5798?s=96&d=mm&r=g","caption":"Jeanette"},"sameAs":["https:\/\/www.eldiario.net\/portal"],"url":"https:\/\/www.eldiario.net\/portal\/author\/jeanette\/"}]}},"_links":{"self":[{"href":"https:\/\/www.eldiario.net\/portal\/wp-json\/wp\/v2\/posts\/262957","targetHints":{"allow":["GET"]}}],"collection":[{"href":"https:\/\/www.eldiario.net\/portal\/wp-json\/wp\/v2\/posts"}],"about":[{"href":"https:\/\/www.eldiario.net\/portal\/wp-json\/wp\/v2\/types\/post"}],"author":[{"embeddable":true,"href":"https:\/\/www.eldiario.net\/portal\/wp-json\/wp\/v2\/users\/1"}],"replies":[{"embeddable":true,"href":"https:\/\/www.eldiario.net\/portal\/wp-json\/wp\/v2\/comments?post=262957"}],"version-history":[{"count":1,"href":"https:\/\/www.eldiario.net\/portal\/wp-json\/wp\/v2\/posts\/262957\/revisions"}],"predecessor-version":[{"id":262959,"href":"https:\/\/www.eldiario.net\/portal\/wp-json\/wp\/v2\/posts\/262957\/revisions\/262959"}],"wp:featuredmedia":[{"embeddable":true,"href":"https:\/\/www.eldiario.net\/portal\/wp-json\/wp\/v2\/media\/262958"}],"wp:attachment":[{"href":"https:\/\/www.eldiario.net\/portal\/wp-json\/wp\/v2\/media?parent=262957"}],"wp:term":[{"taxonomy":"category","embeddable":true,"href":"https:\/\/www.eldiario.net\/portal\/wp-json\/wp\/v2\/categories?post=262957"},{"taxonomy":"post_tag","embeddable":true,"href":"https:\/\/www.eldiario.net\/portal\/wp-json\/wp\/v2\/tags?post=262957"}],"curies":[{"name":"wp","href":"https:\/\/api.w.org\/{rel}","templated":true}]}}