{"id":262951,"date":"2024-11-23T06:36:06","date_gmt":"2024-11-23T10:36:06","guid":{"rendered":"https:\/\/www.eldiario.net\/portal\/?p=262951"},"modified":"2024-11-23T06:36:06","modified_gmt":"2024-11-23T10:36:06","slug":"hospitales-vuelven-a-la-normalidad-en-santa-cruz","status":"publish","type":"post","link":"https:\/\/www.eldiario.net\/portal\/2024\/11\/23\/hospitales-vuelven-a-la-normalidad-en-santa-cruz\/","title":{"rendered":"Hospitales vuelven a la normalidad en Santa Cruz"},"content":{"rendered":"<p>Sectores advierten que retomar\u00e1n las movilizaciones si no se cumple el compromiso de pagar puntualmente el pr\u00f3ximo mes.<br \/>\nEl conflicto se inici\u00f3 el lunes pasado con un paro de 48 horas por parte de los m\u00e9dicos afiliados a la Fesirmes.<br \/>\nTras una semana de paros y protestas en el sistema de salud, los m\u00e9dicos y trabajadores decidieron suspender las medidas a partir del lunes, luego de que la Alcald\u00eda cruce\u00f1a comenzara a pagar los salarios adeudados. Sin embargo, los sectores advierten que retomar\u00e1n las movilizaciones si no se cumple el compromiso de pagar puntualmente el pr\u00f3ximo mes.<br \/>\nEl conflicto se inici\u00f3 el lunes con un paro de 48 horas por parte de los m\u00e9dicos afiliados a la Federaci\u00f3n de Sindicatos de Ramas M\u00e9dicas de Salud P\u00fablica (Fesirmes), que exig\u00edan el pago del salario de octubre. El martes, los trabajadores en salud se unieron con un paro de 96 horas, que afect\u00f3 la atenci\u00f3n en los tres niveles de centros de salud, durante toda la semana.<br \/>\nEl dirigente de los trabajadores de salud, Robert Hurtado, confirm\u00f3 que la mayor\u00eda de los pagos ya se efectuaron, aunque quedan casos aislados por resolver.<br \/>\n\u201cHoy podemos decir que el paro se suspende y que la atenci\u00f3n ser\u00e1 normal a partir del lunes. Pero nos preocupa que ya estamos cerca de un nuevo mes y no queremos enfrentar el mismo problema nuevamente\u201d, expres\u00f3.<br \/>\n\u201cLlegamos al 22 (de noviembre) para recibir lo que ya trabajamos (en octubre). Si el pr\u00f3ximo mes no hay pagos en el plazo acordado, las medidas de presi\u00f3n se retomar\u00e1n el 11\u201d, a\u00f1adi\u00f3.<br \/>\nTambi\u00e9n desde Fesirmes indicaron que comenzaron a pagar a sus afiliados y que esperaban que el dep\u00f3sito fuera para todos.<br \/>\nLas medidas presi\u00f3n del sector m\u00e9dico en la semana que concluye pusieron en evidencia las limitaciones del sistema en Santa Cruz de la Sierra. A consecuencia de los paros m\u00e9dicos de la Federaci\u00f3n de Sindicatos de Ramas M\u00e9dicas de Salud P\u00fablica y la Federaci\u00f3n Sindical de Trabajadores de Salud, miles de pacientes quedaron afectados por la falta de atenci\u00f3n sanitaria.<br \/>\nAunque los reclamos de ambos sectores coinciden, las protestas tienen diferentes alcances. En contraste, el paro de cuatro d\u00edas iniciado el martes por los trabajadores de salud afecta a todo el departamento, interrumpiendo la atenci\u00f3n en centros de salud y hospitales de primer, segundo y tercer nivel.<br \/>\nEl secretario ejecutivo de los trabajadores de salud, Robert Hurtado, cuestion\u00f3 el incumplimiento de la Alcald\u00eda, que hab\u00eda prometido pagar los salarios a m\u00e1s tardar el 10 de cada mes. \u201cLe pedimos al alcalde que priorice la cancelaci\u00f3n mensual de los sueldos al sector salud\u201d, se\u00f1al\u00f3 Hurtado.<br \/>\nEn la misma l\u00ednea, Evert Pati\u00f1o, secretario de Conflictos de Fesirmes, lament\u00f3 que, cada mes, el sector salud debe adoptar medidas de presi\u00f3n por la ineficiencia del Ejecutivo Municipal. La acumulaci\u00f3n de protestas deja a los usuarios sin atenci\u00f3n m\u00e9dica durante toda la semana.<br \/>\nEn su momento, el representante del sector advirti\u00f3 sobre la escasez de insumos y medicamentos en los hospitales. \u201cM\u00e1s del 20% de los medicamentos esenciales no est\u00e1n disponibles, incluyendo insulina y antihipertensivos. As\u00ed no podemos trabajar\u201d.<br \/>\nPara Pati\u00f1o, el sistema de salud colapsa debido a que no se tienen los recursos necesarios. \u201cSin salarios ni insumos, no podemos garantizar la atenci\u00f3n a la poblaci\u00f3n\u201d, indic\u00f3.<\/p>\n<figure id=\"attachment_262953\" aria-describedby=\"caption-attachment-262953\" style=\"width: 992px\" class=\"wp-caption alignleft\"><img loading=\"lazy\" decoding=\"async\" class=\"size-full wp-image-262953\" src=\"https:\/\/www.eldiario.net\/portal\/wp-content\/uploads\/2024\/11\/NAL-71.jpg\" alt=\"\" width=\"992\" height=\"558\" srcset=\"https:\/\/www.eldiario.net\/portal\/wp-content\/uploads\/2024\/11\/NAL-71.jpg 992w, https:\/\/www.eldiario.net\/portal\/wp-content\/uploads\/2024\/11\/NAL-71-300x169.jpg 300w, https:\/\/www.eldiario.net\/portal\/wp-content\/uploads\/2024\/11\/NAL-71-768x432.jpg 768w, https:\/\/www.eldiario.net\/portal\/wp-content\/uploads\/2024\/11\/NAL-71-747x420.jpg 747w, https:\/\/www.eldiario.net\/portal\/wp-content\/uploads\/2024\/11\/NAL-71-696x392.jpg 696w\" sizes=\"auto, (max-width: 992px) 100vw, 992px\" \/><figcaption id=\"caption-attachment-262953\" class=\"wp-caption-text\">El paro afect\u00f3 la atenci\u00f3n en los tres niveles de centros de salud.<\/figcaption><\/figure>\n","protected":false},"excerpt":{"rendered":"<p>Sectores advierten que retomar\u00e1n las movilizaciones si no se cumple el compromiso de pagar puntualmente el pr\u00f3ximo mes. El conflicto se inici\u00f3 el lunes pasado con un paro de 48 horas por parte de los m\u00e9dicos afiliados a la Fesirmes. Tras una semana de paros y protestas en el sistema de salud, los m\u00e9dicos y [&hellip;]<\/p>\n","protected":false},"author":1,"featured_media":262952,"comment_status":"closed","ping_status":"open","sticky":false,"template":"","format":"standard","meta":{"_acf_changed":false,"footnotes":""},"categories":[12],"tags":[],"class_list":["post-262951","post","type-post","status-publish","format-standard","has-post-thumbnail","category-nacional"],"acf":{"antetitulo":"Tras una semana sin atenci\u00f3n"},"yoast_head":"<!-- This site is optimized with the Yoast SEO plugin v28.4 - https:\/\/yoast.com\/product\/yoast-seo-wordpress\/ -->\n<title>Hospitales vuelven a la normalidad en Santa Cruz - El Diario - Bolivia<\/title>\n<meta name=\"robots\" content=\"index, follow, max-snippet:-1, max-image-preview:large, max-video-preview:-1\" \/>\n<link rel=\"canonical\" href=\"https:\/\/www.eldiario.net\/portal\/2024\/11\/23\/hospitales-vuelven-a-la-normalidad-en-santa-cruz\/\" \/>\n<meta property=\"og:locale\" content=\"es_ES\" \/>\n<meta property=\"og:type\" content=\"article\" \/>\n<meta property=\"og:title\" content=\"Hospitales vuelven a la normalidad en Santa Cruz - El Diario - Bolivia\" \/>\n<meta property=\"og:description\" content=\"Sectores advierten que retomar\u00e1n las movilizaciones si no se cumple el compromiso de pagar puntualmente el pr\u00f3ximo mes. El conflicto se inici\u00f3 el lunes pasado con un paro de 48 horas por parte de los m\u00e9dicos afiliados a la Fesirmes. Tras una semana de paros y protestas en el sistema de salud, los m\u00e9dicos y [&hellip;]\" \/>\n<meta property=\"og:url\" content=\"https:\/\/www.eldiario.net\/portal\/2024\/11\/23\/hospitales-vuelven-a-la-normalidad-en-santa-cruz\/\" \/>\n<meta property=\"og:site_name\" content=\"El Diario - Bolivia\" \/>\n<meta property=\"article:publisher\" content=\"https:\/\/www.facebook.com\/eldiario.bolivia\/\" \/>\n<meta property=\"article:published_time\" content=\"2024-11-23T10:36:06+00:00\" \/>\n<meta property=\"og:image\" content=\"https:\/\/www.eldiario.net\/portal\/wp-content\/uploads\/2024\/11\/NAL-70.jpg\" \/>\n\t<meta property=\"og:image:width\" content=\"837\" \/>\n\t<meta property=\"og:image:height\" content=\"558\" \/>\n\t<meta property=\"og:image:type\" content=\"image\/jpeg\" \/>\n<meta name=\"author\" content=\"Jeanette\" \/>\n<meta name=\"twitter:card\" content=\"summary_large_image\" \/>\n<meta name=\"twitter:creator\" content=\"@eldiario_net\" \/>\n<meta name=\"twitter:site\" content=\"@eldiario_net\" \/>\n<meta name=\"twitter:label1\" content=\"Escrito por\" \/>\n\t<meta name=\"twitter:data1\" content=\"Jeanette\" \/>\n\t<meta name=\"twitter:label2\" content=\"Tiempo de lectura\" \/>\n\t<meta name=\"twitter:data2\" content=\"3 minutos\" \/>\n<script type=\"application\/ld+json\" class=\"yoast-schema-graph\">{\"@context\":\"https:\\\/\\\/schema.org\",\"@graph\":[{\"@type\":\"Article\",\"@id\":\"https:\\\/\\\/www.eldiario.net\\\/portal\\\/2024\\\/11\\\/23\\\/hospitales-vuelven-a-la-normalidad-en-santa-cruz\\\/#article\",\"isPartOf\":{\"@id\":\"https:\\\/\\\/www.eldiario.net\\\/portal\\\/2024\\\/11\\\/23\\\/hospitales-vuelven-a-la-normalidad-en-santa-cruz\\\/\"},\"author\":{\"name\":\"Jeanette\",\"@id\":\"https:\\\/\\\/www.eldiario.net\\\/portal\\\/#\\\/schema\\\/person\\\/f46445640444750d7d753ccd04ae01b7\"},\"headline\":\"Hospitales vuelven a la normalidad en Santa Cruz\",\"datePublished\":\"2024-11-23T10:36:06+00:00\",\"mainEntityOfPage\":{\"@id\":\"https:\\\/\\\/www.eldiario.net\\\/portal\\\/2024\\\/11\\\/23\\\/hospitales-vuelven-a-la-normalidad-en-santa-cruz\\\/\"},\"wordCount\":614,\"publisher\":{\"@id\":\"https:\\\/\\\/www.eldiario.net\\\/portal\\\/#organization\"},\"image\":{\"@id\":\"https:\\\/\\\/www.eldiario.net\\\/portal\\\/2024\\\/11\\\/23\\\/hospitales-vuelven-a-la-normalidad-en-santa-cruz\\\/#primaryimage\"},\"thumbnailUrl\":\"https:\\\/\\\/www.eldiario.net\\\/portal\\\/wp-content\\\/uploads\\\/2024\\\/11\\\/NAL-70.jpg\",\"articleSection\":[\"Nacional\"],\"inLanguage\":\"es\"},{\"@type\":\"WebPage\",\"@id\":\"https:\\\/\\\/www.eldiario.net\\\/portal\\\/2024\\\/11\\\/23\\\/hospitales-vuelven-a-la-normalidad-en-santa-cruz\\\/\",\"url\":\"https:\\\/\\\/www.eldiario.net\\\/portal\\\/2024\\\/11\\\/23\\\/hospitales-vuelven-a-la-normalidad-en-santa-cruz\\\/\",\"name\":\"Hospitales vuelven a la normalidad en Santa Cruz - El Diario - Bolivia\",\"isPartOf\":{\"@id\":\"https:\\\/\\\/www.eldiario.net\\\/portal\\\/#website\"},\"primaryImageOfPage\":{\"@id\":\"https:\\\/\\\/www.eldiario.net\\\/portal\\\/2024\\\/11\\\/23\\\/hospitales-vuelven-a-la-normalidad-en-santa-cruz\\\/#primaryimage\"},\"image\":{\"@id\":\"https:\\\/\\\/www.eldiario.net\\\/portal\\\/2024\\\/11\\\/23\\\/hospitales-vuelven-a-la-normalidad-en-santa-cruz\\\/#primaryimage\"},\"thumbnailUrl\":\"https:\\\/\\\/www.eldiario.net\\\/portal\\\/wp-content\\\/uploads\\\/2024\\\/11\\\/NAL-70.jpg\",\"datePublished\":\"2024-11-23T10:36:06+00:00\",\"breadcrumb\":{\"@id\":\"https:\\\/\\\/www.eldiario.net\\\/portal\\\/2024\\\/11\\\/23\\\/hospitales-vuelven-a-la-normalidad-en-santa-cruz\\\/#breadcrumb\"},\"inLanguage\":\"es\",\"potentialAction\":[{\"@type\":\"ReadAction\",\"target\":[\"https:\\\/\\\/www.eldiario.net\\\/portal\\\/2024\\\/11\\\/23\\\/hospitales-vuelven-a-la-normalidad-en-santa-cruz\\\/\"]}]},{\"@type\":\"ImageObject\",\"inLanguage\":\"es\",\"@id\":\"https:\\\/\\\/www.eldiario.net\\\/portal\\\/2024\\\/11\\\/23\\\/hospitales-vuelven-a-la-normalidad-en-santa-cruz\\\/#primaryimage\",\"url\":\"https:\\\/\\\/www.eldiario.net\\\/portal\\\/wp-content\\\/uploads\\\/2024\\\/11\\\/NAL-70.jpg\",\"contentUrl\":\"https:\\\/\\\/www.eldiario.net\\\/portal\\\/wp-content\\\/uploads\\\/2024\\\/11\\\/NAL-70.jpg\",\"width\":837,\"height\":558,\"caption\":\"Vuelve la atenci\u00f3n tras una semana de paros y protestas del sector salud.\"},{\"@type\":\"BreadcrumbList\",\"@id\":\"https:\\\/\\\/www.eldiario.net\\\/portal\\\/2024\\\/11\\\/23\\\/hospitales-vuelven-a-la-normalidad-en-santa-cruz\\\/#breadcrumb\",\"itemListElement\":[{\"@type\":\"ListItem\",\"position\":1,\"name\":\"Portada\",\"item\":\"https:\\\/\\\/www.eldiario.net\\\/portal\\\/\"},{\"@type\":\"ListItem\",\"position\":2,\"name\":\"Hospitales vuelven a la normalidad en Santa Cruz\"}]},{\"@type\":\"WebSite\",\"@id\":\"https:\\\/\\\/www.eldiario.net\\\/portal\\\/#website\",\"url\":\"https:\\\/\\\/www.eldiario.net\\\/portal\\\/\",\"name\":\"El Diario - Decano de la prensa nacional\",\"description\":\"El Diario - Decano de la prensa nacional\",\"publisher\":{\"@id\":\"https:\\\/\\\/www.eldiario.net\\\/portal\\\/#organization\"},\"potentialAction\":[{\"@type\":\"SearchAction\",\"target\":{\"@type\":\"EntryPoint\",\"urlTemplate\":\"https:\\\/\\\/www.eldiario.net\\\/portal\\\/?s={search_term_string}\"},\"query-input\":{\"@type\":\"PropertyValueSpecification\",\"valueRequired\":true,\"valueName\":\"search_term_string\"}}],\"inLanguage\":\"es\"},{\"@type\":\"Organization\",\"@id\":\"https:\\\/\\\/www.eldiario.net\\\/portal\\\/#organization\",\"name\":\"El Diario - Decano de la prensa nacional\",\"url\":\"https:\\\/\\\/www.eldiario.net\\\/portal\\\/\",\"logo\":{\"@type\":\"ImageObject\",\"inLanguage\":\"es\",\"@id\":\"https:\\\/\\\/www.eldiario.net\\\/portal\\\/#\\\/schema\\\/logo\\\/image\\\/\",\"url\":\"https:\\\/\\\/www.eldiario.net\\\/portal\\\/wp-content\\\/uploads\\\/2023\\\/07\\\/logo_ED.jpg\",\"contentUrl\":\"https:\\\/\\\/www.eldiario.net\\\/portal\\\/wp-content\\\/uploads\\\/2023\\\/07\\\/logo_ED.jpg\",\"width\":272,\"height\":52,\"caption\":\"El Diario - Decano de la prensa nacional\"},\"image\":{\"@id\":\"https:\\\/\\\/www.eldiario.net\\\/portal\\\/#\\\/schema\\\/logo\\\/image\\\/\"},\"sameAs\":[\"https:\\\/\\\/www.facebook.com\\\/eldiario.bolivia\\\/\",\"https:\\\/\\\/x.com\\\/eldiario_net\"]},{\"@type\":\"Person\",\"@id\":\"https:\\\/\\\/www.eldiario.net\\\/portal\\\/#\\\/schema\\\/person\\\/f46445640444750d7d753ccd04ae01b7\",\"name\":\"Jeanette\",\"image\":{\"@type\":\"ImageObject\",\"inLanguage\":\"es\",\"@id\":\"https:\\\/\\\/secure.gravatar.com\\\/avatar\\\/3ea2118a5f7dad2b7138b1187a6b7ee55f160b9968b66013c3a3ef39dd7e5798?s=96&d=mm&r=g\",\"url\":\"https:\\\/\\\/secure.gravatar.com\\\/avatar\\\/3ea2118a5f7dad2b7138b1187a6b7ee55f160b9968b66013c3a3ef39dd7e5798?s=96&d=mm&r=g\",\"contentUrl\":\"https:\\\/\\\/secure.gravatar.com\\\/avatar\\\/3ea2118a5f7dad2b7138b1187a6b7ee55f160b9968b66013c3a3ef39dd7e5798?s=96&d=mm&r=g\",\"caption\":\"Jeanette\"},\"sameAs\":[\"https:\\\/\\\/www.eldiario.net\\\/portal\"],\"url\":\"https:\\\/\\\/www.eldiario.net\\\/portal\\\/author\\\/jeanette\\\/\"}]}<\/script>\n<!-- \/ Yoast SEO plugin. -->","yoast_head_json":{"title":"Hospitales vuelven a la normalidad en Santa Cruz - El Diario - Bolivia","robots":{"index":"index","follow":"follow","max-snippet":"max-snippet:-1","max-image-preview":"max-image-preview:large","max-video-preview":"max-video-preview:-1"},"canonical":"https:\/\/www.eldiario.net\/portal\/2024\/11\/23\/hospitales-vuelven-a-la-normalidad-en-santa-cruz\/","og_locale":"es_ES","og_type":"article","og_title":"Hospitales vuelven a la normalidad en Santa Cruz - El Diario - Bolivia","og_description":"Sectores advierten que retomar\u00e1n las movilizaciones si no se cumple el compromiso de pagar puntualmente el pr\u00f3ximo mes. El conflicto se inici\u00f3 el lunes pasado con un paro de 48 horas por parte de los m\u00e9dicos afiliados a la Fesirmes. Tras una semana de paros y protestas en el sistema de salud, los m\u00e9dicos y [&hellip;]","og_url":"https:\/\/www.eldiario.net\/portal\/2024\/11\/23\/hospitales-vuelven-a-la-normalidad-en-santa-cruz\/","og_site_name":"El Diario - Bolivia","article_publisher":"https:\/\/www.facebook.com\/eldiario.bolivia\/","article_published_time":"2024-11-23T10:36:06+00:00","og_image":[{"width":837,"height":558,"url":"https:\/\/www.eldiario.net\/portal\/wp-content\/uploads\/2024\/11\/NAL-70.jpg","type":"image\/jpeg"}],"author":"Jeanette","twitter_card":"summary_large_image","twitter_creator":"@eldiario_net","twitter_site":"@eldiario_net","twitter_misc":{"Escrito por":"Jeanette","Tiempo de lectura":"3 minutos"},"schema":{"@context":"https:\/\/schema.org","@graph":[{"@type":"Article","@id":"https:\/\/www.eldiario.net\/portal\/2024\/11\/23\/hospitales-vuelven-a-la-normalidad-en-santa-cruz\/#article","isPartOf":{"@id":"https:\/\/www.eldiario.net\/portal\/2024\/11\/23\/hospitales-vuelven-a-la-normalidad-en-santa-cruz\/"},"author":{"name":"Jeanette","@id":"https:\/\/www.eldiario.net\/portal\/#\/schema\/person\/f46445640444750d7d753ccd04ae01b7"},"headline":"Hospitales vuelven a la normalidad en Santa Cruz","datePublished":"2024-11-23T10:36:06+00:00","mainEntityOfPage":{"@id":"https:\/\/www.eldiario.net\/portal\/2024\/11\/23\/hospitales-vuelven-a-la-normalidad-en-santa-cruz\/"},"wordCount":614,"publisher":{"@id":"https:\/\/www.eldiario.net\/portal\/#organization"},"image":{"@id":"https:\/\/www.eldiario.net\/portal\/2024\/11\/23\/hospitales-vuelven-a-la-normalidad-en-santa-cruz\/#primaryimage"},"thumbnailUrl":"https:\/\/www.eldiario.net\/portal\/wp-content\/uploads\/2024\/11\/NAL-70.jpg","articleSection":["Nacional"],"inLanguage":"es"},{"@type":"WebPage","@id":"https:\/\/www.eldiario.net\/portal\/2024\/11\/23\/hospitales-vuelven-a-la-normalidad-en-santa-cruz\/","url":"https:\/\/www.eldiario.net\/portal\/2024\/11\/23\/hospitales-vuelven-a-la-normalidad-en-santa-cruz\/","name":"Hospitales vuelven a la normalidad en Santa Cruz - El Diario - Bolivia","isPartOf":{"@id":"https:\/\/www.eldiario.net\/portal\/#website"},"primaryImageOfPage":{"@id":"https:\/\/www.eldiario.net\/portal\/2024\/11\/23\/hospitales-vuelven-a-la-normalidad-en-santa-cruz\/#primaryimage"},"image":{"@id":"https:\/\/www.eldiario.net\/portal\/2024\/11\/23\/hospitales-vuelven-a-la-normalidad-en-santa-cruz\/#primaryimage"},"thumbnailUrl":"https:\/\/www.eldiario.net\/portal\/wp-content\/uploads\/2024\/11\/NAL-70.jpg","datePublished":"2024-11-23T10:36:06+00:00","breadcrumb":{"@id":"https:\/\/www.eldiario.net\/portal\/2024\/11\/23\/hospitales-vuelven-a-la-normalidad-en-santa-cruz\/#breadcrumb"},"inLanguage":"es","potentialAction":[{"@type":"ReadAction","target":["https:\/\/www.eldiario.net\/portal\/2024\/11\/23\/hospitales-vuelven-a-la-normalidad-en-santa-cruz\/"]}]},{"@type":"ImageObject","inLanguage":"es","@id":"https:\/\/www.eldiario.net\/portal\/2024\/11\/23\/hospitales-vuelven-a-la-normalidad-en-santa-cruz\/#primaryimage","url":"https:\/\/www.eldiario.net\/portal\/wp-content\/uploads\/2024\/11\/NAL-70.jpg","contentUrl":"https:\/\/www.eldiario.net\/portal\/wp-content\/uploads\/2024\/11\/NAL-70.jpg","width":837,"height":558,"caption":"Vuelve la atenci\u00f3n tras una semana de paros y protestas del sector salud."},{"@type":"BreadcrumbList","@id":"https:\/\/www.eldiario.net\/portal\/2024\/11\/23\/hospitales-vuelven-a-la-normalidad-en-santa-cruz\/#breadcrumb","itemListElement":[{"@type":"ListItem","position":1,"name":"Portada","item":"https:\/\/www.eldiario.net\/portal\/"},{"@type":"ListItem","position":2,"name":"Hospitales vuelven a la normalidad en Santa Cruz"}]},{"@type":"WebSite","@id":"https:\/\/www.eldiario.net\/portal\/#website","url":"https:\/\/www.eldiario.net\/portal\/","name":"El Diario - Decano de la prensa nacional","description":"El Diario - Decano de la prensa nacional","publisher":{"@id":"https:\/\/www.eldiario.net\/portal\/#organization"},"potentialAction":[{"@type":"SearchAction","target":{"@type":"EntryPoint","urlTemplate":"https:\/\/www.eldiario.net\/portal\/?s={search_term_string}"},"query-input":{"@type":"PropertyValueSpecification","valueRequired":true,"valueName":"search_term_string"}}],"inLanguage":"es"},{"@type":"Organization","@id":"https:\/\/www.eldiario.net\/portal\/#organization","name":"El Diario - Decano de la prensa nacional","url":"https:\/\/www.eldiario.net\/portal\/","logo":{"@type":"ImageObject","inLanguage":"es","@id":"https:\/\/www.eldiario.net\/portal\/#\/schema\/logo\/image\/","url":"https:\/\/www.eldiario.net\/portal\/wp-content\/uploads\/2023\/07\/logo_ED.jpg","contentUrl":"https:\/\/www.eldiario.net\/portal\/wp-content\/uploads\/2023\/07\/logo_ED.jpg","width":272,"height":52,"caption":"El Diario - Decano de la prensa nacional"},"image":{"@id":"https:\/\/www.eldiario.net\/portal\/#\/schema\/logo\/image\/"},"sameAs":["https:\/\/www.facebook.com\/eldiario.bolivia\/","https:\/\/x.com\/eldiario_net"]},{"@type":"Person","@id":"https:\/\/www.eldiario.net\/portal\/#\/schema\/person\/f46445640444750d7d753ccd04ae01b7","name":"Jeanette","image":{"@type":"ImageObject","inLanguage":"es","@id":"https:\/\/secure.gravatar.com\/avatar\/3ea2118a5f7dad2b7138b1187a6b7ee55f160b9968b66013c3a3ef39dd7e5798?s=96&d=mm&r=g","url":"https:\/\/secure.gravatar.com\/avatar\/3ea2118a5f7dad2b7138b1187a6b7ee55f160b9968b66013c3a3ef39dd7e5798?s=96&d=mm&r=g","contentUrl":"https:\/\/secure.gravatar.com\/avatar\/3ea2118a5f7dad2b7138b1187a6b7ee55f160b9968b66013c3a3ef39dd7e5798?s=96&d=mm&r=g","caption":"Jeanette"},"sameAs":["https:\/\/www.eldiario.net\/portal"],"url":"https:\/\/www.eldiario.net\/portal\/author\/jeanette\/"}]}},"_links":{"self":[{"href":"https:\/\/www.eldiario.net\/portal\/wp-json\/wp\/v2\/posts\/262951","targetHints":{"allow":["GET"]}}],"collection":[{"href":"https:\/\/www.eldiario.net\/portal\/wp-json\/wp\/v2\/posts"}],"about":[{"href":"https:\/\/www.eldiario.net\/portal\/wp-json\/wp\/v2\/types\/post"}],"author":[{"embeddable":true,"href":"https:\/\/www.eldiario.net\/portal\/wp-json\/wp\/v2\/users\/1"}],"replies":[{"embeddable":true,"href":"https:\/\/www.eldiario.net\/portal\/wp-json\/wp\/v2\/comments?post=262951"}],"version-history":[{"count":1,"href":"https:\/\/www.eldiario.net\/portal\/wp-json\/wp\/v2\/posts\/262951\/revisions"}],"predecessor-version":[{"id":262954,"href":"https:\/\/www.eldiario.net\/portal\/wp-json\/wp\/v2\/posts\/262951\/revisions\/262954"}],"wp:featuredmedia":[{"embeddable":true,"href":"https:\/\/www.eldiario.net\/portal\/wp-json\/wp\/v2\/media\/262952"}],"wp:attachment":[{"href":"https:\/\/www.eldiario.net\/portal\/wp-json\/wp\/v2\/media?parent=262951"}],"wp:term":[{"taxonomy":"category","embeddable":true,"href":"https:\/\/www.eldiario.net\/portal\/wp-json\/wp\/v2\/categories?post=262951"},{"taxonomy":"post_tag","embeddable":true,"href":"https:\/\/www.eldiario.net\/portal\/wp-json\/wp\/v2\/tags?post=262951"}],"curies":[{"name":"wp","href":"https:\/\/api.w.org\/{rel}","templated":true}]}}