{"id":262945,"date":"2024-11-23T06:34:10","date_gmt":"2024-11-23T10:34:10","guid":{"rendered":"https:\/\/www.eldiario.net\/portal\/?p=262945"},"modified":"2024-11-23T06:34:10","modified_gmt":"2024-11-23T10:34:10","slug":"cochabamba-vivira-el-ultimo-dia-del-peaton","status":"publish","type":"post","link":"https:\/\/www.eldiario.net\/portal\/2024\/11\/23\/cochabamba-vivira-el-ultimo-dia-del-peaton\/","title":{"rendered":"Cochabamba vivir\u00e1 el \u00faltimo D\u00eda del Peat\u00f3n"},"content":{"rendered":"<p>El concejal Manfred Reyes Villa Avil\u00e9s inform\u00f3 que el pr\u00f3ximo domingo 1 de diciembre se realizar\u00e1 el \u00faltimo D\u00eda del Peat\u00f3n y el Ciclista en el municipio de Cochabamba en cumplimiento de la Ley Municipal 223\/2017, que restringe la circulaci\u00f3n y tr\u00e1fico de movilidades p\u00fablicas y privadas entre las 09:00 a.m. y las 18:00 p.m.<br \/>\nDijo que en coordinaci\u00f3n con el Ejecutivo municipal se desarrollar\u00e1n varias actividades orientadas a mejorar la calidad del medio ambiente. \u201cEntre las actividades esta la caravana cicl\u00edstica, juegos de anta\u00f1o en la comuna, eventos culturales y musicales, todos orientados a recalcar a la poblaci\u00f3n de la importancia de proteger el medio ambiente\u201d, se\u00f1al\u00f3.<br \/>\nEl concejal tambi\u00e9n mencion\u00f3 que para celebrar el D\u00eda del Peat\u00f3n y el Ciclista este domingo 01 de diciembre, se contar\u00e1 con la presencia de la Polic\u00eda Boliviana que realizar\u00e1 los controles y cierres de la jurisdicci\u00f3n municipal; guardias de movilidad urbana para evitar que circulen movilidades en el horario establecido para la actividad y la Intendencia Municipal para evitar la proliferaci\u00f3n de puestos de venta y la generaci\u00f3n de residuos o basura, hecho que tambi\u00e9n estar\u00e1 siendo prioridad de EMSA.<br \/>\nAsimismo, indic\u00f3 que Movilidad Urbana contemplar\u00e1 los respectivos permisos de circulaci\u00f3n de movilidades para evitar que conductores que circular sin el permiso o con permiso falsificado, sean sancionados con una multa de 200 bolivianos y la retenci\u00f3n del veh\u00edculo en una posta municipal, accionar que tambi\u00e9n ser\u00e1 replicado por la Direcci\u00f3n Departamental de Tr\u00e1nsito.<br \/>\nDe acuerdo con datos de la Red de Monitoreo de Calidad del Aire (Red MoniCA), el D\u00eda del Peat\u00f3n conlleva valiosos beneficios para el medio ambiente, debido a que el di\u00f3xido de nitr\u00f3geno, uno de los principales contaminantes generados por el parque automotor, se reduce en \u201ccasi\u201d un 100%.<br \/>\nCuando se realiza el D\u00eda del Peat\u00f3n disminuyen las concentraciones de di\u00f3xido de nitr\u00f3geno, por lo que pasa de un ICA malo a uno bueno, lo que significa una importante contribuci\u00f3n en las acciones de depuraci\u00f3n de la contaminaci\u00f3n atmosf\u00e9rica que afectaba el valle cochabambino. (Agencias)<\/p>\n","protected":false},"excerpt":{"rendered":"<p>El concejal Manfred Reyes Villa Avil\u00e9s inform\u00f3 que el pr\u00f3ximo domingo 1 de diciembre se realizar\u00e1 el \u00faltimo D\u00eda del Peat\u00f3n y el Ciclista en el municipio de Cochabamba en cumplimiento de la Ley Municipal 223\/2017, que restringe la circulaci\u00f3n y tr\u00e1fico de movilidades p\u00fablicas y privadas entre las 09:00 a.m. y las 18:00 p.m. [&hellip;]<\/p>\n","protected":false},"author":1,"featured_media":262946,"comment_status":"closed","ping_status":"open","sticky":false,"template":"","format":"standard","meta":{"_acf_changed":false,"footnotes":""},"categories":[12],"tags":[],"class_list":["post-262945","post","type-post","status-publish","format-standard","has-post-thumbnail","category-nacional"],"acf":{"antetitulo":"El 1 diciembre"},"yoast_head":"<!-- This site is optimized with the Yoast SEO plugin v28.4 - https:\/\/yoast.com\/product\/yoast-seo-wordpress\/ -->\n<title>Cochabamba vivir\u00e1 el \u00faltimo D\u00eda del Peat\u00f3n - El Diario - Bolivia<\/title>\n<meta name=\"robots\" content=\"index, follow, max-snippet:-1, max-image-preview:large, max-video-preview:-1\" \/>\n<link rel=\"canonical\" href=\"https:\/\/www.eldiario.net\/portal\/2024\/11\/23\/cochabamba-vivira-el-ultimo-dia-del-peaton\/\" \/>\n<meta property=\"og:locale\" content=\"es_ES\" \/>\n<meta property=\"og:type\" content=\"article\" \/>\n<meta property=\"og:title\" content=\"Cochabamba vivir\u00e1 el \u00faltimo D\u00eda del Peat\u00f3n - El Diario - Bolivia\" \/>\n<meta property=\"og:description\" content=\"El concejal Manfred Reyes Villa Avil\u00e9s inform\u00f3 que el pr\u00f3ximo domingo 1 de diciembre se realizar\u00e1 el \u00faltimo D\u00eda del Peat\u00f3n y el Ciclista en el municipio de Cochabamba en cumplimiento de la Ley Municipal 223\/2017, que restringe la circulaci\u00f3n y tr\u00e1fico de movilidades p\u00fablicas y privadas entre las 09:00 a.m. y las 18:00 p.m. [&hellip;]\" \/>\n<meta property=\"og:url\" content=\"https:\/\/www.eldiario.net\/portal\/2024\/11\/23\/cochabamba-vivira-el-ultimo-dia-del-peaton\/\" \/>\n<meta property=\"og:site_name\" content=\"El Diario - Bolivia\" \/>\n<meta property=\"article:publisher\" content=\"https:\/\/www.facebook.com\/eldiario.bolivia\/\" \/>\n<meta property=\"article:published_time\" content=\"2024-11-23T10:34:10+00:00\" \/>\n<meta property=\"og:image\" content=\"https:\/\/www.eldiario.net\/portal\/wp-content\/uploads\/2024\/11\/NAL-73.jpg\" \/>\n\t<meta property=\"og:image:width\" content=\"992\" \/>\n\t<meta property=\"og:image:height\" content=\"558\" \/>\n\t<meta property=\"og:image:type\" content=\"image\/jpeg\" \/>\n<meta name=\"author\" content=\"Jeanette\" \/>\n<meta name=\"twitter:card\" content=\"summary_large_image\" \/>\n<meta name=\"twitter:creator\" content=\"@eldiario_net\" \/>\n<meta name=\"twitter:site\" content=\"@eldiario_net\" \/>\n<meta name=\"twitter:label1\" content=\"Escrito por\" \/>\n\t<meta name=\"twitter:data1\" content=\"Jeanette\" \/>\n\t<meta name=\"twitter:label2\" content=\"Tiempo de lectura\" \/>\n\t<meta name=\"twitter:data2\" content=\"2 minutos\" \/>\n<script type=\"application\/ld+json\" class=\"yoast-schema-graph\">{\"@context\":\"https:\\\/\\\/schema.org\",\"@graph\":[{\"@type\":\"Article\",\"@id\":\"https:\\\/\\\/www.eldiario.net\\\/portal\\\/2024\\\/11\\\/23\\\/cochabamba-vivira-el-ultimo-dia-del-peaton\\\/#article\",\"isPartOf\":{\"@id\":\"https:\\\/\\\/www.eldiario.net\\\/portal\\\/2024\\\/11\\\/23\\\/cochabamba-vivira-el-ultimo-dia-del-peaton\\\/\"},\"author\":{\"name\":\"Jeanette\",\"@id\":\"https:\\\/\\\/www.eldiario.net\\\/portal\\\/#\\\/schema\\\/person\\\/f46445640444750d7d753ccd04ae01b7\"},\"headline\":\"Cochabamba vivir\u00e1 el \u00faltimo D\u00eda del Peat\u00f3n\",\"datePublished\":\"2024-11-23T10:34:10+00:00\",\"mainEntityOfPage\":{\"@id\":\"https:\\\/\\\/www.eldiario.net\\\/portal\\\/2024\\\/11\\\/23\\\/cochabamba-vivira-el-ultimo-dia-del-peaton\\\/\"},\"wordCount\":381,\"publisher\":{\"@id\":\"https:\\\/\\\/www.eldiario.net\\\/portal\\\/#organization\"},\"image\":{\"@id\":\"https:\\\/\\\/www.eldiario.net\\\/portal\\\/2024\\\/11\\\/23\\\/cochabamba-vivira-el-ultimo-dia-del-peaton\\\/#primaryimage\"},\"thumbnailUrl\":\"https:\\\/\\\/www.eldiario.net\\\/portal\\\/wp-content\\\/uploads\\\/2024\\\/11\\\/NAL-73.jpg\",\"articleSection\":[\"Nacional\"],\"inLanguage\":\"es\"},{\"@type\":\"WebPage\",\"@id\":\"https:\\\/\\\/www.eldiario.net\\\/portal\\\/2024\\\/11\\\/23\\\/cochabamba-vivira-el-ultimo-dia-del-peaton\\\/\",\"url\":\"https:\\\/\\\/www.eldiario.net\\\/portal\\\/2024\\\/11\\\/23\\\/cochabamba-vivira-el-ultimo-dia-del-peaton\\\/\",\"name\":\"Cochabamba vivir\u00e1 el \u00faltimo D\u00eda del Peat\u00f3n - El Diario - Bolivia\",\"isPartOf\":{\"@id\":\"https:\\\/\\\/www.eldiario.net\\\/portal\\\/#website\"},\"primaryImageOfPage\":{\"@id\":\"https:\\\/\\\/www.eldiario.net\\\/portal\\\/2024\\\/11\\\/23\\\/cochabamba-vivira-el-ultimo-dia-del-peaton\\\/#primaryimage\"},\"image\":{\"@id\":\"https:\\\/\\\/www.eldiario.net\\\/portal\\\/2024\\\/11\\\/23\\\/cochabamba-vivira-el-ultimo-dia-del-peaton\\\/#primaryimage\"},\"thumbnailUrl\":\"https:\\\/\\\/www.eldiario.net\\\/portal\\\/wp-content\\\/uploads\\\/2024\\\/11\\\/NAL-73.jpg\",\"datePublished\":\"2024-11-23T10:34:10+00:00\",\"breadcrumb\":{\"@id\":\"https:\\\/\\\/www.eldiario.net\\\/portal\\\/2024\\\/11\\\/23\\\/cochabamba-vivira-el-ultimo-dia-del-peaton\\\/#breadcrumb\"},\"inLanguage\":\"es\",\"potentialAction\":[{\"@type\":\"ReadAction\",\"target\":[\"https:\\\/\\\/www.eldiario.net\\\/portal\\\/2024\\\/11\\\/23\\\/cochabamba-vivira-el-ultimo-dia-del-peaton\\\/\"]}]},{\"@type\":\"ImageObject\",\"inLanguage\":\"es\",\"@id\":\"https:\\\/\\\/www.eldiario.net\\\/portal\\\/2024\\\/11\\\/23\\\/cochabamba-vivira-el-ultimo-dia-del-peaton\\\/#primaryimage\",\"url\":\"https:\\\/\\\/www.eldiario.net\\\/portal\\\/wp-content\\\/uploads\\\/2024\\\/11\\\/NAL-73.jpg\",\"contentUrl\":\"https:\\\/\\\/www.eldiario.net\\\/portal\\\/wp-content\\\/uploads\\\/2024\\\/11\\\/NAL-73.jpg\",\"width\":992,\"height\":558,\"caption\":\"\u00daltimo D\u00eda del Peat\u00f3n en Cochabamba.\"},{\"@type\":\"BreadcrumbList\",\"@id\":\"https:\\\/\\\/www.eldiario.net\\\/portal\\\/2024\\\/11\\\/23\\\/cochabamba-vivira-el-ultimo-dia-del-peaton\\\/#breadcrumb\",\"itemListElement\":[{\"@type\":\"ListItem\",\"position\":1,\"name\":\"Portada\",\"item\":\"https:\\\/\\\/www.eldiario.net\\\/portal\\\/\"},{\"@type\":\"ListItem\",\"position\":2,\"name\":\"Cochabamba vivir\u00e1 el \u00faltimo D\u00eda del Peat\u00f3n\"}]},{\"@type\":\"WebSite\",\"@id\":\"https:\\\/\\\/www.eldiario.net\\\/portal\\\/#website\",\"url\":\"https:\\\/\\\/www.eldiario.net\\\/portal\\\/\",\"name\":\"El Diario - Decano de la prensa nacional\",\"description\":\"El Diario - Decano de la prensa nacional\",\"publisher\":{\"@id\":\"https:\\\/\\\/www.eldiario.net\\\/portal\\\/#organization\"},\"potentialAction\":[{\"@type\":\"SearchAction\",\"target\":{\"@type\":\"EntryPoint\",\"urlTemplate\":\"https:\\\/\\\/www.eldiario.net\\\/portal\\\/?s={search_term_string}\"},\"query-input\":{\"@type\":\"PropertyValueSpecification\",\"valueRequired\":true,\"valueName\":\"search_term_string\"}}],\"inLanguage\":\"es\"},{\"@type\":\"Organization\",\"@id\":\"https:\\\/\\\/www.eldiario.net\\\/portal\\\/#organization\",\"name\":\"El Diario - Decano de la prensa nacional\",\"url\":\"https:\\\/\\\/www.eldiario.net\\\/portal\\\/\",\"logo\":{\"@type\":\"ImageObject\",\"inLanguage\":\"es\",\"@id\":\"https:\\\/\\\/www.eldiario.net\\\/portal\\\/#\\\/schema\\\/logo\\\/image\\\/\",\"url\":\"https:\\\/\\\/www.eldiario.net\\\/portal\\\/wp-content\\\/uploads\\\/2023\\\/07\\\/logo_ED.jpg\",\"contentUrl\":\"https:\\\/\\\/www.eldiario.net\\\/portal\\\/wp-content\\\/uploads\\\/2023\\\/07\\\/logo_ED.jpg\",\"width\":272,\"height\":52,\"caption\":\"El Diario - Decano de la prensa nacional\"},\"image\":{\"@id\":\"https:\\\/\\\/www.eldiario.net\\\/portal\\\/#\\\/schema\\\/logo\\\/image\\\/\"},\"sameAs\":[\"https:\\\/\\\/www.facebook.com\\\/eldiario.bolivia\\\/\",\"https:\\\/\\\/x.com\\\/eldiario_net\"]},{\"@type\":\"Person\",\"@id\":\"https:\\\/\\\/www.eldiario.net\\\/portal\\\/#\\\/schema\\\/person\\\/f46445640444750d7d753ccd04ae01b7\",\"name\":\"Jeanette\",\"image\":{\"@type\":\"ImageObject\",\"inLanguage\":\"es\",\"@id\":\"https:\\\/\\\/secure.gravatar.com\\\/avatar\\\/3ea2118a5f7dad2b7138b1187a6b7ee55f160b9968b66013c3a3ef39dd7e5798?s=96&d=mm&r=g\",\"url\":\"https:\\\/\\\/secure.gravatar.com\\\/avatar\\\/3ea2118a5f7dad2b7138b1187a6b7ee55f160b9968b66013c3a3ef39dd7e5798?s=96&d=mm&r=g\",\"contentUrl\":\"https:\\\/\\\/secure.gravatar.com\\\/avatar\\\/3ea2118a5f7dad2b7138b1187a6b7ee55f160b9968b66013c3a3ef39dd7e5798?s=96&d=mm&r=g\",\"caption\":\"Jeanette\"},\"sameAs\":[\"https:\\\/\\\/www.eldiario.net\\\/portal\"],\"url\":\"https:\\\/\\\/www.eldiario.net\\\/portal\\\/author\\\/jeanette\\\/\"}]}<\/script>\n<!-- \/ Yoast SEO plugin. -->","yoast_head_json":{"title":"Cochabamba vivir\u00e1 el \u00faltimo D\u00eda del Peat\u00f3n - El Diario - Bolivia","robots":{"index":"index","follow":"follow","max-snippet":"max-snippet:-1","max-image-preview":"max-image-preview:large","max-video-preview":"max-video-preview:-1"},"canonical":"https:\/\/www.eldiario.net\/portal\/2024\/11\/23\/cochabamba-vivira-el-ultimo-dia-del-peaton\/","og_locale":"es_ES","og_type":"article","og_title":"Cochabamba vivir\u00e1 el \u00faltimo D\u00eda del Peat\u00f3n - El Diario - Bolivia","og_description":"El concejal Manfred Reyes Villa Avil\u00e9s inform\u00f3 que el pr\u00f3ximo domingo 1 de diciembre se realizar\u00e1 el \u00faltimo D\u00eda del Peat\u00f3n y el Ciclista en el municipio de Cochabamba en cumplimiento de la Ley Municipal 223\/2017, que restringe la circulaci\u00f3n y tr\u00e1fico de movilidades p\u00fablicas y privadas entre las 09:00 a.m. y las 18:00 p.m. [&hellip;]","og_url":"https:\/\/www.eldiario.net\/portal\/2024\/11\/23\/cochabamba-vivira-el-ultimo-dia-del-peaton\/","og_site_name":"El Diario - Bolivia","article_publisher":"https:\/\/www.facebook.com\/eldiario.bolivia\/","article_published_time":"2024-11-23T10:34:10+00:00","og_image":[{"width":992,"height":558,"url":"https:\/\/www.eldiario.net\/portal\/wp-content\/uploads\/2024\/11\/NAL-73.jpg","type":"image\/jpeg"}],"author":"Jeanette","twitter_card":"summary_large_image","twitter_creator":"@eldiario_net","twitter_site":"@eldiario_net","twitter_misc":{"Escrito por":"Jeanette","Tiempo de lectura":"2 minutos"},"schema":{"@context":"https:\/\/schema.org","@graph":[{"@type":"Article","@id":"https:\/\/www.eldiario.net\/portal\/2024\/11\/23\/cochabamba-vivira-el-ultimo-dia-del-peaton\/#article","isPartOf":{"@id":"https:\/\/www.eldiario.net\/portal\/2024\/11\/23\/cochabamba-vivira-el-ultimo-dia-del-peaton\/"},"author":{"name":"Jeanette","@id":"https:\/\/www.eldiario.net\/portal\/#\/schema\/person\/f46445640444750d7d753ccd04ae01b7"},"headline":"Cochabamba vivir\u00e1 el \u00faltimo D\u00eda del Peat\u00f3n","datePublished":"2024-11-23T10:34:10+00:00","mainEntityOfPage":{"@id":"https:\/\/www.eldiario.net\/portal\/2024\/11\/23\/cochabamba-vivira-el-ultimo-dia-del-peaton\/"},"wordCount":381,"publisher":{"@id":"https:\/\/www.eldiario.net\/portal\/#organization"},"image":{"@id":"https:\/\/www.eldiario.net\/portal\/2024\/11\/23\/cochabamba-vivira-el-ultimo-dia-del-peaton\/#primaryimage"},"thumbnailUrl":"https:\/\/www.eldiario.net\/portal\/wp-content\/uploads\/2024\/11\/NAL-73.jpg","articleSection":["Nacional"],"inLanguage":"es"},{"@type":"WebPage","@id":"https:\/\/www.eldiario.net\/portal\/2024\/11\/23\/cochabamba-vivira-el-ultimo-dia-del-peaton\/","url":"https:\/\/www.eldiario.net\/portal\/2024\/11\/23\/cochabamba-vivira-el-ultimo-dia-del-peaton\/","name":"Cochabamba vivir\u00e1 el \u00faltimo D\u00eda del Peat\u00f3n - El Diario - Bolivia","isPartOf":{"@id":"https:\/\/www.eldiario.net\/portal\/#website"},"primaryImageOfPage":{"@id":"https:\/\/www.eldiario.net\/portal\/2024\/11\/23\/cochabamba-vivira-el-ultimo-dia-del-peaton\/#primaryimage"},"image":{"@id":"https:\/\/www.eldiario.net\/portal\/2024\/11\/23\/cochabamba-vivira-el-ultimo-dia-del-peaton\/#primaryimage"},"thumbnailUrl":"https:\/\/www.eldiario.net\/portal\/wp-content\/uploads\/2024\/11\/NAL-73.jpg","datePublished":"2024-11-23T10:34:10+00:00","breadcrumb":{"@id":"https:\/\/www.eldiario.net\/portal\/2024\/11\/23\/cochabamba-vivira-el-ultimo-dia-del-peaton\/#breadcrumb"},"inLanguage":"es","potentialAction":[{"@type":"ReadAction","target":["https:\/\/www.eldiario.net\/portal\/2024\/11\/23\/cochabamba-vivira-el-ultimo-dia-del-peaton\/"]}]},{"@type":"ImageObject","inLanguage":"es","@id":"https:\/\/www.eldiario.net\/portal\/2024\/11\/23\/cochabamba-vivira-el-ultimo-dia-del-peaton\/#primaryimage","url":"https:\/\/www.eldiario.net\/portal\/wp-content\/uploads\/2024\/11\/NAL-73.jpg","contentUrl":"https:\/\/www.eldiario.net\/portal\/wp-content\/uploads\/2024\/11\/NAL-73.jpg","width":992,"height":558,"caption":"\u00daltimo D\u00eda del Peat\u00f3n en Cochabamba."},{"@type":"BreadcrumbList","@id":"https:\/\/www.eldiario.net\/portal\/2024\/11\/23\/cochabamba-vivira-el-ultimo-dia-del-peaton\/#breadcrumb","itemListElement":[{"@type":"ListItem","position":1,"name":"Portada","item":"https:\/\/www.eldiario.net\/portal\/"},{"@type":"ListItem","position":2,"name":"Cochabamba vivir\u00e1 el \u00faltimo D\u00eda del Peat\u00f3n"}]},{"@type":"WebSite","@id":"https:\/\/www.eldiario.net\/portal\/#website","url":"https:\/\/www.eldiario.net\/portal\/","name":"El Diario - Decano de la prensa nacional","description":"El Diario - Decano de la prensa nacional","publisher":{"@id":"https:\/\/www.eldiario.net\/portal\/#organization"},"potentialAction":[{"@type":"SearchAction","target":{"@type":"EntryPoint","urlTemplate":"https:\/\/www.eldiario.net\/portal\/?s={search_term_string}"},"query-input":{"@type":"PropertyValueSpecification","valueRequired":true,"valueName":"search_term_string"}}],"inLanguage":"es"},{"@type":"Organization","@id":"https:\/\/www.eldiario.net\/portal\/#organization","name":"El Diario - Decano de la prensa nacional","url":"https:\/\/www.eldiario.net\/portal\/","logo":{"@type":"ImageObject","inLanguage":"es","@id":"https:\/\/www.eldiario.net\/portal\/#\/schema\/logo\/image\/","url":"https:\/\/www.eldiario.net\/portal\/wp-content\/uploads\/2023\/07\/logo_ED.jpg","contentUrl":"https:\/\/www.eldiario.net\/portal\/wp-content\/uploads\/2023\/07\/logo_ED.jpg","width":272,"height":52,"caption":"El Diario - Decano de la prensa nacional"},"image":{"@id":"https:\/\/www.eldiario.net\/portal\/#\/schema\/logo\/image\/"},"sameAs":["https:\/\/www.facebook.com\/eldiario.bolivia\/","https:\/\/x.com\/eldiario_net"]},{"@type":"Person","@id":"https:\/\/www.eldiario.net\/portal\/#\/schema\/person\/f46445640444750d7d753ccd04ae01b7","name":"Jeanette","image":{"@type":"ImageObject","inLanguage":"es","@id":"https:\/\/secure.gravatar.com\/avatar\/3ea2118a5f7dad2b7138b1187a6b7ee55f160b9968b66013c3a3ef39dd7e5798?s=96&d=mm&r=g","url":"https:\/\/secure.gravatar.com\/avatar\/3ea2118a5f7dad2b7138b1187a6b7ee55f160b9968b66013c3a3ef39dd7e5798?s=96&d=mm&r=g","contentUrl":"https:\/\/secure.gravatar.com\/avatar\/3ea2118a5f7dad2b7138b1187a6b7ee55f160b9968b66013c3a3ef39dd7e5798?s=96&d=mm&r=g","caption":"Jeanette"},"sameAs":["https:\/\/www.eldiario.net\/portal"],"url":"https:\/\/www.eldiario.net\/portal\/author\/jeanette\/"}]}},"_links":{"self":[{"href":"https:\/\/www.eldiario.net\/portal\/wp-json\/wp\/v2\/posts\/262945","targetHints":{"allow":["GET"]}}],"collection":[{"href":"https:\/\/www.eldiario.net\/portal\/wp-json\/wp\/v2\/posts"}],"about":[{"href":"https:\/\/www.eldiario.net\/portal\/wp-json\/wp\/v2\/types\/post"}],"author":[{"embeddable":true,"href":"https:\/\/www.eldiario.net\/portal\/wp-json\/wp\/v2\/users\/1"}],"replies":[{"embeddable":true,"href":"https:\/\/www.eldiario.net\/portal\/wp-json\/wp\/v2\/comments?post=262945"}],"version-history":[{"count":1,"href":"https:\/\/www.eldiario.net\/portal\/wp-json\/wp\/v2\/posts\/262945\/revisions"}],"predecessor-version":[{"id":262947,"href":"https:\/\/www.eldiario.net\/portal\/wp-json\/wp\/v2\/posts\/262945\/revisions\/262947"}],"wp:featuredmedia":[{"embeddable":true,"href":"https:\/\/www.eldiario.net\/portal\/wp-json\/wp\/v2\/media\/262946"}],"wp:attachment":[{"href":"https:\/\/www.eldiario.net\/portal\/wp-json\/wp\/v2\/media?parent=262945"}],"wp:term":[{"taxonomy":"category","embeddable":true,"href":"https:\/\/www.eldiario.net\/portal\/wp-json\/wp\/v2\/categories?post=262945"},{"taxonomy":"post_tag","embeddable":true,"href":"https:\/\/www.eldiario.net\/portal\/wp-json\/wp\/v2\/tags?post=262945"}],"curies":[{"name":"wp","href":"https:\/\/api.w.org\/{rel}","templated":true}]}}