{"id":262937,"date":"2024-11-23T06:30:57","date_gmt":"2024-11-23T10:30:57","guid":{"rendered":"https:\/\/www.eldiario.net\/portal\/?p=262937"},"modified":"2024-11-23T06:30:57","modified_gmt":"2024-11-23T10:30:57","slug":"exigen-al-gobierno-medidas-para-reactivacion-economica","status":"publish","type":"post","link":"https:\/\/www.eldiario.net\/portal\/2024\/11\/23\/exigen-al-gobierno-medidas-para-reactivacion-economica\/","title":{"rendered":"Exigen al Gobierno medidas para reactivaci\u00f3n econ\u00f3mica"},"content":{"rendered":"<p>Los empresarios del sector industrial manufacturero de Bolivia, reunidos en el Consejo Nacional de Presidentes y Gerentes de C\u00e1maras de Industrias de Bolivia, emitieron un pronunciamiento urgente frente a la crisis econ\u00f3mica y pol\u00edtica por la que atraviesa el pa\u00eds; exigieron soluciones inmediatas para la reactivaci\u00f3n econ\u00f3mica y seguridad jur\u00eddica.<br \/>\nExpresaron su marcada preocupaci\u00f3n por el aumento de los conflictos sociales, la escasez de divisas y combustibles, bloqueos generalizados y el deterioro de las condiciones econ\u00f3micas; por lo que, los industriales demandaron acciones concretas e inmediatas a las autoridades nacionales.<br \/>\nLos empresarios sostienen que urge la implementaci\u00f3n de un Plan Estrat\u00e9gico de Reactivaci\u00f3n Econ\u00f3mica que contemple medidas de corto, mediano y largo plazo, haciendo \u00e9nfasis en la promoci\u00f3n del turismo, la econom\u00eda naranja, la transici\u00f3n energ\u00e9tica y la sostenibilidad ambiental.<br \/>\nAsimismo, se refirieron a la importancia de modernizar leyes clave como la Ley de Inversiones, la Ley General del Trabajo, el C\u00f3digo Tributario, la Ley de Miner\u00eda y la Ley de Hidrocarburos, para consolidar un marco regulatorio que fomente las exportaciones con valor agregado y la competitividad del sector industrial.<br \/>\nPor otro lado, el presidente de Cainco, Jean Pierre Antelo, advirti\u00f3 que se requieren acciones inmediatas o el pa\u00eds tendr\u00e1 que recurrir a un rescate econ\u00f3mico, si no hay soluciones a la coyuntura econ\u00f3mica, se debe pensar en organismos internacionales que puedan dotar de divisas para la importaci\u00f3n de combustible y materias primas.<br \/>\nLos industriales coincidieron en que, si bien se han dado reuniones con el Gobierno para abordar la coyuntura econ\u00f3mica, el pa\u00eds no ha recibido respuestas y soluciones reales \u201cpara manejar la crisis de divisas\u201d, seg\u00fan manifest\u00f3 Amilkar Javier Rocha, presidente de la C\u00e1mara de industria, Comercio y Servicios de Cochabamba.<\/p>\n<p>&nbsp;<\/p>\n","protected":false},"excerpt":{"rendered":"<p>Los empresarios del sector industrial manufacturero de Bolivia, reunidos en el Consejo Nacional de Presidentes y Gerentes de C\u00e1maras de Industrias de Bolivia, emitieron un pronunciamiento urgente frente a la crisis econ\u00f3mica y pol\u00edtica por la que atraviesa el pa\u00eds; exigieron soluciones inmediatas para la reactivaci\u00f3n econ\u00f3mica y seguridad jur\u00eddica. Expresaron su marcada preocupaci\u00f3n por [&hellip;]<\/p>\n","protected":false},"author":1,"featured_media":262938,"comment_status":"closed","ping_status":"open","sticky":false,"template":"","format":"standard","meta":{"_acf_changed":false,"footnotes":""},"categories":[17],"tags":[],"class_list":["post-262937","post","type-post","status-publish","format-standard","has-post-thumbnail","category-principal"],"acf":{"antetitulo":"Ante riesgo de colapso del aparato productivo"},"yoast_head":"<!-- This site is optimized with the Yoast SEO plugin v28.4 - https:\/\/yoast.com\/product\/yoast-seo-wordpress\/ -->\n<title>Exigen al Gobierno medidas para reactivaci\u00f3n econ\u00f3mica - El Diario - Bolivia<\/title>\n<meta name=\"robots\" content=\"index, follow, max-snippet:-1, max-image-preview:large, max-video-preview:-1\" \/>\n<link rel=\"canonical\" href=\"https:\/\/www.eldiario.net\/portal\/2024\/11\/23\/exigen-al-gobierno-medidas-para-reactivacion-economica\/\" \/>\n<meta property=\"og:locale\" content=\"es_ES\" \/>\n<meta property=\"og:type\" content=\"article\" \/>\n<meta property=\"og:title\" content=\"Exigen al Gobierno medidas para reactivaci\u00f3n econ\u00f3mica - El Diario - Bolivia\" \/>\n<meta property=\"og:description\" content=\"Los empresarios del sector industrial manufacturero de Bolivia, reunidos en el Consejo Nacional de Presidentes y Gerentes de C\u00e1maras de Industrias de Bolivia, emitieron un pronunciamiento urgente frente a la crisis econ\u00f3mica y pol\u00edtica por la que atraviesa el pa\u00eds; exigieron soluciones inmediatas para la reactivaci\u00f3n econ\u00f3mica y seguridad jur\u00eddica. Expresaron su marcada preocupaci\u00f3n por [&hellip;]\" \/>\n<meta property=\"og:url\" content=\"https:\/\/www.eldiario.net\/portal\/2024\/11\/23\/exigen-al-gobierno-medidas-para-reactivacion-economica\/\" \/>\n<meta property=\"og:site_name\" content=\"El Diario - Bolivia\" \/>\n<meta property=\"article:publisher\" content=\"https:\/\/www.facebook.com\/eldiario.bolivia\/\" \/>\n<meta property=\"article:published_time\" content=\"2024-11-23T10:30:57+00:00\" \/>\n<meta property=\"og:image\" content=\"https:\/\/www.eldiario.net\/portal\/wp-content\/uploads\/2024\/11\/P-1-20-cm-x-11-2.jpg\" \/>\n\t<meta property=\"og:image:width\" content=\"1200\" \/>\n\t<meta property=\"og:image:height\" content=\"798\" \/>\n\t<meta property=\"og:image:type\" content=\"image\/jpeg\" \/>\n<meta name=\"author\" content=\"Jeanette\" \/>\n<meta name=\"twitter:card\" content=\"summary_large_image\" \/>\n<meta name=\"twitter:creator\" content=\"@eldiario_net\" \/>\n<meta name=\"twitter:site\" content=\"@eldiario_net\" \/>\n<meta name=\"twitter:label1\" content=\"Escrito por\" \/>\n\t<meta name=\"twitter:data1\" content=\"Jeanette\" \/>\n\t<meta name=\"twitter:label2\" content=\"Tiempo de lectura\" \/>\n\t<meta name=\"twitter:data2\" content=\"2 minutos\" \/>\n<script type=\"application\/ld+json\" class=\"yoast-schema-graph\">{\"@context\":\"https:\\\/\\\/schema.org\",\"@graph\":[{\"@type\":\"Article\",\"@id\":\"https:\\\/\\\/www.eldiario.net\\\/portal\\\/2024\\\/11\\\/23\\\/exigen-al-gobierno-medidas-para-reactivacion-economica\\\/#article\",\"isPartOf\":{\"@id\":\"https:\\\/\\\/www.eldiario.net\\\/portal\\\/2024\\\/11\\\/23\\\/exigen-al-gobierno-medidas-para-reactivacion-economica\\\/\"},\"author\":{\"name\":\"Jeanette\",\"@id\":\"https:\\\/\\\/www.eldiario.net\\\/portal\\\/#\\\/schema\\\/person\\\/f46445640444750d7d753ccd04ae01b7\"},\"headline\":\"Exigen al Gobierno medidas para reactivaci\u00f3n econ\u00f3mica\",\"datePublished\":\"2024-11-23T10:30:57+00:00\",\"mainEntityOfPage\":{\"@id\":\"https:\\\/\\\/www.eldiario.net\\\/portal\\\/2024\\\/11\\\/23\\\/exigen-al-gobierno-medidas-para-reactivacion-economica\\\/\"},\"wordCount\":320,\"publisher\":{\"@id\":\"https:\\\/\\\/www.eldiario.net\\\/portal\\\/#organization\"},\"image\":{\"@id\":\"https:\\\/\\\/www.eldiario.net\\\/portal\\\/2024\\\/11\\\/23\\\/exigen-al-gobierno-medidas-para-reactivacion-economica\\\/#primaryimage\"},\"thumbnailUrl\":\"https:\\\/\\\/www.eldiario.net\\\/portal\\\/wp-content\\\/uploads\\\/2024\\\/11\\\/P-1-20-cm-x-11-2.jpg\",\"articleSection\":[\"Principal\"],\"inLanguage\":\"es\"},{\"@type\":\"WebPage\",\"@id\":\"https:\\\/\\\/www.eldiario.net\\\/portal\\\/2024\\\/11\\\/23\\\/exigen-al-gobierno-medidas-para-reactivacion-economica\\\/\",\"url\":\"https:\\\/\\\/www.eldiario.net\\\/portal\\\/2024\\\/11\\\/23\\\/exigen-al-gobierno-medidas-para-reactivacion-economica\\\/\",\"name\":\"Exigen al Gobierno medidas para reactivaci\u00f3n econ\u00f3mica - El Diario - Bolivia\",\"isPartOf\":{\"@id\":\"https:\\\/\\\/www.eldiario.net\\\/portal\\\/#website\"},\"primaryImageOfPage\":{\"@id\":\"https:\\\/\\\/www.eldiario.net\\\/portal\\\/2024\\\/11\\\/23\\\/exigen-al-gobierno-medidas-para-reactivacion-economica\\\/#primaryimage\"},\"image\":{\"@id\":\"https:\\\/\\\/www.eldiario.net\\\/portal\\\/2024\\\/11\\\/23\\\/exigen-al-gobierno-medidas-para-reactivacion-economica\\\/#primaryimage\"},\"thumbnailUrl\":\"https:\\\/\\\/www.eldiario.net\\\/portal\\\/wp-content\\\/uploads\\\/2024\\\/11\\\/P-1-20-cm-x-11-2.jpg\",\"datePublished\":\"2024-11-23T10:30:57+00:00\",\"breadcrumb\":{\"@id\":\"https:\\\/\\\/www.eldiario.net\\\/portal\\\/2024\\\/11\\\/23\\\/exigen-al-gobierno-medidas-para-reactivacion-economica\\\/#breadcrumb\"},\"inLanguage\":\"es\",\"potentialAction\":[{\"@type\":\"ReadAction\",\"target\":[\"https:\\\/\\\/www.eldiario.net\\\/portal\\\/2024\\\/11\\\/23\\\/exigen-al-gobierno-medidas-para-reactivacion-economica\\\/\"]}]},{\"@type\":\"ImageObject\",\"inLanguage\":\"es\",\"@id\":\"https:\\\/\\\/www.eldiario.net\\\/portal\\\/2024\\\/11\\\/23\\\/exigen-al-gobierno-medidas-para-reactivacion-economica\\\/#primaryimage\",\"url\":\"https:\\\/\\\/www.eldiario.net\\\/portal\\\/wp-content\\\/uploads\\\/2024\\\/11\\\/P-1-20-cm-x-11-2.jpg\",\"contentUrl\":\"https:\\\/\\\/www.eldiario.net\\\/portal\\\/wp-content\\\/uploads\\\/2024\\\/11\\\/P-1-20-cm-x-11-2.jpg\",\"width\":1200,\"height\":798,\"caption\":\"Representantes de sectores empresariales exigen soluciones inmediatas para la reactivaci\u00f3n econ\u00f3mica del pa\u00eds.\"},{\"@type\":\"BreadcrumbList\",\"@id\":\"https:\\\/\\\/www.eldiario.net\\\/portal\\\/2024\\\/11\\\/23\\\/exigen-al-gobierno-medidas-para-reactivacion-economica\\\/#breadcrumb\",\"itemListElement\":[{\"@type\":\"ListItem\",\"position\":1,\"name\":\"Portada\",\"item\":\"https:\\\/\\\/www.eldiario.net\\\/portal\\\/\"},{\"@type\":\"ListItem\",\"position\":2,\"name\":\"Exigen al Gobierno medidas para reactivaci\u00f3n econ\u00f3mica\"}]},{\"@type\":\"WebSite\",\"@id\":\"https:\\\/\\\/www.eldiario.net\\\/portal\\\/#website\",\"url\":\"https:\\\/\\\/www.eldiario.net\\\/portal\\\/\",\"name\":\"El Diario - Decano de la prensa nacional\",\"description\":\"El Diario - Decano de la prensa nacional\",\"publisher\":{\"@id\":\"https:\\\/\\\/www.eldiario.net\\\/portal\\\/#organization\"},\"potentialAction\":[{\"@type\":\"SearchAction\",\"target\":{\"@type\":\"EntryPoint\",\"urlTemplate\":\"https:\\\/\\\/www.eldiario.net\\\/portal\\\/?s={search_term_string}\"},\"query-input\":{\"@type\":\"PropertyValueSpecification\",\"valueRequired\":true,\"valueName\":\"search_term_string\"}}],\"inLanguage\":\"es\"},{\"@type\":\"Organization\",\"@id\":\"https:\\\/\\\/www.eldiario.net\\\/portal\\\/#organization\",\"name\":\"El Diario - Decano de la prensa nacional\",\"url\":\"https:\\\/\\\/www.eldiario.net\\\/portal\\\/\",\"logo\":{\"@type\":\"ImageObject\",\"inLanguage\":\"es\",\"@id\":\"https:\\\/\\\/www.eldiario.net\\\/portal\\\/#\\\/schema\\\/logo\\\/image\\\/\",\"url\":\"https:\\\/\\\/www.eldiario.net\\\/portal\\\/wp-content\\\/uploads\\\/2023\\\/07\\\/logo_ED.jpg\",\"contentUrl\":\"https:\\\/\\\/www.eldiario.net\\\/portal\\\/wp-content\\\/uploads\\\/2023\\\/07\\\/logo_ED.jpg\",\"width\":272,\"height\":52,\"caption\":\"El Diario - Decano de la prensa nacional\"},\"image\":{\"@id\":\"https:\\\/\\\/www.eldiario.net\\\/portal\\\/#\\\/schema\\\/logo\\\/image\\\/\"},\"sameAs\":[\"https:\\\/\\\/www.facebook.com\\\/eldiario.bolivia\\\/\",\"https:\\\/\\\/x.com\\\/eldiario_net\"]},{\"@type\":\"Person\",\"@id\":\"https:\\\/\\\/www.eldiario.net\\\/portal\\\/#\\\/schema\\\/person\\\/f46445640444750d7d753ccd04ae01b7\",\"name\":\"Jeanette\",\"image\":{\"@type\":\"ImageObject\",\"inLanguage\":\"es\",\"@id\":\"https:\\\/\\\/secure.gravatar.com\\\/avatar\\\/3ea2118a5f7dad2b7138b1187a6b7ee55f160b9968b66013c3a3ef39dd7e5798?s=96&d=mm&r=g\",\"url\":\"https:\\\/\\\/secure.gravatar.com\\\/avatar\\\/3ea2118a5f7dad2b7138b1187a6b7ee55f160b9968b66013c3a3ef39dd7e5798?s=96&d=mm&r=g\",\"contentUrl\":\"https:\\\/\\\/secure.gravatar.com\\\/avatar\\\/3ea2118a5f7dad2b7138b1187a6b7ee55f160b9968b66013c3a3ef39dd7e5798?s=96&d=mm&r=g\",\"caption\":\"Jeanette\"},\"sameAs\":[\"https:\\\/\\\/www.eldiario.net\\\/portal\"],\"url\":\"https:\\\/\\\/www.eldiario.net\\\/portal\\\/author\\\/jeanette\\\/\"}]}<\/script>\n<!-- \/ Yoast SEO plugin. -->","yoast_head_json":{"title":"Exigen al Gobierno medidas para reactivaci\u00f3n econ\u00f3mica - El Diario - Bolivia","robots":{"index":"index","follow":"follow","max-snippet":"max-snippet:-1","max-image-preview":"max-image-preview:large","max-video-preview":"max-video-preview:-1"},"canonical":"https:\/\/www.eldiario.net\/portal\/2024\/11\/23\/exigen-al-gobierno-medidas-para-reactivacion-economica\/","og_locale":"es_ES","og_type":"article","og_title":"Exigen al Gobierno medidas para reactivaci\u00f3n econ\u00f3mica - El Diario - Bolivia","og_description":"Los empresarios del sector industrial manufacturero de Bolivia, reunidos en el Consejo Nacional de Presidentes y Gerentes de C\u00e1maras de Industrias de Bolivia, emitieron un pronunciamiento urgente frente a la crisis econ\u00f3mica y pol\u00edtica por la que atraviesa el pa\u00eds; exigieron soluciones inmediatas para la reactivaci\u00f3n econ\u00f3mica y seguridad jur\u00eddica. Expresaron su marcada preocupaci\u00f3n por [&hellip;]","og_url":"https:\/\/www.eldiario.net\/portal\/2024\/11\/23\/exigen-al-gobierno-medidas-para-reactivacion-economica\/","og_site_name":"El Diario - Bolivia","article_publisher":"https:\/\/www.facebook.com\/eldiario.bolivia\/","article_published_time":"2024-11-23T10:30:57+00:00","og_image":[{"width":1200,"height":798,"url":"https:\/\/www.eldiario.net\/portal\/wp-content\/uploads\/2024\/11\/P-1-20-cm-x-11-2.jpg","type":"image\/jpeg"}],"author":"Jeanette","twitter_card":"summary_large_image","twitter_creator":"@eldiario_net","twitter_site":"@eldiario_net","twitter_misc":{"Escrito por":"Jeanette","Tiempo de lectura":"2 minutos"},"schema":{"@context":"https:\/\/schema.org","@graph":[{"@type":"Article","@id":"https:\/\/www.eldiario.net\/portal\/2024\/11\/23\/exigen-al-gobierno-medidas-para-reactivacion-economica\/#article","isPartOf":{"@id":"https:\/\/www.eldiario.net\/portal\/2024\/11\/23\/exigen-al-gobierno-medidas-para-reactivacion-economica\/"},"author":{"name":"Jeanette","@id":"https:\/\/www.eldiario.net\/portal\/#\/schema\/person\/f46445640444750d7d753ccd04ae01b7"},"headline":"Exigen al Gobierno medidas para reactivaci\u00f3n econ\u00f3mica","datePublished":"2024-11-23T10:30:57+00:00","mainEntityOfPage":{"@id":"https:\/\/www.eldiario.net\/portal\/2024\/11\/23\/exigen-al-gobierno-medidas-para-reactivacion-economica\/"},"wordCount":320,"publisher":{"@id":"https:\/\/www.eldiario.net\/portal\/#organization"},"image":{"@id":"https:\/\/www.eldiario.net\/portal\/2024\/11\/23\/exigen-al-gobierno-medidas-para-reactivacion-economica\/#primaryimage"},"thumbnailUrl":"https:\/\/www.eldiario.net\/portal\/wp-content\/uploads\/2024\/11\/P-1-20-cm-x-11-2.jpg","articleSection":["Principal"],"inLanguage":"es"},{"@type":"WebPage","@id":"https:\/\/www.eldiario.net\/portal\/2024\/11\/23\/exigen-al-gobierno-medidas-para-reactivacion-economica\/","url":"https:\/\/www.eldiario.net\/portal\/2024\/11\/23\/exigen-al-gobierno-medidas-para-reactivacion-economica\/","name":"Exigen al Gobierno medidas para reactivaci\u00f3n econ\u00f3mica - El Diario - Bolivia","isPartOf":{"@id":"https:\/\/www.eldiario.net\/portal\/#website"},"primaryImageOfPage":{"@id":"https:\/\/www.eldiario.net\/portal\/2024\/11\/23\/exigen-al-gobierno-medidas-para-reactivacion-economica\/#primaryimage"},"image":{"@id":"https:\/\/www.eldiario.net\/portal\/2024\/11\/23\/exigen-al-gobierno-medidas-para-reactivacion-economica\/#primaryimage"},"thumbnailUrl":"https:\/\/www.eldiario.net\/portal\/wp-content\/uploads\/2024\/11\/P-1-20-cm-x-11-2.jpg","datePublished":"2024-11-23T10:30:57+00:00","breadcrumb":{"@id":"https:\/\/www.eldiario.net\/portal\/2024\/11\/23\/exigen-al-gobierno-medidas-para-reactivacion-economica\/#breadcrumb"},"inLanguage":"es","potentialAction":[{"@type":"ReadAction","target":["https:\/\/www.eldiario.net\/portal\/2024\/11\/23\/exigen-al-gobierno-medidas-para-reactivacion-economica\/"]}]},{"@type":"ImageObject","inLanguage":"es","@id":"https:\/\/www.eldiario.net\/portal\/2024\/11\/23\/exigen-al-gobierno-medidas-para-reactivacion-economica\/#primaryimage","url":"https:\/\/www.eldiario.net\/portal\/wp-content\/uploads\/2024\/11\/P-1-20-cm-x-11-2.jpg","contentUrl":"https:\/\/www.eldiario.net\/portal\/wp-content\/uploads\/2024\/11\/P-1-20-cm-x-11-2.jpg","width":1200,"height":798,"caption":"Representantes de sectores empresariales exigen soluciones inmediatas para la reactivaci\u00f3n econ\u00f3mica del pa\u00eds."},{"@type":"BreadcrumbList","@id":"https:\/\/www.eldiario.net\/portal\/2024\/11\/23\/exigen-al-gobierno-medidas-para-reactivacion-economica\/#breadcrumb","itemListElement":[{"@type":"ListItem","position":1,"name":"Portada","item":"https:\/\/www.eldiario.net\/portal\/"},{"@type":"ListItem","position":2,"name":"Exigen al Gobierno medidas para reactivaci\u00f3n econ\u00f3mica"}]},{"@type":"WebSite","@id":"https:\/\/www.eldiario.net\/portal\/#website","url":"https:\/\/www.eldiario.net\/portal\/","name":"El Diario - Decano de la prensa nacional","description":"El Diario - Decano de la prensa nacional","publisher":{"@id":"https:\/\/www.eldiario.net\/portal\/#organization"},"potentialAction":[{"@type":"SearchAction","target":{"@type":"EntryPoint","urlTemplate":"https:\/\/www.eldiario.net\/portal\/?s={search_term_string}"},"query-input":{"@type":"PropertyValueSpecification","valueRequired":true,"valueName":"search_term_string"}}],"inLanguage":"es"},{"@type":"Organization","@id":"https:\/\/www.eldiario.net\/portal\/#organization","name":"El Diario - Decano de la prensa nacional","url":"https:\/\/www.eldiario.net\/portal\/","logo":{"@type":"ImageObject","inLanguage":"es","@id":"https:\/\/www.eldiario.net\/portal\/#\/schema\/logo\/image\/","url":"https:\/\/www.eldiario.net\/portal\/wp-content\/uploads\/2023\/07\/logo_ED.jpg","contentUrl":"https:\/\/www.eldiario.net\/portal\/wp-content\/uploads\/2023\/07\/logo_ED.jpg","width":272,"height":52,"caption":"El Diario - Decano de la prensa nacional"},"image":{"@id":"https:\/\/www.eldiario.net\/portal\/#\/schema\/logo\/image\/"},"sameAs":["https:\/\/www.facebook.com\/eldiario.bolivia\/","https:\/\/x.com\/eldiario_net"]},{"@type":"Person","@id":"https:\/\/www.eldiario.net\/portal\/#\/schema\/person\/f46445640444750d7d753ccd04ae01b7","name":"Jeanette","image":{"@type":"ImageObject","inLanguage":"es","@id":"https:\/\/secure.gravatar.com\/avatar\/3ea2118a5f7dad2b7138b1187a6b7ee55f160b9968b66013c3a3ef39dd7e5798?s=96&d=mm&r=g","url":"https:\/\/secure.gravatar.com\/avatar\/3ea2118a5f7dad2b7138b1187a6b7ee55f160b9968b66013c3a3ef39dd7e5798?s=96&d=mm&r=g","contentUrl":"https:\/\/secure.gravatar.com\/avatar\/3ea2118a5f7dad2b7138b1187a6b7ee55f160b9968b66013c3a3ef39dd7e5798?s=96&d=mm&r=g","caption":"Jeanette"},"sameAs":["https:\/\/www.eldiario.net\/portal"],"url":"https:\/\/www.eldiario.net\/portal\/author\/jeanette\/"}]}},"_links":{"self":[{"href":"https:\/\/www.eldiario.net\/portal\/wp-json\/wp\/v2\/posts\/262937","targetHints":{"allow":["GET"]}}],"collection":[{"href":"https:\/\/www.eldiario.net\/portal\/wp-json\/wp\/v2\/posts"}],"about":[{"href":"https:\/\/www.eldiario.net\/portal\/wp-json\/wp\/v2\/types\/post"}],"author":[{"embeddable":true,"href":"https:\/\/www.eldiario.net\/portal\/wp-json\/wp\/v2\/users\/1"}],"replies":[{"embeddable":true,"href":"https:\/\/www.eldiario.net\/portal\/wp-json\/wp\/v2\/comments?post=262937"}],"version-history":[{"count":1,"href":"https:\/\/www.eldiario.net\/portal\/wp-json\/wp\/v2\/posts\/262937\/revisions"}],"predecessor-version":[{"id":262939,"href":"https:\/\/www.eldiario.net\/portal\/wp-json\/wp\/v2\/posts\/262937\/revisions\/262939"}],"wp:featuredmedia":[{"embeddable":true,"href":"https:\/\/www.eldiario.net\/portal\/wp-json\/wp\/v2\/media\/262938"}],"wp:attachment":[{"href":"https:\/\/www.eldiario.net\/portal\/wp-json\/wp\/v2\/media?parent=262937"}],"wp:term":[{"taxonomy":"category","embeddable":true,"href":"https:\/\/www.eldiario.net\/portal\/wp-json\/wp\/v2\/categories?post=262937"},{"taxonomy":"post_tag","embeddable":true,"href":"https:\/\/www.eldiario.net\/portal\/wp-json\/wp\/v2\/tags?post=262937"}],"curies":[{"name":"wp","href":"https:\/\/api.w.org\/{rel}","templated":true}]}}