{"id":262901,"date":"2024-11-22T17:30:15","date_gmt":"2024-11-22T21:30:15","guid":{"rendered":"https:\/\/www.eldiario.net\/portal\/?p=262901"},"modified":"2024-11-22T17:30:15","modified_gmt":"2024-11-22T21:30:15","slug":"bosch-recorta-5-500-empleos-la-mayoria-en-alemania-1730","status":"publish","type":"post","link":"https:\/\/www.eldiario.net\/portal\/2024\/11\/22\/bosch-recorta-5-500-empleos-la-mayoria-en-alemania-1730\/","title":{"rendered":"Bosch recorta 5.500 empleos, la mayor\u00eda en Alemania. (17:30)"},"content":{"rendered":"<p>La multinacional alemana Bosch ha anunciado un plan de ajuste en su divisi\u00f3n de movilidad que implicar\u00e1 el despido de 5.500 trabajadores hasta 2029, afectando principalmente a las \u00e1reas de software y componentes para veh\u00edculos el\u00e9ctricos.<\/p>\n<p>De estos recortes, 3.500 puestos se eliminar\u00e1n antes de 2027, con Alemania como epicentro, donde la conducci\u00f3n aut\u00f3noma sufrir\u00e1 un duro golpe. Adem\u00e1s, se suprimir\u00e1n 1.300 empleos en la planta de Schw\u00f5bisch Gm\u00fcnd entre 2027 y 2032, y 750 puestos en Hildesheim, donde se fabrican piezas para las movilidades el\u00e9ctricas.<\/p>\n<p>Fuentes de Bosch han confirmado que los recortes no impactar\u00e1n en pa\u00edses que no tengan incidencia en \u00a0la divisi\u00f3n afectada. El anuncio refleja la presi\u00f3n que enfrenta el sector automotriz europeo por la baja demanda de veh\u00edculos el\u00e9ctricos y la creciente competencia china, desaf\u00edos que han llevado a Bosch a reestructurar sus operaciones.<\/p>\n","protected":false},"excerpt":{"rendered":"<p>La multinacional alemana Bosch ha anunciado un plan de ajuste en su divisi\u00f3n de movilidad que implicar\u00e1 el despido de 5.500 trabajadores hasta 2029, afectando principalmente a las \u00e1reas de software y componentes para veh\u00edculos el\u00e9ctricos. De estos recortes, 3.500 puestos se eliminar\u00e1n antes de 2027, con Alemania como epicentro, donde la conducci\u00f3n aut\u00f3noma sufrir\u00e1 [&hellip;]<\/p>\n","protected":false},"author":7,"featured_media":262902,"comment_status":"closed","ping_status":"open","sticky":false,"template":"","format":"standard","meta":{"_acf_changed":false,"footnotes":""},"categories":[51],"tags":[],"class_list":["post-262901","post","type-post","status-publish","format-standard","has-post-thumbnail","category-ultima-hora"],"acf":{"antetitulo":""},"yoast_head":"<!-- This site is optimized with the Yoast SEO plugin v28.4 - https:\/\/yoast.com\/product\/yoast-seo-wordpress\/ -->\n<title>Bosch recorta 5.500 empleos, la mayor\u00eda en Alemania. (17:30) - El Diario - Bolivia<\/title>\n<meta name=\"robots\" content=\"index, follow, max-snippet:-1, max-image-preview:large, max-video-preview:-1\" \/>\n<link rel=\"canonical\" href=\"https:\/\/www.eldiario.net\/portal\/2024\/11\/22\/bosch-recorta-5-500-empleos-la-mayoria-en-alemania-1730\/\" \/>\n<meta property=\"og:locale\" content=\"es_ES\" \/>\n<meta property=\"og:type\" content=\"article\" \/>\n<meta property=\"og:title\" content=\"Bosch recorta 5.500 empleos, la mayor\u00eda en Alemania. (17:30) - El Diario - Bolivia\" \/>\n<meta property=\"og:description\" content=\"La multinacional alemana Bosch ha anunciado un plan de ajuste en su divisi\u00f3n de movilidad que implicar\u00e1 el despido de 5.500 trabajadores hasta 2029, afectando principalmente a las \u00e1reas de software y componentes para veh\u00edculos el\u00e9ctricos. De estos recortes, 3.500 puestos se eliminar\u00e1n antes de 2027, con Alemania como epicentro, donde la conducci\u00f3n aut\u00f3noma sufrir\u00e1 [&hellip;]\" \/>\n<meta property=\"og:url\" content=\"https:\/\/www.eldiario.net\/portal\/2024\/11\/22\/bosch-recorta-5-500-empleos-la-mayoria-en-alemania-1730\/\" \/>\n<meta property=\"og:site_name\" content=\"El Diario - Bolivia\" \/>\n<meta property=\"article:publisher\" content=\"https:\/\/www.facebook.com\/eldiario.bolivia\/\" \/>\n<meta property=\"article:published_time\" content=\"2024-11-22T21:30:15+00:00\" \/>\n<meta property=\"og:image\" content=\"https:\/\/www.eldiario.net\/portal\/wp-content\/uploads\/2024\/11\/bosch-1111-scaled-e1732310994643.jpg\" \/>\n\t<meta property=\"og:image:width\" content=\"600\" \/>\n\t<meta property=\"og:image:height\" content=\"338\" \/>\n\t<meta property=\"og:image:type\" content=\"image\/jpeg\" \/>\n<meta name=\"author\" content=\"Viviana Monrroy\" \/>\n<meta name=\"twitter:card\" content=\"summary_large_image\" \/>\n<meta name=\"twitter:creator\" content=\"@eldiario_net\" \/>\n<meta name=\"twitter:site\" content=\"@eldiario_net\" \/>\n<meta name=\"twitter:label1\" content=\"Escrito por\" \/>\n\t<meta name=\"twitter:data1\" content=\"Viviana Monrroy\" \/>\n\t<meta name=\"twitter:label2\" content=\"Tiempo de lectura\" \/>\n\t<meta name=\"twitter:data2\" content=\"1 minuto\" \/>\n<script type=\"application\/ld+json\" class=\"yoast-schema-graph\">{\"@context\":\"https:\\\/\\\/schema.org\",\"@graph\":[{\"@type\":\"Article\",\"@id\":\"https:\\\/\\\/www.eldiario.net\\\/portal\\\/2024\\\/11\\\/22\\\/bosch-recorta-5-500-empleos-la-mayoria-en-alemania-1730\\\/#article\",\"isPartOf\":{\"@id\":\"https:\\\/\\\/www.eldiario.net\\\/portal\\\/2024\\\/11\\\/22\\\/bosch-recorta-5-500-empleos-la-mayoria-en-alemania-1730\\\/\"},\"author\":{\"name\":\"Viviana Monrroy\",\"@id\":\"https:\\\/\\\/www.eldiario.net\\\/portal\\\/#\\\/schema\\\/person\\\/ba370d92d160f4d3574381f6d9b78fab\"},\"headline\":\"Bosch recorta 5.500 empleos, la mayor\u00eda en Alemania. (17:30)\",\"datePublished\":\"2024-11-22T21:30:15+00:00\",\"mainEntityOfPage\":{\"@id\":\"https:\\\/\\\/www.eldiario.net\\\/portal\\\/2024\\\/11\\\/22\\\/bosch-recorta-5-500-empleos-la-mayoria-en-alemania-1730\\\/\"},\"wordCount\":157,\"publisher\":{\"@id\":\"https:\\\/\\\/www.eldiario.net\\\/portal\\\/#organization\"},\"image\":{\"@id\":\"https:\\\/\\\/www.eldiario.net\\\/portal\\\/2024\\\/11\\\/22\\\/bosch-recorta-5-500-empleos-la-mayoria-en-alemania-1730\\\/#primaryimage\"},\"thumbnailUrl\":\"https:\\\/\\\/www.eldiario.net\\\/portal\\\/wp-content\\\/uploads\\\/2024\\\/11\\\/bosch-1111-scaled-e1732310994643.jpg\",\"articleSection\":[\"\u00daltima Hora\"],\"inLanguage\":\"es\"},{\"@type\":\"WebPage\",\"@id\":\"https:\\\/\\\/www.eldiario.net\\\/portal\\\/2024\\\/11\\\/22\\\/bosch-recorta-5-500-empleos-la-mayoria-en-alemania-1730\\\/\",\"url\":\"https:\\\/\\\/www.eldiario.net\\\/portal\\\/2024\\\/11\\\/22\\\/bosch-recorta-5-500-empleos-la-mayoria-en-alemania-1730\\\/\",\"name\":\"Bosch recorta 5.500 empleos, la mayor\u00eda en Alemania. (17:30) - El Diario - Bolivia\",\"isPartOf\":{\"@id\":\"https:\\\/\\\/www.eldiario.net\\\/portal\\\/#website\"},\"primaryImageOfPage\":{\"@id\":\"https:\\\/\\\/www.eldiario.net\\\/portal\\\/2024\\\/11\\\/22\\\/bosch-recorta-5-500-empleos-la-mayoria-en-alemania-1730\\\/#primaryimage\"},\"image\":{\"@id\":\"https:\\\/\\\/www.eldiario.net\\\/portal\\\/2024\\\/11\\\/22\\\/bosch-recorta-5-500-empleos-la-mayoria-en-alemania-1730\\\/#primaryimage\"},\"thumbnailUrl\":\"https:\\\/\\\/www.eldiario.net\\\/portal\\\/wp-content\\\/uploads\\\/2024\\\/11\\\/bosch-1111-scaled-e1732310994643.jpg\",\"datePublished\":\"2024-11-22T21:30:15+00:00\",\"breadcrumb\":{\"@id\":\"https:\\\/\\\/www.eldiario.net\\\/portal\\\/2024\\\/11\\\/22\\\/bosch-recorta-5-500-empleos-la-mayoria-en-alemania-1730\\\/#breadcrumb\"},\"inLanguage\":\"es\",\"potentialAction\":[{\"@type\":\"ReadAction\",\"target\":[\"https:\\\/\\\/www.eldiario.net\\\/portal\\\/2024\\\/11\\\/22\\\/bosch-recorta-5-500-empleos-la-mayoria-en-alemania-1730\\\/\"]}]},{\"@type\":\"ImageObject\",\"inLanguage\":\"es\",\"@id\":\"https:\\\/\\\/www.eldiario.net\\\/portal\\\/2024\\\/11\\\/22\\\/bosch-recorta-5-500-empleos-la-mayoria-en-alemania-1730\\\/#primaryimage\",\"url\":\"https:\\\/\\\/www.eldiario.net\\\/portal\\\/wp-content\\\/uploads\\\/2024\\\/11\\\/bosch-1111-scaled-e1732310994643.jpg\",\"contentUrl\":\"https:\\\/\\\/www.eldiario.net\\\/portal\\\/wp-content\\\/uploads\\\/2024\\\/11\\\/bosch-1111-scaled-e1732310994643.jpg\",\"width\":600,\"height\":338,\"caption\":\"Foto: RR.SS.\"},{\"@type\":\"BreadcrumbList\",\"@id\":\"https:\\\/\\\/www.eldiario.net\\\/portal\\\/2024\\\/11\\\/22\\\/bosch-recorta-5-500-empleos-la-mayoria-en-alemania-1730\\\/#breadcrumb\",\"itemListElement\":[{\"@type\":\"ListItem\",\"position\":1,\"name\":\"Portada\",\"item\":\"https:\\\/\\\/www.eldiario.net\\\/portal\\\/\"},{\"@type\":\"ListItem\",\"position\":2,\"name\":\"Bosch recorta 5.500 empleos, la mayor\u00eda en Alemania. (17:30)\"}]},{\"@type\":\"WebSite\",\"@id\":\"https:\\\/\\\/www.eldiario.net\\\/portal\\\/#website\",\"url\":\"https:\\\/\\\/www.eldiario.net\\\/portal\\\/\",\"name\":\"El Diario - Decano de la prensa nacional\",\"description\":\"El Diario - Decano de la prensa nacional\",\"publisher\":{\"@id\":\"https:\\\/\\\/www.eldiario.net\\\/portal\\\/#organization\"},\"potentialAction\":[{\"@type\":\"SearchAction\",\"target\":{\"@type\":\"EntryPoint\",\"urlTemplate\":\"https:\\\/\\\/www.eldiario.net\\\/portal\\\/?s={search_term_string}\"},\"query-input\":{\"@type\":\"PropertyValueSpecification\",\"valueRequired\":true,\"valueName\":\"search_term_string\"}}],\"inLanguage\":\"es\"},{\"@type\":\"Organization\",\"@id\":\"https:\\\/\\\/www.eldiario.net\\\/portal\\\/#organization\",\"name\":\"El Diario - Decano de la prensa nacional\",\"url\":\"https:\\\/\\\/www.eldiario.net\\\/portal\\\/\",\"logo\":{\"@type\":\"ImageObject\",\"inLanguage\":\"es\",\"@id\":\"https:\\\/\\\/www.eldiario.net\\\/portal\\\/#\\\/schema\\\/logo\\\/image\\\/\",\"url\":\"https:\\\/\\\/www.eldiario.net\\\/portal\\\/wp-content\\\/uploads\\\/2023\\\/07\\\/logo_ED.jpg\",\"contentUrl\":\"https:\\\/\\\/www.eldiario.net\\\/portal\\\/wp-content\\\/uploads\\\/2023\\\/07\\\/logo_ED.jpg\",\"width\":272,\"height\":52,\"caption\":\"El Diario - Decano de la prensa nacional\"},\"image\":{\"@id\":\"https:\\\/\\\/www.eldiario.net\\\/portal\\\/#\\\/schema\\\/logo\\\/image\\\/\"},\"sameAs\":[\"https:\\\/\\\/www.facebook.com\\\/eldiario.bolivia\\\/\",\"https:\\\/\\\/x.com\\\/eldiario_net\"]},{\"@type\":\"Person\",\"@id\":\"https:\\\/\\\/www.eldiario.net\\\/portal\\\/#\\\/schema\\\/person\\\/ba370d92d160f4d3574381f6d9b78fab\",\"name\":\"Viviana Monrroy\",\"image\":{\"@type\":\"ImageObject\",\"inLanguage\":\"es\",\"@id\":\"https:\\\/\\\/secure.gravatar.com\\\/avatar\\\/dfd1611ed5600959a0e5a9754503b6c05d1dcf190010998e0363aee2ad98afca?s=96&d=mm&r=g\",\"url\":\"https:\\\/\\\/secure.gravatar.com\\\/avatar\\\/dfd1611ed5600959a0e5a9754503b6c05d1dcf190010998e0363aee2ad98afca?s=96&d=mm&r=g\",\"contentUrl\":\"https:\\\/\\\/secure.gravatar.com\\\/avatar\\\/dfd1611ed5600959a0e5a9754503b6c05d1dcf190010998e0363aee2ad98afca?s=96&d=mm&r=g\",\"caption\":\"Viviana Monrroy\"},\"sameAs\":[\"http:\\\/\\\/www.eldiario.net\"],\"url\":\"https:\\\/\\\/www.eldiario.net\\\/portal\\\/author\\\/vivianamonrroy\\\/\"}]}<\/script>\n<!-- \/ Yoast SEO plugin. -->","yoast_head_json":{"title":"Bosch recorta 5.500 empleos, la mayor\u00eda en Alemania. (17:30) - El Diario - Bolivia","robots":{"index":"index","follow":"follow","max-snippet":"max-snippet:-1","max-image-preview":"max-image-preview:large","max-video-preview":"max-video-preview:-1"},"canonical":"https:\/\/www.eldiario.net\/portal\/2024\/11\/22\/bosch-recorta-5-500-empleos-la-mayoria-en-alemania-1730\/","og_locale":"es_ES","og_type":"article","og_title":"Bosch recorta 5.500 empleos, la mayor\u00eda en Alemania. (17:30) - El Diario - Bolivia","og_description":"La multinacional alemana Bosch ha anunciado un plan de ajuste en su divisi\u00f3n de movilidad que implicar\u00e1 el despido de 5.500 trabajadores hasta 2029, afectando principalmente a las \u00e1reas de software y componentes para veh\u00edculos el\u00e9ctricos. De estos recortes, 3.500 puestos se eliminar\u00e1n antes de 2027, con Alemania como epicentro, donde la conducci\u00f3n aut\u00f3noma sufrir\u00e1 [&hellip;]","og_url":"https:\/\/www.eldiario.net\/portal\/2024\/11\/22\/bosch-recorta-5-500-empleos-la-mayoria-en-alemania-1730\/","og_site_name":"El Diario - Bolivia","article_publisher":"https:\/\/www.facebook.com\/eldiario.bolivia\/","article_published_time":"2024-11-22T21:30:15+00:00","og_image":[{"width":600,"height":338,"url":"https:\/\/www.eldiario.net\/portal\/wp-content\/uploads\/2024\/11\/bosch-1111-scaled-e1732310994643.jpg","type":"image\/jpeg"}],"author":"Viviana Monrroy","twitter_card":"summary_large_image","twitter_creator":"@eldiario_net","twitter_site":"@eldiario_net","twitter_misc":{"Escrito por":"Viviana Monrroy","Tiempo de lectura":"1 minuto"},"schema":{"@context":"https:\/\/schema.org","@graph":[{"@type":"Article","@id":"https:\/\/www.eldiario.net\/portal\/2024\/11\/22\/bosch-recorta-5-500-empleos-la-mayoria-en-alemania-1730\/#article","isPartOf":{"@id":"https:\/\/www.eldiario.net\/portal\/2024\/11\/22\/bosch-recorta-5-500-empleos-la-mayoria-en-alemania-1730\/"},"author":{"name":"Viviana Monrroy","@id":"https:\/\/www.eldiario.net\/portal\/#\/schema\/person\/ba370d92d160f4d3574381f6d9b78fab"},"headline":"Bosch recorta 5.500 empleos, la mayor\u00eda en Alemania. (17:30)","datePublished":"2024-11-22T21:30:15+00:00","mainEntityOfPage":{"@id":"https:\/\/www.eldiario.net\/portal\/2024\/11\/22\/bosch-recorta-5-500-empleos-la-mayoria-en-alemania-1730\/"},"wordCount":157,"publisher":{"@id":"https:\/\/www.eldiario.net\/portal\/#organization"},"image":{"@id":"https:\/\/www.eldiario.net\/portal\/2024\/11\/22\/bosch-recorta-5-500-empleos-la-mayoria-en-alemania-1730\/#primaryimage"},"thumbnailUrl":"https:\/\/www.eldiario.net\/portal\/wp-content\/uploads\/2024\/11\/bosch-1111-scaled-e1732310994643.jpg","articleSection":["\u00daltima Hora"],"inLanguage":"es"},{"@type":"WebPage","@id":"https:\/\/www.eldiario.net\/portal\/2024\/11\/22\/bosch-recorta-5-500-empleos-la-mayoria-en-alemania-1730\/","url":"https:\/\/www.eldiario.net\/portal\/2024\/11\/22\/bosch-recorta-5-500-empleos-la-mayoria-en-alemania-1730\/","name":"Bosch recorta 5.500 empleos, la mayor\u00eda en Alemania. (17:30) - El Diario - Bolivia","isPartOf":{"@id":"https:\/\/www.eldiario.net\/portal\/#website"},"primaryImageOfPage":{"@id":"https:\/\/www.eldiario.net\/portal\/2024\/11\/22\/bosch-recorta-5-500-empleos-la-mayoria-en-alemania-1730\/#primaryimage"},"image":{"@id":"https:\/\/www.eldiario.net\/portal\/2024\/11\/22\/bosch-recorta-5-500-empleos-la-mayoria-en-alemania-1730\/#primaryimage"},"thumbnailUrl":"https:\/\/www.eldiario.net\/portal\/wp-content\/uploads\/2024\/11\/bosch-1111-scaled-e1732310994643.jpg","datePublished":"2024-11-22T21:30:15+00:00","breadcrumb":{"@id":"https:\/\/www.eldiario.net\/portal\/2024\/11\/22\/bosch-recorta-5-500-empleos-la-mayoria-en-alemania-1730\/#breadcrumb"},"inLanguage":"es","potentialAction":[{"@type":"ReadAction","target":["https:\/\/www.eldiario.net\/portal\/2024\/11\/22\/bosch-recorta-5-500-empleos-la-mayoria-en-alemania-1730\/"]}]},{"@type":"ImageObject","inLanguage":"es","@id":"https:\/\/www.eldiario.net\/portal\/2024\/11\/22\/bosch-recorta-5-500-empleos-la-mayoria-en-alemania-1730\/#primaryimage","url":"https:\/\/www.eldiario.net\/portal\/wp-content\/uploads\/2024\/11\/bosch-1111-scaled-e1732310994643.jpg","contentUrl":"https:\/\/www.eldiario.net\/portal\/wp-content\/uploads\/2024\/11\/bosch-1111-scaled-e1732310994643.jpg","width":600,"height":338,"caption":"Foto: RR.SS."},{"@type":"BreadcrumbList","@id":"https:\/\/www.eldiario.net\/portal\/2024\/11\/22\/bosch-recorta-5-500-empleos-la-mayoria-en-alemania-1730\/#breadcrumb","itemListElement":[{"@type":"ListItem","position":1,"name":"Portada","item":"https:\/\/www.eldiario.net\/portal\/"},{"@type":"ListItem","position":2,"name":"Bosch recorta 5.500 empleos, la mayor\u00eda en Alemania. (17:30)"}]},{"@type":"WebSite","@id":"https:\/\/www.eldiario.net\/portal\/#website","url":"https:\/\/www.eldiario.net\/portal\/","name":"El Diario - Decano de la prensa nacional","description":"El Diario - Decano de la prensa nacional","publisher":{"@id":"https:\/\/www.eldiario.net\/portal\/#organization"},"potentialAction":[{"@type":"SearchAction","target":{"@type":"EntryPoint","urlTemplate":"https:\/\/www.eldiario.net\/portal\/?s={search_term_string}"},"query-input":{"@type":"PropertyValueSpecification","valueRequired":true,"valueName":"search_term_string"}}],"inLanguage":"es"},{"@type":"Organization","@id":"https:\/\/www.eldiario.net\/portal\/#organization","name":"El Diario - Decano de la prensa nacional","url":"https:\/\/www.eldiario.net\/portal\/","logo":{"@type":"ImageObject","inLanguage":"es","@id":"https:\/\/www.eldiario.net\/portal\/#\/schema\/logo\/image\/","url":"https:\/\/www.eldiario.net\/portal\/wp-content\/uploads\/2023\/07\/logo_ED.jpg","contentUrl":"https:\/\/www.eldiario.net\/portal\/wp-content\/uploads\/2023\/07\/logo_ED.jpg","width":272,"height":52,"caption":"El Diario - Decano de la prensa nacional"},"image":{"@id":"https:\/\/www.eldiario.net\/portal\/#\/schema\/logo\/image\/"},"sameAs":["https:\/\/www.facebook.com\/eldiario.bolivia\/","https:\/\/x.com\/eldiario_net"]},{"@type":"Person","@id":"https:\/\/www.eldiario.net\/portal\/#\/schema\/person\/ba370d92d160f4d3574381f6d9b78fab","name":"Viviana Monrroy","image":{"@type":"ImageObject","inLanguage":"es","@id":"https:\/\/secure.gravatar.com\/avatar\/dfd1611ed5600959a0e5a9754503b6c05d1dcf190010998e0363aee2ad98afca?s=96&d=mm&r=g","url":"https:\/\/secure.gravatar.com\/avatar\/dfd1611ed5600959a0e5a9754503b6c05d1dcf190010998e0363aee2ad98afca?s=96&d=mm&r=g","contentUrl":"https:\/\/secure.gravatar.com\/avatar\/dfd1611ed5600959a0e5a9754503b6c05d1dcf190010998e0363aee2ad98afca?s=96&d=mm&r=g","caption":"Viviana Monrroy"},"sameAs":["http:\/\/www.eldiario.net"],"url":"https:\/\/www.eldiario.net\/portal\/author\/vivianamonrroy\/"}]}},"_links":{"self":[{"href":"https:\/\/www.eldiario.net\/portal\/wp-json\/wp\/v2\/posts\/262901","targetHints":{"allow":["GET"]}}],"collection":[{"href":"https:\/\/www.eldiario.net\/portal\/wp-json\/wp\/v2\/posts"}],"about":[{"href":"https:\/\/www.eldiario.net\/portal\/wp-json\/wp\/v2\/types\/post"}],"author":[{"embeddable":true,"href":"https:\/\/www.eldiario.net\/portal\/wp-json\/wp\/v2\/users\/7"}],"replies":[{"embeddable":true,"href":"https:\/\/www.eldiario.net\/portal\/wp-json\/wp\/v2\/comments?post=262901"}],"version-history":[{"count":1,"href":"https:\/\/www.eldiario.net\/portal\/wp-json\/wp\/v2\/posts\/262901\/revisions"}],"predecessor-version":[{"id":262903,"href":"https:\/\/www.eldiario.net\/portal\/wp-json\/wp\/v2\/posts\/262901\/revisions\/262903"}],"wp:featuredmedia":[{"embeddable":true,"href":"https:\/\/www.eldiario.net\/portal\/wp-json\/wp\/v2\/media\/262902"}],"wp:attachment":[{"href":"https:\/\/www.eldiario.net\/portal\/wp-json\/wp\/v2\/media?parent=262901"}],"wp:term":[{"taxonomy":"category","embeddable":true,"href":"https:\/\/www.eldiario.net\/portal\/wp-json\/wp\/v2\/categories?post=262901"},{"taxonomy":"post_tag","embeddable":true,"href":"https:\/\/www.eldiario.net\/portal\/wp-json\/wp\/v2\/tags?post=262901"}],"curies":[{"name":"wp","href":"https:\/\/api.w.org\/{rel}","templated":true}]}}