{"id":262887,"date":"2024-11-22T12:21:20","date_gmt":"2024-11-22T16:21:20","guid":{"rendered":"https:\/\/www.eldiario.net\/portal\/?p=262887"},"modified":"2024-11-22T12:21:20","modified_gmt":"2024-11-22T16:21:20","slug":"la-paz-protesta-en-ministerio-de-salud-complica-el-trafico-vehicular-1218","status":"publish","type":"post","link":"https:\/\/www.eldiario.net\/portal\/2024\/11\/22\/la-paz-protesta-en-ministerio-de-salud-complica-el-trafico-vehicular-1218\/","title":{"rendered":"La Paz: Protesta en Ministerio de Salud complica el tr\u00e1fico vehicular. (12:18)"},"content":{"rendered":"<p>Un bloqueo cierra las calles M\u00e9xico y Ca\u00f1ada Strongest de la ciudad de La Paz imposibilitando el tr\u00e1fico vehicular y generando el descontento de los ciudadanos que se ven perjudicados en sus labores cotidianas. La protesta se ubican en puertas\u00a0 del Ministerio de Salud que se encuentra en inmediaciones de la plaza del Estudiante, en pleno centro pace\u00f1o.<\/p>\n<p>Los manifestantes son Trabajadores de la Caja Petrolera de Salud que, llevan varias semanas protestando por la atenci\u00f3n a sus demandas. Con una camioneta y alta voz reclaman la destituci\u00f3n del ejecutivo David Martinez, por supuesta mala gesti\u00f3n, la compra de medicamentos, mayor cantidad de especialistas y el suficiente suministro de insumos.<\/p>\n<p>Ahora, piden una audiencia con la ministra de salud, Maria Renee Castro y advierten que tomar\u00e1n medidas m\u00e1s extremas de no ser recibidos.<\/p>\n","protected":false},"excerpt":{"rendered":"<p>Un bloqueo cierra las calles M\u00e9xico y Ca\u00f1ada Strongest de la ciudad de La Paz imposibilitando el tr\u00e1fico vehicular y generando el descontento de los ciudadanos que se ven perjudicados en sus labores cotidianas. La protesta se ubican en puertas\u00a0 del Ministerio de Salud que se encuentra en inmediaciones de la plaza del Estudiante, en [&hellip;]<\/p>\n","protected":false},"author":7,"featured_media":262888,"comment_status":"closed","ping_status":"open","sticky":false,"template":"","format":"standard","meta":{"_acf_changed":false,"footnotes":""},"categories":[51],"tags":[],"class_list":["post-262887","post","type-post","status-publish","format-standard","has-post-thumbnail","category-ultima-hora"],"acf":{"antetitulo":""},"yoast_head":"<!-- This site is optimized with the Yoast SEO plugin v28.4 - https:\/\/yoast.com\/product\/yoast-seo-wordpress\/ -->\n<title>La Paz: Protesta en Ministerio de Salud complica el tr\u00e1fico vehicular. (12:18) - El Diario - Bolivia<\/title>\n<meta name=\"robots\" content=\"index, follow, max-snippet:-1, max-image-preview:large, max-video-preview:-1\" \/>\n<link rel=\"canonical\" href=\"https:\/\/www.eldiario.net\/portal\/2024\/11\/22\/la-paz-protesta-en-ministerio-de-salud-complica-el-trafico-vehicular-1218\/\" \/>\n<meta property=\"og:locale\" content=\"es_ES\" \/>\n<meta property=\"og:type\" content=\"article\" \/>\n<meta property=\"og:title\" content=\"La Paz: Protesta en Ministerio de Salud complica el tr\u00e1fico vehicular. (12:18) - El Diario - Bolivia\" \/>\n<meta property=\"og:description\" content=\"Un bloqueo cierra las calles M\u00e9xico y Ca\u00f1ada Strongest de la ciudad de La Paz imposibilitando el tr\u00e1fico vehicular y generando el descontento de los ciudadanos que se ven perjudicados en sus labores cotidianas. La protesta se ubican en puertas\u00a0 del Ministerio de Salud que se encuentra en inmediaciones de la plaza del Estudiante, en [&hellip;]\" \/>\n<meta property=\"og:url\" content=\"https:\/\/www.eldiario.net\/portal\/2024\/11\/22\/la-paz-protesta-en-ministerio-de-salud-complica-el-trafico-vehicular-1218\/\" \/>\n<meta property=\"og:site_name\" content=\"El Diario - Bolivia\" \/>\n<meta property=\"article:publisher\" content=\"https:\/\/www.facebook.com\/eldiario.bolivia\/\" \/>\n<meta property=\"article:published_time\" content=\"2024-11-22T16:21:20+00:00\" \/>\n<meta property=\"og:image\" content=\"https:\/\/www.eldiario.net\/portal\/wp-content\/uploads\/2024\/11\/plaza-del-estudiante-222222-e1732292375738.jpg\" \/>\n\t<meta property=\"og:image:width\" content=\"600\" \/>\n\t<meta property=\"og:image:height\" content=\"292\" \/>\n\t<meta property=\"og:image:type\" content=\"image\/jpeg\" \/>\n<meta name=\"author\" content=\"Viviana Monrroy\" \/>\n<meta name=\"twitter:card\" content=\"summary_large_image\" \/>\n<meta name=\"twitter:creator\" content=\"@eldiario_net\" \/>\n<meta name=\"twitter:site\" content=\"@eldiario_net\" \/>\n<meta name=\"twitter:label1\" content=\"Escrito por\" \/>\n\t<meta name=\"twitter:data1\" content=\"Viviana Monrroy\" \/>\n\t<meta name=\"twitter:label2\" content=\"Tiempo de lectura\" \/>\n\t<meta name=\"twitter:data2\" content=\"1 minuto\" \/>\n<script type=\"application\/ld+json\" class=\"yoast-schema-graph\">{\"@context\":\"https:\\\/\\\/schema.org\",\"@graph\":[{\"@type\":\"Article\",\"@id\":\"https:\\\/\\\/www.eldiario.net\\\/portal\\\/2024\\\/11\\\/22\\\/la-paz-protesta-en-ministerio-de-salud-complica-el-trafico-vehicular-1218\\\/#article\",\"isPartOf\":{\"@id\":\"https:\\\/\\\/www.eldiario.net\\\/portal\\\/2024\\\/11\\\/22\\\/la-paz-protesta-en-ministerio-de-salud-complica-el-trafico-vehicular-1218\\\/\"},\"author\":{\"name\":\"Viviana Monrroy\",\"@id\":\"https:\\\/\\\/www.eldiario.net\\\/portal\\\/#\\\/schema\\\/person\\\/ba370d92d160f4d3574381f6d9b78fab\"},\"headline\":\"La Paz: Protesta en Ministerio de Salud complica el tr\u00e1fico vehicular. (12:18)\",\"datePublished\":\"2024-11-22T16:21:20+00:00\",\"mainEntityOfPage\":{\"@id\":\"https:\\\/\\\/www.eldiario.net\\\/portal\\\/2024\\\/11\\\/22\\\/la-paz-protesta-en-ministerio-de-salud-complica-el-trafico-vehicular-1218\\\/\"},\"wordCount\":154,\"publisher\":{\"@id\":\"https:\\\/\\\/www.eldiario.net\\\/portal\\\/#organization\"},\"image\":{\"@id\":\"https:\\\/\\\/www.eldiario.net\\\/portal\\\/2024\\\/11\\\/22\\\/la-paz-protesta-en-ministerio-de-salud-complica-el-trafico-vehicular-1218\\\/#primaryimage\"},\"thumbnailUrl\":\"https:\\\/\\\/www.eldiario.net\\\/portal\\\/wp-content\\\/uploads\\\/2024\\\/11\\\/plaza-del-estudiante-222222-e1732292375738.jpg\",\"articleSection\":[\"\u00daltima Hora\"],\"inLanguage\":\"es\"},{\"@type\":\"WebPage\",\"@id\":\"https:\\\/\\\/www.eldiario.net\\\/portal\\\/2024\\\/11\\\/22\\\/la-paz-protesta-en-ministerio-de-salud-complica-el-trafico-vehicular-1218\\\/\",\"url\":\"https:\\\/\\\/www.eldiario.net\\\/portal\\\/2024\\\/11\\\/22\\\/la-paz-protesta-en-ministerio-de-salud-complica-el-trafico-vehicular-1218\\\/\",\"name\":\"La Paz: Protesta en Ministerio de Salud complica el tr\u00e1fico vehicular. (12:18) - El Diario - Bolivia\",\"isPartOf\":{\"@id\":\"https:\\\/\\\/www.eldiario.net\\\/portal\\\/#website\"},\"primaryImageOfPage\":{\"@id\":\"https:\\\/\\\/www.eldiario.net\\\/portal\\\/2024\\\/11\\\/22\\\/la-paz-protesta-en-ministerio-de-salud-complica-el-trafico-vehicular-1218\\\/#primaryimage\"},\"image\":{\"@id\":\"https:\\\/\\\/www.eldiario.net\\\/portal\\\/2024\\\/11\\\/22\\\/la-paz-protesta-en-ministerio-de-salud-complica-el-trafico-vehicular-1218\\\/#primaryimage\"},\"thumbnailUrl\":\"https:\\\/\\\/www.eldiario.net\\\/portal\\\/wp-content\\\/uploads\\\/2024\\\/11\\\/plaza-del-estudiante-222222-e1732292375738.jpg\",\"datePublished\":\"2024-11-22T16:21:20+00:00\",\"breadcrumb\":{\"@id\":\"https:\\\/\\\/www.eldiario.net\\\/portal\\\/2024\\\/11\\\/22\\\/la-paz-protesta-en-ministerio-de-salud-complica-el-trafico-vehicular-1218\\\/#breadcrumb\"},\"inLanguage\":\"es\",\"potentialAction\":[{\"@type\":\"ReadAction\",\"target\":[\"https:\\\/\\\/www.eldiario.net\\\/portal\\\/2024\\\/11\\\/22\\\/la-paz-protesta-en-ministerio-de-salud-complica-el-trafico-vehicular-1218\\\/\"]}]},{\"@type\":\"ImageObject\",\"inLanguage\":\"es\",\"@id\":\"https:\\\/\\\/www.eldiario.net\\\/portal\\\/2024\\\/11\\\/22\\\/la-paz-protesta-en-ministerio-de-salud-complica-el-trafico-vehicular-1218\\\/#primaryimage\",\"url\":\"https:\\\/\\\/www.eldiario.net\\\/portal\\\/wp-content\\\/uploads\\\/2024\\\/11\\\/plaza-del-estudiante-222222-e1732292375738.jpg\",\"contentUrl\":\"https:\\\/\\\/www.eldiario.net\\\/portal\\\/wp-content\\\/uploads\\\/2024\\\/11\\\/plaza-del-estudiante-222222-e1732292375738.jpg\",\"width\":600,\"height\":292,\"caption\":\"Foto: El Diario\"},{\"@type\":\"BreadcrumbList\",\"@id\":\"https:\\\/\\\/www.eldiario.net\\\/portal\\\/2024\\\/11\\\/22\\\/la-paz-protesta-en-ministerio-de-salud-complica-el-trafico-vehicular-1218\\\/#breadcrumb\",\"itemListElement\":[{\"@type\":\"ListItem\",\"position\":1,\"name\":\"Portada\",\"item\":\"https:\\\/\\\/www.eldiario.net\\\/portal\\\/\"},{\"@type\":\"ListItem\",\"position\":2,\"name\":\"La Paz: Protesta en Ministerio de Salud complica el tr\u00e1fico vehicular. (12:18)\"}]},{\"@type\":\"WebSite\",\"@id\":\"https:\\\/\\\/www.eldiario.net\\\/portal\\\/#website\",\"url\":\"https:\\\/\\\/www.eldiario.net\\\/portal\\\/\",\"name\":\"El Diario - Decano de la prensa nacional\",\"description\":\"El Diario - Decano de la prensa nacional\",\"publisher\":{\"@id\":\"https:\\\/\\\/www.eldiario.net\\\/portal\\\/#organization\"},\"potentialAction\":[{\"@type\":\"SearchAction\",\"target\":{\"@type\":\"EntryPoint\",\"urlTemplate\":\"https:\\\/\\\/www.eldiario.net\\\/portal\\\/?s={search_term_string}\"},\"query-input\":{\"@type\":\"PropertyValueSpecification\",\"valueRequired\":true,\"valueName\":\"search_term_string\"}}],\"inLanguage\":\"es\"},{\"@type\":\"Organization\",\"@id\":\"https:\\\/\\\/www.eldiario.net\\\/portal\\\/#organization\",\"name\":\"El Diario - Decano de la prensa nacional\",\"url\":\"https:\\\/\\\/www.eldiario.net\\\/portal\\\/\",\"logo\":{\"@type\":\"ImageObject\",\"inLanguage\":\"es\",\"@id\":\"https:\\\/\\\/www.eldiario.net\\\/portal\\\/#\\\/schema\\\/logo\\\/image\\\/\",\"url\":\"https:\\\/\\\/www.eldiario.net\\\/portal\\\/wp-content\\\/uploads\\\/2023\\\/07\\\/logo_ED.jpg\",\"contentUrl\":\"https:\\\/\\\/www.eldiario.net\\\/portal\\\/wp-content\\\/uploads\\\/2023\\\/07\\\/logo_ED.jpg\",\"width\":272,\"height\":52,\"caption\":\"El Diario - Decano de la prensa nacional\"},\"image\":{\"@id\":\"https:\\\/\\\/www.eldiario.net\\\/portal\\\/#\\\/schema\\\/logo\\\/image\\\/\"},\"sameAs\":[\"https:\\\/\\\/www.facebook.com\\\/eldiario.bolivia\\\/\",\"https:\\\/\\\/x.com\\\/eldiario_net\"]},{\"@type\":\"Person\",\"@id\":\"https:\\\/\\\/www.eldiario.net\\\/portal\\\/#\\\/schema\\\/person\\\/ba370d92d160f4d3574381f6d9b78fab\",\"name\":\"Viviana Monrroy\",\"image\":{\"@type\":\"ImageObject\",\"inLanguage\":\"es\",\"@id\":\"https:\\\/\\\/secure.gravatar.com\\\/avatar\\\/dfd1611ed5600959a0e5a9754503b6c05d1dcf190010998e0363aee2ad98afca?s=96&d=mm&r=g\",\"url\":\"https:\\\/\\\/secure.gravatar.com\\\/avatar\\\/dfd1611ed5600959a0e5a9754503b6c05d1dcf190010998e0363aee2ad98afca?s=96&d=mm&r=g\",\"contentUrl\":\"https:\\\/\\\/secure.gravatar.com\\\/avatar\\\/dfd1611ed5600959a0e5a9754503b6c05d1dcf190010998e0363aee2ad98afca?s=96&d=mm&r=g\",\"caption\":\"Viviana Monrroy\"},\"sameAs\":[\"http:\\\/\\\/www.eldiario.net\"],\"url\":\"https:\\\/\\\/www.eldiario.net\\\/portal\\\/author\\\/vivianamonrroy\\\/\"}]}<\/script>\n<!-- \/ Yoast SEO plugin. -->","yoast_head_json":{"title":"La Paz: Protesta en Ministerio de Salud complica el tr\u00e1fico vehicular. (12:18) - El Diario - Bolivia","robots":{"index":"index","follow":"follow","max-snippet":"max-snippet:-1","max-image-preview":"max-image-preview:large","max-video-preview":"max-video-preview:-1"},"canonical":"https:\/\/www.eldiario.net\/portal\/2024\/11\/22\/la-paz-protesta-en-ministerio-de-salud-complica-el-trafico-vehicular-1218\/","og_locale":"es_ES","og_type":"article","og_title":"La Paz: Protesta en Ministerio de Salud complica el tr\u00e1fico vehicular. (12:18) - El Diario - Bolivia","og_description":"Un bloqueo cierra las calles M\u00e9xico y Ca\u00f1ada Strongest de la ciudad de La Paz imposibilitando el tr\u00e1fico vehicular y generando el descontento de los ciudadanos que se ven perjudicados en sus labores cotidianas. La protesta se ubican en puertas\u00a0 del Ministerio de Salud que se encuentra en inmediaciones de la plaza del Estudiante, en [&hellip;]","og_url":"https:\/\/www.eldiario.net\/portal\/2024\/11\/22\/la-paz-protesta-en-ministerio-de-salud-complica-el-trafico-vehicular-1218\/","og_site_name":"El Diario - Bolivia","article_publisher":"https:\/\/www.facebook.com\/eldiario.bolivia\/","article_published_time":"2024-11-22T16:21:20+00:00","og_image":[{"width":600,"height":292,"url":"https:\/\/www.eldiario.net\/portal\/wp-content\/uploads\/2024\/11\/plaza-del-estudiante-222222-e1732292375738.jpg","type":"image\/jpeg"}],"author":"Viviana Monrroy","twitter_card":"summary_large_image","twitter_creator":"@eldiario_net","twitter_site":"@eldiario_net","twitter_misc":{"Escrito por":"Viviana Monrroy","Tiempo de lectura":"1 minuto"},"schema":{"@context":"https:\/\/schema.org","@graph":[{"@type":"Article","@id":"https:\/\/www.eldiario.net\/portal\/2024\/11\/22\/la-paz-protesta-en-ministerio-de-salud-complica-el-trafico-vehicular-1218\/#article","isPartOf":{"@id":"https:\/\/www.eldiario.net\/portal\/2024\/11\/22\/la-paz-protesta-en-ministerio-de-salud-complica-el-trafico-vehicular-1218\/"},"author":{"name":"Viviana Monrroy","@id":"https:\/\/www.eldiario.net\/portal\/#\/schema\/person\/ba370d92d160f4d3574381f6d9b78fab"},"headline":"La Paz: Protesta en Ministerio de Salud complica el tr\u00e1fico vehicular. (12:18)","datePublished":"2024-11-22T16:21:20+00:00","mainEntityOfPage":{"@id":"https:\/\/www.eldiario.net\/portal\/2024\/11\/22\/la-paz-protesta-en-ministerio-de-salud-complica-el-trafico-vehicular-1218\/"},"wordCount":154,"publisher":{"@id":"https:\/\/www.eldiario.net\/portal\/#organization"},"image":{"@id":"https:\/\/www.eldiario.net\/portal\/2024\/11\/22\/la-paz-protesta-en-ministerio-de-salud-complica-el-trafico-vehicular-1218\/#primaryimage"},"thumbnailUrl":"https:\/\/www.eldiario.net\/portal\/wp-content\/uploads\/2024\/11\/plaza-del-estudiante-222222-e1732292375738.jpg","articleSection":["\u00daltima Hora"],"inLanguage":"es"},{"@type":"WebPage","@id":"https:\/\/www.eldiario.net\/portal\/2024\/11\/22\/la-paz-protesta-en-ministerio-de-salud-complica-el-trafico-vehicular-1218\/","url":"https:\/\/www.eldiario.net\/portal\/2024\/11\/22\/la-paz-protesta-en-ministerio-de-salud-complica-el-trafico-vehicular-1218\/","name":"La Paz: Protesta en Ministerio de Salud complica el tr\u00e1fico vehicular. (12:18) - El Diario - Bolivia","isPartOf":{"@id":"https:\/\/www.eldiario.net\/portal\/#website"},"primaryImageOfPage":{"@id":"https:\/\/www.eldiario.net\/portal\/2024\/11\/22\/la-paz-protesta-en-ministerio-de-salud-complica-el-trafico-vehicular-1218\/#primaryimage"},"image":{"@id":"https:\/\/www.eldiario.net\/portal\/2024\/11\/22\/la-paz-protesta-en-ministerio-de-salud-complica-el-trafico-vehicular-1218\/#primaryimage"},"thumbnailUrl":"https:\/\/www.eldiario.net\/portal\/wp-content\/uploads\/2024\/11\/plaza-del-estudiante-222222-e1732292375738.jpg","datePublished":"2024-11-22T16:21:20+00:00","breadcrumb":{"@id":"https:\/\/www.eldiario.net\/portal\/2024\/11\/22\/la-paz-protesta-en-ministerio-de-salud-complica-el-trafico-vehicular-1218\/#breadcrumb"},"inLanguage":"es","potentialAction":[{"@type":"ReadAction","target":["https:\/\/www.eldiario.net\/portal\/2024\/11\/22\/la-paz-protesta-en-ministerio-de-salud-complica-el-trafico-vehicular-1218\/"]}]},{"@type":"ImageObject","inLanguage":"es","@id":"https:\/\/www.eldiario.net\/portal\/2024\/11\/22\/la-paz-protesta-en-ministerio-de-salud-complica-el-trafico-vehicular-1218\/#primaryimage","url":"https:\/\/www.eldiario.net\/portal\/wp-content\/uploads\/2024\/11\/plaza-del-estudiante-222222-e1732292375738.jpg","contentUrl":"https:\/\/www.eldiario.net\/portal\/wp-content\/uploads\/2024\/11\/plaza-del-estudiante-222222-e1732292375738.jpg","width":600,"height":292,"caption":"Foto: El Diario"},{"@type":"BreadcrumbList","@id":"https:\/\/www.eldiario.net\/portal\/2024\/11\/22\/la-paz-protesta-en-ministerio-de-salud-complica-el-trafico-vehicular-1218\/#breadcrumb","itemListElement":[{"@type":"ListItem","position":1,"name":"Portada","item":"https:\/\/www.eldiario.net\/portal\/"},{"@type":"ListItem","position":2,"name":"La Paz: Protesta en Ministerio de Salud complica el tr\u00e1fico vehicular. (12:18)"}]},{"@type":"WebSite","@id":"https:\/\/www.eldiario.net\/portal\/#website","url":"https:\/\/www.eldiario.net\/portal\/","name":"El Diario - Decano de la prensa nacional","description":"El Diario - Decano de la prensa nacional","publisher":{"@id":"https:\/\/www.eldiario.net\/portal\/#organization"},"potentialAction":[{"@type":"SearchAction","target":{"@type":"EntryPoint","urlTemplate":"https:\/\/www.eldiario.net\/portal\/?s={search_term_string}"},"query-input":{"@type":"PropertyValueSpecification","valueRequired":true,"valueName":"search_term_string"}}],"inLanguage":"es"},{"@type":"Organization","@id":"https:\/\/www.eldiario.net\/portal\/#organization","name":"El Diario - Decano de la prensa nacional","url":"https:\/\/www.eldiario.net\/portal\/","logo":{"@type":"ImageObject","inLanguage":"es","@id":"https:\/\/www.eldiario.net\/portal\/#\/schema\/logo\/image\/","url":"https:\/\/www.eldiario.net\/portal\/wp-content\/uploads\/2023\/07\/logo_ED.jpg","contentUrl":"https:\/\/www.eldiario.net\/portal\/wp-content\/uploads\/2023\/07\/logo_ED.jpg","width":272,"height":52,"caption":"El Diario - Decano de la prensa nacional"},"image":{"@id":"https:\/\/www.eldiario.net\/portal\/#\/schema\/logo\/image\/"},"sameAs":["https:\/\/www.facebook.com\/eldiario.bolivia\/","https:\/\/x.com\/eldiario_net"]},{"@type":"Person","@id":"https:\/\/www.eldiario.net\/portal\/#\/schema\/person\/ba370d92d160f4d3574381f6d9b78fab","name":"Viviana Monrroy","image":{"@type":"ImageObject","inLanguage":"es","@id":"https:\/\/secure.gravatar.com\/avatar\/dfd1611ed5600959a0e5a9754503b6c05d1dcf190010998e0363aee2ad98afca?s=96&d=mm&r=g","url":"https:\/\/secure.gravatar.com\/avatar\/dfd1611ed5600959a0e5a9754503b6c05d1dcf190010998e0363aee2ad98afca?s=96&d=mm&r=g","contentUrl":"https:\/\/secure.gravatar.com\/avatar\/dfd1611ed5600959a0e5a9754503b6c05d1dcf190010998e0363aee2ad98afca?s=96&d=mm&r=g","caption":"Viviana Monrroy"},"sameAs":["http:\/\/www.eldiario.net"],"url":"https:\/\/www.eldiario.net\/portal\/author\/vivianamonrroy\/"}]}},"_links":{"self":[{"href":"https:\/\/www.eldiario.net\/portal\/wp-json\/wp\/v2\/posts\/262887","targetHints":{"allow":["GET"]}}],"collection":[{"href":"https:\/\/www.eldiario.net\/portal\/wp-json\/wp\/v2\/posts"}],"about":[{"href":"https:\/\/www.eldiario.net\/portal\/wp-json\/wp\/v2\/types\/post"}],"author":[{"embeddable":true,"href":"https:\/\/www.eldiario.net\/portal\/wp-json\/wp\/v2\/users\/7"}],"replies":[{"embeddable":true,"href":"https:\/\/www.eldiario.net\/portal\/wp-json\/wp\/v2\/comments?post=262887"}],"version-history":[{"count":1,"href":"https:\/\/www.eldiario.net\/portal\/wp-json\/wp\/v2\/posts\/262887\/revisions"}],"predecessor-version":[{"id":262889,"href":"https:\/\/www.eldiario.net\/portal\/wp-json\/wp\/v2\/posts\/262887\/revisions\/262889"}],"wp:featuredmedia":[{"embeddable":true,"href":"https:\/\/www.eldiario.net\/portal\/wp-json\/wp\/v2\/media\/262888"}],"wp:attachment":[{"href":"https:\/\/www.eldiario.net\/portal\/wp-json\/wp\/v2\/media?parent=262887"}],"wp:term":[{"taxonomy":"category","embeddable":true,"href":"https:\/\/www.eldiario.net\/portal\/wp-json\/wp\/v2\/categories?post=262887"},{"taxonomy":"post_tag","embeddable":true,"href":"https:\/\/www.eldiario.net\/portal\/wp-json\/wp\/v2\/tags?post=262887"}],"curies":[{"name":"wp","href":"https:\/\/api.w.org\/{rel}","templated":true}]}}