{"id":262874,"date":"2024-11-22T10:19:20","date_gmt":"2024-11-22T14:19:20","guid":{"rendered":"https:\/\/www.eldiario.net\/portal\/?p=262874"},"modified":"2024-11-22T10:21:04","modified_gmt":"2024-11-22T14:21:04","slug":"hectareas-quemadas-por-incendios-superan-los-12-millones-1018","status":"publish","type":"post","link":"https:\/\/www.eldiario.net\/portal\/2024\/11\/22\/hectareas-quemadas-por-incendios-superan-los-12-millones-1018\/","title":{"rendered":"Hect\u00e1reas quemadas por incendios superan los 12 millones. (10:18)"},"content":{"rendered":"<p>Las hect\u00e1reas quemadas por incendios forestales en el pa\u00eds superan los 12 millones seg\u00fan informaci\u00f3n preliminar a la que tuvo acceso El Diario.<\/p>\n<p>La Fundaci\u00f3n TIERRA estima que uno de los factores que incidi\u00f3 para este incremento de la cantidad de hect\u00e1reas quemadas este a\u00f1o es la ampliaci\u00f3n de la frontera agr\u00edcola.<\/p>\n<p>Los datos finales de la quema de tierras las dar\u00e1 a conocer la Fundaci\u00f3n TIERRA\u00a0 en febrero de 2025<\/p>\n","protected":false},"excerpt":{"rendered":"<p>Las hect\u00e1reas quemadas por incendios forestales en el pa\u00eds superan los 12 millones seg\u00fan informaci\u00f3n preliminar a la que tuvo acceso El Diario. La Fundaci\u00f3n TIERRA estima que uno de los factores que incidi\u00f3 para este incremento de la cantidad de hect\u00e1reas quemadas este a\u00f1o es la ampliaci\u00f3n de la frontera agr\u00edcola. Los datos finales [&hellip;]<\/p>\n","protected":false},"author":7,"featured_media":262875,"comment_status":"closed","ping_status":"open","sticky":false,"template":"","format":"standard","meta":{"_acf_changed":false,"footnotes":""},"categories":[51],"tags":[],"class_list":["post-262874","post","type-post","status-publish","format-standard","has-post-thumbnail","category-ultima-hora"],"acf":{"antetitulo":""},"yoast_head":"<!-- This site is optimized with the Yoast SEO plugin v28.4 - https:\/\/yoast.com\/product\/yoast-seo-wordpress\/ -->\n<title>Hect\u00e1reas quemadas por incendios superan los 12 millones. (10:18) - El Diario - Bolivia<\/title>\n<meta name=\"robots\" content=\"index, follow, max-snippet:-1, max-image-preview:large, max-video-preview:-1\" \/>\n<link rel=\"canonical\" href=\"https:\/\/www.eldiario.net\/portal\/2024\/11\/22\/hectareas-quemadas-por-incendios-superan-los-12-millones-1018\/\" \/>\n<meta property=\"og:locale\" content=\"es_ES\" \/>\n<meta property=\"og:type\" content=\"article\" \/>\n<meta property=\"og:title\" content=\"Hect\u00e1reas quemadas por incendios superan los 12 millones. (10:18) - El Diario - Bolivia\" \/>\n<meta property=\"og:description\" content=\"Las hect\u00e1reas quemadas por incendios forestales en el pa\u00eds superan los 12 millones seg\u00fan informaci\u00f3n preliminar a la que tuvo acceso El Diario. La Fundaci\u00f3n TIERRA estima que uno de los factores que incidi\u00f3 para este incremento de la cantidad de hect\u00e1reas quemadas este a\u00f1o es la ampliaci\u00f3n de la frontera agr\u00edcola. Los datos finales [&hellip;]\" \/>\n<meta property=\"og:url\" content=\"https:\/\/www.eldiario.net\/portal\/2024\/11\/22\/hectareas-quemadas-por-incendios-superan-los-12-millones-1018\/\" \/>\n<meta property=\"og:site_name\" content=\"El Diario - Bolivia\" \/>\n<meta property=\"article:publisher\" content=\"https:\/\/www.facebook.com\/eldiario.bolivia\/\" \/>\n<meta property=\"article:published_time\" content=\"2024-11-22T14:19:20+00:00\" \/>\n<meta property=\"article:modified_time\" content=\"2024-11-22T14:21:04+00:00\" \/>\n<meta property=\"og:image\" content=\"https:\/\/www.eldiario.net\/portal\/wp-content\/uploads\/2024\/11\/URGENTE-e1732285144220.jpg\" \/>\n\t<meta property=\"og:image:width\" content=\"500\" \/>\n\t<meta property=\"og:image:height\" content=\"225\" \/>\n\t<meta property=\"og:image:type\" content=\"image\/jpeg\" \/>\n<meta name=\"author\" content=\"Viviana Monrroy\" \/>\n<meta name=\"twitter:card\" content=\"summary_large_image\" \/>\n<meta name=\"twitter:creator\" content=\"@eldiario_net\" \/>\n<meta name=\"twitter:site\" content=\"@eldiario_net\" \/>\n<meta name=\"twitter:label1\" content=\"Escrito por\" \/>\n\t<meta name=\"twitter:data1\" content=\"Viviana Monrroy\" \/>\n\t<meta name=\"twitter:label2\" content=\"Tiempo de lectura\" \/>\n\t<meta name=\"twitter:data2\" content=\"1 minuto\" \/>\n<script type=\"application\/ld+json\" class=\"yoast-schema-graph\">{\"@context\":\"https:\\\/\\\/schema.org\",\"@graph\":[{\"@type\":\"Article\",\"@id\":\"https:\\\/\\\/www.eldiario.net\\\/portal\\\/2024\\\/11\\\/22\\\/hectareas-quemadas-por-incendios-superan-los-12-millones-1018\\\/#article\",\"isPartOf\":{\"@id\":\"https:\\\/\\\/www.eldiario.net\\\/portal\\\/2024\\\/11\\\/22\\\/hectareas-quemadas-por-incendios-superan-los-12-millones-1018\\\/\"},\"author\":{\"name\":\"Viviana Monrroy\",\"@id\":\"https:\\\/\\\/www.eldiario.net\\\/portal\\\/#\\\/schema\\\/person\\\/32cc89e801dfcbad3a54f91da7f2ea06\"},\"headline\":\"Hect\u00e1reas quemadas por incendios superan los 12 millones. (10:18)\",\"datePublished\":\"2024-11-22T14:19:20+00:00\",\"dateModified\":\"2024-11-22T14:21:04+00:00\",\"mainEntityOfPage\":{\"@id\":\"https:\\\/\\\/www.eldiario.net\\\/portal\\\/2024\\\/11\\\/22\\\/hectareas-quemadas-por-incendios-superan-los-12-millones-1018\\\/\"},\"wordCount\":87,\"publisher\":{\"@id\":\"https:\\\/\\\/www.eldiario.net\\\/portal\\\/#organization\"},\"image\":{\"@id\":\"https:\\\/\\\/www.eldiario.net\\\/portal\\\/2024\\\/11\\\/22\\\/hectareas-quemadas-por-incendios-superan-los-12-millones-1018\\\/#primaryimage\"},\"thumbnailUrl\":\"https:\\\/\\\/www.eldiario.net\\\/portal\\\/wp-content\\\/uploads\\\/2024\\\/11\\\/URGENTE-e1732285144220.jpg\",\"articleSection\":[\"\u00daltima Hora\"],\"inLanguage\":\"es\"},{\"@type\":\"WebPage\",\"@id\":\"https:\\\/\\\/www.eldiario.net\\\/portal\\\/2024\\\/11\\\/22\\\/hectareas-quemadas-por-incendios-superan-los-12-millones-1018\\\/\",\"url\":\"https:\\\/\\\/www.eldiario.net\\\/portal\\\/2024\\\/11\\\/22\\\/hectareas-quemadas-por-incendios-superan-los-12-millones-1018\\\/\",\"name\":\"Hect\u00e1reas quemadas por incendios superan los 12 millones. (10:18) - El Diario - Bolivia\",\"isPartOf\":{\"@id\":\"https:\\\/\\\/www.eldiario.net\\\/portal\\\/#website\"},\"primaryImageOfPage\":{\"@id\":\"https:\\\/\\\/www.eldiario.net\\\/portal\\\/2024\\\/11\\\/22\\\/hectareas-quemadas-por-incendios-superan-los-12-millones-1018\\\/#primaryimage\"},\"image\":{\"@id\":\"https:\\\/\\\/www.eldiario.net\\\/portal\\\/2024\\\/11\\\/22\\\/hectareas-quemadas-por-incendios-superan-los-12-millones-1018\\\/#primaryimage\"},\"thumbnailUrl\":\"https:\\\/\\\/www.eldiario.net\\\/portal\\\/wp-content\\\/uploads\\\/2024\\\/11\\\/URGENTE-e1732285144220.jpg\",\"datePublished\":\"2024-11-22T14:19:20+00:00\",\"dateModified\":\"2024-11-22T14:21:04+00:00\",\"breadcrumb\":{\"@id\":\"https:\\\/\\\/www.eldiario.net\\\/portal\\\/2024\\\/11\\\/22\\\/hectareas-quemadas-por-incendios-superan-los-12-millones-1018\\\/#breadcrumb\"},\"inLanguage\":\"es\",\"potentialAction\":[{\"@type\":\"ReadAction\",\"target\":[\"https:\\\/\\\/www.eldiario.net\\\/portal\\\/2024\\\/11\\\/22\\\/hectareas-quemadas-por-incendios-superan-los-12-millones-1018\\\/\"]}]},{\"@type\":\"ImageObject\",\"inLanguage\":\"es\",\"@id\":\"https:\\\/\\\/www.eldiario.net\\\/portal\\\/2024\\\/11\\\/22\\\/hectareas-quemadas-por-incendios-superan-los-12-millones-1018\\\/#primaryimage\",\"url\":\"https:\\\/\\\/www.eldiario.net\\\/portal\\\/wp-content\\\/uploads\\\/2024\\\/11\\\/URGENTE-e1732285144220.jpg\",\"contentUrl\":\"https:\\\/\\\/www.eldiario.net\\\/portal\\\/wp-content\\\/uploads\\\/2024\\\/11\\\/URGENTE-e1732285144220.jpg\",\"width\":500,\"height\":225,\"caption\":\"Foto: EL DIARIO\"},{\"@type\":\"BreadcrumbList\",\"@id\":\"https:\\\/\\\/www.eldiario.net\\\/portal\\\/2024\\\/11\\\/22\\\/hectareas-quemadas-por-incendios-superan-los-12-millones-1018\\\/#breadcrumb\",\"itemListElement\":[{\"@type\":\"ListItem\",\"position\":1,\"name\":\"Portada\",\"item\":\"https:\\\/\\\/www.eldiario.net\\\/portal\\\/\"},{\"@type\":\"ListItem\",\"position\":2,\"name\":\"Hect\u00e1reas quemadas por incendios superan los 12 millones. (10:18)\"}]},{\"@type\":\"WebSite\",\"@id\":\"https:\\\/\\\/www.eldiario.net\\\/portal\\\/#website\",\"url\":\"https:\\\/\\\/www.eldiario.net\\\/portal\\\/\",\"name\":\"El Diario - Decano de la prensa nacional\",\"description\":\"El Diario - Decano de la prensa nacional\",\"publisher\":{\"@id\":\"https:\\\/\\\/www.eldiario.net\\\/portal\\\/#organization\"},\"potentialAction\":[{\"@type\":\"SearchAction\",\"target\":{\"@type\":\"EntryPoint\",\"urlTemplate\":\"https:\\\/\\\/www.eldiario.net\\\/portal\\\/?s={search_term_string}\"},\"query-input\":{\"@type\":\"PropertyValueSpecification\",\"valueRequired\":true,\"valueName\":\"search_term_string\"}}],\"inLanguage\":\"es\"},{\"@type\":\"Organization\",\"@id\":\"https:\\\/\\\/www.eldiario.net\\\/portal\\\/#organization\",\"name\":\"El Diario - Decano de la prensa nacional\",\"url\":\"https:\\\/\\\/www.eldiario.net\\\/portal\\\/\",\"logo\":{\"@type\":\"ImageObject\",\"inLanguage\":\"es\",\"@id\":\"https:\\\/\\\/www.eldiario.net\\\/portal\\\/#\\\/schema\\\/logo\\\/image\\\/\",\"url\":\"https:\\\/\\\/www.eldiario.net\\\/portal\\\/wp-content\\\/uploads\\\/2023\\\/07\\\/logo_ED.jpg\",\"contentUrl\":\"https:\\\/\\\/www.eldiario.net\\\/portal\\\/wp-content\\\/uploads\\\/2023\\\/07\\\/logo_ED.jpg\",\"width\":272,\"height\":52,\"caption\":\"El Diario - Decano de la prensa nacional\"},\"image\":{\"@id\":\"https:\\\/\\\/www.eldiario.net\\\/portal\\\/#\\\/schema\\\/logo\\\/image\\\/\"},\"sameAs\":[\"https:\\\/\\\/www.facebook.com\\\/eldiario.bolivia\\\/\",\"https:\\\/\\\/x.com\\\/eldiario_net\"]},{\"@type\":\"Person\",\"@id\":\"https:\\\/\\\/www.eldiario.net\\\/portal\\\/#\\\/schema\\\/person\\\/32cc89e801dfcbad3a54f91da7f2ea06\",\"name\":\"Viviana Monrroy\",\"image\":{\"@type\":\"ImageObject\",\"inLanguage\":\"es\",\"@id\":\"https:\\\/\\\/secure.gravatar.com\\\/avatar\\\/dfd1611ed5600959a0e5a9754503b6c05d1dcf190010998e0363aee2ad98afca?s=96&d=mm&r=g\",\"url\":\"https:\\\/\\\/secure.gravatar.com\\\/avatar\\\/dfd1611ed5600959a0e5a9754503b6c05d1dcf190010998e0363aee2ad98afca?s=96&d=mm&r=g\",\"contentUrl\":\"https:\\\/\\\/secure.gravatar.com\\\/avatar\\\/dfd1611ed5600959a0e5a9754503b6c05d1dcf190010998e0363aee2ad98afca?s=96&d=mm&r=g\",\"caption\":\"Viviana Monrroy\"},\"sameAs\":[\"http:\\\/\\\/www.eldiario.net\"],\"url\":\"https:\\\/\\\/www.eldiario.net\\\/portal\\\/author\\\/vivianamonrroy\\\/\"}]}<\/script>\n<!-- \/ Yoast SEO plugin. -->","yoast_head_json":{"title":"Hect\u00e1reas quemadas por incendios superan los 12 millones. (10:18) - El Diario - Bolivia","robots":{"index":"index","follow":"follow","max-snippet":"max-snippet:-1","max-image-preview":"max-image-preview:large","max-video-preview":"max-video-preview:-1"},"canonical":"https:\/\/www.eldiario.net\/portal\/2024\/11\/22\/hectareas-quemadas-por-incendios-superan-los-12-millones-1018\/","og_locale":"es_ES","og_type":"article","og_title":"Hect\u00e1reas quemadas por incendios superan los 12 millones. (10:18) - El Diario - Bolivia","og_description":"Las hect\u00e1reas quemadas por incendios forestales en el pa\u00eds superan los 12 millones seg\u00fan informaci\u00f3n preliminar a la que tuvo acceso El Diario. La Fundaci\u00f3n TIERRA estima que uno de los factores que incidi\u00f3 para este incremento de la cantidad de hect\u00e1reas quemadas este a\u00f1o es la ampliaci\u00f3n de la frontera agr\u00edcola. Los datos finales [&hellip;]","og_url":"https:\/\/www.eldiario.net\/portal\/2024\/11\/22\/hectareas-quemadas-por-incendios-superan-los-12-millones-1018\/","og_site_name":"El Diario - Bolivia","article_publisher":"https:\/\/www.facebook.com\/eldiario.bolivia\/","article_published_time":"2024-11-22T14:19:20+00:00","article_modified_time":"2024-11-22T14:21:04+00:00","og_image":[{"width":500,"height":225,"url":"https:\/\/www.eldiario.net\/portal\/wp-content\/uploads\/2024\/11\/URGENTE-e1732285144220.jpg","type":"image\/jpeg"}],"author":"Viviana Monrroy","twitter_card":"summary_large_image","twitter_creator":"@eldiario_net","twitter_site":"@eldiario_net","twitter_misc":{"Escrito por":"Viviana Monrroy","Tiempo de lectura":"1 minuto"},"schema":{"@context":"https:\/\/schema.org","@graph":[{"@type":"Article","@id":"https:\/\/www.eldiario.net\/portal\/2024\/11\/22\/hectareas-quemadas-por-incendios-superan-los-12-millones-1018\/#article","isPartOf":{"@id":"https:\/\/www.eldiario.net\/portal\/2024\/11\/22\/hectareas-quemadas-por-incendios-superan-los-12-millones-1018\/"},"author":{"name":"Viviana Monrroy","@id":"https:\/\/www.eldiario.net\/portal\/#\/schema\/person\/32cc89e801dfcbad3a54f91da7f2ea06"},"headline":"Hect\u00e1reas quemadas por incendios superan los 12 millones. (10:18)","datePublished":"2024-11-22T14:19:20+00:00","dateModified":"2024-11-22T14:21:04+00:00","mainEntityOfPage":{"@id":"https:\/\/www.eldiario.net\/portal\/2024\/11\/22\/hectareas-quemadas-por-incendios-superan-los-12-millones-1018\/"},"wordCount":87,"publisher":{"@id":"https:\/\/www.eldiario.net\/portal\/#organization"},"image":{"@id":"https:\/\/www.eldiario.net\/portal\/2024\/11\/22\/hectareas-quemadas-por-incendios-superan-los-12-millones-1018\/#primaryimage"},"thumbnailUrl":"https:\/\/www.eldiario.net\/portal\/wp-content\/uploads\/2024\/11\/URGENTE-e1732285144220.jpg","articleSection":["\u00daltima Hora"],"inLanguage":"es"},{"@type":"WebPage","@id":"https:\/\/www.eldiario.net\/portal\/2024\/11\/22\/hectareas-quemadas-por-incendios-superan-los-12-millones-1018\/","url":"https:\/\/www.eldiario.net\/portal\/2024\/11\/22\/hectareas-quemadas-por-incendios-superan-los-12-millones-1018\/","name":"Hect\u00e1reas quemadas por incendios superan los 12 millones. (10:18) - El Diario - Bolivia","isPartOf":{"@id":"https:\/\/www.eldiario.net\/portal\/#website"},"primaryImageOfPage":{"@id":"https:\/\/www.eldiario.net\/portal\/2024\/11\/22\/hectareas-quemadas-por-incendios-superan-los-12-millones-1018\/#primaryimage"},"image":{"@id":"https:\/\/www.eldiario.net\/portal\/2024\/11\/22\/hectareas-quemadas-por-incendios-superan-los-12-millones-1018\/#primaryimage"},"thumbnailUrl":"https:\/\/www.eldiario.net\/portal\/wp-content\/uploads\/2024\/11\/URGENTE-e1732285144220.jpg","datePublished":"2024-11-22T14:19:20+00:00","dateModified":"2024-11-22T14:21:04+00:00","breadcrumb":{"@id":"https:\/\/www.eldiario.net\/portal\/2024\/11\/22\/hectareas-quemadas-por-incendios-superan-los-12-millones-1018\/#breadcrumb"},"inLanguage":"es","potentialAction":[{"@type":"ReadAction","target":["https:\/\/www.eldiario.net\/portal\/2024\/11\/22\/hectareas-quemadas-por-incendios-superan-los-12-millones-1018\/"]}]},{"@type":"ImageObject","inLanguage":"es","@id":"https:\/\/www.eldiario.net\/portal\/2024\/11\/22\/hectareas-quemadas-por-incendios-superan-los-12-millones-1018\/#primaryimage","url":"https:\/\/www.eldiario.net\/portal\/wp-content\/uploads\/2024\/11\/URGENTE-e1732285144220.jpg","contentUrl":"https:\/\/www.eldiario.net\/portal\/wp-content\/uploads\/2024\/11\/URGENTE-e1732285144220.jpg","width":500,"height":225,"caption":"Foto: EL DIARIO"},{"@type":"BreadcrumbList","@id":"https:\/\/www.eldiario.net\/portal\/2024\/11\/22\/hectareas-quemadas-por-incendios-superan-los-12-millones-1018\/#breadcrumb","itemListElement":[{"@type":"ListItem","position":1,"name":"Portada","item":"https:\/\/www.eldiario.net\/portal\/"},{"@type":"ListItem","position":2,"name":"Hect\u00e1reas quemadas por incendios superan los 12 millones. (10:18)"}]},{"@type":"WebSite","@id":"https:\/\/www.eldiario.net\/portal\/#website","url":"https:\/\/www.eldiario.net\/portal\/","name":"El Diario - Decano de la prensa nacional","description":"El Diario - Decano de la prensa nacional","publisher":{"@id":"https:\/\/www.eldiario.net\/portal\/#organization"},"potentialAction":[{"@type":"SearchAction","target":{"@type":"EntryPoint","urlTemplate":"https:\/\/www.eldiario.net\/portal\/?s={search_term_string}"},"query-input":{"@type":"PropertyValueSpecification","valueRequired":true,"valueName":"search_term_string"}}],"inLanguage":"es"},{"@type":"Organization","@id":"https:\/\/www.eldiario.net\/portal\/#organization","name":"El Diario - Decano de la prensa nacional","url":"https:\/\/www.eldiario.net\/portal\/","logo":{"@type":"ImageObject","inLanguage":"es","@id":"https:\/\/www.eldiario.net\/portal\/#\/schema\/logo\/image\/","url":"https:\/\/www.eldiario.net\/portal\/wp-content\/uploads\/2023\/07\/logo_ED.jpg","contentUrl":"https:\/\/www.eldiario.net\/portal\/wp-content\/uploads\/2023\/07\/logo_ED.jpg","width":272,"height":52,"caption":"El Diario - Decano de la prensa nacional"},"image":{"@id":"https:\/\/www.eldiario.net\/portal\/#\/schema\/logo\/image\/"},"sameAs":["https:\/\/www.facebook.com\/eldiario.bolivia\/","https:\/\/x.com\/eldiario_net"]},{"@type":"Person","@id":"https:\/\/www.eldiario.net\/portal\/#\/schema\/person\/32cc89e801dfcbad3a54f91da7f2ea06","name":"Viviana Monrroy","image":{"@type":"ImageObject","inLanguage":"es","@id":"https:\/\/secure.gravatar.com\/avatar\/dfd1611ed5600959a0e5a9754503b6c05d1dcf190010998e0363aee2ad98afca?s=96&d=mm&r=g","url":"https:\/\/secure.gravatar.com\/avatar\/dfd1611ed5600959a0e5a9754503b6c05d1dcf190010998e0363aee2ad98afca?s=96&d=mm&r=g","contentUrl":"https:\/\/secure.gravatar.com\/avatar\/dfd1611ed5600959a0e5a9754503b6c05d1dcf190010998e0363aee2ad98afca?s=96&d=mm&r=g","caption":"Viviana Monrroy"},"sameAs":["http:\/\/www.eldiario.net"],"url":"https:\/\/www.eldiario.net\/portal\/author\/vivianamonrroy\/"}]}},"_links":{"self":[{"href":"https:\/\/www.eldiario.net\/portal\/wp-json\/wp\/v2\/posts\/262874","targetHints":{"allow":["GET"]}}],"collection":[{"href":"https:\/\/www.eldiario.net\/portal\/wp-json\/wp\/v2\/posts"}],"about":[{"href":"https:\/\/www.eldiario.net\/portal\/wp-json\/wp\/v2\/types\/post"}],"author":[{"embeddable":true,"href":"https:\/\/www.eldiario.net\/portal\/wp-json\/wp\/v2\/users\/7"}],"replies":[{"embeddable":true,"href":"https:\/\/www.eldiario.net\/portal\/wp-json\/wp\/v2\/comments?post=262874"}],"version-history":[{"count":2,"href":"https:\/\/www.eldiario.net\/portal\/wp-json\/wp\/v2\/posts\/262874\/revisions"}],"predecessor-version":[{"id":262877,"href":"https:\/\/www.eldiario.net\/portal\/wp-json\/wp\/v2\/posts\/262874\/revisions\/262877"}],"wp:featuredmedia":[{"embeddable":true,"href":"https:\/\/www.eldiario.net\/portal\/wp-json\/wp\/v2\/media\/262875"}],"wp:attachment":[{"href":"https:\/\/www.eldiario.net\/portal\/wp-json\/wp\/v2\/media?parent=262874"}],"wp:term":[{"taxonomy":"category","embeddable":true,"href":"https:\/\/www.eldiario.net\/portal\/wp-json\/wp\/v2\/categories?post=262874"},{"taxonomy":"post_tag","embeddable":true,"href":"https:\/\/www.eldiario.net\/portal\/wp-json\/wp\/v2\/tags?post=262874"}],"curies":[{"name":"wp","href":"https:\/\/api.w.org\/{rel}","templated":true}]}}