{"id":26282,"date":"2021-08-28T06:48:39","date_gmt":"2021-08-28T10:48:39","guid":{"rendered":"https:\/\/www.eldiario.net\/portal\/?p=26282"},"modified":"2021-08-28T06:48:39","modified_gmt":"2021-08-28T10:48:39","slug":"tras-expulsion-descartan-retorno-de-eva-copa-al-mas","status":"publish","type":"post","link":"https:\/\/www.eldiario.net\/portal\/2021\/08\/28\/tras-expulsion-descartan-retorno-de-eva-copa-al-mas\/","title":{"rendered":"Tras expulsi\u00f3n descartan  retorno de Eva Copa al MAS"},"content":{"rendered":"<p>Luego de que la Agrupaci\u00f3n Jallalla expulsara de sus filas a la alcaldesa de la ciudad de El Alto, Eva Copa, por traici\u00f3n, el Movimiento al Socialismo (MAS) descart\u00f3 un posible retorno de la autoridad a sus filas.<br \/>\n\u201cAquella gente que pacta con la derecha, que pacta con la Cainco (C\u00e1mara de Industria, Comercio, Servicios y Turismo de Santa Cruz), que pacta con Estados Unidos, no tiene retorno al Movimiento al Socialismo, no hay perd\u00f3n para esa gente\u201d, asever\u00f3 el presidente del MAS de El Alto, Daniel Ramos.<br \/>\nEl dirigente del MAS enfatiz\u00f3 que el estatuto del partido \u201cproh\u00edbe el retorno de gente que traicion\u00f3 al instrumento pol\u00edtico\u201d.<br \/>\nEn enero de esta gesti\u00f3n, Copa fue expulsada del Movimiento al Socialismo (MAS) por la direcci\u00f3n regional del partido gobernante, despu\u00e9s de que present\u00f3 su candidatura con otras siglas en las elecciones regionales.<br \/>\nEn la v\u00edspera, la agrupaci\u00f3n pol\u00edtica Jallalla expuls\u00f3 de sus filas a la alcaldesa por \u201ctraici\u00f3n\u201d a esa ciudad y al partido.<br \/>\n\u201cSe\u00f1ora Eva Copa, has traicionado a tu hermano, mi persona te ha extendido la mano para que seas candidata de El Alto cuando el MAS te ha expulsado de sus filas, te ha botado de sus filas, y hoy pagas con la misma moneda a Jallalla\u201d, declar\u00f3 el l\u00edder de la Jallalla La Paz, Leopoldo Chui.<br \/>\nEl presidente del MAS de El Alto manifest\u00f3 que el acercamiento de Copa con el presidente Luis Arce, durante el inicio de la vacunaci\u00f3n masiva contra el covid-19 en esa ciudad, el pasado fin de semana, no significa que la alcaldesa haya sido aceptada y retornado al MAS.<\/p>\n","protected":false},"excerpt":{"rendered":"<p>Luego de que la Agrupaci\u00f3n Jallalla expulsara de sus filas a la alcaldesa de la ciudad de El Alto, Eva Copa, por traici\u00f3n, el Movimiento al Socialismo (MAS) descart\u00f3 un posible retorno de la autoridad a sus filas. \u201cAquella gente que pacta con la derecha, que pacta con la Cainco (C\u00e1mara de Industria, Comercio, Servicios [&hellip;]<\/p>\n","protected":false},"author":1,"featured_media":26283,"comment_status":"closed","ping_status":"closed","sticky":false,"template":"","format":"standard","meta":{"_acf_changed":false,"footnotes":""},"categories":[14],"tags":[],"class_list":["post-26282","post","type-post","status-publish","format-standard","has-post-thumbnail","category-politica"],"acf":{"antetitulo":""},"yoast_head":"<!-- This site is optimized with the Yoast SEO plugin v28.4 - https:\/\/yoast.com\/product\/yoast-seo-wordpress\/ -->\n<title>Tras expulsi\u00f3n descartan retorno de Eva Copa al MAS - El Diario - Bolivia<\/title>\n<meta name=\"robots\" content=\"index, follow, max-snippet:-1, max-image-preview:large, max-video-preview:-1\" \/>\n<link rel=\"canonical\" href=\"https:\/\/www.eldiario.net\/portal\/2021\/08\/28\/tras-expulsion-descartan-retorno-de-eva-copa-al-mas\/\" \/>\n<meta property=\"og:locale\" content=\"es_ES\" \/>\n<meta property=\"og:type\" content=\"article\" \/>\n<meta property=\"og:title\" content=\"Tras expulsi\u00f3n descartan retorno de Eva Copa al MAS - El Diario - Bolivia\" \/>\n<meta property=\"og:description\" content=\"Luego de que la Agrupaci\u00f3n Jallalla expulsara de sus filas a la alcaldesa de la ciudad de El Alto, Eva Copa, por traici\u00f3n, el Movimiento al Socialismo (MAS) descart\u00f3 un posible retorno de la autoridad a sus filas. \u201cAquella gente que pacta con la derecha, que pacta con la Cainco (C\u00e1mara de Industria, Comercio, Servicios [&hellip;]\" \/>\n<meta property=\"og:url\" content=\"https:\/\/www.eldiario.net\/portal\/2021\/08\/28\/tras-expulsion-descartan-retorno-de-eva-copa-al-mas\/\" \/>\n<meta property=\"og:site_name\" content=\"El Diario - Bolivia\" \/>\n<meta property=\"article:publisher\" content=\"https:\/\/www.facebook.com\/eldiario.bolivia\/\" \/>\n<meta property=\"article:published_time\" content=\"2021-08-28T10:48:39+00:00\" \/>\n<meta property=\"og:image\" content=\"https:\/\/www.eldiario.net\/portal\/wp-content\/uploads\/2021\/08\/pol-43.jpg\" \/>\n\t<meta property=\"og:image:width\" content=\"750\" \/>\n\t<meta property=\"og:image:height\" content=\"420\" \/>\n\t<meta property=\"og:image:type\" content=\"image\/jpeg\" \/>\n<meta name=\"author\" content=\"Jeanette\" \/>\n<meta name=\"twitter:card\" content=\"summary_large_image\" \/>\n<meta name=\"twitter:creator\" content=\"@eldiario_net\" \/>\n<meta name=\"twitter:site\" content=\"@eldiario_net\" \/>\n<meta name=\"twitter:label1\" content=\"Escrito por\" \/>\n\t<meta name=\"twitter:data1\" content=\"Jeanette\" \/>\n\t<meta name=\"twitter:label2\" content=\"Tiempo de lectura\" \/>\n\t<meta name=\"twitter:data2\" content=\"2 minutos\" \/>\n<script type=\"application\/ld+json\" class=\"yoast-schema-graph\">{\"@context\":\"https:\\\/\\\/schema.org\",\"@graph\":[{\"@type\":\"Article\",\"@id\":\"https:\\\/\\\/www.eldiario.net\\\/portal\\\/2021\\\/08\\\/28\\\/tras-expulsion-descartan-retorno-de-eva-copa-al-mas\\\/#article\",\"isPartOf\":{\"@id\":\"https:\\\/\\\/www.eldiario.net\\\/portal\\\/2021\\\/08\\\/28\\\/tras-expulsion-descartan-retorno-de-eva-copa-al-mas\\\/\"},\"author\":{\"name\":\"Jeanette\",\"@id\":\"https:\\\/\\\/www.eldiario.net\\\/portal\\\/#\\\/schema\\\/person\\\/2c57cf2b7a7ae032e449e4c9b1019eac\"},\"headline\":\"Tras expulsi\u00f3n descartan retorno de Eva Copa al MAS\",\"datePublished\":\"2021-08-28T10:48:39+00:00\",\"mainEntityOfPage\":{\"@id\":\"https:\\\/\\\/www.eldiario.net\\\/portal\\\/2021\\\/08\\\/28\\\/tras-expulsion-descartan-retorno-de-eva-copa-al-mas\\\/\"},\"wordCount\":293,\"publisher\":{\"@id\":\"https:\\\/\\\/www.eldiario.net\\\/portal\\\/#organization\"},\"image\":{\"@id\":\"https:\\\/\\\/www.eldiario.net\\\/portal\\\/2021\\\/08\\\/28\\\/tras-expulsion-descartan-retorno-de-eva-copa-al-mas\\\/#primaryimage\"},\"thumbnailUrl\":\"https:\\\/\\\/www.eldiario.net\\\/portal\\\/wp-content\\\/uploads\\\/2021\\\/08\\\/pol-43.jpg\",\"articleSection\":[\"Pol\u00edtica\"],\"inLanguage\":\"es\"},{\"@type\":\"WebPage\",\"@id\":\"https:\\\/\\\/www.eldiario.net\\\/portal\\\/2021\\\/08\\\/28\\\/tras-expulsion-descartan-retorno-de-eva-copa-al-mas\\\/\",\"url\":\"https:\\\/\\\/www.eldiario.net\\\/portal\\\/2021\\\/08\\\/28\\\/tras-expulsion-descartan-retorno-de-eva-copa-al-mas\\\/\",\"name\":\"Tras expulsi\u00f3n descartan retorno de Eva Copa al MAS - El Diario - Bolivia\",\"isPartOf\":{\"@id\":\"https:\\\/\\\/www.eldiario.net\\\/portal\\\/#website\"},\"primaryImageOfPage\":{\"@id\":\"https:\\\/\\\/www.eldiario.net\\\/portal\\\/2021\\\/08\\\/28\\\/tras-expulsion-descartan-retorno-de-eva-copa-al-mas\\\/#primaryimage\"},\"image\":{\"@id\":\"https:\\\/\\\/www.eldiario.net\\\/portal\\\/2021\\\/08\\\/28\\\/tras-expulsion-descartan-retorno-de-eva-copa-al-mas\\\/#primaryimage\"},\"thumbnailUrl\":\"https:\\\/\\\/www.eldiario.net\\\/portal\\\/wp-content\\\/uploads\\\/2021\\\/08\\\/pol-43.jpg\",\"datePublished\":\"2021-08-28T10:48:39+00:00\",\"breadcrumb\":{\"@id\":\"https:\\\/\\\/www.eldiario.net\\\/portal\\\/2021\\\/08\\\/28\\\/tras-expulsion-descartan-retorno-de-eva-copa-al-mas\\\/#breadcrumb\"},\"inLanguage\":\"es\",\"potentialAction\":[{\"@type\":\"ReadAction\",\"target\":[\"https:\\\/\\\/www.eldiario.net\\\/portal\\\/2021\\\/08\\\/28\\\/tras-expulsion-descartan-retorno-de-eva-copa-al-mas\\\/\"]}]},{\"@type\":\"ImageObject\",\"inLanguage\":\"es\",\"@id\":\"https:\\\/\\\/www.eldiario.net\\\/portal\\\/2021\\\/08\\\/28\\\/tras-expulsion-descartan-retorno-de-eva-copa-al-mas\\\/#primaryimage\",\"url\":\"https:\\\/\\\/www.eldiario.net\\\/portal\\\/wp-content\\\/uploads\\\/2021\\\/08\\\/pol-43.jpg\",\"contentUrl\":\"https:\\\/\\\/www.eldiario.net\\\/portal\\\/wp-content\\\/uploads\\\/2021\\\/08\\\/pol-43.jpg\",\"width\":750,\"height\":420,\"caption\":\"Eva Copa, alcaldesa de la ciudad de El Alto.\"},{\"@type\":\"BreadcrumbList\",\"@id\":\"https:\\\/\\\/www.eldiario.net\\\/portal\\\/2021\\\/08\\\/28\\\/tras-expulsion-descartan-retorno-de-eva-copa-al-mas\\\/#breadcrumb\",\"itemListElement\":[{\"@type\":\"ListItem\",\"position\":1,\"name\":\"Portada\",\"item\":\"https:\\\/\\\/www.eldiario.net\\\/portal\\\/\"},{\"@type\":\"ListItem\",\"position\":2,\"name\":\"Tras expulsi\u00f3n descartan retorno de Eva Copa al MAS\"}]},{\"@type\":\"WebSite\",\"@id\":\"https:\\\/\\\/www.eldiario.net\\\/portal\\\/#website\",\"url\":\"https:\\\/\\\/www.eldiario.net\\\/portal\\\/\",\"name\":\"El Diario - Decano de la prensa nacional\",\"description\":\"El Diario - Decano de la prensa nacional\",\"publisher\":{\"@id\":\"https:\\\/\\\/www.eldiario.net\\\/portal\\\/#organization\"},\"potentialAction\":[{\"@type\":\"SearchAction\",\"target\":{\"@type\":\"EntryPoint\",\"urlTemplate\":\"https:\\\/\\\/www.eldiario.net\\\/portal\\\/?s={search_term_string}\"},\"query-input\":{\"@type\":\"PropertyValueSpecification\",\"valueRequired\":true,\"valueName\":\"search_term_string\"}}],\"inLanguage\":\"es\"},{\"@type\":\"Organization\",\"@id\":\"https:\\\/\\\/www.eldiario.net\\\/portal\\\/#organization\",\"name\":\"El Diario - Decano de la prensa nacional\",\"url\":\"https:\\\/\\\/www.eldiario.net\\\/portal\\\/\",\"logo\":{\"@type\":\"ImageObject\",\"inLanguage\":\"es\",\"@id\":\"https:\\\/\\\/www.eldiario.net\\\/portal\\\/#\\\/schema\\\/logo\\\/image\\\/\",\"url\":\"https:\\\/\\\/www.eldiario.net\\\/portal\\\/wp-content\\\/uploads\\\/2023\\\/07\\\/logo_ED.jpg\",\"contentUrl\":\"https:\\\/\\\/www.eldiario.net\\\/portal\\\/wp-content\\\/uploads\\\/2023\\\/07\\\/logo_ED.jpg\",\"width\":272,\"height\":52,\"caption\":\"El Diario - Decano de la prensa nacional\"},\"image\":{\"@id\":\"https:\\\/\\\/www.eldiario.net\\\/portal\\\/#\\\/schema\\\/logo\\\/image\\\/\"},\"sameAs\":[\"https:\\\/\\\/www.facebook.com\\\/eldiario.bolivia\\\/\",\"https:\\\/\\\/x.com\\\/eldiario_net\"]},{\"@type\":\"Person\",\"@id\":\"https:\\\/\\\/www.eldiario.net\\\/portal\\\/#\\\/schema\\\/person\\\/2c57cf2b7a7ae032e449e4c9b1019eac\",\"name\":\"Jeanette\",\"image\":{\"@type\":\"ImageObject\",\"inLanguage\":\"es\",\"@id\":\"https:\\\/\\\/secure.gravatar.com\\\/avatar\\\/3ea2118a5f7dad2b7138b1187a6b7ee55f160b9968b66013c3a3ef39dd7e5798?s=96&d=mm&r=g\",\"url\":\"https:\\\/\\\/secure.gravatar.com\\\/avatar\\\/3ea2118a5f7dad2b7138b1187a6b7ee55f160b9968b66013c3a3ef39dd7e5798?s=96&d=mm&r=g\",\"contentUrl\":\"https:\\\/\\\/secure.gravatar.com\\\/avatar\\\/3ea2118a5f7dad2b7138b1187a6b7ee55f160b9968b66013c3a3ef39dd7e5798?s=96&d=mm&r=g\",\"caption\":\"Jeanette\"},\"sameAs\":[\"https:\\\/\\\/www.eldiario.net\\\/portal\"],\"url\":\"https:\\\/\\\/www.eldiario.net\\\/portal\\\/author\\\/jeanette\\\/\"}]}<\/script>\n<!-- \/ Yoast SEO plugin. -->","yoast_head_json":{"title":"Tras expulsi\u00f3n descartan retorno de Eva Copa al MAS - El Diario - Bolivia","robots":{"index":"index","follow":"follow","max-snippet":"max-snippet:-1","max-image-preview":"max-image-preview:large","max-video-preview":"max-video-preview:-1"},"canonical":"https:\/\/www.eldiario.net\/portal\/2021\/08\/28\/tras-expulsion-descartan-retorno-de-eva-copa-al-mas\/","og_locale":"es_ES","og_type":"article","og_title":"Tras expulsi\u00f3n descartan retorno de Eva Copa al MAS - El Diario - Bolivia","og_description":"Luego de que la Agrupaci\u00f3n Jallalla expulsara de sus filas a la alcaldesa de la ciudad de El Alto, Eva Copa, por traici\u00f3n, el Movimiento al Socialismo (MAS) descart\u00f3 un posible retorno de la autoridad a sus filas. \u201cAquella gente que pacta con la derecha, que pacta con la Cainco (C\u00e1mara de Industria, Comercio, Servicios [&hellip;]","og_url":"https:\/\/www.eldiario.net\/portal\/2021\/08\/28\/tras-expulsion-descartan-retorno-de-eva-copa-al-mas\/","og_site_name":"El Diario - Bolivia","article_publisher":"https:\/\/www.facebook.com\/eldiario.bolivia\/","article_published_time":"2021-08-28T10:48:39+00:00","og_image":[{"width":750,"height":420,"url":"https:\/\/www.eldiario.net\/portal\/wp-content\/uploads\/2021\/08\/pol-43.jpg","type":"image\/jpeg"}],"author":"Jeanette","twitter_card":"summary_large_image","twitter_creator":"@eldiario_net","twitter_site":"@eldiario_net","twitter_misc":{"Escrito por":"Jeanette","Tiempo de lectura":"2 minutos"},"schema":{"@context":"https:\/\/schema.org","@graph":[{"@type":"Article","@id":"https:\/\/www.eldiario.net\/portal\/2021\/08\/28\/tras-expulsion-descartan-retorno-de-eva-copa-al-mas\/#article","isPartOf":{"@id":"https:\/\/www.eldiario.net\/portal\/2021\/08\/28\/tras-expulsion-descartan-retorno-de-eva-copa-al-mas\/"},"author":{"name":"Jeanette","@id":"https:\/\/www.eldiario.net\/portal\/#\/schema\/person\/2c57cf2b7a7ae032e449e4c9b1019eac"},"headline":"Tras expulsi\u00f3n descartan retorno de Eva Copa al MAS","datePublished":"2021-08-28T10:48:39+00:00","mainEntityOfPage":{"@id":"https:\/\/www.eldiario.net\/portal\/2021\/08\/28\/tras-expulsion-descartan-retorno-de-eva-copa-al-mas\/"},"wordCount":293,"publisher":{"@id":"https:\/\/www.eldiario.net\/portal\/#organization"},"image":{"@id":"https:\/\/www.eldiario.net\/portal\/2021\/08\/28\/tras-expulsion-descartan-retorno-de-eva-copa-al-mas\/#primaryimage"},"thumbnailUrl":"https:\/\/www.eldiario.net\/portal\/wp-content\/uploads\/2021\/08\/pol-43.jpg","articleSection":["Pol\u00edtica"],"inLanguage":"es"},{"@type":"WebPage","@id":"https:\/\/www.eldiario.net\/portal\/2021\/08\/28\/tras-expulsion-descartan-retorno-de-eva-copa-al-mas\/","url":"https:\/\/www.eldiario.net\/portal\/2021\/08\/28\/tras-expulsion-descartan-retorno-de-eva-copa-al-mas\/","name":"Tras expulsi\u00f3n descartan retorno de Eva Copa al MAS - El Diario - Bolivia","isPartOf":{"@id":"https:\/\/www.eldiario.net\/portal\/#website"},"primaryImageOfPage":{"@id":"https:\/\/www.eldiario.net\/portal\/2021\/08\/28\/tras-expulsion-descartan-retorno-de-eva-copa-al-mas\/#primaryimage"},"image":{"@id":"https:\/\/www.eldiario.net\/portal\/2021\/08\/28\/tras-expulsion-descartan-retorno-de-eva-copa-al-mas\/#primaryimage"},"thumbnailUrl":"https:\/\/www.eldiario.net\/portal\/wp-content\/uploads\/2021\/08\/pol-43.jpg","datePublished":"2021-08-28T10:48:39+00:00","breadcrumb":{"@id":"https:\/\/www.eldiario.net\/portal\/2021\/08\/28\/tras-expulsion-descartan-retorno-de-eva-copa-al-mas\/#breadcrumb"},"inLanguage":"es","potentialAction":[{"@type":"ReadAction","target":["https:\/\/www.eldiario.net\/portal\/2021\/08\/28\/tras-expulsion-descartan-retorno-de-eva-copa-al-mas\/"]}]},{"@type":"ImageObject","inLanguage":"es","@id":"https:\/\/www.eldiario.net\/portal\/2021\/08\/28\/tras-expulsion-descartan-retorno-de-eva-copa-al-mas\/#primaryimage","url":"https:\/\/www.eldiario.net\/portal\/wp-content\/uploads\/2021\/08\/pol-43.jpg","contentUrl":"https:\/\/www.eldiario.net\/portal\/wp-content\/uploads\/2021\/08\/pol-43.jpg","width":750,"height":420,"caption":"Eva Copa, alcaldesa de la ciudad de El Alto."},{"@type":"BreadcrumbList","@id":"https:\/\/www.eldiario.net\/portal\/2021\/08\/28\/tras-expulsion-descartan-retorno-de-eva-copa-al-mas\/#breadcrumb","itemListElement":[{"@type":"ListItem","position":1,"name":"Portada","item":"https:\/\/www.eldiario.net\/portal\/"},{"@type":"ListItem","position":2,"name":"Tras expulsi\u00f3n descartan retorno de Eva Copa al MAS"}]},{"@type":"WebSite","@id":"https:\/\/www.eldiario.net\/portal\/#website","url":"https:\/\/www.eldiario.net\/portal\/","name":"El Diario - Decano de la prensa nacional","description":"El Diario - Decano de la prensa nacional","publisher":{"@id":"https:\/\/www.eldiario.net\/portal\/#organization"},"potentialAction":[{"@type":"SearchAction","target":{"@type":"EntryPoint","urlTemplate":"https:\/\/www.eldiario.net\/portal\/?s={search_term_string}"},"query-input":{"@type":"PropertyValueSpecification","valueRequired":true,"valueName":"search_term_string"}}],"inLanguage":"es"},{"@type":"Organization","@id":"https:\/\/www.eldiario.net\/portal\/#organization","name":"El Diario - Decano de la prensa nacional","url":"https:\/\/www.eldiario.net\/portal\/","logo":{"@type":"ImageObject","inLanguage":"es","@id":"https:\/\/www.eldiario.net\/portal\/#\/schema\/logo\/image\/","url":"https:\/\/www.eldiario.net\/portal\/wp-content\/uploads\/2023\/07\/logo_ED.jpg","contentUrl":"https:\/\/www.eldiario.net\/portal\/wp-content\/uploads\/2023\/07\/logo_ED.jpg","width":272,"height":52,"caption":"El Diario - Decano de la prensa nacional"},"image":{"@id":"https:\/\/www.eldiario.net\/portal\/#\/schema\/logo\/image\/"},"sameAs":["https:\/\/www.facebook.com\/eldiario.bolivia\/","https:\/\/x.com\/eldiario_net"]},{"@type":"Person","@id":"https:\/\/www.eldiario.net\/portal\/#\/schema\/person\/2c57cf2b7a7ae032e449e4c9b1019eac","name":"Jeanette","image":{"@type":"ImageObject","inLanguage":"es","@id":"https:\/\/secure.gravatar.com\/avatar\/3ea2118a5f7dad2b7138b1187a6b7ee55f160b9968b66013c3a3ef39dd7e5798?s=96&d=mm&r=g","url":"https:\/\/secure.gravatar.com\/avatar\/3ea2118a5f7dad2b7138b1187a6b7ee55f160b9968b66013c3a3ef39dd7e5798?s=96&d=mm&r=g","contentUrl":"https:\/\/secure.gravatar.com\/avatar\/3ea2118a5f7dad2b7138b1187a6b7ee55f160b9968b66013c3a3ef39dd7e5798?s=96&d=mm&r=g","caption":"Jeanette"},"sameAs":["https:\/\/www.eldiario.net\/portal"],"url":"https:\/\/www.eldiario.net\/portal\/author\/jeanette\/"}]}},"_links":{"self":[{"href":"https:\/\/www.eldiario.net\/portal\/wp-json\/wp\/v2\/posts\/26282","targetHints":{"allow":["GET"]}}],"collection":[{"href":"https:\/\/www.eldiario.net\/portal\/wp-json\/wp\/v2\/posts"}],"about":[{"href":"https:\/\/www.eldiario.net\/portal\/wp-json\/wp\/v2\/types\/post"}],"author":[{"embeddable":true,"href":"https:\/\/www.eldiario.net\/portal\/wp-json\/wp\/v2\/users\/1"}],"replies":[{"embeddable":true,"href":"https:\/\/www.eldiario.net\/portal\/wp-json\/wp\/v2\/comments?post=26282"}],"version-history":[{"count":0,"href":"https:\/\/www.eldiario.net\/portal\/wp-json\/wp\/v2\/posts\/26282\/revisions"}],"wp:featuredmedia":[{"embeddable":true,"href":"https:\/\/www.eldiario.net\/portal\/wp-json\/wp\/v2\/media\/26283"}],"wp:attachment":[{"href":"https:\/\/www.eldiario.net\/portal\/wp-json\/wp\/v2\/media?parent=26282"}],"wp:term":[{"taxonomy":"category","embeddable":true,"href":"https:\/\/www.eldiario.net\/portal\/wp-json\/wp\/v2\/categories?post=26282"},{"taxonomy":"post_tag","embeddable":true,"href":"https:\/\/www.eldiario.net\/portal\/wp-json\/wp\/v2\/tags?post=26282"}],"curies":[{"name":"wp","href":"https:\/\/api.w.org\/{rel}","templated":true}]}}