{"id":26278,"date":"2021-08-28T06:47:32","date_gmt":"2021-08-28T10:47:32","guid":{"rendered":"https:\/\/www.eldiario.net\/portal\/?p=26278"},"modified":"2021-08-28T06:47:32","modified_gmt":"2021-08-28T10:47:32","slug":"funcionario-de-banco-union-desfalca-mas-de-bs-700-mil-de-cuenta-privada","status":"publish","type":"post","link":"https:\/\/www.eldiario.net\/portal\/2021\/08\/28\/funcionario-de-banco-union-desfalca-mas-de-bs-700-mil-de-cuenta-privada\/","title":{"rendered":"Funcionario de Banco Uni\u00f3n desfalca m\u00e1s de Bs 700 mil de cuenta privada"},"content":{"rendered":"<p>Cinco personas, entre ellos, un funcionario de una agencia del Banco Uni\u00f3n en la ciudad de La Paz, fueron aprehendidas por la Polic\u00eda acusadas de haber sustra\u00eddo, mediante manipulaci\u00f3n inform\u00e1tica, dinero de una cuenta bancaria en una sucursal de la ciudad de La Paz.<br \/>\nDe acuerdo con los elementos de investigaci\u00f3n, el funcionario o tramitador ten\u00eda comunicaci\u00f3n con los otros sujetos, externos a la entidad financiera, para realizar un \u201cesquema de vulneraci\u00f3n\u201d inform\u00e1tica para facilitar tr\u00e1mites a terceras personas que buscaban acceder a cr\u00e9ditos.<br \/>\nLa v\u00edctima en este caso fue una persona de la ciudad de Cochabamba que ten\u00eda una suma ostensible de dinero en el banco. Mediante documentaci\u00f3n falsa, los sujetos habilitaron una segunda tarjeta de debido con el nombre del titular de la cuenta bancaria, inform\u00f3 el subdirector de la Fuerza Especial de Lucha Contra el Crimen (Felcc) de La Paz, coronel Juan Jos\u00e9 Donaire.<br \/>\n\u201cA trav\u00e9s de este mecanismo han empezado a realizar retiros peque\u00f1os, presumimos para ver si son percibidos por la entidad, luego de haberse evidenciado esa caracter\u00edstica de montos peque\u00f1os han empezado a realizar un volumen m\u00e1s significativo y finalmente han utilizado a otra persona que se ha constituido a la entidad bancaria para un retiro significativo\u201d, a\u00f1adi\u00f3.<br \/>\nLa coordinadora de la Fiscal\u00eda Especializada de Delitos Patrimoniales, Elba Sanjin\u00e9s, inform\u00f3 que al menos Bs 700.000 habr\u00edan sido sustra\u00eddos. Se investiga participaci\u00f3n de una sexta persona que estar\u00eda implicada en el caso. La denuncia fue abierta por representantes del Banco Uni\u00f3n.<br \/>\nLos delitos que investigan son manipulaci\u00f3n inform\u00e1tica, apropiaci\u00f3n de fondos financieros, asociaci\u00f3n delictuosa y otros. (Erbol)<\/p>\n","protected":false},"excerpt":{"rendered":"<p>Cinco personas, entre ellos, un funcionario de una agencia del Banco Uni\u00f3n en la ciudad de La Paz, fueron aprehendidas por la Polic\u00eda acusadas de haber sustra\u00eddo, mediante manipulaci\u00f3n inform\u00e1tica, dinero de una cuenta bancaria en una sucursal de la ciudad de La Paz. De acuerdo con los elementos de investigaci\u00f3n, el funcionario o tramitador [&hellip;]<\/p>\n","protected":false},"author":1,"featured_media":0,"comment_status":"closed","ping_status":"closed","sticky":false,"template":"","format":"standard","meta":{"_acf_changed":false,"footnotes":""},"categories":[39],"tags":[],"class_list":["post-26278","post","type-post","status-publish","format-standard","category-sociedad"],"acf":{"antetitulo":""},"yoast_head":"<!-- This site is optimized with the Yoast SEO plugin v28.4 - https:\/\/yoast.com\/product\/yoast-seo-wordpress\/ -->\n<title>Funcionario de Banco Uni\u00f3n desfalca m\u00e1s de Bs 700 mil de cuenta privada - El Diario - Bolivia<\/title>\n<meta name=\"robots\" content=\"index, follow, max-snippet:-1, max-image-preview:large, max-video-preview:-1\" \/>\n<link rel=\"canonical\" href=\"https:\/\/www.eldiario.net\/portal\/2021\/08\/28\/funcionario-de-banco-union-desfalca-mas-de-bs-700-mil-de-cuenta-privada\/\" \/>\n<meta property=\"og:locale\" content=\"es_ES\" \/>\n<meta property=\"og:type\" content=\"article\" \/>\n<meta property=\"og:title\" content=\"Funcionario de Banco Uni\u00f3n desfalca m\u00e1s de Bs 700 mil de cuenta privada - El Diario - Bolivia\" \/>\n<meta property=\"og:description\" content=\"Cinco personas, entre ellos, un funcionario de una agencia del Banco Uni\u00f3n en la ciudad de La Paz, fueron aprehendidas por la Polic\u00eda acusadas de haber sustra\u00eddo, mediante manipulaci\u00f3n inform\u00e1tica, dinero de una cuenta bancaria en una sucursal de la ciudad de La Paz. De acuerdo con los elementos de investigaci\u00f3n, el funcionario o tramitador [&hellip;]\" \/>\n<meta property=\"og:url\" content=\"https:\/\/www.eldiario.net\/portal\/2021\/08\/28\/funcionario-de-banco-union-desfalca-mas-de-bs-700-mil-de-cuenta-privada\/\" \/>\n<meta property=\"og:site_name\" content=\"El Diario - Bolivia\" \/>\n<meta property=\"article:publisher\" content=\"https:\/\/www.facebook.com\/eldiario.bolivia\/\" \/>\n<meta property=\"article:published_time\" content=\"2021-08-28T10:47:32+00:00\" \/>\n<meta name=\"author\" content=\"Jeanette\" \/>\n<meta name=\"twitter:card\" content=\"summary_large_image\" \/>\n<meta name=\"twitter:creator\" content=\"@eldiario_net\" \/>\n<meta name=\"twitter:site\" content=\"@eldiario_net\" \/>\n<meta name=\"twitter:label1\" content=\"Escrito por\" \/>\n\t<meta name=\"twitter:data1\" content=\"Jeanette\" \/>\n\t<meta name=\"twitter:label2\" content=\"Tiempo de lectura\" \/>\n\t<meta name=\"twitter:data2\" content=\"2 minutos\" \/>\n<script type=\"application\/ld+json\" class=\"yoast-schema-graph\">{\"@context\":\"https:\\\/\\\/schema.org\",\"@graph\":[{\"@type\":\"Article\",\"@id\":\"https:\\\/\\\/www.eldiario.net\\\/portal\\\/2021\\\/08\\\/28\\\/funcionario-de-banco-union-desfalca-mas-de-bs-700-mil-de-cuenta-privada\\\/#article\",\"isPartOf\":{\"@id\":\"https:\\\/\\\/www.eldiario.net\\\/portal\\\/2021\\\/08\\\/28\\\/funcionario-de-banco-union-desfalca-mas-de-bs-700-mil-de-cuenta-privada\\\/\"},\"author\":{\"name\":\"Jeanette\",\"@id\":\"https:\\\/\\\/www.eldiario.net\\\/portal\\\/#\\\/schema\\\/person\\\/2c57cf2b7a7ae032e449e4c9b1019eac\"},\"headline\":\"Funcionario de Banco Uni\u00f3n desfalca m\u00e1s de Bs 700 mil de cuenta privada\",\"datePublished\":\"2021-08-28T10:47:32+00:00\",\"mainEntityOfPage\":{\"@id\":\"https:\\\/\\\/www.eldiario.net\\\/portal\\\/2021\\\/08\\\/28\\\/funcionario-de-banco-union-desfalca-mas-de-bs-700-mil-de-cuenta-privada\\\/\"},\"wordCount\":307,\"publisher\":{\"@id\":\"https:\\\/\\\/www.eldiario.net\\\/portal\\\/#organization\"},\"articleSection\":[\"Sociedad - Seguridad\"],\"inLanguage\":\"es\"},{\"@type\":\"WebPage\",\"@id\":\"https:\\\/\\\/www.eldiario.net\\\/portal\\\/2021\\\/08\\\/28\\\/funcionario-de-banco-union-desfalca-mas-de-bs-700-mil-de-cuenta-privada\\\/\",\"url\":\"https:\\\/\\\/www.eldiario.net\\\/portal\\\/2021\\\/08\\\/28\\\/funcionario-de-banco-union-desfalca-mas-de-bs-700-mil-de-cuenta-privada\\\/\",\"name\":\"Funcionario de Banco Uni\u00f3n desfalca m\u00e1s de Bs 700 mil de cuenta privada - El Diario - Bolivia\",\"isPartOf\":{\"@id\":\"https:\\\/\\\/www.eldiario.net\\\/portal\\\/#website\"},\"datePublished\":\"2021-08-28T10:47:32+00:00\",\"breadcrumb\":{\"@id\":\"https:\\\/\\\/www.eldiario.net\\\/portal\\\/2021\\\/08\\\/28\\\/funcionario-de-banco-union-desfalca-mas-de-bs-700-mil-de-cuenta-privada\\\/#breadcrumb\"},\"inLanguage\":\"es\",\"potentialAction\":[{\"@type\":\"ReadAction\",\"target\":[\"https:\\\/\\\/www.eldiario.net\\\/portal\\\/2021\\\/08\\\/28\\\/funcionario-de-banco-union-desfalca-mas-de-bs-700-mil-de-cuenta-privada\\\/\"]}]},{\"@type\":\"BreadcrumbList\",\"@id\":\"https:\\\/\\\/www.eldiario.net\\\/portal\\\/2021\\\/08\\\/28\\\/funcionario-de-banco-union-desfalca-mas-de-bs-700-mil-de-cuenta-privada\\\/#breadcrumb\",\"itemListElement\":[{\"@type\":\"ListItem\",\"position\":1,\"name\":\"Portada\",\"item\":\"https:\\\/\\\/www.eldiario.net\\\/portal\\\/\"},{\"@type\":\"ListItem\",\"position\":2,\"name\":\"Funcionario de Banco Uni\u00f3n desfalca m\u00e1s de Bs 700 mil de cuenta privada\"}]},{\"@type\":\"WebSite\",\"@id\":\"https:\\\/\\\/www.eldiario.net\\\/portal\\\/#website\",\"url\":\"https:\\\/\\\/www.eldiario.net\\\/portal\\\/\",\"name\":\"El Diario - Decano de la prensa nacional\",\"description\":\"El Diario - Decano de la prensa nacional\",\"publisher\":{\"@id\":\"https:\\\/\\\/www.eldiario.net\\\/portal\\\/#organization\"},\"potentialAction\":[{\"@type\":\"SearchAction\",\"target\":{\"@type\":\"EntryPoint\",\"urlTemplate\":\"https:\\\/\\\/www.eldiario.net\\\/portal\\\/?s={search_term_string}\"},\"query-input\":{\"@type\":\"PropertyValueSpecification\",\"valueRequired\":true,\"valueName\":\"search_term_string\"}}],\"inLanguage\":\"es\"},{\"@type\":\"Organization\",\"@id\":\"https:\\\/\\\/www.eldiario.net\\\/portal\\\/#organization\",\"name\":\"El Diario - Decano de la prensa nacional\",\"url\":\"https:\\\/\\\/www.eldiario.net\\\/portal\\\/\",\"logo\":{\"@type\":\"ImageObject\",\"inLanguage\":\"es\",\"@id\":\"https:\\\/\\\/www.eldiario.net\\\/portal\\\/#\\\/schema\\\/logo\\\/image\\\/\",\"url\":\"https:\\\/\\\/www.eldiario.net\\\/portal\\\/wp-content\\\/uploads\\\/2023\\\/07\\\/logo_ED.jpg\",\"contentUrl\":\"https:\\\/\\\/www.eldiario.net\\\/portal\\\/wp-content\\\/uploads\\\/2023\\\/07\\\/logo_ED.jpg\",\"width\":272,\"height\":52,\"caption\":\"El Diario - Decano de la prensa nacional\"},\"image\":{\"@id\":\"https:\\\/\\\/www.eldiario.net\\\/portal\\\/#\\\/schema\\\/logo\\\/image\\\/\"},\"sameAs\":[\"https:\\\/\\\/www.facebook.com\\\/eldiario.bolivia\\\/\",\"https:\\\/\\\/x.com\\\/eldiario_net\"]},{\"@type\":\"Person\",\"@id\":\"https:\\\/\\\/www.eldiario.net\\\/portal\\\/#\\\/schema\\\/person\\\/2c57cf2b7a7ae032e449e4c9b1019eac\",\"name\":\"Jeanette\",\"image\":{\"@type\":\"ImageObject\",\"inLanguage\":\"es\",\"@id\":\"https:\\\/\\\/secure.gravatar.com\\\/avatar\\\/3ea2118a5f7dad2b7138b1187a6b7ee55f160b9968b66013c3a3ef39dd7e5798?s=96&d=mm&r=g\",\"url\":\"https:\\\/\\\/secure.gravatar.com\\\/avatar\\\/3ea2118a5f7dad2b7138b1187a6b7ee55f160b9968b66013c3a3ef39dd7e5798?s=96&d=mm&r=g\",\"contentUrl\":\"https:\\\/\\\/secure.gravatar.com\\\/avatar\\\/3ea2118a5f7dad2b7138b1187a6b7ee55f160b9968b66013c3a3ef39dd7e5798?s=96&d=mm&r=g\",\"caption\":\"Jeanette\"},\"sameAs\":[\"https:\\\/\\\/www.eldiario.net\\\/portal\"],\"url\":\"https:\\\/\\\/www.eldiario.net\\\/portal\\\/author\\\/jeanette\\\/\"}]}<\/script>\n<!-- \/ Yoast SEO plugin. -->","yoast_head_json":{"title":"Funcionario de Banco Uni\u00f3n desfalca m\u00e1s de Bs 700 mil de cuenta privada - El Diario - Bolivia","robots":{"index":"index","follow":"follow","max-snippet":"max-snippet:-1","max-image-preview":"max-image-preview:large","max-video-preview":"max-video-preview:-1"},"canonical":"https:\/\/www.eldiario.net\/portal\/2021\/08\/28\/funcionario-de-banco-union-desfalca-mas-de-bs-700-mil-de-cuenta-privada\/","og_locale":"es_ES","og_type":"article","og_title":"Funcionario de Banco Uni\u00f3n desfalca m\u00e1s de Bs 700 mil de cuenta privada - El Diario - Bolivia","og_description":"Cinco personas, entre ellos, un funcionario de una agencia del Banco Uni\u00f3n en la ciudad de La Paz, fueron aprehendidas por la Polic\u00eda acusadas de haber sustra\u00eddo, mediante manipulaci\u00f3n inform\u00e1tica, dinero de una cuenta bancaria en una sucursal de la ciudad de La Paz. De acuerdo con los elementos de investigaci\u00f3n, el funcionario o tramitador [&hellip;]","og_url":"https:\/\/www.eldiario.net\/portal\/2021\/08\/28\/funcionario-de-banco-union-desfalca-mas-de-bs-700-mil-de-cuenta-privada\/","og_site_name":"El Diario - Bolivia","article_publisher":"https:\/\/www.facebook.com\/eldiario.bolivia\/","article_published_time":"2021-08-28T10:47:32+00:00","author":"Jeanette","twitter_card":"summary_large_image","twitter_creator":"@eldiario_net","twitter_site":"@eldiario_net","twitter_misc":{"Escrito por":"Jeanette","Tiempo de lectura":"2 minutos"},"schema":{"@context":"https:\/\/schema.org","@graph":[{"@type":"Article","@id":"https:\/\/www.eldiario.net\/portal\/2021\/08\/28\/funcionario-de-banco-union-desfalca-mas-de-bs-700-mil-de-cuenta-privada\/#article","isPartOf":{"@id":"https:\/\/www.eldiario.net\/portal\/2021\/08\/28\/funcionario-de-banco-union-desfalca-mas-de-bs-700-mil-de-cuenta-privada\/"},"author":{"name":"Jeanette","@id":"https:\/\/www.eldiario.net\/portal\/#\/schema\/person\/2c57cf2b7a7ae032e449e4c9b1019eac"},"headline":"Funcionario de Banco Uni\u00f3n desfalca m\u00e1s de Bs 700 mil de cuenta privada","datePublished":"2021-08-28T10:47:32+00:00","mainEntityOfPage":{"@id":"https:\/\/www.eldiario.net\/portal\/2021\/08\/28\/funcionario-de-banco-union-desfalca-mas-de-bs-700-mil-de-cuenta-privada\/"},"wordCount":307,"publisher":{"@id":"https:\/\/www.eldiario.net\/portal\/#organization"},"articleSection":["Sociedad - Seguridad"],"inLanguage":"es"},{"@type":"WebPage","@id":"https:\/\/www.eldiario.net\/portal\/2021\/08\/28\/funcionario-de-banco-union-desfalca-mas-de-bs-700-mil-de-cuenta-privada\/","url":"https:\/\/www.eldiario.net\/portal\/2021\/08\/28\/funcionario-de-banco-union-desfalca-mas-de-bs-700-mil-de-cuenta-privada\/","name":"Funcionario de Banco Uni\u00f3n desfalca m\u00e1s de Bs 700 mil de cuenta privada - El Diario - Bolivia","isPartOf":{"@id":"https:\/\/www.eldiario.net\/portal\/#website"},"datePublished":"2021-08-28T10:47:32+00:00","breadcrumb":{"@id":"https:\/\/www.eldiario.net\/portal\/2021\/08\/28\/funcionario-de-banco-union-desfalca-mas-de-bs-700-mil-de-cuenta-privada\/#breadcrumb"},"inLanguage":"es","potentialAction":[{"@type":"ReadAction","target":["https:\/\/www.eldiario.net\/portal\/2021\/08\/28\/funcionario-de-banco-union-desfalca-mas-de-bs-700-mil-de-cuenta-privada\/"]}]},{"@type":"BreadcrumbList","@id":"https:\/\/www.eldiario.net\/portal\/2021\/08\/28\/funcionario-de-banco-union-desfalca-mas-de-bs-700-mil-de-cuenta-privada\/#breadcrumb","itemListElement":[{"@type":"ListItem","position":1,"name":"Portada","item":"https:\/\/www.eldiario.net\/portal\/"},{"@type":"ListItem","position":2,"name":"Funcionario de Banco Uni\u00f3n desfalca m\u00e1s de Bs 700 mil de cuenta privada"}]},{"@type":"WebSite","@id":"https:\/\/www.eldiario.net\/portal\/#website","url":"https:\/\/www.eldiario.net\/portal\/","name":"El Diario - Decano de la prensa nacional","description":"El Diario - Decano de la prensa nacional","publisher":{"@id":"https:\/\/www.eldiario.net\/portal\/#organization"},"potentialAction":[{"@type":"SearchAction","target":{"@type":"EntryPoint","urlTemplate":"https:\/\/www.eldiario.net\/portal\/?s={search_term_string}"},"query-input":{"@type":"PropertyValueSpecification","valueRequired":true,"valueName":"search_term_string"}}],"inLanguage":"es"},{"@type":"Organization","@id":"https:\/\/www.eldiario.net\/portal\/#organization","name":"El Diario - Decano de la prensa nacional","url":"https:\/\/www.eldiario.net\/portal\/","logo":{"@type":"ImageObject","inLanguage":"es","@id":"https:\/\/www.eldiario.net\/portal\/#\/schema\/logo\/image\/","url":"https:\/\/www.eldiario.net\/portal\/wp-content\/uploads\/2023\/07\/logo_ED.jpg","contentUrl":"https:\/\/www.eldiario.net\/portal\/wp-content\/uploads\/2023\/07\/logo_ED.jpg","width":272,"height":52,"caption":"El Diario - Decano de la prensa nacional"},"image":{"@id":"https:\/\/www.eldiario.net\/portal\/#\/schema\/logo\/image\/"},"sameAs":["https:\/\/www.facebook.com\/eldiario.bolivia\/","https:\/\/x.com\/eldiario_net"]},{"@type":"Person","@id":"https:\/\/www.eldiario.net\/portal\/#\/schema\/person\/2c57cf2b7a7ae032e449e4c9b1019eac","name":"Jeanette","image":{"@type":"ImageObject","inLanguage":"es","@id":"https:\/\/secure.gravatar.com\/avatar\/3ea2118a5f7dad2b7138b1187a6b7ee55f160b9968b66013c3a3ef39dd7e5798?s=96&d=mm&r=g","url":"https:\/\/secure.gravatar.com\/avatar\/3ea2118a5f7dad2b7138b1187a6b7ee55f160b9968b66013c3a3ef39dd7e5798?s=96&d=mm&r=g","contentUrl":"https:\/\/secure.gravatar.com\/avatar\/3ea2118a5f7dad2b7138b1187a6b7ee55f160b9968b66013c3a3ef39dd7e5798?s=96&d=mm&r=g","caption":"Jeanette"},"sameAs":["https:\/\/www.eldiario.net\/portal"],"url":"https:\/\/www.eldiario.net\/portal\/author\/jeanette\/"}]}},"_links":{"self":[{"href":"https:\/\/www.eldiario.net\/portal\/wp-json\/wp\/v2\/posts\/26278","targetHints":{"allow":["GET"]}}],"collection":[{"href":"https:\/\/www.eldiario.net\/portal\/wp-json\/wp\/v2\/posts"}],"about":[{"href":"https:\/\/www.eldiario.net\/portal\/wp-json\/wp\/v2\/types\/post"}],"author":[{"embeddable":true,"href":"https:\/\/www.eldiario.net\/portal\/wp-json\/wp\/v2\/users\/1"}],"replies":[{"embeddable":true,"href":"https:\/\/www.eldiario.net\/portal\/wp-json\/wp\/v2\/comments?post=26278"}],"version-history":[{"count":0,"href":"https:\/\/www.eldiario.net\/portal\/wp-json\/wp\/v2\/posts\/26278\/revisions"}],"wp:attachment":[{"href":"https:\/\/www.eldiario.net\/portal\/wp-json\/wp\/v2\/media?parent=26278"}],"wp:term":[{"taxonomy":"category","embeddable":true,"href":"https:\/\/www.eldiario.net\/portal\/wp-json\/wp\/v2\/categories?post=26278"},{"taxonomy":"post_tag","embeddable":true,"href":"https:\/\/www.eldiario.net\/portal\/wp-json\/wp\/v2\/tags?post=26278"}],"curies":[{"name":"wp","href":"https:\/\/api.w.org\/{rel}","templated":true}]}}