{"id":262746,"date":"2024-11-22T05:43:22","date_gmt":"2024-11-22T09:43:22","guid":{"rendered":"https:\/\/www.eldiario.net\/portal\/?p=262746"},"modified":"2024-11-22T05:43:22","modified_gmt":"2024-11-22T09:43:22","slug":"urge-tratamiento-del-pge-en-asamblea-legislativa","status":"publish","type":"post","link":"https:\/\/www.eldiario.net\/portal\/2024\/11\/22\/urge-tratamiento-del-pge-en-asamblea-legislativa\/","title":{"rendered":"Urge tratamiento del PGE  en Asamblea Legislativa"},"content":{"rendered":"<p>Ante una coyuntura parlamentaria centrada en la pugna \u201cmasista\u201d por la presidencia en la C\u00e1mara de Baja, el diputado por Comunidad Ciudadana (CC), Miguel Roca, asegur\u00f3 que es urgente que el Parlamento trate el Presupuesto General del Estado (PGE) para la siguiente gesti\u00f3n, con la finalidad de conocer el estado de la econom\u00eda nacional y afrontar la crisis provocada por la administraci\u00f3n \u201cmasista\u201d de las \u00faltimas d\u00e9cadas.<br \/>\nEn declaraciones a medios de prensa, Roca lament\u00f3 que las disputas en las facciones del oficialismo abarquen toda la atenci\u00f3n entre miembros de la C\u00e1mara Baja y de la propia opini\u00f3n p\u00fablica, dejando de lado el tratamiento de temas de vital importancia para el pa\u00eds y su poblaci\u00f3n, uno de estos temas tiene que ver con analizar el proyecto de Ley Financial para la siguiente gesti\u00f3n.<br \/>\n\u201cEl tema es que tenemos que discutir el presupuesto, tenemos que definir que va pasar con Bolivia y como se va afrontar esta deuda descomunal en la que nos han metido\u201d, sostuvo el legislador pace\u00f1o.<br \/>\nSobre las recientes calificaciones de \u201criesgo pa\u00eds\u201d en las que Bolivia queda muy mal posicionada con respecto al resto de pa\u00edses de la regi\u00f3n, el asamble\u00edsta de oposici\u00f3n asegur\u00f3 que este tipo de mediciones negativas son las que deben ser revertidas mediante un an\u00e1lisis responsable del Presupuesto General del Estado 2025.<br \/>\n\u201cEl presupuesto es la herramienta principal que tenemos que discutir los bolivianos, sobre c\u00f3mo vamos a salir de la crisis, si vamos a seguir con la subvenci\u00f3n o no, si vamos a liberar la importaci\u00f3n de carburantes o no\u201d, indic\u00f3 Roca.<br \/>\nPor lo se\u00f1alado, reiter\u00f3 que los bolivianos, mediante su representaci\u00f3n en la ALP, deben tener la capacidad de poder debatir el PGE y que este tratamiento logre acordar la forma en que se va cambiar y revertir la crisis profunda por la que atraviesa el pa\u00eds.<br \/>\nEn enero de este a\u00f1o, mediante la promulgaci\u00f3n de los Decretos Supremos No. 5094 y No. 5095, el PGE 2024 entr\u00f3 en vigencia en cumplimiento a la Constituci\u00f3n Pol\u00edtica del Estado (CPE) que, en su art\u00edculo 158, numeral 11, establece que es atribuci\u00f3n de la ALP: \u201cAprobar el Presupuesto General del Estado presentado por el \u00d3rgano Ejecutivo. Recibido el proyecto de ley, \u00e9ste deber\u00e1 ser considerado en la ALP dentro del t\u00e9rmino de sesenta d\u00edas. En caso de no ser aprobado en este plazo, el proyecto se dar\u00e1 por aprobado\u201d.<br \/>\nPreviamente, en diciembre de 2023, la C\u00e1mara de Senadores hab\u00eda observado tres art\u00edculos del proyecto, devolvi\u00e9ndolo a la C\u00e1mara Baja para su revisi\u00f3n, luego, pese al rechazo del pleno de la ALP, David Choquehuanca dispuso entrar en Receso Legislativo de fin de a\u00f1o, dejando pendiente su tratamiento.<\/p>\n","protected":false},"excerpt":{"rendered":"<p>Ante una coyuntura parlamentaria centrada en la pugna \u201cmasista\u201d por la presidencia en la C\u00e1mara de Baja, el diputado por Comunidad Ciudadana (CC), Miguel Roca, asegur\u00f3 que es urgente que el Parlamento trate el Presupuesto General del Estado (PGE) para la siguiente gesti\u00f3n, con la finalidad de conocer el estado de la econom\u00eda nacional y [&hellip;]<\/p>\n","protected":false},"author":1,"featured_media":262747,"comment_status":"closed","ping_status":"open","sticky":false,"template":"","format":"standard","meta":{"_acf_changed":false,"footnotes":""},"categories":[14],"tags":[],"class_list":["post-262746","post","type-post","status-publish","format-standard","has-post-thumbnail","category-politica"],"acf":{"antetitulo":"Diputado Roca:"},"yoast_head":"<!-- This site is optimized with the Yoast SEO plugin v28.3 - https:\/\/yoast.com\/product\/yoast-seo-wordpress\/ -->\n<title>Urge tratamiento del PGE en Asamblea Legislativa - El Diario - Bolivia<\/title>\n<meta name=\"robots\" content=\"index, follow, max-snippet:-1, max-image-preview:large, max-video-preview:-1\" \/>\n<link rel=\"canonical\" href=\"https:\/\/www.eldiario.net\/portal\/2024\/11\/22\/urge-tratamiento-del-pge-en-asamblea-legislativa\/\" \/>\n<meta property=\"og:locale\" content=\"es_ES\" \/>\n<meta property=\"og:type\" content=\"article\" \/>\n<meta property=\"og:title\" content=\"Urge tratamiento del PGE en Asamblea Legislativa - El Diario - Bolivia\" \/>\n<meta property=\"og:description\" content=\"Ante una coyuntura parlamentaria centrada en la pugna \u201cmasista\u201d por la presidencia en la C\u00e1mara de Baja, el diputado por Comunidad Ciudadana (CC), Miguel Roca, asegur\u00f3 que es urgente que el Parlamento trate el Presupuesto General del Estado (PGE) para la siguiente gesti\u00f3n, con la finalidad de conocer el estado de la econom\u00eda nacional y [&hellip;]\" \/>\n<meta property=\"og:url\" content=\"https:\/\/www.eldiario.net\/portal\/2024\/11\/22\/urge-tratamiento-del-pge-en-asamblea-legislativa\/\" \/>\n<meta property=\"og:site_name\" content=\"El Diario - Bolivia\" \/>\n<meta property=\"article:publisher\" content=\"https:\/\/www.facebook.com\/eldiario.bolivia\/\" \/>\n<meta property=\"article:published_time\" content=\"2024-11-22T09:43:22+00:00\" \/>\n<meta property=\"og:image\" content=\"https:\/\/www.eldiario.net\/portal\/wp-content\/uploads\/2024\/11\/PGE-ROCA.jpg\" \/>\n\t<meta property=\"og:image:width\" content=\"1579\" \/>\n\t<meta property=\"og:image:height\" content=\"1080\" \/>\n\t<meta property=\"og:image:type\" content=\"image\/jpeg\" \/>\n<meta name=\"author\" content=\"Jeanette\" \/>\n<meta name=\"twitter:card\" content=\"summary_large_image\" \/>\n<meta name=\"twitter:creator\" content=\"@eldiario_net\" \/>\n<meta name=\"twitter:site\" content=\"@eldiario_net\" \/>\n<meta name=\"twitter:label1\" content=\"Escrito por\" \/>\n\t<meta name=\"twitter:data1\" content=\"Jeanette\" \/>\n\t<meta name=\"twitter:label2\" content=\"Tiempo de lectura\" \/>\n\t<meta name=\"twitter:data2\" content=\"3 minutos\" \/>\n<script type=\"application\/ld+json\" class=\"yoast-schema-graph\">{\"@context\":\"https:\\\/\\\/schema.org\",\"@graph\":[{\"@type\":\"Article\",\"@id\":\"https:\\\/\\\/www.eldiario.net\\\/portal\\\/2024\\\/11\\\/22\\\/urge-tratamiento-del-pge-en-asamblea-legislativa\\\/#article\",\"isPartOf\":{\"@id\":\"https:\\\/\\\/www.eldiario.net\\\/portal\\\/2024\\\/11\\\/22\\\/urge-tratamiento-del-pge-en-asamblea-legislativa\\\/\"},\"author\":{\"name\":\"Jeanette\",\"@id\":\"https:\\\/\\\/www.eldiario.net\\\/portal\\\/#\\\/schema\\\/person\\\/f46445640444750d7d753ccd04ae01b7\"},\"headline\":\"Urge tratamiento del PGE en Asamblea Legislativa\",\"datePublished\":\"2024-11-22T09:43:22+00:00\",\"mainEntityOfPage\":{\"@id\":\"https:\\\/\\\/www.eldiario.net\\\/portal\\\/2024\\\/11\\\/22\\\/urge-tratamiento-del-pge-en-asamblea-legislativa\\\/\"},\"wordCount\":483,\"publisher\":{\"@id\":\"https:\\\/\\\/www.eldiario.net\\\/portal\\\/#organization\"},\"image\":{\"@id\":\"https:\\\/\\\/www.eldiario.net\\\/portal\\\/2024\\\/11\\\/22\\\/urge-tratamiento-del-pge-en-asamblea-legislativa\\\/#primaryimage\"},\"thumbnailUrl\":\"https:\\\/\\\/www.eldiario.net\\\/portal\\\/wp-content\\\/uploads\\\/2024\\\/11\\\/PGE-ROCA.jpg\",\"articleSection\":[\"Pol\u00edtica\"],\"inLanguage\":\"es\"},{\"@type\":\"WebPage\",\"@id\":\"https:\\\/\\\/www.eldiario.net\\\/portal\\\/2024\\\/11\\\/22\\\/urge-tratamiento-del-pge-en-asamblea-legislativa\\\/\",\"url\":\"https:\\\/\\\/www.eldiario.net\\\/portal\\\/2024\\\/11\\\/22\\\/urge-tratamiento-del-pge-en-asamblea-legislativa\\\/\",\"name\":\"Urge tratamiento del PGE en Asamblea Legislativa - El Diario - Bolivia\",\"isPartOf\":{\"@id\":\"https:\\\/\\\/www.eldiario.net\\\/portal\\\/#website\"},\"primaryImageOfPage\":{\"@id\":\"https:\\\/\\\/www.eldiario.net\\\/portal\\\/2024\\\/11\\\/22\\\/urge-tratamiento-del-pge-en-asamblea-legislativa\\\/#primaryimage\"},\"image\":{\"@id\":\"https:\\\/\\\/www.eldiario.net\\\/portal\\\/2024\\\/11\\\/22\\\/urge-tratamiento-del-pge-en-asamblea-legislativa\\\/#primaryimage\"},\"thumbnailUrl\":\"https:\\\/\\\/www.eldiario.net\\\/portal\\\/wp-content\\\/uploads\\\/2024\\\/11\\\/PGE-ROCA.jpg\",\"datePublished\":\"2024-11-22T09:43:22+00:00\",\"breadcrumb\":{\"@id\":\"https:\\\/\\\/www.eldiario.net\\\/portal\\\/2024\\\/11\\\/22\\\/urge-tratamiento-del-pge-en-asamblea-legislativa\\\/#breadcrumb\"},\"inLanguage\":\"es\",\"potentialAction\":[{\"@type\":\"ReadAction\",\"target\":[\"https:\\\/\\\/www.eldiario.net\\\/portal\\\/2024\\\/11\\\/22\\\/urge-tratamiento-del-pge-en-asamblea-legislativa\\\/\"]}]},{\"@type\":\"ImageObject\",\"inLanguage\":\"es\",\"@id\":\"https:\\\/\\\/www.eldiario.net\\\/portal\\\/2024\\\/11\\\/22\\\/urge-tratamiento-del-pge-en-asamblea-legislativa\\\/#primaryimage\",\"url\":\"https:\\\/\\\/www.eldiario.net\\\/portal\\\/wp-content\\\/uploads\\\/2024\\\/11\\\/PGE-ROCA.jpg\",\"contentUrl\":\"https:\\\/\\\/www.eldiario.net\\\/portal\\\/wp-content\\\/uploads\\\/2024\\\/11\\\/PGE-ROCA.jpg\",\"width\":1579,\"height\":1080,\"caption\":\"Diputado Miguel Roca (CC).\"},{\"@type\":\"BreadcrumbList\",\"@id\":\"https:\\\/\\\/www.eldiario.net\\\/portal\\\/2024\\\/11\\\/22\\\/urge-tratamiento-del-pge-en-asamblea-legislativa\\\/#breadcrumb\",\"itemListElement\":[{\"@type\":\"ListItem\",\"position\":1,\"name\":\"Portada\",\"item\":\"https:\\\/\\\/www.eldiario.net\\\/portal\\\/\"},{\"@type\":\"ListItem\",\"position\":2,\"name\":\"Urge tratamiento del PGE en Asamblea Legislativa\"}]},{\"@type\":\"WebSite\",\"@id\":\"https:\\\/\\\/www.eldiario.net\\\/portal\\\/#website\",\"url\":\"https:\\\/\\\/www.eldiario.net\\\/portal\\\/\",\"name\":\"El Diario - Decano de la prensa nacional\",\"description\":\"El Diario - Decano de la prensa nacional\",\"publisher\":{\"@id\":\"https:\\\/\\\/www.eldiario.net\\\/portal\\\/#organization\"},\"potentialAction\":[{\"@type\":\"SearchAction\",\"target\":{\"@type\":\"EntryPoint\",\"urlTemplate\":\"https:\\\/\\\/www.eldiario.net\\\/portal\\\/?s={search_term_string}\"},\"query-input\":{\"@type\":\"PropertyValueSpecification\",\"valueRequired\":true,\"valueName\":\"search_term_string\"}}],\"inLanguage\":\"es\"},{\"@type\":\"Organization\",\"@id\":\"https:\\\/\\\/www.eldiario.net\\\/portal\\\/#organization\",\"name\":\"El Diario - Decano de la prensa nacional\",\"url\":\"https:\\\/\\\/www.eldiario.net\\\/portal\\\/\",\"logo\":{\"@type\":\"ImageObject\",\"inLanguage\":\"es\",\"@id\":\"https:\\\/\\\/www.eldiario.net\\\/portal\\\/#\\\/schema\\\/logo\\\/image\\\/\",\"url\":\"https:\\\/\\\/www.eldiario.net\\\/portal\\\/wp-content\\\/uploads\\\/2023\\\/07\\\/logo_ED.jpg\",\"contentUrl\":\"https:\\\/\\\/www.eldiario.net\\\/portal\\\/wp-content\\\/uploads\\\/2023\\\/07\\\/logo_ED.jpg\",\"width\":272,\"height\":52,\"caption\":\"El Diario - Decano de la prensa nacional\"},\"image\":{\"@id\":\"https:\\\/\\\/www.eldiario.net\\\/portal\\\/#\\\/schema\\\/logo\\\/image\\\/\"},\"sameAs\":[\"https:\\\/\\\/www.facebook.com\\\/eldiario.bolivia\\\/\",\"https:\\\/\\\/x.com\\\/eldiario_net\"]},{\"@type\":\"Person\",\"@id\":\"https:\\\/\\\/www.eldiario.net\\\/portal\\\/#\\\/schema\\\/person\\\/f46445640444750d7d753ccd04ae01b7\",\"name\":\"Jeanette\",\"image\":{\"@type\":\"ImageObject\",\"inLanguage\":\"es\",\"@id\":\"https:\\\/\\\/secure.gravatar.com\\\/avatar\\\/3ea2118a5f7dad2b7138b1187a6b7ee55f160b9968b66013c3a3ef39dd7e5798?s=96&d=mm&r=g\",\"url\":\"https:\\\/\\\/secure.gravatar.com\\\/avatar\\\/3ea2118a5f7dad2b7138b1187a6b7ee55f160b9968b66013c3a3ef39dd7e5798?s=96&d=mm&r=g\",\"contentUrl\":\"https:\\\/\\\/secure.gravatar.com\\\/avatar\\\/3ea2118a5f7dad2b7138b1187a6b7ee55f160b9968b66013c3a3ef39dd7e5798?s=96&d=mm&r=g\",\"caption\":\"Jeanette\"},\"sameAs\":[\"https:\\\/\\\/www.eldiario.net\\\/portal\"],\"url\":\"https:\\\/\\\/www.eldiario.net\\\/portal\\\/author\\\/jeanette\\\/\"}]}<\/script>\n<!-- \/ Yoast SEO plugin. -->","yoast_head_json":{"title":"Urge tratamiento del PGE en Asamblea Legislativa - El Diario - Bolivia","robots":{"index":"index","follow":"follow","max-snippet":"max-snippet:-1","max-image-preview":"max-image-preview:large","max-video-preview":"max-video-preview:-1"},"canonical":"https:\/\/www.eldiario.net\/portal\/2024\/11\/22\/urge-tratamiento-del-pge-en-asamblea-legislativa\/","og_locale":"es_ES","og_type":"article","og_title":"Urge tratamiento del PGE en Asamblea Legislativa - El Diario - Bolivia","og_description":"Ante una coyuntura parlamentaria centrada en la pugna \u201cmasista\u201d por la presidencia en la C\u00e1mara de Baja, el diputado por Comunidad Ciudadana (CC), Miguel Roca, asegur\u00f3 que es urgente que el Parlamento trate el Presupuesto General del Estado (PGE) para la siguiente gesti\u00f3n, con la finalidad de conocer el estado de la econom\u00eda nacional y [&hellip;]","og_url":"https:\/\/www.eldiario.net\/portal\/2024\/11\/22\/urge-tratamiento-del-pge-en-asamblea-legislativa\/","og_site_name":"El Diario - Bolivia","article_publisher":"https:\/\/www.facebook.com\/eldiario.bolivia\/","article_published_time":"2024-11-22T09:43:22+00:00","og_image":[{"width":1579,"height":1080,"url":"https:\/\/www.eldiario.net\/portal\/wp-content\/uploads\/2024\/11\/PGE-ROCA.jpg","type":"image\/jpeg"}],"author":"Jeanette","twitter_card":"summary_large_image","twitter_creator":"@eldiario_net","twitter_site":"@eldiario_net","twitter_misc":{"Escrito por":"Jeanette","Tiempo de lectura":"3 minutos"},"schema":{"@context":"https:\/\/schema.org","@graph":[{"@type":"Article","@id":"https:\/\/www.eldiario.net\/portal\/2024\/11\/22\/urge-tratamiento-del-pge-en-asamblea-legislativa\/#article","isPartOf":{"@id":"https:\/\/www.eldiario.net\/portal\/2024\/11\/22\/urge-tratamiento-del-pge-en-asamblea-legislativa\/"},"author":{"name":"Jeanette","@id":"https:\/\/www.eldiario.net\/portal\/#\/schema\/person\/f46445640444750d7d753ccd04ae01b7"},"headline":"Urge tratamiento del PGE en Asamblea Legislativa","datePublished":"2024-11-22T09:43:22+00:00","mainEntityOfPage":{"@id":"https:\/\/www.eldiario.net\/portal\/2024\/11\/22\/urge-tratamiento-del-pge-en-asamblea-legislativa\/"},"wordCount":483,"publisher":{"@id":"https:\/\/www.eldiario.net\/portal\/#organization"},"image":{"@id":"https:\/\/www.eldiario.net\/portal\/2024\/11\/22\/urge-tratamiento-del-pge-en-asamblea-legislativa\/#primaryimage"},"thumbnailUrl":"https:\/\/www.eldiario.net\/portal\/wp-content\/uploads\/2024\/11\/PGE-ROCA.jpg","articleSection":["Pol\u00edtica"],"inLanguage":"es"},{"@type":"WebPage","@id":"https:\/\/www.eldiario.net\/portal\/2024\/11\/22\/urge-tratamiento-del-pge-en-asamblea-legislativa\/","url":"https:\/\/www.eldiario.net\/portal\/2024\/11\/22\/urge-tratamiento-del-pge-en-asamblea-legislativa\/","name":"Urge tratamiento del PGE en Asamblea Legislativa - El Diario - Bolivia","isPartOf":{"@id":"https:\/\/www.eldiario.net\/portal\/#website"},"primaryImageOfPage":{"@id":"https:\/\/www.eldiario.net\/portal\/2024\/11\/22\/urge-tratamiento-del-pge-en-asamblea-legislativa\/#primaryimage"},"image":{"@id":"https:\/\/www.eldiario.net\/portal\/2024\/11\/22\/urge-tratamiento-del-pge-en-asamblea-legislativa\/#primaryimage"},"thumbnailUrl":"https:\/\/www.eldiario.net\/portal\/wp-content\/uploads\/2024\/11\/PGE-ROCA.jpg","datePublished":"2024-11-22T09:43:22+00:00","breadcrumb":{"@id":"https:\/\/www.eldiario.net\/portal\/2024\/11\/22\/urge-tratamiento-del-pge-en-asamblea-legislativa\/#breadcrumb"},"inLanguage":"es","potentialAction":[{"@type":"ReadAction","target":["https:\/\/www.eldiario.net\/portal\/2024\/11\/22\/urge-tratamiento-del-pge-en-asamblea-legislativa\/"]}]},{"@type":"ImageObject","inLanguage":"es","@id":"https:\/\/www.eldiario.net\/portal\/2024\/11\/22\/urge-tratamiento-del-pge-en-asamblea-legislativa\/#primaryimage","url":"https:\/\/www.eldiario.net\/portal\/wp-content\/uploads\/2024\/11\/PGE-ROCA.jpg","contentUrl":"https:\/\/www.eldiario.net\/portal\/wp-content\/uploads\/2024\/11\/PGE-ROCA.jpg","width":1579,"height":1080,"caption":"Diputado Miguel Roca (CC)."},{"@type":"BreadcrumbList","@id":"https:\/\/www.eldiario.net\/portal\/2024\/11\/22\/urge-tratamiento-del-pge-en-asamblea-legislativa\/#breadcrumb","itemListElement":[{"@type":"ListItem","position":1,"name":"Portada","item":"https:\/\/www.eldiario.net\/portal\/"},{"@type":"ListItem","position":2,"name":"Urge tratamiento del PGE en Asamblea Legislativa"}]},{"@type":"WebSite","@id":"https:\/\/www.eldiario.net\/portal\/#website","url":"https:\/\/www.eldiario.net\/portal\/","name":"El Diario - Decano de la prensa nacional","description":"El Diario - Decano de la prensa nacional","publisher":{"@id":"https:\/\/www.eldiario.net\/portal\/#organization"},"potentialAction":[{"@type":"SearchAction","target":{"@type":"EntryPoint","urlTemplate":"https:\/\/www.eldiario.net\/portal\/?s={search_term_string}"},"query-input":{"@type":"PropertyValueSpecification","valueRequired":true,"valueName":"search_term_string"}}],"inLanguage":"es"},{"@type":"Organization","@id":"https:\/\/www.eldiario.net\/portal\/#organization","name":"El Diario - Decano de la prensa nacional","url":"https:\/\/www.eldiario.net\/portal\/","logo":{"@type":"ImageObject","inLanguage":"es","@id":"https:\/\/www.eldiario.net\/portal\/#\/schema\/logo\/image\/","url":"https:\/\/www.eldiario.net\/portal\/wp-content\/uploads\/2023\/07\/logo_ED.jpg","contentUrl":"https:\/\/www.eldiario.net\/portal\/wp-content\/uploads\/2023\/07\/logo_ED.jpg","width":272,"height":52,"caption":"El Diario - Decano de la prensa nacional"},"image":{"@id":"https:\/\/www.eldiario.net\/portal\/#\/schema\/logo\/image\/"},"sameAs":["https:\/\/www.facebook.com\/eldiario.bolivia\/","https:\/\/x.com\/eldiario_net"]},{"@type":"Person","@id":"https:\/\/www.eldiario.net\/portal\/#\/schema\/person\/f46445640444750d7d753ccd04ae01b7","name":"Jeanette","image":{"@type":"ImageObject","inLanguage":"es","@id":"https:\/\/secure.gravatar.com\/avatar\/3ea2118a5f7dad2b7138b1187a6b7ee55f160b9968b66013c3a3ef39dd7e5798?s=96&d=mm&r=g","url":"https:\/\/secure.gravatar.com\/avatar\/3ea2118a5f7dad2b7138b1187a6b7ee55f160b9968b66013c3a3ef39dd7e5798?s=96&d=mm&r=g","contentUrl":"https:\/\/secure.gravatar.com\/avatar\/3ea2118a5f7dad2b7138b1187a6b7ee55f160b9968b66013c3a3ef39dd7e5798?s=96&d=mm&r=g","caption":"Jeanette"},"sameAs":["https:\/\/www.eldiario.net\/portal"],"url":"https:\/\/www.eldiario.net\/portal\/author\/jeanette\/"}]}},"_links":{"self":[{"href":"https:\/\/www.eldiario.net\/portal\/wp-json\/wp\/v2\/posts\/262746","targetHints":{"allow":["GET"]}}],"collection":[{"href":"https:\/\/www.eldiario.net\/portal\/wp-json\/wp\/v2\/posts"}],"about":[{"href":"https:\/\/www.eldiario.net\/portal\/wp-json\/wp\/v2\/types\/post"}],"author":[{"embeddable":true,"href":"https:\/\/www.eldiario.net\/portal\/wp-json\/wp\/v2\/users\/1"}],"replies":[{"embeddable":true,"href":"https:\/\/www.eldiario.net\/portal\/wp-json\/wp\/v2\/comments?post=262746"}],"version-history":[{"count":1,"href":"https:\/\/www.eldiario.net\/portal\/wp-json\/wp\/v2\/posts\/262746\/revisions"}],"predecessor-version":[{"id":262748,"href":"https:\/\/www.eldiario.net\/portal\/wp-json\/wp\/v2\/posts\/262746\/revisions\/262748"}],"wp:featuredmedia":[{"embeddable":true,"href":"https:\/\/www.eldiario.net\/portal\/wp-json\/wp\/v2\/media\/262747"}],"wp:attachment":[{"href":"https:\/\/www.eldiario.net\/portal\/wp-json\/wp\/v2\/media?parent=262746"}],"wp:term":[{"taxonomy":"category","embeddable":true,"href":"https:\/\/www.eldiario.net\/portal\/wp-json\/wp\/v2\/categories?post=262746"},{"taxonomy":"post_tag","embeddable":true,"href":"https:\/\/www.eldiario.net\/portal\/wp-json\/wp\/v2\/tags?post=262746"}],"curies":[{"name":"wp","href":"https:\/\/api.w.org\/{rel}","templated":true}]}}