{"id":262744,"date":"2024-11-22T05:42:34","date_gmt":"2024-11-22T09:42:34","guid":{"rendered":"https:\/\/www.eldiario.net\/portal\/?p=262744"},"modified":"2024-11-22T05:42:34","modified_gmt":"2024-11-22T09:42:34","slug":"presentan-proyecto-de-ley-de-emergencia-sismica","status":"publish","type":"post","link":"https:\/\/www.eldiario.net\/portal\/2024\/11\/22\/presentan-proyecto-de-ley-de-emergencia-sismica\/","title":{"rendered":"Presentan proyecto de ley de \u201cemergencia s\u00edsmica\u201d"},"content":{"rendered":"<p>A tiempo de asegurar que se debe trabajar con responsabilidad ante la posibilidad de un evento s\u00edsmico en el territorio nacional, el senador por Comunidad Ciudadana (CC), Santiago Ticona, anunci\u00f3 la presentaci\u00f3n del Proyecto de Ley \u201cde Emergencia S\u00edsmica\u201d en el que se plantea regular la preparaci\u00f3n, reacci\u00f3n y respuesta ante un fen\u00f3meno de estas caracter\u00edsticas en el pa\u00eds.<br \/>\n\u201cTenemos que ser conscientes de que, como pa\u00eds, hemos vivido este tema en poblaciones como Aiquile o en la ciudad de Sucre, lamentablemente a nivel internacional se est\u00e1 dando constantemente este tipo de problemas\u201d, manifest\u00f3 Ticona.<br \/>\nSeg\u00fan el legislador, representante de la capital del Estado, es preciso que la poblaci\u00f3n cuente con la capacitaci\u00f3n y los insumos necesarios para estar preparada ante una eventualidad como un sismo o un terremoto, asimismo se cuente con una regulaci\u00f3n que defina los lineamientos a seguir despu\u00e9s de un desastre de estas caracter\u00edsticas.<br \/>\n\u201cLo que se quiere es que el pueblo boliviano est\u00e9 preparado y tengamos la capacidad de tener una reacci\u00f3n inmediata en caso de este tipo de fen\u00f3menos. Este proyecto puede aportar tambi\u00e9n en los procesos de reconstrucci\u00f3n facilitando las herramientas necesarias, esa es la finalidad de esta iniciativa\u201d, sostuvo.<br \/>\nTicona agreg\u00f3 que tambi\u00e9n se busca facilitar a los gobiernos subnacionales la generaci\u00f3n de convenios con organismos especializados en educaci\u00f3n y preparaci\u00f3n de la poblaci\u00f3n ante este tipo de desastres, adem\u00e1s de los controles para la respectiva verificaci\u00f3n de construcciones, seg\u00fan lo establecido en las normativas s\u00edsmicas a nivel nacional e internacional, \u201cpara poder estar preparados\u201d.<br \/>\nEn ese contexto, el parlamentario de oposici\u00f3n pidi\u00f3 que esta iniciativa sea considerada lo antes posible por las c\u00e1maras legislativas y que autoridades del \u00d3rgano Ejecutivo no pongan trabas a su posible aprobaci\u00f3n.<br \/>\n\u201cOjal\u00e1 que el Gobierno no ponga obst\u00e1culos, deje de pelear haciendo shows medi\u00e1ticos y se ponga a trabajar por el pueblo boliviano. El tema de los sismos es un problema real y el pueblo boliviano debe estar preparado, es en esa l\u00ednea que estamos presentando este proyecto de ley\u201d, concluy\u00f3.<\/p>\n","protected":false},"excerpt":{"rendered":"<p>A tiempo de asegurar que se debe trabajar con responsabilidad ante la posibilidad de un evento s\u00edsmico en el territorio nacional, el senador por Comunidad Ciudadana (CC), Santiago Ticona, anunci\u00f3 la presentaci\u00f3n del Proyecto de Ley \u201cde Emergencia S\u00edsmica\u201d en el que se plantea regular la preparaci\u00f3n, reacci\u00f3n y respuesta ante un fen\u00f3meno de estas [&hellip;]<\/p>\n","protected":false},"author":1,"featured_media":194754,"comment_status":"closed","ping_status":"open","sticky":false,"template":"","format":"standard","meta":{"_acf_changed":false,"footnotes":""},"categories":[14],"tags":[],"class_list":["post-262744","post","type-post","status-publish","format-standard","has-post-thumbnail","category-politica"],"acf":{"antetitulo":""},"yoast_head":"<!-- This site is optimized with the Yoast SEO plugin v28.3 - https:\/\/yoast.com\/product\/yoast-seo-wordpress\/ -->\n<title>Presentan proyecto de ley de \u201cemergencia s\u00edsmica\u201d - El Diario - Bolivia<\/title>\n<meta name=\"robots\" content=\"index, follow, max-snippet:-1, max-image-preview:large, max-video-preview:-1\" \/>\n<link rel=\"canonical\" href=\"https:\/\/www.eldiario.net\/portal\/2024\/11\/22\/presentan-proyecto-de-ley-de-emergencia-sismica\/\" \/>\n<meta property=\"og:locale\" content=\"es_ES\" \/>\n<meta property=\"og:type\" content=\"article\" \/>\n<meta property=\"og:title\" content=\"Presentan proyecto de ley de \u201cemergencia s\u00edsmica\u201d - El Diario - Bolivia\" \/>\n<meta property=\"og:description\" content=\"A tiempo de asegurar que se debe trabajar con responsabilidad ante la posibilidad de un evento s\u00edsmico en el territorio nacional, el senador por Comunidad Ciudadana (CC), Santiago Ticona, anunci\u00f3 la presentaci\u00f3n del Proyecto de Ley \u201cde Emergencia S\u00edsmica\u201d en el que se plantea regular la preparaci\u00f3n, reacci\u00f3n y respuesta ante un fen\u00f3meno de estas [&hellip;]\" \/>\n<meta property=\"og:url\" content=\"https:\/\/www.eldiario.net\/portal\/2024\/11\/22\/presentan-proyecto-de-ley-de-emergencia-sismica\/\" \/>\n<meta property=\"og:site_name\" content=\"El Diario - Bolivia\" \/>\n<meta property=\"article:publisher\" content=\"https:\/\/www.facebook.com\/eldiario.bolivia\/\" \/>\n<meta property=\"article:published_time\" content=\"2024-11-22T09:42:34+00:00\" \/>\n<meta property=\"og:image\" content=\"https:\/\/www.eldiario.net\/portal\/wp-content\/uploads\/2023\/12\/Politica.jpg\" \/>\n\t<meta property=\"og:image:width\" content=\"800\" \/>\n\t<meta property=\"og:image:height\" content=\"500\" \/>\n\t<meta property=\"og:image:type\" content=\"image\/jpeg\" \/>\n<meta name=\"author\" content=\"Jeanette\" \/>\n<meta name=\"twitter:card\" content=\"summary_large_image\" \/>\n<meta name=\"twitter:creator\" content=\"@eldiario_net\" \/>\n<meta name=\"twitter:site\" content=\"@eldiario_net\" \/>\n<meta name=\"twitter:label1\" content=\"Escrito por\" \/>\n\t<meta name=\"twitter:data1\" content=\"Jeanette\" \/>\n\t<meta name=\"twitter:label2\" content=\"Tiempo de lectura\" \/>\n\t<meta name=\"twitter:data2\" content=\"2 minutos\" \/>\n<script type=\"application\/ld+json\" class=\"yoast-schema-graph\">{\"@context\":\"https:\\\/\\\/schema.org\",\"@graph\":[{\"@type\":\"Article\",\"@id\":\"https:\\\/\\\/www.eldiario.net\\\/portal\\\/2024\\\/11\\\/22\\\/presentan-proyecto-de-ley-de-emergencia-sismica\\\/#article\",\"isPartOf\":{\"@id\":\"https:\\\/\\\/www.eldiario.net\\\/portal\\\/2024\\\/11\\\/22\\\/presentan-proyecto-de-ley-de-emergencia-sismica\\\/\"},\"author\":{\"name\":\"Jeanette\",\"@id\":\"https:\\\/\\\/www.eldiario.net\\\/portal\\\/#\\\/schema\\\/person\\\/f46445640444750d7d753ccd04ae01b7\"},\"headline\":\"Presentan proyecto de ley de \u201cemergencia s\u00edsmica\u201d\",\"datePublished\":\"2024-11-22T09:42:34+00:00\",\"mainEntityOfPage\":{\"@id\":\"https:\\\/\\\/www.eldiario.net\\\/portal\\\/2024\\\/11\\\/22\\\/presentan-proyecto-de-ley-de-emergencia-sismica\\\/\"},\"wordCount\":378,\"publisher\":{\"@id\":\"https:\\\/\\\/www.eldiario.net\\\/portal\\\/#organization\"},\"image\":{\"@id\":\"https:\\\/\\\/www.eldiario.net\\\/portal\\\/2024\\\/11\\\/22\\\/presentan-proyecto-de-ley-de-emergencia-sismica\\\/#primaryimage\"},\"thumbnailUrl\":\"https:\\\/\\\/www.eldiario.net\\\/portal\\\/wp-content\\\/uploads\\\/2023\\\/12\\\/Politica.jpg\",\"articleSection\":[\"Pol\u00edtica\"],\"inLanguage\":\"es\"},{\"@type\":\"WebPage\",\"@id\":\"https:\\\/\\\/www.eldiario.net\\\/portal\\\/2024\\\/11\\\/22\\\/presentan-proyecto-de-ley-de-emergencia-sismica\\\/\",\"url\":\"https:\\\/\\\/www.eldiario.net\\\/portal\\\/2024\\\/11\\\/22\\\/presentan-proyecto-de-ley-de-emergencia-sismica\\\/\",\"name\":\"Presentan proyecto de ley de \u201cemergencia s\u00edsmica\u201d - El Diario - Bolivia\",\"isPartOf\":{\"@id\":\"https:\\\/\\\/www.eldiario.net\\\/portal\\\/#website\"},\"primaryImageOfPage\":{\"@id\":\"https:\\\/\\\/www.eldiario.net\\\/portal\\\/2024\\\/11\\\/22\\\/presentan-proyecto-de-ley-de-emergencia-sismica\\\/#primaryimage\"},\"image\":{\"@id\":\"https:\\\/\\\/www.eldiario.net\\\/portal\\\/2024\\\/11\\\/22\\\/presentan-proyecto-de-ley-de-emergencia-sismica\\\/#primaryimage\"},\"thumbnailUrl\":\"https:\\\/\\\/www.eldiario.net\\\/portal\\\/wp-content\\\/uploads\\\/2023\\\/12\\\/Politica.jpg\",\"datePublished\":\"2024-11-22T09:42:34+00:00\",\"breadcrumb\":{\"@id\":\"https:\\\/\\\/www.eldiario.net\\\/portal\\\/2024\\\/11\\\/22\\\/presentan-proyecto-de-ley-de-emergencia-sismica\\\/#breadcrumb\"},\"inLanguage\":\"es\",\"potentialAction\":[{\"@type\":\"ReadAction\",\"target\":[\"https:\\\/\\\/www.eldiario.net\\\/portal\\\/2024\\\/11\\\/22\\\/presentan-proyecto-de-ley-de-emergencia-sismica\\\/\"]}]},{\"@type\":\"ImageObject\",\"inLanguage\":\"es\",\"@id\":\"https:\\\/\\\/www.eldiario.net\\\/portal\\\/2024\\\/11\\\/22\\\/presentan-proyecto-de-ley-de-emergencia-sismica\\\/#primaryimage\",\"url\":\"https:\\\/\\\/www.eldiario.net\\\/portal\\\/wp-content\\\/uploads\\\/2023\\\/12\\\/Politica.jpg\",\"contentUrl\":\"https:\\\/\\\/www.eldiario.net\\\/portal\\\/wp-content\\\/uploads\\\/2023\\\/12\\\/Politica.jpg\",\"width\":800,\"height\":500},{\"@type\":\"BreadcrumbList\",\"@id\":\"https:\\\/\\\/www.eldiario.net\\\/portal\\\/2024\\\/11\\\/22\\\/presentan-proyecto-de-ley-de-emergencia-sismica\\\/#breadcrumb\",\"itemListElement\":[{\"@type\":\"ListItem\",\"position\":1,\"name\":\"Portada\",\"item\":\"https:\\\/\\\/www.eldiario.net\\\/portal\\\/\"},{\"@type\":\"ListItem\",\"position\":2,\"name\":\"Presentan proyecto de ley de \u201cemergencia s\u00edsmica\u201d\"}]},{\"@type\":\"WebSite\",\"@id\":\"https:\\\/\\\/www.eldiario.net\\\/portal\\\/#website\",\"url\":\"https:\\\/\\\/www.eldiario.net\\\/portal\\\/\",\"name\":\"El Diario - Decano de la prensa nacional\",\"description\":\"El Diario - Decano de la prensa nacional\",\"publisher\":{\"@id\":\"https:\\\/\\\/www.eldiario.net\\\/portal\\\/#organization\"},\"potentialAction\":[{\"@type\":\"SearchAction\",\"target\":{\"@type\":\"EntryPoint\",\"urlTemplate\":\"https:\\\/\\\/www.eldiario.net\\\/portal\\\/?s={search_term_string}\"},\"query-input\":{\"@type\":\"PropertyValueSpecification\",\"valueRequired\":true,\"valueName\":\"search_term_string\"}}],\"inLanguage\":\"es\"},{\"@type\":\"Organization\",\"@id\":\"https:\\\/\\\/www.eldiario.net\\\/portal\\\/#organization\",\"name\":\"El Diario - Decano de la prensa nacional\",\"url\":\"https:\\\/\\\/www.eldiario.net\\\/portal\\\/\",\"logo\":{\"@type\":\"ImageObject\",\"inLanguage\":\"es\",\"@id\":\"https:\\\/\\\/www.eldiario.net\\\/portal\\\/#\\\/schema\\\/logo\\\/image\\\/\",\"url\":\"https:\\\/\\\/www.eldiario.net\\\/portal\\\/wp-content\\\/uploads\\\/2023\\\/07\\\/logo_ED.jpg\",\"contentUrl\":\"https:\\\/\\\/www.eldiario.net\\\/portal\\\/wp-content\\\/uploads\\\/2023\\\/07\\\/logo_ED.jpg\",\"width\":272,\"height\":52,\"caption\":\"El Diario - Decano de la prensa nacional\"},\"image\":{\"@id\":\"https:\\\/\\\/www.eldiario.net\\\/portal\\\/#\\\/schema\\\/logo\\\/image\\\/\"},\"sameAs\":[\"https:\\\/\\\/www.facebook.com\\\/eldiario.bolivia\\\/\",\"https:\\\/\\\/x.com\\\/eldiario_net\"]},{\"@type\":\"Person\",\"@id\":\"https:\\\/\\\/www.eldiario.net\\\/portal\\\/#\\\/schema\\\/person\\\/f46445640444750d7d753ccd04ae01b7\",\"name\":\"Jeanette\",\"image\":{\"@type\":\"ImageObject\",\"inLanguage\":\"es\",\"@id\":\"https:\\\/\\\/secure.gravatar.com\\\/avatar\\\/3ea2118a5f7dad2b7138b1187a6b7ee55f160b9968b66013c3a3ef39dd7e5798?s=96&d=mm&r=g\",\"url\":\"https:\\\/\\\/secure.gravatar.com\\\/avatar\\\/3ea2118a5f7dad2b7138b1187a6b7ee55f160b9968b66013c3a3ef39dd7e5798?s=96&d=mm&r=g\",\"contentUrl\":\"https:\\\/\\\/secure.gravatar.com\\\/avatar\\\/3ea2118a5f7dad2b7138b1187a6b7ee55f160b9968b66013c3a3ef39dd7e5798?s=96&d=mm&r=g\",\"caption\":\"Jeanette\"},\"sameAs\":[\"https:\\\/\\\/www.eldiario.net\\\/portal\"],\"url\":\"https:\\\/\\\/www.eldiario.net\\\/portal\\\/author\\\/jeanette\\\/\"}]}<\/script>\n<!-- \/ Yoast SEO plugin. -->","yoast_head_json":{"title":"Presentan proyecto de ley de \u201cemergencia s\u00edsmica\u201d - El Diario - Bolivia","robots":{"index":"index","follow":"follow","max-snippet":"max-snippet:-1","max-image-preview":"max-image-preview:large","max-video-preview":"max-video-preview:-1"},"canonical":"https:\/\/www.eldiario.net\/portal\/2024\/11\/22\/presentan-proyecto-de-ley-de-emergencia-sismica\/","og_locale":"es_ES","og_type":"article","og_title":"Presentan proyecto de ley de \u201cemergencia s\u00edsmica\u201d - El Diario - Bolivia","og_description":"A tiempo de asegurar que se debe trabajar con responsabilidad ante la posibilidad de un evento s\u00edsmico en el territorio nacional, el senador por Comunidad Ciudadana (CC), Santiago Ticona, anunci\u00f3 la presentaci\u00f3n del Proyecto de Ley \u201cde Emergencia S\u00edsmica\u201d en el que se plantea regular la preparaci\u00f3n, reacci\u00f3n y respuesta ante un fen\u00f3meno de estas [&hellip;]","og_url":"https:\/\/www.eldiario.net\/portal\/2024\/11\/22\/presentan-proyecto-de-ley-de-emergencia-sismica\/","og_site_name":"El Diario - Bolivia","article_publisher":"https:\/\/www.facebook.com\/eldiario.bolivia\/","article_published_time":"2024-11-22T09:42:34+00:00","og_image":[{"width":800,"height":500,"url":"https:\/\/www.eldiario.net\/portal\/wp-content\/uploads\/2023\/12\/Politica.jpg","type":"image\/jpeg"}],"author":"Jeanette","twitter_card":"summary_large_image","twitter_creator":"@eldiario_net","twitter_site":"@eldiario_net","twitter_misc":{"Escrito por":"Jeanette","Tiempo de lectura":"2 minutos"},"schema":{"@context":"https:\/\/schema.org","@graph":[{"@type":"Article","@id":"https:\/\/www.eldiario.net\/portal\/2024\/11\/22\/presentan-proyecto-de-ley-de-emergencia-sismica\/#article","isPartOf":{"@id":"https:\/\/www.eldiario.net\/portal\/2024\/11\/22\/presentan-proyecto-de-ley-de-emergencia-sismica\/"},"author":{"name":"Jeanette","@id":"https:\/\/www.eldiario.net\/portal\/#\/schema\/person\/f46445640444750d7d753ccd04ae01b7"},"headline":"Presentan proyecto de ley de \u201cemergencia s\u00edsmica\u201d","datePublished":"2024-11-22T09:42:34+00:00","mainEntityOfPage":{"@id":"https:\/\/www.eldiario.net\/portal\/2024\/11\/22\/presentan-proyecto-de-ley-de-emergencia-sismica\/"},"wordCount":378,"publisher":{"@id":"https:\/\/www.eldiario.net\/portal\/#organization"},"image":{"@id":"https:\/\/www.eldiario.net\/portal\/2024\/11\/22\/presentan-proyecto-de-ley-de-emergencia-sismica\/#primaryimage"},"thumbnailUrl":"https:\/\/www.eldiario.net\/portal\/wp-content\/uploads\/2023\/12\/Politica.jpg","articleSection":["Pol\u00edtica"],"inLanguage":"es"},{"@type":"WebPage","@id":"https:\/\/www.eldiario.net\/portal\/2024\/11\/22\/presentan-proyecto-de-ley-de-emergencia-sismica\/","url":"https:\/\/www.eldiario.net\/portal\/2024\/11\/22\/presentan-proyecto-de-ley-de-emergencia-sismica\/","name":"Presentan proyecto de ley de \u201cemergencia s\u00edsmica\u201d - El Diario - Bolivia","isPartOf":{"@id":"https:\/\/www.eldiario.net\/portal\/#website"},"primaryImageOfPage":{"@id":"https:\/\/www.eldiario.net\/portal\/2024\/11\/22\/presentan-proyecto-de-ley-de-emergencia-sismica\/#primaryimage"},"image":{"@id":"https:\/\/www.eldiario.net\/portal\/2024\/11\/22\/presentan-proyecto-de-ley-de-emergencia-sismica\/#primaryimage"},"thumbnailUrl":"https:\/\/www.eldiario.net\/portal\/wp-content\/uploads\/2023\/12\/Politica.jpg","datePublished":"2024-11-22T09:42:34+00:00","breadcrumb":{"@id":"https:\/\/www.eldiario.net\/portal\/2024\/11\/22\/presentan-proyecto-de-ley-de-emergencia-sismica\/#breadcrumb"},"inLanguage":"es","potentialAction":[{"@type":"ReadAction","target":["https:\/\/www.eldiario.net\/portal\/2024\/11\/22\/presentan-proyecto-de-ley-de-emergencia-sismica\/"]}]},{"@type":"ImageObject","inLanguage":"es","@id":"https:\/\/www.eldiario.net\/portal\/2024\/11\/22\/presentan-proyecto-de-ley-de-emergencia-sismica\/#primaryimage","url":"https:\/\/www.eldiario.net\/portal\/wp-content\/uploads\/2023\/12\/Politica.jpg","contentUrl":"https:\/\/www.eldiario.net\/portal\/wp-content\/uploads\/2023\/12\/Politica.jpg","width":800,"height":500},{"@type":"BreadcrumbList","@id":"https:\/\/www.eldiario.net\/portal\/2024\/11\/22\/presentan-proyecto-de-ley-de-emergencia-sismica\/#breadcrumb","itemListElement":[{"@type":"ListItem","position":1,"name":"Portada","item":"https:\/\/www.eldiario.net\/portal\/"},{"@type":"ListItem","position":2,"name":"Presentan proyecto de ley de \u201cemergencia s\u00edsmica\u201d"}]},{"@type":"WebSite","@id":"https:\/\/www.eldiario.net\/portal\/#website","url":"https:\/\/www.eldiario.net\/portal\/","name":"El Diario - Decano de la prensa nacional","description":"El Diario - Decano de la prensa nacional","publisher":{"@id":"https:\/\/www.eldiario.net\/portal\/#organization"},"potentialAction":[{"@type":"SearchAction","target":{"@type":"EntryPoint","urlTemplate":"https:\/\/www.eldiario.net\/portal\/?s={search_term_string}"},"query-input":{"@type":"PropertyValueSpecification","valueRequired":true,"valueName":"search_term_string"}}],"inLanguage":"es"},{"@type":"Organization","@id":"https:\/\/www.eldiario.net\/portal\/#organization","name":"El Diario - Decano de la prensa nacional","url":"https:\/\/www.eldiario.net\/portal\/","logo":{"@type":"ImageObject","inLanguage":"es","@id":"https:\/\/www.eldiario.net\/portal\/#\/schema\/logo\/image\/","url":"https:\/\/www.eldiario.net\/portal\/wp-content\/uploads\/2023\/07\/logo_ED.jpg","contentUrl":"https:\/\/www.eldiario.net\/portal\/wp-content\/uploads\/2023\/07\/logo_ED.jpg","width":272,"height":52,"caption":"El Diario - Decano de la prensa nacional"},"image":{"@id":"https:\/\/www.eldiario.net\/portal\/#\/schema\/logo\/image\/"},"sameAs":["https:\/\/www.facebook.com\/eldiario.bolivia\/","https:\/\/x.com\/eldiario_net"]},{"@type":"Person","@id":"https:\/\/www.eldiario.net\/portal\/#\/schema\/person\/f46445640444750d7d753ccd04ae01b7","name":"Jeanette","image":{"@type":"ImageObject","inLanguage":"es","@id":"https:\/\/secure.gravatar.com\/avatar\/3ea2118a5f7dad2b7138b1187a6b7ee55f160b9968b66013c3a3ef39dd7e5798?s=96&d=mm&r=g","url":"https:\/\/secure.gravatar.com\/avatar\/3ea2118a5f7dad2b7138b1187a6b7ee55f160b9968b66013c3a3ef39dd7e5798?s=96&d=mm&r=g","contentUrl":"https:\/\/secure.gravatar.com\/avatar\/3ea2118a5f7dad2b7138b1187a6b7ee55f160b9968b66013c3a3ef39dd7e5798?s=96&d=mm&r=g","caption":"Jeanette"},"sameAs":["https:\/\/www.eldiario.net\/portal"],"url":"https:\/\/www.eldiario.net\/portal\/author\/jeanette\/"}]}},"_links":{"self":[{"href":"https:\/\/www.eldiario.net\/portal\/wp-json\/wp\/v2\/posts\/262744","targetHints":{"allow":["GET"]}}],"collection":[{"href":"https:\/\/www.eldiario.net\/portal\/wp-json\/wp\/v2\/posts"}],"about":[{"href":"https:\/\/www.eldiario.net\/portal\/wp-json\/wp\/v2\/types\/post"}],"author":[{"embeddable":true,"href":"https:\/\/www.eldiario.net\/portal\/wp-json\/wp\/v2\/users\/1"}],"replies":[{"embeddable":true,"href":"https:\/\/www.eldiario.net\/portal\/wp-json\/wp\/v2\/comments?post=262744"}],"version-history":[{"count":1,"href":"https:\/\/www.eldiario.net\/portal\/wp-json\/wp\/v2\/posts\/262744\/revisions"}],"predecessor-version":[{"id":262745,"href":"https:\/\/www.eldiario.net\/portal\/wp-json\/wp\/v2\/posts\/262744\/revisions\/262745"}],"wp:featuredmedia":[{"embeddable":true,"href":"https:\/\/www.eldiario.net\/portal\/wp-json\/wp\/v2\/media\/194754"}],"wp:attachment":[{"href":"https:\/\/www.eldiario.net\/portal\/wp-json\/wp\/v2\/media?parent=262744"}],"wp:term":[{"taxonomy":"category","embeddable":true,"href":"https:\/\/www.eldiario.net\/portal\/wp-json\/wp\/v2\/categories?post=262744"},{"taxonomy":"post_tag","embeddable":true,"href":"https:\/\/www.eldiario.net\/portal\/wp-json\/wp\/v2\/tags?post=262744"}],"curies":[{"name":"wp","href":"https:\/\/api.w.org\/{rel}","templated":true}]}}