{"id":26272,"date":"2021-08-28T06:46:33","date_gmt":"2021-08-28T10:46:33","guid":{"rendered":"https:\/\/www.eldiario.net\/portal\/?p=26272"},"modified":"2021-08-28T06:46:33","modified_gmt":"2021-08-28T10:46:33","slug":"jarjury-recuerda-que-nadie-puede-ser-juzgado-dos-veces-por-el-mismo-delito","status":"publish","type":"post","link":"https:\/\/www.eldiario.net\/portal\/2021\/08\/28\/jarjury-recuerda-que-nadie-puede-ser-juzgado-dos-veces-por-el-mismo-delito\/","title":{"rendered":"Jarjury recuerda que nadie puede ser  juzgado dos veces por el mismo delito"},"content":{"rendered":"<p>En su declaraci\u00f3n informativa dentro del proceso que se investiga por incumplimiento de deberes y resoluciones contrarias a la Constituci\u00f3n y las leyes por el supuesto golpe de Estado, el excomandante de la Armada Boliviana Gonzalo Jarjury record\u00f3 que nadie puede ser investigado dos veces por el mismo delito.<br \/>\nEl ex jefe militar prest\u00f3 su declaraci\u00f3n informativa el pasado jueves 12 de agosto en el penal de Patacamaya (La Paz), donde guarda detenci\u00f3n preventiva desde el 4 de julio de 2021, imputado por los presuntos delitos de sedici\u00f3n, conspiraci\u00f3n y terrorismo dentro del caso golpe de Estado, por haber acompa\u00f1ado al excomandante en jefe de las Fuerzas Armadas (FFAA) Williams Kalim\u00e1n en una conferencia de prensa donde sugiri\u00f3 la renuncia de Evo Morales, el 10 de noviembre de 2019.<br \/>\nDe acuerdo con la declaraci\u00f3n a la que EL DIARIO tuvo acceso, Jarjury aclar\u00f3 al Ministerio P\u00fablico que de acuerdo al art\u00edculo 117 numeral II de la Constituci\u00f3n Pol\u00edtica del Estado: \u201cNadie ser\u00e1 procesado ni condenado m\u00e1s de una vez por el mismo hecho\u201d.<br \/>\n\u201cNo se me ha se\u00f1alado d\u00f3nde he cometido un il\u00edcito y la forma c\u00f3mo he cometido un il\u00edcito (\u2026). La lectura de hechos es el mismo de mi anterior declaraci\u00f3n dentro del caso 3679, por lo que constitucionalmente y de acuerdo al art\u00edculo 45 del C\u00f3digo de Procedimiento Penal no se puede ser investigado dos veces por el mismo hecho\u201d, dijo.<br \/>\nAsimismo, aclar\u00f3 que su nombre no figura en la denuncia presentada en fecha 6 de mayo de 2021 por la Procuradur\u00eda General del Estado, ni en la del Ministerio de Gobierno presentada en fecha 27 de abril de 2021.<br \/>\nEl pasado 30 de julio, el fiscal Omar Mejillones inform\u00f3 que el caso denominado golpe de Estado se \u201cdesdobl\u00f3\u201d.<br \/>\n\u201cExiste un desdoblamiento del proceso. Hay una investigaci\u00f3n por delitos de corrupci\u00f3n que est\u00e1 siendo en conocimiento del Juez Segundo de Instrucci\u00f3n en lo Penal. Este caso (de terrorismo, sedici\u00f3n y conspiraci\u00f3n) est\u00e1 siendo en conocimiento del Juez D\u00e9cimo de Instrucci\u00f3n y, bueno, en funci\u00f3n a la necesidad de ambos casos vamos disponer las diligencias que sean necesarias\u201d, dijo el fiscal en la oportunidad.<\/p>\n<p>CONFERENCIA<br \/>\nEl Ministerio P\u00fablico pidi\u00f3 a Jarjury se\u00f1alar cu\u00e1les fueron las circunstancias por el que el Estado Mayor se reuni\u00f3 el 10 de noviembre de 2019. El excomandante de la Armada respondi\u00f3 que al promediar las 14.30 se encontraba almorzando y le indicaron que ten\u00eda que presentarse de inmediato en la oficina del general Kalim\u00e1n.<br \/>\n\u201cAl ingresar observ\u00e9 al general Kalim\u00e1n reunido con el coronel (Gary) Bleichner, director de Comunicaci\u00f3n Social, y el coronel Argando\u00f1a, director de jur\u00eddica del Comando en Jefe, leyendo un comunicado impreso, el cual hizo corregir reiteradas veces, luego de un rato hizo llamar nuevamente al coronel Bleichner y le dijo: \u2018debo leer el comunicado antes de que aterrice el avi\u00f3n presidencial en Chimor\u00e9\u2019\u201d, se lee en la declaraci\u00f3n.<br \/>\nPrecis\u00f3 que Bleichner les dijo que los periodistas ya estaban en la sala de reuniones y Kalim\u00e1n sali\u00f3 con el comunicado en la mano.<br \/>\n\u00c9l y otros militares estaban parados en la puerta y fueron sorprendido por Bleichner ya que hab\u00eda puesto tres sillas en la testera, en el medio deber\u00eda estar Kalim\u00e1n, a la derecha el almirante Flavio Arce y a la izquierda el general Fern\u00e1ndez Toranzo, los comandantes de fuerza deber\u00edan estar de pie detr\u00e1s de la testera mientras se le\u00eda el comunicado.<br \/>\n\u201cNos recomend\u00f3 que despu\u00e9s del comunicado no hablemos con la prensa y que nos volvamos a la oficina\u201d, se lee.<br \/>\nLa siguiente consulta fue: Se\u00f1ale usted despu\u00e9s que se hizo el comunicado donde se sugiri\u00f3 la renuncia del entonces presidente (\u2026) \u00bfse realiz\u00f3 alguna reuni\u00f3n?<br \/>\n\u201cDespu\u00e9s del comunicado retornamos a la oficina del Comandante en Jefe, un rato despu\u00e9s ingres\u00f3 a la mencionada oficina el ministro de Defensa Javier Zabaleta, el general Kalim\u00e1n se cuadr\u00f3 militarmente y le cedi\u00f3 su asiento sent\u00e1ndose a su lado para observar la renuncia del expresidente Evo Morales y del exvicepresidente \u00c1lvaro Garc\u00eda Linera\u201d.<br \/>\nProsigui\u00f3: \u201cEntre el Ministro de Defensa y el excomandante en jefe de las FFAA conversaban amenamente, despu\u00e9s de las renuncias sal\u00ed al ba\u00f1o y en el trayecto observ\u00e9 la renuncia de la senadora Adriana Salvatierra, al retornar a la oficina escuch\u00e9 al ministro Zabaleta que le dec\u00eda al general Kalim\u00e1n que la senadora Salvatierra iba a ser la nueva presidenta del Estado, para lo cual el ministro (Manuel) Canelas se encontraba negociando con representantes de Comunidad Ciudadana, entonces ped\u00ed la palabra y le dije: \u2018hermano ministro la senadora Salvatierra hace unos minutos ha renunciado, inmediatamente el general Kalim\u00e1n llam\u00f3 al ayudante general y le pregunt\u00f3 si era cierto, el ayudante dijo s\u00ed y detall\u00f3 todo lo que se vio en la televisi\u00f3n. El ministro de Defensa movi\u00f3 la cabeza y coment\u00f3 que Adriana Salvatierra era muy joven y apenas ten\u00eda 31 a\u00f1os y otras cosas m\u00e1s que no alcanc\u00e9 a escuchar, posteriormente se retir\u00f3 el ministro de Defensa, los comandantes de fuerza estuvimos un rato m\u00e1s y nos retiramos\u201d, se lee en la parte m\u00e1s relevante de la declaraci\u00f3n.<\/p>\n<figure id=\"attachment_26274\" aria-describedby=\"caption-attachment-26274\" style=\"width: 300px\" class=\"wp-caption aligncenter\"><a href=\"https:\/\/www.eldiario.net\/portal\/wp-content\/uploads\/2021\/08\/FFAA-1.jpg\"><img loading=\"lazy\" decoding=\"async\" class=\"size-medium wp-image-26274\" src=\"https:\/\/www.eldiario.net\/portal\/wp-content\/uploads\/2021\/08\/FFAA-1-300x200.jpg\" alt=\"\" width=\"300\" height=\"200\" \/><\/a><figcaption id=\"caption-attachment-26274\" class=\"wp-caption-text\">EL ALTO MANDO MILITAR EN LA CONFERENCIA DE PRENSA DONDE SUGIRIERON LA RENUNCIA DE EVO MORALES, POR LA CONVULSI\u00d3N QUE SE VIV\u00cdA EN EL PA\u00cdS<\/figcaption><\/figure>\n","protected":false},"excerpt":{"rendered":"<p>En su declaraci\u00f3n informativa dentro del proceso que se investiga por incumplimiento de deberes y resoluciones contrarias a la Constituci\u00f3n y las leyes por el supuesto golpe de Estado, el excomandante de la Armada Boliviana Gonzalo Jarjury record\u00f3 que nadie puede ser investigado dos veces por el mismo delito. El ex jefe militar prest\u00f3 su [&hellip;]<\/p>\n","protected":false},"author":1,"featured_media":26273,"comment_status":"closed","ping_status":"closed","sticky":false,"template":"","format":"standard","meta":{"_acf_changed":false,"footnotes":""},"categories":[39],"tags":[],"class_list":["post-26272","post","type-post","status-publish","format-standard","has-post-thumbnail","category-sociedad"],"acf":{"antetitulo":""},"yoast_head":"<!-- This site is optimized with the Yoast SEO plugin v28.4 - https:\/\/yoast.com\/product\/yoast-seo-wordpress\/ -->\n<title>Jarjury recuerda que nadie puede ser juzgado dos veces por el mismo delito - El Diario - Bolivia<\/title>\n<meta name=\"robots\" content=\"index, follow, max-snippet:-1, max-image-preview:large, max-video-preview:-1\" \/>\n<link rel=\"canonical\" href=\"https:\/\/www.eldiario.net\/portal\/2021\/08\/28\/jarjury-recuerda-que-nadie-puede-ser-juzgado-dos-veces-por-el-mismo-delito\/\" \/>\n<meta property=\"og:locale\" content=\"es_ES\" \/>\n<meta property=\"og:type\" content=\"article\" \/>\n<meta property=\"og:title\" content=\"Jarjury recuerda que nadie puede ser juzgado dos veces por el mismo delito - El Diario - Bolivia\" \/>\n<meta property=\"og:description\" content=\"En su declaraci\u00f3n informativa dentro del proceso que se investiga por incumplimiento de deberes y resoluciones contrarias a la Constituci\u00f3n y las leyes por el supuesto golpe de Estado, el excomandante de la Armada Boliviana Gonzalo Jarjury record\u00f3 que nadie puede ser investigado dos veces por el mismo delito. El ex jefe militar prest\u00f3 su [&hellip;]\" \/>\n<meta property=\"og:url\" content=\"https:\/\/www.eldiario.net\/portal\/2021\/08\/28\/jarjury-recuerda-que-nadie-puede-ser-juzgado-dos-veces-por-el-mismo-delito\/\" \/>\n<meta property=\"og:site_name\" content=\"El Diario - Bolivia\" \/>\n<meta property=\"article:publisher\" content=\"https:\/\/www.facebook.com\/eldiario.bolivia\/\" \/>\n<meta property=\"article:published_time\" content=\"2021-08-28T10:46:33+00:00\" \/>\n<meta name=\"author\" content=\"Jeanette\" \/>\n<meta name=\"twitter:card\" content=\"summary_large_image\" \/>\n<meta name=\"twitter:creator\" content=\"@eldiario_net\" \/>\n<meta name=\"twitter:site\" content=\"@eldiario_net\" \/>\n<meta name=\"twitter:label1\" content=\"Escrito por\" \/>\n\t<meta name=\"twitter:data1\" content=\"Jeanette\" \/>\n\t<meta name=\"twitter:label2\" content=\"Tiempo de lectura\" \/>\n\t<meta name=\"twitter:data2\" content=\"5 minutos\" \/>\n<script type=\"application\/ld+json\" class=\"yoast-schema-graph\">{\"@context\":\"https:\\\/\\\/schema.org\",\"@graph\":[{\"@type\":\"Article\",\"@id\":\"https:\\\/\\\/www.eldiario.net\\\/portal\\\/2021\\\/08\\\/28\\\/jarjury-recuerda-que-nadie-puede-ser-juzgado-dos-veces-por-el-mismo-delito\\\/#article\",\"isPartOf\":{\"@id\":\"https:\\\/\\\/www.eldiario.net\\\/portal\\\/2021\\\/08\\\/28\\\/jarjury-recuerda-que-nadie-puede-ser-juzgado-dos-veces-por-el-mismo-delito\\\/\"},\"author\":{\"name\":\"Jeanette\",\"@id\":\"https:\\\/\\\/www.eldiario.net\\\/portal\\\/#\\\/schema\\\/person\\\/2c57cf2b7a7ae032e449e4c9b1019eac\"},\"headline\":\"Jarjury recuerda que nadie puede ser juzgado dos veces por el mismo delito\",\"datePublished\":\"2021-08-28T10:46:33+00:00\",\"mainEntityOfPage\":{\"@id\":\"https:\\\/\\\/www.eldiario.net\\\/portal\\\/2021\\\/08\\\/28\\\/jarjury-recuerda-que-nadie-puede-ser-juzgado-dos-veces-por-el-mismo-delito\\\/\"},\"wordCount\":942,\"publisher\":{\"@id\":\"https:\\\/\\\/www.eldiario.net\\\/portal\\\/#organization\"},\"image\":{\"@id\":\"https:\\\/\\\/www.eldiario.net\\\/portal\\\/2021\\\/08\\\/28\\\/jarjury-recuerda-que-nadie-puede-ser-juzgado-dos-veces-por-el-mismo-delito\\\/#primaryimage\"},\"thumbnailUrl\":\"\",\"articleSection\":[\"Sociedad - Seguridad\"],\"inLanguage\":\"es\"},{\"@type\":\"WebPage\",\"@id\":\"https:\\\/\\\/www.eldiario.net\\\/portal\\\/2021\\\/08\\\/28\\\/jarjury-recuerda-que-nadie-puede-ser-juzgado-dos-veces-por-el-mismo-delito\\\/\",\"url\":\"https:\\\/\\\/www.eldiario.net\\\/portal\\\/2021\\\/08\\\/28\\\/jarjury-recuerda-que-nadie-puede-ser-juzgado-dos-veces-por-el-mismo-delito\\\/\",\"name\":\"Jarjury recuerda que nadie puede ser juzgado dos veces por el mismo delito - El Diario - Bolivia\",\"isPartOf\":{\"@id\":\"https:\\\/\\\/www.eldiario.net\\\/portal\\\/#website\"},\"primaryImageOfPage\":{\"@id\":\"https:\\\/\\\/www.eldiario.net\\\/portal\\\/2021\\\/08\\\/28\\\/jarjury-recuerda-que-nadie-puede-ser-juzgado-dos-veces-por-el-mismo-delito\\\/#primaryimage\"},\"image\":{\"@id\":\"https:\\\/\\\/www.eldiario.net\\\/portal\\\/2021\\\/08\\\/28\\\/jarjury-recuerda-que-nadie-puede-ser-juzgado-dos-veces-por-el-mismo-delito\\\/#primaryimage\"},\"thumbnailUrl\":\"\",\"datePublished\":\"2021-08-28T10:46:33+00:00\",\"breadcrumb\":{\"@id\":\"https:\\\/\\\/www.eldiario.net\\\/portal\\\/2021\\\/08\\\/28\\\/jarjury-recuerda-que-nadie-puede-ser-juzgado-dos-veces-por-el-mismo-delito\\\/#breadcrumb\"},\"inLanguage\":\"es\",\"potentialAction\":[{\"@type\":\"ReadAction\",\"target\":[\"https:\\\/\\\/www.eldiario.net\\\/portal\\\/2021\\\/08\\\/28\\\/jarjury-recuerda-que-nadie-puede-ser-juzgado-dos-veces-por-el-mismo-delito\\\/\"]}]},{\"@type\":\"ImageObject\",\"inLanguage\":\"es\",\"@id\":\"https:\\\/\\\/www.eldiario.net\\\/portal\\\/2021\\\/08\\\/28\\\/jarjury-recuerda-que-nadie-puede-ser-juzgado-dos-veces-por-el-mismo-delito\\\/#primaryimage\",\"url\":\"\",\"contentUrl\":\"\"},{\"@type\":\"BreadcrumbList\",\"@id\":\"https:\\\/\\\/www.eldiario.net\\\/portal\\\/2021\\\/08\\\/28\\\/jarjury-recuerda-que-nadie-puede-ser-juzgado-dos-veces-por-el-mismo-delito\\\/#breadcrumb\",\"itemListElement\":[{\"@type\":\"ListItem\",\"position\":1,\"name\":\"Portada\",\"item\":\"https:\\\/\\\/www.eldiario.net\\\/portal\\\/\"},{\"@type\":\"ListItem\",\"position\":2,\"name\":\"Jarjury recuerda que nadie puede ser juzgado dos veces por el mismo delito\"}]},{\"@type\":\"WebSite\",\"@id\":\"https:\\\/\\\/www.eldiario.net\\\/portal\\\/#website\",\"url\":\"https:\\\/\\\/www.eldiario.net\\\/portal\\\/\",\"name\":\"El Diario - Decano de la prensa nacional\",\"description\":\"El Diario - Decano de la prensa nacional\",\"publisher\":{\"@id\":\"https:\\\/\\\/www.eldiario.net\\\/portal\\\/#organization\"},\"potentialAction\":[{\"@type\":\"SearchAction\",\"target\":{\"@type\":\"EntryPoint\",\"urlTemplate\":\"https:\\\/\\\/www.eldiario.net\\\/portal\\\/?s={search_term_string}\"},\"query-input\":{\"@type\":\"PropertyValueSpecification\",\"valueRequired\":true,\"valueName\":\"search_term_string\"}}],\"inLanguage\":\"es\"},{\"@type\":\"Organization\",\"@id\":\"https:\\\/\\\/www.eldiario.net\\\/portal\\\/#organization\",\"name\":\"El Diario - Decano de la prensa nacional\",\"url\":\"https:\\\/\\\/www.eldiario.net\\\/portal\\\/\",\"logo\":{\"@type\":\"ImageObject\",\"inLanguage\":\"es\",\"@id\":\"https:\\\/\\\/www.eldiario.net\\\/portal\\\/#\\\/schema\\\/logo\\\/image\\\/\",\"url\":\"https:\\\/\\\/www.eldiario.net\\\/portal\\\/wp-content\\\/uploads\\\/2023\\\/07\\\/logo_ED.jpg\",\"contentUrl\":\"https:\\\/\\\/www.eldiario.net\\\/portal\\\/wp-content\\\/uploads\\\/2023\\\/07\\\/logo_ED.jpg\",\"width\":272,\"height\":52,\"caption\":\"El Diario - Decano de la prensa nacional\"},\"image\":{\"@id\":\"https:\\\/\\\/www.eldiario.net\\\/portal\\\/#\\\/schema\\\/logo\\\/image\\\/\"},\"sameAs\":[\"https:\\\/\\\/www.facebook.com\\\/eldiario.bolivia\\\/\",\"https:\\\/\\\/x.com\\\/eldiario_net\"]},{\"@type\":\"Person\",\"@id\":\"https:\\\/\\\/www.eldiario.net\\\/portal\\\/#\\\/schema\\\/person\\\/2c57cf2b7a7ae032e449e4c9b1019eac\",\"name\":\"Jeanette\",\"image\":{\"@type\":\"ImageObject\",\"inLanguage\":\"es\",\"@id\":\"https:\\\/\\\/secure.gravatar.com\\\/avatar\\\/3ea2118a5f7dad2b7138b1187a6b7ee55f160b9968b66013c3a3ef39dd7e5798?s=96&d=mm&r=g\",\"url\":\"https:\\\/\\\/secure.gravatar.com\\\/avatar\\\/3ea2118a5f7dad2b7138b1187a6b7ee55f160b9968b66013c3a3ef39dd7e5798?s=96&d=mm&r=g\",\"contentUrl\":\"https:\\\/\\\/secure.gravatar.com\\\/avatar\\\/3ea2118a5f7dad2b7138b1187a6b7ee55f160b9968b66013c3a3ef39dd7e5798?s=96&d=mm&r=g\",\"caption\":\"Jeanette\"},\"sameAs\":[\"https:\\\/\\\/www.eldiario.net\\\/portal\"],\"url\":\"https:\\\/\\\/www.eldiario.net\\\/portal\\\/author\\\/jeanette\\\/\"}]}<\/script>\n<!-- \/ Yoast SEO plugin. -->","yoast_head_json":{"title":"Jarjury recuerda que nadie puede ser juzgado dos veces por el mismo delito - El Diario - Bolivia","robots":{"index":"index","follow":"follow","max-snippet":"max-snippet:-1","max-image-preview":"max-image-preview:large","max-video-preview":"max-video-preview:-1"},"canonical":"https:\/\/www.eldiario.net\/portal\/2021\/08\/28\/jarjury-recuerda-que-nadie-puede-ser-juzgado-dos-veces-por-el-mismo-delito\/","og_locale":"es_ES","og_type":"article","og_title":"Jarjury recuerda que nadie puede ser juzgado dos veces por el mismo delito - El Diario - Bolivia","og_description":"En su declaraci\u00f3n informativa dentro del proceso que se investiga por incumplimiento de deberes y resoluciones contrarias a la Constituci\u00f3n y las leyes por el supuesto golpe de Estado, el excomandante de la Armada Boliviana Gonzalo Jarjury record\u00f3 que nadie puede ser investigado dos veces por el mismo delito. El ex jefe militar prest\u00f3 su [&hellip;]","og_url":"https:\/\/www.eldiario.net\/portal\/2021\/08\/28\/jarjury-recuerda-que-nadie-puede-ser-juzgado-dos-veces-por-el-mismo-delito\/","og_site_name":"El Diario - Bolivia","article_publisher":"https:\/\/www.facebook.com\/eldiario.bolivia\/","article_published_time":"2021-08-28T10:46:33+00:00","author":"Jeanette","twitter_card":"summary_large_image","twitter_creator":"@eldiario_net","twitter_site":"@eldiario_net","twitter_misc":{"Escrito por":"Jeanette","Tiempo de lectura":"5 minutos"},"schema":{"@context":"https:\/\/schema.org","@graph":[{"@type":"Article","@id":"https:\/\/www.eldiario.net\/portal\/2021\/08\/28\/jarjury-recuerda-que-nadie-puede-ser-juzgado-dos-veces-por-el-mismo-delito\/#article","isPartOf":{"@id":"https:\/\/www.eldiario.net\/portal\/2021\/08\/28\/jarjury-recuerda-que-nadie-puede-ser-juzgado-dos-veces-por-el-mismo-delito\/"},"author":{"name":"Jeanette","@id":"https:\/\/www.eldiario.net\/portal\/#\/schema\/person\/2c57cf2b7a7ae032e449e4c9b1019eac"},"headline":"Jarjury recuerda que nadie puede ser juzgado dos veces por el mismo delito","datePublished":"2021-08-28T10:46:33+00:00","mainEntityOfPage":{"@id":"https:\/\/www.eldiario.net\/portal\/2021\/08\/28\/jarjury-recuerda-que-nadie-puede-ser-juzgado-dos-veces-por-el-mismo-delito\/"},"wordCount":942,"publisher":{"@id":"https:\/\/www.eldiario.net\/portal\/#organization"},"image":{"@id":"https:\/\/www.eldiario.net\/portal\/2021\/08\/28\/jarjury-recuerda-que-nadie-puede-ser-juzgado-dos-veces-por-el-mismo-delito\/#primaryimage"},"thumbnailUrl":"","articleSection":["Sociedad - Seguridad"],"inLanguage":"es"},{"@type":"WebPage","@id":"https:\/\/www.eldiario.net\/portal\/2021\/08\/28\/jarjury-recuerda-que-nadie-puede-ser-juzgado-dos-veces-por-el-mismo-delito\/","url":"https:\/\/www.eldiario.net\/portal\/2021\/08\/28\/jarjury-recuerda-que-nadie-puede-ser-juzgado-dos-veces-por-el-mismo-delito\/","name":"Jarjury recuerda que nadie puede ser juzgado dos veces por el mismo delito - El Diario - Bolivia","isPartOf":{"@id":"https:\/\/www.eldiario.net\/portal\/#website"},"primaryImageOfPage":{"@id":"https:\/\/www.eldiario.net\/portal\/2021\/08\/28\/jarjury-recuerda-que-nadie-puede-ser-juzgado-dos-veces-por-el-mismo-delito\/#primaryimage"},"image":{"@id":"https:\/\/www.eldiario.net\/portal\/2021\/08\/28\/jarjury-recuerda-que-nadie-puede-ser-juzgado-dos-veces-por-el-mismo-delito\/#primaryimage"},"thumbnailUrl":"","datePublished":"2021-08-28T10:46:33+00:00","breadcrumb":{"@id":"https:\/\/www.eldiario.net\/portal\/2021\/08\/28\/jarjury-recuerda-que-nadie-puede-ser-juzgado-dos-veces-por-el-mismo-delito\/#breadcrumb"},"inLanguage":"es","potentialAction":[{"@type":"ReadAction","target":["https:\/\/www.eldiario.net\/portal\/2021\/08\/28\/jarjury-recuerda-que-nadie-puede-ser-juzgado-dos-veces-por-el-mismo-delito\/"]}]},{"@type":"ImageObject","inLanguage":"es","@id":"https:\/\/www.eldiario.net\/portal\/2021\/08\/28\/jarjury-recuerda-que-nadie-puede-ser-juzgado-dos-veces-por-el-mismo-delito\/#primaryimage","url":"","contentUrl":""},{"@type":"BreadcrumbList","@id":"https:\/\/www.eldiario.net\/portal\/2021\/08\/28\/jarjury-recuerda-que-nadie-puede-ser-juzgado-dos-veces-por-el-mismo-delito\/#breadcrumb","itemListElement":[{"@type":"ListItem","position":1,"name":"Portada","item":"https:\/\/www.eldiario.net\/portal\/"},{"@type":"ListItem","position":2,"name":"Jarjury recuerda que nadie puede ser juzgado dos veces por el mismo delito"}]},{"@type":"WebSite","@id":"https:\/\/www.eldiario.net\/portal\/#website","url":"https:\/\/www.eldiario.net\/portal\/","name":"El Diario - Decano de la prensa nacional","description":"El Diario - Decano de la prensa nacional","publisher":{"@id":"https:\/\/www.eldiario.net\/portal\/#organization"},"potentialAction":[{"@type":"SearchAction","target":{"@type":"EntryPoint","urlTemplate":"https:\/\/www.eldiario.net\/portal\/?s={search_term_string}"},"query-input":{"@type":"PropertyValueSpecification","valueRequired":true,"valueName":"search_term_string"}}],"inLanguage":"es"},{"@type":"Organization","@id":"https:\/\/www.eldiario.net\/portal\/#organization","name":"El Diario - Decano de la prensa nacional","url":"https:\/\/www.eldiario.net\/portal\/","logo":{"@type":"ImageObject","inLanguage":"es","@id":"https:\/\/www.eldiario.net\/portal\/#\/schema\/logo\/image\/","url":"https:\/\/www.eldiario.net\/portal\/wp-content\/uploads\/2023\/07\/logo_ED.jpg","contentUrl":"https:\/\/www.eldiario.net\/portal\/wp-content\/uploads\/2023\/07\/logo_ED.jpg","width":272,"height":52,"caption":"El Diario - Decano de la prensa nacional"},"image":{"@id":"https:\/\/www.eldiario.net\/portal\/#\/schema\/logo\/image\/"},"sameAs":["https:\/\/www.facebook.com\/eldiario.bolivia\/","https:\/\/x.com\/eldiario_net"]},{"@type":"Person","@id":"https:\/\/www.eldiario.net\/portal\/#\/schema\/person\/2c57cf2b7a7ae032e449e4c9b1019eac","name":"Jeanette","image":{"@type":"ImageObject","inLanguage":"es","@id":"https:\/\/secure.gravatar.com\/avatar\/3ea2118a5f7dad2b7138b1187a6b7ee55f160b9968b66013c3a3ef39dd7e5798?s=96&d=mm&r=g","url":"https:\/\/secure.gravatar.com\/avatar\/3ea2118a5f7dad2b7138b1187a6b7ee55f160b9968b66013c3a3ef39dd7e5798?s=96&d=mm&r=g","contentUrl":"https:\/\/secure.gravatar.com\/avatar\/3ea2118a5f7dad2b7138b1187a6b7ee55f160b9968b66013c3a3ef39dd7e5798?s=96&d=mm&r=g","caption":"Jeanette"},"sameAs":["https:\/\/www.eldiario.net\/portal"],"url":"https:\/\/www.eldiario.net\/portal\/author\/jeanette\/"}]}},"_links":{"self":[{"href":"https:\/\/www.eldiario.net\/portal\/wp-json\/wp\/v2\/posts\/26272","targetHints":{"allow":["GET"]}}],"collection":[{"href":"https:\/\/www.eldiario.net\/portal\/wp-json\/wp\/v2\/posts"}],"about":[{"href":"https:\/\/www.eldiario.net\/portal\/wp-json\/wp\/v2\/types\/post"}],"author":[{"embeddable":true,"href":"https:\/\/www.eldiario.net\/portal\/wp-json\/wp\/v2\/users\/1"}],"replies":[{"embeddable":true,"href":"https:\/\/www.eldiario.net\/portal\/wp-json\/wp\/v2\/comments?post=26272"}],"version-history":[{"count":0,"href":"https:\/\/www.eldiario.net\/portal\/wp-json\/wp\/v2\/posts\/26272\/revisions"}],"wp:attachment":[{"href":"https:\/\/www.eldiario.net\/portal\/wp-json\/wp\/v2\/media?parent=26272"}],"wp:term":[{"taxonomy":"category","embeddable":true,"href":"https:\/\/www.eldiario.net\/portal\/wp-json\/wp\/v2\/categories?post=26272"},{"taxonomy":"post_tag","embeddable":true,"href":"https:\/\/www.eldiario.net\/portal\/wp-json\/wp\/v2\/tags?post=26272"}],"curies":[{"name":"wp","href":"https:\/\/api.w.org\/{rel}","templated":true}]}}