{"id":26269,"date":"2021-08-28T06:44:55","date_gmt":"2021-08-28T10:44:55","guid":{"rendered":"https:\/\/www.eldiario.net\/portal\/?p=26269"},"modified":"2021-08-28T06:44:55","modified_gmt":"2021-08-28T10:44:55","slug":"del-granado-plantea-reforma-judicial-a-traves-de-referendum-ciudadano","status":"publish","type":"post","link":"https:\/\/www.eldiario.net\/portal\/2021\/08\/28\/del-granado-plantea-reforma-judicial-a-traves-de-referendum-ciudadano\/","title":{"rendered":"Del Granado plantea reforma judicial  a trav\u00e9s de refer\u00e9ndum ciudadano"},"content":{"rendered":"<p>El abogado y exalcalde de La Paz Juan del Granado anunci\u00f3 que junto a un grupo de abogados presentar\u00e1 en septiembre pr\u00f3ximo un planteamiento de reforma judicial v\u00eda refer\u00e9ndum ciudadano para iniciar los cambios que deben hacerse a la Constituci\u00f3n Pol\u00edtica del Estado (CPE).<br \/>\nLa exautoridad municipal manifest\u00f3 que la participaci\u00f3n de la poblaci\u00f3n puede abrir paso a una reforma de la CPE para modificar, antes de 2023, la manera de elegir a los magistrados y jueces del \u00d3rgano Judicial.<br \/>\n\u201cYa no hay nada que esperar del Gobierno ni del Estado porque se ha archivado la reforma judicial y tenemos que encararlo desde la gente, desde la sociedad, desde la comunidad y por ello estamos trabajando con un grupo de abogados en un planteamiento de reforma v\u00eda refer\u00e9ndum constitucional para iniciar con las reformas imprescindibles que tienen que hacerse en la Constituci\u00f3n, v\u00eda refer\u00e9ndum ciudadano, v\u00eda iniciativa popular apelando a la democracia directa\u201d, explic\u00f3 Del Granado en entrevista con Cadena A.<br \/>\nEl jurista apunt\u00f3 que de acuerdo a la CPE, la propuesta debe estar respaldada por al menos un mill\u00f3n quinientas mil firmas, que supone el 20 % del electorado, para que se vaya al voto ciudadano.<br \/>\n\u201cCon las firmas recabadas y con la propuesta elaborada, difundida y discutida podemos ir al voto ciudadano para hacer por lo menos las siguientes reformas constitucionales que son la parte inicial de mediano y largo plazo de una reforma judicial\u201d, dijo.<br \/>\nEl par\u00e1grafo II del art\u00edculo 411 de la CPE establece que la reforma parcial a la Constituci\u00f3n podr\u00e1 iniciarse tambi\u00e9n por iniciativa popular con las firmas de al menos el 20 % del electorado. \u201cCualquier reforma parcial necesitar\u00e1 referendo constitucional aprobatorio\u201d, se a\u00f1ade en la norma constitucional.<\/p>\n<p>PLANTEAMIENTO<br \/>\nPara el jurista la reforma de la justicia debe pasar por independencia, mejor presupuesto, atribuciones al Consejo de la Judicatura, respeto a la justicia y revalorizaci\u00f3n a la justicia originaria \u2013 campesina.<br \/>\n\u201cEn primer lugar tenemos que buscar independencia, por lo tanto debemos cambiar la forma de c\u00f3mo se eligen los jueces supremos porque el voto popular ha sido manoseado, degradado y desperdiciado por el hegemonismo del Movimiento al Socialismo (MAS)\u201d, precis\u00f3.<br \/>\nRecord\u00f3 que los magistrados fueron elegidos a trav\u00e9s del voto popular, empero los candidatos eran carentes de m\u00e9ritos por lo que, a manera de rechazo, la ciudadan\u00eda vot\u00f3 en blanco o nulo, sin embargo los que obtuvieron mayor\u00eda est\u00e1n instalados desde el 2017, \u201csupuestamente administrando justicia\u201d.<br \/>\nEn ese marco, acot\u00f3 que la forma de elecci\u00f3n de magistrados debe cambiar y debe primar los m\u00e9ritos, la experiencia y la calidad profesional.<br \/>\n\u201cTenemos que ver una manera distinta de elecci\u00f3n donde sea la propia comunidad a trav\u00e9s de sus representantes que seleccionen por concurso de m\u00e9ritos a los postulantes\u201d, acot\u00f3.<br \/>\nPara Del Granado es necesario incorporar en la CPE que el tres o cinco por ciento del Presupuesto General de la Naci\u00f3n sea para la administraci\u00f3n de justicia, porque el 0.5 % destinado actualmente es miserable.<br \/>\n\u201cEn tercer lugar tenemos que modificar las atribuciones del Consejo de la Judicatura, hay un retroceso en la Constituci\u00f3n del a\u00f1o 2009 porque el Consejo de la Judicatura ya no elabora el presupuesto judicial, otra vez son los jueces supremos los que lo hacen, manejando las arcas cuando solamente tienen que administrar justicia, hay que devolverle la atribuci\u00f3n presupuestaria al Consejo de la Judicatura\u201d, aclar\u00f3.<br \/>\nAsimismo, dijo que se debe enfrentar la falta de acceso y revalorizar a la justicia ind\u00edgena \u2013 originaria que \u2013en su criterio\u2013 est\u00e1 venida a menos en la propia Constituci\u00f3n porque est\u00e1 subordinada a la justicia ordinaria.<br \/>\nAsegur\u00f3 que se tiene generar una justicia de paz. \u201cTenemos que poner en la CPE a los jueces de paz que son ciudadanos del distrito, del municipio, elegidos por la propia gente que utilizan el arbitraje, la amable composici\u00f3n mediante pr\u00e1cticas ciudadanas para evitar que todos tengamos que ir a los tribunales, a los jueces, a los abogados y depender de la chicana y la corrupci\u00f3n\u201d, apunt\u00f3.<br \/>\nEn ese marco, dijo que a nivel nacional existen 80.000 abogados aproximadamente, entre hombres y mujeres de una gran calidad humana y profesional.<br \/>\n\u201cC\u00f3mo no vamos a poder seleccionar a los mejores para que sean los jueces supremos, los jueces departamentales y los jueces de sentencia. Somos como 80.000 abogados a nivel nacional y son 1.600 jueces y fiscales. Hay jueces y fiscales probos, lamentablemente son la excepci\u00f3n, por ello tenemos que ir a la reforma y hay con qui\u00e9n hacer la reforma en t\u00e9rminos de justicia\u201d, asever\u00f3.<\/p>\n<p>&nbsp;<\/p>\n","protected":false},"excerpt":{"rendered":"<p>El abogado y exalcalde de La Paz Juan del Granado anunci\u00f3 que junto a un grupo de abogados presentar\u00e1 en septiembre pr\u00f3ximo un planteamiento de reforma judicial v\u00eda refer\u00e9ndum ciudadano para iniciar los cambios que deben hacerse a la Constituci\u00f3n Pol\u00edtica del Estado (CPE). La exautoridad municipal manifest\u00f3 que la participaci\u00f3n de la poblaci\u00f3n puede [&hellip;]<\/p>\n","protected":false},"author":1,"featured_media":26270,"comment_status":"closed","ping_status":"closed","sticky":false,"template":"","format":"standard","meta":{"_acf_changed":false,"footnotes":""},"categories":[39],"tags":[],"class_list":["post-26269","post","type-post","status-publish","format-standard","has-post-thumbnail","category-sociedad"],"acf":{"antetitulo":""},"yoast_head":"<!-- This site is optimized with the Yoast SEO plugin v28.4 - https:\/\/yoast.com\/product\/yoast-seo-wordpress\/ -->\n<title>Del Granado plantea reforma judicial a trav\u00e9s de refer\u00e9ndum ciudadano - El Diario - Bolivia<\/title>\n<meta name=\"robots\" content=\"index, follow, max-snippet:-1, max-image-preview:large, max-video-preview:-1\" \/>\n<link rel=\"canonical\" href=\"https:\/\/www.eldiario.net\/portal\/2021\/08\/28\/del-granado-plantea-reforma-judicial-a-traves-de-referendum-ciudadano\/\" \/>\n<meta property=\"og:locale\" content=\"es_ES\" \/>\n<meta property=\"og:type\" content=\"article\" \/>\n<meta property=\"og:title\" content=\"Del Granado plantea reforma judicial a trav\u00e9s de refer\u00e9ndum ciudadano - El Diario - Bolivia\" \/>\n<meta property=\"og:description\" content=\"El abogado y exalcalde de La Paz Juan del Granado anunci\u00f3 que junto a un grupo de abogados presentar\u00e1 en septiembre pr\u00f3ximo un planteamiento de reforma judicial v\u00eda refer\u00e9ndum ciudadano para iniciar los cambios que deben hacerse a la Constituci\u00f3n Pol\u00edtica del Estado (CPE). La exautoridad municipal manifest\u00f3 que la participaci\u00f3n de la poblaci\u00f3n puede [&hellip;]\" \/>\n<meta property=\"og:url\" content=\"https:\/\/www.eldiario.net\/portal\/2021\/08\/28\/del-granado-plantea-reforma-judicial-a-traves-de-referendum-ciudadano\/\" \/>\n<meta property=\"og:site_name\" content=\"El Diario - Bolivia\" \/>\n<meta property=\"article:publisher\" content=\"https:\/\/www.facebook.com\/eldiario.bolivia\/\" \/>\n<meta property=\"article:published_time\" content=\"2021-08-28T10:44:55+00:00\" \/>\n<meta name=\"author\" content=\"Jeanette\" \/>\n<meta name=\"twitter:card\" content=\"summary_large_image\" \/>\n<meta name=\"twitter:creator\" content=\"@eldiario_net\" \/>\n<meta name=\"twitter:site\" content=\"@eldiario_net\" \/>\n<meta name=\"twitter:label1\" content=\"Escrito por\" \/>\n\t<meta name=\"twitter:data1\" content=\"Jeanette\" \/>\n\t<meta name=\"twitter:label2\" content=\"Tiempo de lectura\" \/>\n\t<meta name=\"twitter:data2\" content=\"4 minutos\" \/>\n<script type=\"application\/ld+json\" class=\"yoast-schema-graph\">{\"@context\":\"https:\\\/\\\/schema.org\",\"@graph\":[{\"@type\":\"Article\",\"@id\":\"https:\\\/\\\/www.eldiario.net\\\/portal\\\/2021\\\/08\\\/28\\\/del-granado-plantea-reforma-judicial-a-traves-de-referendum-ciudadano\\\/#article\",\"isPartOf\":{\"@id\":\"https:\\\/\\\/www.eldiario.net\\\/portal\\\/2021\\\/08\\\/28\\\/del-granado-plantea-reforma-judicial-a-traves-de-referendum-ciudadano\\\/\"},\"author\":{\"name\":\"Jeanette\",\"@id\":\"https:\\\/\\\/www.eldiario.net\\\/portal\\\/#\\\/schema\\\/person\\\/2c57cf2b7a7ae032e449e4c9b1019eac\"},\"headline\":\"Del Granado plantea reforma judicial a trav\u00e9s de refer\u00e9ndum ciudadano\",\"datePublished\":\"2021-08-28T10:44:55+00:00\",\"mainEntityOfPage\":{\"@id\":\"https:\\\/\\\/www.eldiario.net\\\/portal\\\/2021\\\/08\\\/28\\\/del-granado-plantea-reforma-judicial-a-traves-de-referendum-ciudadano\\\/\"},\"wordCount\":792,\"publisher\":{\"@id\":\"https:\\\/\\\/www.eldiario.net\\\/portal\\\/#organization\"},\"image\":{\"@id\":\"https:\\\/\\\/www.eldiario.net\\\/portal\\\/2021\\\/08\\\/28\\\/del-granado-plantea-reforma-judicial-a-traves-de-referendum-ciudadano\\\/#primaryimage\"},\"thumbnailUrl\":\"\",\"articleSection\":[\"Sociedad - Seguridad\"],\"inLanguage\":\"es\"},{\"@type\":\"WebPage\",\"@id\":\"https:\\\/\\\/www.eldiario.net\\\/portal\\\/2021\\\/08\\\/28\\\/del-granado-plantea-reforma-judicial-a-traves-de-referendum-ciudadano\\\/\",\"url\":\"https:\\\/\\\/www.eldiario.net\\\/portal\\\/2021\\\/08\\\/28\\\/del-granado-plantea-reforma-judicial-a-traves-de-referendum-ciudadano\\\/\",\"name\":\"Del Granado plantea reforma judicial a trav\u00e9s de refer\u00e9ndum ciudadano - El Diario - Bolivia\",\"isPartOf\":{\"@id\":\"https:\\\/\\\/www.eldiario.net\\\/portal\\\/#website\"},\"primaryImageOfPage\":{\"@id\":\"https:\\\/\\\/www.eldiario.net\\\/portal\\\/2021\\\/08\\\/28\\\/del-granado-plantea-reforma-judicial-a-traves-de-referendum-ciudadano\\\/#primaryimage\"},\"image\":{\"@id\":\"https:\\\/\\\/www.eldiario.net\\\/portal\\\/2021\\\/08\\\/28\\\/del-granado-plantea-reforma-judicial-a-traves-de-referendum-ciudadano\\\/#primaryimage\"},\"thumbnailUrl\":\"\",\"datePublished\":\"2021-08-28T10:44:55+00:00\",\"breadcrumb\":{\"@id\":\"https:\\\/\\\/www.eldiario.net\\\/portal\\\/2021\\\/08\\\/28\\\/del-granado-plantea-reforma-judicial-a-traves-de-referendum-ciudadano\\\/#breadcrumb\"},\"inLanguage\":\"es\",\"potentialAction\":[{\"@type\":\"ReadAction\",\"target\":[\"https:\\\/\\\/www.eldiario.net\\\/portal\\\/2021\\\/08\\\/28\\\/del-granado-plantea-reforma-judicial-a-traves-de-referendum-ciudadano\\\/\"]}]},{\"@type\":\"ImageObject\",\"inLanguage\":\"es\",\"@id\":\"https:\\\/\\\/www.eldiario.net\\\/portal\\\/2021\\\/08\\\/28\\\/del-granado-plantea-reforma-judicial-a-traves-de-referendum-ciudadano\\\/#primaryimage\",\"url\":\"\",\"contentUrl\":\"\"},{\"@type\":\"BreadcrumbList\",\"@id\":\"https:\\\/\\\/www.eldiario.net\\\/portal\\\/2021\\\/08\\\/28\\\/del-granado-plantea-reforma-judicial-a-traves-de-referendum-ciudadano\\\/#breadcrumb\",\"itemListElement\":[{\"@type\":\"ListItem\",\"position\":1,\"name\":\"Portada\",\"item\":\"https:\\\/\\\/www.eldiario.net\\\/portal\\\/\"},{\"@type\":\"ListItem\",\"position\":2,\"name\":\"Del Granado plantea reforma judicial a trav\u00e9s de refer\u00e9ndum ciudadano\"}]},{\"@type\":\"WebSite\",\"@id\":\"https:\\\/\\\/www.eldiario.net\\\/portal\\\/#website\",\"url\":\"https:\\\/\\\/www.eldiario.net\\\/portal\\\/\",\"name\":\"El Diario - Decano de la prensa nacional\",\"description\":\"El Diario - Decano de la prensa nacional\",\"publisher\":{\"@id\":\"https:\\\/\\\/www.eldiario.net\\\/portal\\\/#organization\"},\"potentialAction\":[{\"@type\":\"SearchAction\",\"target\":{\"@type\":\"EntryPoint\",\"urlTemplate\":\"https:\\\/\\\/www.eldiario.net\\\/portal\\\/?s={search_term_string}\"},\"query-input\":{\"@type\":\"PropertyValueSpecification\",\"valueRequired\":true,\"valueName\":\"search_term_string\"}}],\"inLanguage\":\"es\"},{\"@type\":\"Organization\",\"@id\":\"https:\\\/\\\/www.eldiario.net\\\/portal\\\/#organization\",\"name\":\"El Diario - Decano de la prensa nacional\",\"url\":\"https:\\\/\\\/www.eldiario.net\\\/portal\\\/\",\"logo\":{\"@type\":\"ImageObject\",\"inLanguage\":\"es\",\"@id\":\"https:\\\/\\\/www.eldiario.net\\\/portal\\\/#\\\/schema\\\/logo\\\/image\\\/\",\"url\":\"https:\\\/\\\/www.eldiario.net\\\/portal\\\/wp-content\\\/uploads\\\/2023\\\/07\\\/logo_ED.jpg\",\"contentUrl\":\"https:\\\/\\\/www.eldiario.net\\\/portal\\\/wp-content\\\/uploads\\\/2023\\\/07\\\/logo_ED.jpg\",\"width\":272,\"height\":52,\"caption\":\"El Diario - Decano de la prensa nacional\"},\"image\":{\"@id\":\"https:\\\/\\\/www.eldiario.net\\\/portal\\\/#\\\/schema\\\/logo\\\/image\\\/\"},\"sameAs\":[\"https:\\\/\\\/www.facebook.com\\\/eldiario.bolivia\\\/\",\"https:\\\/\\\/x.com\\\/eldiario_net\"]},{\"@type\":\"Person\",\"@id\":\"https:\\\/\\\/www.eldiario.net\\\/portal\\\/#\\\/schema\\\/person\\\/2c57cf2b7a7ae032e449e4c9b1019eac\",\"name\":\"Jeanette\",\"image\":{\"@type\":\"ImageObject\",\"inLanguage\":\"es\",\"@id\":\"https:\\\/\\\/secure.gravatar.com\\\/avatar\\\/3ea2118a5f7dad2b7138b1187a6b7ee55f160b9968b66013c3a3ef39dd7e5798?s=96&d=mm&r=g\",\"url\":\"https:\\\/\\\/secure.gravatar.com\\\/avatar\\\/3ea2118a5f7dad2b7138b1187a6b7ee55f160b9968b66013c3a3ef39dd7e5798?s=96&d=mm&r=g\",\"contentUrl\":\"https:\\\/\\\/secure.gravatar.com\\\/avatar\\\/3ea2118a5f7dad2b7138b1187a6b7ee55f160b9968b66013c3a3ef39dd7e5798?s=96&d=mm&r=g\",\"caption\":\"Jeanette\"},\"sameAs\":[\"https:\\\/\\\/www.eldiario.net\\\/portal\"],\"url\":\"https:\\\/\\\/www.eldiario.net\\\/portal\\\/author\\\/jeanette\\\/\"}]}<\/script>\n<!-- \/ Yoast SEO plugin. -->","yoast_head_json":{"title":"Del Granado plantea reforma judicial a trav\u00e9s de refer\u00e9ndum ciudadano - El Diario - Bolivia","robots":{"index":"index","follow":"follow","max-snippet":"max-snippet:-1","max-image-preview":"max-image-preview:large","max-video-preview":"max-video-preview:-1"},"canonical":"https:\/\/www.eldiario.net\/portal\/2021\/08\/28\/del-granado-plantea-reforma-judicial-a-traves-de-referendum-ciudadano\/","og_locale":"es_ES","og_type":"article","og_title":"Del Granado plantea reforma judicial a trav\u00e9s de refer\u00e9ndum ciudadano - El Diario - Bolivia","og_description":"El abogado y exalcalde de La Paz Juan del Granado anunci\u00f3 que junto a un grupo de abogados presentar\u00e1 en septiembre pr\u00f3ximo un planteamiento de reforma judicial v\u00eda refer\u00e9ndum ciudadano para iniciar los cambios que deben hacerse a la Constituci\u00f3n Pol\u00edtica del Estado (CPE). La exautoridad municipal manifest\u00f3 que la participaci\u00f3n de la poblaci\u00f3n puede [&hellip;]","og_url":"https:\/\/www.eldiario.net\/portal\/2021\/08\/28\/del-granado-plantea-reforma-judicial-a-traves-de-referendum-ciudadano\/","og_site_name":"El Diario - Bolivia","article_publisher":"https:\/\/www.facebook.com\/eldiario.bolivia\/","article_published_time":"2021-08-28T10:44:55+00:00","author":"Jeanette","twitter_card":"summary_large_image","twitter_creator":"@eldiario_net","twitter_site":"@eldiario_net","twitter_misc":{"Escrito por":"Jeanette","Tiempo de lectura":"4 minutos"},"schema":{"@context":"https:\/\/schema.org","@graph":[{"@type":"Article","@id":"https:\/\/www.eldiario.net\/portal\/2021\/08\/28\/del-granado-plantea-reforma-judicial-a-traves-de-referendum-ciudadano\/#article","isPartOf":{"@id":"https:\/\/www.eldiario.net\/portal\/2021\/08\/28\/del-granado-plantea-reforma-judicial-a-traves-de-referendum-ciudadano\/"},"author":{"name":"Jeanette","@id":"https:\/\/www.eldiario.net\/portal\/#\/schema\/person\/2c57cf2b7a7ae032e449e4c9b1019eac"},"headline":"Del Granado plantea reforma judicial a trav\u00e9s de refer\u00e9ndum ciudadano","datePublished":"2021-08-28T10:44:55+00:00","mainEntityOfPage":{"@id":"https:\/\/www.eldiario.net\/portal\/2021\/08\/28\/del-granado-plantea-reforma-judicial-a-traves-de-referendum-ciudadano\/"},"wordCount":792,"publisher":{"@id":"https:\/\/www.eldiario.net\/portal\/#organization"},"image":{"@id":"https:\/\/www.eldiario.net\/portal\/2021\/08\/28\/del-granado-plantea-reforma-judicial-a-traves-de-referendum-ciudadano\/#primaryimage"},"thumbnailUrl":"","articleSection":["Sociedad - Seguridad"],"inLanguage":"es"},{"@type":"WebPage","@id":"https:\/\/www.eldiario.net\/portal\/2021\/08\/28\/del-granado-plantea-reforma-judicial-a-traves-de-referendum-ciudadano\/","url":"https:\/\/www.eldiario.net\/portal\/2021\/08\/28\/del-granado-plantea-reforma-judicial-a-traves-de-referendum-ciudadano\/","name":"Del Granado plantea reforma judicial a trav\u00e9s de refer\u00e9ndum ciudadano - El Diario - Bolivia","isPartOf":{"@id":"https:\/\/www.eldiario.net\/portal\/#website"},"primaryImageOfPage":{"@id":"https:\/\/www.eldiario.net\/portal\/2021\/08\/28\/del-granado-plantea-reforma-judicial-a-traves-de-referendum-ciudadano\/#primaryimage"},"image":{"@id":"https:\/\/www.eldiario.net\/portal\/2021\/08\/28\/del-granado-plantea-reforma-judicial-a-traves-de-referendum-ciudadano\/#primaryimage"},"thumbnailUrl":"","datePublished":"2021-08-28T10:44:55+00:00","breadcrumb":{"@id":"https:\/\/www.eldiario.net\/portal\/2021\/08\/28\/del-granado-plantea-reforma-judicial-a-traves-de-referendum-ciudadano\/#breadcrumb"},"inLanguage":"es","potentialAction":[{"@type":"ReadAction","target":["https:\/\/www.eldiario.net\/portal\/2021\/08\/28\/del-granado-plantea-reforma-judicial-a-traves-de-referendum-ciudadano\/"]}]},{"@type":"ImageObject","inLanguage":"es","@id":"https:\/\/www.eldiario.net\/portal\/2021\/08\/28\/del-granado-plantea-reforma-judicial-a-traves-de-referendum-ciudadano\/#primaryimage","url":"","contentUrl":""},{"@type":"BreadcrumbList","@id":"https:\/\/www.eldiario.net\/portal\/2021\/08\/28\/del-granado-plantea-reforma-judicial-a-traves-de-referendum-ciudadano\/#breadcrumb","itemListElement":[{"@type":"ListItem","position":1,"name":"Portada","item":"https:\/\/www.eldiario.net\/portal\/"},{"@type":"ListItem","position":2,"name":"Del Granado plantea reforma judicial a trav\u00e9s de refer\u00e9ndum ciudadano"}]},{"@type":"WebSite","@id":"https:\/\/www.eldiario.net\/portal\/#website","url":"https:\/\/www.eldiario.net\/portal\/","name":"El Diario - Decano de la prensa nacional","description":"El Diario - Decano de la prensa nacional","publisher":{"@id":"https:\/\/www.eldiario.net\/portal\/#organization"},"potentialAction":[{"@type":"SearchAction","target":{"@type":"EntryPoint","urlTemplate":"https:\/\/www.eldiario.net\/portal\/?s={search_term_string}"},"query-input":{"@type":"PropertyValueSpecification","valueRequired":true,"valueName":"search_term_string"}}],"inLanguage":"es"},{"@type":"Organization","@id":"https:\/\/www.eldiario.net\/portal\/#organization","name":"El Diario - Decano de la prensa nacional","url":"https:\/\/www.eldiario.net\/portal\/","logo":{"@type":"ImageObject","inLanguage":"es","@id":"https:\/\/www.eldiario.net\/portal\/#\/schema\/logo\/image\/","url":"https:\/\/www.eldiario.net\/portal\/wp-content\/uploads\/2023\/07\/logo_ED.jpg","contentUrl":"https:\/\/www.eldiario.net\/portal\/wp-content\/uploads\/2023\/07\/logo_ED.jpg","width":272,"height":52,"caption":"El Diario - Decano de la prensa nacional"},"image":{"@id":"https:\/\/www.eldiario.net\/portal\/#\/schema\/logo\/image\/"},"sameAs":["https:\/\/www.facebook.com\/eldiario.bolivia\/","https:\/\/x.com\/eldiario_net"]},{"@type":"Person","@id":"https:\/\/www.eldiario.net\/portal\/#\/schema\/person\/2c57cf2b7a7ae032e449e4c9b1019eac","name":"Jeanette","image":{"@type":"ImageObject","inLanguage":"es","@id":"https:\/\/secure.gravatar.com\/avatar\/3ea2118a5f7dad2b7138b1187a6b7ee55f160b9968b66013c3a3ef39dd7e5798?s=96&d=mm&r=g","url":"https:\/\/secure.gravatar.com\/avatar\/3ea2118a5f7dad2b7138b1187a6b7ee55f160b9968b66013c3a3ef39dd7e5798?s=96&d=mm&r=g","contentUrl":"https:\/\/secure.gravatar.com\/avatar\/3ea2118a5f7dad2b7138b1187a6b7ee55f160b9968b66013c3a3ef39dd7e5798?s=96&d=mm&r=g","caption":"Jeanette"},"sameAs":["https:\/\/www.eldiario.net\/portal"],"url":"https:\/\/www.eldiario.net\/portal\/author\/jeanette\/"}]}},"_links":{"self":[{"href":"https:\/\/www.eldiario.net\/portal\/wp-json\/wp\/v2\/posts\/26269","targetHints":{"allow":["GET"]}}],"collection":[{"href":"https:\/\/www.eldiario.net\/portal\/wp-json\/wp\/v2\/posts"}],"about":[{"href":"https:\/\/www.eldiario.net\/portal\/wp-json\/wp\/v2\/types\/post"}],"author":[{"embeddable":true,"href":"https:\/\/www.eldiario.net\/portal\/wp-json\/wp\/v2\/users\/1"}],"replies":[{"embeddable":true,"href":"https:\/\/www.eldiario.net\/portal\/wp-json\/wp\/v2\/comments?post=26269"}],"version-history":[{"count":0,"href":"https:\/\/www.eldiario.net\/portal\/wp-json\/wp\/v2\/posts\/26269\/revisions"}],"wp:attachment":[{"href":"https:\/\/www.eldiario.net\/portal\/wp-json\/wp\/v2\/media?parent=26269"}],"wp:term":[{"taxonomy":"category","embeddable":true,"href":"https:\/\/www.eldiario.net\/portal\/wp-json\/wp\/v2\/categories?post=26269"},{"taxonomy":"post_tag","embeddable":true,"href":"https:\/\/www.eldiario.net\/portal\/wp-json\/wp\/v2\/tags?post=26269"}],"curies":[{"name":"wp","href":"https:\/\/api.w.org\/{rel}","templated":true}]}}