{"id":26266,"date":"2021-08-28T06:42:16","date_gmt":"2021-08-28T10:42:16","guid":{"rendered":"https:\/\/www.eldiario.net\/portal\/?p=26266"},"modified":"2021-08-28T06:42:16","modified_gmt":"2021-08-28T10:42:16","slug":"hospitales-en-emergencia-por-falta-de-contratos-y-escasez-en-farmacias","status":"publish","type":"post","link":"https:\/\/www.eldiario.net\/portal\/2021\/08\/28\/hospitales-en-emergencia-por-falta-de-contratos-y-escasez-en-farmacias\/","title":{"rendered":"Hospitales en emergencia por falta  de contratos y escasez en farmacias"},"content":{"rendered":"<p>Los hospitales municipales La Portada, Cotahuma, La Merced y Los Pinos se declararon ayer \u201cen estado de emergencia\u201d y exhortaron al Concejo Municipal de La Paz a que apruebe a la brevedad posible el presupuesto reformulado 2021 porque 400 trabajadores quedar\u00e1n sin contratos y sus farmacias se encuentran desabastecidas.<br \/>\n\u201cLa administraci\u00f3n municipal saliente program\u00f3 presupuesto para profesionales y personal de salud solo hasta junio y paulatinamente hasta el 1 de septiembre del 2021; estar\u00edamos perdiendo cerca de 400 funcionarios de primera l\u00ednea de atenci\u00f3n, lo que equivale al 80 % del personal asistencial que estuvo atendiendo en las tres olas de la pandemia, incluso a riesgo de sus propia salud y la de su familia\u201d, inform\u00f3 la directora del Hospital Municipal La Portada, F\u00e1tima Verduguez.<br \/>\nLa directora de La Portada ley\u00f3 un pronunciamiento oficial de los cuatro hospitales donde se resalta que por la falta de recursos econ\u00f3micos corren riesgo diversos servicios de salud al interior de los hospitales, desde la dotaci\u00f3n de medicamentos para la ciudadan\u00eda como la realizaci\u00f3n de estudios.<br \/>\n\u201cLa falta de presupuesto causa el desabastecimiento de las farmacias, que dotan de medicaci\u00f3n primordial a pacientes atendidos por el SUS (Sistema \u00danico de Salud) y los insumos que se utilizan para el procedimiento de estudios de laboratorios, ecograf\u00eda, rayos x, provocando limitaciones en la atenci\u00f3n a la poblaci\u00f3n, equipamiento utilizado para estudios de diagn\u00f3sticos, tratamiento quir\u00fargico, que en muchos casos se encuentran fuera de funcionamiento por falta de presupuesto para su mantenimiento\u201d, a\u00f1adi\u00f3 Verduguez.<br \/>\nDebido a esta situaci\u00f3n, la autoridad exhort\u00f3, a nombre de todos los cuatro establecimientos de salud, al Concejo Municipal a que apruebe el POA 2021 reformulado que, incluso, solo servir\u00e1 para atender dos meses de servicio.<br \/>\n\u201cExhortamos a los concejales miembros de la Comisi\u00f3n de Desarrollo Econ\u00f3mico y Financiero y al presidente del Concejo Municipal de La Paz aprobar, a la brevedad posible, el presupuesto reformulado para garantizar la atenci\u00f3n, por lo menos de dos meses, siendo que posteriormente se solicitar\u00e1 un presupuesto complementario para concluir la gesti\u00f3n 2021\u201d, a\u00f1adi\u00f3 Verduguez.<br \/>\nEn cuanto a la asignaci\u00f3n de recursos, la directora de La Portada indic\u00f3 que de siete millones de bolivianos solicitados solo han sido considerados dos millones. Mientras que en el Hospital Municipal Cotahuma, la directora Jimena Mercado explic\u00f3 que el presupuesto solicitado fue de 8,5 millones de bolivianos, de los cuales solo se tom\u00f3 en cuenta un presupuesto similar al de La Portada.<br \/>\nSe\u00f1al\u00f3 que en agosto, que ya termina, muchos contratos de personal de su hospital concluyen, \u201checho que nos resta la posibilidad de seguir sosteniendo los servicios de salud, tomando en cuenta que somos un hospital que atiende a 35 centros de salud de primer nivel\u201d, dijo Mercado, quien record\u00f3 que su personal atendi\u00f3 las tres olas de la pandemia de covid-19 hasta ahora.<br \/>\nPor otro lado, el concejal por el Movimiento al Socialismo (MAS), Pierre Cha\u00edn, neg\u00f3 este viernes que la bancada de su partido bloquee la aprobaci\u00f3n del Programa Operativo Anual (POA) reformulado 2021 de la Alcald\u00eda de La Paz, porque son minor\u00eda, pero denunci\u00f3 varias irregularidades en dicho documento.<br \/>\n\u201cEn la bancada del MAS somos cinco, y ellos, los oficialistas son seis. El que maneja el POA reformulado es el Ejecutivo, con sus secretarios y el alcalde (Iv\u00e1n Arias) y cuando mandan al Concejo ellos tienen mayor\u00eda (\u2026), entonces no nos pueden echar la culpa\u201d, dijo en entrevista con una red nacional, inform\u00f3 ABI.<br \/>\nExplic\u00f3 que, como autoridades fiscalizadoras del Ejecutivo Municipal, transparentaron el contenido del POA reformulado como la falta de partidas para los adultos mayores, para los microempresarios y se descubri\u00f3 que, a pesar de que la Alcald\u00eda est\u00e1 poblada de contratos, se destina Bs 11.750.000 para nuevos contratos.<\/p>\n","protected":false},"excerpt":{"rendered":"<p>Los hospitales municipales La Portada, Cotahuma, La Merced y Los Pinos se declararon ayer \u201cen estado de emergencia\u201d y exhortaron al Concejo Municipal de La Paz a que apruebe a la brevedad posible el presupuesto reformulado 2021 porque 400 trabajadores quedar\u00e1n sin contratos y sus farmacias se encuentran desabastecidas. \u201cLa administraci\u00f3n municipal saliente program\u00f3 presupuesto [&hellip;]<\/p>\n","protected":false},"author":1,"featured_media":26267,"comment_status":"closed","ping_status":"closed","sticky":false,"template":"","format":"standard","meta":{"_acf_changed":false,"footnotes":""},"categories":[12],"tags":[],"class_list":["post-26266","post","type-post","status-publish","format-standard","has-post-thumbnail","category-nacional"],"acf":{"antetitulo":""},"yoast_head":"<!-- This site is optimized with the Yoast SEO plugin v28.4 - https:\/\/yoast.com\/product\/yoast-seo-wordpress\/ -->\n<title>Hospitales en emergencia por falta de contratos y escasez en farmacias - El Diario - Bolivia<\/title>\n<meta name=\"robots\" content=\"index, follow, max-snippet:-1, max-image-preview:large, max-video-preview:-1\" \/>\n<link rel=\"canonical\" href=\"https:\/\/www.eldiario.net\/portal\/2021\/08\/28\/hospitales-en-emergencia-por-falta-de-contratos-y-escasez-en-farmacias\/\" \/>\n<meta property=\"og:locale\" content=\"es_ES\" \/>\n<meta property=\"og:type\" content=\"article\" \/>\n<meta property=\"og:title\" content=\"Hospitales en emergencia por falta de contratos y escasez en farmacias - El Diario - Bolivia\" \/>\n<meta property=\"og:description\" content=\"Los hospitales municipales La Portada, Cotahuma, La Merced y Los Pinos se declararon ayer \u201cen estado de emergencia\u201d y exhortaron al Concejo Municipal de La Paz a que apruebe a la brevedad posible el presupuesto reformulado 2021 porque 400 trabajadores quedar\u00e1n sin contratos y sus farmacias se encuentran desabastecidas. \u201cLa administraci\u00f3n municipal saliente program\u00f3 presupuesto [&hellip;]\" \/>\n<meta property=\"og:url\" content=\"https:\/\/www.eldiario.net\/portal\/2021\/08\/28\/hospitales-en-emergencia-por-falta-de-contratos-y-escasez-en-farmacias\/\" \/>\n<meta property=\"og:site_name\" content=\"El Diario - Bolivia\" \/>\n<meta property=\"article:publisher\" content=\"https:\/\/www.facebook.com\/eldiario.bolivia\/\" \/>\n<meta property=\"article:published_time\" content=\"2021-08-28T10:42:16+00:00\" \/>\n<meta name=\"author\" content=\"Jeanette\" \/>\n<meta name=\"twitter:card\" content=\"summary_large_image\" \/>\n<meta name=\"twitter:creator\" content=\"@eldiario_net\" \/>\n<meta name=\"twitter:site\" content=\"@eldiario_net\" \/>\n<meta name=\"twitter:label1\" content=\"Escrito por\" \/>\n\t<meta name=\"twitter:data1\" content=\"Jeanette\" \/>\n\t<meta name=\"twitter:label2\" content=\"Tiempo de lectura\" \/>\n\t<meta name=\"twitter:data2\" content=\"3 minutos\" \/>\n<script type=\"application\/ld+json\" class=\"yoast-schema-graph\">{\"@context\":\"https:\\\/\\\/schema.org\",\"@graph\":[{\"@type\":\"Article\",\"@id\":\"https:\\\/\\\/www.eldiario.net\\\/portal\\\/2021\\\/08\\\/28\\\/hospitales-en-emergencia-por-falta-de-contratos-y-escasez-en-farmacias\\\/#article\",\"isPartOf\":{\"@id\":\"https:\\\/\\\/www.eldiario.net\\\/portal\\\/2021\\\/08\\\/28\\\/hospitales-en-emergencia-por-falta-de-contratos-y-escasez-en-farmacias\\\/\"},\"author\":{\"name\":\"Jeanette\",\"@id\":\"https:\\\/\\\/www.eldiario.net\\\/portal\\\/#\\\/schema\\\/person\\\/2c57cf2b7a7ae032e449e4c9b1019eac\"},\"headline\":\"Hospitales en emergencia por falta de contratos y escasez en farmacias\",\"datePublished\":\"2021-08-28T10:42:16+00:00\",\"mainEntityOfPage\":{\"@id\":\"https:\\\/\\\/www.eldiario.net\\\/portal\\\/2021\\\/08\\\/28\\\/hospitales-en-emergencia-por-falta-de-contratos-y-escasez-en-farmacias\\\/\"},\"wordCount\":643,\"publisher\":{\"@id\":\"https:\\\/\\\/www.eldiario.net\\\/portal\\\/#organization\"},\"image\":{\"@id\":\"https:\\\/\\\/www.eldiario.net\\\/portal\\\/2021\\\/08\\\/28\\\/hospitales-en-emergencia-por-falta-de-contratos-y-escasez-en-farmacias\\\/#primaryimage\"},\"thumbnailUrl\":\"\",\"articleSection\":[\"Nacional\"],\"inLanguage\":\"es\"},{\"@type\":\"WebPage\",\"@id\":\"https:\\\/\\\/www.eldiario.net\\\/portal\\\/2021\\\/08\\\/28\\\/hospitales-en-emergencia-por-falta-de-contratos-y-escasez-en-farmacias\\\/\",\"url\":\"https:\\\/\\\/www.eldiario.net\\\/portal\\\/2021\\\/08\\\/28\\\/hospitales-en-emergencia-por-falta-de-contratos-y-escasez-en-farmacias\\\/\",\"name\":\"Hospitales en emergencia por falta de contratos y escasez en farmacias - El Diario - Bolivia\",\"isPartOf\":{\"@id\":\"https:\\\/\\\/www.eldiario.net\\\/portal\\\/#website\"},\"primaryImageOfPage\":{\"@id\":\"https:\\\/\\\/www.eldiario.net\\\/portal\\\/2021\\\/08\\\/28\\\/hospitales-en-emergencia-por-falta-de-contratos-y-escasez-en-farmacias\\\/#primaryimage\"},\"image\":{\"@id\":\"https:\\\/\\\/www.eldiario.net\\\/portal\\\/2021\\\/08\\\/28\\\/hospitales-en-emergencia-por-falta-de-contratos-y-escasez-en-farmacias\\\/#primaryimage\"},\"thumbnailUrl\":\"\",\"datePublished\":\"2021-08-28T10:42:16+00:00\",\"breadcrumb\":{\"@id\":\"https:\\\/\\\/www.eldiario.net\\\/portal\\\/2021\\\/08\\\/28\\\/hospitales-en-emergencia-por-falta-de-contratos-y-escasez-en-farmacias\\\/#breadcrumb\"},\"inLanguage\":\"es\",\"potentialAction\":[{\"@type\":\"ReadAction\",\"target\":[\"https:\\\/\\\/www.eldiario.net\\\/portal\\\/2021\\\/08\\\/28\\\/hospitales-en-emergencia-por-falta-de-contratos-y-escasez-en-farmacias\\\/\"]}]},{\"@type\":\"ImageObject\",\"inLanguage\":\"es\",\"@id\":\"https:\\\/\\\/www.eldiario.net\\\/portal\\\/2021\\\/08\\\/28\\\/hospitales-en-emergencia-por-falta-de-contratos-y-escasez-en-farmacias\\\/#primaryimage\",\"url\":\"\",\"contentUrl\":\"\"},{\"@type\":\"BreadcrumbList\",\"@id\":\"https:\\\/\\\/www.eldiario.net\\\/portal\\\/2021\\\/08\\\/28\\\/hospitales-en-emergencia-por-falta-de-contratos-y-escasez-en-farmacias\\\/#breadcrumb\",\"itemListElement\":[{\"@type\":\"ListItem\",\"position\":1,\"name\":\"Portada\",\"item\":\"https:\\\/\\\/www.eldiario.net\\\/portal\\\/\"},{\"@type\":\"ListItem\",\"position\":2,\"name\":\"Hospitales en emergencia por falta de contratos y escasez en farmacias\"}]},{\"@type\":\"WebSite\",\"@id\":\"https:\\\/\\\/www.eldiario.net\\\/portal\\\/#website\",\"url\":\"https:\\\/\\\/www.eldiario.net\\\/portal\\\/\",\"name\":\"El Diario - Decano de la prensa nacional\",\"description\":\"El Diario - Decano de la prensa nacional\",\"publisher\":{\"@id\":\"https:\\\/\\\/www.eldiario.net\\\/portal\\\/#organization\"},\"potentialAction\":[{\"@type\":\"SearchAction\",\"target\":{\"@type\":\"EntryPoint\",\"urlTemplate\":\"https:\\\/\\\/www.eldiario.net\\\/portal\\\/?s={search_term_string}\"},\"query-input\":{\"@type\":\"PropertyValueSpecification\",\"valueRequired\":true,\"valueName\":\"search_term_string\"}}],\"inLanguage\":\"es\"},{\"@type\":\"Organization\",\"@id\":\"https:\\\/\\\/www.eldiario.net\\\/portal\\\/#organization\",\"name\":\"El Diario - Decano de la prensa nacional\",\"url\":\"https:\\\/\\\/www.eldiario.net\\\/portal\\\/\",\"logo\":{\"@type\":\"ImageObject\",\"inLanguage\":\"es\",\"@id\":\"https:\\\/\\\/www.eldiario.net\\\/portal\\\/#\\\/schema\\\/logo\\\/image\\\/\",\"url\":\"https:\\\/\\\/www.eldiario.net\\\/portal\\\/wp-content\\\/uploads\\\/2023\\\/07\\\/logo_ED.jpg\",\"contentUrl\":\"https:\\\/\\\/www.eldiario.net\\\/portal\\\/wp-content\\\/uploads\\\/2023\\\/07\\\/logo_ED.jpg\",\"width\":272,\"height\":52,\"caption\":\"El Diario - Decano de la prensa nacional\"},\"image\":{\"@id\":\"https:\\\/\\\/www.eldiario.net\\\/portal\\\/#\\\/schema\\\/logo\\\/image\\\/\"},\"sameAs\":[\"https:\\\/\\\/www.facebook.com\\\/eldiario.bolivia\\\/\",\"https:\\\/\\\/x.com\\\/eldiario_net\"]},{\"@type\":\"Person\",\"@id\":\"https:\\\/\\\/www.eldiario.net\\\/portal\\\/#\\\/schema\\\/person\\\/2c57cf2b7a7ae032e449e4c9b1019eac\",\"name\":\"Jeanette\",\"image\":{\"@type\":\"ImageObject\",\"inLanguage\":\"es\",\"@id\":\"https:\\\/\\\/secure.gravatar.com\\\/avatar\\\/3ea2118a5f7dad2b7138b1187a6b7ee55f160b9968b66013c3a3ef39dd7e5798?s=96&d=mm&r=g\",\"url\":\"https:\\\/\\\/secure.gravatar.com\\\/avatar\\\/3ea2118a5f7dad2b7138b1187a6b7ee55f160b9968b66013c3a3ef39dd7e5798?s=96&d=mm&r=g\",\"contentUrl\":\"https:\\\/\\\/secure.gravatar.com\\\/avatar\\\/3ea2118a5f7dad2b7138b1187a6b7ee55f160b9968b66013c3a3ef39dd7e5798?s=96&d=mm&r=g\",\"caption\":\"Jeanette\"},\"sameAs\":[\"https:\\\/\\\/www.eldiario.net\\\/portal\"],\"url\":\"https:\\\/\\\/www.eldiario.net\\\/portal\\\/author\\\/jeanette\\\/\"}]}<\/script>\n<!-- \/ Yoast SEO plugin. -->","yoast_head_json":{"title":"Hospitales en emergencia por falta de contratos y escasez en farmacias - El Diario - Bolivia","robots":{"index":"index","follow":"follow","max-snippet":"max-snippet:-1","max-image-preview":"max-image-preview:large","max-video-preview":"max-video-preview:-1"},"canonical":"https:\/\/www.eldiario.net\/portal\/2021\/08\/28\/hospitales-en-emergencia-por-falta-de-contratos-y-escasez-en-farmacias\/","og_locale":"es_ES","og_type":"article","og_title":"Hospitales en emergencia por falta de contratos y escasez en farmacias - El Diario - Bolivia","og_description":"Los hospitales municipales La Portada, Cotahuma, La Merced y Los Pinos se declararon ayer \u201cen estado de emergencia\u201d y exhortaron al Concejo Municipal de La Paz a que apruebe a la brevedad posible el presupuesto reformulado 2021 porque 400 trabajadores quedar\u00e1n sin contratos y sus farmacias se encuentran desabastecidas. \u201cLa administraci\u00f3n municipal saliente program\u00f3 presupuesto [&hellip;]","og_url":"https:\/\/www.eldiario.net\/portal\/2021\/08\/28\/hospitales-en-emergencia-por-falta-de-contratos-y-escasez-en-farmacias\/","og_site_name":"El Diario - Bolivia","article_publisher":"https:\/\/www.facebook.com\/eldiario.bolivia\/","article_published_time":"2021-08-28T10:42:16+00:00","author":"Jeanette","twitter_card":"summary_large_image","twitter_creator":"@eldiario_net","twitter_site":"@eldiario_net","twitter_misc":{"Escrito por":"Jeanette","Tiempo de lectura":"3 minutos"},"schema":{"@context":"https:\/\/schema.org","@graph":[{"@type":"Article","@id":"https:\/\/www.eldiario.net\/portal\/2021\/08\/28\/hospitales-en-emergencia-por-falta-de-contratos-y-escasez-en-farmacias\/#article","isPartOf":{"@id":"https:\/\/www.eldiario.net\/portal\/2021\/08\/28\/hospitales-en-emergencia-por-falta-de-contratos-y-escasez-en-farmacias\/"},"author":{"name":"Jeanette","@id":"https:\/\/www.eldiario.net\/portal\/#\/schema\/person\/2c57cf2b7a7ae032e449e4c9b1019eac"},"headline":"Hospitales en emergencia por falta de contratos y escasez en farmacias","datePublished":"2021-08-28T10:42:16+00:00","mainEntityOfPage":{"@id":"https:\/\/www.eldiario.net\/portal\/2021\/08\/28\/hospitales-en-emergencia-por-falta-de-contratos-y-escasez-en-farmacias\/"},"wordCount":643,"publisher":{"@id":"https:\/\/www.eldiario.net\/portal\/#organization"},"image":{"@id":"https:\/\/www.eldiario.net\/portal\/2021\/08\/28\/hospitales-en-emergencia-por-falta-de-contratos-y-escasez-en-farmacias\/#primaryimage"},"thumbnailUrl":"","articleSection":["Nacional"],"inLanguage":"es"},{"@type":"WebPage","@id":"https:\/\/www.eldiario.net\/portal\/2021\/08\/28\/hospitales-en-emergencia-por-falta-de-contratos-y-escasez-en-farmacias\/","url":"https:\/\/www.eldiario.net\/portal\/2021\/08\/28\/hospitales-en-emergencia-por-falta-de-contratos-y-escasez-en-farmacias\/","name":"Hospitales en emergencia por falta de contratos y escasez en farmacias - El Diario - Bolivia","isPartOf":{"@id":"https:\/\/www.eldiario.net\/portal\/#website"},"primaryImageOfPage":{"@id":"https:\/\/www.eldiario.net\/portal\/2021\/08\/28\/hospitales-en-emergencia-por-falta-de-contratos-y-escasez-en-farmacias\/#primaryimage"},"image":{"@id":"https:\/\/www.eldiario.net\/portal\/2021\/08\/28\/hospitales-en-emergencia-por-falta-de-contratos-y-escasez-en-farmacias\/#primaryimage"},"thumbnailUrl":"","datePublished":"2021-08-28T10:42:16+00:00","breadcrumb":{"@id":"https:\/\/www.eldiario.net\/portal\/2021\/08\/28\/hospitales-en-emergencia-por-falta-de-contratos-y-escasez-en-farmacias\/#breadcrumb"},"inLanguage":"es","potentialAction":[{"@type":"ReadAction","target":["https:\/\/www.eldiario.net\/portal\/2021\/08\/28\/hospitales-en-emergencia-por-falta-de-contratos-y-escasez-en-farmacias\/"]}]},{"@type":"ImageObject","inLanguage":"es","@id":"https:\/\/www.eldiario.net\/portal\/2021\/08\/28\/hospitales-en-emergencia-por-falta-de-contratos-y-escasez-en-farmacias\/#primaryimage","url":"","contentUrl":""},{"@type":"BreadcrumbList","@id":"https:\/\/www.eldiario.net\/portal\/2021\/08\/28\/hospitales-en-emergencia-por-falta-de-contratos-y-escasez-en-farmacias\/#breadcrumb","itemListElement":[{"@type":"ListItem","position":1,"name":"Portada","item":"https:\/\/www.eldiario.net\/portal\/"},{"@type":"ListItem","position":2,"name":"Hospitales en emergencia por falta de contratos y escasez en farmacias"}]},{"@type":"WebSite","@id":"https:\/\/www.eldiario.net\/portal\/#website","url":"https:\/\/www.eldiario.net\/portal\/","name":"El Diario - Decano de la prensa nacional","description":"El Diario - Decano de la prensa nacional","publisher":{"@id":"https:\/\/www.eldiario.net\/portal\/#organization"},"potentialAction":[{"@type":"SearchAction","target":{"@type":"EntryPoint","urlTemplate":"https:\/\/www.eldiario.net\/portal\/?s={search_term_string}"},"query-input":{"@type":"PropertyValueSpecification","valueRequired":true,"valueName":"search_term_string"}}],"inLanguage":"es"},{"@type":"Organization","@id":"https:\/\/www.eldiario.net\/portal\/#organization","name":"El Diario - Decano de la prensa nacional","url":"https:\/\/www.eldiario.net\/portal\/","logo":{"@type":"ImageObject","inLanguage":"es","@id":"https:\/\/www.eldiario.net\/portal\/#\/schema\/logo\/image\/","url":"https:\/\/www.eldiario.net\/portal\/wp-content\/uploads\/2023\/07\/logo_ED.jpg","contentUrl":"https:\/\/www.eldiario.net\/portal\/wp-content\/uploads\/2023\/07\/logo_ED.jpg","width":272,"height":52,"caption":"El Diario - Decano de la prensa nacional"},"image":{"@id":"https:\/\/www.eldiario.net\/portal\/#\/schema\/logo\/image\/"},"sameAs":["https:\/\/www.facebook.com\/eldiario.bolivia\/","https:\/\/x.com\/eldiario_net"]},{"@type":"Person","@id":"https:\/\/www.eldiario.net\/portal\/#\/schema\/person\/2c57cf2b7a7ae032e449e4c9b1019eac","name":"Jeanette","image":{"@type":"ImageObject","inLanguage":"es","@id":"https:\/\/secure.gravatar.com\/avatar\/3ea2118a5f7dad2b7138b1187a6b7ee55f160b9968b66013c3a3ef39dd7e5798?s=96&d=mm&r=g","url":"https:\/\/secure.gravatar.com\/avatar\/3ea2118a5f7dad2b7138b1187a6b7ee55f160b9968b66013c3a3ef39dd7e5798?s=96&d=mm&r=g","contentUrl":"https:\/\/secure.gravatar.com\/avatar\/3ea2118a5f7dad2b7138b1187a6b7ee55f160b9968b66013c3a3ef39dd7e5798?s=96&d=mm&r=g","caption":"Jeanette"},"sameAs":["https:\/\/www.eldiario.net\/portal"],"url":"https:\/\/www.eldiario.net\/portal\/author\/jeanette\/"}]}},"_links":{"self":[{"href":"https:\/\/www.eldiario.net\/portal\/wp-json\/wp\/v2\/posts\/26266","targetHints":{"allow":["GET"]}}],"collection":[{"href":"https:\/\/www.eldiario.net\/portal\/wp-json\/wp\/v2\/posts"}],"about":[{"href":"https:\/\/www.eldiario.net\/portal\/wp-json\/wp\/v2\/types\/post"}],"author":[{"embeddable":true,"href":"https:\/\/www.eldiario.net\/portal\/wp-json\/wp\/v2\/users\/1"}],"replies":[{"embeddable":true,"href":"https:\/\/www.eldiario.net\/portal\/wp-json\/wp\/v2\/comments?post=26266"}],"version-history":[{"count":0,"href":"https:\/\/www.eldiario.net\/portal\/wp-json\/wp\/v2\/posts\/26266\/revisions"}],"wp:attachment":[{"href":"https:\/\/www.eldiario.net\/portal\/wp-json\/wp\/v2\/media?parent=26266"}],"wp:term":[{"taxonomy":"category","embeddable":true,"href":"https:\/\/www.eldiario.net\/portal\/wp-json\/wp\/v2\/categories?post=26266"},{"taxonomy":"post_tag","embeddable":true,"href":"https:\/\/www.eldiario.net\/portal\/wp-json\/wp\/v2\/tags?post=26266"}],"curies":[{"name":"wp","href":"https:\/\/api.w.org\/{rel}","templated":true}]}}