{"id":262536,"date":"2024-11-21T06:01:54","date_gmt":"2024-11-21T10:01:54","guid":{"rendered":"https:\/\/www.eldiario.net\/portal\/?p=262536"},"modified":"2024-11-21T06:01:54","modified_gmt":"2024-11-21T10:01:54","slug":"notre-dame-reabre-al-publico-el-8-de-diciembre-tras-incendio","status":"publish","type":"post","link":"https:\/\/www.eldiario.net\/portal\/2024\/11\/21\/notre-dame-reabre-al-publico-el-8-de-diciembre-tras-incendio\/","title":{"rendered":"Notre Dame reabre al p\u00fablico  el 8 de diciembre tras incendio"},"content":{"rendered":"<p>En concreto, en el d\u00eda previo, el 7 de diciembre, se celebrar\u00e1 un acto ceremonial en la catedral, presidido por el arzobispo de Par\u00eds, en presencia del presidente franc\u00e9s, Emmanuel Macron, que se dirigir\u00e1 a un gran n\u00famero de jefes de Estado y de Gobierno, funcionarios, mecenas, invitados conjuntamente por el Estado y la di\u00f3cesis, entre otros.<\/p>\n<p>Despu\u00e9s, el 8 de diciembre dar\u00e1 comienzo una reapertura de ocho d\u00edas de la catedral, permitiendo el acceso a los fieles de Par\u00eds y visitantes hasta las 22.00 horas. Finalmente, Notre Dame volver\u00e1 a la normalidad a partir del 16 de diciembre.<\/p>\n<p>Las reservas gratuitas para acceder al monumento se realizar\u00e1n a trav\u00e9s de una plataforma \u201conline\u201d, con el fin de limitar el tiempo de espera en la entrada de la catedral. Estar\u00e1n disponibles a principios de diciembre.<\/p>\n<p>As\u00ed, los visitantes individuales podr\u00e1n reservar una franja horaria la v\u00edspera, el d\u00eda anterior o el mismo d\u00eda. Sin embargo, seguir\u00e1 habiendo cola en la explanada sin reserva.<\/p>\n<p>Seg\u00fan un comunicado del monumento, cerca de 40.000 peregrinos, entre ellos 8.000 escolares, ya se inscribieron en el servicio de peregrinaci\u00f3n de la catedral. La visita a Notre Dame consiste en un recorrido silencioso de 30 minutos alrededor de la catedral, con cinco estaciones.<\/p>\n<p>Por su parte, la inscripci\u00f3n de grupos culturales comenzar\u00e1 en marzo de 2025 en una plataforma para coordinar las entradas de grupos, que ser\u00e1n recibidos en la catedral a partir del 9 de junio del pr\u00f3ximo a\u00f1o.<\/p>\n<p>Antes del incendio, Notre Dame fue el monumento m\u00e1s visitado de Francia con 14 millones de visitantes en 2018 y uno de los primeros del mundo.<\/p>\n<p>Seg\u00fan la Organizaci\u00f3n Mundial de Turismo (OMT), esta catedral lideraba las visitas mundiales por delante de otros como la Gran Muralla China (9 millones de turistas), la Opera de Sidney (7,5 millones), la Torre Eiffel (7 millones), el Lincoln Memorial de Washington (6 millones) o el Coliseo de Roma (5 millones).<\/p>\n<p>&nbsp;<\/p>\n<p>GOBIERNO PROPONE COBRAR ENTRADA<\/p>\n<p>Por otro lado, en una reciente entrevista a \u201cLe Figaro\u201d, la ministra de Cultura de Francia, Rachida Dati, propuso que la entrada a Notre Dame tras la reapertura deje de ser gratuita para los turistas, de tal manera que quienes quieran acceder al interior abonen una \u00abtarifa simb\u00f3lica\u00bb de cinco euros.<\/p>\n<p>Adem\u00e1s, Dati explic\u00f3 en una entrevista a \u201cLe Figaro\u201d que esta tasa permitir\u00eda recaudar unos 75 millones de euros al a\u00f1o, suficiente para \u00absalvar todas las iglesias de Par\u00eds y de Francia\u00bb, dentro de las ideas que se barajan para el emblem\u00e1tico templo tras la reapertura en diciembre.<\/p>\n<p>Como respuesta, la presidenta de la regi\u00f3n metropolitana de Par\u00eds, Val\u00e9rie Pecresse, consider\u00f3 una \u00abmuy buena idea\u00bb, si bien plante\u00f3 circunscribir el pago a \u00abturistas\u00bb y no a los \u00abfieles\u00bb que acuden a rezar, lo que llev\u00f3 a Dati a matizar en redes sociales que \u00ablos oficios deben por supuesto seguir siendo de acceso libre y gratuito\u00bb.(EP)<\/p>\n","protected":false},"excerpt":{"rendered":"<p>En concreto, en el d\u00eda previo, el 7 de diciembre, se celebrar\u00e1 un acto ceremonial en la catedral, presidido por el arzobispo de Par\u00eds, en presencia del presidente franc\u00e9s, Emmanuel Macron, que se dirigir\u00e1 a un gran n\u00famero de jefes de Estado y de Gobierno, funcionarios, mecenas, invitados conjuntamente por el Estado y la di\u00f3cesis, [&hellip;]<\/p>\n","protected":false},"author":1,"featured_media":262537,"comment_status":"closed","ping_status":"open","sticky":false,"template":"","format":"standard","meta":{"_acf_changed":false,"footnotes":""},"categories":[3],"tags":[],"class_list":["post-262536","post","type-post","status-publish","format-standard","has-post-thumbnail","category-internacional"],"acf":{"antetitulo":"Francia"},"yoast_head":"<!-- This site is optimized with the Yoast SEO plugin v28.3 - https:\/\/yoast.com\/product\/yoast-seo-wordpress\/ -->\n<title>Notre Dame reabre al p\u00fablico el 8 de diciembre tras incendio - El Diario - Bolivia<\/title>\n<meta name=\"robots\" content=\"index, follow, max-snippet:-1, max-image-preview:large, max-video-preview:-1\" \/>\n<link rel=\"canonical\" href=\"https:\/\/www.eldiario.net\/portal\/2024\/11\/21\/notre-dame-reabre-al-publico-el-8-de-diciembre-tras-incendio\/\" \/>\n<meta property=\"og:locale\" content=\"es_ES\" \/>\n<meta property=\"og:type\" content=\"article\" \/>\n<meta property=\"og:title\" content=\"Notre Dame reabre al p\u00fablico el 8 de diciembre tras incendio - El Diario - Bolivia\" \/>\n<meta property=\"og:description\" content=\"En concreto, en el d\u00eda previo, el 7 de diciembre, se celebrar\u00e1 un acto ceremonial en la catedral, presidido por el arzobispo de Par\u00eds, en presencia del presidente franc\u00e9s, Emmanuel Macron, que se dirigir\u00e1 a un gran n\u00famero de jefes de Estado y de Gobierno, funcionarios, mecenas, invitados conjuntamente por el Estado y la di\u00f3cesis, [&hellip;]\" \/>\n<meta property=\"og:url\" content=\"https:\/\/www.eldiario.net\/portal\/2024\/11\/21\/notre-dame-reabre-al-publico-el-8-de-diciembre-tras-incendio\/\" \/>\n<meta property=\"og:site_name\" content=\"El Diario - Bolivia\" \/>\n<meta property=\"article:publisher\" content=\"https:\/\/www.facebook.com\/eldiario.bolivia\/\" \/>\n<meta property=\"article:published_time\" content=\"2024-11-21T10:01:54+00:00\" \/>\n<meta property=\"og:image\" content=\"https:\/\/www.eldiario.net\/portal\/wp-content\/uploads\/2024\/11\/NOTRE-FOTO.jpg\" \/>\n\t<meta property=\"og:image:width\" content=\"1200\" \/>\n\t<meta property=\"og:image:height\" content=\"675\" \/>\n\t<meta property=\"og:image:type\" content=\"image\/jpeg\" \/>\n<meta name=\"author\" content=\"Jeanette\" \/>\n<meta name=\"twitter:card\" content=\"summary_large_image\" \/>\n<meta name=\"twitter:creator\" content=\"@eldiario_net\" \/>\n<meta name=\"twitter:site\" content=\"@eldiario_net\" \/>\n<meta name=\"twitter:label1\" content=\"Escrito por\" \/>\n\t<meta name=\"twitter:data1\" content=\"Jeanette\" \/>\n\t<meta name=\"twitter:label2\" content=\"Tiempo de lectura\" \/>\n\t<meta name=\"twitter:data2\" content=\"3 minutos\" \/>\n<script type=\"application\/ld+json\" class=\"yoast-schema-graph\">{\"@context\":\"https:\\\/\\\/schema.org\",\"@graph\":[{\"@type\":\"Article\",\"@id\":\"https:\\\/\\\/www.eldiario.net\\\/portal\\\/2024\\\/11\\\/21\\\/notre-dame-reabre-al-publico-el-8-de-diciembre-tras-incendio\\\/#article\",\"isPartOf\":{\"@id\":\"https:\\\/\\\/www.eldiario.net\\\/portal\\\/2024\\\/11\\\/21\\\/notre-dame-reabre-al-publico-el-8-de-diciembre-tras-incendio\\\/\"},\"author\":{\"name\":\"Jeanette\",\"@id\":\"https:\\\/\\\/www.eldiario.net\\\/portal\\\/#\\\/schema\\\/person\\\/f46445640444750d7d753ccd04ae01b7\"},\"headline\":\"Notre Dame reabre al p\u00fablico el 8 de diciembre tras incendio\",\"datePublished\":\"2024-11-21T10:01:54+00:00\",\"mainEntityOfPage\":{\"@id\":\"https:\\\/\\\/www.eldiario.net\\\/portal\\\/2024\\\/11\\\/21\\\/notre-dame-reabre-al-publico-el-8-de-diciembre-tras-incendio\\\/\"},\"wordCount\":510,\"publisher\":{\"@id\":\"https:\\\/\\\/www.eldiario.net\\\/portal\\\/#organization\"},\"image\":{\"@id\":\"https:\\\/\\\/www.eldiario.net\\\/portal\\\/2024\\\/11\\\/21\\\/notre-dame-reabre-al-publico-el-8-de-diciembre-tras-incendio\\\/#primaryimage\"},\"thumbnailUrl\":\"https:\\\/\\\/www.eldiario.net\\\/portal\\\/wp-content\\\/uploads\\\/2024\\\/11\\\/NOTRE-FOTO.jpg\",\"articleSection\":[\"Internacional\"],\"inLanguage\":\"es\"},{\"@type\":\"WebPage\",\"@id\":\"https:\\\/\\\/www.eldiario.net\\\/portal\\\/2024\\\/11\\\/21\\\/notre-dame-reabre-al-publico-el-8-de-diciembre-tras-incendio\\\/\",\"url\":\"https:\\\/\\\/www.eldiario.net\\\/portal\\\/2024\\\/11\\\/21\\\/notre-dame-reabre-al-publico-el-8-de-diciembre-tras-incendio\\\/\",\"name\":\"Notre Dame reabre al p\u00fablico el 8 de diciembre tras incendio - El Diario - Bolivia\",\"isPartOf\":{\"@id\":\"https:\\\/\\\/www.eldiario.net\\\/portal\\\/#website\"},\"primaryImageOfPage\":{\"@id\":\"https:\\\/\\\/www.eldiario.net\\\/portal\\\/2024\\\/11\\\/21\\\/notre-dame-reabre-al-publico-el-8-de-diciembre-tras-incendio\\\/#primaryimage\"},\"image\":{\"@id\":\"https:\\\/\\\/www.eldiario.net\\\/portal\\\/2024\\\/11\\\/21\\\/notre-dame-reabre-al-publico-el-8-de-diciembre-tras-incendio\\\/#primaryimage\"},\"thumbnailUrl\":\"https:\\\/\\\/www.eldiario.net\\\/portal\\\/wp-content\\\/uploads\\\/2024\\\/11\\\/NOTRE-FOTO.jpg\",\"datePublished\":\"2024-11-21T10:01:54+00:00\",\"breadcrumb\":{\"@id\":\"https:\\\/\\\/www.eldiario.net\\\/portal\\\/2024\\\/11\\\/21\\\/notre-dame-reabre-al-publico-el-8-de-diciembre-tras-incendio\\\/#breadcrumb\"},\"inLanguage\":\"es\",\"potentialAction\":[{\"@type\":\"ReadAction\",\"target\":[\"https:\\\/\\\/www.eldiario.net\\\/portal\\\/2024\\\/11\\\/21\\\/notre-dame-reabre-al-publico-el-8-de-diciembre-tras-incendio\\\/\"]}]},{\"@type\":\"ImageObject\",\"inLanguage\":\"es\",\"@id\":\"https:\\\/\\\/www.eldiario.net\\\/portal\\\/2024\\\/11\\\/21\\\/notre-dame-reabre-al-publico-el-8-de-diciembre-tras-incendio\\\/#primaryimage\",\"url\":\"https:\\\/\\\/www.eldiario.net\\\/portal\\\/wp-content\\\/uploads\\\/2024\\\/11\\\/NOTRE-FOTO.jpg\",\"contentUrl\":\"https:\\\/\\\/www.eldiario.net\\\/portal\\\/wp-content\\\/uploads\\\/2024\\\/11\\\/NOTRE-FOTO.jpg\",\"width\":1200,\"height\":675,\"caption\":\"Notre Dame reabrir\u00e1 sus puertas el 8 de diciembre. CREDITO: ANF\"},{\"@type\":\"BreadcrumbList\",\"@id\":\"https:\\\/\\\/www.eldiario.net\\\/portal\\\/2024\\\/11\\\/21\\\/notre-dame-reabre-al-publico-el-8-de-diciembre-tras-incendio\\\/#breadcrumb\",\"itemListElement\":[{\"@type\":\"ListItem\",\"position\":1,\"name\":\"Portada\",\"item\":\"https:\\\/\\\/www.eldiario.net\\\/portal\\\/\"},{\"@type\":\"ListItem\",\"position\":2,\"name\":\"Notre Dame reabre al p\u00fablico el 8 de diciembre tras incendio\"}]},{\"@type\":\"WebSite\",\"@id\":\"https:\\\/\\\/www.eldiario.net\\\/portal\\\/#website\",\"url\":\"https:\\\/\\\/www.eldiario.net\\\/portal\\\/\",\"name\":\"El Diario - Decano de la prensa nacional\",\"description\":\"El Diario - Decano de la prensa nacional\",\"publisher\":{\"@id\":\"https:\\\/\\\/www.eldiario.net\\\/portal\\\/#organization\"},\"potentialAction\":[{\"@type\":\"SearchAction\",\"target\":{\"@type\":\"EntryPoint\",\"urlTemplate\":\"https:\\\/\\\/www.eldiario.net\\\/portal\\\/?s={search_term_string}\"},\"query-input\":{\"@type\":\"PropertyValueSpecification\",\"valueRequired\":true,\"valueName\":\"search_term_string\"}}],\"inLanguage\":\"es\"},{\"@type\":\"Organization\",\"@id\":\"https:\\\/\\\/www.eldiario.net\\\/portal\\\/#organization\",\"name\":\"El Diario - Decano de la prensa nacional\",\"url\":\"https:\\\/\\\/www.eldiario.net\\\/portal\\\/\",\"logo\":{\"@type\":\"ImageObject\",\"inLanguage\":\"es\",\"@id\":\"https:\\\/\\\/www.eldiario.net\\\/portal\\\/#\\\/schema\\\/logo\\\/image\\\/\",\"url\":\"https:\\\/\\\/www.eldiario.net\\\/portal\\\/wp-content\\\/uploads\\\/2023\\\/07\\\/logo_ED.jpg\",\"contentUrl\":\"https:\\\/\\\/www.eldiario.net\\\/portal\\\/wp-content\\\/uploads\\\/2023\\\/07\\\/logo_ED.jpg\",\"width\":272,\"height\":52,\"caption\":\"El Diario - Decano de la prensa nacional\"},\"image\":{\"@id\":\"https:\\\/\\\/www.eldiario.net\\\/portal\\\/#\\\/schema\\\/logo\\\/image\\\/\"},\"sameAs\":[\"https:\\\/\\\/www.facebook.com\\\/eldiario.bolivia\\\/\",\"https:\\\/\\\/x.com\\\/eldiario_net\"]},{\"@type\":\"Person\",\"@id\":\"https:\\\/\\\/www.eldiario.net\\\/portal\\\/#\\\/schema\\\/person\\\/f46445640444750d7d753ccd04ae01b7\",\"name\":\"Jeanette\",\"image\":{\"@type\":\"ImageObject\",\"inLanguage\":\"es\",\"@id\":\"https:\\\/\\\/secure.gravatar.com\\\/avatar\\\/3ea2118a5f7dad2b7138b1187a6b7ee55f160b9968b66013c3a3ef39dd7e5798?s=96&d=mm&r=g\",\"url\":\"https:\\\/\\\/secure.gravatar.com\\\/avatar\\\/3ea2118a5f7dad2b7138b1187a6b7ee55f160b9968b66013c3a3ef39dd7e5798?s=96&d=mm&r=g\",\"contentUrl\":\"https:\\\/\\\/secure.gravatar.com\\\/avatar\\\/3ea2118a5f7dad2b7138b1187a6b7ee55f160b9968b66013c3a3ef39dd7e5798?s=96&d=mm&r=g\",\"caption\":\"Jeanette\"},\"sameAs\":[\"https:\\\/\\\/www.eldiario.net\\\/portal\"],\"url\":\"https:\\\/\\\/www.eldiario.net\\\/portal\\\/author\\\/jeanette\\\/\"}]}<\/script>\n<!-- \/ Yoast SEO plugin. -->","yoast_head_json":{"title":"Notre Dame reabre al p\u00fablico el 8 de diciembre tras incendio - El Diario - Bolivia","robots":{"index":"index","follow":"follow","max-snippet":"max-snippet:-1","max-image-preview":"max-image-preview:large","max-video-preview":"max-video-preview:-1"},"canonical":"https:\/\/www.eldiario.net\/portal\/2024\/11\/21\/notre-dame-reabre-al-publico-el-8-de-diciembre-tras-incendio\/","og_locale":"es_ES","og_type":"article","og_title":"Notre Dame reabre al p\u00fablico el 8 de diciembre tras incendio - El Diario - Bolivia","og_description":"En concreto, en el d\u00eda previo, el 7 de diciembre, se celebrar\u00e1 un acto ceremonial en la catedral, presidido por el arzobispo de Par\u00eds, en presencia del presidente franc\u00e9s, Emmanuel Macron, que se dirigir\u00e1 a un gran n\u00famero de jefes de Estado y de Gobierno, funcionarios, mecenas, invitados conjuntamente por el Estado y la di\u00f3cesis, [&hellip;]","og_url":"https:\/\/www.eldiario.net\/portal\/2024\/11\/21\/notre-dame-reabre-al-publico-el-8-de-diciembre-tras-incendio\/","og_site_name":"El Diario - Bolivia","article_publisher":"https:\/\/www.facebook.com\/eldiario.bolivia\/","article_published_time":"2024-11-21T10:01:54+00:00","og_image":[{"width":1200,"height":675,"url":"https:\/\/www.eldiario.net\/portal\/wp-content\/uploads\/2024\/11\/NOTRE-FOTO.jpg","type":"image\/jpeg"}],"author":"Jeanette","twitter_card":"summary_large_image","twitter_creator":"@eldiario_net","twitter_site":"@eldiario_net","twitter_misc":{"Escrito por":"Jeanette","Tiempo de lectura":"3 minutos"},"schema":{"@context":"https:\/\/schema.org","@graph":[{"@type":"Article","@id":"https:\/\/www.eldiario.net\/portal\/2024\/11\/21\/notre-dame-reabre-al-publico-el-8-de-diciembre-tras-incendio\/#article","isPartOf":{"@id":"https:\/\/www.eldiario.net\/portal\/2024\/11\/21\/notre-dame-reabre-al-publico-el-8-de-diciembre-tras-incendio\/"},"author":{"name":"Jeanette","@id":"https:\/\/www.eldiario.net\/portal\/#\/schema\/person\/f46445640444750d7d753ccd04ae01b7"},"headline":"Notre Dame reabre al p\u00fablico el 8 de diciembre tras incendio","datePublished":"2024-11-21T10:01:54+00:00","mainEntityOfPage":{"@id":"https:\/\/www.eldiario.net\/portal\/2024\/11\/21\/notre-dame-reabre-al-publico-el-8-de-diciembre-tras-incendio\/"},"wordCount":510,"publisher":{"@id":"https:\/\/www.eldiario.net\/portal\/#organization"},"image":{"@id":"https:\/\/www.eldiario.net\/portal\/2024\/11\/21\/notre-dame-reabre-al-publico-el-8-de-diciembre-tras-incendio\/#primaryimage"},"thumbnailUrl":"https:\/\/www.eldiario.net\/portal\/wp-content\/uploads\/2024\/11\/NOTRE-FOTO.jpg","articleSection":["Internacional"],"inLanguage":"es"},{"@type":"WebPage","@id":"https:\/\/www.eldiario.net\/portal\/2024\/11\/21\/notre-dame-reabre-al-publico-el-8-de-diciembre-tras-incendio\/","url":"https:\/\/www.eldiario.net\/portal\/2024\/11\/21\/notre-dame-reabre-al-publico-el-8-de-diciembre-tras-incendio\/","name":"Notre Dame reabre al p\u00fablico el 8 de diciembre tras incendio - El Diario - Bolivia","isPartOf":{"@id":"https:\/\/www.eldiario.net\/portal\/#website"},"primaryImageOfPage":{"@id":"https:\/\/www.eldiario.net\/portal\/2024\/11\/21\/notre-dame-reabre-al-publico-el-8-de-diciembre-tras-incendio\/#primaryimage"},"image":{"@id":"https:\/\/www.eldiario.net\/portal\/2024\/11\/21\/notre-dame-reabre-al-publico-el-8-de-diciembre-tras-incendio\/#primaryimage"},"thumbnailUrl":"https:\/\/www.eldiario.net\/portal\/wp-content\/uploads\/2024\/11\/NOTRE-FOTO.jpg","datePublished":"2024-11-21T10:01:54+00:00","breadcrumb":{"@id":"https:\/\/www.eldiario.net\/portal\/2024\/11\/21\/notre-dame-reabre-al-publico-el-8-de-diciembre-tras-incendio\/#breadcrumb"},"inLanguage":"es","potentialAction":[{"@type":"ReadAction","target":["https:\/\/www.eldiario.net\/portal\/2024\/11\/21\/notre-dame-reabre-al-publico-el-8-de-diciembre-tras-incendio\/"]}]},{"@type":"ImageObject","inLanguage":"es","@id":"https:\/\/www.eldiario.net\/portal\/2024\/11\/21\/notre-dame-reabre-al-publico-el-8-de-diciembre-tras-incendio\/#primaryimage","url":"https:\/\/www.eldiario.net\/portal\/wp-content\/uploads\/2024\/11\/NOTRE-FOTO.jpg","contentUrl":"https:\/\/www.eldiario.net\/portal\/wp-content\/uploads\/2024\/11\/NOTRE-FOTO.jpg","width":1200,"height":675,"caption":"Notre Dame reabrir\u00e1 sus puertas el 8 de diciembre. CREDITO: ANF"},{"@type":"BreadcrumbList","@id":"https:\/\/www.eldiario.net\/portal\/2024\/11\/21\/notre-dame-reabre-al-publico-el-8-de-diciembre-tras-incendio\/#breadcrumb","itemListElement":[{"@type":"ListItem","position":1,"name":"Portada","item":"https:\/\/www.eldiario.net\/portal\/"},{"@type":"ListItem","position":2,"name":"Notre Dame reabre al p\u00fablico el 8 de diciembre tras incendio"}]},{"@type":"WebSite","@id":"https:\/\/www.eldiario.net\/portal\/#website","url":"https:\/\/www.eldiario.net\/portal\/","name":"El Diario - Decano de la prensa nacional","description":"El Diario - Decano de la prensa nacional","publisher":{"@id":"https:\/\/www.eldiario.net\/portal\/#organization"},"potentialAction":[{"@type":"SearchAction","target":{"@type":"EntryPoint","urlTemplate":"https:\/\/www.eldiario.net\/portal\/?s={search_term_string}"},"query-input":{"@type":"PropertyValueSpecification","valueRequired":true,"valueName":"search_term_string"}}],"inLanguage":"es"},{"@type":"Organization","@id":"https:\/\/www.eldiario.net\/portal\/#organization","name":"El Diario - Decano de la prensa nacional","url":"https:\/\/www.eldiario.net\/portal\/","logo":{"@type":"ImageObject","inLanguage":"es","@id":"https:\/\/www.eldiario.net\/portal\/#\/schema\/logo\/image\/","url":"https:\/\/www.eldiario.net\/portal\/wp-content\/uploads\/2023\/07\/logo_ED.jpg","contentUrl":"https:\/\/www.eldiario.net\/portal\/wp-content\/uploads\/2023\/07\/logo_ED.jpg","width":272,"height":52,"caption":"El Diario - Decano de la prensa nacional"},"image":{"@id":"https:\/\/www.eldiario.net\/portal\/#\/schema\/logo\/image\/"},"sameAs":["https:\/\/www.facebook.com\/eldiario.bolivia\/","https:\/\/x.com\/eldiario_net"]},{"@type":"Person","@id":"https:\/\/www.eldiario.net\/portal\/#\/schema\/person\/f46445640444750d7d753ccd04ae01b7","name":"Jeanette","image":{"@type":"ImageObject","inLanguage":"es","@id":"https:\/\/secure.gravatar.com\/avatar\/3ea2118a5f7dad2b7138b1187a6b7ee55f160b9968b66013c3a3ef39dd7e5798?s=96&d=mm&r=g","url":"https:\/\/secure.gravatar.com\/avatar\/3ea2118a5f7dad2b7138b1187a6b7ee55f160b9968b66013c3a3ef39dd7e5798?s=96&d=mm&r=g","contentUrl":"https:\/\/secure.gravatar.com\/avatar\/3ea2118a5f7dad2b7138b1187a6b7ee55f160b9968b66013c3a3ef39dd7e5798?s=96&d=mm&r=g","caption":"Jeanette"},"sameAs":["https:\/\/www.eldiario.net\/portal"],"url":"https:\/\/www.eldiario.net\/portal\/author\/jeanette\/"}]}},"_links":{"self":[{"href":"https:\/\/www.eldiario.net\/portal\/wp-json\/wp\/v2\/posts\/262536","targetHints":{"allow":["GET"]}}],"collection":[{"href":"https:\/\/www.eldiario.net\/portal\/wp-json\/wp\/v2\/posts"}],"about":[{"href":"https:\/\/www.eldiario.net\/portal\/wp-json\/wp\/v2\/types\/post"}],"author":[{"embeddable":true,"href":"https:\/\/www.eldiario.net\/portal\/wp-json\/wp\/v2\/users\/1"}],"replies":[{"embeddable":true,"href":"https:\/\/www.eldiario.net\/portal\/wp-json\/wp\/v2\/comments?post=262536"}],"version-history":[{"count":1,"href":"https:\/\/www.eldiario.net\/portal\/wp-json\/wp\/v2\/posts\/262536\/revisions"}],"predecessor-version":[{"id":262538,"href":"https:\/\/www.eldiario.net\/portal\/wp-json\/wp\/v2\/posts\/262536\/revisions\/262538"}],"wp:featuredmedia":[{"embeddable":true,"href":"https:\/\/www.eldiario.net\/portal\/wp-json\/wp\/v2\/media\/262537"}],"wp:attachment":[{"href":"https:\/\/www.eldiario.net\/portal\/wp-json\/wp\/v2\/media?parent=262536"}],"wp:term":[{"taxonomy":"category","embeddable":true,"href":"https:\/\/www.eldiario.net\/portal\/wp-json\/wp\/v2\/categories?post=262536"},{"taxonomy":"post_tag","embeddable":true,"href":"https:\/\/www.eldiario.net\/portal\/wp-json\/wp\/v2\/tags?post=262536"}],"curies":[{"name":"wp","href":"https:\/\/api.w.org\/{rel}","templated":true}]}}