{"id":262533,"date":"2024-11-21T06:00:41","date_gmt":"2024-11-21T10:00:41","guid":{"rendered":"https:\/\/www.eldiario.net\/portal\/?p=262533"},"modified":"2024-11-21T06:00:41","modified_gmt":"2024-11-21T10:00:41","slug":"fejuve-ratifica-marcha-en-rechazo-al-alza-de-precios","status":"publish","type":"post","link":"https:\/\/www.eldiario.net\/portal\/2024\/11\/21\/fejuve-ratifica-marcha-en-rechazo-al-alza-de-precios\/","title":{"rendered":"Fejuve ratifica marcha en rechazo al alza de precios"},"content":{"rendered":"<p>El presidente de la Federaci\u00f3n de Juntas Vecinales (Fejuve) de La Paz, Jorge Paredes, ratific\u00f3 que este jueves 21 de noviembre se realizar\u00e1 una marcha en coordinaci\u00f3n con varias instituciones c\u00edvicas pace\u00f1as en rechazo al alza de precios en la canasta familiar y falta de combustible.<\/p>\n<p>\u201cEstamos invitando a toda la poblaci\u00f3n de la ciudad de La Paz, no es una marcha de un sector, es la marcha de toda la ciudad de La Paz\u201d, indic\u00f3 el dirigente a tiempo de convocar a la marcha de protesta para el d\u00eda de hoy jueves.<\/p>\n<p>La falta de combustibles, de divisas y otros problemas que inciden en la actual crisis econ\u00f3mica del pa\u00eds, seg\u00fan el dirigente, deben ser resueltos de forma urgente por el Gobierno central, porque \u201cnosotros no podemos pagar los platos rotos por un modelo socialista que est\u00e1 volviendo muy pobre al pueblo boliviano\u201d.<\/p>\n<p>Puntualiz\u00f3 que la funci\u00f3n del Gobierno es resolver estos problemas apremiantes, caso contrario las instituciones c\u00edvicas pace\u00f1as asumir\u00e1n medidas m\u00e1s severas. \u201cPor eso ma\u00f1ana (por hoy) le vamos a dar un plazo a este Gobierno y tambi\u00e9n a los parlamentarios; vamos a pedir el cierre del parlamento porque no han hecho nada por el pa\u00eds\u201d, advirti\u00f3.<\/p>\n<p>ACCI\u00d3N<\/p>\n<p>Gremiales, magisterio, m\u00e9dicos, transportistas y otros sectores, se sumar\u00e1n a esta marcha que tomar\u00e1 varias calles de la urbe pace\u00f1a, teniendo como objetivo llegar al coraz\u00f3n de La Paz, la plaza Murillo.<\/p>\n<p>En el caso de las juntas vecinales, Paredes indic\u00f3 que el encuentro ser\u00e1 en la avenida Montes a la altura de la Cervecer\u00eda Boliviana Nacional (CBN), en tanto que otras organizaciones sociales tendr\u00e1n otros puntos de concentraci\u00f3n desde donde llegar\u00e1n al centro pace\u00f1o.<\/p>\n<p>\u201cTodos los sectores a trav\u00e9s de sus representaciones van a exteriorizar su repudio y rechazo a ese modelo socialista\u201d, adelant\u00f3 el representante vecinal.<\/p>\n<p>Adelant\u00f3 que tras la movilizaci\u00f3n, se debatir\u00e1 los puntos de un pliego que, luego de consensuarlo, lo presentar\u00e1n a las autoridades gubernamentales.<\/p>\n","protected":false},"excerpt":{"rendered":"<p>El presidente de la Federaci\u00f3n de Juntas Vecinales (Fejuve) de La Paz, Jorge Paredes, ratific\u00f3 que este jueves 21 de noviembre se realizar\u00e1 una marcha en coordinaci\u00f3n con varias instituciones c\u00edvicas pace\u00f1as en rechazo al alza de precios en la canasta familiar y falta de combustible. \u201cEstamos invitando a toda la poblaci\u00f3n de la ciudad [&hellip;]<\/p>\n","protected":false},"author":1,"featured_media":262534,"comment_status":"closed","ping_status":"open","sticky":false,"template":"","format":"standard","meta":{"_acf_changed":false,"footnotes":""},"categories":[12],"tags":[],"class_list":["post-262533","post","type-post","status-publish","format-standard","has-post-thumbnail","category-nacional"],"acf":{"antetitulo":""},"yoast_head":"<!-- This site is optimized with the Yoast SEO plugin v28.3 - https:\/\/yoast.com\/product\/yoast-seo-wordpress\/ -->\n<title>Fejuve ratifica marcha en rechazo al alza de precios - El Diario - Bolivia<\/title>\n<meta name=\"robots\" content=\"index, follow, max-snippet:-1, max-image-preview:large, max-video-preview:-1\" \/>\n<link rel=\"canonical\" href=\"https:\/\/www.eldiario.net\/portal\/2024\/11\/21\/fejuve-ratifica-marcha-en-rechazo-al-alza-de-precios\/\" \/>\n<meta property=\"og:locale\" content=\"es_ES\" \/>\n<meta property=\"og:type\" content=\"article\" \/>\n<meta property=\"og:title\" content=\"Fejuve ratifica marcha en rechazo al alza de precios - El Diario - Bolivia\" \/>\n<meta property=\"og:description\" content=\"El presidente de la Federaci\u00f3n de Juntas Vecinales (Fejuve) de La Paz, Jorge Paredes, ratific\u00f3 que este jueves 21 de noviembre se realizar\u00e1 una marcha en coordinaci\u00f3n con varias instituciones c\u00edvicas pace\u00f1as en rechazo al alza de precios en la canasta familiar y falta de combustible. \u201cEstamos invitando a toda la poblaci\u00f3n de la ciudad [&hellip;]\" \/>\n<meta property=\"og:url\" content=\"https:\/\/www.eldiario.net\/portal\/2024\/11\/21\/fejuve-ratifica-marcha-en-rechazo-al-alza-de-precios\/\" \/>\n<meta property=\"og:site_name\" content=\"El Diario - Bolivia\" \/>\n<meta property=\"article:publisher\" content=\"https:\/\/www.facebook.com\/eldiario.bolivia\/\" \/>\n<meta property=\"article:published_time\" content=\"2024-11-21T10:00:41+00:00\" \/>\n<meta property=\"og:image\" content=\"https:\/\/www.eldiario.net\/portal\/wp-content\/uploads\/2024\/11\/FEJUVE-FOTO.jpeg\" \/>\n\t<meta property=\"og:image:width\" content=\"285\" \/>\n\t<meta property=\"og:image:height\" content=\"177\" \/>\n\t<meta property=\"og:image:type\" content=\"image\/jpeg\" \/>\n<meta name=\"author\" content=\"Jeanette\" \/>\n<meta name=\"twitter:card\" content=\"summary_large_image\" \/>\n<meta name=\"twitter:creator\" content=\"@eldiario_net\" \/>\n<meta name=\"twitter:site\" content=\"@eldiario_net\" \/>\n<meta name=\"twitter:label1\" content=\"Escrito por\" \/>\n\t<meta name=\"twitter:data1\" content=\"Jeanette\" \/>\n\t<meta name=\"twitter:label2\" content=\"Tiempo de lectura\" \/>\n\t<meta name=\"twitter:data2\" content=\"2 minutos\" \/>\n<script type=\"application\/ld+json\" class=\"yoast-schema-graph\">{\"@context\":\"https:\\\/\\\/schema.org\",\"@graph\":[{\"@type\":\"Article\",\"@id\":\"https:\\\/\\\/www.eldiario.net\\\/portal\\\/2024\\\/11\\\/21\\\/fejuve-ratifica-marcha-en-rechazo-al-alza-de-precios\\\/#article\",\"isPartOf\":{\"@id\":\"https:\\\/\\\/www.eldiario.net\\\/portal\\\/2024\\\/11\\\/21\\\/fejuve-ratifica-marcha-en-rechazo-al-alza-de-precios\\\/\"},\"author\":{\"name\":\"Jeanette\",\"@id\":\"https:\\\/\\\/www.eldiario.net\\\/portal\\\/#\\\/schema\\\/person\\\/f46445640444750d7d753ccd04ae01b7\"},\"headline\":\"Fejuve ratifica marcha en rechazo al alza de precios\",\"datePublished\":\"2024-11-21T10:00:41+00:00\",\"mainEntityOfPage\":{\"@id\":\"https:\\\/\\\/www.eldiario.net\\\/portal\\\/2024\\\/11\\\/21\\\/fejuve-ratifica-marcha-en-rechazo-al-alza-de-precios\\\/\"},\"wordCount\":359,\"publisher\":{\"@id\":\"https:\\\/\\\/www.eldiario.net\\\/portal\\\/#organization\"},\"image\":{\"@id\":\"https:\\\/\\\/www.eldiario.net\\\/portal\\\/2024\\\/11\\\/21\\\/fejuve-ratifica-marcha-en-rechazo-al-alza-de-precios\\\/#primaryimage\"},\"thumbnailUrl\":\"https:\\\/\\\/www.eldiario.net\\\/portal\\\/wp-content\\\/uploads\\\/2024\\\/11\\\/FEJUVE-FOTO.jpeg\",\"articleSection\":[\"Nacional\"],\"inLanguage\":\"es\"},{\"@type\":\"WebPage\",\"@id\":\"https:\\\/\\\/www.eldiario.net\\\/portal\\\/2024\\\/11\\\/21\\\/fejuve-ratifica-marcha-en-rechazo-al-alza-de-precios\\\/\",\"url\":\"https:\\\/\\\/www.eldiario.net\\\/portal\\\/2024\\\/11\\\/21\\\/fejuve-ratifica-marcha-en-rechazo-al-alza-de-precios\\\/\",\"name\":\"Fejuve ratifica marcha en rechazo al alza de precios - El Diario - Bolivia\",\"isPartOf\":{\"@id\":\"https:\\\/\\\/www.eldiario.net\\\/portal\\\/#website\"},\"primaryImageOfPage\":{\"@id\":\"https:\\\/\\\/www.eldiario.net\\\/portal\\\/2024\\\/11\\\/21\\\/fejuve-ratifica-marcha-en-rechazo-al-alza-de-precios\\\/#primaryimage\"},\"image\":{\"@id\":\"https:\\\/\\\/www.eldiario.net\\\/portal\\\/2024\\\/11\\\/21\\\/fejuve-ratifica-marcha-en-rechazo-al-alza-de-precios\\\/#primaryimage\"},\"thumbnailUrl\":\"https:\\\/\\\/www.eldiario.net\\\/portal\\\/wp-content\\\/uploads\\\/2024\\\/11\\\/FEJUVE-FOTO.jpeg\",\"datePublished\":\"2024-11-21T10:00:41+00:00\",\"breadcrumb\":{\"@id\":\"https:\\\/\\\/www.eldiario.net\\\/portal\\\/2024\\\/11\\\/21\\\/fejuve-ratifica-marcha-en-rechazo-al-alza-de-precios\\\/#breadcrumb\"},\"inLanguage\":\"es\",\"potentialAction\":[{\"@type\":\"ReadAction\",\"target\":[\"https:\\\/\\\/www.eldiario.net\\\/portal\\\/2024\\\/11\\\/21\\\/fejuve-ratifica-marcha-en-rechazo-al-alza-de-precios\\\/\"]}]},{\"@type\":\"ImageObject\",\"inLanguage\":\"es\",\"@id\":\"https:\\\/\\\/www.eldiario.net\\\/portal\\\/2024\\\/11\\\/21\\\/fejuve-ratifica-marcha-en-rechazo-al-alza-de-precios\\\/#primaryimage\",\"url\":\"https:\\\/\\\/www.eldiario.net\\\/portal\\\/wp-content\\\/uploads\\\/2024\\\/11\\\/FEJUVE-FOTO.jpeg\",\"contentUrl\":\"https:\\\/\\\/www.eldiario.net\\\/portal\\\/wp-content\\\/uploads\\\/2024\\\/11\\\/FEJUVE-FOTO.jpeg\",\"width\":285,\"height\":177,\"caption\":\"Se prev\u00e9 que esta jornada de jueves, varias v\u00edas pace\u00f1as estar\u00e1n colapsadas. Cr\u00e9dito: RRSS\"},{\"@type\":\"BreadcrumbList\",\"@id\":\"https:\\\/\\\/www.eldiario.net\\\/portal\\\/2024\\\/11\\\/21\\\/fejuve-ratifica-marcha-en-rechazo-al-alza-de-precios\\\/#breadcrumb\",\"itemListElement\":[{\"@type\":\"ListItem\",\"position\":1,\"name\":\"Portada\",\"item\":\"https:\\\/\\\/www.eldiario.net\\\/portal\\\/\"},{\"@type\":\"ListItem\",\"position\":2,\"name\":\"Fejuve ratifica marcha en rechazo al alza de precios\"}]},{\"@type\":\"WebSite\",\"@id\":\"https:\\\/\\\/www.eldiario.net\\\/portal\\\/#website\",\"url\":\"https:\\\/\\\/www.eldiario.net\\\/portal\\\/\",\"name\":\"El Diario - Decano de la prensa nacional\",\"description\":\"El Diario - Decano de la prensa nacional\",\"publisher\":{\"@id\":\"https:\\\/\\\/www.eldiario.net\\\/portal\\\/#organization\"},\"potentialAction\":[{\"@type\":\"SearchAction\",\"target\":{\"@type\":\"EntryPoint\",\"urlTemplate\":\"https:\\\/\\\/www.eldiario.net\\\/portal\\\/?s={search_term_string}\"},\"query-input\":{\"@type\":\"PropertyValueSpecification\",\"valueRequired\":true,\"valueName\":\"search_term_string\"}}],\"inLanguage\":\"es\"},{\"@type\":\"Organization\",\"@id\":\"https:\\\/\\\/www.eldiario.net\\\/portal\\\/#organization\",\"name\":\"El Diario - Decano de la prensa nacional\",\"url\":\"https:\\\/\\\/www.eldiario.net\\\/portal\\\/\",\"logo\":{\"@type\":\"ImageObject\",\"inLanguage\":\"es\",\"@id\":\"https:\\\/\\\/www.eldiario.net\\\/portal\\\/#\\\/schema\\\/logo\\\/image\\\/\",\"url\":\"https:\\\/\\\/www.eldiario.net\\\/portal\\\/wp-content\\\/uploads\\\/2023\\\/07\\\/logo_ED.jpg\",\"contentUrl\":\"https:\\\/\\\/www.eldiario.net\\\/portal\\\/wp-content\\\/uploads\\\/2023\\\/07\\\/logo_ED.jpg\",\"width\":272,\"height\":52,\"caption\":\"El Diario - Decano de la prensa nacional\"},\"image\":{\"@id\":\"https:\\\/\\\/www.eldiario.net\\\/portal\\\/#\\\/schema\\\/logo\\\/image\\\/\"},\"sameAs\":[\"https:\\\/\\\/www.facebook.com\\\/eldiario.bolivia\\\/\",\"https:\\\/\\\/x.com\\\/eldiario_net\"]},{\"@type\":\"Person\",\"@id\":\"https:\\\/\\\/www.eldiario.net\\\/portal\\\/#\\\/schema\\\/person\\\/f46445640444750d7d753ccd04ae01b7\",\"name\":\"Jeanette\",\"image\":{\"@type\":\"ImageObject\",\"inLanguage\":\"es\",\"@id\":\"https:\\\/\\\/secure.gravatar.com\\\/avatar\\\/3ea2118a5f7dad2b7138b1187a6b7ee55f160b9968b66013c3a3ef39dd7e5798?s=96&d=mm&r=g\",\"url\":\"https:\\\/\\\/secure.gravatar.com\\\/avatar\\\/3ea2118a5f7dad2b7138b1187a6b7ee55f160b9968b66013c3a3ef39dd7e5798?s=96&d=mm&r=g\",\"contentUrl\":\"https:\\\/\\\/secure.gravatar.com\\\/avatar\\\/3ea2118a5f7dad2b7138b1187a6b7ee55f160b9968b66013c3a3ef39dd7e5798?s=96&d=mm&r=g\",\"caption\":\"Jeanette\"},\"sameAs\":[\"https:\\\/\\\/www.eldiario.net\\\/portal\"],\"url\":\"https:\\\/\\\/www.eldiario.net\\\/portal\\\/author\\\/jeanette\\\/\"}]}<\/script>\n<!-- \/ Yoast SEO plugin. -->","yoast_head_json":{"title":"Fejuve ratifica marcha en rechazo al alza de precios - El Diario - Bolivia","robots":{"index":"index","follow":"follow","max-snippet":"max-snippet:-1","max-image-preview":"max-image-preview:large","max-video-preview":"max-video-preview:-1"},"canonical":"https:\/\/www.eldiario.net\/portal\/2024\/11\/21\/fejuve-ratifica-marcha-en-rechazo-al-alza-de-precios\/","og_locale":"es_ES","og_type":"article","og_title":"Fejuve ratifica marcha en rechazo al alza de precios - El Diario - Bolivia","og_description":"El presidente de la Federaci\u00f3n de Juntas Vecinales (Fejuve) de La Paz, Jorge Paredes, ratific\u00f3 que este jueves 21 de noviembre se realizar\u00e1 una marcha en coordinaci\u00f3n con varias instituciones c\u00edvicas pace\u00f1as en rechazo al alza de precios en la canasta familiar y falta de combustible. \u201cEstamos invitando a toda la poblaci\u00f3n de la ciudad [&hellip;]","og_url":"https:\/\/www.eldiario.net\/portal\/2024\/11\/21\/fejuve-ratifica-marcha-en-rechazo-al-alza-de-precios\/","og_site_name":"El Diario - Bolivia","article_publisher":"https:\/\/www.facebook.com\/eldiario.bolivia\/","article_published_time":"2024-11-21T10:00:41+00:00","og_image":[{"width":285,"height":177,"url":"https:\/\/www.eldiario.net\/portal\/wp-content\/uploads\/2024\/11\/FEJUVE-FOTO.jpeg","type":"image\/jpeg"}],"author":"Jeanette","twitter_card":"summary_large_image","twitter_creator":"@eldiario_net","twitter_site":"@eldiario_net","twitter_misc":{"Escrito por":"Jeanette","Tiempo de lectura":"2 minutos"},"schema":{"@context":"https:\/\/schema.org","@graph":[{"@type":"Article","@id":"https:\/\/www.eldiario.net\/portal\/2024\/11\/21\/fejuve-ratifica-marcha-en-rechazo-al-alza-de-precios\/#article","isPartOf":{"@id":"https:\/\/www.eldiario.net\/portal\/2024\/11\/21\/fejuve-ratifica-marcha-en-rechazo-al-alza-de-precios\/"},"author":{"name":"Jeanette","@id":"https:\/\/www.eldiario.net\/portal\/#\/schema\/person\/f46445640444750d7d753ccd04ae01b7"},"headline":"Fejuve ratifica marcha en rechazo al alza de precios","datePublished":"2024-11-21T10:00:41+00:00","mainEntityOfPage":{"@id":"https:\/\/www.eldiario.net\/portal\/2024\/11\/21\/fejuve-ratifica-marcha-en-rechazo-al-alza-de-precios\/"},"wordCount":359,"publisher":{"@id":"https:\/\/www.eldiario.net\/portal\/#organization"},"image":{"@id":"https:\/\/www.eldiario.net\/portal\/2024\/11\/21\/fejuve-ratifica-marcha-en-rechazo-al-alza-de-precios\/#primaryimage"},"thumbnailUrl":"https:\/\/www.eldiario.net\/portal\/wp-content\/uploads\/2024\/11\/FEJUVE-FOTO.jpeg","articleSection":["Nacional"],"inLanguage":"es"},{"@type":"WebPage","@id":"https:\/\/www.eldiario.net\/portal\/2024\/11\/21\/fejuve-ratifica-marcha-en-rechazo-al-alza-de-precios\/","url":"https:\/\/www.eldiario.net\/portal\/2024\/11\/21\/fejuve-ratifica-marcha-en-rechazo-al-alza-de-precios\/","name":"Fejuve ratifica marcha en rechazo al alza de precios - El Diario - Bolivia","isPartOf":{"@id":"https:\/\/www.eldiario.net\/portal\/#website"},"primaryImageOfPage":{"@id":"https:\/\/www.eldiario.net\/portal\/2024\/11\/21\/fejuve-ratifica-marcha-en-rechazo-al-alza-de-precios\/#primaryimage"},"image":{"@id":"https:\/\/www.eldiario.net\/portal\/2024\/11\/21\/fejuve-ratifica-marcha-en-rechazo-al-alza-de-precios\/#primaryimage"},"thumbnailUrl":"https:\/\/www.eldiario.net\/portal\/wp-content\/uploads\/2024\/11\/FEJUVE-FOTO.jpeg","datePublished":"2024-11-21T10:00:41+00:00","breadcrumb":{"@id":"https:\/\/www.eldiario.net\/portal\/2024\/11\/21\/fejuve-ratifica-marcha-en-rechazo-al-alza-de-precios\/#breadcrumb"},"inLanguage":"es","potentialAction":[{"@type":"ReadAction","target":["https:\/\/www.eldiario.net\/portal\/2024\/11\/21\/fejuve-ratifica-marcha-en-rechazo-al-alza-de-precios\/"]}]},{"@type":"ImageObject","inLanguage":"es","@id":"https:\/\/www.eldiario.net\/portal\/2024\/11\/21\/fejuve-ratifica-marcha-en-rechazo-al-alza-de-precios\/#primaryimage","url":"https:\/\/www.eldiario.net\/portal\/wp-content\/uploads\/2024\/11\/FEJUVE-FOTO.jpeg","contentUrl":"https:\/\/www.eldiario.net\/portal\/wp-content\/uploads\/2024\/11\/FEJUVE-FOTO.jpeg","width":285,"height":177,"caption":"Se prev\u00e9 que esta jornada de jueves, varias v\u00edas pace\u00f1as estar\u00e1n colapsadas. Cr\u00e9dito: RRSS"},{"@type":"BreadcrumbList","@id":"https:\/\/www.eldiario.net\/portal\/2024\/11\/21\/fejuve-ratifica-marcha-en-rechazo-al-alza-de-precios\/#breadcrumb","itemListElement":[{"@type":"ListItem","position":1,"name":"Portada","item":"https:\/\/www.eldiario.net\/portal\/"},{"@type":"ListItem","position":2,"name":"Fejuve ratifica marcha en rechazo al alza de precios"}]},{"@type":"WebSite","@id":"https:\/\/www.eldiario.net\/portal\/#website","url":"https:\/\/www.eldiario.net\/portal\/","name":"El Diario - Decano de la prensa nacional","description":"El Diario - Decano de la prensa nacional","publisher":{"@id":"https:\/\/www.eldiario.net\/portal\/#organization"},"potentialAction":[{"@type":"SearchAction","target":{"@type":"EntryPoint","urlTemplate":"https:\/\/www.eldiario.net\/portal\/?s={search_term_string}"},"query-input":{"@type":"PropertyValueSpecification","valueRequired":true,"valueName":"search_term_string"}}],"inLanguage":"es"},{"@type":"Organization","@id":"https:\/\/www.eldiario.net\/portal\/#organization","name":"El Diario - Decano de la prensa nacional","url":"https:\/\/www.eldiario.net\/portal\/","logo":{"@type":"ImageObject","inLanguage":"es","@id":"https:\/\/www.eldiario.net\/portal\/#\/schema\/logo\/image\/","url":"https:\/\/www.eldiario.net\/portal\/wp-content\/uploads\/2023\/07\/logo_ED.jpg","contentUrl":"https:\/\/www.eldiario.net\/portal\/wp-content\/uploads\/2023\/07\/logo_ED.jpg","width":272,"height":52,"caption":"El Diario - Decano de la prensa nacional"},"image":{"@id":"https:\/\/www.eldiario.net\/portal\/#\/schema\/logo\/image\/"},"sameAs":["https:\/\/www.facebook.com\/eldiario.bolivia\/","https:\/\/x.com\/eldiario_net"]},{"@type":"Person","@id":"https:\/\/www.eldiario.net\/portal\/#\/schema\/person\/f46445640444750d7d753ccd04ae01b7","name":"Jeanette","image":{"@type":"ImageObject","inLanguage":"es","@id":"https:\/\/secure.gravatar.com\/avatar\/3ea2118a5f7dad2b7138b1187a6b7ee55f160b9968b66013c3a3ef39dd7e5798?s=96&d=mm&r=g","url":"https:\/\/secure.gravatar.com\/avatar\/3ea2118a5f7dad2b7138b1187a6b7ee55f160b9968b66013c3a3ef39dd7e5798?s=96&d=mm&r=g","contentUrl":"https:\/\/secure.gravatar.com\/avatar\/3ea2118a5f7dad2b7138b1187a6b7ee55f160b9968b66013c3a3ef39dd7e5798?s=96&d=mm&r=g","caption":"Jeanette"},"sameAs":["https:\/\/www.eldiario.net\/portal"],"url":"https:\/\/www.eldiario.net\/portal\/author\/jeanette\/"}]}},"_links":{"self":[{"href":"https:\/\/www.eldiario.net\/portal\/wp-json\/wp\/v2\/posts\/262533","targetHints":{"allow":["GET"]}}],"collection":[{"href":"https:\/\/www.eldiario.net\/portal\/wp-json\/wp\/v2\/posts"}],"about":[{"href":"https:\/\/www.eldiario.net\/portal\/wp-json\/wp\/v2\/types\/post"}],"author":[{"embeddable":true,"href":"https:\/\/www.eldiario.net\/portal\/wp-json\/wp\/v2\/users\/1"}],"replies":[{"embeddable":true,"href":"https:\/\/www.eldiario.net\/portal\/wp-json\/wp\/v2\/comments?post=262533"}],"version-history":[{"count":1,"href":"https:\/\/www.eldiario.net\/portal\/wp-json\/wp\/v2\/posts\/262533\/revisions"}],"predecessor-version":[{"id":262535,"href":"https:\/\/www.eldiario.net\/portal\/wp-json\/wp\/v2\/posts\/262533\/revisions\/262535"}],"wp:featuredmedia":[{"embeddable":true,"href":"https:\/\/www.eldiario.net\/portal\/wp-json\/wp\/v2\/media\/262534"}],"wp:attachment":[{"href":"https:\/\/www.eldiario.net\/portal\/wp-json\/wp\/v2\/media?parent=262533"}],"wp:term":[{"taxonomy":"category","embeddable":true,"href":"https:\/\/www.eldiario.net\/portal\/wp-json\/wp\/v2\/categories?post=262533"},{"taxonomy":"post_tag","embeddable":true,"href":"https:\/\/www.eldiario.net\/portal\/wp-json\/wp\/v2\/tags?post=262533"}],"curies":[{"name":"wp","href":"https:\/\/api.w.org\/{rel}","templated":true}]}}