{"id":262530,"date":"2024-11-21T06:00:13","date_gmt":"2024-11-21T10:00:13","guid":{"rendered":"https:\/\/www.eldiario.net\/portal\/?p=262530"},"modified":"2024-11-21T06:00:13","modified_gmt":"2024-11-21T10:00:13","slug":"arbol-navideno-de-la-paz-medira-mas-de-35-metros","status":"publish","type":"post","link":"https:\/\/www.eldiario.net\/portal\/2024\/11\/21\/arbol-navideno-de-la-paz-medira-mas-de-35-metros\/","title":{"rendered":"\u00c1rbol navide\u00f1o de La Paz  medir\u00e1 m\u00e1s de 35 metros"},"content":{"rendered":"<p>Con la proximidad de la celebraci\u00f3n de Navidad, la comuna pace\u00f1a contin\u00faa con los preparativos para poner a tono a la ciudad, en ese entendido el secretario Municipal de Infraestructura P\u00fablica de la Alcald\u00eda de La Paz, Boris Bacarreza inform\u00f3 que avanzan en el armado del \u00e1rbol navide\u00f1o gigante que estar\u00e1 en la plaza Tejada Sorzano. As\u00ed tambi\u00e9n, el pesebre gigante que simula un establo de la \u00e9poca contar\u00e1 con 16 esculturas ornamentales que representan el Nacimiento de Jes\u00fas, todas construidas en metal reciclado.<\/p>\n<p>\u201cSon diferentes modelos de \u00e1rboles que hemos ido dise\u00f1ando desde 2021, ahora tenemos esta nueva versi\u00f3n que va a tener una altura superior a los 35 metros\u201d, detall\u00f3 el funcionario municipal. Se prev\u00e9 que el encendido de este majestuoso \u00e1rbol sea el 30 de noviembre.<\/p>\n<p>Entre los trabajos que se realizan, est\u00e1 el colocado de postes de 12 metros y se estima que en la infraestructura se dispondr\u00e1n miles de luces y adornos. \u201cRealmente va a ser un sector muy atractivo para el mes de diciembre y las familias pace\u00f1as\u201d, apunt\u00f3 Bacarreza.<\/p>\n<p>PESEBRE<\/p>\n<p>Por otro lado, se inform\u00f3 que el dise\u00f1o del pesebre se mantiene en un 60% al de 2023, pero este a\u00f1o se complementa con p\u00f3rticos que dan una apariencia de un pueblo derrumbado. Adem\u00e1s se contar\u00e1 con un pasillo de piedra cortada y una fuente de los deseos que antes era de 80 cent\u00edmetros de di\u00e1metro, pero este a\u00f1o ser\u00e1 de 1.20.<\/p>\n","protected":false},"excerpt":{"rendered":"<p>Con la proximidad de la celebraci\u00f3n de Navidad, la comuna pace\u00f1a contin\u00faa con los preparativos para poner a tono a la ciudad, en ese entendido el secretario Municipal de Infraestructura P\u00fablica de la Alcald\u00eda de La Paz, Boris Bacarreza inform\u00f3 que avanzan en el armado del \u00e1rbol navide\u00f1o gigante que estar\u00e1 en la plaza Tejada [&hellip;]<\/p>\n","protected":false},"author":1,"featured_media":262531,"comment_status":"closed","ping_status":"open","sticky":false,"template":"","format":"standard","meta":{"_acf_changed":false,"footnotes":""},"categories":[12],"tags":[],"class_list":["post-262530","post","type-post","status-publish","format-standard","has-post-thumbnail","category-nacional"],"acf":{"antetitulo":""},"yoast_head":"<!-- This site is optimized with the Yoast SEO plugin v28.3 - https:\/\/yoast.com\/product\/yoast-seo-wordpress\/ -->\n<title>\u00c1rbol navide\u00f1o de La Paz medir\u00e1 m\u00e1s de 35 metros - El Diario - Bolivia<\/title>\n<meta name=\"robots\" content=\"index, follow, max-snippet:-1, max-image-preview:large, max-video-preview:-1\" \/>\n<link rel=\"canonical\" href=\"https:\/\/www.eldiario.net\/portal\/2024\/11\/21\/arbol-navideno-de-la-paz-medira-mas-de-35-metros\/\" \/>\n<meta property=\"og:locale\" content=\"es_ES\" \/>\n<meta property=\"og:type\" content=\"article\" \/>\n<meta property=\"og:title\" content=\"\u00c1rbol navide\u00f1o de La Paz medir\u00e1 m\u00e1s de 35 metros - El Diario - Bolivia\" \/>\n<meta property=\"og:description\" content=\"Con la proximidad de la celebraci\u00f3n de Navidad, la comuna pace\u00f1a contin\u00faa con los preparativos para poner a tono a la ciudad, en ese entendido el secretario Municipal de Infraestructura P\u00fablica de la Alcald\u00eda de La Paz, Boris Bacarreza inform\u00f3 que avanzan en el armado del \u00e1rbol navide\u00f1o gigante que estar\u00e1 en la plaza Tejada [&hellip;]\" \/>\n<meta property=\"og:url\" content=\"https:\/\/www.eldiario.net\/portal\/2024\/11\/21\/arbol-navideno-de-la-paz-medira-mas-de-35-metros\/\" \/>\n<meta property=\"og:site_name\" content=\"El Diario - Bolivia\" \/>\n<meta property=\"article:publisher\" content=\"https:\/\/www.facebook.com\/eldiario.bolivia\/\" \/>\n<meta property=\"article:published_time\" content=\"2024-11-21T10:00:13+00:00\" \/>\n<meta property=\"og:image\" content=\"https:\/\/www.eldiario.net\/portal\/wp-content\/uploads\/2024\/11\/NAVIDAD-FOTO.jpeg\" \/>\n\t<meta property=\"og:image:width\" content=\"1024\" \/>\n\t<meta property=\"og:image:height\" content=\"682\" \/>\n\t<meta property=\"og:image:type\" content=\"image\/jpeg\" \/>\n<meta name=\"author\" content=\"Jeanette\" \/>\n<meta name=\"twitter:card\" content=\"summary_large_image\" \/>\n<meta name=\"twitter:creator\" content=\"@eldiario_net\" \/>\n<meta name=\"twitter:site\" content=\"@eldiario_net\" \/>\n<meta name=\"twitter:label1\" content=\"Escrito por\" \/>\n\t<meta name=\"twitter:data1\" content=\"Jeanette\" \/>\n\t<meta name=\"twitter:label2\" content=\"Tiempo de lectura\" \/>\n\t<meta name=\"twitter:data2\" content=\"2 minutos\" \/>\n<script type=\"application\/ld+json\" class=\"yoast-schema-graph\">{\"@context\":\"https:\\\/\\\/schema.org\",\"@graph\":[{\"@type\":\"Article\",\"@id\":\"https:\\\/\\\/www.eldiario.net\\\/portal\\\/2024\\\/11\\\/21\\\/arbol-navideno-de-la-paz-medira-mas-de-35-metros\\\/#article\",\"isPartOf\":{\"@id\":\"https:\\\/\\\/www.eldiario.net\\\/portal\\\/2024\\\/11\\\/21\\\/arbol-navideno-de-la-paz-medira-mas-de-35-metros\\\/\"},\"author\":{\"name\":\"Jeanette\",\"@id\":\"https:\\\/\\\/www.eldiario.net\\\/portal\\\/#\\\/schema\\\/person\\\/f46445640444750d7d753ccd04ae01b7\"},\"headline\":\"\u00c1rbol navide\u00f1o de La Paz medir\u00e1 m\u00e1s de 35 metros\",\"datePublished\":\"2024-11-21T10:00:13+00:00\",\"mainEntityOfPage\":{\"@id\":\"https:\\\/\\\/www.eldiario.net\\\/portal\\\/2024\\\/11\\\/21\\\/arbol-navideno-de-la-paz-medira-mas-de-35-metros\\\/\"},\"wordCount\":260,\"publisher\":{\"@id\":\"https:\\\/\\\/www.eldiario.net\\\/portal\\\/#organization\"},\"image\":{\"@id\":\"https:\\\/\\\/www.eldiario.net\\\/portal\\\/2024\\\/11\\\/21\\\/arbol-navideno-de-la-paz-medira-mas-de-35-metros\\\/#primaryimage\"},\"thumbnailUrl\":\"https:\\\/\\\/www.eldiario.net\\\/portal\\\/wp-content\\\/uploads\\\/2024\\\/11\\\/NAVIDAD-FOTO.jpeg\",\"articleSection\":[\"Nacional\"],\"inLanguage\":\"es\"},{\"@type\":\"WebPage\",\"@id\":\"https:\\\/\\\/www.eldiario.net\\\/portal\\\/2024\\\/11\\\/21\\\/arbol-navideno-de-la-paz-medira-mas-de-35-metros\\\/\",\"url\":\"https:\\\/\\\/www.eldiario.net\\\/portal\\\/2024\\\/11\\\/21\\\/arbol-navideno-de-la-paz-medira-mas-de-35-metros\\\/\",\"name\":\"\u00c1rbol navide\u00f1o de La Paz medir\u00e1 m\u00e1s de 35 metros - El Diario - Bolivia\",\"isPartOf\":{\"@id\":\"https:\\\/\\\/www.eldiario.net\\\/portal\\\/#website\"},\"primaryImageOfPage\":{\"@id\":\"https:\\\/\\\/www.eldiario.net\\\/portal\\\/2024\\\/11\\\/21\\\/arbol-navideno-de-la-paz-medira-mas-de-35-metros\\\/#primaryimage\"},\"image\":{\"@id\":\"https:\\\/\\\/www.eldiario.net\\\/portal\\\/2024\\\/11\\\/21\\\/arbol-navideno-de-la-paz-medira-mas-de-35-metros\\\/#primaryimage\"},\"thumbnailUrl\":\"https:\\\/\\\/www.eldiario.net\\\/portal\\\/wp-content\\\/uploads\\\/2024\\\/11\\\/NAVIDAD-FOTO.jpeg\",\"datePublished\":\"2024-11-21T10:00:13+00:00\",\"breadcrumb\":{\"@id\":\"https:\\\/\\\/www.eldiario.net\\\/portal\\\/2024\\\/11\\\/21\\\/arbol-navideno-de-la-paz-medira-mas-de-35-metros\\\/#breadcrumb\"},\"inLanguage\":\"es\",\"potentialAction\":[{\"@type\":\"ReadAction\",\"target\":[\"https:\\\/\\\/www.eldiario.net\\\/portal\\\/2024\\\/11\\\/21\\\/arbol-navideno-de-la-paz-medira-mas-de-35-metros\\\/\"]}]},{\"@type\":\"ImageObject\",\"inLanguage\":\"es\",\"@id\":\"https:\\\/\\\/www.eldiario.net\\\/portal\\\/2024\\\/11\\\/21\\\/arbol-navideno-de-la-paz-medira-mas-de-35-metros\\\/#primaryimage\",\"url\":\"https:\\\/\\\/www.eldiario.net\\\/portal\\\/wp-content\\\/uploads\\\/2024\\\/11\\\/NAVIDAD-FOTO.jpeg\",\"contentUrl\":\"https:\\\/\\\/www.eldiario.net\\\/portal\\\/wp-content\\\/uploads\\\/2024\\\/11\\\/NAVIDAD-FOTO.jpeg\",\"width\":1024,\"height\":682,\"caption\":\"Los obreros trabajan en el armado de la infraestructura. Cr\u00e9dito: Gamlp\"},{\"@type\":\"BreadcrumbList\",\"@id\":\"https:\\\/\\\/www.eldiario.net\\\/portal\\\/2024\\\/11\\\/21\\\/arbol-navideno-de-la-paz-medira-mas-de-35-metros\\\/#breadcrumb\",\"itemListElement\":[{\"@type\":\"ListItem\",\"position\":1,\"name\":\"Portada\",\"item\":\"https:\\\/\\\/www.eldiario.net\\\/portal\\\/\"},{\"@type\":\"ListItem\",\"position\":2,\"name\":\"\u00c1rbol navide\u00f1o de La Paz medir\u00e1 m\u00e1s de 35 metros\"}]},{\"@type\":\"WebSite\",\"@id\":\"https:\\\/\\\/www.eldiario.net\\\/portal\\\/#website\",\"url\":\"https:\\\/\\\/www.eldiario.net\\\/portal\\\/\",\"name\":\"El Diario - Decano de la prensa nacional\",\"description\":\"El Diario - Decano de la prensa nacional\",\"publisher\":{\"@id\":\"https:\\\/\\\/www.eldiario.net\\\/portal\\\/#organization\"},\"potentialAction\":[{\"@type\":\"SearchAction\",\"target\":{\"@type\":\"EntryPoint\",\"urlTemplate\":\"https:\\\/\\\/www.eldiario.net\\\/portal\\\/?s={search_term_string}\"},\"query-input\":{\"@type\":\"PropertyValueSpecification\",\"valueRequired\":true,\"valueName\":\"search_term_string\"}}],\"inLanguage\":\"es\"},{\"@type\":\"Organization\",\"@id\":\"https:\\\/\\\/www.eldiario.net\\\/portal\\\/#organization\",\"name\":\"El Diario - Decano de la prensa nacional\",\"url\":\"https:\\\/\\\/www.eldiario.net\\\/portal\\\/\",\"logo\":{\"@type\":\"ImageObject\",\"inLanguage\":\"es\",\"@id\":\"https:\\\/\\\/www.eldiario.net\\\/portal\\\/#\\\/schema\\\/logo\\\/image\\\/\",\"url\":\"https:\\\/\\\/www.eldiario.net\\\/portal\\\/wp-content\\\/uploads\\\/2023\\\/07\\\/logo_ED.jpg\",\"contentUrl\":\"https:\\\/\\\/www.eldiario.net\\\/portal\\\/wp-content\\\/uploads\\\/2023\\\/07\\\/logo_ED.jpg\",\"width\":272,\"height\":52,\"caption\":\"El Diario - Decano de la prensa nacional\"},\"image\":{\"@id\":\"https:\\\/\\\/www.eldiario.net\\\/portal\\\/#\\\/schema\\\/logo\\\/image\\\/\"},\"sameAs\":[\"https:\\\/\\\/www.facebook.com\\\/eldiario.bolivia\\\/\",\"https:\\\/\\\/x.com\\\/eldiario_net\"]},{\"@type\":\"Person\",\"@id\":\"https:\\\/\\\/www.eldiario.net\\\/portal\\\/#\\\/schema\\\/person\\\/f46445640444750d7d753ccd04ae01b7\",\"name\":\"Jeanette\",\"image\":{\"@type\":\"ImageObject\",\"inLanguage\":\"es\",\"@id\":\"https:\\\/\\\/secure.gravatar.com\\\/avatar\\\/3ea2118a5f7dad2b7138b1187a6b7ee55f160b9968b66013c3a3ef39dd7e5798?s=96&d=mm&r=g\",\"url\":\"https:\\\/\\\/secure.gravatar.com\\\/avatar\\\/3ea2118a5f7dad2b7138b1187a6b7ee55f160b9968b66013c3a3ef39dd7e5798?s=96&d=mm&r=g\",\"contentUrl\":\"https:\\\/\\\/secure.gravatar.com\\\/avatar\\\/3ea2118a5f7dad2b7138b1187a6b7ee55f160b9968b66013c3a3ef39dd7e5798?s=96&d=mm&r=g\",\"caption\":\"Jeanette\"},\"sameAs\":[\"https:\\\/\\\/www.eldiario.net\\\/portal\"],\"url\":\"https:\\\/\\\/www.eldiario.net\\\/portal\\\/author\\\/jeanette\\\/\"}]}<\/script>\n<!-- \/ Yoast SEO plugin. -->","yoast_head_json":{"title":"\u00c1rbol navide\u00f1o de La Paz medir\u00e1 m\u00e1s de 35 metros - El Diario - Bolivia","robots":{"index":"index","follow":"follow","max-snippet":"max-snippet:-1","max-image-preview":"max-image-preview:large","max-video-preview":"max-video-preview:-1"},"canonical":"https:\/\/www.eldiario.net\/portal\/2024\/11\/21\/arbol-navideno-de-la-paz-medira-mas-de-35-metros\/","og_locale":"es_ES","og_type":"article","og_title":"\u00c1rbol navide\u00f1o de La Paz medir\u00e1 m\u00e1s de 35 metros - El Diario - Bolivia","og_description":"Con la proximidad de la celebraci\u00f3n de Navidad, la comuna pace\u00f1a contin\u00faa con los preparativos para poner a tono a la ciudad, en ese entendido el secretario Municipal de Infraestructura P\u00fablica de la Alcald\u00eda de La Paz, Boris Bacarreza inform\u00f3 que avanzan en el armado del \u00e1rbol navide\u00f1o gigante que estar\u00e1 en la plaza Tejada [&hellip;]","og_url":"https:\/\/www.eldiario.net\/portal\/2024\/11\/21\/arbol-navideno-de-la-paz-medira-mas-de-35-metros\/","og_site_name":"El Diario - Bolivia","article_publisher":"https:\/\/www.facebook.com\/eldiario.bolivia\/","article_published_time":"2024-11-21T10:00:13+00:00","og_image":[{"width":1024,"height":682,"url":"https:\/\/www.eldiario.net\/portal\/wp-content\/uploads\/2024\/11\/NAVIDAD-FOTO.jpeg","type":"image\/jpeg"}],"author":"Jeanette","twitter_card":"summary_large_image","twitter_creator":"@eldiario_net","twitter_site":"@eldiario_net","twitter_misc":{"Escrito por":"Jeanette","Tiempo de lectura":"2 minutos"},"schema":{"@context":"https:\/\/schema.org","@graph":[{"@type":"Article","@id":"https:\/\/www.eldiario.net\/portal\/2024\/11\/21\/arbol-navideno-de-la-paz-medira-mas-de-35-metros\/#article","isPartOf":{"@id":"https:\/\/www.eldiario.net\/portal\/2024\/11\/21\/arbol-navideno-de-la-paz-medira-mas-de-35-metros\/"},"author":{"name":"Jeanette","@id":"https:\/\/www.eldiario.net\/portal\/#\/schema\/person\/f46445640444750d7d753ccd04ae01b7"},"headline":"\u00c1rbol navide\u00f1o de La Paz medir\u00e1 m\u00e1s de 35 metros","datePublished":"2024-11-21T10:00:13+00:00","mainEntityOfPage":{"@id":"https:\/\/www.eldiario.net\/portal\/2024\/11\/21\/arbol-navideno-de-la-paz-medira-mas-de-35-metros\/"},"wordCount":260,"publisher":{"@id":"https:\/\/www.eldiario.net\/portal\/#organization"},"image":{"@id":"https:\/\/www.eldiario.net\/portal\/2024\/11\/21\/arbol-navideno-de-la-paz-medira-mas-de-35-metros\/#primaryimage"},"thumbnailUrl":"https:\/\/www.eldiario.net\/portal\/wp-content\/uploads\/2024\/11\/NAVIDAD-FOTO.jpeg","articleSection":["Nacional"],"inLanguage":"es"},{"@type":"WebPage","@id":"https:\/\/www.eldiario.net\/portal\/2024\/11\/21\/arbol-navideno-de-la-paz-medira-mas-de-35-metros\/","url":"https:\/\/www.eldiario.net\/portal\/2024\/11\/21\/arbol-navideno-de-la-paz-medira-mas-de-35-metros\/","name":"\u00c1rbol navide\u00f1o de La Paz medir\u00e1 m\u00e1s de 35 metros - El Diario - Bolivia","isPartOf":{"@id":"https:\/\/www.eldiario.net\/portal\/#website"},"primaryImageOfPage":{"@id":"https:\/\/www.eldiario.net\/portal\/2024\/11\/21\/arbol-navideno-de-la-paz-medira-mas-de-35-metros\/#primaryimage"},"image":{"@id":"https:\/\/www.eldiario.net\/portal\/2024\/11\/21\/arbol-navideno-de-la-paz-medira-mas-de-35-metros\/#primaryimage"},"thumbnailUrl":"https:\/\/www.eldiario.net\/portal\/wp-content\/uploads\/2024\/11\/NAVIDAD-FOTO.jpeg","datePublished":"2024-11-21T10:00:13+00:00","breadcrumb":{"@id":"https:\/\/www.eldiario.net\/portal\/2024\/11\/21\/arbol-navideno-de-la-paz-medira-mas-de-35-metros\/#breadcrumb"},"inLanguage":"es","potentialAction":[{"@type":"ReadAction","target":["https:\/\/www.eldiario.net\/portal\/2024\/11\/21\/arbol-navideno-de-la-paz-medira-mas-de-35-metros\/"]}]},{"@type":"ImageObject","inLanguage":"es","@id":"https:\/\/www.eldiario.net\/portal\/2024\/11\/21\/arbol-navideno-de-la-paz-medira-mas-de-35-metros\/#primaryimage","url":"https:\/\/www.eldiario.net\/portal\/wp-content\/uploads\/2024\/11\/NAVIDAD-FOTO.jpeg","contentUrl":"https:\/\/www.eldiario.net\/portal\/wp-content\/uploads\/2024\/11\/NAVIDAD-FOTO.jpeg","width":1024,"height":682,"caption":"Los obreros trabajan en el armado de la infraestructura. Cr\u00e9dito: Gamlp"},{"@type":"BreadcrumbList","@id":"https:\/\/www.eldiario.net\/portal\/2024\/11\/21\/arbol-navideno-de-la-paz-medira-mas-de-35-metros\/#breadcrumb","itemListElement":[{"@type":"ListItem","position":1,"name":"Portada","item":"https:\/\/www.eldiario.net\/portal\/"},{"@type":"ListItem","position":2,"name":"\u00c1rbol navide\u00f1o de La Paz medir\u00e1 m\u00e1s de 35 metros"}]},{"@type":"WebSite","@id":"https:\/\/www.eldiario.net\/portal\/#website","url":"https:\/\/www.eldiario.net\/portal\/","name":"El Diario - Decano de la prensa nacional","description":"El Diario - Decano de la prensa nacional","publisher":{"@id":"https:\/\/www.eldiario.net\/portal\/#organization"},"potentialAction":[{"@type":"SearchAction","target":{"@type":"EntryPoint","urlTemplate":"https:\/\/www.eldiario.net\/portal\/?s={search_term_string}"},"query-input":{"@type":"PropertyValueSpecification","valueRequired":true,"valueName":"search_term_string"}}],"inLanguage":"es"},{"@type":"Organization","@id":"https:\/\/www.eldiario.net\/portal\/#organization","name":"El Diario - Decano de la prensa nacional","url":"https:\/\/www.eldiario.net\/portal\/","logo":{"@type":"ImageObject","inLanguage":"es","@id":"https:\/\/www.eldiario.net\/portal\/#\/schema\/logo\/image\/","url":"https:\/\/www.eldiario.net\/portal\/wp-content\/uploads\/2023\/07\/logo_ED.jpg","contentUrl":"https:\/\/www.eldiario.net\/portal\/wp-content\/uploads\/2023\/07\/logo_ED.jpg","width":272,"height":52,"caption":"El Diario - Decano de la prensa nacional"},"image":{"@id":"https:\/\/www.eldiario.net\/portal\/#\/schema\/logo\/image\/"},"sameAs":["https:\/\/www.facebook.com\/eldiario.bolivia\/","https:\/\/x.com\/eldiario_net"]},{"@type":"Person","@id":"https:\/\/www.eldiario.net\/portal\/#\/schema\/person\/f46445640444750d7d753ccd04ae01b7","name":"Jeanette","image":{"@type":"ImageObject","inLanguage":"es","@id":"https:\/\/secure.gravatar.com\/avatar\/3ea2118a5f7dad2b7138b1187a6b7ee55f160b9968b66013c3a3ef39dd7e5798?s=96&d=mm&r=g","url":"https:\/\/secure.gravatar.com\/avatar\/3ea2118a5f7dad2b7138b1187a6b7ee55f160b9968b66013c3a3ef39dd7e5798?s=96&d=mm&r=g","contentUrl":"https:\/\/secure.gravatar.com\/avatar\/3ea2118a5f7dad2b7138b1187a6b7ee55f160b9968b66013c3a3ef39dd7e5798?s=96&d=mm&r=g","caption":"Jeanette"},"sameAs":["https:\/\/www.eldiario.net\/portal"],"url":"https:\/\/www.eldiario.net\/portal\/author\/jeanette\/"}]}},"_links":{"self":[{"href":"https:\/\/www.eldiario.net\/portal\/wp-json\/wp\/v2\/posts\/262530","targetHints":{"allow":["GET"]}}],"collection":[{"href":"https:\/\/www.eldiario.net\/portal\/wp-json\/wp\/v2\/posts"}],"about":[{"href":"https:\/\/www.eldiario.net\/portal\/wp-json\/wp\/v2\/types\/post"}],"author":[{"embeddable":true,"href":"https:\/\/www.eldiario.net\/portal\/wp-json\/wp\/v2\/users\/1"}],"replies":[{"embeddable":true,"href":"https:\/\/www.eldiario.net\/portal\/wp-json\/wp\/v2\/comments?post=262530"}],"version-history":[{"count":1,"href":"https:\/\/www.eldiario.net\/portal\/wp-json\/wp\/v2\/posts\/262530\/revisions"}],"predecessor-version":[{"id":262532,"href":"https:\/\/www.eldiario.net\/portal\/wp-json\/wp\/v2\/posts\/262530\/revisions\/262532"}],"wp:featuredmedia":[{"embeddable":true,"href":"https:\/\/www.eldiario.net\/portal\/wp-json\/wp\/v2\/media\/262531"}],"wp:attachment":[{"href":"https:\/\/www.eldiario.net\/portal\/wp-json\/wp\/v2\/media?parent=262530"}],"wp:term":[{"taxonomy":"category","embeddable":true,"href":"https:\/\/www.eldiario.net\/portal\/wp-json\/wp\/v2\/categories?post=262530"},{"taxonomy":"post_tag","embeddable":true,"href":"https:\/\/www.eldiario.net\/portal\/wp-json\/wp\/v2\/tags?post=262530"}],"curies":[{"name":"wp","href":"https:\/\/api.w.org\/{rel}","templated":true}]}}