{"id":262527,"date":"2024-11-21T05:59:45","date_gmt":"2024-11-21T09:59:45","guid":{"rendered":"https:\/\/www.eldiario.net\/portal\/?p=262527"},"modified":"2024-11-21T05:59:45","modified_gmt":"2024-11-21T09:59:45","slug":"campesinos-de-la-paz-dan-plazo-de-72-horas-para-se-solucione-la-falta-de-diesel","status":"publish","type":"post","link":"https:\/\/www.eldiario.net\/portal\/2024\/11\/21\/campesinos-de-la-paz-dan-plazo-de-72-horas-para-se-solucione-la-falta-de-diesel\/","title":{"rendered":"Campesinos de La Paz dan plazo de 72  horas para se solucione la falta de di\u00e9sel"},"content":{"rendered":"<p>El secretario ejecutivo de la Federaci\u00f3n Departamental \u00danica de Trabajadores Campesinos de La Paz \u201cTupac Katari\u201d, Javier Alejo, no descart\u00f3 que su sector asuma medidas \u201cmuy dr\u00e1sticas\u201d si en el plazo de 72 horas el Gobierno no soluciona la falta de di\u00e9sel.<\/p>\n<p>La advertencia fue lanzada en contra del ministro de Hidrocarburos y Energ\u00edas, Alejandro Gallardo, y el director ejecutivo de la Agencia Nacional de Hidrocarburos (ANH), Germ\u00e1n Jim\u00e9nez.<\/p>\n<p>Alejo explic\u00f3 que las comunidades el \u00e1rea rural del occidente del pa\u00eds se encuentran en \u00e9poca de siembra con la ayuda de tractores que utilizan di\u00e9sel para funcionar, sin embargo, la falta del carburante puso en riesgo la producci\u00f3n del pr\u00f3ximo a\u00f1o.<\/p>\n<p>\u201cNecesitamos combustible en nuestras 20 provincias, sino al a\u00f1o no va a haber una buena producci\u00f3n; por eso nuevamente reiteramos: la Federaci\u00f3n T\u00fapac Katari va a dar un tiempo l\u00edmite al Ministro de Hidrocarburos y al Director de la ANH para que puedan atender esta demanda, caso contrario, no descartamos diferentes medidas de presi\u00f3n\u201d, advirti\u00f3.<\/p>\n<p>El dirigente demand\u00f3 adem\u00e1s al Viceministerio de Lucha Contra el Contrabando reforzar los controles para evitar que la gasolina como el di\u00e9sel salgan a otros pa\u00edses y ocasionen mayores perjuicios en la poblaci\u00f3n. (Erbol)<\/p>\n","protected":false},"excerpt":{"rendered":"<p>El secretario ejecutivo de la Federaci\u00f3n Departamental \u00danica de Trabajadores Campesinos de La Paz \u201cTupac Katari\u201d, Javier Alejo, no descart\u00f3 que su sector asuma medidas \u201cmuy dr\u00e1sticas\u201d si en el plazo de 72 horas el Gobierno no soluciona la falta de di\u00e9sel. La advertencia fue lanzada en contra del ministro de Hidrocarburos y Energ\u00edas, Alejandro [&hellip;]<\/p>\n","protected":false},"author":1,"featured_media":262528,"comment_status":"closed","ping_status":"open","sticky":false,"template":"","format":"standard","meta":{"_acf_changed":false,"footnotes":""},"categories":[12],"tags":[],"class_list":["post-262527","post","type-post","status-publish","format-standard","has-post-thumbnail","category-nacional"],"acf":{"antetitulo":""},"yoast_head":"<!-- This site is optimized with the Yoast SEO plugin v28.3 - https:\/\/yoast.com\/product\/yoast-seo-wordpress\/ -->\n<title>Campesinos de La Paz dan plazo de 72 horas para se solucione la falta de di\u00e9sel - El Diario - Bolivia<\/title>\n<meta name=\"robots\" content=\"index, follow, max-snippet:-1, max-image-preview:large, max-video-preview:-1\" \/>\n<link rel=\"canonical\" href=\"https:\/\/www.eldiario.net\/portal\/2024\/11\/21\/campesinos-de-la-paz-dan-plazo-de-72-horas-para-se-solucione-la-falta-de-diesel\/\" \/>\n<meta property=\"og:locale\" content=\"es_ES\" \/>\n<meta property=\"og:type\" content=\"article\" \/>\n<meta property=\"og:title\" content=\"Campesinos de La Paz dan plazo de 72 horas para se solucione la falta de di\u00e9sel - El Diario - Bolivia\" \/>\n<meta property=\"og:description\" content=\"El secretario ejecutivo de la Federaci\u00f3n Departamental \u00danica de Trabajadores Campesinos de La Paz \u201cTupac Katari\u201d, Javier Alejo, no descart\u00f3 que su sector asuma medidas \u201cmuy dr\u00e1sticas\u201d si en el plazo de 72 horas el Gobierno no soluciona la falta de di\u00e9sel. La advertencia fue lanzada en contra del ministro de Hidrocarburos y Energ\u00edas, Alejandro [&hellip;]\" \/>\n<meta property=\"og:url\" content=\"https:\/\/www.eldiario.net\/portal\/2024\/11\/21\/campesinos-de-la-paz-dan-plazo-de-72-horas-para-se-solucione-la-falta-de-diesel\/\" \/>\n<meta property=\"og:site_name\" content=\"El Diario - Bolivia\" \/>\n<meta property=\"article:publisher\" content=\"https:\/\/www.facebook.com\/eldiario.bolivia\/\" \/>\n<meta property=\"article:published_time\" content=\"2024-11-21T09:59:45+00:00\" \/>\n<meta property=\"og:image\" content=\"https:\/\/www.eldiario.net\/portal\/wp-content\/uploads\/2024\/11\/PLAZO-FOTO.jpg\" \/>\n\t<meta property=\"og:image:width\" content=\"954\" \/>\n\t<meta property=\"og:image:height\" content=\"581\" \/>\n\t<meta property=\"og:image:type\" content=\"image\/jpeg\" \/>\n<meta name=\"author\" content=\"Jeanette\" \/>\n<meta name=\"twitter:card\" content=\"summary_large_image\" \/>\n<meta name=\"twitter:creator\" content=\"@eldiario_net\" \/>\n<meta name=\"twitter:site\" content=\"@eldiario_net\" \/>\n<meta name=\"twitter:label1\" content=\"Escrito por\" \/>\n\t<meta name=\"twitter:data1\" content=\"Jeanette\" \/>\n\t<meta name=\"twitter:label2\" content=\"Tiempo de lectura\" \/>\n\t<meta name=\"twitter:data2\" content=\"2 minutos\" \/>\n<script type=\"application\/ld+json\" class=\"yoast-schema-graph\">{\"@context\":\"https:\\\/\\\/schema.org\",\"@graph\":[{\"@type\":\"Article\",\"@id\":\"https:\\\/\\\/www.eldiario.net\\\/portal\\\/2024\\\/11\\\/21\\\/campesinos-de-la-paz-dan-plazo-de-72-horas-para-se-solucione-la-falta-de-diesel\\\/#article\",\"isPartOf\":{\"@id\":\"https:\\\/\\\/www.eldiario.net\\\/portal\\\/2024\\\/11\\\/21\\\/campesinos-de-la-paz-dan-plazo-de-72-horas-para-se-solucione-la-falta-de-diesel\\\/\"},\"author\":{\"name\":\"Jeanette\",\"@id\":\"https:\\\/\\\/www.eldiario.net\\\/portal\\\/#\\\/schema\\\/person\\\/f46445640444750d7d753ccd04ae01b7\"},\"headline\":\"Campesinos de La Paz dan plazo de 72 horas para se solucione la falta de di\u00e9sel\",\"datePublished\":\"2024-11-21T09:59:45+00:00\",\"mainEntityOfPage\":{\"@id\":\"https:\\\/\\\/www.eldiario.net\\\/portal\\\/2024\\\/11\\\/21\\\/campesinos-de-la-paz-dan-plazo-de-72-horas-para-se-solucione-la-falta-de-diesel\\\/\"},\"wordCount\":235,\"publisher\":{\"@id\":\"https:\\\/\\\/www.eldiario.net\\\/portal\\\/#organization\"},\"image\":{\"@id\":\"https:\\\/\\\/www.eldiario.net\\\/portal\\\/2024\\\/11\\\/21\\\/campesinos-de-la-paz-dan-plazo-de-72-horas-para-se-solucione-la-falta-de-diesel\\\/#primaryimage\"},\"thumbnailUrl\":\"https:\\\/\\\/www.eldiario.net\\\/portal\\\/wp-content\\\/uploads\\\/2024\\\/11\\\/PLAZO-FOTO.jpg\",\"articleSection\":[\"Nacional\"],\"inLanguage\":\"es\"},{\"@type\":\"WebPage\",\"@id\":\"https:\\\/\\\/www.eldiario.net\\\/portal\\\/2024\\\/11\\\/21\\\/campesinos-de-la-paz-dan-plazo-de-72-horas-para-se-solucione-la-falta-de-diesel\\\/\",\"url\":\"https:\\\/\\\/www.eldiario.net\\\/portal\\\/2024\\\/11\\\/21\\\/campesinos-de-la-paz-dan-plazo-de-72-horas-para-se-solucione-la-falta-de-diesel\\\/\",\"name\":\"Campesinos de La Paz dan plazo de 72 horas para se solucione la falta de di\u00e9sel - El Diario - Bolivia\",\"isPartOf\":{\"@id\":\"https:\\\/\\\/www.eldiario.net\\\/portal\\\/#website\"},\"primaryImageOfPage\":{\"@id\":\"https:\\\/\\\/www.eldiario.net\\\/portal\\\/2024\\\/11\\\/21\\\/campesinos-de-la-paz-dan-plazo-de-72-horas-para-se-solucione-la-falta-de-diesel\\\/#primaryimage\"},\"image\":{\"@id\":\"https:\\\/\\\/www.eldiario.net\\\/portal\\\/2024\\\/11\\\/21\\\/campesinos-de-la-paz-dan-plazo-de-72-horas-para-se-solucione-la-falta-de-diesel\\\/#primaryimage\"},\"thumbnailUrl\":\"https:\\\/\\\/www.eldiario.net\\\/portal\\\/wp-content\\\/uploads\\\/2024\\\/11\\\/PLAZO-FOTO.jpg\",\"datePublished\":\"2024-11-21T09:59:45+00:00\",\"breadcrumb\":{\"@id\":\"https:\\\/\\\/www.eldiario.net\\\/portal\\\/2024\\\/11\\\/21\\\/campesinos-de-la-paz-dan-plazo-de-72-horas-para-se-solucione-la-falta-de-diesel\\\/#breadcrumb\"},\"inLanguage\":\"es\",\"potentialAction\":[{\"@type\":\"ReadAction\",\"target\":[\"https:\\\/\\\/www.eldiario.net\\\/portal\\\/2024\\\/11\\\/21\\\/campesinos-de-la-paz-dan-plazo-de-72-horas-para-se-solucione-la-falta-de-diesel\\\/\"]}]},{\"@type\":\"ImageObject\",\"inLanguage\":\"es\",\"@id\":\"https:\\\/\\\/www.eldiario.net\\\/portal\\\/2024\\\/11\\\/21\\\/campesinos-de-la-paz-dan-plazo-de-72-horas-para-se-solucione-la-falta-de-diesel\\\/#primaryimage\",\"url\":\"https:\\\/\\\/www.eldiario.net\\\/portal\\\/wp-content\\\/uploads\\\/2024\\\/11\\\/PLAZO-FOTO.jpg\",\"contentUrl\":\"https:\\\/\\\/www.eldiario.net\\\/portal\\\/wp-content\\\/uploads\\\/2024\\\/11\\\/PLAZO-FOTO.jpg\",\"width\":954,\"height\":581,\"caption\":\"El secretario ejecutivo de la Federaci\u00f3n Departamental \u00danica de Trabajadores Campesinos de La Paz \u201cTupac Katari\u201d, Javier Alejo, en entrevista con medios. Foto: ERBOL\"},{\"@type\":\"BreadcrumbList\",\"@id\":\"https:\\\/\\\/www.eldiario.net\\\/portal\\\/2024\\\/11\\\/21\\\/campesinos-de-la-paz-dan-plazo-de-72-horas-para-se-solucione-la-falta-de-diesel\\\/#breadcrumb\",\"itemListElement\":[{\"@type\":\"ListItem\",\"position\":1,\"name\":\"Portada\",\"item\":\"https:\\\/\\\/www.eldiario.net\\\/portal\\\/\"},{\"@type\":\"ListItem\",\"position\":2,\"name\":\"Campesinos de La Paz dan plazo de 72 horas para se solucione la falta de di\u00e9sel\"}]},{\"@type\":\"WebSite\",\"@id\":\"https:\\\/\\\/www.eldiario.net\\\/portal\\\/#website\",\"url\":\"https:\\\/\\\/www.eldiario.net\\\/portal\\\/\",\"name\":\"El Diario - Decano de la prensa nacional\",\"description\":\"El Diario - Decano de la prensa nacional\",\"publisher\":{\"@id\":\"https:\\\/\\\/www.eldiario.net\\\/portal\\\/#organization\"},\"potentialAction\":[{\"@type\":\"SearchAction\",\"target\":{\"@type\":\"EntryPoint\",\"urlTemplate\":\"https:\\\/\\\/www.eldiario.net\\\/portal\\\/?s={search_term_string}\"},\"query-input\":{\"@type\":\"PropertyValueSpecification\",\"valueRequired\":true,\"valueName\":\"search_term_string\"}}],\"inLanguage\":\"es\"},{\"@type\":\"Organization\",\"@id\":\"https:\\\/\\\/www.eldiario.net\\\/portal\\\/#organization\",\"name\":\"El Diario - Decano de la prensa nacional\",\"url\":\"https:\\\/\\\/www.eldiario.net\\\/portal\\\/\",\"logo\":{\"@type\":\"ImageObject\",\"inLanguage\":\"es\",\"@id\":\"https:\\\/\\\/www.eldiario.net\\\/portal\\\/#\\\/schema\\\/logo\\\/image\\\/\",\"url\":\"https:\\\/\\\/www.eldiario.net\\\/portal\\\/wp-content\\\/uploads\\\/2023\\\/07\\\/logo_ED.jpg\",\"contentUrl\":\"https:\\\/\\\/www.eldiario.net\\\/portal\\\/wp-content\\\/uploads\\\/2023\\\/07\\\/logo_ED.jpg\",\"width\":272,\"height\":52,\"caption\":\"El Diario - Decano de la prensa nacional\"},\"image\":{\"@id\":\"https:\\\/\\\/www.eldiario.net\\\/portal\\\/#\\\/schema\\\/logo\\\/image\\\/\"},\"sameAs\":[\"https:\\\/\\\/www.facebook.com\\\/eldiario.bolivia\\\/\",\"https:\\\/\\\/x.com\\\/eldiario_net\"]},{\"@type\":\"Person\",\"@id\":\"https:\\\/\\\/www.eldiario.net\\\/portal\\\/#\\\/schema\\\/person\\\/f46445640444750d7d753ccd04ae01b7\",\"name\":\"Jeanette\",\"image\":{\"@type\":\"ImageObject\",\"inLanguage\":\"es\",\"@id\":\"https:\\\/\\\/secure.gravatar.com\\\/avatar\\\/3ea2118a5f7dad2b7138b1187a6b7ee55f160b9968b66013c3a3ef39dd7e5798?s=96&d=mm&r=g\",\"url\":\"https:\\\/\\\/secure.gravatar.com\\\/avatar\\\/3ea2118a5f7dad2b7138b1187a6b7ee55f160b9968b66013c3a3ef39dd7e5798?s=96&d=mm&r=g\",\"contentUrl\":\"https:\\\/\\\/secure.gravatar.com\\\/avatar\\\/3ea2118a5f7dad2b7138b1187a6b7ee55f160b9968b66013c3a3ef39dd7e5798?s=96&d=mm&r=g\",\"caption\":\"Jeanette\"},\"sameAs\":[\"https:\\\/\\\/www.eldiario.net\\\/portal\"],\"url\":\"https:\\\/\\\/www.eldiario.net\\\/portal\\\/author\\\/jeanette\\\/\"}]}<\/script>\n<!-- \/ Yoast SEO plugin. -->","yoast_head_json":{"title":"Campesinos de La Paz dan plazo de 72 horas para se solucione la falta de di\u00e9sel - El Diario - Bolivia","robots":{"index":"index","follow":"follow","max-snippet":"max-snippet:-1","max-image-preview":"max-image-preview:large","max-video-preview":"max-video-preview:-1"},"canonical":"https:\/\/www.eldiario.net\/portal\/2024\/11\/21\/campesinos-de-la-paz-dan-plazo-de-72-horas-para-se-solucione-la-falta-de-diesel\/","og_locale":"es_ES","og_type":"article","og_title":"Campesinos de La Paz dan plazo de 72 horas para se solucione la falta de di\u00e9sel - El Diario - Bolivia","og_description":"El secretario ejecutivo de la Federaci\u00f3n Departamental \u00danica de Trabajadores Campesinos de La Paz \u201cTupac Katari\u201d, Javier Alejo, no descart\u00f3 que su sector asuma medidas \u201cmuy dr\u00e1sticas\u201d si en el plazo de 72 horas el Gobierno no soluciona la falta de di\u00e9sel. La advertencia fue lanzada en contra del ministro de Hidrocarburos y Energ\u00edas, Alejandro [&hellip;]","og_url":"https:\/\/www.eldiario.net\/portal\/2024\/11\/21\/campesinos-de-la-paz-dan-plazo-de-72-horas-para-se-solucione-la-falta-de-diesel\/","og_site_name":"El Diario - Bolivia","article_publisher":"https:\/\/www.facebook.com\/eldiario.bolivia\/","article_published_time":"2024-11-21T09:59:45+00:00","og_image":[{"width":954,"height":581,"url":"https:\/\/www.eldiario.net\/portal\/wp-content\/uploads\/2024\/11\/PLAZO-FOTO.jpg","type":"image\/jpeg"}],"author":"Jeanette","twitter_card":"summary_large_image","twitter_creator":"@eldiario_net","twitter_site":"@eldiario_net","twitter_misc":{"Escrito por":"Jeanette","Tiempo de lectura":"2 minutos"},"schema":{"@context":"https:\/\/schema.org","@graph":[{"@type":"Article","@id":"https:\/\/www.eldiario.net\/portal\/2024\/11\/21\/campesinos-de-la-paz-dan-plazo-de-72-horas-para-se-solucione-la-falta-de-diesel\/#article","isPartOf":{"@id":"https:\/\/www.eldiario.net\/portal\/2024\/11\/21\/campesinos-de-la-paz-dan-plazo-de-72-horas-para-se-solucione-la-falta-de-diesel\/"},"author":{"name":"Jeanette","@id":"https:\/\/www.eldiario.net\/portal\/#\/schema\/person\/f46445640444750d7d753ccd04ae01b7"},"headline":"Campesinos de La Paz dan plazo de 72 horas para se solucione la falta de di\u00e9sel","datePublished":"2024-11-21T09:59:45+00:00","mainEntityOfPage":{"@id":"https:\/\/www.eldiario.net\/portal\/2024\/11\/21\/campesinos-de-la-paz-dan-plazo-de-72-horas-para-se-solucione-la-falta-de-diesel\/"},"wordCount":235,"publisher":{"@id":"https:\/\/www.eldiario.net\/portal\/#organization"},"image":{"@id":"https:\/\/www.eldiario.net\/portal\/2024\/11\/21\/campesinos-de-la-paz-dan-plazo-de-72-horas-para-se-solucione-la-falta-de-diesel\/#primaryimage"},"thumbnailUrl":"https:\/\/www.eldiario.net\/portal\/wp-content\/uploads\/2024\/11\/PLAZO-FOTO.jpg","articleSection":["Nacional"],"inLanguage":"es"},{"@type":"WebPage","@id":"https:\/\/www.eldiario.net\/portal\/2024\/11\/21\/campesinos-de-la-paz-dan-plazo-de-72-horas-para-se-solucione-la-falta-de-diesel\/","url":"https:\/\/www.eldiario.net\/portal\/2024\/11\/21\/campesinos-de-la-paz-dan-plazo-de-72-horas-para-se-solucione-la-falta-de-diesel\/","name":"Campesinos de La Paz dan plazo de 72 horas para se solucione la falta de di\u00e9sel - El Diario - Bolivia","isPartOf":{"@id":"https:\/\/www.eldiario.net\/portal\/#website"},"primaryImageOfPage":{"@id":"https:\/\/www.eldiario.net\/portal\/2024\/11\/21\/campesinos-de-la-paz-dan-plazo-de-72-horas-para-se-solucione-la-falta-de-diesel\/#primaryimage"},"image":{"@id":"https:\/\/www.eldiario.net\/portal\/2024\/11\/21\/campesinos-de-la-paz-dan-plazo-de-72-horas-para-se-solucione-la-falta-de-diesel\/#primaryimage"},"thumbnailUrl":"https:\/\/www.eldiario.net\/portal\/wp-content\/uploads\/2024\/11\/PLAZO-FOTO.jpg","datePublished":"2024-11-21T09:59:45+00:00","breadcrumb":{"@id":"https:\/\/www.eldiario.net\/portal\/2024\/11\/21\/campesinos-de-la-paz-dan-plazo-de-72-horas-para-se-solucione-la-falta-de-diesel\/#breadcrumb"},"inLanguage":"es","potentialAction":[{"@type":"ReadAction","target":["https:\/\/www.eldiario.net\/portal\/2024\/11\/21\/campesinos-de-la-paz-dan-plazo-de-72-horas-para-se-solucione-la-falta-de-diesel\/"]}]},{"@type":"ImageObject","inLanguage":"es","@id":"https:\/\/www.eldiario.net\/portal\/2024\/11\/21\/campesinos-de-la-paz-dan-plazo-de-72-horas-para-se-solucione-la-falta-de-diesel\/#primaryimage","url":"https:\/\/www.eldiario.net\/portal\/wp-content\/uploads\/2024\/11\/PLAZO-FOTO.jpg","contentUrl":"https:\/\/www.eldiario.net\/portal\/wp-content\/uploads\/2024\/11\/PLAZO-FOTO.jpg","width":954,"height":581,"caption":"El secretario ejecutivo de la Federaci\u00f3n Departamental \u00danica de Trabajadores Campesinos de La Paz \u201cTupac Katari\u201d, Javier Alejo, en entrevista con medios. Foto: ERBOL"},{"@type":"BreadcrumbList","@id":"https:\/\/www.eldiario.net\/portal\/2024\/11\/21\/campesinos-de-la-paz-dan-plazo-de-72-horas-para-se-solucione-la-falta-de-diesel\/#breadcrumb","itemListElement":[{"@type":"ListItem","position":1,"name":"Portada","item":"https:\/\/www.eldiario.net\/portal\/"},{"@type":"ListItem","position":2,"name":"Campesinos de La Paz dan plazo de 72 horas para se solucione la falta de di\u00e9sel"}]},{"@type":"WebSite","@id":"https:\/\/www.eldiario.net\/portal\/#website","url":"https:\/\/www.eldiario.net\/portal\/","name":"El Diario - Decano de la prensa nacional","description":"El Diario - Decano de la prensa nacional","publisher":{"@id":"https:\/\/www.eldiario.net\/portal\/#organization"},"potentialAction":[{"@type":"SearchAction","target":{"@type":"EntryPoint","urlTemplate":"https:\/\/www.eldiario.net\/portal\/?s={search_term_string}"},"query-input":{"@type":"PropertyValueSpecification","valueRequired":true,"valueName":"search_term_string"}}],"inLanguage":"es"},{"@type":"Organization","@id":"https:\/\/www.eldiario.net\/portal\/#organization","name":"El Diario - Decano de la prensa nacional","url":"https:\/\/www.eldiario.net\/portal\/","logo":{"@type":"ImageObject","inLanguage":"es","@id":"https:\/\/www.eldiario.net\/portal\/#\/schema\/logo\/image\/","url":"https:\/\/www.eldiario.net\/portal\/wp-content\/uploads\/2023\/07\/logo_ED.jpg","contentUrl":"https:\/\/www.eldiario.net\/portal\/wp-content\/uploads\/2023\/07\/logo_ED.jpg","width":272,"height":52,"caption":"El Diario - Decano de la prensa nacional"},"image":{"@id":"https:\/\/www.eldiario.net\/portal\/#\/schema\/logo\/image\/"},"sameAs":["https:\/\/www.facebook.com\/eldiario.bolivia\/","https:\/\/x.com\/eldiario_net"]},{"@type":"Person","@id":"https:\/\/www.eldiario.net\/portal\/#\/schema\/person\/f46445640444750d7d753ccd04ae01b7","name":"Jeanette","image":{"@type":"ImageObject","inLanguage":"es","@id":"https:\/\/secure.gravatar.com\/avatar\/3ea2118a5f7dad2b7138b1187a6b7ee55f160b9968b66013c3a3ef39dd7e5798?s=96&d=mm&r=g","url":"https:\/\/secure.gravatar.com\/avatar\/3ea2118a5f7dad2b7138b1187a6b7ee55f160b9968b66013c3a3ef39dd7e5798?s=96&d=mm&r=g","contentUrl":"https:\/\/secure.gravatar.com\/avatar\/3ea2118a5f7dad2b7138b1187a6b7ee55f160b9968b66013c3a3ef39dd7e5798?s=96&d=mm&r=g","caption":"Jeanette"},"sameAs":["https:\/\/www.eldiario.net\/portal"],"url":"https:\/\/www.eldiario.net\/portal\/author\/jeanette\/"}]}},"_links":{"self":[{"href":"https:\/\/www.eldiario.net\/portal\/wp-json\/wp\/v2\/posts\/262527","targetHints":{"allow":["GET"]}}],"collection":[{"href":"https:\/\/www.eldiario.net\/portal\/wp-json\/wp\/v2\/posts"}],"about":[{"href":"https:\/\/www.eldiario.net\/portal\/wp-json\/wp\/v2\/types\/post"}],"author":[{"embeddable":true,"href":"https:\/\/www.eldiario.net\/portal\/wp-json\/wp\/v2\/users\/1"}],"replies":[{"embeddable":true,"href":"https:\/\/www.eldiario.net\/portal\/wp-json\/wp\/v2\/comments?post=262527"}],"version-history":[{"count":1,"href":"https:\/\/www.eldiario.net\/portal\/wp-json\/wp\/v2\/posts\/262527\/revisions"}],"predecessor-version":[{"id":262529,"href":"https:\/\/www.eldiario.net\/portal\/wp-json\/wp\/v2\/posts\/262527\/revisions\/262529"}],"wp:featuredmedia":[{"embeddable":true,"href":"https:\/\/www.eldiario.net\/portal\/wp-json\/wp\/v2\/media\/262528"}],"wp:attachment":[{"href":"https:\/\/www.eldiario.net\/portal\/wp-json\/wp\/v2\/media?parent=262527"}],"wp:term":[{"taxonomy":"category","embeddable":true,"href":"https:\/\/www.eldiario.net\/portal\/wp-json\/wp\/v2\/categories?post=262527"},{"taxonomy":"post_tag","embeddable":true,"href":"https:\/\/www.eldiario.net\/portal\/wp-json\/wp\/v2\/tags?post=262527"}],"curies":[{"name":"wp","href":"https:\/\/api.w.org\/{rel}","templated":true}]}}