{"id":262144,"date":"2024-11-19T08:37:32","date_gmt":"2024-11-19T12:37:32","guid":{"rendered":"https:\/\/www.eldiario.net\/portal\/?p=262144"},"modified":"2024-11-19T08:37:32","modified_gmt":"2024-11-19T12:37:32","slug":"falta-de-diesel-impide-el-trabajo-de-mantenimiento-en-rios-de-el-alto-840","status":"publish","type":"post","link":"https:\/\/www.eldiario.net\/portal\/2024\/11\/19\/falta-de-diesel-impide-el-trabajo-de-mantenimiento-en-rios-de-el-alto-840\/","title":{"rendered":"Falta de di\u00e9sel impide el trabajo de mantenimiento en r\u00edos de El Alto (8:40)"},"content":{"rendered":"<p>Debido al insuficiente suministro de combustible proporcionado por la Agencia Nacional de Hidrocarburos (ANH), no se ha podido realizar el mantenimiento de los r\u00edos Negro y Seque ni la limpieza de sumideros y bocas de tormenta, lo que incrementa el riesgo de inundaciones en varios distritos de la ciudad de El Alto del departamento de La Paz, ante la temporada de lluvias.<\/p>\n<p>As\u00ed lo expres\u00f3, el secretario Municipal de Aguas, Saneamiento, Gesti\u00f3n Ambiental y Riesgos de El Alto, Gabriel Pari, ya que la falta de di\u00e9sel no permite operar la maquinaria pesada destinada a trabajos de mitigaci\u00f3n de riesgos de manera habitual.<\/p>\n<p>Ante esta situaci\u00f3n, Pari exhort\u00f3 a la poblaci\u00f3n a evitar arrojar basura y residuos s\u00f3lidos en las calles, ya que estos bloquean las bocas de tormenta y agravan el problema. La falta de acciones preventivas podr\u00eda generar serios da\u00f1os en diversas zonas de El Alto si no se resuelve pronto el abastecimiento de combustible necesario.<\/p>\n","protected":false},"excerpt":{"rendered":"<p>Debido al insuficiente suministro de combustible proporcionado por la Agencia Nacional de Hidrocarburos (ANH), no se ha podido realizar el mantenimiento de los r\u00edos Negro y Seque ni la limpieza de sumideros y bocas de tormenta, lo que incrementa el riesgo de inundaciones en varios distritos de la ciudad de El Alto del departamento de [&hellip;]<\/p>\n","protected":false},"author":7,"featured_media":262145,"comment_status":"closed","ping_status":"open","sticky":false,"template":"","format":"standard","meta":{"_acf_changed":false,"footnotes":""},"categories":[51],"tags":[],"class_list":["post-262144","post","type-post","status-publish","format-standard","has-post-thumbnail","category-ultima-hora"],"acf":{"antetitulo":""},"yoast_head":"<!-- This site is optimized with the Yoast SEO plugin v28.4 - https:\/\/yoast.com\/product\/yoast-seo-wordpress\/ -->\n<title>Falta de di\u00e9sel impide el trabajo de mantenimiento en r\u00edos de El Alto (8:40) - El Diario - Bolivia<\/title>\n<meta name=\"robots\" content=\"index, follow, max-snippet:-1, max-image-preview:large, max-video-preview:-1\" \/>\n<link rel=\"canonical\" href=\"https:\/\/www.eldiario.net\/portal\/2024\/11\/19\/falta-de-diesel-impide-el-trabajo-de-mantenimiento-en-rios-de-el-alto-840\/\" \/>\n<meta property=\"og:locale\" content=\"es_ES\" \/>\n<meta property=\"og:type\" content=\"article\" \/>\n<meta property=\"og:title\" content=\"Falta de di\u00e9sel impide el trabajo de mantenimiento en r\u00edos de El Alto (8:40) - El Diario - Bolivia\" \/>\n<meta property=\"og:description\" content=\"Debido al insuficiente suministro de combustible proporcionado por la Agencia Nacional de Hidrocarburos (ANH), no se ha podido realizar el mantenimiento de los r\u00edos Negro y Seque ni la limpieza de sumideros y bocas de tormenta, lo que incrementa el riesgo de inundaciones en varios distritos de la ciudad de El Alto del departamento de [&hellip;]\" \/>\n<meta property=\"og:url\" content=\"https:\/\/www.eldiario.net\/portal\/2024\/11\/19\/falta-de-diesel-impide-el-trabajo-de-mantenimiento-en-rios-de-el-alto-840\/\" \/>\n<meta property=\"og:site_name\" content=\"El Diario - Bolivia\" \/>\n<meta property=\"article:publisher\" content=\"https:\/\/www.facebook.com\/eldiario.bolivia\/\" \/>\n<meta property=\"article:published_time\" content=\"2024-11-19T12:37:32+00:00\" \/>\n<meta property=\"og:image\" content=\"https:\/\/www.eldiario.net\/portal\/wp-content\/uploads\/2024\/11\/pari-el-alto.jpg\" \/>\n\t<meta property=\"og:image:width\" content=\"300\" \/>\n\t<meta property=\"og:image:height\" content=\"168\" \/>\n\t<meta property=\"og:image:type\" content=\"image\/jpeg\" \/>\n<meta name=\"author\" content=\"Viviana Monrroy\" \/>\n<meta name=\"twitter:card\" content=\"summary_large_image\" \/>\n<meta name=\"twitter:creator\" content=\"@eldiario_net\" \/>\n<meta name=\"twitter:site\" content=\"@eldiario_net\" \/>\n<meta name=\"twitter:label1\" content=\"Escrito por\" \/>\n\t<meta name=\"twitter:data1\" content=\"Viviana Monrroy\" \/>\n\t<meta name=\"twitter:label2\" content=\"Tiempo de lectura\" \/>\n\t<meta name=\"twitter:data2\" content=\"1 minuto\" \/>\n<script type=\"application\/ld+json\" class=\"yoast-schema-graph\">{\"@context\":\"https:\\\/\\\/schema.org\",\"@graph\":[{\"@type\":\"Article\",\"@id\":\"https:\\\/\\\/www.eldiario.net\\\/portal\\\/2024\\\/11\\\/19\\\/falta-de-diesel-impide-el-trabajo-de-mantenimiento-en-rios-de-el-alto-840\\\/#article\",\"isPartOf\":{\"@id\":\"https:\\\/\\\/www.eldiario.net\\\/portal\\\/2024\\\/11\\\/19\\\/falta-de-diesel-impide-el-trabajo-de-mantenimiento-en-rios-de-el-alto-840\\\/\"},\"author\":{\"name\":\"Viviana Monrroy\",\"@id\":\"https:\\\/\\\/www.eldiario.net\\\/portal\\\/#\\\/schema\\\/person\\\/32cc89e801dfcbad3a54f91da7f2ea06\"},\"headline\":\"Falta de di\u00e9sel impide el trabajo de mantenimiento en r\u00edos de El Alto (8:40)\",\"datePublished\":\"2024-11-19T12:37:32+00:00\",\"mainEntityOfPage\":{\"@id\":\"https:\\\/\\\/www.eldiario.net\\\/portal\\\/2024\\\/11\\\/19\\\/falta-de-diesel-impide-el-trabajo-de-mantenimiento-en-rios-de-el-alto-840\\\/\"},\"wordCount\":181,\"publisher\":{\"@id\":\"https:\\\/\\\/www.eldiario.net\\\/portal\\\/#organization\"},\"image\":{\"@id\":\"https:\\\/\\\/www.eldiario.net\\\/portal\\\/2024\\\/11\\\/19\\\/falta-de-diesel-impide-el-trabajo-de-mantenimiento-en-rios-de-el-alto-840\\\/#primaryimage\"},\"thumbnailUrl\":\"https:\\\/\\\/www.eldiario.net\\\/portal\\\/wp-content\\\/uploads\\\/2024\\\/11\\\/pari-el-alto.jpg\",\"articleSection\":[\"\u00daltima Hora\"],\"inLanguage\":\"es\"},{\"@type\":\"WebPage\",\"@id\":\"https:\\\/\\\/www.eldiario.net\\\/portal\\\/2024\\\/11\\\/19\\\/falta-de-diesel-impide-el-trabajo-de-mantenimiento-en-rios-de-el-alto-840\\\/\",\"url\":\"https:\\\/\\\/www.eldiario.net\\\/portal\\\/2024\\\/11\\\/19\\\/falta-de-diesel-impide-el-trabajo-de-mantenimiento-en-rios-de-el-alto-840\\\/\",\"name\":\"Falta de di\u00e9sel impide el trabajo de mantenimiento en r\u00edos de El Alto (8:40) - El Diario - Bolivia\",\"isPartOf\":{\"@id\":\"https:\\\/\\\/www.eldiario.net\\\/portal\\\/#website\"},\"primaryImageOfPage\":{\"@id\":\"https:\\\/\\\/www.eldiario.net\\\/portal\\\/2024\\\/11\\\/19\\\/falta-de-diesel-impide-el-trabajo-de-mantenimiento-en-rios-de-el-alto-840\\\/#primaryimage\"},\"image\":{\"@id\":\"https:\\\/\\\/www.eldiario.net\\\/portal\\\/2024\\\/11\\\/19\\\/falta-de-diesel-impide-el-trabajo-de-mantenimiento-en-rios-de-el-alto-840\\\/#primaryimage\"},\"thumbnailUrl\":\"https:\\\/\\\/www.eldiario.net\\\/portal\\\/wp-content\\\/uploads\\\/2024\\\/11\\\/pari-el-alto.jpg\",\"datePublished\":\"2024-11-19T12:37:32+00:00\",\"breadcrumb\":{\"@id\":\"https:\\\/\\\/www.eldiario.net\\\/portal\\\/2024\\\/11\\\/19\\\/falta-de-diesel-impide-el-trabajo-de-mantenimiento-en-rios-de-el-alto-840\\\/#breadcrumb\"},\"inLanguage\":\"es\",\"potentialAction\":[{\"@type\":\"ReadAction\",\"target\":[\"https:\\\/\\\/www.eldiario.net\\\/portal\\\/2024\\\/11\\\/19\\\/falta-de-diesel-impide-el-trabajo-de-mantenimiento-en-rios-de-el-alto-840\\\/\"]}]},{\"@type\":\"ImageObject\",\"inLanguage\":\"es\",\"@id\":\"https:\\\/\\\/www.eldiario.net\\\/portal\\\/2024\\\/11\\\/19\\\/falta-de-diesel-impide-el-trabajo-de-mantenimiento-en-rios-de-el-alto-840\\\/#primaryimage\",\"url\":\"https:\\\/\\\/www.eldiario.net\\\/portal\\\/wp-content\\\/uploads\\\/2024\\\/11\\\/pari-el-alto.jpg\",\"contentUrl\":\"https:\\\/\\\/www.eldiario.net\\\/portal\\\/wp-content\\\/uploads\\\/2024\\\/11\\\/pari-el-alto.jpg\",\"width\":300,\"height\":168,\"caption\":\"Foto: RR.SS.\"},{\"@type\":\"BreadcrumbList\",\"@id\":\"https:\\\/\\\/www.eldiario.net\\\/portal\\\/2024\\\/11\\\/19\\\/falta-de-diesel-impide-el-trabajo-de-mantenimiento-en-rios-de-el-alto-840\\\/#breadcrumb\",\"itemListElement\":[{\"@type\":\"ListItem\",\"position\":1,\"name\":\"Portada\",\"item\":\"https:\\\/\\\/www.eldiario.net\\\/portal\\\/\"},{\"@type\":\"ListItem\",\"position\":2,\"name\":\"Falta de di\u00e9sel impide el trabajo de mantenimiento en r\u00edos de El Alto (8:40)\"}]},{\"@type\":\"WebSite\",\"@id\":\"https:\\\/\\\/www.eldiario.net\\\/portal\\\/#website\",\"url\":\"https:\\\/\\\/www.eldiario.net\\\/portal\\\/\",\"name\":\"El Diario - Decano de la prensa nacional\",\"description\":\"El Diario - Decano de la prensa nacional\",\"publisher\":{\"@id\":\"https:\\\/\\\/www.eldiario.net\\\/portal\\\/#organization\"},\"potentialAction\":[{\"@type\":\"SearchAction\",\"target\":{\"@type\":\"EntryPoint\",\"urlTemplate\":\"https:\\\/\\\/www.eldiario.net\\\/portal\\\/?s={search_term_string}\"},\"query-input\":{\"@type\":\"PropertyValueSpecification\",\"valueRequired\":true,\"valueName\":\"search_term_string\"}}],\"inLanguage\":\"es\"},{\"@type\":\"Organization\",\"@id\":\"https:\\\/\\\/www.eldiario.net\\\/portal\\\/#organization\",\"name\":\"El Diario - Decano de la prensa nacional\",\"url\":\"https:\\\/\\\/www.eldiario.net\\\/portal\\\/\",\"logo\":{\"@type\":\"ImageObject\",\"inLanguage\":\"es\",\"@id\":\"https:\\\/\\\/www.eldiario.net\\\/portal\\\/#\\\/schema\\\/logo\\\/image\\\/\",\"url\":\"https:\\\/\\\/www.eldiario.net\\\/portal\\\/wp-content\\\/uploads\\\/2023\\\/07\\\/logo_ED.jpg\",\"contentUrl\":\"https:\\\/\\\/www.eldiario.net\\\/portal\\\/wp-content\\\/uploads\\\/2023\\\/07\\\/logo_ED.jpg\",\"width\":272,\"height\":52,\"caption\":\"El Diario - Decano de la prensa nacional\"},\"image\":{\"@id\":\"https:\\\/\\\/www.eldiario.net\\\/portal\\\/#\\\/schema\\\/logo\\\/image\\\/\"},\"sameAs\":[\"https:\\\/\\\/www.facebook.com\\\/eldiario.bolivia\\\/\",\"https:\\\/\\\/x.com\\\/eldiario_net\"]},{\"@type\":\"Person\",\"@id\":\"https:\\\/\\\/www.eldiario.net\\\/portal\\\/#\\\/schema\\\/person\\\/32cc89e801dfcbad3a54f91da7f2ea06\",\"name\":\"Viviana Monrroy\",\"image\":{\"@type\":\"ImageObject\",\"inLanguage\":\"es\",\"@id\":\"https:\\\/\\\/secure.gravatar.com\\\/avatar\\\/dfd1611ed5600959a0e5a9754503b6c05d1dcf190010998e0363aee2ad98afca?s=96&d=mm&r=g\",\"url\":\"https:\\\/\\\/secure.gravatar.com\\\/avatar\\\/dfd1611ed5600959a0e5a9754503b6c05d1dcf190010998e0363aee2ad98afca?s=96&d=mm&r=g\",\"contentUrl\":\"https:\\\/\\\/secure.gravatar.com\\\/avatar\\\/dfd1611ed5600959a0e5a9754503b6c05d1dcf190010998e0363aee2ad98afca?s=96&d=mm&r=g\",\"caption\":\"Viviana Monrroy\"},\"sameAs\":[\"http:\\\/\\\/www.eldiario.net\"],\"url\":\"https:\\\/\\\/www.eldiario.net\\\/portal\\\/author\\\/vivianamonrroy\\\/\"}]}<\/script>\n<!-- \/ Yoast SEO plugin. -->","yoast_head_json":{"title":"Falta de di\u00e9sel impide el trabajo de mantenimiento en r\u00edos de El Alto (8:40) - El Diario - Bolivia","robots":{"index":"index","follow":"follow","max-snippet":"max-snippet:-1","max-image-preview":"max-image-preview:large","max-video-preview":"max-video-preview:-1"},"canonical":"https:\/\/www.eldiario.net\/portal\/2024\/11\/19\/falta-de-diesel-impide-el-trabajo-de-mantenimiento-en-rios-de-el-alto-840\/","og_locale":"es_ES","og_type":"article","og_title":"Falta de di\u00e9sel impide el trabajo de mantenimiento en r\u00edos de El Alto (8:40) - El Diario - Bolivia","og_description":"Debido al insuficiente suministro de combustible proporcionado por la Agencia Nacional de Hidrocarburos (ANH), no se ha podido realizar el mantenimiento de los r\u00edos Negro y Seque ni la limpieza de sumideros y bocas de tormenta, lo que incrementa el riesgo de inundaciones en varios distritos de la ciudad de El Alto del departamento de [&hellip;]","og_url":"https:\/\/www.eldiario.net\/portal\/2024\/11\/19\/falta-de-diesel-impide-el-trabajo-de-mantenimiento-en-rios-de-el-alto-840\/","og_site_name":"El Diario - Bolivia","article_publisher":"https:\/\/www.facebook.com\/eldiario.bolivia\/","article_published_time":"2024-11-19T12:37:32+00:00","og_image":[{"width":300,"height":168,"url":"https:\/\/www.eldiario.net\/portal\/wp-content\/uploads\/2024\/11\/pari-el-alto.jpg","type":"image\/jpeg"}],"author":"Viviana Monrroy","twitter_card":"summary_large_image","twitter_creator":"@eldiario_net","twitter_site":"@eldiario_net","twitter_misc":{"Escrito por":"Viviana Monrroy","Tiempo de lectura":"1 minuto"},"schema":{"@context":"https:\/\/schema.org","@graph":[{"@type":"Article","@id":"https:\/\/www.eldiario.net\/portal\/2024\/11\/19\/falta-de-diesel-impide-el-trabajo-de-mantenimiento-en-rios-de-el-alto-840\/#article","isPartOf":{"@id":"https:\/\/www.eldiario.net\/portal\/2024\/11\/19\/falta-de-diesel-impide-el-trabajo-de-mantenimiento-en-rios-de-el-alto-840\/"},"author":{"name":"Viviana Monrroy","@id":"https:\/\/www.eldiario.net\/portal\/#\/schema\/person\/32cc89e801dfcbad3a54f91da7f2ea06"},"headline":"Falta de di\u00e9sel impide el trabajo de mantenimiento en r\u00edos de El Alto (8:40)","datePublished":"2024-11-19T12:37:32+00:00","mainEntityOfPage":{"@id":"https:\/\/www.eldiario.net\/portal\/2024\/11\/19\/falta-de-diesel-impide-el-trabajo-de-mantenimiento-en-rios-de-el-alto-840\/"},"wordCount":181,"publisher":{"@id":"https:\/\/www.eldiario.net\/portal\/#organization"},"image":{"@id":"https:\/\/www.eldiario.net\/portal\/2024\/11\/19\/falta-de-diesel-impide-el-trabajo-de-mantenimiento-en-rios-de-el-alto-840\/#primaryimage"},"thumbnailUrl":"https:\/\/www.eldiario.net\/portal\/wp-content\/uploads\/2024\/11\/pari-el-alto.jpg","articleSection":["\u00daltima Hora"],"inLanguage":"es"},{"@type":"WebPage","@id":"https:\/\/www.eldiario.net\/portal\/2024\/11\/19\/falta-de-diesel-impide-el-trabajo-de-mantenimiento-en-rios-de-el-alto-840\/","url":"https:\/\/www.eldiario.net\/portal\/2024\/11\/19\/falta-de-diesel-impide-el-trabajo-de-mantenimiento-en-rios-de-el-alto-840\/","name":"Falta de di\u00e9sel impide el trabajo de mantenimiento en r\u00edos de El Alto (8:40) - El Diario - Bolivia","isPartOf":{"@id":"https:\/\/www.eldiario.net\/portal\/#website"},"primaryImageOfPage":{"@id":"https:\/\/www.eldiario.net\/portal\/2024\/11\/19\/falta-de-diesel-impide-el-trabajo-de-mantenimiento-en-rios-de-el-alto-840\/#primaryimage"},"image":{"@id":"https:\/\/www.eldiario.net\/portal\/2024\/11\/19\/falta-de-diesel-impide-el-trabajo-de-mantenimiento-en-rios-de-el-alto-840\/#primaryimage"},"thumbnailUrl":"https:\/\/www.eldiario.net\/portal\/wp-content\/uploads\/2024\/11\/pari-el-alto.jpg","datePublished":"2024-11-19T12:37:32+00:00","breadcrumb":{"@id":"https:\/\/www.eldiario.net\/portal\/2024\/11\/19\/falta-de-diesel-impide-el-trabajo-de-mantenimiento-en-rios-de-el-alto-840\/#breadcrumb"},"inLanguage":"es","potentialAction":[{"@type":"ReadAction","target":["https:\/\/www.eldiario.net\/portal\/2024\/11\/19\/falta-de-diesel-impide-el-trabajo-de-mantenimiento-en-rios-de-el-alto-840\/"]}]},{"@type":"ImageObject","inLanguage":"es","@id":"https:\/\/www.eldiario.net\/portal\/2024\/11\/19\/falta-de-diesel-impide-el-trabajo-de-mantenimiento-en-rios-de-el-alto-840\/#primaryimage","url":"https:\/\/www.eldiario.net\/portal\/wp-content\/uploads\/2024\/11\/pari-el-alto.jpg","contentUrl":"https:\/\/www.eldiario.net\/portal\/wp-content\/uploads\/2024\/11\/pari-el-alto.jpg","width":300,"height":168,"caption":"Foto: RR.SS."},{"@type":"BreadcrumbList","@id":"https:\/\/www.eldiario.net\/portal\/2024\/11\/19\/falta-de-diesel-impide-el-trabajo-de-mantenimiento-en-rios-de-el-alto-840\/#breadcrumb","itemListElement":[{"@type":"ListItem","position":1,"name":"Portada","item":"https:\/\/www.eldiario.net\/portal\/"},{"@type":"ListItem","position":2,"name":"Falta de di\u00e9sel impide el trabajo de mantenimiento en r\u00edos de El Alto (8:40)"}]},{"@type":"WebSite","@id":"https:\/\/www.eldiario.net\/portal\/#website","url":"https:\/\/www.eldiario.net\/portal\/","name":"El Diario - Decano de la prensa nacional","description":"El Diario - Decano de la prensa nacional","publisher":{"@id":"https:\/\/www.eldiario.net\/portal\/#organization"},"potentialAction":[{"@type":"SearchAction","target":{"@type":"EntryPoint","urlTemplate":"https:\/\/www.eldiario.net\/portal\/?s={search_term_string}"},"query-input":{"@type":"PropertyValueSpecification","valueRequired":true,"valueName":"search_term_string"}}],"inLanguage":"es"},{"@type":"Organization","@id":"https:\/\/www.eldiario.net\/portal\/#organization","name":"El Diario - Decano de la prensa nacional","url":"https:\/\/www.eldiario.net\/portal\/","logo":{"@type":"ImageObject","inLanguage":"es","@id":"https:\/\/www.eldiario.net\/portal\/#\/schema\/logo\/image\/","url":"https:\/\/www.eldiario.net\/portal\/wp-content\/uploads\/2023\/07\/logo_ED.jpg","contentUrl":"https:\/\/www.eldiario.net\/portal\/wp-content\/uploads\/2023\/07\/logo_ED.jpg","width":272,"height":52,"caption":"El Diario - Decano de la prensa nacional"},"image":{"@id":"https:\/\/www.eldiario.net\/portal\/#\/schema\/logo\/image\/"},"sameAs":["https:\/\/www.facebook.com\/eldiario.bolivia\/","https:\/\/x.com\/eldiario_net"]},{"@type":"Person","@id":"https:\/\/www.eldiario.net\/portal\/#\/schema\/person\/32cc89e801dfcbad3a54f91da7f2ea06","name":"Viviana Monrroy","image":{"@type":"ImageObject","inLanguage":"es","@id":"https:\/\/secure.gravatar.com\/avatar\/dfd1611ed5600959a0e5a9754503b6c05d1dcf190010998e0363aee2ad98afca?s=96&d=mm&r=g","url":"https:\/\/secure.gravatar.com\/avatar\/dfd1611ed5600959a0e5a9754503b6c05d1dcf190010998e0363aee2ad98afca?s=96&d=mm&r=g","contentUrl":"https:\/\/secure.gravatar.com\/avatar\/dfd1611ed5600959a0e5a9754503b6c05d1dcf190010998e0363aee2ad98afca?s=96&d=mm&r=g","caption":"Viviana Monrroy"},"sameAs":["http:\/\/www.eldiario.net"],"url":"https:\/\/www.eldiario.net\/portal\/author\/vivianamonrroy\/"}]}},"_links":{"self":[{"href":"https:\/\/www.eldiario.net\/portal\/wp-json\/wp\/v2\/posts\/262144","targetHints":{"allow":["GET"]}}],"collection":[{"href":"https:\/\/www.eldiario.net\/portal\/wp-json\/wp\/v2\/posts"}],"about":[{"href":"https:\/\/www.eldiario.net\/portal\/wp-json\/wp\/v2\/types\/post"}],"author":[{"embeddable":true,"href":"https:\/\/www.eldiario.net\/portal\/wp-json\/wp\/v2\/users\/7"}],"replies":[{"embeddable":true,"href":"https:\/\/www.eldiario.net\/portal\/wp-json\/wp\/v2\/comments?post=262144"}],"version-history":[{"count":1,"href":"https:\/\/www.eldiario.net\/portal\/wp-json\/wp\/v2\/posts\/262144\/revisions"}],"predecessor-version":[{"id":262146,"href":"https:\/\/www.eldiario.net\/portal\/wp-json\/wp\/v2\/posts\/262144\/revisions\/262146"}],"wp:featuredmedia":[{"embeddable":true,"href":"https:\/\/www.eldiario.net\/portal\/wp-json\/wp\/v2\/media\/262145"}],"wp:attachment":[{"href":"https:\/\/www.eldiario.net\/portal\/wp-json\/wp\/v2\/media?parent=262144"}],"wp:term":[{"taxonomy":"category","embeddable":true,"href":"https:\/\/www.eldiario.net\/portal\/wp-json\/wp\/v2\/categories?post=262144"},{"taxonomy":"post_tag","embeddable":true,"href":"https:\/\/www.eldiario.net\/portal\/wp-json\/wp\/v2\/tags?post=262144"}],"curies":[{"name":"wp","href":"https:\/\/api.w.org\/{rel}","templated":true}]}}