{"id":260911,"date":"2024-11-14T06:03:13","date_gmt":"2024-11-14T10:03:13","guid":{"rendered":"https:\/\/www.eldiario.net\/portal\/?p=260911"},"modified":"2024-11-14T06:03:13","modified_gmt":"2024-11-14T10:03:13","slug":"norma-limita-por-tiempo-indefinido-acceso-a-informacion-de-presidencia","status":"publish","type":"post","link":"https:\/\/www.eldiario.net\/portal\/2024\/11\/14\/norma-limita-por-tiempo-indefinido-acceso-a-informacion-de-presidencia\/","title":{"rendered":"Norma limita por tiempo indefinido acceso a informaci\u00f3n de Presidencia"},"content":{"rendered":"<p>En el contexto de las pr\u00f3ximas reuniones del Foro de Cooperaci\u00f3n Econ\u00f3mica Asia-Pac\u00edfico (APEC) 2024, el gobierno de Per\u00fa clasific\u00f3 como reservada la informaci\u00f3n relacionada con las actividades de seguridad en el entorno de la Presidencia de la Rep\u00fablica. Esta decisi\u00f3n se formaliz\u00f3 mediante una resoluci\u00f3n firmada el 8 de noviembre, y afecta tambi\u00e9n la seguridad de la Casa de Gobierno y sus \u201clocales conexos\u201d, as\u00ed como \u201cactividades de car\u00e1cter nacional e internacional\u201d.<\/p>\n<p>La resoluci\u00f3n del 8 de noviembre, difundida por IDL, no indica fecha de caducidad para el car\u00e1cter reservado de esta informaci\u00f3n, por lo que el acceso a los datos relativos a los planes de seguridad de los veh\u00edculos oficiales, reuniones y desplazamientos de Boluarte no queda restringido solo durante fechas de APEC, sino \u201cen adelante\u201d y de forma indefinida. Seg\u00fan el gobierno, esta medida se justifica ante \u201cnuevas amenazas y escenarios de riesgo\u201d en el marco del APEC, citando potenciales manifestaciones y disturbios como posibles riesgos a la seguridad, citando como fuente informaci\u00f3n de car\u00e1cter secreto de la Direcci\u00f3n General de Inteligencia del Ministerio del Interior.<\/p>\n<p>&nbsp;<\/p>\n<p>PIDEN TRANSPARENCIA<\/p>\n<p>La declaraci\u00f3n de informaci\u00f3n reservada gener\u00f3 cr\u00edticas de sectores de la sociedad civil y medios de comunicaci\u00f3n, que argumentan que la medida vulnera la Ley 27806 &#8211; Ley de Acceso a la Informaci\u00f3n P\u00fablica. Por ejemplo, el periodista Glatzer Tuesta manifest\u00f3 en transmisi\u00f3n de IDL que esta acci\u00f3n es \u201ccontraria al derecho de acceso a la informaci\u00f3n libre\u201d y representa una \u201cfalta de transparencia\u201d en un contexto en el cual los ciudadanos tienen derecho a conocer los detalles de la gesti\u00f3n y seguridad presidencial.<\/p>\n<p>A su vez, el abogado constitucionalista Heber Joel Campos explic\u00f3 a Infobae Per\u00fa que, conforme a la Ley 27806, solo puede clasificarse como secreta aquella informaci\u00f3n que compromete la seguridad nacional o las actividades de inteligencia, siempre que se respete el Estado de Derecho. En estos casos, corresponde al titular del sector justificar la clasificaci\u00f3n, mientras que la Direcci\u00f3n Nacional de Inteligencia (DINI) debe establecer el plazo de vigencia de dicha reserva, ya que este tipo de medidas deben ser excepcionales y contar con un l\u00edmite claro de tiempo.<\/p>\n<p>\u201cLas limitaciones a los derechos deben siempre contar con un fundamento s\u00f3lido, de lo contrario, estar\u00edamos ante un uso abusivo del poder p\u00fablico. El gobierno tiene el deber de justificar las razones en las que se basa esta medida\u201d, se\u00f1al\u00f3 Heber Joel Campos.<\/p>\n<p>&nbsp;<\/p>\n<p>CONTROVERSIA POR RESERVA<\/p>\n<p>No es la primera vez que el gobierno de, Dina Boluarte, toma una medida semejante: la decisi\u00f3n se suma a la controversia generada en septiembre, cuando la Presidencia clasific\u00f3 como reservada la informaci\u00f3n del \u201ccofre\u201d o compartimento seguro del veh\u00edculo presidencial utilizado por Dina Boluarte. En aquel momento, el Instituto de Defensa Legal (IDL) y otros medios informaron sobre sospechas de que el compartimento fue utilizado en desplazamientos hacia el sur del pa\u00eds en un contexto de movimientos inusuales y rumores que vincularon a Vladimir Cerr\u00f3n, l\u00edder del partido Per\u00fa Libre, con el uso de veh\u00edculos presidenciales.<\/p>\n<p>Medios como La Encerrona intentaron acceder a registros de desplazamientos y kilometraje de los veh\u00edculos asignados a Dina Boluarte desde diciembre de 2022, solicitud que fue denegada con el argumento de que la informaci\u00f3n est\u00e1 clasificada como reservada. Las cr\u00edticas surgieron porque la resoluci\u00f3n fue creada de manera retroactiva, presuntamente para blindar a Dina y su c\u00edrculo de cuestionamientos medi\u00e1ticos. \u201cSolicitamos la informaci\u00f3n el 2 de septiembre, y dos semanas despu\u00e9s le pusieron su sello de reservado\u201d, cuestion\u00f3 Marco Sifuentes en su programa.<\/p>\n<p>&nbsp;<\/p>\n<p>TENSI\u00d3N SOCIAL EN PER\u00da<\/p>\n<p>La reuni\u00f3n del APEC se celebra en un contexto de tensiones sociales en Per\u00fa, donde numerosos gremios y sindicatos de Per\u00fa convocaron un paro nacional indefinido que se inici\u00f3 hoy y se extender\u00e1 hasta el viernes 15, coincidiendo con la llegada de l\u00edderes internacionales al foro, como Joe Biden y Xi Jinping. Con este paro, los gremios buscan visibilizar ante la comunidad internacional sus demandas y exigir a la presidenta Dina Boluarte una respuesta concreta a las problem\u00e1ticas que enfrentan en sus sectores.<\/p>\n<p>En el marco de las manifestaciones, se tomaron otras medidas en Lima con la intenci\u00f3n de facilitar el desarrollo de las reuniones, incluyendo la implementaci\u00f3n de clases virtuales y la adopci\u00f3n de esquemas de trabajo remoto en empresas y entidades p\u00fablicas. Las restricciones y el aumento de medidas de seguridad llevaron a cuestionamientos en torno a la gesti\u00f3n de la transparencia del gobierno peruano. (Infobae)<\/p>\n<p>&nbsp;<\/p>\n","protected":false},"excerpt":{"rendered":"<p>En el contexto de las pr\u00f3ximas reuniones del Foro de Cooperaci\u00f3n Econ\u00f3mica Asia-Pac\u00edfico (APEC) 2024, el gobierno de Per\u00fa clasific\u00f3 como reservada la informaci\u00f3n relacionada con las actividades de seguridad en el entorno de la Presidencia de la Rep\u00fablica. Esta decisi\u00f3n se formaliz\u00f3 mediante una resoluci\u00f3n firmada el 8 de noviembre, y afecta tambi\u00e9n la [&hellip;]<\/p>\n","protected":false},"author":1,"featured_media":260912,"comment_status":"closed","ping_status":"open","sticky":false,"template":"","format":"standard","meta":{"_acf_changed":false,"footnotes":""},"categories":[3],"tags":[],"class_list":["post-260911","post","type-post","status-publish","format-standard","has-post-thumbnail","category-internacional"],"acf":{"antetitulo":"En Per\u00fa"},"yoast_head":"<!-- This site is optimized with the Yoast SEO plugin v28.4 - https:\/\/yoast.com\/product\/yoast-seo-wordpress\/ -->\n<title>Norma limita por tiempo indefinido acceso a informaci\u00f3n de Presidencia - El Diario - Bolivia<\/title>\n<meta name=\"robots\" content=\"index, follow, max-snippet:-1, max-image-preview:large, max-video-preview:-1\" \/>\n<link rel=\"canonical\" href=\"https:\/\/www.eldiario.net\/portal\/2024\/11\/14\/norma-limita-por-tiempo-indefinido-acceso-a-informacion-de-presidencia\/\" \/>\n<meta property=\"og:locale\" content=\"es_ES\" \/>\n<meta property=\"og:type\" content=\"article\" \/>\n<meta property=\"og:title\" content=\"Norma limita por tiempo indefinido acceso a informaci\u00f3n de Presidencia - El Diario - Bolivia\" \/>\n<meta property=\"og:description\" content=\"En el contexto de las pr\u00f3ximas reuniones del Foro de Cooperaci\u00f3n Econ\u00f3mica Asia-Pac\u00edfico (APEC) 2024, el gobierno de Per\u00fa clasific\u00f3 como reservada la informaci\u00f3n relacionada con las actividades de seguridad en el entorno de la Presidencia de la Rep\u00fablica. Esta decisi\u00f3n se formaliz\u00f3 mediante una resoluci\u00f3n firmada el 8 de noviembre, y afecta tambi\u00e9n la [&hellip;]\" \/>\n<meta property=\"og:url\" content=\"https:\/\/www.eldiario.net\/portal\/2024\/11\/14\/norma-limita-por-tiempo-indefinido-acceso-a-informacion-de-presidencia\/\" \/>\n<meta property=\"og:site_name\" content=\"El Diario - Bolivia\" \/>\n<meta property=\"article:publisher\" content=\"https:\/\/www.facebook.com\/eldiario.bolivia\/\" \/>\n<meta property=\"article:published_time\" content=\"2024-11-14T10:03:13+00:00\" \/>\n<meta property=\"og:image\" content=\"https:\/\/www.eldiario.net\/portal\/wp-content\/uploads\/2024\/11\/PERU-FOTO-1.jpg\" \/>\n\t<meta property=\"og:image:width\" content=\"992\" \/>\n\t<meta property=\"og:image:height\" content=\"558\" \/>\n\t<meta property=\"og:image:type\" content=\"image\/jpeg\" \/>\n<meta name=\"author\" content=\"Jeanette\" \/>\n<meta name=\"twitter:card\" content=\"summary_large_image\" \/>\n<meta name=\"twitter:creator\" content=\"@eldiario_net\" \/>\n<meta name=\"twitter:site\" content=\"@eldiario_net\" \/>\n<meta name=\"twitter:label1\" content=\"Escrito por\" \/>\n\t<meta name=\"twitter:data1\" content=\"Jeanette\" \/>\n\t<meta name=\"twitter:label2\" content=\"Tiempo de lectura\" \/>\n\t<meta name=\"twitter:data2\" content=\"4 minutos\" \/>\n<script type=\"application\/ld+json\" class=\"yoast-schema-graph\">{\"@context\":\"https:\\\/\\\/schema.org\",\"@graph\":[{\"@type\":\"Article\",\"@id\":\"https:\\\/\\\/www.eldiario.net\\\/portal\\\/2024\\\/11\\\/14\\\/norma-limita-por-tiempo-indefinido-acceso-a-informacion-de-presidencia\\\/#article\",\"isPartOf\":{\"@id\":\"https:\\\/\\\/www.eldiario.net\\\/portal\\\/2024\\\/11\\\/14\\\/norma-limita-por-tiempo-indefinido-acceso-a-informacion-de-presidencia\\\/\"},\"author\":{\"name\":\"Jeanette\",\"@id\":\"https:\\\/\\\/www.eldiario.net\\\/portal\\\/#\\\/schema\\\/person\\\/f46445640444750d7d753ccd04ae01b7\"},\"headline\":\"Norma limita por tiempo indefinido acceso a informaci\u00f3n de Presidencia\",\"datePublished\":\"2024-11-14T10:03:13+00:00\",\"mainEntityOfPage\":{\"@id\":\"https:\\\/\\\/www.eldiario.net\\\/portal\\\/2024\\\/11\\\/14\\\/norma-limita-por-tiempo-indefinido-acceso-a-informacion-de-presidencia\\\/\"},\"wordCount\":799,\"publisher\":{\"@id\":\"https:\\\/\\\/www.eldiario.net\\\/portal\\\/#organization\"},\"image\":{\"@id\":\"https:\\\/\\\/www.eldiario.net\\\/portal\\\/2024\\\/11\\\/14\\\/norma-limita-por-tiempo-indefinido-acceso-a-informacion-de-presidencia\\\/#primaryimage\"},\"thumbnailUrl\":\"https:\\\/\\\/www.eldiario.net\\\/portal\\\/wp-content\\\/uploads\\\/2024\\\/11\\\/PERU-FOTO-1.jpg\",\"articleSection\":[\"Internacional\"],\"inLanguage\":\"es\"},{\"@type\":\"WebPage\",\"@id\":\"https:\\\/\\\/www.eldiario.net\\\/portal\\\/2024\\\/11\\\/14\\\/norma-limita-por-tiempo-indefinido-acceso-a-informacion-de-presidencia\\\/\",\"url\":\"https:\\\/\\\/www.eldiario.net\\\/portal\\\/2024\\\/11\\\/14\\\/norma-limita-por-tiempo-indefinido-acceso-a-informacion-de-presidencia\\\/\",\"name\":\"Norma limita por tiempo indefinido acceso a informaci\u00f3n de Presidencia - El Diario - Bolivia\",\"isPartOf\":{\"@id\":\"https:\\\/\\\/www.eldiario.net\\\/portal\\\/#website\"},\"primaryImageOfPage\":{\"@id\":\"https:\\\/\\\/www.eldiario.net\\\/portal\\\/2024\\\/11\\\/14\\\/norma-limita-por-tiempo-indefinido-acceso-a-informacion-de-presidencia\\\/#primaryimage\"},\"image\":{\"@id\":\"https:\\\/\\\/www.eldiario.net\\\/portal\\\/2024\\\/11\\\/14\\\/norma-limita-por-tiempo-indefinido-acceso-a-informacion-de-presidencia\\\/#primaryimage\"},\"thumbnailUrl\":\"https:\\\/\\\/www.eldiario.net\\\/portal\\\/wp-content\\\/uploads\\\/2024\\\/11\\\/PERU-FOTO-1.jpg\",\"datePublished\":\"2024-11-14T10:03:13+00:00\",\"breadcrumb\":{\"@id\":\"https:\\\/\\\/www.eldiario.net\\\/portal\\\/2024\\\/11\\\/14\\\/norma-limita-por-tiempo-indefinido-acceso-a-informacion-de-presidencia\\\/#breadcrumb\"},\"inLanguage\":\"es\",\"potentialAction\":[{\"@type\":\"ReadAction\",\"target\":[\"https:\\\/\\\/www.eldiario.net\\\/portal\\\/2024\\\/11\\\/14\\\/norma-limita-por-tiempo-indefinido-acceso-a-informacion-de-presidencia\\\/\"]}]},{\"@type\":\"ImageObject\",\"inLanguage\":\"es\",\"@id\":\"https:\\\/\\\/www.eldiario.net\\\/portal\\\/2024\\\/11\\\/14\\\/norma-limita-por-tiempo-indefinido-acceso-a-informacion-de-presidencia\\\/#primaryimage\",\"url\":\"https:\\\/\\\/www.eldiario.net\\\/portal\\\/wp-content\\\/uploads\\\/2024\\\/11\\\/PERU-FOTO-1.jpg\",\"contentUrl\":\"https:\\\/\\\/www.eldiario.net\\\/portal\\\/wp-content\\\/uploads\\\/2024\\\/11\\\/PERU-FOTO-1.jpg\",\"width\":992,\"height\":558,\"caption\":\"La presidenta de Per\u00fa, Dina Boluarte. CREDITO: Infobae\"},{\"@type\":\"BreadcrumbList\",\"@id\":\"https:\\\/\\\/www.eldiario.net\\\/portal\\\/2024\\\/11\\\/14\\\/norma-limita-por-tiempo-indefinido-acceso-a-informacion-de-presidencia\\\/#breadcrumb\",\"itemListElement\":[{\"@type\":\"ListItem\",\"position\":1,\"name\":\"Portada\",\"item\":\"https:\\\/\\\/www.eldiario.net\\\/portal\\\/\"},{\"@type\":\"ListItem\",\"position\":2,\"name\":\"Norma limita por tiempo indefinido acceso a informaci\u00f3n de Presidencia\"}]},{\"@type\":\"WebSite\",\"@id\":\"https:\\\/\\\/www.eldiario.net\\\/portal\\\/#website\",\"url\":\"https:\\\/\\\/www.eldiario.net\\\/portal\\\/\",\"name\":\"El Diario - Decano de la prensa nacional\",\"description\":\"El Diario - Decano de la prensa nacional\",\"publisher\":{\"@id\":\"https:\\\/\\\/www.eldiario.net\\\/portal\\\/#organization\"},\"potentialAction\":[{\"@type\":\"SearchAction\",\"target\":{\"@type\":\"EntryPoint\",\"urlTemplate\":\"https:\\\/\\\/www.eldiario.net\\\/portal\\\/?s={search_term_string}\"},\"query-input\":{\"@type\":\"PropertyValueSpecification\",\"valueRequired\":true,\"valueName\":\"search_term_string\"}}],\"inLanguage\":\"es\"},{\"@type\":\"Organization\",\"@id\":\"https:\\\/\\\/www.eldiario.net\\\/portal\\\/#organization\",\"name\":\"El Diario - Decano de la prensa nacional\",\"url\":\"https:\\\/\\\/www.eldiario.net\\\/portal\\\/\",\"logo\":{\"@type\":\"ImageObject\",\"inLanguage\":\"es\",\"@id\":\"https:\\\/\\\/www.eldiario.net\\\/portal\\\/#\\\/schema\\\/logo\\\/image\\\/\",\"url\":\"https:\\\/\\\/www.eldiario.net\\\/portal\\\/wp-content\\\/uploads\\\/2023\\\/07\\\/logo_ED.jpg\",\"contentUrl\":\"https:\\\/\\\/www.eldiario.net\\\/portal\\\/wp-content\\\/uploads\\\/2023\\\/07\\\/logo_ED.jpg\",\"width\":272,\"height\":52,\"caption\":\"El Diario - Decano de la prensa nacional\"},\"image\":{\"@id\":\"https:\\\/\\\/www.eldiario.net\\\/portal\\\/#\\\/schema\\\/logo\\\/image\\\/\"},\"sameAs\":[\"https:\\\/\\\/www.facebook.com\\\/eldiario.bolivia\\\/\",\"https:\\\/\\\/x.com\\\/eldiario_net\"]},{\"@type\":\"Person\",\"@id\":\"https:\\\/\\\/www.eldiario.net\\\/portal\\\/#\\\/schema\\\/person\\\/f46445640444750d7d753ccd04ae01b7\",\"name\":\"Jeanette\",\"image\":{\"@type\":\"ImageObject\",\"inLanguage\":\"es\",\"@id\":\"https:\\\/\\\/secure.gravatar.com\\\/avatar\\\/3ea2118a5f7dad2b7138b1187a6b7ee55f160b9968b66013c3a3ef39dd7e5798?s=96&d=mm&r=g\",\"url\":\"https:\\\/\\\/secure.gravatar.com\\\/avatar\\\/3ea2118a5f7dad2b7138b1187a6b7ee55f160b9968b66013c3a3ef39dd7e5798?s=96&d=mm&r=g\",\"contentUrl\":\"https:\\\/\\\/secure.gravatar.com\\\/avatar\\\/3ea2118a5f7dad2b7138b1187a6b7ee55f160b9968b66013c3a3ef39dd7e5798?s=96&d=mm&r=g\",\"caption\":\"Jeanette\"},\"sameAs\":[\"https:\\\/\\\/www.eldiario.net\\\/portal\"],\"url\":\"https:\\\/\\\/www.eldiario.net\\\/portal\\\/author\\\/jeanette\\\/\"}]}<\/script>\n<!-- \/ Yoast SEO plugin. -->","yoast_head_json":{"title":"Norma limita por tiempo indefinido acceso a informaci\u00f3n de Presidencia - El Diario - Bolivia","robots":{"index":"index","follow":"follow","max-snippet":"max-snippet:-1","max-image-preview":"max-image-preview:large","max-video-preview":"max-video-preview:-1"},"canonical":"https:\/\/www.eldiario.net\/portal\/2024\/11\/14\/norma-limita-por-tiempo-indefinido-acceso-a-informacion-de-presidencia\/","og_locale":"es_ES","og_type":"article","og_title":"Norma limita por tiempo indefinido acceso a informaci\u00f3n de Presidencia - El Diario - Bolivia","og_description":"En el contexto de las pr\u00f3ximas reuniones del Foro de Cooperaci\u00f3n Econ\u00f3mica Asia-Pac\u00edfico (APEC) 2024, el gobierno de Per\u00fa clasific\u00f3 como reservada la informaci\u00f3n relacionada con las actividades de seguridad en el entorno de la Presidencia de la Rep\u00fablica. Esta decisi\u00f3n se formaliz\u00f3 mediante una resoluci\u00f3n firmada el 8 de noviembre, y afecta tambi\u00e9n la [&hellip;]","og_url":"https:\/\/www.eldiario.net\/portal\/2024\/11\/14\/norma-limita-por-tiempo-indefinido-acceso-a-informacion-de-presidencia\/","og_site_name":"El Diario - Bolivia","article_publisher":"https:\/\/www.facebook.com\/eldiario.bolivia\/","article_published_time":"2024-11-14T10:03:13+00:00","og_image":[{"width":992,"height":558,"url":"https:\/\/www.eldiario.net\/portal\/wp-content\/uploads\/2024\/11\/PERU-FOTO-1.jpg","type":"image\/jpeg"}],"author":"Jeanette","twitter_card":"summary_large_image","twitter_creator":"@eldiario_net","twitter_site":"@eldiario_net","twitter_misc":{"Escrito por":"Jeanette","Tiempo de lectura":"4 minutos"},"schema":{"@context":"https:\/\/schema.org","@graph":[{"@type":"Article","@id":"https:\/\/www.eldiario.net\/portal\/2024\/11\/14\/norma-limita-por-tiempo-indefinido-acceso-a-informacion-de-presidencia\/#article","isPartOf":{"@id":"https:\/\/www.eldiario.net\/portal\/2024\/11\/14\/norma-limita-por-tiempo-indefinido-acceso-a-informacion-de-presidencia\/"},"author":{"name":"Jeanette","@id":"https:\/\/www.eldiario.net\/portal\/#\/schema\/person\/f46445640444750d7d753ccd04ae01b7"},"headline":"Norma limita por tiempo indefinido acceso a informaci\u00f3n de Presidencia","datePublished":"2024-11-14T10:03:13+00:00","mainEntityOfPage":{"@id":"https:\/\/www.eldiario.net\/portal\/2024\/11\/14\/norma-limita-por-tiempo-indefinido-acceso-a-informacion-de-presidencia\/"},"wordCount":799,"publisher":{"@id":"https:\/\/www.eldiario.net\/portal\/#organization"},"image":{"@id":"https:\/\/www.eldiario.net\/portal\/2024\/11\/14\/norma-limita-por-tiempo-indefinido-acceso-a-informacion-de-presidencia\/#primaryimage"},"thumbnailUrl":"https:\/\/www.eldiario.net\/portal\/wp-content\/uploads\/2024\/11\/PERU-FOTO-1.jpg","articleSection":["Internacional"],"inLanguage":"es"},{"@type":"WebPage","@id":"https:\/\/www.eldiario.net\/portal\/2024\/11\/14\/norma-limita-por-tiempo-indefinido-acceso-a-informacion-de-presidencia\/","url":"https:\/\/www.eldiario.net\/portal\/2024\/11\/14\/norma-limita-por-tiempo-indefinido-acceso-a-informacion-de-presidencia\/","name":"Norma limita por tiempo indefinido acceso a informaci\u00f3n de Presidencia - El Diario - Bolivia","isPartOf":{"@id":"https:\/\/www.eldiario.net\/portal\/#website"},"primaryImageOfPage":{"@id":"https:\/\/www.eldiario.net\/portal\/2024\/11\/14\/norma-limita-por-tiempo-indefinido-acceso-a-informacion-de-presidencia\/#primaryimage"},"image":{"@id":"https:\/\/www.eldiario.net\/portal\/2024\/11\/14\/norma-limita-por-tiempo-indefinido-acceso-a-informacion-de-presidencia\/#primaryimage"},"thumbnailUrl":"https:\/\/www.eldiario.net\/portal\/wp-content\/uploads\/2024\/11\/PERU-FOTO-1.jpg","datePublished":"2024-11-14T10:03:13+00:00","breadcrumb":{"@id":"https:\/\/www.eldiario.net\/portal\/2024\/11\/14\/norma-limita-por-tiempo-indefinido-acceso-a-informacion-de-presidencia\/#breadcrumb"},"inLanguage":"es","potentialAction":[{"@type":"ReadAction","target":["https:\/\/www.eldiario.net\/portal\/2024\/11\/14\/norma-limita-por-tiempo-indefinido-acceso-a-informacion-de-presidencia\/"]}]},{"@type":"ImageObject","inLanguage":"es","@id":"https:\/\/www.eldiario.net\/portal\/2024\/11\/14\/norma-limita-por-tiempo-indefinido-acceso-a-informacion-de-presidencia\/#primaryimage","url":"https:\/\/www.eldiario.net\/portal\/wp-content\/uploads\/2024\/11\/PERU-FOTO-1.jpg","contentUrl":"https:\/\/www.eldiario.net\/portal\/wp-content\/uploads\/2024\/11\/PERU-FOTO-1.jpg","width":992,"height":558,"caption":"La presidenta de Per\u00fa, Dina Boluarte. CREDITO: Infobae"},{"@type":"BreadcrumbList","@id":"https:\/\/www.eldiario.net\/portal\/2024\/11\/14\/norma-limita-por-tiempo-indefinido-acceso-a-informacion-de-presidencia\/#breadcrumb","itemListElement":[{"@type":"ListItem","position":1,"name":"Portada","item":"https:\/\/www.eldiario.net\/portal\/"},{"@type":"ListItem","position":2,"name":"Norma limita por tiempo indefinido acceso a informaci\u00f3n de Presidencia"}]},{"@type":"WebSite","@id":"https:\/\/www.eldiario.net\/portal\/#website","url":"https:\/\/www.eldiario.net\/portal\/","name":"El Diario - Decano de la prensa nacional","description":"El Diario - Decano de la prensa nacional","publisher":{"@id":"https:\/\/www.eldiario.net\/portal\/#organization"},"potentialAction":[{"@type":"SearchAction","target":{"@type":"EntryPoint","urlTemplate":"https:\/\/www.eldiario.net\/portal\/?s={search_term_string}"},"query-input":{"@type":"PropertyValueSpecification","valueRequired":true,"valueName":"search_term_string"}}],"inLanguage":"es"},{"@type":"Organization","@id":"https:\/\/www.eldiario.net\/portal\/#organization","name":"El Diario - Decano de la prensa nacional","url":"https:\/\/www.eldiario.net\/portal\/","logo":{"@type":"ImageObject","inLanguage":"es","@id":"https:\/\/www.eldiario.net\/portal\/#\/schema\/logo\/image\/","url":"https:\/\/www.eldiario.net\/portal\/wp-content\/uploads\/2023\/07\/logo_ED.jpg","contentUrl":"https:\/\/www.eldiario.net\/portal\/wp-content\/uploads\/2023\/07\/logo_ED.jpg","width":272,"height":52,"caption":"El Diario - Decano de la prensa nacional"},"image":{"@id":"https:\/\/www.eldiario.net\/portal\/#\/schema\/logo\/image\/"},"sameAs":["https:\/\/www.facebook.com\/eldiario.bolivia\/","https:\/\/x.com\/eldiario_net"]},{"@type":"Person","@id":"https:\/\/www.eldiario.net\/portal\/#\/schema\/person\/f46445640444750d7d753ccd04ae01b7","name":"Jeanette","image":{"@type":"ImageObject","inLanguage":"es","@id":"https:\/\/secure.gravatar.com\/avatar\/3ea2118a5f7dad2b7138b1187a6b7ee55f160b9968b66013c3a3ef39dd7e5798?s=96&d=mm&r=g","url":"https:\/\/secure.gravatar.com\/avatar\/3ea2118a5f7dad2b7138b1187a6b7ee55f160b9968b66013c3a3ef39dd7e5798?s=96&d=mm&r=g","contentUrl":"https:\/\/secure.gravatar.com\/avatar\/3ea2118a5f7dad2b7138b1187a6b7ee55f160b9968b66013c3a3ef39dd7e5798?s=96&d=mm&r=g","caption":"Jeanette"},"sameAs":["https:\/\/www.eldiario.net\/portal"],"url":"https:\/\/www.eldiario.net\/portal\/author\/jeanette\/"}]}},"_links":{"self":[{"href":"https:\/\/www.eldiario.net\/portal\/wp-json\/wp\/v2\/posts\/260911","targetHints":{"allow":["GET"]}}],"collection":[{"href":"https:\/\/www.eldiario.net\/portal\/wp-json\/wp\/v2\/posts"}],"about":[{"href":"https:\/\/www.eldiario.net\/portal\/wp-json\/wp\/v2\/types\/post"}],"author":[{"embeddable":true,"href":"https:\/\/www.eldiario.net\/portal\/wp-json\/wp\/v2\/users\/1"}],"replies":[{"embeddable":true,"href":"https:\/\/www.eldiario.net\/portal\/wp-json\/wp\/v2\/comments?post=260911"}],"version-history":[{"count":1,"href":"https:\/\/www.eldiario.net\/portal\/wp-json\/wp\/v2\/posts\/260911\/revisions"}],"predecessor-version":[{"id":260913,"href":"https:\/\/www.eldiario.net\/portal\/wp-json\/wp\/v2\/posts\/260911\/revisions\/260913"}],"wp:featuredmedia":[{"embeddable":true,"href":"https:\/\/www.eldiario.net\/portal\/wp-json\/wp\/v2\/media\/260912"}],"wp:attachment":[{"href":"https:\/\/www.eldiario.net\/portal\/wp-json\/wp\/v2\/media?parent=260911"}],"wp:term":[{"taxonomy":"category","embeddable":true,"href":"https:\/\/www.eldiario.net\/portal\/wp-json\/wp\/v2\/categories?post=260911"},{"taxonomy":"post_tag","embeddable":true,"href":"https:\/\/www.eldiario.net\/portal\/wp-json\/wp\/v2\/tags?post=260911"}],"curies":[{"name":"wp","href":"https:\/\/api.w.org\/{rel}","templated":true}]}}