{"id":260907,"date":"2024-11-14T06:02:26","date_gmt":"2024-11-14T10:02:26","guid":{"rendered":"https:\/\/www.eldiario.net\/portal\/?p=260907"},"modified":"2024-11-14T06:02:26","modified_gmt":"2024-11-14T10:02:26","slug":"rusia-lanza-ataque-con-drones-iranies-y-misiles-norcoreanos-contra-kiev","status":"publish","type":"post","link":"https:\/\/www.eldiario.net\/portal\/2024\/11\/14\/rusia-lanza-ataque-con-drones-iranies-y-misiles-norcoreanos-contra-kiev\/","title":{"rendered":"Rusia lanza ataque con drones iran\u00edes y misiles norcoreanos contra Kiev"},"content":{"rendered":"<p>Las fuerzas rusas lanzaron ayer el primer ataque combinado con misiles y drones contra la capital ucraniana en m\u00e1s de dos meses, seg\u00fan inform\u00f3 en sus redes sociales la Administraci\u00f3n Militar de la regi\u00f3n de Kiev.<\/p>\n<p>\u201cLas fuerzas armadas de la Federaci\u00f3n Rusa lanzaron un ataque combinado de misiles y drones contra Kiev. El primero en los \u00faltimos 73 d\u00edas\u201d, se lee en la cuenta de la administraci\u00f3n, que no registr\u00f3 por el momento da\u00f1os materiales o v\u00edctimas.<\/p>\n<p>En el ataque Rusia emple\u00f3 misiles de crucero y misiles bal\u00edsticos norcoreanos KN-23 y KN-24 y misiles Iskander-M y drones Shahed.<\/p>\n<p>La alerta a\u00e9rea se activ\u00f3 en la capital despu\u00e9s de las 6.00 de la ma\u00f1ana (3.00 GMT) debido a la llegada de drones a los que siguieron los misiles de crucero y los bal\u00edsticos y otra oleada de drones.<\/p>\n<p>Seg\u00fan la Fuerza A\u00e9rea ucraniana, Rusia lanz\u00f3 contra territorio de Ucrania cuatro misiles que fueron derribados por sus defensas.<\/p>\n<p>Adem\u00e1s, las fuerzas rusas lanzaron contra el conjunto de Ucrania 90 drones, de los que 86 fueron derribados o neutralizados con interferencias electr\u00f3nicas.<\/p>\n<p>El presidente Volod\u00edmir Zelensky pidido en redes sociales a sus aliados que doten a Ucrania de m\u00e1s misiles para interceptar proyectiles enemigos y de m\u00e1s medios de guerra radioelectr\u00f3nica.<\/p>\n<p>Rusia sigue apretando a lo largo de todo el frente y lanz\u00f3 durante la pasada jornada cerca de cien ataques en los ejes de Kur\u00e1jove y Pokrovsk de la regi\u00f3n de Donetsk del este de Ucrania y en la regi\u00f3n rusa de Kursk, donde cerca de 50.000 soldados rusos tratan de expulsar a las tropas de Kiev que controlan una parte del territorio.<\/p>\n<p>El Estado Mayor ucraniano se\u00f1al\u00f3 que Kur\u00e1jove fue un d\u00eda m\u00e1s la zona m\u00e1s caliente de toda la l\u00ednea de contacto. All\u00ed las fuerzas ucranianas repelieron un total de 47 asaltos rusos. Mientras, las tropas de Kiev que defienden el eje de Pokrovsk detuvieron 28 ataques.<\/p>\n<p>En la regi\u00f3n de Kursk, las tropas rusas trataron de romper sin \u00e9xito hasta en 20 ocasiones las defensas de Ucrania.<\/p>\n<p>Seg\u00fan la plataforma de an\u00e1lisis de la guerra DeepState, las fuerzas rusas avanzaron en las \u00faltimas horas en una decena de puntos del frente del este.<\/p>\n<p>Estos avances rusos se producen a un alto precio en material militar y bajas humanas. Durante la pasada jornada, el n\u00famero de p\u00e9rdidas rusas entre muertos y heridos volvi\u00f3 a superar los 1.700 por tercer d\u00eda consecutivo.<\/p>\n<p>Analistas militares ucranianos creen que Rusia est\u00e1 pisando el acelerador en el frente para conquistar tanto territorio como le sea posible antes de la llegada a la Casa Blanca en enero del presidente electo de EEUU, Donald Trump.<\/p>\n<p>Trump prometi\u00f3 impulsar de forma inmediata unas negociaciones que pongan fin a la guerra.<\/p>\n<p>Entretanto, las tropas rusas tomaron otra localidad en la regi\u00f3n de Donetsk en su avance hacia la frontera con la vecina Zaporizhzhia, seg\u00fan inform\u00f3 el Ministerio de Defensa.<\/p>\n<p>Se trata de la localidad de Rivnopil, que ten\u00eda unos 1.500 habitantes antes del comienzo de la guerra y se encuentra a m\u00e1s de 60 kil\u00f3metros al suroeste de la capital regional.<\/p>\n<p>Rivnopil fue tomada por unidades de la agrupaci\u00f3n militar Vostok (este), que causaron al enemigo unas 150 bajas, adem\u00e1s de la p\u00e9rdida de un ca\u00f1\u00f3n autopropulsado Caesar, de fabricaci\u00f3n francesa.<\/p>\n<p>Esa villa se encuentra a escasos kil\u00f3metros de la frontera con Zaporizhzhia, donde unidades de asalto rusas avanzaron en las \u00faltimas semanas, supuestamente con el fin de lanzar una nueva ofensiva contra los bastiones enemigos, seg\u00fan fuentes del ej\u00e9rcito ucraniano.<\/p>\n<p>Seg\u00fan esas fuentes citadas por el Instituto para el Estudio de la Guerra, los rusos incrementaron en un 30-40% sus ataques a\u00e9reos contra las zonas controladas por Kiev.<\/p>\n<p>El ej\u00e9rcito ruso avanza a marchas forzadas desde hace semanas en Donetsk, donde ya combate en Kur\u00e1jove, una importante plaza fuerte ucraniana, aunque el objetivo primordial es Pokrovsk, ciudad de 60.000 habitantes y con importantes yacimientos de coque.<\/p>\n<p>Seg\u00fan fuentes militares brit\u00e1nicas, Mosc\u00fa logr\u00f3 recuperar unos 1.500 kil\u00f3metros cuadrados en el Donb\u00e1s en los \u00faltimos dos meses, pero pag\u00f3 un alto coste en vidas, ya que en octubre sufri\u00f3 una media de 1.500 bajas diarias.<\/p>\n<p>Mientras, seg\u00fan la prensa, el Kremlin concentr\u00f3 unos 50.000 hombres en la regi\u00f3n de Kursk, entre los que figurar\u00eda un contingente de miles de soldados norcoreanos, con el fin de expulsar a las tropas ucranianas antes de la investidura el 20 de enero del nuevo presidente de EEUU, Donald Trump.(Infobae)<\/p>\n<p>&nbsp;<\/p>\n","protected":false},"excerpt":{"rendered":"<p>Las fuerzas rusas lanzaron ayer el primer ataque combinado con misiles y drones contra la capital ucraniana en m\u00e1s de dos meses, seg\u00fan inform\u00f3 en sus redes sociales la Administraci\u00f3n Militar de la regi\u00f3n de Kiev. \u201cLas fuerzas armadas de la Federaci\u00f3n Rusa lanzaron un ataque combinado de misiles y drones contra Kiev. El primero [&hellip;]<\/p>\n","protected":false},"author":1,"featured_media":260908,"comment_status":"closed","ping_status":"open","sticky":false,"template":"","format":"standard","meta":{"_acf_changed":false,"footnotes":""},"categories":[3],"tags":[],"class_list":["post-260907","post","type-post","status-publish","format-standard","has-post-thumbnail","category-internacional"],"acf":{"antetitulo":"Tras conflicto de m\u00e1s de un a\u00f1o"},"yoast_head":"<!-- This site is optimized with the Yoast SEO plugin v28.4 - https:\/\/yoast.com\/product\/yoast-seo-wordpress\/ -->\n<title>Rusia lanza ataque con drones iran\u00edes y misiles norcoreanos contra Kiev - El Diario - Bolivia<\/title>\n<meta name=\"robots\" content=\"index, follow, max-snippet:-1, max-image-preview:large, max-video-preview:-1\" \/>\n<link rel=\"canonical\" href=\"https:\/\/www.eldiario.net\/portal\/2024\/11\/14\/rusia-lanza-ataque-con-drones-iranies-y-misiles-norcoreanos-contra-kiev\/\" \/>\n<meta property=\"og:locale\" content=\"es_ES\" \/>\n<meta property=\"og:type\" content=\"article\" \/>\n<meta property=\"og:title\" content=\"Rusia lanza ataque con drones iran\u00edes y misiles norcoreanos contra Kiev - El Diario - Bolivia\" \/>\n<meta property=\"og:description\" content=\"Las fuerzas rusas lanzaron ayer el primer ataque combinado con misiles y drones contra la capital ucraniana en m\u00e1s de dos meses, seg\u00fan inform\u00f3 en sus redes sociales la Administraci\u00f3n Militar de la regi\u00f3n de Kiev. \u201cLas fuerzas armadas de la Federaci\u00f3n Rusa lanzaron un ataque combinado de misiles y drones contra Kiev. El primero [&hellip;]\" \/>\n<meta property=\"og:url\" content=\"https:\/\/www.eldiario.net\/portal\/2024\/11\/14\/rusia-lanza-ataque-con-drones-iranies-y-misiles-norcoreanos-contra-kiev\/\" \/>\n<meta property=\"og:site_name\" content=\"El Diario - Bolivia\" \/>\n<meta property=\"article:publisher\" content=\"https:\/\/www.facebook.com\/eldiario.bolivia\/\" \/>\n<meta property=\"article:published_time\" content=\"2024-11-14T10:02:26+00:00\" \/>\n<meta property=\"og:image\" content=\"https:\/\/www.eldiario.net\/portal\/wp-content\/uploads\/2024\/11\/UCRANIA-FOTO.jpg\" \/>\n\t<meta property=\"og:image:width\" content=\"992\" \/>\n\t<meta property=\"og:image:height\" content=\"744\" \/>\n\t<meta property=\"og:image:type\" content=\"image\/jpeg\" \/>\n<meta name=\"author\" content=\"Jeanette\" \/>\n<meta name=\"twitter:card\" content=\"summary_large_image\" \/>\n<meta name=\"twitter:creator\" content=\"@eldiario_net\" \/>\n<meta name=\"twitter:site\" content=\"@eldiario_net\" \/>\n<meta name=\"twitter:label1\" content=\"Escrito por\" \/>\n\t<meta name=\"twitter:data1\" content=\"Jeanette\" \/>\n\t<meta name=\"twitter:label2\" content=\"Tiempo de lectura\" \/>\n\t<meta name=\"twitter:data2\" content=\"4 minutos\" \/>\n<script type=\"application\/ld+json\" class=\"yoast-schema-graph\">{\"@context\":\"https:\\\/\\\/schema.org\",\"@graph\":[{\"@type\":\"Article\",\"@id\":\"https:\\\/\\\/www.eldiario.net\\\/portal\\\/2024\\\/11\\\/14\\\/rusia-lanza-ataque-con-drones-iranies-y-misiles-norcoreanos-contra-kiev\\\/#article\",\"isPartOf\":{\"@id\":\"https:\\\/\\\/www.eldiario.net\\\/portal\\\/2024\\\/11\\\/14\\\/rusia-lanza-ataque-con-drones-iranies-y-misiles-norcoreanos-contra-kiev\\\/\"},\"author\":{\"name\":\"Jeanette\",\"@id\":\"https:\\\/\\\/www.eldiario.net\\\/portal\\\/#\\\/schema\\\/person\\\/f46445640444750d7d753ccd04ae01b7\"},\"headline\":\"Rusia lanza ataque con drones iran\u00edes y misiles norcoreanos contra Kiev\",\"datePublished\":\"2024-11-14T10:02:26+00:00\",\"mainEntityOfPage\":{\"@id\":\"https:\\\/\\\/www.eldiario.net\\\/portal\\\/2024\\\/11\\\/14\\\/rusia-lanza-ataque-con-drones-iranies-y-misiles-norcoreanos-contra-kiev\\\/\"},\"wordCount\":794,\"publisher\":{\"@id\":\"https:\\\/\\\/www.eldiario.net\\\/portal\\\/#organization\"},\"image\":{\"@id\":\"https:\\\/\\\/www.eldiario.net\\\/portal\\\/2024\\\/11\\\/14\\\/rusia-lanza-ataque-con-drones-iranies-y-misiles-norcoreanos-contra-kiev\\\/#primaryimage\"},\"thumbnailUrl\":\"https:\\\/\\\/www.eldiario.net\\\/portal\\\/wp-content\\\/uploads\\\/2024\\\/11\\\/UCRANIA-FOTO.jpg\",\"articleSection\":[\"Internacional\"],\"inLanguage\":\"es\"},{\"@type\":\"WebPage\",\"@id\":\"https:\\\/\\\/www.eldiario.net\\\/portal\\\/2024\\\/11\\\/14\\\/rusia-lanza-ataque-con-drones-iranies-y-misiles-norcoreanos-contra-kiev\\\/\",\"url\":\"https:\\\/\\\/www.eldiario.net\\\/portal\\\/2024\\\/11\\\/14\\\/rusia-lanza-ataque-con-drones-iranies-y-misiles-norcoreanos-contra-kiev\\\/\",\"name\":\"Rusia lanza ataque con drones iran\u00edes y misiles norcoreanos contra Kiev - El Diario - Bolivia\",\"isPartOf\":{\"@id\":\"https:\\\/\\\/www.eldiario.net\\\/portal\\\/#website\"},\"primaryImageOfPage\":{\"@id\":\"https:\\\/\\\/www.eldiario.net\\\/portal\\\/2024\\\/11\\\/14\\\/rusia-lanza-ataque-con-drones-iranies-y-misiles-norcoreanos-contra-kiev\\\/#primaryimage\"},\"image\":{\"@id\":\"https:\\\/\\\/www.eldiario.net\\\/portal\\\/2024\\\/11\\\/14\\\/rusia-lanza-ataque-con-drones-iranies-y-misiles-norcoreanos-contra-kiev\\\/#primaryimage\"},\"thumbnailUrl\":\"https:\\\/\\\/www.eldiario.net\\\/portal\\\/wp-content\\\/uploads\\\/2024\\\/11\\\/UCRANIA-FOTO.jpg\",\"datePublished\":\"2024-11-14T10:02:26+00:00\",\"breadcrumb\":{\"@id\":\"https:\\\/\\\/www.eldiario.net\\\/portal\\\/2024\\\/11\\\/14\\\/rusia-lanza-ataque-con-drones-iranies-y-misiles-norcoreanos-contra-kiev\\\/#breadcrumb\"},\"inLanguage\":\"es\",\"potentialAction\":[{\"@type\":\"ReadAction\",\"target\":[\"https:\\\/\\\/www.eldiario.net\\\/portal\\\/2024\\\/11\\\/14\\\/rusia-lanza-ataque-con-drones-iranies-y-misiles-norcoreanos-contra-kiev\\\/\"]}]},{\"@type\":\"ImageObject\",\"inLanguage\":\"es\",\"@id\":\"https:\\\/\\\/www.eldiario.net\\\/portal\\\/2024\\\/11\\\/14\\\/rusia-lanza-ataque-con-drones-iranies-y-misiles-norcoreanos-contra-kiev\\\/#primaryimage\",\"url\":\"https:\\\/\\\/www.eldiario.net\\\/portal\\\/wp-content\\\/uploads\\\/2024\\\/11\\\/UCRANIA-FOTO.jpg\",\"contentUrl\":\"https:\\\/\\\/www.eldiario.net\\\/portal\\\/wp-content\\\/uploads\\\/2024\\\/11\\\/UCRANIA-FOTO.jpg\",\"width\":992,\"height\":744,\"caption\":\"Bomberos trabajan en una zona industrial bombardeada por Rusia cerca de Kiev. CREDITO: Reuters\"},{\"@type\":\"BreadcrumbList\",\"@id\":\"https:\\\/\\\/www.eldiario.net\\\/portal\\\/2024\\\/11\\\/14\\\/rusia-lanza-ataque-con-drones-iranies-y-misiles-norcoreanos-contra-kiev\\\/#breadcrumb\",\"itemListElement\":[{\"@type\":\"ListItem\",\"position\":1,\"name\":\"Portada\",\"item\":\"https:\\\/\\\/www.eldiario.net\\\/portal\\\/\"},{\"@type\":\"ListItem\",\"position\":2,\"name\":\"Rusia lanza ataque con drones iran\u00edes y misiles norcoreanos contra Kiev\"}]},{\"@type\":\"WebSite\",\"@id\":\"https:\\\/\\\/www.eldiario.net\\\/portal\\\/#website\",\"url\":\"https:\\\/\\\/www.eldiario.net\\\/portal\\\/\",\"name\":\"El Diario - Decano de la prensa nacional\",\"description\":\"El Diario - Decano de la prensa nacional\",\"publisher\":{\"@id\":\"https:\\\/\\\/www.eldiario.net\\\/portal\\\/#organization\"},\"potentialAction\":[{\"@type\":\"SearchAction\",\"target\":{\"@type\":\"EntryPoint\",\"urlTemplate\":\"https:\\\/\\\/www.eldiario.net\\\/portal\\\/?s={search_term_string}\"},\"query-input\":{\"@type\":\"PropertyValueSpecification\",\"valueRequired\":true,\"valueName\":\"search_term_string\"}}],\"inLanguage\":\"es\"},{\"@type\":\"Organization\",\"@id\":\"https:\\\/\\\/www.eldiario.net\\\/portal\\\/#organization\",\"name\":\"El Diario - Decano de la prensa nacional\",\"url\":\"https:\\\/\\\/www.eldiario.net\\\/portal\\\/\",\"logo\":{\"@type\":\"ImageObject\",\"inLanguage\":\"es\",\"@id\":\"https:\\\/\\\/www.eldiario.net\\\/portal\\\/#\\\/schema\\\/logo\\\/image\\\/\",\"url\":\"https:\\\/\\\/www.eldiario.net\\\/portal\\\/wp-content\\\/uploads\\\/2023\\\/07\\\/logo_ED.jpg\",\"contentUrl\":\"https:\\\/\\\/www.eldiario.net\\\/portal\\\/wp-content\\\/uploads\\\/2023\\\/07\\\/logo_ED.jpg\",\"width\":272,\"height\":52,\"caption\":\"El Diario - Decano de la prensa nacional\"},\"image\":{\"@id\":\"https:\\\/\\\/www.eldiario.net\\\/portal\\\/#\\\/schema\\\/logo\\\/image\\\/\"},\"sameAs\":[\"https:\\\/\\\/www.facebook.com\\\/eldiario.bolivia\\\/\",\"https:\\\/\\\/x.com\\\/eldiario_net\"]},{\"@type\":\"Person\",\"@id\":\"https:\\\/\\\/www.eldiario.net\\\/portal\\\/#\\\/schema\\\/person\\\/f46445640444750d7d753ccd04ae01b7\",\"name\":\"Jeanette\",\"image\":{\"@type\":\"ImageObject\",\"inLanguage\":\"es\",\"@id\":\"https:\\\/\\\/secure.gravatar.com\\\/avatar\\\/3ea2118a5f7dad2b7138b1187a6b7ee55f160b9968b66013c3a3ef39dd7e5798?s=96&d=mm&r=g\",\"url\":\"https:\\\/\\\/secure.gravatar.com\\\/avatar\\\/3ea2118a5f7dad2b7138b1187a6b7ee55f160b9968b66013c3a3ef39dd7e5798?s=96&d=mm&r=g\",\"contentUrl\":\"https:\\\/\\\/secure.gravatar.com\\\/avatar\\\/3ea2118a5f7dad2b7138b1187a6b7ee55f160b9968b66013c3a3ef39dd7e5798?s=96&d=mm&r=g\",\"caption\":\"Jeanette\"},\"sameAs\":[\"https:\\\/\\\/www.eldiario.net\\\/portal\"],\"url\":\"https:\\\/\\\/www.eldiario.net\\\/portal\\\/author\\\/jeanette\\\/\"}]}<\/script>\n<!-- \/ Yoast SEO plugin. -->","yoast_head_json":{"title":"Rusia lanza ataque con drones iran\u00edes y misiles norcoreanos contra Kiev - El Diario - Bolivia","robots":{"index":"index","follow":"follow","max-snippet":"max-snippet:-1","max-image-preview":"max-image-preview:large","max-video-preview":"max-video-preview:-1"},"canonical":"https:\/\/www.eldiario.net\/portal\/2024\/11\/14\/rusia-lanza-ataque-con-drones-iranies-y-misiles-norcoreanos-contra-kiev\/","og_locale":"es_ES","og_type":"article","og_title":"Rusia lanza ataque con drones iran\u00edes y misiles norcoreanos contra Kiev - El Diario - Bolivia","og_description":"Las fuerzas rusas lanzaron ayer el primer ataque combinado con misiles y drones contra la capital ucraniana en m\u00e1s de dos meses, seg\u00fan inform\u00f3 en sus redes sociales la Administraci\u00f3n Militar de la regi\u00f3n de Kiev. \u201cLas fuerzas armadas de la Federaci\u00f3n Rusa lanzaron un ataque combinado de misiles y drones contra Kiev. El primero [&hellip;]","og_url":"https:\/\/www.eldiario.net\/portal\/2024\/11\/14\/rusia-lanza-ataque-con-drones-iranies-y-misiles-norcoreanos-contra-kiev\/","og_site_name":"El Diario - Bolivia","article_publisher":"https:\/\/www.facebook.com\/eldiario.bolivia\/","article_published_time":"2024-11-14T10:02:26+00:00","og_image":[{"width":992,"height":744,"url":"https:\/\/www.eldiario.net\/portal\/wp-content\/uploads\/2024\/11\/UCRANIA-FOTO.jpg","type":"image\/jpeg"}],"author":"Jeanette","twitter_card":"summary_large_image","twitter_creator":"@eldiario_net","twitter_site":"@eldiario_net","twitter_misc":{"Escrito por":"Jeanette","Tiempo de lectura":"4 minutos"},"schema":{"@context":"https:\/\/schema.org","@graph":[{"@type":"Article","@id":"https:\/\/www.eldiario.net\/portal\/2024\/11\/14\/rusia-lanza-ataque-con-drones-iranies-y-misiles-norcoreanos-contra-kiev\/#article","isPartOf":{"@id":"https:\/\/www.eldiario.net\/portal\/2024\/11\/14\/rusia-lanza-ataque-con-drones-iranies-y-misiles-norcoreanos-contra-kiev\/"},"author":{"name":"Jeanette","@id":"https:\/\/www.eldiario.net\/portal\/#\/schema\/person\/f46445640444750d7d753ccd04ae01b7"},"headline":"Rusia lanza ataque con drones iran\u00edes y misiles norcoreanos contra Kiev","datePublished":"2024-11-14T10:02:26+00:00","mainEntityOfPage":{"@id":"https:\/\/www.eldiario.net\/portal\/2024\/11\/14\/rusia-lanza-ataque-con-drones-iranies-y-misiles-norcoreanos-contra-kiev\/"},"wordCount":794,"publisher":{"@id":"https:\/\/www.eldiario.net\/portal\/#organization"},"image":{"@id":"https:\/\/www.eldiario.net\/portal\/2024\/11\/14\/rusia-lanza-ataque-con-drones-iranies-y-misiles-norcoreanos-contra-kiev\/#primaryimage"},"thumbnailUrl":"https:\/\/www.eldiario.net\/portal\/wp-content\/uploads\/2024\/11\/UCRANIA-FOTO.jpg","articleSection":["Internacional"],"inLanguage":"es"},{"@type":"WebPage","@id":"https:\/\/www.eldiario.net\/portal\/2024\/11\/14\/rusia-lanza-ataque-con-drones-iranies-y-misiles-norcoreanos-contra-kiev\/","url":"https:\/\/www.eldiario.net\/portal\/2024\/11\/14\/rusia-lanza-ataque-con-drones-iranies-y-misiles-norcoreanos-contra-kiev\/","name":"Rusia lanza ataque con drones iran\u00edes y misiles norcoreanos contra Kiev - El Diario - Bolivia","isPartOf":{"@id":"https:\/\/www.eldiario.net\/portal\/#website"},"primaryImageOfPage":{"@id":"https:\/\/www.eldiario.net\/portal\/2024\/11\/14\/rusia-lanza-ataque-con-drones-iranies-y-misiles-norcoreanos-contra-kiev\/#primaryimage"},"image":{"@id":"https:\/\/www.eldiario.net\/portal\/2024\/11\/14\/rusia-lanza-ataque-con-drones-iranies-y-misiles-norcoreanos-contra-kiev\/#primaryimage"},"thumbnailUrl":"https:\/\/www.eldiario.net\/portal\/wp-content\/uploads\/2024\/11\/UCRANIA-FOTO.jpg","datePublished":"2024-11-14T10:02:26+00:00","breadcrumb":{"@id":"https:\/\/www.eldiario.net\/portal\/2024\/11\/14\/rusia-lanza-ataque-con-drones-iranies-y-misiles-norcoreanos-contra-kiev\/#breadcrumb"},"inLanguage":"es","potentialAction":[{"@type":"ReadAction","target":["https:\/\/www.eldiario.net\/portal\/2024\/11\/14\/rusia-lanza-ataque-con-drones-iranies-y-misiles-norcoreanos-contra-kiev\/"]}]},{"@type":"ImageObject","inLanguage":"es","@id":"https:\/\/www.eldiario.net\/portal\/2024\/11\/14\/rusia-lanza-ataque-con-drones-iranies-y-misiles-norcoreanos-contra-kiev\/#primaryimage","url":"https:\/\/www.eldiario.net\/portal\/wp-content\/uploads\/2024\/11\/UCRANIA-FOTO.jpg","contentUrl":"https:\/\/www.eldiario.net\/portal\/wp-content\/uploads\/2024\/11\/UCRANIA-FOTO.jpg","width":992,"height":744,"caption":"Bomberos trabajan en una zona industrial bombardeada por Rusia cerca de Kiev. CREDITO: Reuters"},{"@type":"BreadcrumbList","@id":"https:\/\/www.eldiario.net\/portal\/2024\/11\/14\/rusia-lanza-ataque-con-drones-iranies-y-misiles-norcoreanos-contra-kiev\/#breadcrumb","itemListElement":[{"@type":"ListItem","position":1,"name":"Portada","item":"https:\/\/www.eldiario.net\/portal\/"},{"@type":"ListItem","position":2,"name":"Rusia lanza ataque con drones iran\u00edes y misiles norcoreanos contra Kiev"}]},{"@type":"WebSite","@id":"https:\/\/www.eldiario.net\/portal\/#website","url":"https:\/\/www.eldiario.net\/portal\/","name":"El Diario - Decano de la prensa nacional","description":"El Diario - Decano de la prensa nacional","publisher":{"@id":"https:\/\/www.eldiario.net\/portal\/#organization"},"potentialAction":[{"@type":"SearchAction","target":{"@type":"EntryPoint","urlTemplate":"https:\/\/www.eldiario.net\/portal\/?s={search_term_string}"},"query-input":{"@type":"PropertyValueSpecification","valueRequired":true,"valueName":"search_term_string"}}],"inLanguage":"es"},{"@type":"Organization","@id":"https:\/\/www.eldiario.net\/portal\/#organization","name":"El Diario - Decano de la prensa nacional","url":"https:\/\/www.eldiario.net\/portal\/","logo":{"@type":"ImageObject","inLanguage":"es","@id":"https:\/\/www.eldiario.net\/portal\/#\/schema\/logo\/image\/","url":"https:\/\/www.eldiario.net\/portal\/wp-content\/uploads\/2023\/07\/logo_ED.jpg","contentUrl":"https:\/\/www.eldiario.net\/portal\/wp-content\/uploads\/2023\/07\/logo_ED.jpg","width":272,"height":52,"caption":"El Diario - Decano de la prensa nacional"},"image":{"@id":"https:\/\/www.eldiario.net\/portal\/#\/schema\/logo\/image\/"},"sameAs":["https:\/\/www.facebook.com\/eldiario.bolivia\/","https:\/\/x.com\/eldiario_net"]},{"@type":"Person","@id":"https:\/\/www.eldiario.net\/portal\/#\/schema\/person\/f46445640444750d7d753ccd04ae01b7","name":"Jeanette","image":{"@type":"ImageObject","inLanguage":"es","@id":"https:\/\/secure.gravatar.com\/avatar\/3ea2118a5f7dad2b7138b1187a6b7ee55f160b9968b66013c3a3ef39dd7e5798?s=96&d=mm&r=g","url":"https:\/\/secure.gravatar.com\/avatar\/3ea2118a5f7dad2b7138b1187a6b7ee55f160b9968b66013c3a3ef39dd7e5798?s=96&d=mm&r=g","contentUrl":"https:\/\/secure.gravatar.com\/avatar\/3ea2118a5f7dad2b7138b1187a6b7ee55f160b9968b66013c3a3ef39dd7e5798?s=96&d=mm&r=g","caption":"Jeanette"},"sameAs":["https:\/\/www.eldiario.net\/portal"],"url":"https:\/\/www.eldiario.net\/portal\/author\/jeanette\/"}]}},"_links":{"self":[{"href":"https:\/\/www.eldiario.net\/portal\/wp-json\/wp\/v2\/posts\/260907","targetHints":{"allow":["GET"]}}],"collection":[{"href":"https:\/\/www.eldiario.net\/portal\/wp-json\/wp\/v2\/posts"}],"about":[{"href":"https:\/\/www.eldiario.net\/portal\/wp-json\/wp\/v2\/types\/post"}],"author":[{"embeddable":true,"href":"https:\/\/www.eldiario.net\/portal\/wp-json\/wp\/v2\/users\/1"}],"replies":[{"embeddable":true,"href":"https:\/\/www.eldiario.net\/portal\/wp-json\/wp\/v2\/comments?post=260907"}],"version-history":[{"count":1,"href":"https:\/\/www.eldiario.net\/portal\/wp-json\/wp\/v2\/posts\/260907\/revisions"}],"predecessor-version":[{"id":260909,"href":"https:\/\/www.eldiario.net\/portal\/wp-json\/wp\/v2\/posts\/260907\/revisions\/260909"}],"wp:featuredmedia":[{"embeddable":true,"href":"https:\/\/www.eldiario.net\/portal\/wp-json\/wp\/v2\/media\/260908"}],"wp:attachment":[{"href":"https:\/\/www.eldiario.net\/portal\/wp-json\/wp\/v2\/media?parent=260907"}],"wp:term":[{"taxonomy":"category","embeddable":true,"href":"https:\/\/www.eldiario.net\/portal\/wp-json\/wp\/v2\/categories?post=260907"},{"taxonomy":"post_tag","embeddable":true,"href":"https:\/\/www.eldiario.net\/portal\/wp-json\/wp\/v2\/tags?post=260907"}],"curies":[{"name":"wp","href":"https:\/\/api.w.org\/{rel}","templated":true}]}}