{"id":260904,"date":"2024-11-14T05:58:52","date_gmt":"2024-11-14T09:58:52","guid":{"rendered":"https:\/\/www.eldiario.net\/portal\/?p=260904"},"modified":"2024-11-14T05:58:52","modified_gmt":"2024-11-14T09:58:52","slug":"cementerio-habilita-espacio-para-bebes-hallados-sin-vida","status":"publish","type":"post","link":"https:\/\/www.eldiario.net\/portal\/2024\/11\/14\/cementerio-habilita-espacio-para-bebes-hallados-sin-vida\/","title":{"rendered":"Cementerio habilita espacio para beb\u00e9s hallados sin vida"},"content":{"rendered":"<p>Luego de que en poco m\u00e1s de un mes, se hall\u00f3 el segundo cuerpo sin vida de un beb\u00e9 dentro del Cementerio General de La Paz, la administraci\u00f3n del lugar determin\u00f3 habilitar el jard\u00edn \u201cAngelitos del Cielo\u201d, un espacio exclusivo para enterrar a los beb\u00e9s que fueron hallados sin signos vitales.<\/p>\n<p>En el m\u00e1s reciente caso, seg\u00fan datos, aparentemente, se tratar\u00eda de un feto de siete a ocho meses de gestaci\u00f3n. El jefe de la Divisi\u00f3n Homicidios de la Fuerza Especial de Lucha Contra el Crimen (Felcc), Ren\u00e9 Tambo, indic\u00f3 que se revisan c\u00e1maras de seguridad para ubicar a las personas que habr\u00edan dejado el cad\u00e1ver.<\/p>\n<p>A\u00f1adi\u00f3 que se coordina con personal administrativo del camposanto para proceder a la revisi\u00f3n de las c\u00e1maras de seguridad del lugar. No se descarta que se trate de un caso de aborto voluntario o espont\u00e1neo.<\/p>\n<p>En tanto, la directora ejecutiva de la Entidad Descentralizada de Cementerio de La Paz, Erika Endara, detall\u00f3 que el hallazgo fue el martes en un sector del pabell\u00f3n 111 ubicado detr\u00e1s de la capilla. El feto estaba dentro de una bolsa en un nicho.<\/p>\n<p>Se tratar\u00eda del segundo cuerpo de un beb\u00e9 que se encuentra en el camposanto en poco m\u00e1s de un mes, ya que el pasado 3 de octubre, un beb\u00e9 fue hallado dentro de un nicho del mismo camposanto.<\/p>\n<p>Ante esos hechos, la administraci\u00f3n del lugar decidi\u00f3 habilitar el jardin \u201cAngelitos del Cielo\u201d, un espacio para enterrar a los bebes que fueron hallados sin vida. \u201cCuando se halla a un beb\u00e9 sin vida los cuerpos de los beb\u00e9s pasan a la Fiscal\u00eda, para que le hagan la autopsia y luego sus cuerpitos est\u00e1n en un almac\u00e9n para cumplir con todo un proceso, pero ahora queremos que\u00a0 estos angelitos no corran esa misma suerte y por eso estamos habilitando un espacio que se llama Angelitos del Cielo, para que se los pueda cremar y luego enterrar\u201d, anunci\u00f3 Endara.<\/p>\n<p>Ahora, luego que se haga la autopsia al cuerpo del beb\u00e9, se solicitar\u00e1 a la Fiscal\u00eda que tras los ex\u00e1menes y los tr\u00e1mites correspondientes \u201cnos lo puedan derivar para que tenga una cristiana sepultura\u201d.<\/p>\n<p>El proyecto se denomina \u201cInocencia\u201d y fue sugerido por el alcalde de La Paz, Iv\u00e1n Arias, busca que los cuerpos de los peque\u00f1os no est\u00e9n almacenados durante mucho tiempo.<\/p>\n<p>En ese entendido, Endara busca que el \u00faltimo cuerpo que fue hallado sin vida sea el primero en enterrarse en \u00e9se sector, por lo que comenzar\u00e1 los tr\u00e1mites para enterrarlo y resalt\u00f3 que antes de sepultar a los beb\u00e9s les colocar\u00e1n un nombre convencional.<\/p>\n","protected":false},"excerpt":{"rendered":"<p>Luego de que en poco m\u00e1s de un mes, se hall\u00f3 el segundo cuerpo sin vida de un beb\u00e9 dentro del Cementerio General de La Paz, la administraci\u00f3n del lugar determin\u00f3 habilitar el jard\u00edn \u201cAngelitos del Cielo\u201d, un espacio exclusivo para enterrar a los beb\u00e9s que fueron hallados sin signos vitales. En el m\u00e1s reciente [&hellip;]<\/p>\n","protected":false},"author":1,"featured_media":260905,"comment_status":"closed","ping_status":"open","sticky":false,"template":"","format":"standard","meta":{"_acf_changed":false,"footnotes":""},"categories":[12],"tags":[],"class_list":["post-260904","post","type-post","status-publish","format-standard","has-post-thumbnail","category-nacional"],"acf":{"antetitulo":""},"yoast_head":"<!-- This site is optimized with the Yoast SEO plugin v28.4 - https:\/\/yoast.com\/product\/yoast-seo-wordpress\/ -->\n<title>Cementerio habilita espacio para beb\u00e9s hallados sin vida - El Diario - Bolivia<\/title>\n<meta name=\"robots\" content=\"index, follow, max-snippet:-1, max-image-preview:large, max-video-preview:-1\" \/>\n<link rel=\"canonical\" href=\"https:\/\/www.eldiario.net\/portal\/2024\/11\/14\/cementerio-habilita-espacio-para-bebes-hallados-sin-vida\/\" \/>\n<meta property=\"og:locale\" content=\"es_ES\" \/>\n<meta property=\"og:type\" content=\"article\" \/>\n<meta property=\"og:title\" content=\"Cementerio habilita espacio para beb\u00e9s hallados sin vida - El Diario - Bolivia\" \/>\n<meta property=\"og:description\" content=\"Luego de que en poco m\u00e1s de un mes, se hall\u00f3 el segundo cuerpo sin vida de un beb\u00e9 dentro del Cementerio General de La Paz, la administraci\u00f3n del lugar determin\u00f3 habilitar el jard\u00edn \u201cAngelitos del Cielo\u201d, un espacio exclusivo para enterrar a los beb\u00e9s que fueron hallados sin signos vitales. En el m\u00e1s reciente [&hellip;]\" \/>\n<meta property=\"og:url\" content=\"https:\/\/www.eldiario.net\/portal\/2024\/11\/14\/cementerio-habilita-espacio-para-bebes-hallados-sin-vida\/\" \/>\n<meta property=\"og:site_name\" content=\"El Diario - Bolivia\" \/>\n<meta property=\"article:publisher\" content=\"https:\/\/www.facebook.com\/eldiario.bolivia\/\" \/>\n<meta property=\"article:published_time\" content=\"2024-11-14T09:58:52+00:00\" \/>\n<meta property=\"og:image\" content=\"https:\/\/www.eldiario.net\/portal\/wp-content\/uploads\/2024\/11\/CEMEN-FOTO.jpeg\" \/>\n\t<meta property=\"og:image:width\" content=\"1024\" \/>\n\t<meta property=\"og:image:height\" content=\"768\" \/>\n\t<meta property=\"og:image:type\" content=\"image\/jpeg\" \/>\n<meta name=\"author\" content=\"Jeanette\" \/>\n<meta name=\"twitter:card\" content=\"summary_large_image\" \/>\n<meta name=\"twitter:creator\" content=\"@eldiario_net\" \/>\n<meta name=\"twitter:site\" content=\"@eldiario_net\" \/>\n<meta name=\"twitter:label1\" content=\"Escrito por\" \/>\n\t<meta name=\"twitter:data1\" content=\"Jeanette\" \/>\n\t<meta name=\"twitter:label2\" content=\"Tiempo de lectura\" \/>\n\t<meta name=\"twitter:data2\" content=\"2 minutos\" \/>\n<script type=\"application\/ld+json\" class=\"yoast-schema-graph\">{\"@context\":\"https:\\\/\\\/schema.org\",\"@graph\":[{\"@type\":\"Article\",\"@id\":\"https:\\\/\\\/www.eldiario.net\\\/portal\\\/2024\\\/11\\\/14\\\/cementerio-habilita-espacio-para-bebes-hallados-sin-vida\\\/#article\",\"isPartOf\":{\"@id\":\"https:\\\/\\\/www.eldiario.net\\\/portal\\\/2024\\\/11\\\/14\\\/cementerio-habilita-espacio-para-bebes-hallados-sin-vida\\\/\"},\"author\":{\"name\":\"Jeanette\",\"@id\":\"https:\\\/\\\/www.eldiario.net\\\/portal\\\/#\\\/schema\\\/person\\\/f46445640444750d7d753ccd04ae01b7\"},\"headline\":\"Cementerio habilita espacio para beb\u00e9s hallados sin vida\",\"datePublished\":\"2024-11-14T09:58:52+00:00\",\"mainEntityOfPage\":{\"@id\":\"https:\\\/\\\/www.eldiario.net\\\/portal\\\/2024\\\/11\\\/14\\\/cementerio-habilita-espacio-para-bebes-hallados-sin-vida\\\/\"},\"wordCount\":469,\"publisher\":{\"@id\":\"https:\\\/\\\/www.eldiario.net\\\/portal\\\/#organization\"},\"image\":{\"@id\":\"https:\\\/\\\/www.eldiario.net\\\/portal\\\/2024\\\/11\\\/14\\\/cementerio-habilita-espacio-para-bebes-hallados-sin-vida\\\/#primaryimage\"},\"thumbnailUrl\":\"https:\\\/\\\/www.eldiario.net\\\/portal\\\/wp-content\\\/uploads\\\/2024\\\/11\\\/CEMEN-FOTO.jpeg\",\"articleSection\":[\"Nacional\"],\"inLanguage\":\"es\"},{\"@type\":\"WebPage\",\"@id\":\"https:\\\/\\\/www.eldiario.net\\\/portal\\\/2024\\\/11\\\/14\\\/cementerio-habilita-espacio-para-bebes-hallados-sin-vida\\\/\",\"url\":\"https:\\\/\\\/www.eldiario.net\\\/portal\\\/2024\\\/11\\\/14\\\/cementerio-habilita-espacio-para-bebes-hallados-sin-vida\\\/\",\"name\":\"Cementerio habilita espacio para beb\u00e9s hallados sin vida - El Diario - Bolivia\",\"isPartOf\":{\"@id\":\"https:\\\/\\\/www.eldiario.net\\\/portal\\\/#website\"},\"primaryImageOfPage\":{\"@id\":\"https:\\\/\\\/www.eldiario.net\\\/portal\\\/2024\\\/11\\\/14\\\/cementerio-habilita-espacio-para-bebes-hallados-sin-vida\\\/#primaryimage\"},\"image\":{\"@id\":\"https:\\\/\\\/www.eldiario.net\\\/portal\\\/2024\\\/11\\\/14\\\/cementerio-habilita-espacio-para-bebes-hallados-sin-vida\\\/#primaryimage\"},\"thumbnailUrl\":\"https:\\\/\\\/www.eldiario.net\\\/portal\\\/wp-content\\\/uploads\\\/2024\\\/11\\\/CEMEN-FOTO.jpeg\",\"datePublished\":\"2024-11-14T09:58:52+00:00\",\"breadcrumb\":{\"@id\":\"https:\\\/\\\/www.eldiario.net\\\/portal\\\/2024\\\/11\\\/14\\\/cementerio-habilita-espacio-para-bebes-hallados-sin-vida\\\/#breadcrumb\"},\"inLanguage\":\"es\",\"potentialAction\":[{\"@type\":\"ReadAction\",\"target\":[\"https:\\\/\\\/www.eldiario.net\\\/portal\\\/2024\\\/11\\\/14\\\/cementerio-habilita-espacio-para-bebes-hallados-sin-vida\\\/\"]}]},{\"@type\":\"ImageObject\",\"inLanguage\":\"es\",\"@id\":\"https:\\\/\\\/www.eldiario.net\\\/portal\\\/2024\\\/11\\\/14\\\/cementerio-habilita-espacio-para-bebes-hallados-sin-vida\\\/#primaryimage\",\"url\":\"https:\\\/\\\/www.eldiario.net\\\/portal\\\/wp-content\\\/uploads\\\/2024\\\/11\\\/CEMEN-FOTO.jpeg\",\"contentUrl\":\"https:\\\/\\\/www.eldiario.net\\\/portal\\\/wp-content\\\/uploads\\\/2024\\\/11\\\/CEMEN-FOTO.jpeg\",\"width\":1024,\"height\":768,\"caption\":\"El lugar designado para los angelitos. Cr\u00e9dito: Gamlp\"},{\"@type\":\"BreadcrumbList\",\"@id\":\"https:\\\/\\\/www.eldiario.net\\\/portal\\\/2024\\\/11\\\/14\\\/cementerio-habilita-espacio-para-bebes-hallados-sin-vida\\\/#breadcrumb\",\"itemListElement\":[{\"@type\":\"ListItem\",\"position\":1,\"name\":\"Portada\",\"item\":\"https:\\\/\\\/www.eldiario.net\\\/portal\\\/\"},{\"@type\":\"ListItem\",\"position\":2,\"name\":\"Cementerio habilita espacio para beb\u00e9s hallados sin vida\"}]},{\"@type\":\"WebSite\",\"@id\":\"https:\\\/\\\/www.eldiario.net\\\/portal\\\/#website\",\"url\":\"https:\\\/\\\/www.eldiario.net\\\/portal\\\/\",\"name\":\"El Diario - Decano de la prensa nacional\",\"description\":\"El Diario - Decano de la prensa nacional\",\"publisher\":{\"@id\":\"https:\\\/\\\/www.eldiario.net\\\/portal\\\/#organization\"},\"potentialAction\":[{\"@type\":\"SearchAction\",\"target\":{\"@type\":\"EntryPoint\",\"urlTemplate\":\"https:\\\/\\\/www.eldiario.net\\\/portal\\\/?s={search_term_string}\"},\"query-input\":{\"@type\":\"PropertyValueSpecification\",\"valueRequired\":true,\"valueName\":\"search_term_string\"}}],\"inLanguage\":\"es\"},{\"@type\":\"Organization\",\"@id\":\"https:\\\/\\\/www.eldiario.net\\\/portal\\\/#organization\",\"name\":\"El Diario - Decano de la prensa nacional\",\"url\":\"https:\\\/\\\/www.eldiario.net\\\/portal\\\/\",\"logo\":{\"@type\":\"ImageObject\",\"inLanguage\":\"es\",\"@id\":\"https:\\\/\\\/www.eldiario.net\\\/portal\\\/#\\\/schema\\\/logo\\\/image\\\/\",\"url\":\"https:\\\/\\\/www.eldiario.net\\\/portal\\\/wp-content\\\/uploads\\\/2023\\\/07\\\/logo_ED.jpg\",\"contentUrl\":\"https:\\\/\\\/www.eldiario.net\\\/portal\\\/wp-content\\\/uploads\\\/2023\\\/07\\\/logo_ED.jpg\",\"width\":272,\"height\":52,\"caption\":\"El Diario - Decano de la prensa nacional\"},\"image\":{\"@id\":\"https:\\\/\\\/www.eldiario.net\\\/portal\\\/#\\\/schema\\\/logo\\\/image\\\/\"},\"sameAs\":[\"https:\\\/\\\/www.facebook.com\\\/eldiario.bolivia\\\/\",\"https:\\\/\\\/x.com\\\/eldiario_net\"]},{\"@type\":\"Person\",\"@id\":\"https:\\\/\\\/www.eldiario.net\\\/portal\\\/#\\\/schema\\\/person\\\/f46445640444750d7d753ccd04ae01b7\",\"name\":\"Jeanette\",\"image\":{\"@type\":\"ImageObject\",\"inLanguage\":\"es\",\"@id\":\"https:\\\/\\\/secure.gravatar.com\\\/avatar\\\/3ea2118a5f7dad2b7138b1187a6b7ee55f160b9968b66013c3a3ef39dd7e5798?s=96&d=mm&r=g\",\"url\":\"https:\\\/\\\/secure.gravatar.com\\\/avatar\\\/3ea2118a5f7dad2b7138b1187a6b7ee55f160b9968b66013c3a3ef39dd7e5798?s=96&d=mm&r=g\",\"contentUrl\":\"https:\\\/\\\/secure.gravatar.com\\\/avatar\\\/3ea2118a5f7dad2b7138b1187a6b7ee55f160b9968b66013c3a3ef39dd7e5798?s=96&d=mm&r=g\",\"caption\":\"Jeanette\"},\"sameAs\":[\"https:\\\/\\\/www.eldiario.net\\\/portal\"],\"url\":\"https:\\\/\\\/www.eldiario.net\\\/portal\\\/author\\\/jeanette\\\/\"}]}<\/script>\n<!-- \/ Yoast SEO plugin. -->","yoast_head_json":{"title":"Cementerio habilita espacio para beb\u00e9s hallados sin vida - El Diario - Bolivia","robots":{"index":"index","follow":"follow","max-snippet":"max-snippet:-1","max-image-preview":"max-image-preview:large","max-video-preview":"max-video-preview:-1"},"canonical":"https:\/\/www.eldiario.net\/portal\/2024\/11\/14\/cementerio-habilita-espacio-para-bebes-hallados-sin-vida\/","og_locale":"es_ES","og_type":"article","og_title":"Cementerio habilita espacio para beb\u00e9s hallados sin vida - El Diario - Bolivia","og_description":"Luego de que en poco m\u00e1s de un mes, se hall\u00f3 el segundo cuerpo sin vida de un beb\u00e9 dentro del Cementerio General de La Paz, la administraci\u00f3n del lugar determin\u00f3 habilitar el jard\u00edn \u201cAngelitos del Cielo\u201d, un espacio exclusivo para enterrar a los beb\u00e9s que fueron hallados sin signos vitales. En el m\u00e1s reciente [&hellip;]","og_url":"https:\/\/www.eldiario.net\/portal\/2024\/11\/14\/cementerio-habilita-espacio-para-bebes-hallados-sin-vida\/","og_site_name":"El Diario - Bolivia","article_publisher":"https:\/\/www.facebook.com\/eldiario.bolivia\/","article_published_time":"2024-11-14T09:58:52+00:00","og_image":[{"width":1024,"height":768,"url":"https:\/\/www.eldiario.net\/portal\/wp-content\/uploads\/2024\/11\/CEMEN-FOTO.jpeg","type":"image\/jpeg"}],"author":"Jeanette","twitter_card":"summary_large_image","twitter_creator":"@eldiario_net","twitter_site":"@eldiario_net","twitter_misc":{"Escrito por":"Jeanette","Tiempo de lectura":"2 minutos"},"schema":{"@context":"https:\/\/schema.org","@graph":[{"@type":"Article","@id":"https:\/\/www.eldiario.net\/portal\/2024\/11\/14\/cementerio-habilita-espacio-para-bebes-hallados-sin-vida\/#article","isPartOf":{"@id":"https:\/\/www.eldiario.net\/portal\/2024\/11\/14\/cementerio-habilita-espacio-para-bebes-hallados-sin-vida\/"},"author":{"name":"Jeanette","@id":"https:\/\/www.eldiario.net\/portal\/#\/schema\/person\/f46445640444750d7d753ccd04ae01b7"},"headline":"Cementerio habilita espacio para beb\u00e9s hallados sin vida","datePublished":"2024-11-14T09:58:52+00:00","mainEntityOfPage":{"@id":"https:\/\/www.eldiario.net\/portal\/2024\/11\/14\/cementerio-habilita-espacio-para-bebes-hallados-sin-vida\/"},"wordCount":469,"publisher":{"@id":"https:\/\/www.eldiario.net\/portal\/#organization"},"image":{"@id":"https:\/\/www.eldiario.net\/portal\/2024\/11\/14\/cementerio-habilita-espacio-para-bebes-hallados-sin-vida\/#primaryimage"},"thumbnailUrl":"https:\/\/www.eldiario.net\/portal\/wp-content\/uploads\/2024\/11\/CEMEN-FOTO.jpeg","articleSection":["Nacional"],"inLanguage":"es"},{"@type":"WebPage","@id":"https:\/\/www.eldiario.net\/portal\/2024\/11\/14\/cementerio-habilita-espacio-para-bebes-hallados-sin-vida\/","url":"https:\/\/www.eldiario.net\/portal\/2024\/11\/14\/cementerio-habilita-espacio-para-bebes-hallados-sin-vida\/","name":"Cementerio habilita espacio para beb\u00e9s hallados sin vida - El Diario - Bolivia","isPartOf":{"@id":"https:\/\/www.eldiario.net\/portal\/#website"},"primaryImageOfPage":{"@id":"https:\/\/www.eldiario.net\/portal\/2024\/11\/14\/cementerio-habilita-espacio-para-bebes-hallados-sin-vida\/#primaryimage"},"image":{"@id":"https:\/\/www.eldiario.net\/portal\/2024\/11\/14\/cementerio-habilita-espacio-para-bebes-hallados-sin-vida\/#primaryimage"},"thumbnailUrl":"https:\/\/www.eldiario.net\/portal\/wp-content\/uploads\/2024\/11\/CEMEN-FOTO.jpeg","datePublished":"2024-11-14T09:58:52+00:00","breadcrumb":{"@id":"https:\/\/www.eldiario.net\/portal\/2024\/11\/14\/cementerio-habilita-espacio-para-bebes-hallados-sin-vida\/#breadcrumb"},"inLanguage":"es","potentialAction":[{"@type":"ReadAction","target":["https:\/\/www.eldiario.net\/portal\/2024\/11\/14\/cementerio-habilita-espacio-para-bebes-hallados-sin-vida\/"]}]},{"@type":"ImageObject","inLanguage":"es","@id":"https:\/\/www.eldiario.net\/portal\/2024\/11\/14\/cementerio-habilita-espacio-para-bebes-hallados-sin-vida\/#primaryimage","url":"https:\/\/www.eldiario.net\/portal\/wp-content\/uploads\/2024\/11\/CEMEN-FOTO.jpeg","contentUrl":"https:\/\/www.eldiario.net\/portal\/wp-content\/uploads\/2024\/11\/CEMEN-FOTO.jpeg","width":1024,"height":768,"caption":"El lugar designado para los angelitos. Cr\u00e9dito: Gamlp"},{"@type":"BreadcrumbList","@id":"https:\/\/www.eldiario.net\/portal\/2024\/11\/14\/cementerio-habilita-espacio-para-bebes-hallados-sin-vida\/#breadcrumb","itemListElement":[{"@type":"ListItem","position":1,"name":"Portada","item":"https:\/\/www.eldiario.net\/portal\/"},{"@type":"ListItem","position":2,"name":"Cementerio habilita espacio para beb\u00e9s hallados sin vida"}]},{"@type":"WebSite","@id":"https:\/\/www.eldiario.net\/portal\/#website","url":"https:\/\/www.eldiario.net\/portal\/","name":"El Diario - Decano de la prensa nacional","description":"El Diario - Decano de la prensa nacional","publisher":{"@id":"https:\/\/www.eldiario.net\/portal\/#organization"},"potentialAction":[{"@type":"SearchAction","target":{"@type":"EntryPoint","urlTemplate":"https:\/\/www.eldiario.net\/portal\/?s={search_term_string}"},"query-input":{"@type":"PropertyValueSpecification","valueRequired":true,"valueName":"search_term_string"}}],"inLanguage":"es"},{"@type":"Organization","@id":"https:\/\/www.eldiario.net\/portal\/#organization","name":"El Diario - Decano de la prensa nacional","url":"https:\/\/www.eldiario.net\/portal\/","logo":{"@type":"ImageObject","inLanguage":"es","@id":"https:\/\/www.eldiario.net\/portal\/#\/schema\/logo\/image\/","url":"https:\/\/www.eldiario.net\/portal\/wp-content\/uploads\/2023\/07\/logo_ED.jpg","contentUrl":"https:\/\/www.eldiario.net\/portal\/wp-content\/uploads\/2023\/07\/logo_ED.jpg","width":272,"height":52,"caption":"El Diario - Decano de la prensa nacional"},"image":{"@id":"https:\/\/www.eldiario.net\/portal\/#\/schema\/logo\/image\/"},"sameAs":["https:\/\/www.facebook.com\/eldiario.bolivia\/","https:\/\/x.com\/eldiario_net"]},{"@type":"Person","@id":"https:\/\/www.eldiario.net\/portal\/#\/schema\/person\/f46445640444750d7d753ccd04ae01b7","name":"Jeanette","image":{"@type":"ImageObject","inLanguage":"es","@id":"https:\/\/secure.gravatar.com\/avatar\/3ea2118a5f7dad2b7138b1187a6b7ee55f160b9968b66013c3a3ef39dd7e5798?s=96&d=mm&r=g","url":"https:\/\/secure.gravatar.com\/avatar\/3ea2118a5f7dad2b7138b1187a6b7ee55f160b9968b66013c3a3ef39dd7e5798?s=96&d=mm&r=g","contentUrl":"https:\/\/secure.gravatar.com\/avatar\/3ea2118a5f7dad2b7138b1187a6b7ee55f160b9968b66013c3a3ef39dd7e5798?s=96&d=mm&r=g","caption":"Jeanette"},"sameAs":["https:\/\/www.eldiario.net\/portal"],"url":"https:\/\/www.eldiario.net\/portal\/author\/jeanette\/"}]}},"_links":{"self":[{"href":"https:\/\/www.eldiario.net\/portal\/wp-json\/wp\/v2\/posts\/260904","targetHints":{"allow":["GET"]}}],"collection":[{"href":"https:\/\/www.eldiario.net\/portal\/wp-json\/wp\/v2\/posts"}],"about":[{"href":"https:\/\/www.eldiario.net\/portal\/wp-json\/wp\/v2\/types\/post"}],"author":[{"embeddable":true,"href":"https:\/\/www.eldiario.net\/portal\/wp-json\/wp\/v2\/users\/1"}],"replies":[{"embeddable":true,"href":"https:\/\/www.eldiario.net\/portal\/wp-json\/wp\/v2\/comments?post=260904"}],"version-history":[{"count":1,"href":"https:\/\/www.eldiario.net\/portal\/wp-json\/wp\/v2\/posts\/260904\/revisions"}],"predecessor-version":[{"id":260906,"href":"https:\/\/www.eldiario.net\/portal\/wp-json\/wp\/v2\/posts\/260904\/revisions\/260906"}],"wp:featuredmedia":[{"embeddable":true,"href":"https:\/\/www.eldiario.net\/portal\/wp-json\/wp\/v2\/media\/260905"}],"wp:attachment":[{"href":"https:\/\/www.eldiario.net\/portal\/wp-json\/wp\/v2\/media?parent=260904"}],"wp:term":[{"taxonomy":"category","embeddable":true,"href":"https:\/\/www.eldiario.net\/portal\/wp-json\/wp\/v2\/categories?post=260904"},{"taxonomy":"post_tag","embeddable":true,"href":"https:\/\/www.eldiario.net\/portal\/wp-json\/wp\/v2\/tags?post=260904"}],"curies":[{"name":"wp","href":"https:\/\/api.w.org\/{rel}","templated":true}]}}