{"id":260901,"date":"2024-11-14T05:58:03","date_gmt":"2024-11-14T09:58:03","guid":{"rendered":"https:\/\/www.eldiario.net\/portal\/?p=260901"},"modified":"2024-11-14T05:58:03","modified_gmt":"2024-11-14T09:58:03","slug":"aplican-plan-de-contingencia-para-recojo-de-basura-por-falta-de-diesel","status":"publish","type":"post","link":"https:\/\/www.eldiario.net\/portal\/2024\/11\/14\/aplican-plan-de-contingencia-para-recojo-de-basura-por-falta-de-diesel\/","title":{"rendered":"Aplican plan de contingencia para  recojo de basura por falta de di\u00e9sel"},"content":{"rendered":"<p>El servicio de recolecci\u00f3n de basura en la ciudad de La Paz enfrenta complicaciones debido a la falta de abastecimiento de combustible, por lo que ante esa situaci\u00f3n la comuna pace\u00f1a implement\u00f3 un plan de contingencia que prioriza la recolecci\u00f3n en zonas comerciales, donde se genera la mayor cantidad de residuos.<\/p>\n<p>El director del Sistema de Regulaci\u00f3n y Supervisi\u00f3n Municipal (Siremu), Willy Boris Balderrama, explic\u00f3 que, desde hace algunas semanas, se ha estado operando al 40% de la capacidad gracias a las empresas concesionarias que prestan el servicio.<\/p>\n<p>Sin embargo, se mantuvo conversaciones con la Agencia Nacional de Hidrocarburos (ANH) para facilitar el suministro de combustible. \u201cAyer, efectivamente, se logr\u00f3 un abastecimiento, lo que permiti\u00f3 reiniciar la recolecci\u00f3n de residuos en su totalidad durante la tarde-noche\u201d, afirm\u00f3.<\/p>\n<p>Pero, aunque se logr\u00f3 recolectar la basura en las \u00e1reas de mayor acumulaci\u00f3n de residuos, como mercados y sectores comerciales, la respuesta de la poblaci\u00f3n no ha sido la esperada debido a que se ven contenedores repletos de desperdicios.<\/p>\n<p>\u201cA pesar de nuestro comunicado pidiendo que mantuvieran la basura en sus hogares durante el tiempo que fuera necesario, muchos ciudadanos continuaron sacando sus residuos, lo que aumenta la acumulaci\u00f3n y puede generar problemas de salubridad\u201d, refiri\u00f3 el funcionario edil.<\/p>\n<p>&nbsp;<\/p>\n<p>Balderrama subray\u00f3 la importancia de mantener un servicio constante, ya que la acumulaci\u00f3n de basura no solo representa una preocupaci\u00f3n est\u00e9tica, sino tambi\u00e9n un riesgo para la salud p\u00fablica en medio del incremento de temperaturas. \u00abLos malos olores y la aparici\u00f3n de vectores por la acumulaci\u00f3n de desechos pueden llevar a un problema a\u00fan mayor\u00bb, advirti\u00f3.<\/p>\n<p>Ponder\u00f3 la colaboraci\u00f3n de la ANH y enfatiz\u00f3 que se espera una regularizaci\u00f3n en el suministro de combustible para garantizar la continuidad del servicio de recolecci\u00f3n. \u201cSolicitamos a la poblaci\u00f3n ser pacientes y, en caso de que se presenten situaciones similares en el futuro, mantener la basura en casa el mayor tiempo posible\u201d, manifest\u00f3.<\/p>\n<p>TERMINALES<\/p>\n<p>Por otro lado, debido al desabastecimiento de carburantes, desde la Terminal de Buses de La Paz se inform\u00f3 que si bien las salidas de viajes son normales, la cantidad de buses que realizan servicio interdepartamental y la frecuencia en las salidas, disminuy\u00f3.<\/p>\n<p>La directora de la entidad municipal, Iveliz Asturizaga, afirm\u00f3 que antes de los recientes eventos que se vivieron en el pa\u00eds \u2013bloqueos, escasez de combustible y temor de los pasajeros de que se reactiven los bloqueos-, la terminal registraba un promedio de 220 buses y 5.000 viajeros diarios. Sin embargo, tras las interrupciones, esta cifra se redujo a 150 buses y 4.000 usuarios.<\/p>\n","protected":false},"excerpt":{"rendered":"<p>El servicio de recolecci\u00f3n de basura en la ciudad de La Paz enfrenta complicaciones debido a la falta de abastecimiento de combustible, por lo que ante esa situaci\u00f3n la comuna pace\u00f1a implement\u00f3 un plan de contingencia que prioriza la recolecci\u00f3n en zonas comerciales, donde se genera la mayor cantidad de residuos. El director del Sistema [&hellip;]<\/p>\n","protected":false},"author":1,"featured_media":260902,"comment_status":"closed","ping_status":"open","sticky":false,"template":"","format":"standard","meta":{"_acf_changed":false,"footnotes":""},"categories":[12],"tags":[],"class_list":["post-260901","post","type-post","status-publish","format-standard","has-post-thumbnail","category-nacional"],"acf":{"antetitulo":""},"yoast_head":"<!-- This site is optimized with the Yoast SEO plugin v28.4 - https:\/\/yoast.com\/product\/yoast-seo-wordpress\/ -->\n<title>Aplican plan de contingencia para recojo de basura por falta de di\u00e9sel - El Diario - Bolivia<\/title>\n<meta name=\"robots\" content=\"index, follow, max-snippet:-1, max-image-preview:large, max-video-preview:-1\" \/>\n<link rel=\"canonical\" href=\"https:\/\/www.eldiario.net\/portal\/2024\/11\/14\/aplican-plan-de-contingencia-para-recojo-de-basura-por-falta-de-diesel\/\" \/>\n<meta property=\"og:locale\" content=\"es_ES\" \/>\n<meta property=\"og:type\" content=\"article\" \/>\n<meta property=\"og:title\" content=\"Aplican plan de contingencia para recojo de basura por falta de di\u00e9sel - El Diario - Bolivia\" \/>\n<meta property=\"og:description\" content=\"El servicio de recolecci\u00f3n de basura en la ciudad de La Paz enfrenta complicaciones debido a la falta de abastecimiento de combustible, por lo que ante esa situaci\u00f3n la comuna pace\u00f1a implement\u00f3 un plan de contingencia que prioriza la recolecci\u00f3n en zonas comerciales, donde se genera la mayor cantidad de residuos. El director del Sistema [&hellip;]\" \/>\n<meta property=\"og:url\" content=\"https:\/\/www.eldiario.net\/portal\/2024\/11\/14\/aplican-plan-de-contingencia-para-recojo-de-basura-por-falta-de-diesel\/\" \/>\n<meta property=\"og:site_name\" content=\"El Diario - Bolivia\" \/>\n<meta property=\"article:publisher\" content=\"https:\/\/www.facebook.com\/eldiario.bolivia\/\" \/>\n<meta property=\"article:published_time\" content=\"2024-11-14T09:58:03+00:00\" \/>\n<meta property=\"og:image\" content=\"https:\/\/www.eldiario.net\/portal\/wp-content\/uploads\/2024\/11\/CONTIN-FOTO.jpg\" \/>\n\t<meta property=\"og:image:width\" content=\"711\" \/>\n\t<meta property=\"og:image:height\" content=\"400\" \/>\n\t<meta property=\"og:image:type\" content=\"image\/jpeg\" \/>\n<meta name=\"author\" content=\"Jeanette\" \/>\n<meta name=\"twitter:card\" content=\"summary_large_image\" \/>\n<meta name=\"twitter:creator\" content=\"@eldiario_net\" \/>\n<meta name=\"twitter:site\" content=\"@eldiario_net\" \/>\n<meta name=\"twitter:label1\" content=\"Escrito por\" \/>\n\t<meta name=\"twitter:data1\" content=\"Jeanette\" \/>\n\t<meta name=\"twitter:label2\" content=\"Tiempo de lectura\" \/>\n\t<meta name=\"twitter:data2\" content=\"2 minutos\" \/>\n<script type=\"application\/ld+json\" class=\"yoast-schema-graph\">{\"@context\":\"https:\\\/\\\/schema.org\",\"@graph\":[{\"@type\":\"Article\",\"@id\":\"https:\\\/\\\/www.eldiario.net\\\/portal\\\/2024\\\/11\\\/14\\\/aplican-plan-de-contingencia-para-recojo-de-basura-por-falta-de-diesel\\\/#article\",\"isPartOf\":{\"@id\":\"https:\\\/\\\/www.eldiario.net\\\/portal\\\/2024\\\/11\\\/14\\\/aplican-plan-de-contingencia-para-recojo-de-basura-por-falta-de-diesel\\\/\"},\"author\":{\"name\":\"Jeanette\",\"@id\":\"https:\\\/\\\/www.eldiario.net\\\/portal\\\/#\\\/schema\\\/person\\\/f46445640444750d7d753ccd04ae01b7\"},\"headline\":\"Aplican plan de contingencia para recojo de basura por falta de di\u00e9sel\",\"datePublished\":\"2024-11-14T09:58:03+00:00\",\"mainEntityOfPage\":{\"@id\":\"https:\\\/\\\/www.eldiario.net\\\/portal\\\/2024\\\/11\\\/14\\\/aplican-plan-de-contingencia-para-recojo-de-basura-por-falta-de-diesel\\\/\"},\"wordCount\":454,\"publisher\":{\"@id\":\"https:\\\/\\\/www.eldiario.net\\\/portal\\\/#organization\"},\"image\":{\"@id\":\"https:\\\/\\\/www.eldiario.net\\\/portal\\\/2024\\\/11\\\/14\\\/aplican-plan-de-contingencia-para-recojo-de-basura-por-falta-de-diesel\\\/#primaryimage\"},\"thumbnailUrl\":\"https:\\\/\\\/www.eldiario.net\\\/portal\\\/wp-content\\\/uploads\\\/2024\\\/11\\\/CONTIN-FOTO.jpg\",\"articleSection\":[\"Nacional\"],\"inLanguage\":\"es\"},{\"@type\":\"WebPage\",\"@id\":\"https:\\\/\\\/www.eldiario.net\\\/portal\\\/2024\\\/11\\\/14\\\/aplican-plan-de-contingencia-para-recojo-de-basura-por-falta-de-diesel\\\/\",\"url\":\"https:\\\/\\\/www.eldiario.net\\\/portal\\\/2024\\\/11\\\/14\\\/aplican-plan-de-contingencia-para-recojo-de-basura-por-falta-de-diesel\\\/\",\"name\":\"Aplican plan de contingencia para recojo de basura por falta de di\u00e9sel - El Diario - Bolivia\",\"isPartOf\":{\"@id\":\"https:\\\/\\\/www.eldiario.net\\\/portal\\\/#website\"},\"primaryImageOfPage\":{\"@id\":\"https:\\\/\\\/www.eldiario.net\\\/portal\\\/2024\\\/11\\\/14\\\/aplican-plan-de-contingencia-para-recojo-de-basura-por-falta-de-diesel\\\/#primaryimage\"},\"image\":{\"@id\":\"https:\\\/\\\/www.eldiario.net\\\/portal\\\/2024\\\/11\\\/14\\\/aplican-plan-de-contingencia-para-recojo-de-basura-por-falta-de-diesel\\\/#primaryimage\"},\"thumbnailUrl\":\"https:\\\/\\\/www.eldiario.net\\\/portal\\\/wp-content\\\/uploads\\\/2024\\\/11\\\/CONTIN-FOTO.jpg\",\"datePublished\":\"2024-11-14T09:58:03+00:00\",\"breadcrumb\":{\"@id\":\"https:\\\/\\\/www.eldiario.net\\\/portal\\\/2024\\\/11\\\/14\\\/aplican-plan-de-contingencia-para-recojo-de-basura-por-falta-de-diesel\\\/#breadcrumb\"},\"inLanguage\":\"es\",\"potentialAction\":[{\"@type\":\"ReadAction\",\"target\":[\"https:\\\/\\\/www.eldiario.net\\\/portal\\\/2024\\\/11\\\/14\\\/aplican-plan-de-contingencia-para-recojo-de-basura-por-falta-de-diesel\\\/\"]}]},{\"@type\":\"ImageObject\",\"inLanguage\":\"es\",\"@id\":\"https:\\\/\\\/www.eldiario.net\\\/portal\\\/2024\\\/11\\\/14\\\/aplican-plan-de-contingencia-para-recojo-de-basura-por-falta-de-diesel\\\/#primaryimage\",\"url\":\"https:\\\/\\\/www.eldiario.net\\\/portal\\\/wp-content\\\/uploads\\\/2024\\\/11\\\/CONTIN-FOTO.jpg\",\"contentUrl\":\"https:\\\/\\\/www.eldiario.net\\\/portal\\\/wp-content\\\/uploads\\\/2024\\\/11\\\/CONTIN-FOTO.jpg\",\"width\":711,\"height\":400,\"caption\":\"Piden a la poblaci\u00f3n evitar sacar la basura. Cr\u00e9dito: Gamlp\"},{\"@type\":\"BreadcrumbList\",\"@id\":\"https:\\\/\\\/www.eldiario.net\\\/portal\\\/2024\\\/11\\\/14\\\/aplican-plan-de-contingencia-para-recojo-de-basura-por-falta-de-diesel\\\/#breadcrumb\",\"itemListElement\":[{\"@type\":\"ListItem\",\"position\":1,\"name\":\"Portada\",\"item\":\"https:\\\/\\\/www.eldiario.net\\\/portal\\\/\"},{\"@type\":\"ListItem\",\"position\":2,\"name\":\"Aplican plan de contingencia para recojo de basura por falta de di\u00e9sel\"}]},{\"@type\":\"WebSite\",\"@id\":\"https:\\\/\\\/www.eldiario.net\\\/portal\\\/#website\",\"url\":\"https:\\\/\\\/www.eldiario.net\\\/portal\\\/\",\"name\":\"El Diario - Decano de la prensa nacional\",\"description\":\"El Diario - Decano de la prensa nacional\",\"publisher\":{\"@id\":\"https:\\\/\\\/www.eldiario.net\\\/portal\\\/#organization\"},\"potentialAction\":[{\"@type\":\"SearchAction\",\"target\":{\"@type\":\"EntryPoint\",\"urlTemplate\":\"https:\\\/\\\/www.eldiario.net\\\/portal\\\/?s={search_term_string}\"},\"query-input\":{\"@type\":\"PropertyValueSpecification\",\"valueRequired\":true,\"valueName\":\"search_term_string\"}}],\"inLanguage\":\"es\"},{\"@type\":\"Organization\",\"@id\":\"https:\\\/\\\/www.eldiario.net\\\/portal\\\/#organization\",\"name\":\"El Diario - Decano de la prensa nacional\",\"url\":\"https:\\\/\\\/www.eldiario.net\\\/portal\\\/\",\"logo\":{\"@type\":\"ImageObject\",\"inLanguage\":\"es\",\"@id\":\"https:\\\/\\\/www.eldiario.net\\\/portal\\\/#\\\/schema\\\/logo\\\/image\\\/\",\"url\":\"https:\\\/\\\/www.eldiario.net\\\/portal\\\/wp-content\\\/uploads\\\/2023\\\/07\\\/logo_ED.jpg\",\"contentUrl\":\"https:\\\/\\\/www.eldiario.net\\\/portal\\\/wp-content\\\/uploads\\\/2023\\\/07\\\/logo_ED.jpg\",\"width\":272,\"height\":52,\"caption\":\"El Diario - Decano de la prensa nacional\"},\"image\":{\"@id\":\"https:\\\/\\\/www.eldiario.net\\\/portal\\\/#\\\/schema\\\/logo\\\/image\\\/\"},\"sameAs\":[\"https:\\\/\\\/www.facebook.com\\\/eldiario.bolivia\\\/\",\"https:\\\/\\\/x.com\\\/eldiario_net\"]},{\"@type\":\"Person\",\"@id\":\"https:\\\/\\\/www.eldiario.net\\\/portal\\\/#\\\/schema\\\/person\\\/f46445640444750d7d753ccd04ae01b7\",\"name\":\"Jeanette\",\"image\":{\"@type\":\"ImageObject\",\"inLanguage\":\"es\",\"@id\":\"https:\\\/\\\/secure.gravatar.com\\\/avatar\\\/3ea2118a5f7dad2b7138b1187a6b7ee55f160b9968b66013c3a3ef39dd7e5798?s=96&d=mm&r=g\",\"url\":\"https:\\\/\\\/secure.gravatar.com\\\/avatar\\\/3ea2118a5f7dad2b7138b1187a6b7ee55f160b9968b66013c3a3ef39dd7e5798?s=96&d=mm&r=g\",\"contentUrl\":\"https:\\\/\\\/secure.gravatar.com\\\/avatar\\\/3ea2118a5f7dad2b7138b1187a6b7ee55f160b9968b66013c3a3ef39dd7e5798?s=96&d=mm&r=g\",\"caption\":\"Jeanette\"},\"sameAs\":[\"https:\\\/\\\/www.eldiario.net\\\/portal\"],\"url\":\"https:\\\/\\\/www.eldiario.net\\\/portal\\\/author\\\/jeanette\\\/\"}]}<\/script>\n<!-- \/ Yoast SEO plugin. -->","yoast_head_json":{"title":"Aplican plan de contingencia para recojo de basura por falta de di\u00e9sel - El Diario - Bolivia","robots":{"index":"index","follow":"follow","max-snippet":"max-snippet:-1","max-image-preview":"max-image-preview:large","max-video-preview":"max-video-preview:-1"},"canonical":"https:\/\/www.eldiario.net\/portal\/2024\/11\/14\/aplican-plan-de-contingencia-para-recojo-de-basura-por-falta-de-diesel\/","og_locale":"es_ES","og_type":"article","og_title":"Aplican plan de contingencia para recojo de basura por falta de di\u00e9sel - El Diario - Bolivia","og_description":"El servicio de recolecci\u00f3n de basura en la ciudad de La Paz enfrenta complicaciones debido a la falta de abastecimiento de combustible, por lo que ante esa situaci\u00f3n la comuna pace\u00f1a implement\u00f3 un plan de contingencia que prioriza la recolecci\u00f3n en zonas comerciales, donde se genera la mayor cantidad de residuos. El director del Sistema [&hellip;]","og_url":"https:\/\/www.eldiario.net\/portal\/2024\/11\/14\/aplican-plan-de-contingencia-para-recojo-de-basura-por-falta-de-diesel\/","og_site_name":"El Diario - Bolivia","article_publisher":"https:\/\/www.facebook.com\/eldiario.bolivia\/","article_published_time":"2024-11-14T09:58:03+00:00","og_image":[{"width":711,"height":400,"url":"https:\/\/www.eldiario.net\/portal\/wp-content\/uploads\/2024\/11\/CONTIN-FOTO.jpg","type":"image\/jpeg"}],"author":"Jeanette","twitter_card":"summary_large_image","twitter_creator":"@eldiario_net","twitter_site":"@eldiario_net","twitter_misc":{"Escrito por":"Jeanette","Tiempo de lectura":"2 minutos"},"schema":{"@context":"https:\/\/schema.org","@graph":[{"@type":"Article","@id":"https:\/\/www.eldiario.net\/portal\/2024\/11\/14\/aplican-plan-de-contingencia-para-recojo-de-basura-por-falta-de-diesel\/#article","isPartOf":{"@id":"https:\/\/www.eldiario.net\/portal\/2024\/11\/14\/aplican-plan-de-contingencia-para-recojo-de-basura-por-falta-de-diesel\/"},"author":{"name":"Jeanette","@id":"https:\/\/www.eldiario.net\/portal\/#\/schema\/person\/f46445640444750d7d753ccd04ae01b7"},"headline":"Aplican plan de contingencia para recojo de basura por falta de di\u00e9sel","datePublished":"2024-11-14T09:58:03+00:00","mainEntityOfPage":{"@id":"https:\/\/www.eldiario.net\/portal\/2024\/11\/14\/aplican-plan-de-contingencia-para-recojo-de-basura-por-falta-de-diesel\/"},"wordCount":454,"publisher":{"@id":"https:\/\/www.eldiario.net\/portal\/#organization"},"image":{"@id":"https:\/\/www.eldiario.net\/portal\/2024\/11\/14\/aplican-plan-de-contingencia-para-recojo-de-basura-por-falta-de-diesel\/#primaryimage"},"thumbnailUrl":"https:\/\/www.eldiario.net\/portal\/wp-content\/uploads\/2024\/11\/CONTIN-FOTO.jpg","articleSection":["Nacional"],"inLanguage":"es"},{"@type":"WebPage","@id":"https:\/\/www.eldiario.net\/portal\/2024\/11\/14\/aplican-plan-de-contingencia-para-recojo-de-basura-por-falta-de-diesel\/","url":"https:\/\/www.eldiario.net\/portal\/2024\/11\/14\/aplican-plan-de-contingencia-para-recojo-de-basura-por-falta-de-diesel\/","name":"Aplican plan de contingencia para recojo de basura por falta de di\u00e9sel - El Diario - Bolivia","isPartOf":{"@id":"https:\/\/www.eldiario.net\/portal\/#website"},"primaryImageOfPage":{"@id":"https:\/\/www.eldiario.net\/portal\/2024\/11\/14\/aplican-plan-de-contingencia-para-recojo-de-basura-por-falta-de-diesel\/#primaryimage"},"image":{"@id":"https:\/\/www.eldiario.net\/portal\/2024\/11\/14\/aplican-plan-de-contingencia-para-recojo-de-basura-por-falta-de-diesel\/#primaryimage"},"thumbnailUrl":"https:\/\/www.eldiario.net\/portal\/wp-content\/uploads\/2024\/11\/CONTIN-FOTO.jpg","datePublished":"2024-11-14T09:58:03+00:00","breadcrumb":{"@id":"https:\/\/www.eldiario.net\/portal\/2024\/11\/14\/aplican-plan-de-contingencia-para-recojo-de-basura-por-falta-de-diesel\/#breadcrumb"},"inLanguage":"es","potentialAction":[{"@type":"ReadAction","target":["https:\/\/www.eldiario.net\/portal\/2024\/11\/14\/aplican-plan-de-contingencia-para-recojo-de-basura-por-falta-de-diesel\/"]}]},{"@type":"ImageObject","inLanguage":"es","@id":"https:\/\/www.eldiario.net\/portal\/2024\/11\/14\/aplican-plan-de-contingencia-para-recojo-de-basura-por-falta-de-diesel\/#primaryimage","url":"https:\/\/www.eldiario.net\/portal\/wp-content\/uploads\/2024\/11\/CONTIN-FOTO.jpg","contentUrl":"https:\/\/www.eldiario.net\/portal\/wp-content\/uploads\/2024\/11\/CONTIN-FOTO.jpg","width":711,"height":400,"caption":"Piden a la poblaci\u00f3n evitar sacar la basura. Cr\u00e9dito: Gamlp"},{"@type":"BreadcrumbList","@id":"https:\/\/www.eldiario.net\/portal\/2024\/11\/14\/aplican-plan-de-contingencia-para-recojo-de-basura-por-falta-de-diesel\/#breadcrumb","itemListElement":[{"@type":"ListItem","position":1,"name":"Portada","item":"https:\/\/www.eldiario.net\/portal\/"},{"@type":"ListItem","position":2,"name":"Aplican plan de contingencia para recojo de basura por falta de di\u00e9sel"}]},{"@type":"WebSite","@id":"https:\/\/www.eldiario.net\/portal\/#website","url":"https:\/\/www.eldiario.net\/portal\/","name":"El Diario - Decano de la prensa nacional","description":"El Diario - Decano de la prensa nacional","publisher":{"@id":"https:\/\/www.eldiario.net\/portal\/#organization"},"potentialAction":[{"@type":"SearchAction","target":{"@type":"EntryPoint","urlTemplate":"https:\/\/www.eldiario.net\/portal\/?s={search_term_string}"},"query-input":{"@type":"PropertyValueSpecification","valueRequired":true,"valueName":"search_term_string"}}],"inLanguage":"es"},{"@type":"Organization","@id":"https:\/\/www.eldiario.net\/portal\/#organization","name":"El Diario - Decano de la prensa nacional","url":"https:\/\/www.eldiario.net\/portal\/","logo":{"@type":"ImageObject","inLanguage":"es","@id":"https:\/\/www.eldiario.net\/portal\/#\/schema\/logo\/image\/","url":"https:\/\/www.eldiario.net\/portal\/wp-content\/uploads\/2023\/07\/logo_ED.jpg","contentUrl":"https:\/\/www.eldiario.net\/portal\/wp-content\/uploads\/2023\/07\/logo_ED.jpg","width":272,"height":52,"caption":"El Diario - Decano de la prensa nacional"},"image":{"@id":"https:\/\/www.eldiario.net\/portal\/#\/schema\/logo\/image\/"},"sameAs":["https:\/\/www.facebook.com\/eldiario.bolivia\/","https:\/\/x.com\/eldiario_net"]},{"@type":"Person","@id":"https:\/\/www.eldiario.net\/portal\/#\/schema\/person\/f46445640444750d7d753ccd04ae01b7","name":"Jeanette","image":{"@type":"ImageObject","inLanguage":"es","@id":"https:\/\/secure.gravatar.com\/avatar\/3ea2118a5f7dad2b7138b1187a6b7ee55f160b9968b66013c3a3ef39dd7e5798?s=96&d=mm&r=g","url":"https:\/\/secure.gravatar.com\/avatar\/3ea2118a5f7dad2b7138b1187a6b7ee55f160b9968b66013c3a3ef39dd7e5798?s=96&d=mm&r=g","contentUrl":"https:\/\/secure.gravatar.com\/avatar\/3ea2118a5f7dad2b7138b1187a6b7ee55f160b9968b66013c3a3ef39dd7e5798?s=96&d=mm&r=g","caption":"Jeanette"},"sameAs":["https:\/\/www.eldiario.net\/portal"],"url":"https:\/\/www.eldiario.net\/portal\/author\/jeanette\/"}]}},"_links":{"self":[{"href":"https:\/\/www.eldiario.net\/portal\/wp-json\/wp\/v2\/posts\/260901","targetHints":{"allow":["GET"]}}],"collection":[{"href":"https:\/\/www.eldiario.net\/portal\/wp-json\/wp\/v2\/posts"}],"about":[{"href":"https:\/\/www.eldiario.net\/portal\/wp-json\/wp\/v2\/types\/post"}],"author":[{"embeddable":true,"href":"https:\/\/www.eldiario.net\/portal\/wp-json\/wp\/v2\/users\/1"}],"replies":[{"embeddable":true,"href":"https:\/\/www.eldiario.net\/portal\/wp-json\/wp\/v2\/comments?post=260901"}],"version-history":[{"count":1,"href":"https:\/\/www.eldiario.net\/portal\/wp-json\/wp\/v2\/posts\/260901\/revisions"}],"predecessor-version":[{"id":260903,"href":"https:\/\/www.eldiario.net\/portal\/wp-json\/wp\/v2\/posts\/260901\/revisions\/260903"}],"wp:featuredmedia":[{"embeddable":true,"href":"https:\/\/www.eldiario.net\/portal\/wp-json\/wp\/v2\/media\/260902"}],"wp:attachment":[{"href":"https:\/\/www.eldiario.net\/portal\/wp-json\/wp\/v2\/media?parent=260901"}],"wp:term":[{"taxonomy":"category","embeddable":true,"href":"https:\/\/www.eldiario.net\/portal\/wp-json\/wp\/v2\/categories?post=260901"},{"taxonomy":"post_tag","embeddable":true,"href":"https:\/\/www.eldiario.net\/portal\/wp-json\/wp\/v2\/tags?post=260901"}],"curies":[{"name":"wp","href":"https:\/\/api.w.org\/{rel}","templated":true}]}}