{"id":260898,"date":"2024-11-14T05:57:32","date_gmt":"2024-11-14T09:57:32","guid":{"rendered":"https:\/\/www.eldiario.net\/portal\/?p=260898"},"modified":"2024-11-14T05:57:32","modified_gmt":"2024-11-14T09:57:32","slug":"proyecto-nacional-de-ciberactivos-gana-premio-en-certamen-latinoamericano","status":"publish","type":"post","link":"https:\/\/www.eldiario.net\/portal\/2024\/11\/14\/proyecto-nacional-de-ciberactivos-gana-premio-en-certamen-latinoamericano\/","title":{"rendered":"Proyecto nacional de ciberactivos gana premio en certamen latinoamericano"},"content":{"rendered":"<p>La primera buildathon realizada por Base, una blockchain incubada por el gigante del intercambio de divisas digitales Coinbase, concluy\u00f3 de manera exitosa con el reconocimiento a proyectos de toda Am\u00e9rica Latina, entre los que destacan soluciones tecnol\u00f3gicas de Bolivia, Argentina, Chile y Per\u00fa. El proyecto onchain del boliviano Rafael Abuawad est\u00e1 entre los ocho premiados de un certamen latinoamericano de desarrolladores.<\/p>\n<p>La \u201cBased LatAm Buildathon\u201d, realizada en Buenos Aires, Argentina acogi\u00f3 a desarrolladores de toda la regi\u00f3n que utilizan la tecnolog\u00eda onchain (en blockchain). Se trata de nuevas soluciones tecnol\u00f3gicas que pueden resolver problemas en contextos locales y que impulsar\u00e1n la pr\u00f3xima evoluci\u00f3n del internet: una econom\u00eda onchain abierta y global.<\/p>\n<p>La buildathon acogi\u00f3 a m\u00e1s de 100 proyectos que utilizan la tecnolog\u00eda onchain y entregar\u00e1 25 criptomonedas ETH (cotizadas por unidad en $us 2.686,61) a las ocho iniciativas ganadoras, las cuales abarcan distintas industrias y desaf\u00edos regionales \u00fanicos, desde las finanzas hasta la vitivinicultura.<\/p>\n<p>El proyecto boliviano ganador es el BOBC Stablecoin, un token descentralizado y colateralizado con un valor vinculado al boliviano (Bs) que promueve la adopci\u00f3n de criptomonedas en Bolivia.<\/p>\n<p>\u201cLas stablecoins descentralizadas permiten a las personas participar en un sistema financiero m\u00e1s r\u00e1pido, m\u00e1s barato y m\u00e1s equitativo, algo de lo que mi querida Bolivia se beneficiar\u00e1 enormemente\u201d, subray\u00f3 el fundador de BOBC Stablecoin, Rafael Abuawad. \u201cAgradecemos al incre\u00edble equipo de Base por su apoyo para hacer realidad esta visi\u00f3n. Esto es s\u00f3lo el principio: \u00a1sigamos construyendo juntos!\u201d, acot\u00f3.<\/p>\n<p>Este novedoso proyecto llega en un momento expectante para el desarrollo del mercado de criptoactivos en Bolivia, ya que en junio pasado el Banco Central de Bolivia levant\u00f3 la prohibici\u00f3n para operaciones con activos digitales en el pa\u00eds. Desde ese momento, las transacciones con criptoactivos aumentaron e incluso grandes operadores de la banca, comenzaron a planificar su incursi\u00f3n a este sector. Recientemente, uno de los principales bancos en el pa\u00eds lanz\u00f3 su servicio de administraci\u00f3n y custodia de stablecoins USDT.<\/p>\n<p>Base, una plataforma de cifrado que utiliza la red Ethereum para aumentar la velocidad, seguridad y accesibilidad de las transacciones, organiza Base Around the World, una serie de buildathons que con el apoyo de Devfolio se llevan a cabo en \u00c1frica, India, Sudeste Asi\u00e1tico y ahora Am\u00e9rica Latina.<\/p>\n<p>La tecnolog\u00eda onchain es especialmente revolucionaria para las econom\u00edas emergentes. Base ofrece una v\u00eda de pago global 24\/7 que funciona a la velocidad de internet, as\u00ed como una capa tecnol\u00f3gica de bajo costo que cualquiera puede utilizar para crear aplicaciones onchain, como para el intercambio financiero, medios sociales o entretenimiento. Los costos b\u00e1sicos de transacci\u00f3n, normalmente inferiores a un c\u00e9ntimo de d\u00f3lar, y las velocidades inferiores a un segundo hacen que la tecnolog\u00eda onchain sea m\u00e1s accesible para todos.<\/p>\n<p>\u201cNuestra misi\u00f3n es construir una econom\u00eda onchain global que aumente la innovaci\u00f3n, la creatividad y la libertad, y sabemos que solo podemos hacerlo con constructores talentosos de todo el mundo\u201d, indic\u00f3 el fundador de Base, Jesse Pollak.<\/p>\n<p>\u201cCreemos que traer a m\u00e1s personas a onchain ayudar\u00e1 a aumentar la libertad econ\u00f3mica al poner a todos en el mismo campo de juego, y al dar a las personas las herramientas que necesitan para hacer crecer sus negocios\u201d, agreg\u00f3.<\/p>\n<p>El \u201cBased LatAm Buildathon\u201d marca un hito en el avance de la tecnolog\u00eda blockchain en Latinoam\u00e9rica, se\u00f1alando el comienzo de una nueva era en la que plataformas como Base est\u00e1n preparadas para convertirse en la columna vertebral de una econom\u00eda digital justa y accesible. El \u00e9xito de los participantes refleja el potencial transformador de la tecnolog\u00eda en \u00e1reas como la inclusi\u00f3n financiera, la trazabilidad de activos y la sostenibilidad.<\/p>\n<p>Proyectos ganadores del Buildathon de Base LatAm<\/p>\n<ul>\n<li>Bondi Finanzas: Ayudando a los due\u00f1os de negocios en LatAm a hacer crecer sus negocios.<\/li>\n<li>CrediTalent: Su objetivo es conectar a los usuarios de Latinoam\u00e9rica con pr\u00e9stamos basados en la reputaci\u00f3n.<\/li>\n<li>CLPD Stablecoin: Una stablecoin respaldada por el peso chileno 1:1, que ofrece una soluci\u00f3n segura y estable para los no bancarizados, conect\u00e1ndolos a la econom\u00eda global.<\/li>\n<li>BOBC Stablecoin: Una stablecoin descentralizada y colateralizada vinculada al Boliviano (BOB) que promueve la adopci\u00f3n de criptomonedas en Bolivia.<\/li>\n<li>BuildMyEvent: Una plataforma sin c\u00f3digo que permite a los organizadores de eventos emitir entradas NFT de forma segura en toda Am\u00e9rica Latina, combatiendo la reventa y falsificaci\u00f3n de entradas.<\/li>\n<li>Sembrando el Cambio: Centrado en la mejora de las infraestructuras verdes de Lima, este proyecto aprovecha las NFT para coordinar y garantizar la transparencia de las donaciones y el trabajo voluntario en las comunidades locales peruanas.<\/li>\n<li>OpenVino: Una soluci\u00f3n de tokenizaci\u00f3n y trazabilidad de activos del mundo real (RWA) para la industria del vino en Argentina y otros pa\u00edses de la regi\u00f3n, que facilita la transparencia y la confianza en la cadena de suministro.<\/li>\n<li>AI Agent para Coinbase Wallet: AI Agent es un proyecto que simplifica el cripto para Am\u00e9rica Latina a trav\u00e9s de interacciones de voz en tiempo real impulsadas por IA. AI Agent aborda dos retos: interfaces de usuario complejas y barreras ling\u00fc\u00edsticas.<\/li>\n<\/ul>\n","protected":false},"excerpt":{"rendered":"<p>La primera buildathon realizada por Base, una blockchain incubada por el gigante del intercambio de divisas digitales Coinbase, concluy\u00f3 de manera exitosa con el reconocimiento a proyectos de toda Am\u00e9rica Latina, entre los que destacan soluciones tecnol\u00f3gicas de Bolivia, Argentina, Chile y Per\u00fa. El proyecto onchain del boliviano Rafael Abuawad est\u00e1 entre los ocho premiados [&hellip;]<\/p>\n","protected":false},"author":1,"featured_media":260899,"comment_status":"closed","ping_status":"open","sticky":false,"template":"","format":"standard","meta":{"_acf_changed":false,"footnotes":""},"categories":[12],"tags":[],"class_list":["post-260898","post","type-post","status-publish","format-standard","has-post-thumbnail","category-nacional"],"acf":{"antetitulo":""},"yoast_head":"<!-- This site is optimized with the Yoast SEO plugin v28.4 - https:\/\/yoast.com\/product\/yoast-seo-wordpress\/ -->\n<title>Proyecto nacional de ciberactivos gana premio en certamen latinoamericano - El Diario - Bolivia<\/title>\n<meta name=\"robots\" content=\"index, follow, max-snippet:-1, max-image-preview:large, max-video-preview:-1\" \/>\n<link rel=\"canonical\" href=\"https:\/\/www.eldiario.net\/portal\/2024\/11\/14\/proyecto-nacional-de-ciberactivos-gana-premio-en-certamen-latinoamericano\/\" \/>\n<meta property=\"og:locale\" content=\"es_ES\" \/>\n<meta property=\"og:type\" content=\"article\" \/>\n<meta property=\"og:title\" content=\"Proyecto nacional de ciberactivos gana premio en certamen latinoamericano - El Diario - Bolivia\" \/>\n<meta property=\"og:description\" content=\"La primera buildathon realizada por Base, una blockchain incubada por el gigante del intercambio de divisas digitales Coinbase, concluy\u00f3 de manera exitosa con el reconocimiento a proyectos de toda Am\u00e9rica Latina, entre los que destacan soluciones tecnol\u00f3gicas de Bolivia, Argentina, Chile y Per\u00fa. El proyecto onchain del boliviano Rafael Abuawad est\u00e1 entre los ocho premiados [&hellip;]\" \/>\n<meta property=\"og:url\" content=\"https:\/\/www.eldiario.net\/portal\/2024\/11\/14\/proyecto-nacional-de-ciberactivos-gana-premio-en-certamen-latinoamericano\/\" \/>\n<meta property=\"og:site_name\" content=\"El Diario - Bolivia\" \/>\n<meta property=\"article:publisher\" content=\"https:\/\/www.facebook.com\/eldiario.bolivia\/\" \/>\n<meta property=\"article:published_time\" content=\"2024-11-14T09:57:32+00:00\" \/>\n<meta property=\"og:image\" content=\"https:\/\/www.eldiario.net\/portal\/wp-content\/uploads\/2024\/11\/TECNO-FOTO.jpg\" \/>\n\t<meta property=\"og:image:width\" content=\"1200\" \/>\n\t<meta property=\"og:image:height\" content=\"800\" \/>\n\t<meta property=\"og:image:type\" content=\"image\/jpeg\" \/>\n<meta name=\"author\" content=\"Jeanette\" \/>\n<meta name=\"twitter:card\" content=\"summary_large_image\" \/>\n<meta name=\"twitter:creator\" content=\"@eldiario_net\" \/>\n<meta name=\"twitter:site\" content=\"@eldiario_net\" \/>\n<meta name=\"twitter:label1\" content=\"Escrito por\" \/>\n\t<meta name=\"twitter:data1\" content=\"Jeanette\" \/>\n\t<meta name=\"twitter:label2\" content=\"Tiempo de lectura\" \/>\n\t<meta name=\"twitter:data2\" content=\"4 minutos\" \/>\n<script type=\"application\/ld+json\" class=\"yoast-schema-graph\">{\"@context\":\"https:\\\/\\\/schema.org\",\"@graph\":[{\"@type\":\"Article\",\"@id\":\"https:\\\/\\\/www.eldiario.net\\\/portal\\\/2024\\\/11\\\/14\\\/proyecto-nacional-de-ciberactivos-gana-premio-en-certamen-latinoamericano\\\/#article\",\"isPartOf\":{\"@id\":\"https:\\\/\\\/www.eldiario.net\\\/portal\\\/2024\\\/11\\\/14\\\/proyecto-nacional-de-ciberactivos-gana-premio-en-certamen-latinoamericano\\\/\"},\"author\":{\"name\":\"Jeanette\",\"@id\":\"https:\\\/\\\/www.eldiario.net\\\/portal\\\/#\\\/schema\\\/person\\\/f46445640444750d7d753ccd04ae01b7\"},\"headline\":\"Proyecto nacional de ciberactivos gana premio en certamen latinoamericano\",\"datePublished\":\"2024-11-14T09:57:32+00:00\",\"mainEntityOfPage\":{\"@id\":\"https:\\\/\\\/www.eldiario.net\\\/portal\\\/2024\\\/11\\\/14\\\/proyecto-nacional-de-ciberactivos-gana-premio-en-certamen-latinoamericano\\\/\"},\"wordCount\":894,\"publisher\":{\"@id\":\"https:\\\/\\\/www.eldiario.net\\\/portal\\\/#organization\"},\"image\":{\"@id\":\"https:\\\/\\\/www.eldiario.net\\\/portal\\\/2024\\\/11\\\/14\\\/proyecto-nacional-de-ciberactivos-gana-premio-en-certamen-latinoamericano\\\/#primaryimage\"},\"thumbnailUrl\":\"https:\\\/\\\/www.eldiario.net\\\/portal\\\/wp-content\\\/uploads\\\/2024\\\/11\\\/TECNO-FOTO.jpg\",\"articleSection\":[\"Nacional\"],\"inLanguage\":\"es\"},{\"@type\":\"WebPage\",\"@id\":\"https:\\\/\\\/www.eldiario.net\\\/portal\\\/2024\\\/11\\\/14\\\/proyecto-nacional-de-ciberactivos-gana-premio-en-certamen-latinoamericano\\\/\",\"url\":\"https:\\\/\\\/www.eldiario.net\\\/portal\\\/2024\\\/11\\\/14\\\/proyecto-nacional-de-ciberactivos-gana-premio-en-certamen-latinoamericano\\\/\",\"name\":\"Proyecto nacional de ciberactivos gana premio en certamen latinoamericano - El Diario - Bolivia\",\"isPartOf\":{\"@id\":\"https:\\\/\\\/www.eldiario.net\\\/portal\\\/#website\"},\"primaryImageOfPage\":{\"@id\":\"https:\\\/\\\/www.eldiario.net\\\/portal\\\/2024\\\/11\\\/14\\\/proyecto-nacional-de-ciberactivos-gana-premio-en-certamen-latinoamericano\\\/#primaryimage\"},\"image\":{\"@id\":\"https:\\\/\\\/www.eldiario.net\\\/portal\\\/2024\\\/11\\\/14\\\/proyecto-nacional-de-ciberactivos-gana-premio-en-certamen-latinoamericano\\\/#primaryimage\"},\"thumbnailUrl\":\"https:\\\/\\\/www.eldiario.net\\\/portal\\\/wp-content\\\/uploads\\\/2024\\\/11\\\/TECNO-FOTO.jpg\",\"datePublished\":\"2024-11-14T09:57:32+00:00\",\"breadcrumb\":{\"@id\":\"https:\\\/\\\/www.eldiario.net\\\/portal\\\/2024\\\/11\\\/14\\\/proyecto-nacional-de-ciberactivos-gana-premio-en-certamen-latinoamericano\\\/#breadcrumb\"},\"inLanguage\":\"es\",\"potentialAction\":[{\"@type\":\"ReadAction\",\"target\":[\"https:\\\/\\\/www.eldiario.net\\\/portal\\\/2024\\\/11\\\/14\\\/proyecto-nacional-de-ciberactivos-gana-premio-en-certamen-latinoamericano\\\/\"]}]},{\"@type\":\"ImageObject\",\"inLanguage\":\"es\",\"@id\":\"https:\\\/\\\/www.eldiario.net\\\/portal\\\/2024\\\/11\\\/14\\\/proyecto-nacional-de-ciberactivos-gana-premio-en-certamen-latinoamericano\\\/#primaryimage\",\"url\":\"https:\\\/\\\/www.eldiario.net\\\/portal\\\/wp-content\\\/uploads\\\/2024\\\/11\\\/TECNO-FOTO.jpg\",\"contentUrl\":\"https:\\\/\\\/www.eldiario.net\\\/portal\\\/wp-content\\\/uploads\\\/2024\\\/11\\\/TECNO-FOTO.jpg\",\"width\":1200,\"height\":800,\"caption\":\"Los participantes y organizadores del evento.\"},{\"@type\":\"BreadcrumbList\",\"@id\":\"https:\\\/\\\/www.eldiario.net\\\/portal\\\/2024\\\/11\\\/14\\\/proyecto-nacional-de-ciberactivos-gana-premio-en-certamen-latinoamericano\\\/#breadcrumb\",\"itemListElement\":[{\"@type\":\"ListItem\",\"position\":1,\"name\":\"Portada\",\"item\":\"https:\\\/\\\/www.eldiario.net\\\/portal\\\/\"},{\"@type\":\"ListItem\",\"position\":2,\"name\":\"Proyecto nacional de ciberactivos gana premio en certamen latinoamericano\"}]},{\"@type\":\"WebSite\",\"@id\":\"https:\\\/\\\/www.eldiario.net\\\/portal\\\/#website\",\"url\":\"https:\\\/\\\/www.eldiario.net\\\/portal\\\/\",\"name\":\"El Diario - Decano de la prensa nacional\",\"description\":\"El Diario - Decano de la prensa nacional\",\"publisher\":{\"@id\":\"https:\\\/\\\/www.eldiario.net\\\/portal\\\/#organization\"},\"potentialAction\":[{\"@type\":\"SearchAction\",\"target\":{\"@type\":\"EntryPoint\",\"urlTemplate\":\"https:\\\/\\\/www.eldiario.net\\\/portal\\\/?s={search_term_string}\"},\"query-input\":{\"@type\":\"PropertyValueSpecification\",\"valueRequired\":true,\"valueName\":\"search_term_string\"}}],\"inLanguage\":\"es\"},{\"@type\":\"Organization\",\"@id\":\"https:\\\/\\\/www.eldiario.net\\\/portal\\\/#organization\",\"name\":\"El Diario - Decano de la prensa nacional\",\"url\":\"https:\\\/\\\/www.eldiario.net\\\/portal\\\/\",\"logo\":{\"@type\":\"ImageObject\",\"inLanguage\":\"es\",\"@id\":\"https:\\\/\\\/www.eldiario.net\\\/portal\\\/#\\\/schema\\\/logo\\\/image\\\/\",\"url\":\"https:\\\/\\\/www.eldiario.net\\\/portal\\\/wp-content\\\/uploads\\\/2023\\\/07\\\/logo_ED.jpg\",\"contentUrl\":\"https:\\\/\\\/www.eldiario.net\\\/portal\\\/wp-content\\\/uploads\\\/2023\\\/07\\\/logo_ED.jpg\",\"width\":272,\"height\":52,\"caption\":\"El Diario - Decano de la prensa nacional\"},\"image\":{\"@id\":\"https:\\\/\\\/www.eldiario.net\\\/portal\\\/#\\\/schema\\\/logo\\\/image\\\/\"},\"sameAs\":[\"https:\\\/\\\/www.facebook.com\\\/eldiario.bolivia\\\/\",\"https:\\\/\\\/x.com\\\/eldiario_net\"]},{\"@type\":\"Person\",\"@id\":\"https:\\\/\\\/www.eldiario.net\\\/portal\\\/#\\\/schema\\\/person\\\/f46445640444750d7d753ccd04ae01b7\",\"name\":\"Jeanette\",\"image\":{\"@type\":\"ImageObject\",\"inLanguage\":\"es\",\"@id\":\"https:\\\/\\\/secure.gravatar.com\\\/avatar\\\/3ea2118a5f7dad2b7138b1187a6b7ee55f160b9968b66013c3a3ef39dd7e5798?s=96&d=mm&r=g\",\"url\":\"https:\\\/\\\/secure.gravatar.com\\\/avatar\\\/3ea2118a5f7dad2b7138b1187a6b7ee55f160b9968b66013c3a3ef39dd7e5798?s=96&d=mm&r=g\",\"contentUrl\":\"https:\\\/\\\/secure.gravatar.com\\\/avatar\\\/3ea2118a5f7dad2b7138b1187a6b7ee55f160b9968b66013c3a3ef39dd7e5798?s=96&d=mm&r=g\",\"caption\":\"Jeanette\"},\"sameAs\":[\"https:\\\/\\\/www.eldiario.net\\\/portal\"],\"url\":\"https:\\\/\\\/www.eldiario.net\\\/portal\\\/author\\\/jeanette\\\/\"}]}<\/script>\n<!-- \/ Yoast SEO plugin. -->","yoast_head_json":{"title":"Proyecto nacional de ciberactivos gana premio en certamen latinoamericano - El Diario - Bolivia","robots":{"index":"index","follow":"follow","max-snippet":"max-snippet:-1","max-image-preview":"max-image-preview:large","max-video-preview":"max-video-preview:-1"},"canonical":"https:\/\/www.eldiario.net\/portal\/2024\/11\/14\/proyecto-nacional-de-ciberactivos-gana-premio-en-certamen-latinoamericano\/","og_locale":"es_ES","og_type":"article","og_title":"Proyecto nacional de ciberactivos gana premio en certamen latinoamericano - El Diario - Bolivia","og_description":"La primera buildathon realizada por Base, una blockchain incubada por el gigante del intercambio de divisas digitales Coinbase, concluy\u00f3 de manera exitosa con el reconocimiento a proyectos de toda Am\u00e9rica Latina, entre los que destacan soluciones tecnol\u00f3gicas de Bolivia, Argentina, Chile y Per\u00fa. El proyecto onchain del boliviano Rafael Abuawad est\u00e1 entre los ocho premiados [&hellip;]","og_url":"https:\/\/www.eldiario.net\/portal\/2024\/11\/14\/proyecto-nacional-de-ciberactivos-gana-premio-en-certamen-latinoamericano\/","og_site_name":"El Diario - Bolivia","article_publisher":"https:\/\/www.facebook.com\/eldiario.bolivia\/","article_published_time":"2024-11-14T09:57:32+00:00","og_image":[{"width":1200,"height":800,"url":"https:\/\/www.eldiario.net\/portal\/wp-content\/uploads\/2024\/11\/TECNO-FOTO.jpg","type":"image\/jpeg"}],"author":"Jeanette","twitter_card":"summary_large_image","twitter_creator":"@eldiario_net","twitter_site":"@eldiario_net","twitter_misc":{"Escrito por":"Jeanette","Tiempo de lectura":"4 minutos"},"schema":{"@context":"https:\/\/schema.org","@graph":[{"@type":"Article","@id":"https:\/\/www.eldiario.net\/portal\/2024\/11\/14\/proyecto-nacional-de-ciberactivos-gana-premio-en-certamen-latinoamericano\/#article","isPartOf":{"@id":"https:\/\/www.eldiario.net\/portal\/2024\/11\/14\/proyecto-nacional-de-ciberactivos-gana-premio-en-certamen-latinoamericano\/"},"author":{"name":"Jeanette","@id":"https:\/\/www.eldiario.net\/portal\/#\/schema\/person\/f46445640444750d7d753ccd04ae01b7"},"headline":"Proyecto nacional de ciberactivos gana premio en certamen latinoamericano","datePublished":"2024-11-14T09:57:32+00:00","mainEntityOfPage":{"@id":"https:\/\/www.eldiario.net\/portal\/2024\/11\/14\/proyecto-nacional-de-ciberactivos-gana-premio-en-certamen-latinoamericano\/"},"wordCount":894,"publisher":{"@id":"https:\/\/www.eldiario.net\/portal\/#organization"},"image":{"@id":"https:\/\/www.eldiario.net\/portal\/2024\/11\/14\/proyecto-nacional-de-ciberactivos-gana-premio-en-certamen-latinoamericano\/#primaryimage"},"thumbnailUrl":"https:\/\/www.eldiario.net\/portal\/wp-content\/uploads\/2024\/11\/TECNO-FOTO.jpg","articleSection":["Nacional"],"inLanguage":"es"},{"@type":"WebPage","@id":"https:\/\/www.eldiario.net\/portal\/2024\/11\/14\/proyecto-nacional-de-ciberactivos-gana-premio-en-certamen-latinoamericano\/","url":"https:\/\/www.eldiario.net\/portal\/2024\/11\/14\/proyecto-nacional-de-ciberactivos-gana-premio-en-certamen-latinoamericano\/","name":"Proyecto nacional de ciberactivos gana premio en certamen latinoamericano - El Diario - Bolivia","isPartOf":{"@id":"https:\/\/www.eldiario.net\/portal\/#website"},"primaryImageOfPage":{"@id":"https:\/\/www.eldiario.net\/portal\/2024\/11\/14\/proyecto-nacional-de-ciberactivos-gana-premio-en-certamen-latinoamericano\/#primaryimage"},"image":{"@id":"https:\/\/www.eldiario.net\/portal\/2024\/11\/14\/proyecto-nacional-de-ciberactivos-gana-premio-en-certamen-latinoamericano\/#primaryimage"},"thumbnailUrl":"https:\/\/www.eldiario.net\/portal\/wp-content\/uploads\/2024\/11\/TECNO-FOTO.jpg","datePublished":"2024-11-14T09:57:32+00:00","breadcrumb":{"@id":"https:\/\/www.eldiario.net\/portal\/2024\/11\/14\/proyecto-nacional-de-ciberactivos-gana-premio-en-certamen-latinoamericano\/#breadcrumb"},"inLanguage":"es","potentialAction":[{"@type":"ReadAction","target":["https:\/\/www.eldiario.net\/portal\/2024\/11\/14\/proyecto-nacional-de-ciberactivos-gana-premio-en-certamen-latinoamericano\/"]}]},{"@type":"ImageObject","inLanguage":"es","@id":"https:\/\/www.eldiario.net\/portal\/2024\/11\/14\/proyecto-nacional-de-ciberactivos-gana-premio-en-certamen-latinoamericano\/#primaryimage","url":"https:\/\/www.eldiario.net\/portal\/wp-content\/uploads\/2024\/11\/TECNO-FOTO.jpg","contentUrl":"https:\/\/www.eldiario.net\/portal\/wp-content\/uploads\/2024\/11\/TECNO-FOTO.jpg","width":1200,"height":800,"caption":"Los participantes y organizadores del evento."},{"@type":"BreadcrumbList","@id":"https:\/\/www.eldiario.net\/portal\/2024\/11\/14\/proyecto-nacional-de-ciberactivos-gana-premio-en-certamen-latinoamericano\/#breadcrumb","itemListElement":[{"@type":"ListItem","position":1,"name":"Portada","item":"https:\/\/www.eldiario.net\/portal\/"},{"@type":"ListItem","position":2,"name":"Proyecto nacional de ciberactivos gana premio en certamen latinoamericano"}]},{"@type":"WebSite","@id":"https:\/\/www.eldiario.net\/portal\/#website","url":"https:\/\/www.eldiario.net\/portal\/","name":"El Diario - Decano de la prensa nacional","description":"El Diario - Decano de la prensa nacional","publisher":{"@id":"https:\/\/www.eldiario.net\/portal\/#organization"},"potentialAction":[{"@type":"SearchAction","target":{"@type":"EntryPoint","urlTemplate":"https:\/\/www.eldiario.net\/portal\/?s={search_term_string}"},"query-input":{"@type":"PropertyValueSpecification","valueRequired":true,"valueName":"search_term_string"}}],"inLanguage":"es"},{"@type":"Organization","@id":"https:\/\/www.eldiario.net\/portal\/#organization","name":"El Diario - Decano de la prensa nacional","url":"https:\/\/www.eldiario.net\/portal\/","logo":{"@type":"ImageObject","inLanguage":"es","@id":"https:\/\/www.eldiario.net\/portal\/#\/schema\/logo\/image\/","url":"https:\/\/www.eldiario.net\/portal\/wp-content\/uploads\/2023\/07\/logo_ED.jpg","contentUrl":"https:\/\/www.eldiario.net\/portal\/wp-content\/uploads\/2023\/07\/logo_ED.jpg","width":272,"height":52,"caption":"El Diario - Decano de la prensa nacional"},"image":{"@id":"https:\/\/www.eldiario.net\/portal\/#\/schema\/logo\/image\/"},"sameAs":["https:\/\/www.facebook.com\/eldiario.bolivia\/","https:\/\/x.com\/eldiario_net"]},{"@type":"Person","@id":"https:\/\/www.eldiario.net\/portal\/#\/schema\/person\/f46445640444750d7d753ccd04ae01b7","name":"Jeanette","image":{"@type":"ImageObject","inLanguage":"es","@id":"https:\/\/secure.gravatar.com\/avatar\/3ea2118a5f7dad2b7138b1187a6b7ee55f160b9968b66013c3a3ef39dd7e5798?s=96&d=mm&r=g","url":"https:\/\/secure.gravatar.com\/avatar\/3ea2118a5f7dad2b7138b1187a6b7ee55f160b9968b66013c3a3ef39dd7e5798?s=96&d=mm&r=g","contentUrl":"https:\/\/secure.gravatar.com\/avatar\/3ea2118a5f7dad2b7138b1187a6b7ee55f160b9968b66013c3a3ef39dd7e5798?s=96&d=mm&r=g","caption":"Jeanette"},"sameAs":["https:\/\/www.eldiario.net\/portal"],"url":"https:\/\/www.eldiario.net\/portal\/author\/jeanette\/"}]}},"_links":{"self":[{"href":"https:\/\/www.eldiario.net\/portal\/wp-json\/wp\/v2\/posts\/260898","targetHints":{"allow":["GET"]}}],"collection":[{"href":"https:\/\/www.eldiario.net\/portal\/wp-json\/wp\/v2\/posts"}],"about":[{"href":"https:\/\/www.eldiario.net\/portal\/wp-json\/wp\/v2\/types\/post"}],"author":[{"embeddable":true,"href":"https:\/\/www.eldiario.net\/portal\/wp-json\/wp\/v2\/users\/1"}],"replies":[{"embeddable":true,"href":"https:\/\/www.eldiario.net\/portal\/wp-json\/wp\/v2\/comments?post=260898"}],"version-history":[{"count":1,"href":"https:\/\/www.eldiario.net\/portal\/wp-json\/wp\/v2\/posts\/260898\/revisions"}],"predecessor-version":[{"id":260900,"href":"https:\/\/www.eldiario.net\/portal\/wp-json\/wp\/v2\/posts\/260898\/revisions\/260900"}],"wp:featuredmedia":[{"embeddable":true,"href":"https:\/\/www.eldiario.net\/portal\/wp-json\/wp\/v2\/media\/260899"}],"wp:attachment":[{"href":"https:\/\/www.eldiario.net\/portal\/wp-json\/wp\/v2\/media?parent=260898"}],"wp:term":[{"taxonomy":"category","embeddable":true,"href":"https:\/\/www.eldiario.net\/portal\/wp-json\/wp\/v2\/categories?post=260898"},{"taxonomy":"post_tag","embeddable":true,"href":"https:\/\/www.eldiario.net\/portal\/wp-json\/wp\/v2\/tags?post=260898"}],"curies":[{"name":"wp","href":"https:\/\/api.w.org\/{rel}","templated":true}]}}