{"id":260883,"date":"2024-11-14T05:49:49","date_gmt":"2024-11-14T09:49:49","guid":{"rendered":"https:\/\/www.eldiario.net\/portal\/?p=260883"},"modified":"2024-11-14T05:49:49","modified_gmt":"2024-11-14T09:49:49","slug":"transportistas-bloquean-en-la-guardia-y-en-ruta-a-cotoca","status":"publish","type":"post","link":"https:\/\/www.eldiario.net\/portal\/2024\/11\/14\/transportistas-bloquean-en-la-guardia-y-en-ruta-a-cotoca\/","title":{"rendered":"Transportistas bloquean en  La Guardia y en ruta a Cotoca"},"content":{"rendered":"<p>Dos grupos de transportistas instalaron bloqueos ayer en el km 14 de la doble v\u00eda a La Guardia y en la carretera Santa Cruz de la Sierra &#8211; Cotoca, en reclamo por la falta de di\u00e9sel y para pedir al Gobierno y YPFB que brinden una soluci\u00f3n r\u00e1pida y efectiva a la intermitencia que se tiene en la distribuci\u00f3n del carburante.<\/p>\n<p>Los conductores se\u00f1alan que la situaci\u00f3n es insostenible y que se debe dar certidumbre al sector que se ve imposibilitado de trabajar pues deben pasar hasta d\u00edas haciendo filas en surtidores para abastecerse.<\/p>\n<p>Tambi\u00e9n, ayer se report\u00f3 otro bloqueo protagonizado por choferes que colocaron sus camiones cerca al surtidor ubicado en el 5to anillo de la avenida Mosc\u00fa. Indican que llevan seis d\u00edas esperando que llegue el carburante y que no se levantar\u00e1 la medida de presi\u00f3n hasta que no se proporcione combustible.<\/p>\n<p>Esta medida de presi\u00f3n ha sido recurrente desde inicio de semana con bloqueos espor\u00e1dicos que han realizado no solo miembros del transporte pesado por di\u00e9sel, sino tambi\u00e9n mototaxistas que han realizado protestas en demanda de gasolina en puntos cercanos a estaciones de servicio.<\/p>\n<p>Los bloqueos tambi\u00e9n se realizan este mi\u00e9rcoles en proximidades a un surtidor ubicado en la avenida 6 de Agosto, al sur de la ciudad de Cochabamba, donde transportistas cortaron el paso vehicular en el puente Killman y advirtieron con cerrar los ingresos al aeropuerto internacional Jorge Wilstermann si es que no se regulariza la dotaci\u00f3n de di\u00e9sel. (Santa Cruz, agencias)<\/p>\n","protected":false},"excerpt":{"rendered":"<p>Dos grupos de transportistas instalaron bloqueos ayer en el km 14 de la doble v\u00eda a La Guardia y en la carretera Santa Cruz de la Sierra &#8211; Cotoca, en reclamo por la falta de di\u00e9sel y para pedir al Gobierno y YPFB que brinden una soluci\u00f3n r\u00e1pida y efectiva a la intermitencia que se [&hellip;]<\/p>\n","protected":false},"author":1,"featured_media":260884,"comment_status":"closed","ping_status":"open","sticky":false,"template":"","format":"standard","meta":{"_acf_changed":false,"footnotes":""},"categories":[12],"tags":[],"class_list":["post-260883","post","type-post","status-publish","format-standard","has-post-thumbnail","category-nacional"],"acf":{"antetitulo":"Santa Cruz"},"yoast_head":"<!-- This site is optimized with the Yoast SEO plugin v28.4 - https:\/\/yoast.com\/product\/yoast-seo-wordpress\/ -->\n<title>Transportistas bloquean en La Guardia y en ruta a Cotoca - El Diario - Bolivia<\/title>\n<meta name=\"robots\" content=\"index, follow, max-snippet:-1, max-image-preview:large, max-video-preview:-1\" \/>\n<link rel=\"canonical\" href=\"https:\/\/www.eldiario.net\/portal\/2024\/11\/14\/transportistas-bloquean-en-la-guardia-y-en-ruta-a-cotoca\/\" \/>\n<meta property=\"og:locale\" content=\"es_ES\" \/>\n<meta property=\"og:type\" content=\"article\" \/>\n<meta property=\"og:title\" content=\"Transportistas bloquean en La Guardia y en ruta a Cotoca - El Diario - Bolivia\" \/>\n<meta property=\"og:description\" content=\"Dos grupos de transportistas instalaron bloqueos ayer en el km 14 de la doble v\u00eda a La Guardia y en la carretera Santa Cruz de la Sierra &#8211; Cotoca, en reclamo por la falta de di\u00e9sel y para pedir al Gobierno y YPFB que brinden una soluci\u00f3n r\u00e1pida y efectiva a la intermitencia que se [&hellip;]\" \/>\n<meta property=\"og:url\" content=\"https:\/\/www.eldiario.net\/portal\/2024\/11\/14\/transportistas-bloquean-en-la-guardia-y-en-ruta-a-cotoca\/\" \/>\n<meta property=\"og:site_name\" content=\"El Diario - Bolivia\" \/>\n<meta property=\"article:publisher\" content=\"https:\/\/www.facebook.com\/eldiario.bolivia\/\" \/>\n<meta property=\"article:published_time\" content=\"2024-11-14T09:49:49+00:00\" \/>\n<meta property=\"og:image\" content=\"https:\/\/www.eldiario.net\/portal\/wp-content\/uploads\/2024\/11\/BLOQUEOS-FOTO.jpg\" \/>\n\t<meta property=\"og:image:width\" content=\"1280\" \/>\n\t<meta property=\"og:image:height\" content=\"545\" \/>\n\t<meta property=\"og:image:type\" content=\"image\/jpeg\" \/>\n<meta name=\"author\" content=\"Jeanette\" \/>\n<meta name=\"twitter:card\" content=\"summary_large_image\" \/>\n<meta name=\"twitter:creator\" content=\"@eldiario_net\" \/>\n<meta name=\"twitter:site\" content=\"@eldiario_net\" \/>\n<meta name=\"twitter:label1\" content=\"Escrito por\" \/>\n\t<meta name=\"twitter:data1\" content=\"Jeanette\" \/>\n\t<meta name=\"twitter:label2\" content=\"Tiempo de lectura\" \/>\n\t<meta name=\"twitter:data2\" content=\"1 minuto\" \/>\n<script type=\"application\/ld+json\" class=\"yoast-schema-graph\">{\"@context\":\"https:\\\/\\\/schema.org\",\"@graph\":[{\"@type\":\"Article\",\"@id\":\"https:\\\/\\\/www.eldiario.net\\\/portal\\\/2024\\\/11\\\/14\\\/transportistas-bloquean-en-la-guardia-y-en-ruta-a-cotoca\\\/#article\",\"isPartOf\":{\"@id\":\"https:\\\/\\\/www.eldiario.net\\\/portal\\\/2024\\\/11\\\/14\\\/transportistas-bloquean-en-la-guardia-y-en-ruta-a-cotoca\\\/\"},\"author\":{\"name\":\"Jeanette\",\"@id\":\"https:\\\/\\\/www.eldiario.net\\\/portal\\\/#\\\/schema\\\/person\\\/f46445640444750d7d753ccd04ae01b7\"},\"headline\":\"Transportistas bloquean en La Guardia y en ruta a Cotoca\",\"datePublished\":\"2024-11-14T09:49:49+00:00\",\"mainEntityOfPage\":{\"@id\":\"https:\\\/\\\/www.eldiario.net\\\/portal\\\/2024\\\/11\\\/14\\\/transportistas-bloquean-en-la-guardia-y-en-ruta-a-cotoca\\\/\"},\"wordCount\":274,\"publisher\":{\"@id\":\"https:\\\/\\\/www.eldiario.net\\\/portal\\\/#organization\"},\"image\":{\"@id\":\"https:\\\/\\\/www.eldiario.net\\\/portal\\\/2024\\\/11\\\/14\\\/transportistas-bloquean-en-la-guardia-y-en-ruta-a-cotoca\\\/#primaryimage\"},\"thumbnailUrl\":\"https:\\\/\\\/www.eldiario.net\\\/portal\\\/wp-content\\\/uploads\\\/2024\\\/11\\\/BLOQUEOS-FOTO.jpg\",\"articleSection\":[\"Nacional\"],\"inLanguage\":\"es\"},{\"@type\":\"WebPage\",\"@id\":\"https:\\\/\\\/www.eldiario.net\\\/portal\\\/2024\\\/11\\\/14\\\/transportistas-bloquean-en-la-guardia-y-en-ruta-a-cotoca\\\/\",\"url\":\"https:\\\/\\\/www.eldiario.net\\\/portal\\\/2024\\\/11\\\/14\\\/transportistas-bloquean-en-la-guardia-y-en-ruta-a-cotoca\\\/\",\"name\":\"Transportistas bloquean en La Guardia y en ruta a Cotoca - El Diario - Bolivia\",\"isPartOf\":{\"@id\":\"https:\\\/\\\/www.eldiario.net\\\/portal\\\/#website\"},\"primaryImageOfPage\":{\"@id\":\"https:\\\/\\\/www.eldiario.net\\\/portal\\\/2024\\\/11\\\/14\\\/transportistas-bloquean-en-la-guardia-y-en-ruta-a-cotoca\\\/#primaryimage\"},\"image\":{\"@id\":\"https:\\\/\\\/www.eldiario.net\\\/portal\\\/2024\\\/11\\\/14\\\/transportistas-bloquean-en-la-guardia-y-en-ruta-a-cotoca\\\/#primaryimage\"},\"thumbnailUrl\":\"https:\\\/\\\/www.eldiario.net\\\/portal\\\/wp-content\\\/uploads\\\/2024\\\/11\\\/BLOQUEOS-FOTO.jpg\",\"datePublished\":\"2024-11-14T09:49:49+00:00\",\"breadcrumb\":{\"@id\":\"https:\\\/\\\/www.eldiario.net\\\/portal\\\/2024\\\/11\\\/14\\\/transportistas-bloquean-en-la-guardia-y-en-ruta-a-cotoca\\\/#breadcrumb\"},\"inLanguage\":\"es\",\"potentialAction\":[{\"@type\":\"ReadAction\",\"target\":[\"https:\\\/\\\/www.eldiario.net\\\/portal\\\/2024\\\/11\\\/14\\\/transportistas-bloquean-en-la-guardia-y-en-ruta-a-cotoca\\\/\"]}]},{\"@type\":\"ImageObject\",\"inLanguage\":\"es\",\"@id\":\"https:\\\/\\\/www.eldiario.net\\\/portal\\\/2024\\\/11\\\/14\\\/transportistas-bloquean-en-la-guardia-y-en-ruta-a-cotoca\\\/#primaryimage\",\"url\":\"https:\\\/\\\/www.eldiario.net\\\/portal\\\/wp-content\\\/uploads\\\/2024\\\/11\\\/BLOQUEOS-FOTO.jpg\",\"contentUrl\":\"https:\\\/\\\/www.eldiario.net\\\/portal\\\/wp-content\\\/uploads\\\/2024\\\/11\\\/BLOQUEOS-FOTO.jpg\",\"width\":1280,\"height\":545,\"caption\":\"Los transportistas bloquearon en la carretera doble v\u00eda a La Guardia. FOTO: RRSS\"},{\"@type\":\"BreadcrumbList\",\"@id\":\"https:\\\/\\\/www.eldiario.net\\\/portal\\\/2024\\\/11\\\/14\\\/transportistas-bloquean-en-la-guardia-y-en-ruta-a-cotoca\\\/#breadcrumb\",\"itemListElement\":[{\"@type\":\"ListItem\",\"position\":1,\"name\":\"Portada\",\"item\":\"https:\\\/\\\/www.eldiario.net\\\/portal\\\/\"},{\"@type\":\"ListItem\",\"position\":2,\"name\":\"Transportistas bloquean en La Guardia y en ruta a Cotoca\"}]},{\"@type\":\"WebSite\",\"@id\":\"https:\\\/\\\/www.eldiario.net\\\/portal\\\/#website\",\"url\":\"https:\\\/\\\/www.eldiario.net\\\/portal\\\/\",\"name\":\"El Diario - Decano de la prensa nacional\",\"description\":\"El Diario - Decano de la prensa nacional\",\"publisher\":{\"@id\":\"https:\\\/\\\/www.eldiario.net\\\/portal\\\/#organization\"},\"potentialAction\":[{\"@type\":\"SearchAction\",\"target\":{\"@type\":\"EntryPoint\",\"urlTemplate\":\"https:\\\/\\\/www.eldiario.net\\\/portal\\\/?s={search_term_string}\"},\"query-input\":{\"@type\":\"PropertyValueSpecification\",\"valueRequired\":true,\"valueName\":\"search_term_string\"}}],\"inLanguage\":\"es\"},{\"@type\":\"Organization\",\"@id\":\"https:\\\/\\\/www.eldiario.net\\\/portal\\\/#organization\",\"name\":\"El Diario - Decano de la prensa nacional\",\"url\":\"https:\\\/\\\/www.eldiario.net\\\/portal\\\/\",\"logo\":{\"@type\":\"ImageObject\",\"inLanguage\":\"es\",\"@id\":\"https:\\\/\\\/www.eldiario.net\\\/portal\\\/#\\\/schema\\\/logo\\\/image\\\/\",\"url\":\"https:\\\/\\\/www.eldiario.net\\\/portal\\\/wp-content\\\/uploads\\\/2023\\\/07\\\/logo_ED.jpg\",\"contentUrl\":\"https:\\\/\\\/www.eldiario.net\\\/portal\\\/wp-content\\\/uploads\\\/2023\\\/07\\\/logo_ED.jpg\",\"width\":272,\"height\":52,\"caption\":\"El Diario - Decano de la prensa nacional\"},\"image\":{\"@id\":\"https:\\\/\\\/www.eldiario.net\\\/portal\\\/#\\\/schema\\\/logo\\\/image\\\/\"},\"sameAs\":[\"https:\\\/\\\/www.facebook.com\\\/eldiario.bolivia\\\/\",\"https:\\\/\\\/x.com\\\/eldiario_net\"]},{\"@type\":\"Person\",\"@id\":\"https:\\\/\\\/www.eldiario.net\\\/portal\\\/#\\\/schema\\\/person\\\/f46445640444750d7d753ccd04ae01b7\",\"name\":\"Jeanette\",\"image\":{\"@type\":\"ImageObject\",\"inLanguage\":\"es\",\"@id\":\"https:\\\/\\\/secure.gravatar.com\\\/avatar\\\/3ea2118a5f7dad2b7138b1187a6b7ee55f160b9968b66013c3a3ef39dd7e5798?s=96&d=mm&r=g\",\"url\":\"https:\\\/\\\/secure.gravatar.com\\\/avatar\\\/3ea2118a5f7dad2b7138b1187a6b7ee55f160b9968b66013c3a3ef39dd7e5798?s=96&d=mm&r=g\",\"contentUrl\":\"https:\\\/\\\/secure.gravatar.com\\\/avatar\\\/3ea2118a5f7dad2b7138b1187a6b7ee55f160b9968b66013c3a3ef39dd7e5798?s=96&d=mm&r=g\",\"caption\":\"Jeanette\"},\"sameAs\":[\"https:\\\/\\\/www.eldiario.net\\\/portal\"],\"url\":\"https:\\\/\\\/www.eldiario.net\\\/portal\\\/author\\\/jeanette\\\/\"}]}<\/script>\n<!-- \/ Yoast SEO plugin. -->","yoast_head_json":{"title":"Transportistas bloquean en La Guardia y en ruta a Cotoca - El Diario - Bolivia","robots":{"index":"index","follow":"follow","max-snippet":"max-snippet:-1","max-image-preview":"max-image-preview:large","max-video-preview":"max-video-preview:-1"},"canonical":"https:\/\/www.eldiario.net\/portal\/2024\/11\/14\/transportistas-bloquean-en-la-guardia-y-en-ruta-a-cotoca\/","og_locale":"es_ES","og_type":"article","og_title":"Transportistas bloquean en La Guardia y en ruta a Cotoca - El Diario - Bolivia","og_description":"Dos grupos de transportistas instalaron bloqueos ayer en el km 14 de la doble v\u00eda a La Guardia y en la carretera Santa Cruz de la Sierra &#8211; Cotoca, en reclamo por la falta de di\u00e9sel y para pedir al Gobierno y YPFB que brinden una soluci\u00f3n r\u00e1pida y efectiva a la intermitencia que se [&hellip;]","og_url":"https:\/\/www.eldiario.net\/portal\/2024\/11\/14\/transportistas-bloquean-en-la-guardia-y-en-ruta-a-cotoca\/","og_site_name":"El Diario - Bolivia","article_publisher":"https:\/\/www.facebook.com\/eldiario.bolivia\/","article_published_time":"2024-11-14T09:49:49+00:00","og_image":[{"width":1280,"height":545,"url":"https:\/\/www.eldiario.net\/portal\/wp-content\/uploads\/2024\/11\/BLOQUEOS-FOTO.jpg","type":"image\/jpeg"}],"author":"Jeanette","twitter_card":"summary_large_image","twitter_creator":"@eldiario_net","twitter_site":"@eldiario_net","twitter_misc":{"Escrito por":"Jeanette","Tiempo de lectura":"1 minuto"},"schema":{"@context":"https:\/\/schema.org","@graph":[{"@type":"Article","@id":"https:\/\/www.eldiario.net\/portal\/2024\/11\/14\/transportistas-bloquean-en-la-guardia-y-en-ruta-a-cotoca\/#article","isPartOf":{"@id":"https:\/\/www.eldiario.net\/portal\/2024\/11\/14\/transportistas-bloquean-en-la-guardia-y-en-ruta-a-cotoca\/"},"author":{"name":"Jeanette","@id":"https:\/\/www.eldiario.net\/portal\/#\/schema\/person\/f46445640444750d7d753ccd04ae01b7"},"headline":"Transportistas bloquean en La Guardia y en ruta a Cotoca","datePublished":"2024-11-14T09:49:49+00:00","mainEntityOfPage":{"@id":"https:\/\/www.eldiario.net\/portal\/2024\/11\/14\/transportistas-bloquean-en-la-guardia-y-en-ruta-a-cotoca\/"},"wordCount":274,"publisher":{"@id":"https:\/\/www.eldiario.net\/portal\/#organization"},"image":{"@id":"https:\/\/www.eldiario.net\/portal\/2024\/11\/14\/transportistas-bloquean-en-la-guardia-y-en-ruta-a-cotoca\/#primaryimage"},"thumbnailUrl":"https:\/\/www.eldiario.net\/portal\/wp-content\/uploads\/2024\/11\/BLOQUEOS-FOTO.jpg","articleSection":["Nacional"],"inLanguage":"es"},{"@type":"WebPage","@id":"https:\/\/www.eldiario.net\/portal\/2024\/11\/14\/transportistas-bloquean-en-la-guardia-y-en-ruta-a-cotoca\/","url":"https:\/\/www.eldiario.net\/portal\/2024\/11\/14\/transportistas-bloquean-en-la-guardia-y-en-ruta-a-cotoca\/","name":"Transportistas bloquean en La Guardia y en ruta a Cotoca - El Diario - Bolivia","isPartOf":{"@id":"https:\/\/www.eldiario.net\/portal\/#website"},"primaryImageOfPage":{"@id":"https:\/\/www.eldiario.net\/portal\/2024\/11\/14\/transportistas-bloquean-en-la-guardia-y-en-ruta-a-cotoca\/#primaryimage"},"image":{"@id":"https:\/\/www.eldiario.net\/portal\/2024\/11\/14\/transportistas-bloquean-en-la-guardia-y-en-ruta-a-cotoca\/#primaryimage"},"thumbnailUrl":"https:\/\/www.eldiario.net\/portal\/wp-content\/uploads\/2024\/11\/BLOQUEOS-FOTO.jpg","datePublished":"2024-11-14T09:49:49+00:00","breadcrumb":{"@id":"https:\/\/www.eldiario.net\/portal\/2024\/11\/14\/transportistas-bloquean-en-la-guardia-y-en-ruta-a-cotoca\/#breadcrumb"},"inLanguage":"es","potentialAction":[{"@type":"ReadAction","target":["https:\/\/www.eldiario.net\/portal\/2024\/11\/14\/transportistas-bloquean-en-la-guardia-y-en-ruta-a-cotoca\/"]}]},{"@type":"ImageObject","inLanguage":"es","@id":"https:\/\/www.eldiario.net\/portal\/2024\/11\/14\/transportistas-bloquean-en-la-guardia-y-en-ruta-a-cotoca\/#primaryimage","url":"https:\/\/www.eldiario.net\/portal\/wp-content\/uploads\/2024\/11\/BLOQUEOS-FOTO.jpg","contentUrl":"https:\/\/www.eldiario.net\/portal\/wp-content\/uploads\/2024\/11\/BLOQUEOS-FOTO.jpg","width":1280,"height":545,"caption":"Los transportistas bloquearon en la carretera doble v\u00eda a La Guardia. FOTO: RRSS"},{"@type":"BreadcrumbList","@id":"https:\/\/www.eldiario.net\/portal\/2024\/11\/14\/transportistas-bloquean-en-la-guardia-y-en-ruta-a-cotoca\/#breadcrumb","itemListElement":[{"@type":"ListItem","position":1,"name":"Portada","item":"https:\/\/www.eldiario.net\/portal\/"},{"@type":"ListItem","position":2,"name":"Transportistas bloquean en La Guardia y en ruta a Cotoca"}]},{"@type":"WebSite","@id":"https:\/\/www.eldiario.net\/portal\/#website","url":"https:\/\/www.eldiario.net\/portal\/","name":"El Diario - Decano de la prensa nacional","description":"El Diario - Decano de la prensa nacional","publisher":{"@id":"https:\/\/www.eldiario.net\/portal\/#organization"},"potentialAction":[{"@type":"SearchAction","target":{"@type":"EntryPoint","urlTemplate":"https:\/\/www.eldiario.net\/portal\/?s={search_term_string}"},"query-input":{"@type":"PropertyValueSpecification","valueRequired":true,"valueName":"search_term_string"}}],"inLanguage":"es"},{"@type":"Organization","@id":"https:\/\/www.eldiario.net\/portal\/#organization","name":"El Diario - Decano de la prensa nacional","url":"https:\/\/www.eldiario.net\/portal\/","logo":{"@type":"ImageObject","inLanguage":"es","@id":"https:\/\/www.eldiario.net\/portal\/#\/schema\/logo\/image\/","url":"https:\/\/www.eldiario.net\/portal\/wp-content\/uploads\/2023\/07\/logo_ED.jpg","contentUrl":"https:\/\/www.eldiario.net\/portal\/wp-content\/uploads\/2023\/07\/logo_ED.jpg","width":272,"height":52,"caption":"El Diario - Decano de la prensa nacional"},"image":{"@id":"https:\/\/www.eldiario.net\/portal\/#\/schema\/logo\/image\/"},"sameAs":["https:\/\/www.facebook.com\/eldiario.bolivia\/","https:\/\/x.com\/eldiario_net"]},{"@type":"Person","@id":"https:\/\/www.eldiario.net\/portal\/#\/schema\/person\/f46445640444750d7d753ccd04ae01b7","name":"Jeanette","image":{"@type":"ImageObject","inLanguage":"es","@id":"https:\/\/secure.gravatar.com\/avatar\/3ea2118a5f7dad2b7138b1187a6b7ee55f160b9968b66013c3a3ef39dd7e5798?s=96&d=mm&r=g","url":"https:\/\/secure.gravatar.com\/avatar\/3ea2118a5f7dad2b7138b1187a6b7ee55f160b9968b66013c3a3ef39dd7e5798?s=96&d=mm&r=g","contentUrl":"https:\/\/secure.gravatar.com\/avatar\/3ea2118a5f7dad2b7138b1187a6b7ee55f160b9968b66013c3a3ef39dd7e5798?s=96&d=mm&r=g","caption":"Jeanette"},"sameAs":["https:\/\/www.eldiario.net\/portal"],"url":"https:\/\/www.eldiario.net\/portal\/author\/jeanette\/"}]}},"_links":{"self":[{"href":"https:\/\/www.eldiario.net\/portal\/wp-json\/wp\/v2\/posts\/260883","targetHints":{"allow":["GET"]}}],"collection":[{"href":"https:\/\/www.eldiario.net\/portal\/wp-json\/wp\/v2\/posts"}],"about":[{"href":"https:\/\/www.eldiario.net\/portal\/wp-json\/wp\/v2\/types\/post"}],"author":[{"embeddable":true,"href":"https:\/\/www.eldiario.net\/portal\/wp-json\/wp\/v2\/users\/1"}],"replies":[{"embeddable":true,"href":"https:\/\/www.eldiario.net\/portal\/wp-json\/wp\/v2\/comments?post=260883"}],"version-history":[{"count":1,"href":"https:\/\/www.eldiario.net\/portal\/wp-json\/wp\/v2\/posts\/260883\/revisions"}],"predecessor-version":[{"id":260885,"href":"https:\/\/www.eldiario.net\/portal\/wp-json\/wp\/v2\/posts\/260883\/revisions\/260885"}],"wp:featuredmedia":[{"embeddable":true,"href":"https:\/\/www.eldiario.net\/portal\/wp-json\/wp\/v2\/media\/260884"}],"wp:attachment":[{"href":"https:\/\/www.eldiario.net\/portal\/wp-json\/wp\/v2\/media?parent=260883"}],"wp:term":[{"taxonomy":"category","embeddable":true,"href":"https:\/\/www.eldiario.net\/portal\/wp-json\/wp\/v2\/categories?post=260883"},{"taxonomy":"post_tag","embeddable":true,"href":"https:\/\/www.eldiario.net\/portal\/wp-json\/wp\/v2\/tags?post=260883"}],"curies":[{"name":"wp","href":"https:\/\/api.w.org\/{rel}","templated":true}]}}