{"id":260880,"date":"2024-11-14T05:49:08","date_gmt":"2024-11-14T09:49:08","guid":{"rendered":"https:\/\/www.eldiario.net\/portal\/?p=260880"},"modified":"2024-11-14T05:49:08","modified_gmt":"2024-11-14T09:49:08","slug":"patacamaya-reconocida-como-ciudad-intermedia","status":"publish","type":"post","link":"https:\/\/www.eldiario.net\/portal\/2024\/11\/14\/patacamaya-reconocida-como-ciudad-intermedia\/","title":{"rendered":"Patacamaya reconocida  como ciudad intermedia"},"content":{"rendered":"<p>La Comisi\u00f3n de Organizaci\u00f3n Territorial del Estado y Autonom\u00edas aprob\u00f3 durante la gesti\u00f3n 2023-2024 un total de 15 proyectos de ley en beneficio de las diferentes regiones del pa\u00eds, destac\u00e1ndose la declaratoria de Patacamaya como ciudad intermedia.<\/p>\n<p>Este reconocimiento es un anhelo largamente esperado por los habitantes de Patacamaya. Para atender esta solicitud, la Comisi\u00f3n se traslad\u00f3 al municipio con el fin de aprobar el informe correspondiente.<\/p>\n<p>Bajo la presidencia del diputado Aldo Ra\u00fal Terrazas Rivero, de Comunidad Ciudadana, esta comisi\u00f3n ha llevado a cabo un total de 29 sesiones, enfoc\u00e1ndose en la legislaci\u00f3n, fiscalizaci\u00f3n y gesti\u00f3n territorial, abordando temas complejos como delimitaciones interdepartamentales y disputas territoriales.<\/p>\n<p>El secretario T\u00e9cnico de la Comisi\u00f3n, Mario Boada, inform\u00f3 a EL DIARIO que el n\u00famero de proyectos aprobados supera las cifras inicialmente reportadas por la C\u00e1mara de Diputados.<\/p>\n<p>En total, se enviaron 17 informes de proyectos, de los cuales 16 se refieren a Delimitaci\u00f3n Interdepartamental e Intradepartamental. De estos, 13 ya han sido sancionados como Leyes del Estado y est\u00e1n en proceso de promulgaci\u00f3n, quedando tres m\u00e1s pendientes de consideraci\u00f3n por la plenaria de la C\u00e1mara.<\/p>\n<p>En cuanto a su funci\u00f3n fiscalizadora, la Comisi\u00f3n revis\u00f3 un total de 763 Peticiones de Informe Escrito y 35 Peticiones de Informe Oral dirigidas a diversas autoridades. Sin embargo, el diputado Terrazas lament\u00f3 las respuestas tard\u00edas e insatisfactorias recibidas y destac\u00f3 que solo seis autoridades asistieron a rendir cuentas sobre las peticiones orales. Ante esta situaci\u00f3n, se ha elaborado un proyecto de ley destinado a normar esta labor fiscalizadora y fortalecer el control sobre los actos del poder p\u00fablico.<\/p>\n<p>Finalmente, en el \u00e1mbito de gesti\u00f3n territorial, la Comisi\u00f3n ha atendido varios conflictos espec\u00edficos. Se realizaron inspecciones en \u00e1reas mineras y se llevaron a cabo mesas t\u00e9cnicas y audiencias p\u00fablicas con comunidades afectadas por presuntos abusos por parte de autoridades locales.<\/p>\n","protected":false},"excerpt":{"rendered":"<p>La Comisi\u00f3n de Organizaci\u00f3n Territorial del Estado y Autonom\u00edas aprob\u00f3 durante la gesti\u00f3n 2023-2024 un total de 15 proyectos de ley en beneficio de las diferentes regiones del pa\u00eds, destac\u00e1ndose la declaratoria de Patacamaya como ciudad intermedia. Este reconocimiento es un anhelo largamente esperado por los habitantes de Patacamaya. Para atender esta solicitud, la Comisi\u00f3n [&hellip;]<\/p>\n","protected":false},"author":1,"featured_media":260881,"comment_status":"closed","ping_status":"open","sticky":false,"template":"","format":"standard","meta":{"_acf_changed":false,"footnotes":""},"categories":[12],"tags":[],"class_list":["post-260880","post","type-post","status-publish","format-standard","has-post-thumbnail","category-nacional"],"acf":{"antetitulo":""},"yoast_head":"<!-- This site is optimized with the Yoast SEO plugin v28.3 - https:\/\/yoast.com\/product\/yoast-seo-wordpress\/ -->\n<title>Patacamaya reconocida como ciudad intermedia - El Diario - Bolivia<\/title>\n<meta name=\"robots\" content=\"index, follow, max-snippet:-1, max-image-preview:large, max-video-preview:-1\" \/>\n<link rel=\"canonical\" href=\"https:\/\/www.eldiario.net\/portal\/2024\/11\/14\/patacamaya-reconocida-como-ciudad-intermedia\/\" \/>\n<meta property=\"og:locale\" content=\"es_ES\" \/>\n<meta property=\"og:type\" content=\"article\" \/>\n<meta property=\"og:title\" content=\"Patacamaya reconocida como ciudad intermedia - El Diario - Bolivia\" \/>\n<meta property=\"og:description\" content=\"La Comisi\u00f3n de Organizaci\u00f3n Territorial del Estado y Autonom\u00edas aprob\u00f3 durante la gesti\u00f3n 2023-2024 un total de 15 proyectos de ley en beneficio de las diferentes regiones del pa\u00eds, destac\u00e1ndose la declaratoria de Patacamaya como ciudad intermedia. Este reconocimiento es un anhelo largamente esperado por los habitantes de Patacamaya. Para atender esta solicitud, la Comisi\u00f3n [&hellip;]\" \/>\n<meta property=\"og:url\" content=\"https:\/\/www.eldiario.net\/portal\/2024\/11\/14\/patacamaya-reconocida-como-ciudad-intermedia\/\" \/>\n<meta property=\"og:site_name\" content=\"El Diario - Bolivia\" \/>\n<meta property=\"article:publisher\" content=\"https:\/\/www.facebook.com\/eldiario.bolivia\/\" \/>\n<meta property=\"article:published_time\" content=\"2024-11-14T09:49:08+00:00\" \/>\n<meta property=\"og:image\" content=\"https:\/\/www.eldiario.net\/portal\/wp-content\/uploads\/2024\/11\/TIERRA-FOTO.jpg\" \/>\n\t<meta property=\"og:image:width\" content=\"1200\" \/>\n\t<meta property=\"og:image:height\" content=\"540\" \/>\n\t<meta property=\"og:image:type\" content=\"image\/jpeg\" \/>\n<meta name=\"author\" content=\"Jeanette\" \/>\n<meta name=\"twitter:card\" content=\"summary_large_image\" \/>\n<meta name=\"twitter:creator\" content=\"@eldiario_net\" \/>\n<meta name=\"twitter:site\" content=\"@eldiario_net\" \/>\n<meta name=\"twitter:label1\" content=\"Escrito por\" \/>\n\t<meta name=\"twitter:data1\" content=\"Jeanette\" \/>\n\t<meta name=\"twitter:label2\" content=\"Tiempo de lectura\" \/>\n\t<meta name=\"twitter:data2\" content=\"2 minutos\" \/>\n<script type=\"application\/ld+json\" class=\"yoast-schema-graph\">{\"@context\":\"https:\\\/\\\/schema.org\",\"@graph\":[{\"@type\":\"Article\",\"@id\":\"https:\\\/\\\/www.eldiario.net\\\/portal\\\/2024\\\/11\\\/14\\\/patacamaya-reconocida-como-ciudad-intermedia\\\/#article\",\"isPartOf\":{\"@id\":\"https:\\\/\\\/www.eldiario.net\\\/portal\\\/2024\\\/11\\\/14\\\/patacamaya-reconocida-como-ciudad-intermedia\\\/\"},\"author\":{\"name\":\"Jeanette\",\"@id\":\"https:\\\/\\\/www.eldiario.net\\\/portal\\\/#\\\/schema\\\/person\\\/f46445640444750d7d753ccd04ae01b7\"},\"headline\":\"Patacamaya reconocida como ciudad intermedia\",\"datePublished\":\"2024-11-14T09:49:08+00:00\",\"mainEntityOfPage\":{\"@id\":\"https:\\\/\\\/www.eldiario.net\\\/portal\\\/2024\\\/11\\\/14\\\/patacamaya-reconocida-como-ciudad-intermedia\\\/\"},\"wordCount\":334,\"publisher\":{\"@id\":\"https:\\\/\\\/www.eldiario.net\\\/portal\\\/#organization\"},\"image\":{\"@id\":\"https:\\\/\\\/www.eldiario.net\\\/portal\\\/2024\\\/11\\\/14\\\/patacamaya-reconocida-como-ciudad-intermedia\\\/#primaryimage\"},\"thumbnailUrl\":\"https:\\\/\\\/www.eldiario.net\\\/portal\\\/wp-content\\\/uploads\\\/2024\\\/11\\\/TIERRA-FOTO.jpg\",\"articleSection\":[\"Nacional\"],\"inLanguage\":\"es\"},{\"@type\":\"WebPage\",\"@id\":\"https:\\\/\\\/www.eldiario.net\\\/portal\\\/2024\\\/11\\\/14\\\/patacamaya-reconocida-como-ciudad-intermedia\\\/\",\"url\":\"https:\\\/\\\/www.eldiario.net\\\/portal\\\/2024\\\/11\\\/14\\\/patacamaya-reconocida-como-ciudad-intermedia\\\/\",\"name\":\"Patacamaya reconocida como ciudad intermedia - El Diario - Bolivia\",\"isPartOf\":{\"@id\":\"https:\\\/\\\/www.eldiario.net\\\/portal\\\/#website\"},\"primaryImageOfPage\":{\"@id\":\"https:\\\/\\\/www.eldiario.net\\\/portal\\\/2024\\\/11\\\/14\\\/patacamaya-reconocida-como-ciudad-intermedia\\\/#primaryimage\"},\"image\":{\"@id\":\"https:\\\/\\\/www.eldiario.net\\\/portal\\\/2024\\\/11\\\/14\\\/patacamaya-reconocida-como-ciudad-intermedia\\\/#primaryimage\"},\"thumbnailUrl\":\"https:\\\/\\\/www.eldiario.net\\\/portal\\\/wp-content\\\/uploads\\\/2024\\\/11\\\/TIERRA-FOTO.jpg\",\"datePublished\":\"2024-11-14T09:49:08+00:00\",\"breadcrumb\":{\"@id\":\"https:\\\/\\\/www.eldiario.net\\\/portal\\\/2024\\\/11\\\/14\\\/patacamaya-reconocida-como-ciudad-intermedia\\\/#breadcrumb\"},\"inLanguage\":\"es\",\"potentialAction\":[{\"@type\":\"ReadAction\",\"target\":[\"https:\\\/\\\/www.eldiario.net\\\/portal\\\/2024\\\/11\\\/14\\\/patacamaya-reconocida-como-ciudad-intermedia\\\/\"]}]},{\"@type\":\"ImageObject\",\"inLanguage\":\"es\",\"@id\":\"https:\\\/\\\/www.eldiario.net\\\/portal\\\/2024\\\/11\\\/14\\\/patacamaya-reconocida-como-ciudad-intermedia\\\/#primaryimage\",\"url\":\"https:\\\/\\\/www.eldiario.net\\\/portal\\\/wp-content\\\/uploads\\\/2024\\\/11\\\/TIERRA-FOTO.jpg\",\"contentUrl\":\"https:\\\/\\\/www.eldiario.net\\\/portal\\\/wp-content\\\/uploads\\\/2024\\\/11\\\/TIERRA-FOTO.jpg\",\"width\":1200,\"height\":540,\"caption\":\"INTEGRANTES DE LA COMISI\u00d3N EN SESI\u00d3N EN EL MUNICIPIO DE PATACAMAYA. FOTO: COMISI\u00d3N DE ORGANIZACI\u00d3N TERRITORIAL\"},{\"@type\":\"BreadcrumbList\",\"@id\":\"https:\\\/\\\/www.eldiario.net\\\/portal\\\/2024\\\/11\\\/14\\\/patacamaya-reconocida-como-ciudad-intermedia\\\/#breadcrumb\",\"itemListElement\":[{\"@type\":\"ListItem\",\"position\":1,\"name\":\"Portada\",\"item\":\"https:\\\/\\\/www.eldiario.net\\\/portal\\\/\"},{\"@type\":\"ListItem\",\"position\":2,\"name\":\"Patacamaya reconocida como ciudad intermedia\"}]},{\"@type\":\"WebSite\",\"@id\":\"https:\\\/\\\/www.eldiario.net\\\/portal\\\/#website\",\"url\":\"https:\\\/\\\/www.eldiario.net\\\/portal\\\/\",\"name\":\"El Diario - Decano de la prensa nacional\",\"description\":\"El Diario - Decano de la prensa nacional\",\"publisher\":{\"@id\":\"https:\\\/\\\/www.eldiario.net\\\/portal\\\/#organization\"},\"potentialAction\":[{\"@type\":\"SearchAction\",\"target\":{\"@type\":\"EntryPoint\",\"urlTemplate\":\"https:\\\/\\\/www.eldiario.net\\\/portal\\\/?s={search_term_string}\"},\"query-input\":{\"@type\":\"PropertyValueSpecification\",\"valueRequired\":true,\"valueName\":\"search_term_string\"}}],\"inLanguage\":\"es\"},{\"@type\":\"Organization\",\"@id\":\"https:\\\/\\\/www.eldiario.net\\\/portal\\\/#organization\",\"name\":\"El Diario - Decano de la prensa nacional\",\"url\":\"https:\\\/\\\/www.eldiario.net\\\/portal\\\/\",\"logo\":{\"@type\":\"ImageObject\",\"inLanguage\":\"es\",\"@id\":\"https:\\\/\\\/www.eldiario.net\\\/portal\\\/#\\\/schema\\\/logo\\\/image\\\/\",\"url\":\"https:\\\/\\\/www.eldiario.net\\\/portal\\\/wp-content\\\/uploads\\\/2023\\\/07\\\/logo_ED.jpg\",\"contentUrl\":\"https:\\\/\\\/www.eldiario.net\\\/portal\\\/wp-content\\\/uploads\\\/2023\\\/07\\\/logo_ED.jpg\",\"width\":272,\"height\":52,\"caption\":\"El Diario - Decano de la prensa nacional\"},\"image\":{\"@id\":\"https:\\\/\\\/www.eldiario.net\\\/portal\\\/#\\\/schema\\\/logo\\\/image\\\/\"},\"sameAs\":[\"https:\\\/\\\/www.facebook.com\\\/eldiario.bolivia\\\/\",\"https:\\\/\\\/x.com\\\/eldiario_net\"]},{\"@type\":\"Person\",\"@id\":\"https:\\\/\\\/www.eldiario.net\\\/portal\\\/#\\\/schema\\\/person\\\/f46445640444750d7d753ccd04ae01b7\",\"name\":\"Jeanette\",\"image\":{\"@type\":\"ImageObject\",\"inLanguage\":\"es\",\"@id\":\"https:\\\/\\\/secure.gravatar.com\\\/avatar\\\/3ea2118a5f7dad2b7138b1187a6b7ee55f160b9968b66013c3a3ef39dd7e5798?s=96&d=mm&r=g\",\"url\":\"https:\\\/\\\/secure.gravatar.com\\\/avatar\\\/3ea2118a5f7dad2b7138b1187a6b7ee55f160b9968b66013c3a3ef39dd7e5798?s=96&d=mm&r=g\",\"contentUrl\":\"https:\\\/\\\/secure.gravatar.com\\\/avatar\\\/3ea2118a5f7dad2b7138b1187a6b7ee55f160b9968b66013c3a3ef39dd7e5798?s=96&d=mm&r=g\",\"caption\":\"Jeanette\"},\"sameAs\":[\"https:\\\/\\\/www.eldiario.net\\\/portal\"],\"url\":\"https:\\\/\\\/www.eldiario.net\\\/portal\\\/author\\\/jeanette\\\/\"}]}<\/script>\n<!-- \/ Yoast SEO plugin. -->","yoast_head_json":{"title":"Patacamaya reconocida como ciudad intermedia - El Diario - Bolivia","robots":{"index":"index","follow":"follow","max-snippet":"max-snippet:-1","max-image-preview":"max-image-preview:large","max-video-preview":"max-video-preview:-1"},"canonical":"https:\/\/www.eldiario.net\/portal\/2024\/11\/14\/patacamaya-reconocida-como-ciudad-intermedia\/","og_locale":"es_ES","og_type":"article","og_title":"Patacamaya reconocida como ciudad intermedia - El Diario - Bolivia","og_description":"La Comisi\u00f3n de Organizaci\u00f3n Territorial del Estado y Autonom\u00edas aprob\u00f3 durante la gesti\u00f3n 2023-2024 un total de 15 proyectos de ley en beneficio de las diferentes regiones del pa\u00eds, destac\u00e1ndose la declaratoria de Patacamaya como ciudad intermedia. Este reconocimiento es un anhelo largamente esperado por los habitantes de Patacamaya. Para atender esta solicitud, la Comisi\u00f3n [&hellip;]","og_url":"https:\/\/www.eldiario.net\/portal\/2024\/11\/14\/patacamaya-reconocida-como-ciudad-intermedia\/","og_site_name":"El Diario - Bolivia","article_publisher":"https:\/\/www.facebook.com\/eldiario.bolivia\/","article_published_time":"2024-11-14T09:49:08+00:00","og_image":[{"width":1200,"height":540,"url":"https:\/\/www.eldiario.net\/portal\/wp-content\/uploads\/2024\/11\/TIERRA-FOTO.jpg","type":"image\/jpeg"}],"author":"Jeanette","twitter_card":"summary_large_image","twitter_creator":"@eldiario_net","twitter_site":"@eldiario_net","twitter_misc":{"Escrito por":"Jeanette","Tiempo de lectura":"2 minutos"},"schema":{"@context":"https:\/\/schema.org","@graph":[{"@type":"Article","@id":"https:\/\/www.eldiario.net\/portal\/2024\/11\/14\/patacamaya-reconocida-como-ciudad-intermedia\/#article","isPartOf":{"@id":"https:\/\/www.eldiario.net\/portal\/2024\/11\/14\/patacamaya-reconocida-como-ciudad-intermedia\/"},"author":{"name":"Jeanette","@id":"https:\/\/www.eldiario.net\/portal\/#\/schema\/person\/f46445640444750d7d753ccd04ae01b7"},"headline":"Patacamaya reconocida como ciudad intermedia","datePublished":"2024-11-14T09:49:08+00:00","mainEntityOfPage":{"@id":"https:\/\/www.eldiario.net\/portal\/2024\/11\/14\/patacamaya-reconocida-como-ciudad-intermedia\/"},"wordCount":334,"publisher":{"@id":"https:\/\/www.eldiario.net\/portal\/#organization"},"image":{"@id":"https:\/\/www.eldiario.net\/portal\/2024\/11\/14\/patacamaya-reconocida-como-ciudad-intermedia\/#primaryimage"},"thumbnailUrl":"https:\/\/www.eldiario.net\/portal\/wp-content\/uploads\/2024\/11\/TIERRA-FOTO.jpg","articleSection":["Nacional"],"inLanguage":"es"},{"@type":"WebPage","@id":"https:\/\/www.eldiario.net\/portal\/2024\/11\/14\/patacamaya-reconocida-como-ciudad-intermedia\/","url":"https:\/\/www.eldiario.net\/portal\/2024\/11\/14\/patacamaya-reconocida-como-ciudad-intermedia\/","name":"Patacamaya reconocida como ciudad intermedia - El Diario - Bolivia","isPartOf":{"@id":"https:\/\/www.eldiario.net\/portal\/#website"},"primaryImageOfPage":{"@id":"https:\/\/www.eldiario.net\/portal\/2024\/11\/14\/patacamaya-reconocida-como-ciudad-intermedia\/#primaryimage"},"image":{"@id":"https:\/\/www.eldiario.net\/portal\/2024\/11\/14\/patacamaya-reconocida-como-ciudad-intermedia\/#primaryimage"},"thumbnailUrl":"https:\/\/www.eldiario.net\/portal\/wp-content\/uploads\/2024\/11\/TIERRA-FOTO.jpg","datePublished":"2024-11-14T09:49:08+00:00","breadcrumb":{"@id":"https:\/\/www.eldiario.net\/portal\/2024\/11\/14\/patacamaya-reconocida-como-ciudad-intermedia\/#breadcrumb"},"inLanguage":"es","potentialAction":[{"@type":"ReadAction","target":["https:\/\/www.eldiario.net\/portal\/2024\/11\/14\/patacamaya-reconocida-como-ciudad-intermedia\/"]}]},{"@type":"ImageObject","inLanguage":"es","@id":"https:\/\/www.eldiario.net\/portal\/2024\/11\/14\/patacamaya-reconocida-como-ciudad-intermedia\/#primaryimage","url":"https:\/\/www.eldiario.net\/portal\/wp-content\/uploads\/2024\/11\/TIERRA-FOTO.jpg","contentUrl":"https:\/\/www.eldiario.net\/portal\/wp-content\/uploads\/2024\/11\/TIERRA-FOTO.jpg","width":1200,"height":540,"caption":"INTEGRANTES DE LA COMISI\u00d3N EN SESI\u00d3N EN EL MUNICIPIO DE PATACAMAYA. FOTO: COMISI\u00d3N DE ORGANIZACI\u00d3N TERRITORIAL"},{"@type":"BreadcrumbList","@id":"https:\/\/www.eldiario.net\/portal\/2024\/11\/14\/patacamaya-reconocida-como-ciudad-intermedia\/#breadcrumb","itemListElement":[{"@type":"ListItem","position":1,"name":"Portada","item":"https:\/\/www.eldiario.net\/portal\/"},{"@type":"ListItem","position":2,"name":"Patacamaya reconocida como ciudad intermedia"}]},{"@type":"WebSite","@id":"https:\/\/www.eldiario.net\/portal\/#website","url":"https:\/\/www.eldiario.net\/portal\/","name":"El Diario - Decano de la prensa nacional","description":"El Diario - Decano de la prensa nacional","publisher":{"@id":"https:\/\/www.eldiario.net\/portal\/#organization"},"potentialAction":[{"@type":"SearchAction","target":{"@type":"EntryPoint","urlTemplate":"https:\/\/www.eldiario.net\/portal\/?s={search_term_string}"},"query-input":{"@type":"PropertyValueSpecification","valueRequired":true,"valueName":"search_term_string"}}],"inLanguage":"es"},{"@type":"Organization","@id":"https:\/\/www.eldiario.net\/portal\/#organization","name":"El Diario - Decano de la prensa nacional","url":"https:\/\/www.eldiario.net\/portal\/","logo":{"@type":"ImageObject","inLanguage":"es","@id":"https:\/\/www.eldiario.net\/portal\/#\/schema\/logo\/image\/","url":"https:\/\/www.eldiario.net\/portal\/wp-content\/uploads\/2023\/07\/logo_ED.jpg","contentUrl":"https:\/\/www.eldiario.net\/portal\/wp-content\/uploads\/2023\/07\/logo_ED.jpg","width":272,"height":52,"caption":"El Diario - Decano de la prensa nacional"},"image":{"@id":"https:\/\/www.eldiario.net\/portal\/#\/schema\/logo\/image\/"},"sameAs":["https:\/\/www.facebook.com\/eldiario.bolivia\/","https:\/\/x.com\/eldiario_net"]},{"@type":"Person","@id":"https:\/\/www.eldiario.net\/portal\/#\/schema\/person\/f46445640444750d7d753ccd04ae01b7","name":"Jeanette","image":{"@type":"ImageObject","inLanguage":"es","@id":"https:\/\/secure.gravatar.com\/avatar\/3ea2118a5f7dad2b7138b1187a6b7ee55f160b9968b66013c3a3ef39dd7e5798?s=96&d=mm&r=g","url":"https:\/\/secure.gravatar.com\/avatar\/3ea2118a5f7dad2b7138b1187a6b7ee55f160b9968b66013c3a3ef39dd7e5798?s=96&d=mm&r=g","contentUrl":"https:\/\/secure.gravatar.com\/avatar\/3ea2118a5f7dad2b7138b1187a6b7ee55f160b9968b66013c3a3ef39dd7e5798?s=96&d=mm&r=g","caption":"Jeanette"},"sameAs":["https:\/\/www.eldiario.net\/portal"],"url":"https:\/\/www.eldiario.net\/portal\/author\/jeanette\/"}]}},"_links":{"self":[{"href":"https:\/\/www.eldiario.net\/portal\/wp-json\/wp\/v2\/posts\/260880","targetHints":{"allow":["GET"]}}],"collection":[{"href":"https:\/\/www.eldiario.net\/portal\/wp-json\/wp\/v2\/posts"}],"about":[{"href":"https:\/\/www.eldiario.net\/portal\/wp-json\/wp\/v2\/types\/post"}],"author":[{"embeddable":true,"href":"https:\/\/www.eldiario.net\/portal\/wp-json\/wp\/v2\/users\/1"}],"replies":[{"embeddable":true,"href":"https:\/\/www.eldiario.net\/portal\/wp-json\/wp\/v2\/comments?post=260880"}],"version-history":[{"count":1,"href":"https:\/\/www.eldiario.net\/portal\/wp-json\/wp\/v2\/posts\/260880\/revisions"}],"predecessor-version":[{"id":260882,"href":"https:\/\/www.eldiario.net\/portal\/wp-json\/wp\/v2\/posts\/260880\/revisions\/260882"}],"wp:featuredmedia":[{"embeddable":true,"href":"https:\/\/www.eldiario.net\/portal\/wp-json\/wp\/v2\/media\/260881"}],"wp:attachment":[{"href":"https:\/\/www.eldiario.net\/portal\/wp-json\/wp\/v2\/media?parent=260880"}],"wp:term":[{"taxonomy":"category","embeddable":true,"href":"https:\/\/www.eldiario.net\/portal\/wp-json\/wp\/v2\/categories?post=260880"},{"taxonomy":"post_tag","embeddable":true,"href":"https:\/\/www.eldiario.net\/portal\/wp-json\/wp\/v2\/tags?post=260880"}],"curies":[{"name":"wp","href":"https:\/\/api.w.org\/{rel}","templated":true}]}}