{"id":260877,"date":"2024-11-14T05:48:36","date_gmt":"2024-11-14T09:48:36","guid":{"rendered":"https:\/\/www.eldiario.net\/portal\/?p=260877"},"modified":"2024-11-14T05:48:36","modified_gmt":"2024-11-14T09:48:36","slug":"organizadores-de-concurso-el-habla-camba-destacan-rescate-de-la-identidad-de-santa-cruz","status":"publish","type":"post","link":"https:\/\/www.eldiario.net\/portal\/2024\/11\/14\/organizadores-de-concurso-el-habla-camba-destacan-rescate-de-la-identidad-de-santa-cruz\/","title":{"rendered":"Organizadores de concurso \u201cEl Habla Camba\u201d  destacan rescate de la identidad de Santa Cruz"},"content":{"rendered":"<p>Los organizadores del concurso \u201cEl Habla Camba\u201d destacaron su realizaci\u00f3n debido a que fue una oportunidad para rescatar los valores t\u00edpicos del departamento de Santa Cruz.<\/p>\n<p>En el Centro de Educaci\u00f3n Ambiental (CEA) ayer se llev\u00f3 a cabo la final del concurso intercolegial \u201cEl Habla Camba\u201d y en el mismo acto se premi\u00f3 a los ganadores, que fueron las unidades educativas: Liceo de Se\u00f1oritas Obispo Santisteban, R\u00edo Nuevo y Bautista Boliviano Brasile\u00f1o.<\/p>\n<p>El acto cont\u00f3 con la presencia de autoridades de la Gobernaci\u00f3n y el rector de Unifranz, Carlos Dabdoub Arrien, universidad privada coorganizadora del evento.<\/p>\n<p>En la oportunidad, los organizadores felicitaron la presencia de Dabdoub, por su labor por Santa Cruz como profesional y ex presidente c\u00edvico, y destacaron el \u00e9xito rotundo de este concurso que rescata los valores de Santa Cruz, en especial del habla t\u00edpica del cruce\u00f1o.<\/p>\n<p>La secretaria de Desarrollo Sostenible y Medio Ambiente, Patricia Su\u00e1rez, en representaci\u00f3n de la Direcci\u00f3n de Turismo y Cultura, enfatiz\u00f3 que es la primera vez que se lleva este tipo de concurso en el departamento de Santa Cruz, a objeto de promover y revalorizar el lenguaje t\u00edpico de la regi\u00f3n.<\/p>\n<p>Valor\u00f3 la participaci\u00f3n, el esfuerzo y compromiso de los estudiantes, tanto con sus colegios como con Santa Cruz, en promover la cultura y rescatar la jerga del habla cruce\u00f1a, e igualmente extendi\u00f3 su agradecimiento a los padres y profesores que incentivaron a los participantes en todo el transcurso de la competencia.<\/p>\n<p>Espera que se den estas mismas actividades para replicar la jerga cruce\u00f1a.<\/p>\n<p>Posteriormente, la secretaria de Gesti\u00f3n Institucional, Patricia Viera, a nombre del gobernador en ejercicio Mario Aguilera, expres\u00f3 el firme compromiso del Gobierno Aut\u00f3nomo Departamental de Santa Cruz con la cultura y educaci\u00f3n.<\/p>\n<p>Por lo tanto, las autoridades est\u00e1n para apoyar estas iniciativas que fortalecen las tradiciones, y en este caso, la forma de hablar de los cruce\u00f1os.<\/p>\n<p>Afirm\u00f3 que esta final de la primera edici\u00f3n del Habla Camba ha marcado un hito importante en la recuperaci\u00f3n de la rica herencia cultural Santa Cruz, cuyo \u00e9xito rotundo se ha dado por la participaci\u00f3n de los estudiantes con el apoyo de sus padres y profesores, que pusieron en alto el valor de la lengua y las tradiciones.<\/p>\n<p>\u201cEsta identidad cruce\u00f1a nos une como pueblos. Ustedes j\u00f3venes de Santa Cruz est\u00e1n demostrando que el habla camba no solo es parte de nuestra historia, sino tambi\u00e9n que es una herramienta poderosa para seguir construyendo nuestra identidad en el futuro\u201d, puntualiz\u00f3 la autoridad, dejando en claro que este concurso no fue una competencia, sino una celebraci\u00f3n que se llev\u00f3 a cabo con alegr\u00eda entre los participantes.<\/p>\n<p>Por su parte, el rector de la Unifranz, Carlos Dabdoub Arrien, emocionado, coincidi\u00f3 que la caracter\u00edstica de este concurso no fue solo de ganar, o de conocer palabras cruce\u00f1as, sino de rescatar la identidad del ser cruce\u00f1o e interpretar la historia y el futuro de Santa Cruz.<\/p>\n<p>En este sentido, el habla camba constituye el autoestima para identificarse como cruce\u00f1o. \u201cNo hay que avergonzarse de hablar como somos; al contrario, hay que sentirse orgullosos. A todos ustedes les invoco a que sigan manteniendo la fe inquebrantable de pensar y de hablar como somos\u201d, expres\u00f3.<\/p>\n<p>Y puso el reto de seguir hablando as\u00ed hasta el a\u00f1o 2061, cuando se cumplir\u00e1n los 500 a\u00f1os de la Fundaci\u00f3n de Santa Cruz, que significan 500 a\u00f1os de lucha contra el centralismo que siempre ha querido ahogar a este departamento.<\/p>\n<p>Los representantes del jurado calificador, entre los que integraban el youtuber Mario Roca, conocido como \u201cEl Profe Mario\u201d y el actor Ferdy Ayala, indicaron que para la elecci\u00f3n de los colegios ganadores se valor\u00f3 no solo que los estudiantes conozcan las palabras cambas, sino que las asocien a una conversaci\u00f3n sobre un acto o suceso, sea narrado o teatralizado. (Santa Cruz, agencias)<\/p>\n","protected":false},"excerpt":{"rendered":"<p>Los organizadores del concurso \u201cEl Habla Camba\u201d destacaron su realizaci\u00f3n debido a que fue una oportunidad para rescatar los valores t\u00edpicos del departamento de Santa Cruz. En el Centro de Educaci\u00f3n Ambiental (CEA) ayer se llev\u00f3 a cabo la final del concurso intercolegial \u201cEl Habla Camba\u201d y en el mismo acto se premi\u00f3 a los [&hellip;]<\/p>\n","protected":false},"author":1,"featured_media":260878,"comment_status":"closed","ping_status":"open","sticky":false,"template":"","format":"standard","meta":{"_acf_changed":false,"footnotes":""},"categories":[12],"tags":[],"class_list":["post-260877","post","type-post","status-publish","format-standard","has-post-thumbnail","category-nacional"],"acf":{"antetitulo":""},"yoast_head":"<!-- This site is optimized with the Yoast SEO plugin v28.3 - https:\/\/yoast.com\/product\/yoast-seo-wordpress\/ -->\n<title>Organizadores de concurso \u201cEl Habla Camba\u201d destacan rescate de la identidad de Santa Cruz - El Diario - Bolivia<\/title>\n<meta name=\"robots\" content=\"index, follow, max-snippet:-1, max-image-preview:large, max-video-preview:-1\" \/>\n<link rel=\"canonical\" href=\"https:\/\/www.eldiario.net\/portal\/2024\/11\/14\/organizadores-de-concurso-el-habla-camba-destacan-rescate-de-la-identidad-de-santa-cruz\/\" \/>\n<meta property=\"og:locale\" content=\"es_ES\" \/>\n<meta property=\"og:type\" content=\"article\" \/>\n<meta property=\"og:title\" content=\"Organizadores de concurso \u201cEl Habla Camba\u201d destacan rescate de la identidad de Santa Cruz - El Diario - Bolivia\" \/>\n<meta property=\"og:description\" content=\"Los organizadores del concurso \u201cEl Habla Camba\u201d destacaron su realizaci\u00f3n debido a que fue una oportunidad para rescatar los valores t\u00edpicos del departamento de Santa Cruz. En el Centro de Educaci\u00f3n Ambiental (CEA) ayer se llev\u00f3 a cabo la final del concurso intercolegial \u201cEl Habla Camba\u201d y en el mismo acto se premi\u00f3 a los [&hellip;]\" \/>\n<meta property=\"og:url\" content=\"https:\/\/www.eldiario.net\/portal\/2024\/11\/14\/organizadores-de-concurso-el-habla-camba-destacan-rescate-de-la-identidad-de-santa-cruz\/\" \/>\n<meta property=\"og:site_name\" content=\"El Diario - Bolivia\" \/>\n<meta property=\"article:publisher\" content=\"https:\/\/www.facebook.com\/eldiario.bolivia\/\" \/>\n<meta property=\"article:published_time\" content=\"2024-11-14T09:48:36+00:00\" \/>\n<meta property=\"og:image\" content=\"https:\/\/www.eldiario.net\/portal\/wp-content\/uploads\/2024\/11\/UNION-FOTO.jpg\" \/>\n\t<meta property=\"og:image:width\" content=\"1200\" \/>\n\t<meta property=\"og:image:height\" content=\"800\" \/>\n\t<meta property=\"og:image:type\" content=\"image\/jpeg\" \/>\n<meta name=\"author\" content=\"Jeanette\" \/>\n<meta name=\"twitter:card\" content=\"summary_large_image\" \/>\n<meta name=\"twitter:creator\" content=\"@eldiario_net\" \/>\n<meta name=\"twitter:site\" content=\"@eldiario_net\" \/>\n<meta name=\"twitter:label1\" content=\"Escrito por\" \/>\n\t<meta name=\"twitter:data1\" content=\"Jeanette\" \/>\n\t<meta name=\"twitter:label2\" content=\"Tiempo de lectura\" \/>\n\t<meta name=\"twitter:data2\" content=\"3 minutos\" \/>\n<script type=\"application\/ld+json\" class=\"yoast-schema-graph\">{\"@context\":\"https:\\\/\\\/schema.org\",\"@graph\":[{\"@type\":\"Article\",\"@id\":\"https:\\\/\\\/www.eldiario.net\\\/portal\\\/2024\\\/11\\\/14\\\/organizadores-de-concurso-el-habla-camba-destacan-rescate-de-la-identidad-de-santa-cruz\\\/#article\",\"isPartOf\":{\"@id\":\"https:\\\/\\\/www.eldiario.net\\\/portal\\\/2024\\\/11\\\/14\\\/organizadores-de-concurso-el-habla-camba-destacan-rescate-de-la-identidad-de-santa-cruz\\\/\"},\"author\":{\"name\":\"Jeanette\",\"@id\":\"https:\\\/\\\/www.eldiario.net\\\/portal\\\/#\\\/schema\\\/person\\\/f46445640444750d7d753ccd04ae01b7\"},\"headline\":\"Organizadores de concurso \u201cEl Habla Camba\u201d destacan rescate de la identidad de Santa Cruz\",\"datePublished\":\"2024-11-14T09:48:36+00:00\",\"mainEntityOfPage\":{\"@id\":\"https:\\\/\\\/www.eldiario.net\\\/portal\\\/2024\\\/11\\\/14\\\/organizadores-de-concurso-el-habla-camba-destacan-rescate-de-la-identidad-de-santa-cruz\\\/\"},\"wordCount\":685,\"publisher\":{\"@id\":\"https:\\\/\\\/www.eldiario.net\\\/portal\\\/#organization\"},\"image\":{\"@id\":\"https:\\\/\\\/www.eldiario.net\\\/portal\\\/2024\\\/11\\\/14\\\/organizadores-de-concurso-el-habla-camba-destacan-rescate-de-la-identidad-de-santa-cruz\\\/#primaryimage\"},\"thumbnailUrl\":\"https:\\\/\\\/www.eldiario.net\\\/portal\\\/wp-content\\\/uploads\\\/2024\\\/11\\\/UNION-FOTO.jpg\",\"articleSection\":[\"Nacional\"],\"inLanguage\":\"es\"},{\"@type\":\"WebPage\",\"@id\":\"https:\\\/\\\/www.eldiario.net\\\/portal\\\/2024\\\/11\\\/14\\\/organizadores-de-concurso-el-habla-camba-destacan-rescate-de-la-identidad-de-santa-cruz\\\/\",\"url\":\"https:\\\/\\\/www.eldiario.net\\\/portal\\\/2024\\\/11\\\/14\\\/organizadores-de-concurso-el-habla-camba-destacan-rescate-de-la-identidad-de-santa-cruz\\\/\",\"name\":\"Organizadores de concurso \u201cEl Habla Camba\u201d destacan rescate de la identidad de Santa Cruz - El Diario - Bolivia\",\"isPartOf\":{\"@id\":\"https:\\\/\\\/www.eldiario.net\\\/portal\\\/#website\"},\"primaryImageOfPage\":{\"@id\":\"https:\\\/\\\/www.eldiario.net\\\/portal\\\/2024\\\/11\\\/14\\\/organizadores-de-concurso-el-habla-camba-destacan-rescate-de-la-identidad-de-santa-cruz\\\/#primaryimage\"},\"image\":{\"@id\":\"https:\\\/\\\/www.eldiario.net\\\/portal\\\/2024\\\/11\\\/14\\\/organizadores-de-concurso-el-habla-camba-destacan-rescate-de-la-identidad-de-santa-cruz\\\/#primaryimage\"},\"thumbnailUrl\":\"https:\\\/\\\/www.eldiario.net\\\/portal\\\/wp-content\\\/uploads\\\/2024\\\/11\\\/UNION-FOTO.jpg\",\"datePublished\":\"2024-11-14T09:48:36+00:00\",\"breadcrumb\":{\"@id\":\"https:\\\/\\\/www.eldiario.net\\\/portal\\\/2024\\\/11\\\/14\\\/organizadores-de-concurso-el-habla-camba-destacan-rescate-de-la-identidad-de-santa-cruz\\\/#breadcrumb\"},\"inLanguage\":\"es\",\"potentialAction\":[{\"@type\":\"ReadAction\",\"target\":[\"https:\\\/\\\/www.eldiario.net\\\/portal\\\/2024\\\/11\\\/14\\\/organizadores-de-concurso-el-habla-camba-destacan-rescate-de-la-identidad-de-santa-cruz\\\/\"]}]},{\"@type\":\"ImageObject\",\"inLanguage\":\"es\",\"@id\":\"https:\\\/\\\/www.eldiario.net\\\/portal\\\/2024\\\/11\\\/14\\\/organizadores-de-concurso-el-habla-camba-destacan-rescate-de-la-identidad-de-santa-cruz\\\/#primaryimage\",\"url\":\"https:\\\/\\\/www.eldiario.net\\\/portal\\\/wp-content\\\/uploads\\\/2024\\\/11\\\/UNION-FOTO.jpg\",\"contentUrl\":\"https:\\\/\\\/www.eldiario.net\\\/portal\\\/wp-content\\\/uploads\\\/2024\\\/11\\\/UNION-FOTO.jpg\",\"width\":1200,\"height\":800,\"caption\":\"ENTREGA DE PREMIOS DEL CONCURSO \u201cEL HABLA CAMBA\u201d. FOTO: GSTC\"},{\"@type\":\"BreadcrumbList\",\"@id\":\"https:\\\/\\\/www.eldiario.net\\\/portal\\\/2024\\\/11\\\/14\\\/organizadores-de-concurso-el-habla-camba-destacan-rescate-de-la-identidad-de-santa-cruz\\\/#breadcrumb\",\"itemListElement\":[{\"@type\":\"ListItem\",\"position\":1,\"name\":\"Portada\",\"item\":\"https:\\\/\\\/www.eldiario.net\\\/portal\\\/\"},{\"@type\":\"ListItem\",\"position\":2,\"name\":\"Organizadores de concurso \u201cEl Habla Camba\u201d destacan rescate de la identidad de Santa Cruz\"}]},{\"@type\":\"WebSite\",\"@id\":\"https:\\\/\\\/www.eldiario.net\\\/portal\\\/#website\",\"url\":\"https:\\\/\\\/www.eldiario.net\\\/portal\\\/\",\"name\":\"El Diario - Decano de la prensa nacional\",\"description\":\"El Diario - Decano de la prensa nacional\",\"publisher\":{\"@id\":\"https:\\\/\\\/www.eldiario.net\\\/portal\\\/#organization\"},\"potentialAction\":[{\"@type\":\"SearchAction\",\"target\":{\"@type\":\"EntryPoint\",\"urlTemplate\":\"https:\\\/\\\/www.eldiario.net\\\/portal\\\/?s={search_term_string}\"},\"query-input\":{\"@type\":\"PropertyValueSpecification\",\"valueRequired\":true,\"valueName\":\"search_term_string\"}}],\"inLanguage\":\"es\"},{\"@type\":\"Organization\",\"@id\":\"https:\\\/\\\/www.eldiario.net\\\/portal\\\/#organization\",\"name\":\"El Diario - Decano de la prensa nacional\",\"url\":\"https:\\\/\\\/www.eldiario.net\\\/portal\\\/\",\"logo\":{\"@type\":\"ImageObject\",\"inLanguage\":\"es\",\"@id\":\"https:\\\/\\\/www.eldiario.net\\\/portal\\\/#\\\/schema\\\/logo\\\/image\\\/\",\"url\":\"https:\\\/\\\/www.eldiario.net\\\/portal\\\/wp-content\\\/uploads\\\/2023\\\/07\\\/logo_ED.jpg\",\"contentUrl\":\"https:\\\/\\\/www.eldiario.net\\\/portal\\\/wp-content\\\/uploads\\\/2023\\\/07\\\/logo_ED.jpg\",\"width\":272,\"height\":52,\"caption\":\"El Diario - Decano de la prensa nacional\"},\"image\":{\"@id\":\"https:\\\/\\\/www.eldiario.net\\\/portal\\\/#\\\/schema\\\/logo\\\/image\\\/\"},\"sameAs\":[\"https:\\\/\\\/www.facebook.com\\\/eldiario.bolivia\\\/\",\"https:\\\/\\\/x.com\\\/eldiario_net\"]},{\"@type\":\"Person\",\"@id\":\"https:\\\/\\\/www.eldiario.net\\\/portal\\\/#\\\/schema\\\/person\\\/f46445640444750d7d753ccd04ae01b7\",\"name\":\"Jeanette\",\"image\":{\"@type\":\"ImageObject\",\"inLanguage\":\"es\",\"@id\":\"https:\\\/\\\/secure.gravatar.com\\\/avatar\\\/3ea2118a5f7dad2b7138b1187a6b7ee55f160b9968b66013c3a3ef39dd7e5798?s=96&d=mm&r=g\",\"url\":\"https:\\\/\\\/secure.gravatar.com\\\/avatar\\\/3ea2118a5f7dad2b7138b1187a6b7ee55f160b9968b66013c3a3ef39dd7e5798?s=96&d=mm&r=g\",\"contentUrl\":\"https:\\\/\\\/secure.gravatar.com\\\/avatar\\\/3ea2118a5f7dad2b7138b1187a6b7ee55f160b9968b66013c3a3ef39dd7e5798?s=96&d=mm&r=g\",\"caption\":\"Jeanette\"},\"sameAs\":[\"https:\\\/\\\/www.eldiario.net\\\/portal\"],\"url\":\"https:\\\/\\\/www.eldiario.net\\\/portal\\\/author\\\/jeanette\\\/\"}]}<\/script>\n<!-- \/ Yoast SEO plugin. -->","yoast_head_json":{"title":"Organizadores de concurso \u201cEl Habla Camba\u201d destacan rescate de la identidad de Santa Cruz - El Diario - Bolivia","robots":{"index":"index","follow":"follow","max-snippet":"max-snippet:-1","max-image-preview":"max-image-preview:large","max-video-preview":"max-video-preview:-1"},"canonical":"https:\/\/www.eldiario.net\/portal\/2024\/11\/14\/organizadores-de-concurso-el-habla-camba-destacan-rescate-de-la-identidad-de-santa-cruz\/","og_locale":"es_ES","og_type":"article","og_title":"Organizadores de concurso \u201cEl Habla Camba\u201d destacan rescate de la identidad de Santa Cruz - El Diario - Bolivia","og_description":"Los organizadores del concurso \u201cEl Habla Camba\u201d destacaron su realizaci\u00f3n debido a que fue una oportunidad para rescatar los valores t\u00edpicos del departamento de Santa Cruz. En el Centro de Educaci\u00f3n Ambiental (CEA) ayer se llev\u00f3 a cabo la final del concurso intercolegial \u201cEl Habla Camba\u201d y en el mismo acto se premi\u00f3 a los [&hellip;]","og_url":"https:\/\/www.eldiario.net\/portal\/2024\/11\/14\/organizadores-de-concurso-el-habla-camba-destacan-rescate-de-la-identidad-de-santa-cruz\/","og_site_name":"El Diario - Bolivia","article_publisher":"https:\/\/www.facebook.com\/eldiario.bolivia\/","article_published_time":"2024-11-14T09:48:36+00:00","og_image":[{"width":1200,"height":800,"url":"https:\/\/www.eldiario.net\/portal\/wp-content\/uploads\/2024\/11\/UNION-FOTO.jpg","type":"image\/jpeg"}],"author":"Jeanette","twitter_card":"summary_large_image","twitter_creator":"@eldiario_net","twitter_site":"@eldiario_net","twitter_misc":{"Escrito por":"Jeanette","Tiempo de lectura":"3 minutos"},"schema":{"@context":"https:\/\/schema.org","@graph":[{"@type":"Article","@id":"https:\/\/www.eldiario.net\/portal\/2024\/11\/14\/organizadores-de-concurso-el-habla-camba-destacan-rescate-de-la-identidad-de-santa-cruz\/#article","isPartOf":{"@id":"https:\/\/www.eldiario.net\/portal\/2024\/11\/14\/organizadores-de-concurso-el-habla-camba-destacan-rescate-de-la-identidad-de-santa-cruz\/"},"author":{"name":"Jeanette","@id":"https:\/\/www.eldiario.net\/portal\/#\/schema\/person\/f46445640444750d7d753ccd04ae01b7"},"headline":"Organizadores de concurso \u201cEl Habla Camba\u201d destacan rescate de la identidad de Santa Cruz","datePublished":"2024-11-14T09:48:36+00:00","mainEntityOfPage":{"@id":"https:\/\/www.eldiario.net\/portal\/2024\/11\/14\/organizadores-de-concurso-el-habla-camba-destacan-rescate-de-la-identidad-de-santa-cruz\/"},"wordCount":685,"publisher":{"@id":"https:\/\/www.eldiario.net\/portal\/#organization"},"image":{"@id":"https:\/\/www.eldiario.net\/portal\/2024\/11\/14\/organizadores-de-concurso-el-habla-camba-destacan-rescate-de-la-identidad-de-santa-cruz\/#primaryimage"},"thumbnailUrl":"https:\/\/www.eldiario.net\/portal\/wp-content\/uploads\/2024\/11\/UNION-FOTO.jpg","articleSection":["Nacional"],"inLanguage":"es"},{"@type":"WebPage","@id":"https:\/\/www.eldiario.net\/portal\/2024\/11\/14\/organizadores-de-concurso-el-habla-camba-destacan-rescate-de-la-identidad-de-santa-cruz\/","url":"https:\/\/www.eldiario.net\/portal\/2024\/11\/14\/organizadores-de-concurso-el-habla-camba-destacan-rescate-de-la-identidad-de-santa-cruz\/","name":"Organizadores de concurso \u201cEl Habla Camba\u201d destacan rescate de la identidad de Santa Cruz - El Diario - Bolivia","isPartOf":{"@id":"https:\/\/www.eldiario.net\/portal\/#website"},"primaryImageOfPage":{"@id":"https:\/\/www.eldiario.net\/portal\/2024\/11\/14\/organizadores-de-concurso-el-habla-camba-destacan-rescate-de-la-identidad-de-santa-cruz\/#primaryimage"},"image":{"@id":"https:\/\/www.eldiario.net\/portal\/2024\/11\/14\/organizadores-de-concurso-el-habla-camba-destacan-rescate-de-la-identidad-de-santa-cruz\/#primaryimage"},"thumbnailUrl":"https:\/\/www.eldiario.net\/portal\/wp-content\/uploads\/2024\/11\/UNION-FOTO.jpg","datePublished":"2024-11-14T09:48:36+00:00","breadcrumb":{"@id":"https:\/\/www.eldiario.net\/portal\/2024\/11\/14\/organizadores-de-concurso-el-habla-camba-destacan-rescate-de-la-identidad-de-santa-cruz\/#breadcrumb"},"inLanguage":"es","potentialAction":[{"@type":"ReadAction","target":["https:\/\/www.eldiario.net\/portal\/2024\/11\/14\/organizadores-de-concurso-el-habla-camba-destacan-rescate-de-la-identidad-de-santa-cruz\/"]}]},{"@type":"ImageObject","inLanguage":"es","@id":"https:\/\/www.eldiario.net\/portal\/2024\/11\/14\/organizadores-de-concurso-el-habla-camba-destacan-rescate-de-la-identidad-de-santa-cruz\/#primaryimage","url":"https:\/\/www.eldiario.net\/portal\/wp-content\/uploads\/2024\/11\/UNION-FOTO.jpg","contentUrl":"https:\/\/www.eldiario.net\/portal\/wp-content\/uploads\/2024\/11\/UNION-FOTO.jpg","width":1200,"height":800,"caption":"ENTREGA DE PREMIOS DEL CONCURSO \u201cEL HABLA CAMBA\u201d. FOTO: GSTC"},{"@type":"BreadcrumbList","@id":"https:\/\/www.eldiario.net\/portal\/2024\/11\/14\/organizadores-de-concurso-el-habla-camba-destacan-rescate-de-la-identidad-de-santa-cruz\/#breadcrumb","itemListElement":[{"@type":"ListItem","position":1,"name":"Portada","item":"https:\/\/www.eldiario.net\/portal\/"},{"@type":"ListItem","position":2,"name":"Organizadores de concurso \u201cEl Habla Camba\u201d destacan rescate de la identidad de Santa Cruz"}]},{"@type":"WebSite","@id":"https:\/\/www.eldiario.net\/portal\/#website","url":"https:\/\/www.eldiario.net\/portal\/","name":"El Diario - Decano de la prensa nacional","description":"El Diario - Decano de la prensa nacional","publisher":{"@id":"https:\/\/www.eldiario.net\/portal\/#organization"},"potentialAction":[{"@type":"SearchAction","target":{"@type":"EntryPoint","urlTemplate":"https:\/\/www.eldiario.net\/portal\/?s={search_term_string}"},"query-input":{"@type":"PropertyValueSpecification","valueRequired":true,"valueName":"search_term_string"}}],"inLanguage":"es"},{"@type":"Organization","@id":"https:\/\/www.eldiario.net\/portal\/#organization","name":"El Diario - Decano de la prensa nacional","url":"https:\/\/www.eldiario.net\/portal\/","logo":{"@type":"ImageObject","inLanguage":"es","@id":"https:\/\/www.eldiario.net\/portal\/#\/schema\/logo\/image\/","url":"https:\/\/www.eldiario.net\/portal\/wp-content\/uploads\/2023\/07\/logo_ED.jpg","contentUrl":"https:\/\/www.eldiario.net\/portal\/wp-content\/uploads\/2023\/07\/logo_ED.jpg","width":272,"height":52,"caption":"El Diario - Decano de la prensa nacional"},"image":{"@id":"https:\/\/www.eldiario.net\/portal\/#\/schema\/logo\/image\/"},"sameAs":["https:\/\/www.facebook.com\/eldiario.bolivia\/","https:\/\/x.com\/eldiario_net"]},{"@type":"Person","@id":"https:\/\/www.eldiario.net\/portal\/#\/schema\/person\/f46445640444750d7d753ccd04ae01b7","name":"Jeanette","image":{"@type":"ImageObject","inLanguage":"es","@id":"https:\/\/secure.gravatar.com\/avatar\/3ea2118a5f7dad2b7138b1187a6b7ee55f160b9968b66013c3a3ef39dd7e5798?s=96&d=mm&r=g","url":"https:\/\/secure.gravatar.com\/avatar\/3ea2118a5f7dad2b7138b1187a6b7ee55f160b9968b66013c3a3ef39dd7e5798?s=96&d=mm&r=g","contentUrl":"https:\/\/secure.gravatar.com\/avatar\/3ea2118a5f7dad2b7138b1187a6b7ee55f160b9968b66013c3a3ef39dd7e5798?s=96&d=mm&r=g","caption":"Jeanette"},"sameAs":["https:\/\/www.eldiario.net\/portal"],"url":"https:\/\/www.eldiario.net\/portal\/author\/jeanette\/"}]}},"_links":{"self":[{"href":"https:\/\/www.eldiario.net\/portal\/wp-json\/wp\/v2\/posts\/260877","targetHints":{"allow":["GET"]}}],"collection":[{"href":"https:\/\/www.eldiario.net\/portal\/wp-json\/wp\/v2\/posts"}],"about":[{"href":"https:\/\/www.eldiario.net\/portal\/wp-json\/wp\/v2\/types\/post"}],"author":[{"embeddable":true,"href":"https:\/\/www.eldiario.net\/portal\/wp-json\/wp\/v2\/users\/1"}],"replies":[{"embeddable":true,"href":"https:\/\/www.eldiario.net\/portal\/wp-json\/wp\/v2\/comments?post=260877"}],"version-history":[{"count":1,"href":"https:\/\/www.eldiario.net\/portal\/wp-json\/wp\/v2\/posts\/260877\/revisions"}],"predecessor-version":[{"id":260879,"href":"https:\/\/www.eldiario.net\/portal\/wp-json\/wp\/v2\/posts\/260877\/revisions\/260879"}],"wp:featuredmedia":[{"embeddable":true,"href":"https:\/\/www.eldiario.net\/portal\/wp-json\/wp\/v2\/media\/260878"}],"wp:attachment":[{"href":"https:\/\/www.eldiario.net\/portal\/wp-json\/wp\/v2\/media?parent=260877"}],"wp:term":[{"taxonomy":"category","embeddable":true,"href":"https:\/\/www.eldiario.net\/portal\/wp-json\/wp\/v2\/categories?post=260877"},{"taxonomy":"post_tag","embeddable":true,"href":"https:\/\/www.eldiario.net\/portal\/wp-json\/wp\/v2\/tags?post=260877"}],"curies":[{"name":"wp","href":"https:\/\/api.w.org\/{rel}","templated":true}]}}